{"id":11485,"date":"2019-11-04T16:56:14","date_gmt":"2019-11-04T15:56:14","guid":{"rendered":"https:\/\/valenciasjb.salesianos.edu\/colegio\/?p=11485"},"modified":"2019-11-04T17:00:33","modified_gmt":"2019-11-04T16:00:33","slug":"el-teatro-del-colegio-abre-sus-puertas-tras-la-intervencion-estructural-para-adaptar-las-instalaciones-a-los-criterios-de-seguridad-actuales","status":"publish","type":"post","link":"https:\/\/valenciasjb.salesianos.edu\/colegio\/el-teatro-del-colegio-abre-sus-puertas-tras-la-intervencion-estructural-para-adaptar-las-instalaciones-a-los-criterios-de-seguridad-actuales\/","title":{"rendered":"El teatro del colegio abre sus puertas tras la intervenci\u00f3n estructural para adaptar las instalaciones a los criterios de seguridad actuales"},"content":{"rendered":"<div id=\"fb-root\"><\/div>\n<p>[et_pb_section fb_built=\u00bb1&#8243; admin_label=\u00bbsection\u00bb _builder_version=\u00bb3.22&#8243; fb_built=\u00bb1&#8243; bb_built=\u00bb1&#8243; _i=\u00bb0&#8243; _address=\u00bb0&#8243;][et_pb_row admin_label=\u00bbrow\u00bb _builder_version=\u00bb3.25&#8243; background_size=\u00bbinitial\u00bb background_position=\u00bbtop_left\u00bb background_repeat=\u00bbrepeat\u00bb _i=\u00bb0&#8243; _address=\u00bb0.0&#8243;][et_pb_column type=\u00bb4_4&#8243; _builder_version=\u00bb3.25&#8243; custom_padding=\u00bb|||\u00bb _i=\u00bb0&#8243; _address=\u00bb0.0.0&#8243; custom_padding__hover=\u00bb|||\u00bb][et_pb_text admin_label=\u00bbEntradilla (Texto)\u00bb _builder_version=\u00bb3.29.2&#8243; text_font=\u00bb|on|||\u00bb text_orientation=\u00bbjustified\u00bb module_alignment=\u00bbjustified\u00bb _i=\u00bb0&#8243; _address=\u00bb0.0.0.0&#8243;]<\/p>\n<div id=\"resumen\">\n<p>La intervenci\u00f3n estructural al teatro ha tenido lugar entre los a\u00f1os 2016 y 2019. En septiembre de 2016 comenz\u00f3 el proceso de evaluaci\u00f3n del teatro. Se form\u00f3 una mesa t\u00e9cnica con arquitectos y t\u00e9cnicos de teatro para definir los usos del teatro y establecer aquellas intervenciones para adaptar el teatro a los criterios de seguridad actuales.<\/p>\n<\/div>\n<div>\u00a0<\/div>\n<p>[\/et_pb_text][et_pb_text admin_label=\u00bbAutor (Texto)\u00bb _builder_version=\u00bb3.29.2&#8243; text_font=\u00bb||on||\u00bb _i=\u00bb1&#8243; _address=\u00bb0.0.0.1&#8243;]<\/p>\n<p>Redacci\u00f3n.<\/p>\n<p>[\/et_pb_text][et_pb_text admin_label=\u00bbDesarrollo (Texto)\u00bb _builder_version=\u00bb3.29.2&#8243; text_orientation=\u00bbjustified\u00bb module_alignment=\u00bbjustified\u00bb _i=\u00bb2&#8243; _address=\u00bb0.0.0.2&#8243;]<\/p>\n<p>\u200bSe concluyeron una serie de actuaciones teniendo como meta la seguridad: del p\u00fablico, de los operadores de escena, de los edificios, etc. La actualizaci\u00f3n del teatro a criterios de seguridad actuales ha supuesto, en una primera fase, una remodelaci\u00f3n casi integral de los elementos constructivos, decorativos y t\u00e9cnicos del patio de butacas y el descubrimiento de elementos constructivos olvidados, como las ventanas de los antiguos palcos de teatro.<\/p>\n<p>La intervenci\u00f3n se realiz\u00f3 siguiendo los criterios de seguridad local, econom\u00eda de la intervenci\u00f3n, calidad y durabilidad de los materiales. Las obras se iniciaron el 29 de julio y terminaron el 1 de noviembre de 2019. Cerca de 70 profesionales han participado en la remodelaci\u00f3n del teatro.<\/p>\n<p>En un futuro, la segunda fase supondr\u00e1 el cambio del peine de madera para mejorar la seguridad de los operadores de escena. Lo m\u00e1s importante de la intervenci\u00f3n estructural que se est\u00e1 realizando no se ve a simple vista, ya que el principal motivo de la remodelaci\u00f3n ha sido, en todo momento, la seguridad. El colegio quiere agradecer a AMPAS, en primer lugar, su ayuda econ\u00f3mica para hacer realidad este sue\u00f1o. El teatro es un espacio educativo muy utilizado por toda la comunidad educativa donde se han vivido muchos sue\u00f1os y queremos que se sigan viviendo.<\/p>\n<p>Otros agradecimientos, dise\u00f1ador e interiorista: Vicente Palau, direcci\u00f3n t\u00e9cnica: \u00d3scar Mata, empresa constructora: Garc\u00eda Pardo, electricidad y estructuras met\u00e1licas: Ib\u00e1\u00f1ez Insmann, instalaci\u00f3n audiovisual: Assisi, montajes de carpinter\u00eda: Javier Garc\u00eda Ortol\u00e1, textiles decorativos: Comersan, tapicer\u00eda: Miguel y Gabriel Mar\u00eda, personal de mantenimiento del colegio, Jos\u00e9 Miguel Segarra, Santiago Navarro, Raimon Tadeo.<\/p>\n<p>[\/et_pb_text][et_pb_text disabled_on=\u00bboff|on|on\u00bb admin_label=\u00bbT\u00edtulo: Galer\u00eda de fotos (Texto)\u00bb _builder_version=\u00bb3.27.4&#8243; text_font=\u00bb|on|||\u00bb text_text_color=\u00bb#dc001b\u00bb border_style=\u00bbsolid\u00bb _i=\u00bb3&#8243; _address=\u00bb0.0.0.3&#8243;]Galer\u00eda de im\u00e1genes<br \/>\n[\/et_pb_text][et_pb_gallery gallery_ids=\u00bb11488&#8243; posts_number=\u00bb8&#8243; show_title_and_caption=\u00bboff\u00bb zoom_icon_color=\u00bb#dc001b\u00bb hover_icon=\u00bb%%51%%\u00bb disabled_on=\u00bboff|off|off\u00bb _builder_version=\u00bb3.29.2&#8243; pagination_font_size_tablet=\u00bb51&#8243; pagination_line_height_tablet=\u00bb2&#8243; _i=\u00bb4&#8243; _address=\u00bb0.0.0.4&#8243;][\/et_pb_gallery][et_pb_video src=\u00bbhttps:\/\/www.youtube.com\/watch?v=ukIcov0KfnQ\u00bb disabled_on=\u00bboff|off|off\u00bb _builder_version=\u00bb3.29.2&#8243; hover_enabled=\u00bb0&#8243; _i=\u00bb5&#8243; _address=\u00bb0.0.0.5&#8243;][\/et_pb_video][\/et_pb_column][\/et_pb_row][\/et_pb_section]<\/p>\n<!-- AddThis Advanced Settings generic via filter on the_content --><!-- AddThis Share Buttons generic via filter on the_content -->","protected":false},"excerpt":{"rendered":"<p>La intervenci\u00f3n estructural al teatro ha tenido lugar entre los a\u00f1os 2016 y 2019. En septiembre de 2016 comenz\u00f3 el proceso de evaluaci\u00f3n del teatro. Se form\u00f3 una mesa t\u00e9cnica con arquitectos y t\u00e9cnicos de teatro para definir los usos del teatro y establecer aquellas intervenciones para adaptar el teatro a los criterios de seguridad [&hellip;]<\/p>\n<p><!-- AddThis Advanced Settings generic via filter on get_the_excerpt --><!-- AddThis Share Buttons generic via filter on get_the_excerpt --><\/p>\n","protected":false},"author":6,"featured_media":11488,"comment_status":"closed","ping_status":"open","sticky":false,"template":"","format":"standard","meta":{"_et_pb_use_builder":"on","_et_pb_old_content":"","_et_gb_content_width":"","footnotes":""},"categories":[14],"tags":[],"class_list":["post-11485","post","type-post","status-publish","format-standard","has-post-thumbnail","hentry","category-noticia_colegio"],"yoast_head":"<!-- This site is optimized with the Yoast SEO plugin v28.4 - https:\/\/yoast.com\/product\/yoast-seo-wordpress\/ -->\n<title>El teatro del colegio abre sus puertas tras la intervenci\u00f3n estructural para adaptar las instalaciones a los criterios de seguridad actuales - Colegio San Juan Bosco Valencia<\/title>\n<meta name=\"robots\" content=\"index, follow, max-snippet:-1, max-image-preview:large, max-video-preview:-1\" \/>\n<link rel=\"canonical\" href=\"https:\/\/valenciasjb.salesianos.edu\/colegio\/el-teatro-del-colegio-abre-sus-puertas-tras-la-intervencion-estructural-para-adaptar-las-instalaciones-a-los-criterios-de-seguridad-actuales\/\" \/>\n<meta property=\"og:locale\" content=\"es_ES\" \/>\n<meta property=\"og:type\" content=\"article\" \/>\n<meta property=\"og:title\" content=\"El teatro del colegio abre sus puertas tras la intervenci\u00f3n estructural para adaptar las instalaciones a los criterios de seguridad actuales - Colegio San Juan Bosco Valencia\" \/>\n<meta property=\"og:description\" content=\"La intervenci\u00f3n estructural al teatro ha tenido lugar entre los a\u00f1os 2016 y 2019. En septiembre de 2016 comenz\u00f3 el proceso de evaluaci\u00f3n del teatro. Se form\u00f3 una mesa t\u00e9cnica con arquitectos y t\u00e9cnicos de teatro para definir los usos del teatro y establecer aquellas intervenciones para adaptar el teatro a los criterios de seguridad [&hellip;]\" \/>\n<meta property=\"og:url\" content=\"https:\/\/valenciasjb.salesianos.edu\/colegio\/el-teatro-del-colegio-abre-sus-puertas-tras-la-intervencion-estructural-para-adaptar-las-instalaciones-a-los-criterios-de-seguridad-actuales\/\" \/>\n<meta property=\"og:site_name\" content=\"Colegio San Juan Bosco Valencia\" \/>\n<meta property=\"article:publisher\" content=\"https:\/\/www.facebook.com\/ColegioSalesianoSanJuanBoscoValencia\" \/>\n<meta property=\"article:published_time\" content=\"2019-11-04T15:56:14+00:00\" \/>\n<meta property=\"article:modified_time\" content=\"2019-11-04T16:00:33+00:00\" \/>\n<meta property=\"og:image\" content=\"https:\/\/valenciasjb.salesianos.edu\/colegio\/wp-content\/uploads\/sites\/2\/2019\/11\/Teatro.png\" \/>\n\t<meta property=\"og:image:width\" content=\"787\" \/>\n\t<meta property=\"og:image:height\" content=\"379\" \/>\n\t<meta property=\"og:image:type\" content=\"image\/png\" \/>\n<meta name=\"author\" content=\"veronicapastor\" \/>\n<meta name=\"twitter:card\" content=\"summary_large_image\" \/>\n<meta name=\"twitter:creator\" content=\"@SalesianosVSJB\" \/>\n<meta name=\"twitter:site\" content=\"@SalesianosVSJB\" \/>\n<meta name=\"twitter:label1\" content=\"Escrito por\" \/>\n\t<meta name=\"twitter:data1\" content=\"veronicapastor\" \/>\n\t<meta name=\"twitter:label2\" content=\"Tiempo de lectura\" \/>\n\t<meta name=\"twitter:data2\" content=\"3 minutos\" \/>\n<script type=\"application\/ld+json\" class=\"yoast-schema-graph\">{\"@context\":\"https:\\\/\\\/schema.org\",\"@graph\":[{\"@type\":\"Article\",\"@id\":\"https:\\\/\\\/valenciasjb.salesianos.edu\\\/colegio\\\/el-teatro-del-colegio-abre-sus-puertas-tras-la-intervencion-estructural-para-adaptar-las-instalaciones-a-los-criterios-de-seguridad-actuales\\\/#article\",\"isPartOf\":{\"@id\":\"https:\\\/\\\/valenciasjb.salesianos.edu\\\/colegio\\\/el-teatro-del-colegio-abre-sus-puertas-tras-la-intervencion-estructural-para-adaptar-las-instalaciones-a-los-criterios-de-seguridad-actuales\\\/\"},\"author\":{\"name\":\"veronicapastor\",\"@id\":\"https:\\\/\\\/valenciasjb.salesianos.edu\\\/colegio\\\/#\\\/schema\\\/person\\\/1f45b67e52b27da175190a574db6bed9\"},\"headline\":\"El teatro del colegio abre sus puertas tras la intervenci\u00f3n estructural para adaptar las instalaciones a los criterios de seguridad actuales\",\"datePublished\":\"2019-11-04T15:56:14+00:00\",\"dateModified\":\"2019-11-04T16:00:33+00:00\",\"mainEntityOfPage\":{\"@id\":\"https:\\\/\\\/valenciasjb.salesianos.edu\\\/colegio\\\/el-teatro-del-colegio-abre-sus-puertas-tras-la-intervencion-estructural-para-adaptar-las-instalaciones-a-los-criterios-de-seguridad-actuales\\\/\"},\"wordCount\":587,\"image\":{\"@id\":\"https:\\\/\\\/valenciasjb.salesianos.edu\\\/colegio\\\/el-teatro-del-colegio-abre-sus-puertas-tras-la-intervencion-estructural-para-adaptar-las-instalaciones-a-los-criterios-de-seguridad-actuales\\\/#primaryimage\"},\"thumbnailUrl\":\"https:\\\/\\\/valenciasjb.salesianos.edu\\\/colegio\\\/wp-content\\\/uploads\\\/sites\\\/2\\\/2019\\\/11\\\/Teatro.png\",\"articleSection\":[\"Noticia Colegio\"],\"inLanguage\":\"es\"},{\"@type\":\"WebPage\",\"@id\":\"https:\\\/\\\/valenciasjb.salesianos.edu\\\/colegio\\\/el-teatro-del-colegio-abre-sus-puertas-tras-la-intervencion-estructural-para-adaptar-las-instalaciones-a-los-criterios-de-seguridad-actuales\\\/\",\"url\":\"https:\\\/\\\/valenciasjb.salesianos.edu\\\/colegio\\\/el-teatro-del-colegio-abre-sus-puertas-tras-la-intervencion-estructural-para-adaptar-las-instalaciones-a-los-criterios-de-seguridad-actuales\\\/\",\"name\":\"El teatro del colegio abre sus puertas tras la intervenci\u00f3n estructural para adaptar las instalaciones a los criterios de seguridad actuales - Colegio San Juan Bosco Valencia\",\"isPartOf\":{\"@id\":\"https:\\\/\\\/valenciasjb.salesianos.edu\\\/colegio\\\/#website\"},\"primaryImageOfPage\":{\"@id\":\"https:\\\/\\\/valenciasjb.salesianos.edu\\\/colegio\\\/el-teatro-del-colegio-abre-sus-puertas-tras-la-intervencion-estructural-para-adaptar-las-instalaciones-a-los-criterios-de-seguridad-actuales\\\/#primaryimage\"},\"image\":{\"@id\":\"https:\\\/\\\/valenciasjb.salesianos.edu\\\/colegio\\\/el-teatro-del-colegio-abre-sus-puertas-tras-la-intervencion-estructural-para-adaptar-las-instalaciones-a-los-criterios-de-seguridad-actuales\\\/#primaryimage\"},\"thumbnailUrl\":\"https:\\\/\\\/valenciasjb.salesianos.edu\\\/colegio\\\/wp-content\\\/uploads\\\/sites\\\/2\\\/2019\\\/11\\\/Teatro.png\",\"datePublished\":\"2019-11-04T15:56:14+00:00\",\"dateModified\":\"2019-11-04T16:00:33+00:00\",\"author\":{\"@id\":\"https:\\\/\\\/valenciasjb.salesianos.edu\\\/colegio\\\/#\\\/schema\\\/person\\\/1f45b67e52b27da175190a574db6bed9\"},\"breadcrumb\":{\"@id\":\"https:\\\/\\\/valenciasjb.salesianos.edu\\\/colegio\\\/el-teatro-del-colegio-abre-sus-puertas-tras-la-intervencion-estructural-para-adaptar-las-instalaciones-a-los-criterios-de-seguridad-actuales\\\/#breadcrumb\"},\"inLanguage\":\"es\",\"potentialAction\":[{\"@type\":\"ReadAction\",\"target\":[\"https:\\\/\\\/valenciasjb.salesianos.edu\\\/colegio\\\/el-teatro-del-colegio-abre-sus-puertas-tras-la-intervencion-estructural-para-adaptar-las-instalaciones-a-los-criterios-de-seguridad-actuales\\\/\"]}]},{\"@type\":\"ImageObject\",\"inLanguage\":\"es\",\"@id\":\"https:\\\/\\\/valenciasjb.salesianos.edu\\\/colegio\\\/el-teatro-del-colegio-abre-sus-puertas-tras-la-intervencion-estructural-para-adaptar-las-instalaciones-a-los-criterios-de-seguridad-actuales\\\/#primaryimage\",\"url\":\"https:\\\/\\\/valenciasjb.salesianos.edu\\\/colegio\\\/wp-content\\\/uploads\\\/sites\\\/2\\\/2019\\\/11\\\/Teatro.png\",\"contentUrl\":\"https:\\\/\\\/valenciasjb.salesianos.edu\\\/colegio\\\/wp-content\\\/uploads\\\/sites\\\/2\\\/2019\\\/11\\\/Teatro.png\",\"width\":787,\"height\":379},{\"@type\":\"BreadcrumbList\",\"@id\":\"https:\\\/\\\/valenciasjb.salesianos.edu\\\/colegio\\\/el-teatro-del-colegio-abre-sus-puertas-tras-la-intervencion-estructural-para-adaptar-las-instalaciones-a-los-criterios-de-seguridad-actuales\\\/#breadcrumb\",\"itemListElement\":[{\"@type\":\"ListItem\",\"position\":1,\"name\":\"Portada\",\"item\":\"https:\\\/\\\/valenciasjb.salesianos.edu\\\/colegio\\\/\"},{\"@type\":\"ListItem\",\"position\":2,\"name\":\"El teatro del colegio abre sus puertas tras la intervenci\u00f3n estructural para adaptar las instalaciones a los criterios de seguridad actuales\"}]},{\"@type\":\"WebSite\",\"@id\":\"https:\\\/\\\/valenciasjb.salesianos.edu\\\/colegio\\\/#website\",\"url\":\"https:\\\/\\\/valenciasjb.salesianos.edu\\\/colegio\\\/\",\"name\":\"Colegio San Juan Bosco Valencia\",\"description\":\"P\u00e1gina oficial del Colegio Salesianos San Juan Bosco Valencia\",\"alternateName\":\"Salesianos.VSJB\",\"potentialAction\":[{\"@type\":\"SearchAction\",\"target\":{\"@type\":\"EntryPoint\",\"urlTemplate\":\"https:\\\/\\\/valenciasjb.salesianos.edu\\\/colegio\\\/?s={search_term_string}\"},\"query-input\":{\"@type\":\"PropertyValueSpecification\",\"valueRequired\":true,\"valueName\":\"search_term_string\"}}],\"inLanguage\":\"es\"},{\"@type\":\"Person\",\"@id\":\"https:\\\/\\\/valenciasjb.salesianos.edu\\\/colegio\\\/#\\\/schema\\\/person\\\/1f45b67e52b27da175190a574db6bed9\",\"name\":\"veronicapastor\",\"image\":{\"@type\":\"ImageObject\",\"inLanguage\":\"es\",\"@id\":\"https:\\\/\\\/secure.gravatar.com\\\/avatar\\\/e29bd40bace3fd935e1d6fdb7313ffc14628cc037c5e16f4c7369b20a2a6f7f0?s=96&d=mm&r=g\",\"url\":\"https:\\\/\\\/secure.gravatar.com\\\/avatar\\\/e29bd40bace3fd935e1d6fdb7313ffc14628cc037c5e16f4c7369b20a2a6f7f0?s=96&d=mm&r=g\",\"contentUrl\":\"https:\\\/\\\/secure.gravatar.com\\\/avatar\\\/e29bd40bace3fd935e1d6fdb7313ffc14628cc037c5e16f4c7369b20a2a6f7f0?s=96&d=mm&r=g\",\"caption\":\"veronicapastor\"}}]}<\/script>\n<!-- \/ Yoast SEO plugin. -->","yoast_head_json":{"title":"El teatro del colegio abre sus puertas tras la intervenci\u00f3n estructural para adaptar las instalaciones a los criterios de seguridad actuales - Colegio San Juan Bosco Valencia","robots":{"index":"index","follow":"follow","max-snippet":"max-snippet:-1","max-image-preview":"max-image-preview:large","max-video-preview":"max-video-preview:-1"},"canonical":"https:\/\/valenciasjb.salesianos.edu\/colegio\/el-teatro-del-colegio-abre-sus-puertas-tras-la-intervencion-estructural-para-adaptar-las-instalaciones-a-los-criterios-de-seguridad-actuales\/","og_locale":"es_ES","og_type":"article","og_title":"El teatro del colegio abre sus puertas tras la intervenci\u00f3n estructural para adaptar las instalaciones a los criterios de seguridad actuales - Colegio San Juan Bosco Valencia","og_description":"La intervenci\u00f3n estructural al teatro ha tenido lugar entre los a\u00f1os 2016 y 2019. En septiembre de 2016 comenz\u00f3 el proceso de evaluaci\u00f3n del teatro. Se form\u00f3 una mesa t\u00e9cnica con arquitectos y t\u00e9cnicos de teatro para definir los usos del teatro y establecer aquellas intervenciones para adaptar el teatro a los criterios de seguridad [&hellip;]","og_url":"https:\/\/valenciasjb.salesianos.edu\/colegio\/el-teatro-del-colegio-abre-sus-puertas-tras-la-intervencion-estructural-para-adaptar-las-instalaciones-a-los-criterios-de-seguridad-actuales\/","og_site_name":"Colegio San Juan Bosco Valencia","article_publisher":"https:\/\/www.facebook.com\/ColegioSalesianoSanJuanBoscoValencia","article_published_time":"2019-11-04T15:56:14+00:00","article_modified_time":"2019-11-04T16:00:33+00:00","og_image":[{"width":787,"height":379,"url":"https:\/\/valenciasjb.salesianos.edu\/colegio\/wp-content\/uploads\/sites\/2\/2019\/11\/Teatro.png","type":"image\/png"}],"author":"veronicapastor","twitter_card":"summary_large_image","twitter_creator":"@SalesianosVSJB","twitter_site":"@SalesianosVSJB","twitter_misc":{"Escrito por":"veronicapastor","Tiempo de lectura":"3 minutos"},"schema":{"@context":"https:\/\/schema.org","@graph":[{"@type":"Article","@id":"https:\/\/valenciasjb.salesianos.edu\/colegio\/el-teatro-del-colegio-abre-sus-puertas-tras-la-intervencion-estructural-para-adaptar-las-instalaciones-a-los-criterios-de-seguridad-actuales\/#article","isPartOf":{"@id":"https:\/\/valenciasjb.salesianos.edu\/colegio\/el-teatro-del-colegio-abre-sus-puertas-tras-la-intervencion-estructural-para-adaptar-las-instalaciones-a-los-criterios-de-seguridad-actuales\/"},"author":{"name":"veronicapastor","@id":"https:\/\/valenciasjb.salesianos.edu\/colegio\/#\/schema\/person\/1f45b67e52b27da175190a574db6bed9"},"headline":"El teatro del colegio abre sus puertas tras la intervenci\u00f3n estructural para adaptar las instalaciones a los criterios de seguridad actuales","datePublished":"2019-11-04T15:56:14+00:00","dateModified":"2019-11-04T16:00:33+00:00","mainEntityOfPage":{"@id":"https:\/\/valenciasjb.salesianos.edu\/colegio\/el-teatro-del-colegio-abre-sus-puertas-tras-la-intervencion-estructural-para-adaptar-las-instalaciones-a-los-criterios-de-seguridad-actuales\/"},"wordCount":587,"image":{"@id":"https:\/\/valenciasjb.salesianos.edu\/colegio\/el-teatro-del-colegio-abre-sus-puertas-tras-la-intervencion-estructural-para-adaptar-las-instalaciones-a-los-criterios-de-seguridad-actuales\/#primaryimage"},"thumbnailUrl":"https:\/\/valenciasjb.salesianos.edu\/colegio\/wp-content\/uploads\/sites\/2\/2019\/11\/Teatro.png","articleSection":["Noticia Colegio"],"inLanguage":"es"},{"@type":"WebPage","@id":"https:\/\/valenciasjb.salesianos.edu\/colegio\/el-teatro-del-colegio-abre-sus-puertas-tras-la-intervencion-estructural-para-adaptar-las-instalaciones-a-los-criterios-de-seguridad-actuales\/","url":"https:\/\/valenciasjb.salesianos.edu\/colegio\/el-teatro-del-colegio-abre-sus-puertas-tras-la-intervencion-estructural-para-adaptar-las-instalaciones-a-los-criterios-de-seguridad-actuales\/","name":"El teatro del colegio abre sus puertas tras la intervenci\u00f3n estructural para adaptar las instalaciones a los criterios de seguridad actuales - Colegio San Juan Bosco Valencia","isPartOf":{"@id":"https:\/\/valenciasjb.salesianos.edu\/colegio\/#website"},"primaryImageOfPage":{"@id":"https:\/\/valenciasjb.salesianos.edu\/colegio\/el-teatro-del-colegio-abre-sus-puertas-tras-la-intervencion-estructural-para-adaptar-las-instalaciones-a-los-criterios-de-seguridad-actuales\/#primaryimage"},"image":{"@id":"https:\/\/valenciasjb.salesianos.edu\/colegio\/el-teatro-del-colegio-abre-sus-puertas-tras-la-intervencion-estructural-para-adaptar-las-instalaciones-a-los-criterios-de-seguridad-actuales\/#primaryimage"},"thumbnailUrl":"https:\/\/valenciasjb.salesianos.edu\/colegio\/wp-content\/uploads\/sites\/2\/2019\/11\/Teatro.png","datePublished":"2019-11-04T15:56:14+00:00","dateModified":"2019-11-04T16:00:33+00:00","author":{"@id":"https:\/\/valenciasjb.salesianos.edu\/colegio\/#\/schema\/person\/1f45b67e52b27da175190a574db6bed9"},"breadcrumb":{"@id":"https:\/\/valenciasjb.salesianos.edu\/colegio\/el-teatro-del-colegio-abre-sus-puertas-tras-la-intervencion-estructural-para-adaptar-las-instalaciones-a-los-criterios-de-seguridad-actuales\/#breadcrumb"},"inLanguage":"es","potentialAction":[{"@type":"ReadAction","target":["https:\/\/valenciasjb.salesianos.edu\/colegio\/el-teatro-del-colegio-abre-sus-puertas-tras-la-intervencion-estructural-para-adaptar-las-instalaciones-a-los-criterios-de-seguridad-actuales\/"]}]},{"@type":"ImageObject","inLanguage":"es","@id":"https:\/\/valenciasjb.salesianos.edu\/colegio\/el-teatro-del-colegio-abre-sus-puertas-tras-la-intervencion-estructural-para-adaptar-las-instalaciones-a-los-criterios-de-seguridad-actuales\/#primaryimage","url":"https:\/\/valenciasjb.salesianos.edu\/colegio\/wp-content\/uploads\/sites\/2\/2019\/11\/Teatro.png","contentUrl":"https:\/\/valenciasjb.salesianos.edu\/colegio\/wp-content\/uploads\/sites\/2\/2019\/11\/Teatro.png","width":787,"height":379},{"@type":"BreadcrumbList","@id":"https:\/\/valenciasjb.salesianos.edu\/colegio\/el-teatro-del-colegio-abre-sus-puertas-tras-la-intervencion-estructural-para-adaptar-las-instalaciones-a-los-criterios-de-seguridad-actuales\/#breadcrumb","itemListElement":[{"@type":"ListItem","position":1,"name":"Portada","item":"https:\/\/valenciasjb.salesianos.edu\/colegio\/"},{"@type":"ListItem","position":2,"name":"El teatro del colegio abre sus puertas tras la intervenci\u00f3n estructural para adaptar las instalaciones a los criterios de seguridad actuales"}]},{"@type":"WebSite","@id":"https:\/\/valenciasjb.salesianos.edu\/colegio\/#website","url":"https:\/\/valenciasjb.salesianos.edu\/colegio\/","name":"Colegio San Juan Bosco Valencia","description":"P\u00e1gina oficial del Colegio Salesianos San Juan Bosco Valencia","alternateName":"Salesianos.VSJB","potentialAction":[{"@type":"SearchAction","target":{"@type":"EntryPoint","urlTemplate":"https:\/\/valenciasjb.salesianos.edu\/colegio\/?s={search_term_string}"},"query-input":{"@type":"PropertyValueSpecification","valueRequired":true,"valueName":"search_term_string"}}],"inLanguage":"es"},{"@type":"Person","@id":"https:\/\/valenciasjb.salesianos.edu\/colegio\/#\/schema\/person\/1f45b67e52b27da175190a574db6bed9","name":"veronicapastor","image":{"@type":"ImageObject","inLanguage":"es","@id":"https:\/\/secure.gravatar.com\/avatar\/e29bd40bace3fd935e1d6fdb7313ffc14628cc037c5e16f4c7369b20a2a6f7f0?s=96&d=mm&r=g","url":"https:\/\/secure.gravatar.com\/avatar\/e29bd40bace3fd935e1d6fdb7313ffc14628cc037c5e16f4c7369b20a2a6f7f0?s=96&d=mm&r=g","contentUrl":"https:\/\/secure.gravatar.com\/avatar\/e29bd40bace3fd935e1d6fdb7313ffc14628cc037c5e16f4c7369b20a2a6f7f0?s=96&d=mm&r=g","caption":"veronicapastor"}}]}},"_links":{"self":[{"href":"https:\/\/valenciasjb.salesianos.edu\/colegio\/wp-json\/wp\/v2\/posts\/11485","targetHints":{"allow":["GET"]}}],"collection":[{"href":"https:\/\/valenciasjb.salesianos.edu\/colegio\/wp-json\/wp\/v2\/posts"}],"about":[{"href":"https:\/\/valenciasjb.salesianos.edu\/colegio\/wp-json\/wp\/v2\/types\/post"}],"author":[{"embeddable":true,"href":"https:\/\/valenciasjb.salesianos.edu\/colegio\/wp-json\/wp\/v2\/users\/6"}],"replies":[{"embeddable":true,"href":"https:\/\/valenciasjb.salesianos.edu\/colegio\/wp-json\/wp\/v2\/comments?post=11485"}],"version-history":[{"count":6,"href":"https:\/\/valenciasjb.salesianos.edu\/colegio\/wp-json\/wp\/v2\/posts\/11485\/revisions"}],"predecessor-version":[{"id":11494,"href":"https:\/\/valenciasjb.salesianos.edu\/colegio\/wp-json\/wp\/v2\/posts\/11485\/revisions\/11494"}],"wp:featuredmedia":[{"embeddable":true,"href":"https:\/\/valenciasjb.salesianos.edu\/colegio\/wp-json\/wp\/v2\/media\/11488"}],"wp:attachment":[{"href":"https:\/\/valenciasjb.salesianos.edu\/colegio\/wp-json\/wp\/v2\/media?parent=11485"}],"wp:term":[{"taxonomy":"category","embeddable":true,"href":"https:\/\/valenciasjb.salesianos.edu\/colegio\/wp-json\/wp\/v2\/categories?post=11485"},{"taxonomy":"post_tag","embeddable":true,"href":"https:\/\/valenciasjb.salesianos.edu\/colegio\/wp-json\/wp\/v2\/tags?post=11485"}],"curies":[{"name":"wp","href":"https:\/\/api.w.org\/{rel}","templated":true}]}}