{"id":11549,"date":"2019-11-12T20:00:33","date_gmt":"2019-11-12T19:00:33","guid":{"rendered":"https:\/\/valenciasjb.salesianos.edu\/colegio\/?p=11549"},"modified":"2019-11-12T20:00:37","modified_gmt":"2019-11-12T19:00:37","slug":"salesianos-valencia-consigue-la-renovacion-del-certificado-500-segun-el-modelo-efqm-de-calidad","status":"publish","type":"post","link":"https:\/\/valenciasjb.salesianos.edu\/colegio\/salesianos-valencia-consigue-la-renovacion-del-certificado-500-segun-el-modelo-efqm-de-calidad\/","title":{"rendered":"Salesianos Valencia consigue la renovaci\u00f3n del certificado 500+ seg\u00fan el modelo EFQM de Calidad"},"content":{"rendered":"<div id=\"fb-root\"><\/div>\n<p>[et_pb_section fb_built=\u00bb1&#8243; admin_label=\u00bbsection\u00bb _builder_version=\u00bb3.22&#8243; fb_built=\u00bb1&#8243; bb_built=\u00bb1&#8243; _i=\u00bb0&#8243; _address=\u00bb0&#8243;][et_pb_row admin_label=\u00bbrow\u00bb _builder_version=\u00bb3.25&#8243; background_size=\u00bbinitial\u00bb background_position=\u00bbtop_left\u00bb background_repeat=\u00bbrepeat\u00bb _i=\u00bb0&#8243; _address=\u00bb0.0&#8243;][et_pb_column type=\u00bb4_4&#8243; _builder_version=\u00bb3.25&#8243; custom_padding=\u00bb|||\u00bb _i=\u00bb0&#8243; _address=\u00bb0.0.0&#8243; custom_padding__hover=\u00bb|||\u00bb][et_pb_text admin_label=\u00bbEntradilla (Texto)\u00bb _builder_version=\u00bb3.29.2&#8243; text_font=\u00bb|on|||\u00bb text_orientation=\u00bbjustified\u00bb module_alignment=\u00bbjustified\u00bb _i=\u00bb0&#8243; _address=\u00bb0.0.0.0&#8243;]<\/p>\n<p>Los colegios Salesianos San Antonio Abad y Salesianos San Juan Bosco de Valencia han conseguido la renovaci\u00f3n de su certificado de calidad 500+ seg\u00fan el modelo EFQM, otorgada por el Instituto Docente para la Excelencia e Innovaci\u00f3n (IDEI).<\/p>\n<p>[\/et_pb_text][et_pb_text admin_label=\u00bbAutor (Texto)\u00bb _builder_version=\u00bb3.27.4&#8243; text_font=\u00bb||on||\u00bb _i=\u00bb1&#8243; _address=\u00bb0.0.0.1&#8243;]Redacci\u00f3n[\/et_pb_text][et_pb_text admin_label=\u00bbDesarrollo (Texto)\u00bb _builder_version=\u00bb3.29.2&#8243; text_orientation=\u00bbjustified\u00bb module_alignment=\u00bbjustified\u00bb _i=\u00bb2&#8243; _address=\u00bb0.0.0.2&#8243;]<\/p>\n<div dir=\"auto\"><span style=\"color: #000000\">Se suma a la alegr\u00eda de ver reconocido el trabajo en pro de la mejora continua de ambos centros, el hecho de haber certificado por segunda vez de forma conjunta. La novedad este a\u00f1o ha sido la entrevista realizada con miembros del\u00a0AMPAS como uno de los grupos principales de inter\u00e9s para comprobar\u00a0de primera mano el trabajo conjunto de las familias con el colegio.\u00a0<\/span>El trabajo en red y la optimizaci\u00f3n de recursos es la idea que subyace tras esta modalidad de certificaci\u00f3n.<\/div>\n<div dir=\"auto\">\u00a0<\/div>\n<div dir=\"auto\"><span style=\"color: #000000\">El pr\u00f3ximo 22 de noviembre, en Madrid, tendr\u00e1 lugar el acto de recogida de los certificados y, previo a este, se recibir\u00e1 el informe de la evaluaci\u00f3n realizada. Hoy nos pueden adelantar que la puntuaci\u00f3n de la \u00faltima evaluaci\u00f3n se ha superado y que son muchas las mejoras implementadas.\u00a0<\/span><\/div>\n<div dir=\"auto\">\u00a0<\/div>\n<div dir=\"auto\">Tras la auditor\u00eda se destaca la ilusi\u00f3n\u00a0 porque, a pesar de que los logros ya alcanzados, son muchas las \u00e1reas en las que poder seguir creciendo y mejorando. Tal es el compromiso que se tiene desde ambos colegios con las familias de los j\u00f3venes que dejan en sus manos.<\/div>\n<div>\u00a0<\/div>\n<div><span style=\"color: #000000\">Muchas gracias por vuestro trabajo y esfuerzo diario.<\/span>\u00a0\u00a1Enhorabuena a todos y todas!\u00a0\u00a0<\/div>\n<p>[\/et_pb_text][et_pb_text disabled_on=\u00bboff|on|on\u00bb admin_label=\u00bbT\u00edtulo: Galer\u00eda de fotos (Texto)\u00bb _builder_version=\u00bb3.27.4&#8243; text_font=\u00bb|on|||\u00bb text_text_color=\u00bb#dc001b\u00bb border_style=\u00bbsolid\u00bb _i=\u00bb3&#8243; _address=\u00bb0.0.0.3&#8243;]Galer\u00eda de im\u00e1genes[\/et_pb_text][et_pb_gallery posts_number=\u00bb8&#8243; show_title_and_caption=\u00bboff\u00bb zoom_icon_color=\u00bb#dc001b\u00bb hover_icon=\u00bb%%51%%\u00bb disabled_on=\u00bboff|off|off\u00bb _builder_version=\u00bb3.29.2&#8243; hover_enabled=\u00bb0&#8243; pagination_font_size_tablet=\u00bb51&#8243; pagination_line_height_tablet=\u00bb2&#8243; _i=\u00bb4&#8243; _address=\u00bb0.0.0.4&#8243; gallery_ids=\u00bb11552,11553&#8243;][\/et_pb_gallery][et_pb_video disabled_on=\u00bbon|on|on\u00bb _builder_version=\u00bb3.0.51&#8243; disabled=\u00bbon\u00bb _i=\u00bb5&#8243; _address=\u00bb0.0.0.5&#8243;][\/et_pb_video][\/et_pb_column][\/et_pb_row][\/et_pb_section]<\/p>\n<!-- AddThis Advanced Settings generic via filter on the_content --><!-- AddThis Share Buttons generic via filter on the_content -->","protected":false},"excerpt":{"rendered":"<p>Los colegios Salesianos San Antonio Abad y Salesianos San Juan Bosco de Valencia han conseguido la renovaci\u00f3n de su certificado de calidad 500+ seg\u00fan el modelo EFQM, otorgada por el Instituto Docente para la Excelencia e Innovaci\u00f3n (IDEI).Redacci\u00f3nSe suma a la alegr\u00eda de ver reconocido el trabajo en pro de la mejora continua de ambos [&hellip;]<\/p>\n<p><!-- AddThis Advanced Settings generic via filter on get_the_excerpt --><!-- AddThis Share Buttons generic via filter on get_the_excerpt --><\/p>\n","protected":false},"author":6,"featured_media":11553,"comment_status":"closed","ping_status":"open","sticky":false,"template":"","format":"standard","meta":{"_et_pb_use_builder":"on","_et_pb_old_content":"","_et_gb_content_width":"","footnotes":""},"categories":[14],"tags":[],"class_list":["post-11549","post","type-post","status-publish","format-standard","has-post-thumbnail","hentry","category-noticia_colegio"],"yoast_head":"<!-- This site is optimized with the Yoast SEO plugin v28.4 - https:\/\/yoast.com\/product\/yoast-seo-wordpress\/ -->\n<title>Salesianos Valencia consigue la renovaci\u00f3n del certificado 500+ seg\u00fan el modelo EFQM de Calidad - Colegio San Juan Bosco Valencia<\/title>\n<meta name=\"robots\" content=\"index, follow, max-snippet:-1, max-image-preview:large, max-video-preview:-1\" \/>\n<link rel=\"canonical\" href=\"https:\/\/valenciasjb.salesianos.edu\/colegio\/salesianos-valencia-consigue-la-renovacion-del-certificado-500-segun-el-modelo-efqm-de-calidad\/\" \/>\n<meta property=\"og:locale\" content=\"es_ES\" \/>\n<meta property=\"og:type\" content=\"article\" \/>\n<meta property=\"og:title\" content=\"Salesianos Valencia consigue la renovaci\u00f3n del certificado 500+ seg\u00fan el modelo EFQM de Calidad - Colegio San Juan Bosco Valencia\" \/>\n<meta property=\"og:description\" content=\"Los colegios Salesianos San Antonio Abad y Salesianos San Juan Bosco de Valencia han conseguido la renovaci\u00f3n de su certificado de calidad 500+ seg\u00fan el modelo EFQM, otorgada por el Instituto Docente para la Excelencia e Innovaci\u00f3n (IDEI).Redacci\u00f3nSe suma a la alegr\u00eda de ver reconocido el trabajo en pro de la mejora continua de ambos [&hellip;]\" \/>\n<meta property=\"og:url\" content=\"https:\/\/valenciasjb.salesianos.edu\/colegio\/salesianos-valencia-consigue-la-renovacion-del-certificado-500-segun-el-modelo-efqm-de-calidad\/\" \/>\n<meta property=\"og:site_name\" content=\"Colegio San Juan Bosco Valencia\" \/>\n<meta property=\"article:publisher\" content=\"https:\/\/www.facebook.com\/ColegioSalesianoSanJuanBoscoValencia\" \/>\n<meta property=\"article:published_time\" content=\"2019-11-12T19:00:33+00:00\" \/>\n<meta property=\"article:modified_time\" content=\"2019-11-12T19:00:37+00:00\" \/>\n<meta property=\"og:image\" content=\"https:\/\/valenciasjb.salesianos.edu\/colegio\/wp-content\/uploads\/sites\/2\/2019\/11\/75429684_2644112185611970_1672255360762642432_o.jpg\" \/>\n\t<meta property=\"og:image:width\" content=\"1440\" \/>\n\t<meta property=\"og:image:height\" content=\"1080\" \/>\n\t<meta property=\"og:image:type\" content=\"image\/jpeg\" \/>\n<meta name=\"author\" content=\"veronicapastor\" \/>\n<meta name=\"twitter:card\" content=\"summary_large_image\" \/>\n<meta name=\"twitter:creator\" content=\"@SalesianosVSJB\" \/>\n<meta name=\"twitter:site\" content=\"@SalesianosVSJB\" \/>\n<meta name=\"twitter:label1\" content=\"Escrito por\" \/>\n\t<meta name=\"twitter:data1\" content=\"veronicapastor\" \/>\n\t<meta name=\"twitter:label2\" content=\"Tiempo de lectura\" \/>\n\t<meta name=\"twitter:data2\" content=\"2 minutos\" \/>\n<script type=\"application\/ld+json\" class=\"yoast-schema-graph\">{\"@context\":\"https:\\\/\\\/schema.org\",\"@graph\":[{\"@type\":\"Article\",\"@id\":\"https:\\\/\\\/valenciasjb.salesianos.edu\\\/colegio\\\/salesianos-valencia-consigue-la-renovacion-del-certificado-500-segun-el-modelo-efqm-de-calidad\\\/#article\",\"isPartOf\":{\"@id\":\"https:\\\/\\\/valenciasjb.salesianos.edu\\\/colegio\\\/salesianos-valencia-consigue-la-renovacion-del-certificado-500-segun-el-modelo-efqm-de-calidad\\\/\"},\"author\":{\"name\":\"veronicapastor\",\"@id\":\"https:\\\/\\\/valenciasjb.salesianos.edu\\\/colegio\\\/#\\\/schema\\\/person\\\/1f45b67e52b27da175190a574db6bed9\"},\"headline\":\"Salesianos Valencia consigue la renovaci\u00f3n del certificado 500+ seg\u00fan el modelo EFQM de Calidad\",\"datePublished\":\"2019-11-12T19:00:33+00:00\",\"dateModified\":\"2019-11-12T19:00:37+00:00\",\"mainEntityOfPage\":{\"@id\":\"https:\\\/\\\/valenciasjb.salesianos.edu\\\/colegio\\\/salesianos-valencia-consigue-la-renovacion-del-certificado-500-segun-el-modelo-efqm-de-calidad\\\/\"},\"wordCount\":479,\"image\":{\"@id\":\"https:\\\/\\\/valenciasjb.salesianos.edu\\\/colegio\\\/salesianos-valencia-consigue-la-renovacion-del-certificado-500-segun-el-modelo-efqm-de-calidad\\\/#primaryimage\"},\"thumbnailUrl\":\"https:\\\/\\\/valenciasjb.salesianos.edu\\\/colegio\\\/wp-content\\\/uploads\\\/sites\\\/2\\\/2019\\\/11\\\/75429684_2644112185611970_1672255360762642432_o.jpg\",\"articleSection\":[\"Noticia Colegio\"],\"inLanguage\":\"es\"},{\"@type\":\"WebPage\",\"@id\":\"https:\\\/\\\/valenciasjb.salesianos.edu\\\/colegio\\\/salesianos-valencia-consigue-la-renovacion-del-certificado-500-segun-el-modelo-efqm-de-calidad\\\/\",\"url\":\"https:\\\/\\\/valenciasjb.salesianos.edu\\\/colegio\\\/salesianos-valencia-consigue-la-renovacion-del-certificado-500-segun-el-modelo-efqm-de-calidad\\\/\",\"name\":\"Salesianos Valencia consigue la renovaci\u00f3n del certificado 500+ seg\u00fan el modelo EFQM de Calidad - Colegio San Juan Bosco Valencia\",\"isPartOf\":{\"@id\":\"https:\\\/\\\/valenciasjb.salesianos.edu\\\/colegio\\\/#website\"},\"primaryImageOfPage\":{\"@id\":\"https:\\\/\\\/valenciasjb.salesianos.edu\\\/colegio\\\/salesianos-valencia-consigue-la-renovacion-del-certificado-500-segun-el-modelo-efqm-de-calidad\\\/#primaryimage\"},\"image\":{\"@id\":\"https:\\\/\\\/valenciasjb.salesianos.edu\\\/colegio\\\/salesianos-valencia-consigue-la-renovacion-del-certificado-500-segun-el-modelo-efqm-de-calidad\\\/#primaryimage\"},\"thumbnailUrl\":\"https:\\\/\\\/valenciasjb.salesianos.edu\\\/colegio\\\/wp-content\\\/uploads\\\/sites\\\/2\\\/2019\\\/11\\\/75429684_2644112185611970_1672255360762642432_o.jpg\",\"datePublished\":\"2019-11-12T19:00:33+00:00\",\"dateModified\":\"2019-11-12T19:00:37+00:00\",\"author\":{\"@id\":\"https:\\\/\\\/valenciasjb.salesianos.edu\\\/colegio\\\/#\\\/schema\\\/person\\\/1f45b67e52b27da175190a574db6bed9\"},\"breadcrumb\":{\"@id\":\"https:\\\/\\\/valenciasjb.salesianos.edu\\\/colegio\\\/salesianos-valencia-consigue-la-renovacion-del-certificado-500-segun-el-modelo-efqm-de-calidad\\\/#breadcrumb\"},\"inLanguage\":\"es\",\"potentialAction\":[{\"@type\":\"ReadAction\",\"target\":[\"https:\\\/\\\/valenciasjb.salesianos.edu\\\/colegio\\\/salesianos-valencia-consigue-la-renovacion-del-certificado-500-segun-el-modelo-efqm-de-calidad\\\/\"]}]},{\"@type\":\"ImageObject\",\"inLanguage\":\"es\",\"@id\":\"https:\\\/\\\/valenciasjb.salesianos.edu\\\/colegio\\\/salesianos-valencia-consigue-la-renovacion-del-certificado-500-segun-el-modelo-efqm-de-calidad\\\/#primaryimage\",\"url\":\"https:\\\/\\\/valenciasjb.salesianos.edu\\\/colegio\\\/wp-content\\\/uploads\\\/sites\\\/2\\\/2019\\\/11\\\/75429684_2644112185611970_1672255360762642432_o.jpg\",\"contentUrl\":\"https:\\\/\\\/valenciasjb.salesianos.edu\\\/colegio\\\/wp-content\\\/uploads\\\/sites\\\/2\\\/2019\\\/11\\\/75429684_2644112185611970_1672255360762642432_o.jpg\",\"width\":1440,\"height\":1080},{\"@type\":\"BreadcrumbList\",\"@id\":\"https:\\\/\\\/valenciasjb.salesianos.edu\\\/colegio\\\/salesianos-valencia-consigue-la-renovacion-del-certificado-500-segun-el-modelo-efqm-de-calidad\\\/#breadcrumb\",\"itemListElement\":[{\"@type\":\"ListItem\",\"position\":1,\"name\":\"Portada\",\"item\":\"https:\\\/\\\/valenciasjb.salesianos.edu\\\/colegio\\\/\"},{\"@type\":\"ListItem\",\"position\":2,\"name\":\"Salesianos Valencia consigue la renovaci\u00f3n del certificado 500+ seg\u00fan el modelo EFQM de Calidad\"}]},{\"@type\":\"WebSite\",\"@id\":\"https:\\\/\\\/valenciasjb.salesianos.edu\\\/colegio\\\/#website\",\"url\":\"https:\\\/\\\/valenciasjb.salesianos.edu\\\/colegio\\\/\",\"name\":\"Colegio San Juan Bosco Valencia\",\"description\":\"P\u00e1gina oficial del Colegio Salesianos San Juan Bosco Valencia\",\"alternateName\":\"Salesianos.VSJB\",\"potentialAction\":[{\"@type\":\"SearchAction\",\"target\":{\"@type\":\"EntryPoint\",\"urlTemplate\":\"https:\\\/\\\/valenciasjb.salesianos.edu\\\/colegio\\\/?s={search_term_string}\"},\"query-input\":{\"@type\":\"PropertyValueSpecification\",\"valueRequired\":true,\"valueName\":\"search_term_string\"}}],\"inLanguage\":\"es\"},{\"@type\":\"Person\",\"@id\":\"https:\\\/\\\/valenciasjb.salesianos.edu\\\/colegio\\\/#\\\/schema\\\/person\\\/1f45b67e52b27da175190a574db6bed9\",\"name\":\"veronicapastor\",\"image\":{\"@type\":\"ImageObject\",\"inLanguage\":\"es\",\"@id\":\"https:\\\/\\\/secure.gravatar.com\\\/avatar\\\/e29bd40bace3fd935e1d6fdb7313ffc14628cc037c5e16f4c7369b20a2a6f7f0?s=96&d=mm&r=g\",\"url\":\"https:\\\/\\\/secure.gravatar.com\\\/avatar\\\/e29bd40bace3fd935e1d6fdb7313ffc14628cc037c5e16f4c7369b20a2a6f7f0?s=96&d=mm&r=g\",\"contentUrl\":\"https:\\\/\\\/secure.gravatar.com\\\/avatar\\\/e29bd40bace3fd935e1d6fdb7313ffc14628cc037c5e16f4c7369b20a2a6f7f0?s=96&d=mm&r=g\",\"caption\":\"veronicapastor\"}}]}<\/script>\n<!-- \/ Yoast SEO plugin. -->","yoast_head_json":{"title":"Salesianos Valencia consigue la renovaci\u00f3n del certificado 500+ seg\u00fan el modelo EFQM de Calidad - Colegio San Juan Bosco Valencia","robots":{"index":"index","follow":"follow","max-snippet":"max-snippet:-1","max-image-preview":"max-image-preview:large","max-video-preview":"max-video-preview:-1"},"canonical":"https:\/\/valenciasjb.salesianos.edu\/colegio\/salesianos-valencia-consigue-la-renovacion-del-certificado-500-segun-el-modelo-efqm-de-calidad\/","og_locale":"es_ES","og_type":"article","og_title":"Salesianos Valencia consigue la renovaci\u00f3n del certificado 500+ seg\u00fan el modelo EFQM de Calidad - Colegio San Juan Bosco Valencia","og_description":"Los colegios Salesianos San Antonio Abad y Salesianos San Juan Bosco de Valencia han conseguido la renovaci\u00f3n de su certificado de calidad 500+ seg\u00fan el modelo EFQM, otorgada por el Instituto Docente para la Excelencia e Innovaci\u00f3n (IDEI).Redacci\u00f3nSe suma a la alegr\u00eda de ver reconocido el trabajo en pro de la mejora continua de ambos [&hellip;]","og_url":"https:\/\/valenciasjb.salesianos.edu\/colegio\/salesianos-valencia-consigue-la-renovacion-del-certificado-500-segun-el-modelo-efqm-de-calidad\/","og_site_name":"Colegio San Juan Bosco Valencia","article_publisher":"https:\/\/www.facebook.com\/ColegioSalesianoSanJuanBoscoValencia","article_published_time":"2019-11-12T19:00:33+00:00","article_modified_time":"2019-11-12T19:00:37+00:00","og_image":[{"width":1440,"height":1080,"url":"https:\/\/valenciasjb.salesianos.edu\/colegio\/wp-content\/uploads\/sites\/2\/2019\/11\/75429684_2644112185611970_1672255360762642432_o.jpg","type":"image\/jpeg"}],"author":"veronicapastor","twitter_card":"summary_large_image","twitter_creator":"@SalesianosVSJB","twitter_site":"@SalesianosVSJB","twitter_misc":{"Escrito por":"veronicapastor","Tiempo de lectura":"2 minutos"},"schema":{"@context":"https:\/\/schema.org","@graph":[{"@type":"Article","@id":"https:\/\/valenciasjb.salesianos.edu\/colegio\/salesianos-valencia-consigue-la-renovacion-del-certificado-500-segun-el-modelo-efqm-de-calidad\/#article","isPartOf":{"@id":"https:\/\/valenciasjb.salesianos.edu\/colegio\/salesianos-valencia-consigue-la-renovacion-del-certificado-500-segun-el-modelo-efqm-de-calidad\/"},"author":{"name":"veronicapastor","@id":"https:\/\/valenciasjb.salesianos.edu\/colegio\/#\/schema\/person\/1f45b67e52b27da175190a574db6bed9"},"headline":"Salesianos Valencia consigue la renovaci\u00f3n del certificado 500+ seg\u00fan el modelo EFQM de Calidad","datePublished":"2019-11-12T19:00:33+00:00","dateModified":"2019-11-12T19:00:37+00:00","mainEntityOfPage":{"@id":"https:\/\/valenciasjb.salesianos.edu\/colegio\/salesianos-valencia-consigue-la-renovacion-del-certificado-500-segun-el-modelo-efqm-de-calidad\/"},"wordCount":479,"image":{"@id":"https:\/\/valenciasjb.salesianos.edu\/colegio\/salesianos-valencia-consigue-la-renovacion-del-certificado-500-segun-el-modelo-efqm-de-calidad\/#primaryimage"},"thumbnailUrl":"https:\/\/valenciasjb.salesianos.edu\/colegio\/wp-content\/uploads\/sites\/2\/2019\/11\/75429684_2644112185611970_1672255360762642432_o.jpg","articleSection":["Noticia Colegio"],"inLanguage":"es"},{"@type":"WebPage","@id":"https:\/\/valenciasjb.salesianos.edu\/colegio\/salesianos-valencia-consigue-la-renovacion-del-certificado-500-segun-el-modelo-efqm-de-calidad\/","url":"https:\/\/valenciasjb.salesianos.edu\/colegio\/salesianos-valencia-consigue-la-renovacion-del-certificado-500-segun-el-modelo-efqm-de-calidad\/","name":"Salesianos Valencia consigue la renovaci\u00f3n del certificado 500+ seg\u00fan el modelo EFQM de Calidad - Colegio San Juan Bosco Valencia","isPartOf":{"@id":"https:\/\/valenciasjb.salesianos.edu\/colegio\/#website"},"primaryImageOfPage":{"@id":"https:\/\/valenciasjb.salesianos.edu\/colegio\/salesianos-valencia-consigue-la-renovacion-del-certificado-500-segun-el-modelo-efqm-de-calidad\/#primaryimage"},"image":{"@id":"https:\/\/valenciasjb.salesianos.edu\/colegio\/salesianos-valencia-consigue-la-renovacion-del-certificado-500-segun-el-modelo-efqm-de-calidad\/#primaryimage"},"thumbnailUrl":"https:\/\/valenciasjb.salesianos.edu\/colegio\/wp-content\/uploads\/sites\/2\/2019\/11\/75429684_2644112185611970_1672255360762642432_o.jpg","datePublished":"2019-11-12T19:00:33+00:00","dateModified":"2019-11-12T19:00:37+00:00","author":{"@id":"https:\/\/valenciasjb.salesianos.edu\/colegio\/#\/schema\/person\/1f45b67e52b27da175190a574db6bed9"},"breadcrumb":{"@id":"https:\/\/valenciasjb.salesianos.edu\/colegio\/salesianos-valencia-consigue-la-renovacion-del-certificado-500-segun-el-modelo-efqm-de-calidad\/#breadcrumb"},"inLanguage":"es","potentialAction":[{"@type":"ReadAction","target":["https:\/\/valenciasjb.salesianos.edu\/colegio\/salesianos-valencia-consigue-la-renovacion-del-certificado-500-segun-el-modelo-efqm-de-calidad\/"]}]},{"@type":"ImageObject","inLanguage":"es","@id":"https:\/\/valenciasjb.salesianos.edu\/colegio\/salesianos-valencia-consigue-la-renovacion-del-certificado-500-segun-el-modelo-efqm-de-calidad\/#primaryimage","url":"https:\/\/valenciasjb.salesianos.edu\/colegio\/wp-content\/uploads\/sites\/2\/2019\/11\/75429684_2644112185611970_1672255360762642432_o.jpg","contentUrl":"https:\/\/valenciasjb.salesianos.edu\/colegio\/wp-content\/uploads\/sites\/2\/2019\/11\/75429684_2644112185611970_1672255360762642432_o.jpg","width":1440,"height":1080},{"@type":"BreadcrumbList","@id":"https:\/\/valenciasjb.salesianos.edu\/colegio\/salesianos-valencia-consigue-la-renovacion-del-certificado-500-segun-el-modelo-efqm-de-calidad\/#breadcrumb","itemListElement":[{"@type":"ListItem","position":1,"name":"Portada","item":"https:\/\/valenciasjb.salesianos.edu\/colegio\/"},{"@type":"ListItem","position":2,"name":"Salesianos Valencia consigue la renovaci\u00f3n del certificado 500+ seg\u00fan el modelo EFQM de Calidad"}]},{"@type":"WebSite","@id":"https:\/\/valenciasjb.salesianos.edu\/colegio\/#website","url":"https:\/\/valenciasjb.salesianos.edu\/colegio\/","name":"Colegio San Juan Bosco Valencia","description":"P\u00e1gina oficial del Colegio Salesianos San Juan Bosco Valencia","alternateName":"Salesianos.VSJB","potentialAction":[{"@type":"SearchAction","target":{"@type":"EntryPoint","urlTemplate":"https:\/\/valenciasjb.salesianos.edu\/colegio\/?s={search_term_string}"},"query-input":{"@type":"PropertyValueSpecification","valueRequired":true,"valueName":"search_term_string"}}],"inLanguage":"es"},{"@type":"Person","@id":"https:\/\/valenciasjb.salesianos.edu\/colegio\/#\/schema\/person\/1f45b67e52b27da175190a574db6bed9","name":"veronicapastor","image":{"@type":"ImageObject","inLanguage":"es","@id":"https:\/\/secure.gravatar.com\/avatar\/e29bd40bace3fd935e1d6fdb7313ffc14628cc037c5e16f4c7369b20a2a6f7f0?s=96&d=mm&r=g","url":"https:\/\/secure.gravatar.com\/avatar\/e29bd40bace3fd935e1d6fdb7313ffc14628cc037c5e16f4c7369b20a2a6f7f0?s=96&d=mm&r=g","contentUrl":"https:\/\/secure.gravatar.com\/avatar\/e29bd40bace3fd935e1d6fdb7313ffc14628cc037c5e16f4c7369b20a2a6f7f0?s=96&d=mm&r=g","caption":"veronicapastor"}}]}},"_links":{"self":[{"href":"https:\/\/valenciasjb.salesianos.edu\/colegio\/wp-json\/wp\/v2\/posts\/11549","targetHints":{"allow":["GET"]}}],"collection":[{"href":"https:\/\/valenciasjb.salesianos.edu\/colegio\/wp-json\/wp\/v2\/posts"}],"about":[{"href":"https:\/\/valenciasjb.salesianos.edu\/colegio\/wp-json\/wp\/v2\/types\/post"}],"author":[{"embeddable":true,"href":"https:\/\/valenciasjb.salesianos.edu\/colegio\/wp-json\/wp\/v2\/users\/6"}],"replies":[{"embeddable":true,"href":"https:\/\/valenciasjb.salesianos.edu\/colegio\/wp-json\/wp\/v2\/comments?post=11549"}],"version-history":[{"count":2,"href":"https:\/\/valenciasjb.salesianos.edu\/colegio\/wp-json\/wp\/v2\/posts\/11549\/revisions"}],"predecessor-version":[{"id":11554,"href":"https:\/\/valenciasjb.salesianos.edu\/colegio\/wp-json\/wp\/v2\/posts\/11549\/revisions\/11554"}],"wp:featuredmedia":[{"embeddable":true,"href":"https:\/\/valenciasjb.salesianos.edu\/colegio\/wp-json\/wp\/v2\/media\/11553"}],"wp:attachment":[{"href":"https:\/\/valenciasjb.salesianos.edu\/colegio\/wp-json\/wp\/v2\/media?parent=11549"}],"wp:term":[{"taxonomy":"category","embeddable":true,"href":"https:\/\/valenciasjb.salesianos.edu\/colegio\/wp-json\/wp\/v2\/categories?post=11549"},{"taxonomy":"post_tag","embeddable":true,"href":"https:\/\/valenciasjb.salesianos.edu\/colegio\/wp-json\/wp\/v2\/tags?post=11549"}],"curies":[{"name":"wp","href":"https:\/\/api.w.org\/{rel}","templated":true}]}}