{"id":11559,"date":"2019-11-14T13:34:11","date_gmt":"2019-11-14T12:34:11","guid":{"rendered":"https:\/\/valenciasjb.salesianos.edu\/colegio\/?p=11559"},"modified":"2019-11-14T13:34:15","modified_gmt":"2019-11-14T12:34:15","slug":"federico-mayor-zaragoza-impartira-en-el-colegio-salesiano-san-juan-bosco-de-valencia-una-conferencia-sobre-el-que-y-el-como-de-la-educacion-en-el-contexto-de-la-globalizacion","status":"publish","type":"post","link":"https:\/\/valenciasjb.salesianos.edu\/colegio\/federico-mayor-zaragoza-impartira-en-el-colegio-salesiano-san-juan-bosco-de-valencia-una-conferencia-sobre-el-que-y-el-como-de-la-educacion-en-el-contexto-de-la-globalizacion\/","title":{"rendered":"Federico Mayor Zaragoza impartir\u00e1 en el Colegio Salesiano San Juan Bosco de Valencia una conferencia sobre el qu\u00e9 y el c\u00f3mo de la educaci\u00f3n en el contexto de la globalizaci\u00f3n"},"content":{"rendered":"<div id=\"fb-root\"><\/div>\n<p>[et_pb_section fb_built=\u00bb1&#8243; admin_label=\u00bbsection\u00bb _builder_version=\u00bb3.22&#8243; bb_built=\u00bb1&#8243; _i=\u00bb0&#8243; _address=\u00bb0&#8243;][et_pb_row admin_label=\u00bbrow\u00bb _builder_version=\u00bb3.25&#8243; background_size=\u00bbinitial\u00bb background_position=\u00bbtop_left\u00bb background_repeat=\u00bbrepeat\u00bb _i=\u00bb0&#8243; _address=\u00bb0.0&#8243;][et_pb_column type=\u00bb4_4&#8243; _builder_version=\u00bb3.25&#8243; custom_padding=\u00bb|||\u00bb _i=\u00bb0&#8243; _address=\u00bb0.0.0&#8243; custom_padding__hover=\u00bb|||\u00bb][et_pb_text admin_label=\u00bbEntradilla (Texto)\u00bb _builder_version=\u00bb3.29.2&#8243; text_font=\u00bb|on|||\u00bb text_orientation=\u00bbjustified\u00bb module_alignment=\u00bbjustified\u00bb hover_enabled=\u00bb0&#8243; _i=\u00bb0&#8243; _address=\u00bb0.0.0.0&#8243;]<\/p>\n<div id=\"resumen\">\n<p class=\"western\" align=\"justify\"><span style=\"font-size: medium\"><b>El pr\u00f3ximo lunes d\u00eda 18 de noviembre, a las 17.30 horas, Federico Mayor Zaragoza <\/b><\/span><span style=\"font-size: medium\"><b>impartir\u00e1 una conferencia en el Colegio Salesiano San Juan Bosco de Valencia, bajo el t\u00edtulo: <\/b><\/span><span style=\"font-family: Arial, serif\"><span style=\"font-size: small\"><i><b>Apremiante participaci\u00f3n de \u201cnosotros, los pueblos\u201d<\/b><\/i><\/span><\/span><span style=\"font-family: Arial, serif\"><span style=\"font-size: small\"><b>. En ella<\/b><\/span><\/span><b> <\/b><span style=\"font-size: medium\"><b>abordar\u00e1 algunas claves para poder caminar hacia una ciudadan\u00eda global activa capaz de alcanzar la praxis del cambio social, cr\u00edtica y participativa, dentro del contexto social, pol\u00edtico y educativo actual.<\/b><\/span><\/p>\n<\/div>\n<div>\u00a0<\/div>\n<p>[\/et_pb_text][et_pb_text admin_label=\u00bbAutor (Texto)\u00bb _builder_version=\u00bb3.27.4&#8243; text_font=\u00bb||on||\u00bb _i=\u00bb1&#8243; _address=\u00bb0.0.0.1&#8243;]Redacci\u00f3n<br \/>\n[\/et_pb_text][et_pb_text admin_label=\u00bbDesarrollo (Texto)\u00bb _builder_version=\u00bb3.29.2&#8243; text_orientation=\u00bbjustified\u00bb module_alignment=\u00bbjustified\u00bb hover_enabled=\u00bb0&#8243; _i=\u00bb2&#8243; _address=\u00bb0.0.0.2&#8243;]<\/p>\n<p>\u200b<span style=\"font-family: Calibri, serif\"><span style=\"font-size: medium\">Con esta conferencia, que se enmarca dentro del proyecto de centro AULA-MUNDO, el Colegio Salesiano San Juan Bosco de Valencia quiere seguir dando pasos cada vez m\u00e1s profundos en el apasionante paradigma de la Educaci\u00f3n para la Transformaci\u00f3n Social. Para caminar es necesario escuchar las voces de los expertos y expertas que nos ayudan a reflexionar y cuestionar el QU\u00c9 y el C\u00d3MO de la educaci\u00f3n, dentro del contexto de la Globalizaci\u00f3n. Y qu\u00e9 mejor voz, qu\u00e9 mejor relato de lo que acontece, qu\u00e9 mejor an\u00e1lisis y reflexi\u00f3n que la de Federico.<\/span><\/span><\/p>\n<p align=\"justify\"><span style=\"font-family: Calibri, serif\"><span style=\"font-size: medium\">Federico llegar\u00e1 al centro a las 16.45 horas y realizar\u00e1, en una primera intervenci\u00f3n, una reflexi\u00f3n a partir de las 17 horas con alumnado de Bachillerato. Posteriormente, a las 17.30 horas realizar\u00e1 su comunicaci\u00f3n <\/span><\/span><span style=\"font-family: Calibri, serif\"><span style=\"font-size: medium\"><i>Apremiante participaci\u00f3n de \u201cnosotros, los pueblos\u201d<\/i><\/span><\/span><span style=\"font-family: Calibri, serif\"><span style=\"font-size: medium\">, para docentes y PAS. <\/span><\/span><\/p>\n<p align=\"justify\"><span style=\"font-family: Calibri, serif\"><span style=\"font-size: medium\">Federico Mayor Zaragoza es catedr\u00e1tico de bioqu\u00edmica, poeta, pol\u00edtico y alto funcionario internacional espa\u00f1ol. Fue director general de la UNESCO entre 1987 y 1999, Ministro de Educaci\u00f3n y Ciencia y Diputado del Parlamento europeo. En 2005 fue designado Co-Presidente del Grupo de Alto Nivel para la Alianza de Civilizaciones. Presidente de \u201cInitiative for Science in Europe\u201d (ISE) en enero de 2007. Entre otras actividades de cooperaci\u00f3n nacional e internacional, destaca la creaci\u00f3n, en la Universidad Polit\u00e9cnica de Catalu\u00f1a, del Foro Mundial de la Sociedad Civil, \u00abUBUNTU\u00bb, una Red de Redes para aunar comunicados, posicionamientos y propuestas, que desde 2001 concentra buena parte de su dedicaci\u00f3n a la Reforma de las Instituciones Internacionales. Desde el a\u00f1o 2000 preside la Fundaci\u00f3n Cultura de Paz. Es presidente tambi\u00e9n del Consejo Cient\u00edfico de la Fundaci\u00f3n Ram\u00f3n Areces desde 1993. Y preside la Comisi\u00f3n Internacional contra la pena de muerte.<\/span><\/span><\/p>\n<p align=\"justify\"><span style=\"font-family: Calibri, serif\"><span style=\"font-size: medium\">Una iniciativa para continuar avanzando en favor de la justicia social desde la educaci\u00f3n. Para que las aulas sean espacios transformadores.<\/span><\/span><\/p>\n<p align=\"justify\"><span style=\"font-family: Calibri, serif\"><span style=\"font-size: medium\">El proyecto AULA-MUNDO del Colegio Salesiano San Juan Bosco de Valencia ha recibido diversos premios y reconocimientos:<\/span><\/span><\/p>\n<p align=\"justify\"><span style=\"font-family: Calibri, serif\"><span style=\"font-size: medium\">&#8211; AULA-MUNDO fue finalista auton\u00f3mico a los premios Acci\u00f3n Magistral:<\/span><\/span><\/p>\n<p align=\"justify\"><span style=\"color: #800000\"><span lang=\"zxx\"><u><a href=\"https:\/\/valenciasjb.salesianos.edu\/colegio\/el-colegio-finalista-autonomico-a-los-premios-accion-magistral-por-el-proyecto-de-centro-aula-mundo\/\"><span style=\"font-family: Calibri, serif\"><span style=\"font-size: medium\">https:\/\/valenciasjb.salesianos.edu\/colegio\/el-colegio-finalista-autonomico-a-los-premios-accion-magistral-por-el-proyecto-de-centro-aula-mundo\/<\/span><\/span><\/a><\/u><\/span><\/span><\/p>\n<p align=\"justify\"><span style=\"font-family: Calibri, serif\"><span style=\"font-size: medium\">&#8211; Recibi\u00f3 la subvenci\u00f3n de la Conselleria de Educaci\u00f3n, Investigaci\u00f3n, Cultura y Deporte como centro que promueve acciones, programas y materiales de educaci\u00f3n innovadores para una educaci\u00f3n intercultural y en valores: <\/span><\/span><span style=\"color: #800000\"><span lang=\"zxx\"><u><a href=\"https:\/\/valenciasjb.salesianos.edu\/colegio\/el-colegio-recibe-la-subvencion-de-la-conselleria-de-educacion-investigacion-cultura-y-deporte-como-centro-que-promueve-acciones-programas-y-materiales-de-educacion-innovadores-para-una-educacion-i\/\"><span style=\"font-family: Calibri, serif\"><span style=\"font-size: medium\">https:\/\/valenciasjb.salesianos.edu\/colegio\/el-colegio-recibe-la-subvencion-de-la-conselleria-de-educacion-investigacion-cultura-y-deporte-como-centro-que-promueve-acciones-programas-y-materiales-de-educacion-innovadores-para-una-educacion-i\/<\/span><\/span><\/a><\/u><\/span><\/span><\/p>\n<p>[\/et_pb_text][et_pb_text disabled_on=\u00bboff|on|on\u00bb admin_label=\u00bbT\u00edtulo: Galer\u00eda de fotos (Texto)\u00bb _builder_version=\u00bb3.27.4&#8243; text_font=\u00bb|on|||\u00bb text_text_color=\u00bb#dc001b\u00bb border_style=\u00bbsolid\u00bb _i=\u00bb3&#8243; _address=\u00bb0.0.0.3&#8243;]Galer\u00eda de im\u00e1genes<br \/>\n[\/et_pb_text][et_pb_gallery gallery_ids=\u00bb11562&#8243; posts_number=\u00bb8&#8243; show_title_and_caption=\u00bboff\u00bb zoom_icon_color=\u00bb#dc001b\u00bb hover_icon=\u00bb%%51%%\u00bb disabled_on=\u00bboff|off|off\u00bb _builder_version=\u00bb3.29.2&#8243; hover_enabled=\u00bb0&#8243; pagination_font_size_tablet=\u00bb51&#8243; pagination_line_height_tablet=\u00bb2&#8243; _i=\u00bb4&#8243; _address=\u00bb0.0.0.4&#8243;][\/et_pb_gallery][et_pb_video disabled_on=\u00bbon|on|on\u00bb _builder_version=\u00bb3.0.51&#8243; disabled=\u00bbon\u00bb _i=\u00bb5&#8243; _address=\u00bb0.0.0.5&#8243;][\/et_pb_video][\/et_pb_column][\/et_pb_row][\/et_pb_section]<\/p>\n<!-- AddThis Advanced Settings generic via filter on the_content --><!-- AddThis Share Buttons generic via filter on the_content -->","protected":false},"excerpt":{"rendered":"<p>El pr\u00f3ximo lunes d\u00eda 18 de noviembre, a las 17.30 horas, Federico Mayor Zaragoza impartir\u00e1 una conferencia en el Colegio Salesiano San Juan Bosco de Valencia, bajo el t\u00edtulo: Apremiante participaci\u00f3n de \u201cnosotros, los pueblos\u201d. En ella abordar\u00e1 algunas claves para poder caminar hacia una ciudadan\u00eda global activa capaz de alcanzar la praxis del cambio [&hellip;]<\/p>\n<p><!-- AddThis Advanced Settings generic via filter on get_the_excerpt --><!-- AddThis Share Buttons generic via filter on get_the_excerpt --><\/p>\n","protected":false},"author":6,"featured_media":11562,"comment_status":"closed","ping_status":"open","sticky":false,"template":"","format":"standard","meta":{"_et_pb_use_builder":"on","_et_pb_old_content":"","_et_gb_content_width":"","footnotes":""},"categories":[14],"tags":[],"class_list":["post-11559","post","type-post","status-publish","format-standard","has-post-thumbnail","hentry","category-noticia_colegio"],"yoast_head":"<!-- This site is optimized with the Yoast SEO plugin v28.4 - https:\/\/yoast.com\/product\/yoast-seo-wordpress\/ -->\n<title>Federico Mayor Zaragoza impartir\u00e1 en el Colegio Salesiano San Juan Bosco de Valencia una conferencia sobre el qu\u00e9 y el c\u00f3mo de la educaci\u00f3n en el contexto de la globalizaci\u00f3n - Colegio San Juan Bosco Valencia<\/title>\n<meta name=\"robots\" content=\"index, follow, max-snippet:-1, max-image-preview:large, max-video-preview:-1\" \/>\n<link rel=\"canonical\" href=\"https:\/\/valenciasjb.salesianos.edu\/colegio\/federico-mayor-zaragoza-impartira-en-el-colegio-salesiano-san-juan-bosco-de-valencia-una-conferencia-sobre-el-que-y-el-como-de-la-educacion-en-el-contexto-de-la-globalizacion\/\" \/>\n<meta property=\"og:locale\" content=\"es_ES\" \/>\n<meta property=\"og:type\" content=\"article\" \/>\n<meta property=\"og:title\" content=\"Federico Mayor Zaragoza impartir\u00e1 en el Colegio Salesiano San Juan Bosco de Valencia una conferencia sobre el qu\u00e9 y el c\u00f3mo de la educaci\u00f3n en el contexto de la globalizaci\u00f3n - Colegio San Juan Bosco Valencia\" \/>\n<meta property=\"og:description\" content=\"El pr\u00f3ximo lunes d\u00eda 18 de noviembre, a las 17.30 horas, Federico Mayor Zaragoza impartir\u00e1 una conferencia en el Colegio Salesiano San Juan Bosco de Valencia, bajo el t\u00edtulo: Apremiante participaci\u00f3n de \u201cnosotros, los pueblos\u201d. En ella abordar\u00e1 algunas claves para poder caminar hacia una ciudadan\u00eda global activa capaz de alcanzar la praxis del cambio [&hellip;]\" \/>\n<meta property=\"og:url\" content=\"https:\/\/valenciasjb.salesianos.edu\/colegio\/federico-mayor-zaragoza-impartira-en-el-colegio-salesiano-san-juan-bosco-de-valencia-una-conferencia-sobre-el-que-y-el-como-de-la-educacion-en-el-contexto-de-la-globalizacion\/\" \/>\n<meta property=\"og:site_name\" content=\"Colegio San Juan Bosco Valencia\" \/>\n<meta property=\"article:publisher\" content=\"https:\/\/www.facebook.com\/ColegioSalesianoSanJuanBoscoValencia\" \/>\n<meta property=\"article:published_time\" content=\"2019-11-14T12:34:11+00:00\" \/>\n<meta property=\"article:modified_time\" content=\"2019-11-14T12:34:15+00:00\" \/>\n<meta property=\"og:image\" content=\"https:\/\/valenciasjb.salesianos.edu\/colegio\/wp-content\/uploads\/sites\/2\/2019\/11\/federico-mayor-zaragoza.jpg\" \/>\n\t<meta property=\"og:image:width\" content=\"1491\" \/>\n\t<meta property=\"og:image:height\" content=\"2135\" \/>\n\t<meta property=\"og:image:type\" content=\"image\/jpeg\" \/>\n<meta name=\"author\" content=\"veronicapastor\" \/>\n<meta name=\"twitter:card\" content=\"summary_large_image\" \/>\n<meta name=\"twitter:creator\" content=\"@SalesianosVSJB\" \/>\n<meta name=\"twitter:site\" content=\"@SalesianosVSJB\" \/>\n<meta name=\"twitter:label1\" content=\"Escrito por\" \/>\n\t<meta name=\"twitter:data1\" content=\"veronicapastor\" \/>\n\t<meta name=\"twitter:label2\" content=\"Tiempo de lectura\" \/>\n\t<meta name=\"twitter:data2\" content=\"3 minutos\" \/>\n<script type=\"application\/ld+json\" class=\"yoast-schema-graph\">{\"@context\":\"https:\\\/\\\/schema.org\",\"@graph\":[{\"@type\":\"Article\",\"@id\":\"https:\\\/\\\/valenciasjb.salesianos.edu\\\/colegio\\\/federico-mayor-zaragoza-impartira-en-el-colegio-salesiano-san-juan-bosco-de-valencia-una-conferencia-sobre-el-que-y-el-como-de-la-educacion-en-el-contexto-de-la-globalizacion\\\/#article\",\"isPartOf\":{\"@id\":\"https:\\\/\\\/valenciasjb.salesianos.edu\\\/colegio\\\/federico-mayor-zaragoza-impartira-en-el-colegio-salesiano-san-juan-bosco-de-valencia-una-conferencia-sobre-el-que-y-el-como-de-la-educacion-en-el-contexto-de-la-globalizacion\\\/\"},\"author\":{\"name\":\"veronicapastor\",\"@id\":\"https:\\\/\\\/valenciasjb.salesianos.edu\\\/colegio\\\/#\\\/schema\\\/person\\\/1f45b67e52b27da175190a574db6bed9\"},\"headline\":\"Federico Mayor Zaragoza impartir\u00e1 en el Colegio Salesiano San Juan Bosco de Valencia una conferencia sobre el qu\u00e9 y el c\u00f3mo de la educaci\u00f3n en el contexto de la globalizaci\u00f3n\",\"datePublished\":\"2019-11-14T12:34:11+00:00\",\"dateModified\":\"2019-11-14T12:34:15+00:00\",\"mainEntityOfPage\":{\"@id\":\"https:\\\/\\\/valenciasjb.salesianos.edu\\\/colegio\\\/federico-mayor-zaragoza-impartira-en-el-colegio-salesiano-san-juan-bosco-de-valencia-una-conferencia-sobre-el-que-y-el-como-de-la-educacion-en-el-contexto-de-la-globalizacion\\\/\"},\"wordCount\":724,\"image\":{\"@id\":\"https:\\\/\\\/valenciasjb.salesianos.edu\\\/colegio\\\/federico-mayor-zaragoza-impartira-en-el-colegio-salesiano-san-juan-bosco-de-valencia-una-conferencia-sobre-el-que-y-el-como-de-la-educacion-en-el-contexto-de-la-globalizacion\\\/#primaryimage\"},\"thumbnailUrl\":\"https:\\\/\\\/valenciasjb.salesianos.edu\\\/colegio\\\/wp-content\\\/uploads\\\/sites\\\/2\\\/2019\\\/11\\\/federico-mayor-zaragoza.jpg\",\"articleSection\":[\"Noticia Colegio\"],\"inLanguage\":\"es\"},{\"@type\":\"WebPage\",\"@id\":\"https:\\\/\\\/valenciasjb.salesianos.edu\\\/colegio\\\/federico-mayor-zaragoza-impartira-en-el-colegio-salesiano-san-juan-bosco-de-valencia-una-conferencia-sobre-el-que-y-el-como-de-la-educacion-en-el-contexto-de-la-globalizacion\\\/\",\"url\":\"https:\\\/\\\/valenciasjb.salesianos.edu\\\/colegio\\\/federico-mayor-zaragoza-impartira-en-el-colegio-salesiano-san-juan-bosco-de-valencia-una-conferencia-sobre-el-que-y-el-como-de-la-educacion-en-el-contexto-de-la-globalizacion\\\/\",\"name\":\"Federico Mayor Zaragoza impartir\u00e1 en el Colegio Salesiano San Juan Bosco de Valencia una conferencia sobre el qu\u00e9 y el c\u00f3mo de la educaci\u00f3n en el contexto de la globalizaci\u00f3n - Colegio San Juan Bosco Valencia\",\"isPartOf\":{\"@id\":\"https:\\\/\\\/valenciasjb.salesianos.edu\\\/colegio\\\/#website\"},\"primaryImageOfPage\":{\"@id\":\"https:\\\/\\\/valenciasjb.salesianos.edu\\\/colegio\\\/federico-mayor-zaragoza-impartira-en-el-colegio-salesiano-san-juan-bosco-de-valencia-una-conferencia-sobre-el-que-y-el-como-de-la-educacion-en-el-contexto-de-la-globalizacion\\\/#primaryimage\"},\"image\":{\"@id\":\"https:\\\/\\\/valenciasjb.salesianos.edu\\\/colegio\\\/federico-mayor-zaragoza-impartira-en-el-colegio-salesiano-san-juan-bosco-de-valencia-una-conferencia-sobre-el-que-y-el-como-de-la-educacion-en-el-contexto-de-la-globalizacion\\\/#primaryimage\"},\"thumbnailUrl\":\"https:\\\/\\\/valenciasjb.salesianos.edu\\\/colegio\\\/wp-content\\\/uploads\\\/sites\\\/2\\\/2019\\\/11\\\/federico-mayor-zaragoza.jpg\",\"datePublished\":\"2019-11-14T12:34:11+00:00\",\"dateModified\":\"2019-11-14T12:34:15+00:00\",\"author\":{\"@id\":\"https:\\\/\\\/valenciasjb.salesianos.edu\\\/colegio\\\/#\\\/schema\\\/person\\\/1f45b67e52b27da175190a574db6bed9\"},\"breadcrumb\":{\"@id\":\"https:\\\/\\\/valenciasjb.salesianos.edu\\\/colegio\\\/federico-mayor-zaragoza-impartira-en-el-colegio-salesiano-san-juan-bosco-de-valencia-una-conferencia-sobre-el-que-y-el-como-de-la-educacion-en-el-contexto-de-la-globalizacion\\\/#breadcrumb\"},\"inLanguage\":\"es\",\"potentialAction\":[{\"@type\":\"ReadAction\",\"target\":[\"https:\\\/\\\/valenciasjb.salesianos.edu\\\/colegio\\\/federico-mayor-zaragoza-impartira-en-el-colegio-salesiano-san-juan-bosco-de-valencia-una-conferencia-sobre-el-que-y-el-como-de-la-educacion-en-el-contexto-de-la-globalizacion\\\/\"]}]},{\"@type\":\"ImageObject\",\"inLanguage\":\"es\",\"@id\":\"https:\\\/\\\/valenciasjb.salesianos.edu\\\/colegio\\\/federico-mayor-zaragoza-impartira-en-el-colegio-salesiano-san-juan-bosco-de-valencia-una-conferencia-sobre-el-que-y-el-como-de-la-educacion-en-el-contexto-de-la-globalizacion\\\/#primaryimage\",\"url\":\"https:\\\/\\\/valenciasjb.salesianos.edu\\\/colegio\\\/wp-content\\\/uploads\\\/sites\\\/2\\\/2019\\\/11\\\/federico-mayor-zaragoza.jpg\",\"contentUrl\":\"https:\\\/\\\/valenciasjb.salesianos.edu\\\/colegio\\\/wp-content\\\/uploads\\\/sites\\\/2\\\/2019\\\/11\\\/federico-mayor-zaragoza.jpg\",\"width\":1491,\"height\":2135},{\"@type\":\"BreadcrumbList\",\"@id\":\"https:\\\/\\\/valenciasjb.salesianos.edu\\\/colegio\\\/federico-mayor-zaragoza-impartira-en-el-colegio-salesiano-san-juan-bosco-de-valencia-una-conferencia-sobre-el-que-y-el-como-de-la-educacion-en-el-contexto-de-la-globalizacion\\\/#breadcrumb\",\"itemListElement\":[{\"@type\":\"ListItem\",\"position\":1,\"name\":\"Portada\",\"item\":\"https:\\\/\\\/valenciasjb.salesianos.edu\\\/colegio\\\/\"},{\"@type\":\"ListItem\",\"position\":2,\"name\":\"Federico Mayor Zaragoza impartir\u00e1 en el Colegio Salesiano San Juan Bosco de Valencia una conferencia sobre el qu\u00e9 y el c\u00f3mo de la educaci\u00f3n en el contexto de la globalizaci\u00f3n\"}]},{\"@type\":\"WebSite\",\"@id\":\"https:\\\/\\\/valenciasjb.salesianos.edu\\\/colegio\\\/#website\",\"url\":\"https:\\\/\\\/valenciasjb.salesianos.edu\\\/colegio\\\/\",\"name\":\"Colegio San Juan Bosco Valencia\",\"description\":\"P\u00e1gina oficial del Colegio Salesianos San Juan Bosco Valencia\",\"alternateName\":\"Salesianos.VSJB\",\"potentialAction\":[{\"@type\":\"SearchAction\",\"target\":{\"@type\":\"EntryPoint\",\"urlTemplate\":\"https:\\\/\\\/valenciasjb.salesianos.edu\\\/colegio\\\/?s={search_term_string}\"},\"query-input\":{\"@type\":\"PropertyValueSpecification\",\"valueRequired\":true,\"valueName\":\"search_term_string\"}}],\"inLanguage\":\"es\"},{\"@type\":\"Person\",\"@id\":\"https:\\\/\\\/valenciasjb.salesianos.edu\\\/colegio\\\/#\\\/schema\\\/person\\\/1f45b67e52b27da175190a574db6bed9\",\"name\":\"veronicapastor\",\"image\":{\"@type\":\"ImageObject\",\"inLanguage\":\"es\",\"@id\":\"https:\\\/\\\/secure.gravatar.com\\\/avatar\\\/e29bd40bace3fd935e1d6fdb7313ffc14628cc037c5e16f4c7369b20a2a6f7f0?s=96&d=mm&r=g\",\"url\":\"https:\\\/\\\/secure.gravatar.com\\\/avatar\\\/e29bd40bace3fd935e1d6fdb7313ffc14628cc037c5e16f4c7369b20a2a6f7f0?s=96&d=mm&r=g\",\"contentUrl\":\"https:\\\/\\\/secure.gravatar.com\\\/avatar\\\/e29bd40bace3fd935e1d6fdb7313ffc14628cc037c5e16f4c7369b20a2a6f7f0?s=96&d=mm&r=g\",\"caption\":\"veronicapastor\"}}]}<\/script>\n<!-- \/ Yoast SEO plugin. -->","yoast_head_json":{"title":"Federico Mayor Zaragoza impartir\u00e1 en el Colegio Salesiano San Juan Bosco de Valencia una conferencia sobre el qu\u00e9 y el c\u00f3mo de la educaci\u00f3n en el contexto de la globalizaci\u00f3n - Colegio San Juan Bosco Valencia","robots":{"index":"index","follow":"follow","max-snippet":"max-snippet:-1","max-image-preview":"max-image-preview:large","max-video-preview":"max-video-preview:-1"},"canonical":"https:\/\/valenciasjb.salesianos.edu\/colegio\/federico-mayor-zaragoza-impartira-en-el-colegio-salesiano-san-juan-bosco-de-valencia-una-conferencia-sobre-el-que-y-el-como-de-la-educacion-en-el-contexto-de-la-globalizacion\/","og_locale":"es_ES","og_type":"article","og_title":"Federico Mayor Zaragoza impartir\u00e1 en el Colegio Salesiano San Juan Bosco de Valencia una conferencia sobre el qu\u00e9 y el c\u00f3mo de la educaci\u00f3n en el contexto de la globalizaci\u00f3n - Colegio San Juan Bosco Valencia","og_description":"El pr\u00f3ximo lunes d\u00eda 18 de noviembre, a las 17.30 horas, Federico Mayor Zaragoza impartir\u00e1 una conferencia en el Colegio Salesiano San Juan Bosco de Valencia, bajo el t\u00edtulo: Apremiante participaci\u00f3n de \u201cnosotros, los pueblos\u201d. En ella abordar\u00e1 algunas claves para poder caminar hacia una ciudadan\u00eda global activa capaz de alcanzar la praxis del cambio [&hellip;]","og_url":"https:\/\/valenciasjb.salesianos.edu\/colegio\/federico-mayor-zaragoza-impartira-en-el-colegio-salesiano-san-juan-bosco-de-valencia-una-conferencia-sobre-el-que-y-el-como-de-la-educacion-en-el-contexto-de-la-globalizacion\/","og_site_name":"Colegio San Juan Bosco Valencia","article_publisher":"https:\/\/www.facebook.com\/ColegioSalesianoSanJuanBoscoValencia","article_published_time":"2019-11-14T12:34:11+00:00","article_modified_time":"2019-11-14T12:34:15+00:00","og_image":[{"width":1491,"height":2135,"url":"https:\/\/valenciasjb.salesianos.edu\/colegio\/wp-content\/uploads\/sites\/2\/2019\/11\/federico-mayor-zaragoza.jpg","type":"image\/jpeg"}],"author":"veronicapastor","twitter_card":"summary_large_image","twitter_creator":"@SalesianosVSJB","twitter_site":"@SalesianosVSJB","twitter_misc":{"Escrito por":"veronicapastor","Tiempo de lectura":"3 minutos"},"schema":{"@context":"https:\/\/schema.org","@graph":[{"@type":"Article","@id":"https:\/\/valenciasjb.salesianos.edu\/colegio\/federico-mayor-zaragoza-impartira-en-el-colegio-salesiano-san-juan-bosco-de-valencia-una-conferencia-sobre-el-que-y-el-como-de-la-educacion-en-el-contexto-de-la-globalizacion\/#article","isPartOf":{"@id":"https:\/\/valenciasjb.salesianos.edu\/colegio\/federico-mayor-zaragoza-impartira-en-el-colegio-salesiano-san-juan-bosco-de-valencia-una-conferencia-sobre-el-que-y-el-como-de-la-educacion-en-el-contexto-de-la-globalizacion\/"},"author":{"name":"veronicapastor","@id":"https:\/\/valenciasjb.salesianos.edu\/colegio\/#\/schema\/person\/1f45b67e52b27da175190a574db6bed9"},"headline":"Federico Mayor Zaragoza impartir\u00e1 en el Colegio Salesiano San Juan Bosco de Valencia una conferencia sobre el qu\u00e9 y el c\u00f3mo de la educaci\u00f3n en el contexto de la globalizaci\u00f3n","datePublished":"2019-11-14T12:34:11+00:00","dateModified":"2019-11-14T12:34:15+00:00","mainEntityOfPage":{"@id":"https:\/\/valenciasjb.salesianos.edu\/colegio\/federico-mayor-zaragoza-impartira-en-el-colegio-salesiano-san-juan-bosco-de-valencia-una-conferencia-sobre-el-que-y-el-como-de-la-educacion-en-el-contexto-de-la-globalizacion\/"},"wordCount":724,"image":{"@id":"https:\/\/valenciasjb.salesianos.edu\/colegio\/federico-mayor-zaragoza-impartira-en-el-colegio-salesiano-san-juan-bosco-de-valencia-una-conferencia-sobre-el-que-y-el-como-de-la-educacion-en-el-contexto-de-la-globalizacion\/#primaryimage"},"thumbnailUrl":"https:\/\/valenciasjb.salesianos.edu\/colegio\/wp-content\/uploads\/sites\/2\/2019\/11\/federico-mayor-zaragoza.jpg","articleSection":["Noticia Colegio"],"inLanguage":"es"},{"@type":"WebPage","@id":"https:\/\/valenciasjb.salesianos.edu\/colegio\/federico-mayor-zaragoza-impartira-en-el-colegio-salesiano-san-juan-bosco-de-valencia-una-conferencia-sobre-el-que-y-el-como-de-la-educacion-en-el-contexto-de-la-globalizacion\/","url":"https:\/\/valenciasjb.salesianos.edu\/colegio\/federico-mayor-zaragoza-impartira-en-el-colegio-salesiano-san-juan-bosco-de-valencia-una-conferencia-sobre-el-que-y-el-como-de-la-educacion-en-el-contexto-de-la-globalizacion\/","name":"Federico Mayor Zaragoza impartir\u00e1 en el Colegio Salesiano San Juan Bosco de Valencia una conferencia sobre el qu\u00e9 y el c\u00f3mo de la educaci\u00f3n en el contexto de la globalizaci\u00f3n - Colegio San Juan Bosco Valencia","isPartOf":{"@id":"https:\/\/valenciasjb.salesianos.edu\/colegio\/#website"},"primaryImageOfPage":{"@id":"https:\/\/valenciasjb.salesianos.edu\/colegio\/federico-mayor-zaragoza-impartira-en-el-colegio-salesiano-san-juan-bosco-de-valencia-una-conferencia-sobre-el-que-y-el-como-de-la-educacion-en-el-contexto-de-la-globalizacion\/#primaryimage"},"image":{"@id":"https:\/\/valenciasjb.salesianos.edu\/colegio\/federico-mayor-zaragoza-impartira-en-el-colegio-salesiano-san-juan-bosco-de-valencia-una-conferencia-sobre-el-que-y-el-como-de-la-educacion-en-el-contexto-de-la-globalizacion\/#primaryimage"},"thumbnailUrl":"https:\/\/valenciasjb.salesianos.edu\/colegio\/wp-content\/uploads\/sites\/2\/2019\/11\/federico-mayor-zaragoza.jpg","datePublished":"2019-11-14T12:34:11+00:00","dateModified":"2019-11-14T12:34:15+00:00","author":{"@id":"https:\/\/valenciasjb.salesianos.edu\/colegio\/#\/schema\/person\/1f45b67e52b27da175190a574db6bed9"},"breadcrumb":{"@id":"https:\/\/valenciasjb.salesianos.edu\/colegio\/federico-mayor-zaragoza-impartira-en-el-colegio-salesiano-san-juan-bosco-de-valencia-una-conferencia-sobre-el-que-y-el-como-de-la-educacion-en-el-contexto-de-la-globalizacion\/#breadcrumb"},"inLanguage":"es","potentialAction":[{"@type":"ReadAction","target":["https:\/\/valenciasjb.salesianos.edu\/colegio\/federico-mayor-zaragoza-impartira-en-el-colegio-salesiano-san-juan-bosco-de-valencia-una-conferencia-sobre-el-que-y-el-como-de-la-educacion-en-el-contexto-de-la-globalizacion\/"]}]},{"@type":"ImageObject","inLanguage":"es","@id":"https:\/\/valenciasjb.salesianos.edu\/colegio\/federico-mayor-zaragoza-impartira-en-el-colegio-salesiano-san-juan-bosco-de-valencia-una-conferencia-sobre-el-que-y-el-como-de-la-educacion-en-el-contexto-de-la-globalizacion\/#primaryimage","url":"https:\/\/valenciasjb.salesianos.edu\/colegio\/wp-content\/uploads\/sites\/2\/2019\/11\/federico-mayor-zaragoza.jpg","contentUrl":"https:\/\/valenciasjb.salesianos.edu\/colegio\/wp-content\/uploads\/sites\/2\/2019\/11\/federico-mayor-zaragoza.jpg","width":1491,"height":2135},{"@type":"BreadcrumbList","@id":"https:\/\/valenciasjb.salesianos.edu\/colegio\/federico-mayor-zaragoza-impartira-en-el-colegio-salesiano-san-juan-bosco-de-valencia-una-conferencia-sobre-el-que-y-el-como-de-la-educacion-en-el-contexto-de-la-globalizacion\/#breadcrumb","itemListElement":[{"@type":"ListItem","position":1,"name":"Portada","item":"https:\/\/valenciasjb.salesianos.edu\/colegio\/"},{"@type":"ListItem","position":2,"name":"Federico Mayor Zaragoza impartir\u00e1 en el Colegio Salesiano San Juan Bosco de Valencia una conferencia sobre el qu\u00e9 y el c\u00f3mo de la educaci\u00f3n en el contexto de la globalizaci\u00f3n"}]},{"@type":"WebSite","@id":"https:\/\/valenciasjb.salesianos.edu\/colegio\/#website","url":"https:\/\/valenciasjb.salesianos.edu\/colegio\/","name":"Colegio San Juan Bosco Valencia","description":"P\u00e1gina oficial del Colegio Salesianos San Juan Bosco Valencia","alternateName":"Salesianos.VSJB","potentialAction":[{"@type":"SearchAction","target":{"@type":"EntryPoint","urlTemplate":"https:\/\/valenciasjb.salesianos.edu\/colegio\/?s={search_term_string}"},"query-input":{"@type":"PropertyValueSpecification","valueRequired":true,"valueName":"search_term_string"}}],"inLanguage":"es"},{"@type":"Person","@id":"https:\/\/valenciasjb.salesianos.edu\/colegio\/#\/schema\/person\/1f45b67e52b27da175190a574db6bed9","name":"veronicapastor","image":{"@type":"ImageObject","inLanguage":"es","@id":"https:\/\/secure.gravatar.com\/avatar\/e29bd40bace3fd935e1d6fdb7313ffc14628cc037c5e16f4c7369b20a2a6f7f0?s=96&d=mm&r=g","url":"https:\/\/secure.gravatar.com\/avatar\/e29bd40bace3fd935e1d6fdb7313ffc14628cc037c5e16f4c7369b20a2a6f7f0?s=96&d=mm&r=g","contentUrl":"https:\/\/secure.gravatar.com\/avatar\/e29bd40bace3fd935e1d6fdb7313ffc14628cc037c5e16f4c7369b20a2a6f7f0?s=96&d=mm&r=g","caption":"veronicapastor"}}]}},"_links":{"self":[{"href":"https:\/\/valenciasjb.salesianos.edu\/colegio\/wp-json\/wp\/v2\/posts\/11559","targetHints":{"allow":["GET"]}}],"collection":[{"href":"https:\/\/valenciasjb.salesianos.edu\/colegio\/wp-json\/wp\/v2\/posts"}],"about":[{"href":"https:\/\/valenciasjb.salesianos.edu\/colegio\/wp-json\/wp\/v2\/types\/post"}],"author":[{"embeddable":true,"href":"https:\/\/valenciasjb.salesianos.edu\/colegio\/wp-json\/wp\/v2\/users\/6"}],"replies":[{"embeddable":true,"href":"https:\/\/valenciasjb.salesianos.edu\/colegio\/wp-json\/wp\/v2\/comments?post=11559"}],"version-history":[{"count":4,"href":"https:\/\/valenciasjb.salesianos.edu\/colegio\/wp-json\/wp\/v2\/posts\/11559\/revisions"}],"predecessor-version":[{"id":11565,"href":"https:\/\/valenciasjb.salesianos.edu\/colegio\/wp-json\/wp\/v2\/posts\/11559\/revisions\/11565"}],"wp:featuredmedia":[{"embeddable":true,"href":"https:\/\/valenciasjb.salesianos.edu\/colegio\/wp-json\/wp\/v2\/media\/11562"}],"wp:attachment":[{"href":"https:\/\/valenciasjb.salesianos.edu\/colegio\/wp-json\/wp\/v2\/media?parent=11559"}],"wp:term":[{"taxonomy":"category","embeddable":true,"href":"https:\/\/valenciasjb.salesianos.edu\/colegio\/wp-json\/wp\/v2\/categories?post=11559"},{"taxonomy":"post_tag","embeddable":true,"href":"https:\/\/valenciasjb.salesianos.edu\/colegio\/wp-json\/wp\/v2\/tags?post=11559"}],"curies":[{"name":"wp","href":"https:\/\/api.w.org\/{rel}","templated":true}]}}