{"id":11599,"date":"2019-11-20T12:09:09","date_gmt":"2019-11-20T11:09:09","guid":{"rendered":"https:\/\/valenciasjb.salesianos.edu\/colegio\/?p=11599"},"modified":"2019-11-20T12:46:18","modified_gmt":"2019-11-20T11:46:18","slug":"federico-mayor-zaragoza-imparte-en-el-colegio-salesiano-san-juan-bosco-de-valencia-una-conferencia-sobre-el-que-y-el-como-de-la-educacion-en-el-contexto-de-la-globalizacion","status":"publish","type":"post","link":"https:\/\/valenciasjb.salesianos.edu\/colegio\/federico-mayor-zaragoza-imparte-en-el-colegio-salesiano-san-juan-bosco-de-valencia-una-conferencia-sobre-el-que-y-el-como-de-la-educacion-en-el-contexto-de-la-globalizacion\/","title":{"rendered":"Federico Mayor Zaragoza imparte en el Colegio Salesiano San Juan Bosco de Valencia una conferencia sobre el qu\u00e9 y el c\u00f3mo de la educaci\u00f3n en el contexto de la globalizaci\u00f3n"},"content":{"rendered":"<div id=\"fb-root\"><\/div>\n<p>[et_pb_section fb_built=\u00bb1&#8243; admin_label=\u00bbsection\u00bb _builder_version=\u00bb3.22&#8243; fb_built=\u00bb1&#8243; bb_built=\u00bb1&#8243; _i=\u00bb0&#8243; _address=\u00bb0&#8243;][et_pb_row admin_label=\u00bbrow\u00bb _builder_version=\u00bb3.25&#8243; background_size=\u00bbinitial\u00bb background_position=\u00bbtop_left\u00bb background_repeat=\u00bbrepeat\u00bb _i=\u00bb0&#8243; _address=\u00bb0.0&#8243;][et_pb_column type=\u00bb4_4&#8243; _builder_version=\u00bb3.25&#8243; custom_padding=\u00bb|||\u00bb _i=\u00bb0&#8243; _address=\u00bb0.0.0&#8243; custom_padding__hover=\u00bb|||\u00bb][et_pb_text admin_label=\u00bbEntradilla (Texto)\u00bb _builder_version=\u00bb3.29.2&#8243; text_font=\u00bb|on|||\u00bb text_orientation=\u00bbjustified\u00bb module_alignment=\u00bbjustified\u00bb _i=\u00bb0&#8243; _address=\u00bb0.0.0.0&#8243;]<\/p>\n<p><b>Federico Mayor Zaragoza ha impartido <\/b><b>una conferencia en el Colegio Salesiano San Juan Bosco de Valencia, bajo el t\u00edtulo: <\/b><i><b>Apremiante participaci\u00f3n de \u201cnosotros, los pueblos\u201d<\/b><\/i><b>. En ella<\/b><b>\u00a0<\/b><b>abord\u00f3 algunas claves para poder caminar hacia una ciudadan\u00eda global activa capaz de alcanzar la praxis del cambio social, cr\u00edtica y participativa, dentro del contexto social, pol\u00edtico y educativo actual.<\/b><\/p>\n<p>[\/et_pb_text][et_pb_text admin_label=\u00bbAutor (Texto)\u00bb _builder_version=\u00bb3.27.4&#8243; text_font=\u00bb||on||\u00bb _i=\u00bb1&#8243; _address=\u00bb0.0.0.1&#8243;]Redacci\u00f3n<br \/>\n[\/et_pb_text][et_pb_text admin_label=\u00bbDesarrollo (Texto)\u00bb _builder_version=\u00bb3.29.2&#8243; text_orientation=\u00bbjustified\u00bb module_alignment=\u00bbjustified\u00bb hover_enabled=\u00bb0&#8243; _i=\u00bb2&#8243; _address=\u00bb0.0.0.2&#8243;]<\/p>\n<blockquote>\n<p>\u200bCon esta conferencia, que se enmarca dentro del proyecto de centro AULA-MUNDO, el Colegio Salesiano San Juan Bosco de Valencia quiere seguir dando pasos cada vez m\u00e1s profundos en el apasionante paradigma de la Educaci\u00f3n para la Transformaci\u00f3n Social. Para caminar es necesario escuchar las voces de los expertos y expertas que nos ayudan a reflexionar y cuestionar el QU\u00c9 y el C\u00d3MO de la educaci\u00f3n, dentro del contexto de la Globalizaci\u00f3n. Y qu\u00e9 mejor voz, qu\u00e9 mejor relato de lo que acontece, qu\u00e9 mejor an\u00e1lisis y reflexi\u00f3n que la de Federico.<\/p>\n<p>D. Federico Mayor Zaragoza comparti\u00f3 con la comunidad educativa del Colegio Salesiano San Juan Bosco Valencia mucho m\u00e1s que las claves para caminar hacia el paradigma de la Ciudadan\u00eda Global activa desde la apremiante participaci\u00f3n de nosotros, los pueblos. D. Federico Mayor Zaragoza comparti\u00f3 vida, y cu\u00e1nta vida y cu\u00e1ntas personas han pasado por la may\u00fascula biograf\u00eda de una de las personas m\u00e1s relevantes en la pol\u00edtica internacional de las \u00faltimas d\u00e9cadas: Nelson Mandela, Mija\u00edl Gorbachov, George Bush, \u2026 todos han incidido de maneras diferentes en la cosmovisi\u00f3n de D. Federico y en su manera de entender y querer a los seres humanos. Pero fue una humilde profesora de Burkina Faso, de su \u00c1frica m\u00e1s amada, la que incidi\u00f3 de manera determinante en su manera de entender la educaci\u00f3n desde su responsabilidad como director de la UNESCO. Las palabras de la profesora le hicieron cambiar el rumbo de la gran instituci\u00f3n para centrarse en escuchar a \u00c1frica, su sabidur\u00eda, su forma de entender el mundo y la educaci\u00f3n. As\u00ed entendi\u00f3 c\u00f3mo todos los pueblos, los del Norte y Sur Global son fundamentales si pretendemos cambiar el rumbo de la Humanidad, en \u201ceste atardecer sombr\u00edo&#8230;\u201d.<\/p>\n<p>En esta ecuaci\u00f3n nos recuerda que la mujer est\u00e1 ocupando y debe ocupar un papel fundamental y confirma que es la \u00fanica manera si queremos tomar las decisiones adecuadas para la sostenibilidad de la Vida, en su conjunto. Y cierra su hilo argumental haciendo hincapi\u00e9 en la conciencia de lo irreversible, y es que nuestra Casa Com\u00fan nos grita desde sus entra\u00f1as y estamos llegando tarde. Qu\u00e9 importante es, insiste, que los profesionales de la educaci\u00f3n tengamos esta conciencia de lo irreversible para entender que no podemos seguir mirando hacia otro lado. Para que desde las aulas, nuestras AULAS-MUNDO, construyamos esta conciencia para un mundo de fraternidad y de esperanza.<\/p>\n<p>Una iniciativa para continuar avanzando en favor de la justicia social desde la educaci\u00f3n. Para que las aulas sean espacios transformadores.<\/p>\n<\/blockquote>\n<p>[\/et_pb_text][et_pb_text disabled_on=\u00bboff|on|on\u00bb admin_label=\u00bbT\u00edtulo: Galer\u00eda de fotos (Texto)\u00bb _builder_version=\u00bb3.27.4&#8243; text_font=\u00bb|on|||\u00bb text_text_color=\u00bb#dc001b\u00bb border_style=\u00bbsolid\u00bb _i=\u00bb3&#8243; _address=\u00bb0.0.0.3&#8243;]Galer\u00eda de im\u00e1genes<br \/>\n[\/et_pb_text][et_pb_gallery gallery_ids=\u00bb11611,11612,11613,11614,11615,11616,11617&#8243; posts_number=\u00bb8&#8243; show_title_and_caption=\u00bboff\u00bb zoom_icon_color=\u00bb#dc001b\u00bb hover_icon=\u00bb%%51%%\u00bb disabled_on=\u00bboff|off|off\u00bb _builder_version=\u00bb3.29.2&#8243; pagination_font_size_tablet=\u00bb51&#8243; pagination_line_height_tablet=\u00bb2&#8243; _i=\u00bb4&#8243; _address=\u00bb0.0.0.4&#8243;][\/et_pb_gallery][et_pb_video disabled_on=\u00bbon|on|on\u00bb _builder_version=\u00bb3.0.51&#8243; disabled=\u00bbon\u00bb _i=\u00bb5&#8243; _address=\u00bb0.0.0.5&#8243;][\/et_pb_video][\/et_pb_column][\/et_pb_row][\/et_pb_section]<\/p>\n<!-- AddThis Advanced Settings generic via filter on the_content --><!-- AddThis Share Buttons generic via filter on the_content -->","protected":false},"excerpt":{"rendered":"<p>Federico Mayor Zaragoza ha impartido una conferencia en el Colegio Salesiano San Juan Bosco de Valencia, bajo el t\u00edtulo: Apremiante participaci\u00f3n de \u201cnosotros, los pueblos\u201d. En ella\u00a0abord\u00f3 algunas claves para poder caminar hacia una ciudadan\u00eda global activa capaz de alcanzar la praxis del cambio social, cr\u00edtica y participativa, dentro del contexto social, pol\u00edtico y educativo [&hellip;]<\/p>\n<p><!-- AddThis Advanced Settings generic via filter on get_the_excerpt --><!-- AddThis Share Buttons generic via filter on get_the_excerpt --><\/p>\n","protected":false},"author":6,"featured_media":11612,"comment_status":"closed","ping_status":"open","sticky":false,"template":"","format":"standard","meta":{"_et_pb_use_builder":"on","_et_pb_old_content":"","_et_gb_content_width":"","footnotes":""},"categories":[14,1],"tags":[],"class_list":["post-11599","post","type-post","status-publish","format-standard","has-post-thumbnail","hentry","category-noticia_colegio","category-uncategorized"],"yoast_head":"<!-- This site is optimized with the Yoast SEO plugin v28.4 - https:\/\/yoast.com\/product\/yoast-seo-wordpress\/ -->\n<title>Federico Mayor Zaragoza imparte en el Colegio Salesiano San Juan Bosco de Valencia una conferencia sobre el qu\u00e9 y el c\u00f3mo de la educaci\u00f3n en el contexto de la globalizaci\u00f3n - Colegio San Juan Bosco Valencia<\/title>\n<meta name=\"robots\" content=\"index, follow, max-snippet:-1, max-image-preview:large, max-video-preview:-1\" \/>\n<link rel=\"canonical\" href=\"https:\/\/valenciasjb.salesianos.edu\/colegio\/federico-mayor-zaragoza-imparte-en-el-colegio-salesiano-san-juan-bosco-de-valencia-una-conferencia-sobre-el-que-y-el-como-de-la-educacion-en-el-contexto-de-la-globalizacion\/\" \/>\n<meta property=\"og:locale\" content=\"es_ES\" \/>\n<meta property=\"og:type\" content=\"article\" \/>\n<meta property=\"og:title\" content=\"Federico Mayor Zaragoza imparte en el Colegio Salesiano San Juan Bosco de Valencia una conferencia sobre el qu\u00e9 y el c\u00f3mo de la educaci\u00f3n en el contexto de la globalizaci\u00f3n - Colegio San Juan Bosco Valencia\" \/>\n<meta property=\"og:description\" content=\"Federico Mayor Zaragoza ha impartido una conferencia en el Colegio Salesiano San Juan Bosco de Valencia, bajo el t\u00edtulo: Apremiante participaci\u00f3n de \u201cnosotros, los pueblos\u201d. En ella\u00a0abord\u00f3 algunas claves para poder caminar hacia una ciudadan\u00eda global activa capaz de alcanzar la praxis del cambio social, cr\u00edtica y participativa, dentro del contexto social, pol\u00edtico y educativo [&hellip;]\" \/>\n<meta property=\"og:url\" content=\"https:\/\/valenciasjb.salesianos.edu\/colegio\/federico-mayor-zaragoza-imparte-en-el-colegio-salesiano-san-juan-bosco-de-valencia-una-conferencia-sobre-el-que-y-el-como-de-la-educacion-en-el-contexto-de-la-globalizacion\/\" \/>\n<meta property=\"og:site_name\" content=\"Colegio San Juan Bosco Valencia\" \/>\n<meta property=\"article:publisher\" content=\"https:\/\/www.facebook.com\/ColegioSalesianoSanJuanBoscoValencia\" \/>\n<meta property=\"article:published_time\" content=\"2019-11-20T11:09:09+00:00\" \/>\n<meta property=\"article:modified_time\" content=\"2019-11-20T11:46:18+00:00\" \/>\n<meta property=\"og:image\" content=\"https:\/\/valenciasjb.salesianos.edu\/colegio\/wp-content\/uploads\/sites\/2\/2019\/11\/IMG-20191118-WA0026-1.jpg\" \/>\n\t<meta property=\"og:image:width\" content=\"2048\" \/>\n\t<meta property=\"og:image:height\" content=\"1152\" \/>\n\t<meta property=\"og:image:type\" content=\"image\/jpeg\" \/>\n<meta name=\"author\" content=\"veronicapastor\" \/>\n<meta name=\"twitter:card\" content=\"summary_large_image\" \/>\n<meta name=\"twitter:creator\" content=\"@SalesianosVSJB\" \/>\n<meta name=\"twitter:site\" content=\"@SalesianosVSJB\" \/>\n<meta name=\"twitter:label1\" content=\"Escrito por\" \/>\n\t<meta name=\"twitter:data1\" content=\"veronicapastor\" \/>\n\t<meta name=\"twitter:label2\" content=\"Tiempo de lectura\" \/>\n\t<meta name=\"twitter:data2\" content=\"4 minutos\" \/>\n<script type=\"application\/ld+json\" class=\"yoast-schema-graph\">{\"@context\":\"https:\\\/\\\/schema.org\",\"@graph\":[{\"@type\":\"Article\",\"@id\":\"https:\\\/\\\/valenciasjb.salesianos.edu\\\/colegio\\\/federico-mayor-zaragoza-imparte-en-el-colegio-salesiano-san-juan-bosco-de-valencia-una-conferencia-sobre-el-que-y-el-como-de-la-educacion-en-el-contexto-de-la-globalizacion\\\/#article\",\"isPartOf\":{\"@id\":\"https:\\\/\\\/valenciasjb.salesianos.edu\\\/colegio\\\/federico-mayor-zaragoza-imparte-en-el-colegio-salesiano-san-juan-bosco-de-valencia-una-conferencia-sobre-el-que-y-el-como-de-la-educacion-en-el-contexto-de-la-globalizacion\\\/\"},\"author\":{\"name\":\"veronicapastor\",\"@id\":\"https:\\\/\\\/valenciasjb.salesianos.edu\\\/colegio\\\/#\\\/schema\\\/person\\\/1f45b67e52b27da175190a574db6bed9\"},\"headline\":\"Federico Mayor Zaragoza imparte en el Colegio Salesiano San Juan Bosco de Valencia una conferencia sobre el qu\u00e9 y el c\u00f3mo de la educaci\u00f3n en el contexto de la globalizaci\u00f3n\",\"datePublished\":\"2019-11-20T11:09:09+00:00\",\"dateModified\":\"2019-11-20T11:46:18+00:00\",\"mainEntityOfPage\":{\"@id\":\"https:\\\/\\\/valenciasjb.salesianos.edu\\\/colegio\\\/federico-mayor-zaragoza-imparte-en-el-colegio-salesiano-san-juan-bosco-de-valencia-una-conferencia-sobre-el-que-y-el-como-de-la-educacion-en-el-contexto-de-la-globalizacion\\\/\"},\"wordCount\":761,\"image\":{\"@id\":\"https:\\\/\\\/valenciasjb.salesianos.edu\\\/colegio\\\/federico-mayor-zaragoza-imparte-en-el-colegio-salesiano-san-juan-bosco-de-valencia-una-conferencia-sobre-el-que-y-el-como-de-la-educacion-en-el-contexto-de-la-globalizacion\\\/#primaryimage\"},\"thumbnailUrl\":\"https:\\\/\\\/valenciasjb.salesianos.edu\\\/colegio\\\/wp-content\\\/uploads\\\/sites\\\/2\\\/2019\\\/11\\\/IMG-20191118-WA0026-1.jpg\",\"articleSection\":[\"Noticia Colegio\",\"Uncategorized\"],\"inLanguage\":\"es\"},{\"@type\":\"WebPage\",\"@id\":\"https:\\\/\\\/valenciasjb.salesianos.edu\\\/colegio\\\/federico-mayor-zaragoza-imparte-en-el-colegio-salesiano-san-juan-bosco-de-valencia-una-conferencia-sobre-el-que-y-el-como-de-la-educacion-en-el-contexto-de-la-globalizacion\\\/\",\"url\":\"https:\\\/\\\/valenciasjb.salesianos.edu\\\/colegio\\\/federico-mayor-zaragoza-imparte-en-el-colegio-salesiano-san-juan-bosco-de-valencia-una-conferencia-sobre-el-que-y-el-como-de-la-educacion-en-el-contexto-de-la-globalizacion\\\/\",\"name\":\"Federico Mayor Zaragoza imparte en el Colegio Salesiano San Juan Bosco de Valencia una conferencia sobre el qu\u00e9 y el c\u00f3mo de la educaci\u00f3n en el contexto de la globalizaci\u00f3n - Colegio San Juan Bosco Valencia\",\"isPartOf\":{\"@id\":\"https:\\\/\\\/valenciasjb.salesianos.edu\\\/colegio\\\/#website\"},\"primaryImageOfPage\":{\"@id\":\"https:\\\/\\\/valenciasjb.salesianos.edu\\\/colegio\\\/federico-mayor-zaragoza-imparte-en-el-colegio-salesiano-san-juan-bosco-de-valencia-una-conferencia-sobre-el-que-y-el-como-de-la-educacion-en-el-contexto-de-la-globalizacion\\\/#primaryimage\"},\"image\":{\"@id\":\"https:\\\/\\\/valenciasjb.salesianos.edu\\\/colegio\\\/federico-mayor-zaragoza-imparte-en-el-colegio-salesiano-san-juan-bosco-de-valencia-una-conferencia-sobre-el-que-y-el-como-de-la-educacion-en-el-contexto-de-la-globalizacion\\\/#primaryimage\"},\"thumbnailUrl\":\"https:\\\/\\\/valenciasjb.salesianos.edu\\\/colegio\\\/wp-content\\\/uploads\\\/sites\\\/2\\\/2019\\\/11\\\/IMG-20191118-WA0026-1.jpg\",\"datePublished\":\"2019-11-20T11:09:09+00:00\",\"dateModified\":\"2019-11-20T11:46:18+00:00\",\"author\":{\"@id\":\"https:\\\/\\\/valenciasjb.salesianos.edu\\\/colegio\\\/#\\\/schema\\\/person\\\/1f45b67e52b27da175190a574db6bed9\"},\"breadcrumb\":{\"@id\":\"https:\\\/\\\/valenciasjb.salesianos.edu\\\/colegio\\\/federico-mayor-zaragoza-imparte-en-el-colegio-salesiano-san-juan-bosco-de-valencia-una-conferencia-sobre-el-que-y-el-como-de-la-educacion-en-el-contexto-de-la-globalizacion\\\/#breadcrumb\"},\"inLanguage\":\"es\",\"potentialAction\":[{\"@type\":\"ReadAction\",\"target\":[\"https:\\\/\\\/valenciasjb.salesianos.edu\\\/colegio\\\/federico-mayor-zaragoza-imparte-en-el-colegio-salesiano-san-juan-bosco-de-valencia-una-conferencia-sobre-el-que-y-el-como-de-la-educacion-en-el-contexto-de-la-globalizacion\\\/\"]}]},{\"@type\":\"ImageObject\",\"inLanguage\":\"es\",\"@id\":\"https:\\\/\\\/valenciasjb.salesianos.edu\\\/colegio\\\/federico-mayor-zaragoza-imparte-en-el-colegio-salesiano-san-juan-bosco-de-valencia-una-conferencia-sobre-el-que-y-el-como-de-la-educacion-en-el-contexto-de-la-globalizacion\\\/#primaryimage\",\"url\":\"https:\\\/\\\/valenciasjb.salesianos.edu\\\/colegio\\\/wp-content\\\/uploads\\\/sites\\\/2\\\/2019\\\/11\\\/IMG-20191118-WA0026-1.jpg\",\"contentUrl\":\"https:\\\/\\\/valenciasjb.salesianos.edu\\\/colegio\\\/wp-content\\\/uploads\\\/sites\\\/2\\\/2019\\\/11\\\/IMG-20191118-WA0026-1.jpg\",\"width\":2048,\"height\":1152},{\"@type\":\"BreadcrumbList\",\"@id\":\"https:\\\/\\\/valenciasjb.salesianos.edu\\\/colegio\\\/federico-mayor-zaragoza-imparte-en-el-colegio-salesiano-san-juan-bosco-de-valencia-una-conferencia-sobre-el-que-y-el-como-de-la-educacion-en-el-contexto-de-la-globalizacion\\\/#breadcrumb\",\"itemListElement\":[{\"@type\":\"ListItem\",\"position\":1,\"name\":\"Portada\",\"item\":\"https:\\\/\\\/valenciasjb.salesianos.edu\\\/colegio\\\/\"},{\"@type\":\"ListItem\",\"position\":2,\"name\":\"Federico Mayor Zaragoza imparte en el Colegio Salesiano San Juan Bosco de Valencia una conferencia sobre el qu\u00e9 y el c\u00f3mo de la educaci\u00f3n en el contexto de la globalizaci\u00f3n\"}]},{\"@type\":\"WebSite\",\"@id\":\"https:\\\/\\\/valenciasjb.salesianos.edu\\\/colegio\\\/#website\",\"url\":\"https:\\\/\\\/valenciasjb.salesianos.edu\\\/colegio\\\/\",\"name\":\"Colegio San Juan Bosco Valencia\",\"description\":\"P\u00e1gina oficial del Colegio Salesianos San Juan Bosco Valencia\",\"alternateName\":\"Salesianos.VSJB\",\"potentialAction\":[{\"@type\":\"SearchAction\",\"target\":{\"@type\":\"EntryPoint\",\"urlTemplate\":\"https:\\\/\\\/valenciasjb.salesianos.edu\\\/colegio\\\/?s={search_term_string}\"},\"query-input\":{\"@type\":\"PropertyValueSpecification\",\"valueRequired\":true,\"valueName\":\"search_term_string\"}}],\"inLanguage\":\"es\"},{\"@type\":\"Person\",\"@id\":\"https:\\\/\\\/valenciasjb.salesianos.edu\\\/colegio\\\/#\\\/schema\\\/person\\\/1f45b67e52b27da175190a574db6bed9\",\"name\":\"veronicapastor\",\"image\":{\"@type\":\"ImageObject\",\"inLanguage\":\"es\",\"@id\":\"https:\\\/\\\/secure.gravatar.com\\\/avatar\\\/e29bd40bace3fd935e1d6fdb7313ffc14628cc037c5e16f4c7369b20a2a6f7f0?s=96&d=mm&r=g\",\"url\":\"https:\\\/\\\/secure.gravatar.com\\\/avatar\\\/e29bd40bace3fd935e1d6fdb7313ffc14628cc037c5e16f4c7369b20a2a6f7f0?s=96&d=mm&r=g\",\"contentUrl\":\"https:\\\/\\\/secure.gravatar.com\\\/avatar\\\/e29bd40bace3fd935e1d6fdb7313ffc14628cc037c5e16f4c7369b20a2a6f7f0?s=96&d=mm&r=g\",\"caption\":\"veronicapastor\"}}]}<\/script>\n<!-- \/ Yoast SEO plugin. -->","yoast_head_json":{"title":"Federico Mayor Zaragoza imparte en el Colegio Salesiano San Juan Bosco de Valencia una conferencia sobre el qu\u00e9 y el c\u00f3mo de la educaci\u00f3n en el contexto de la globalizaci\u00f3n - Colegio San Juan Bosco Valencia","robots":{"index":"index","follow":"follow","max-snippet":"max-snippet:-1","max-image-preview":"max-image-preview:large","max-video-preview":"max-video-preview:-1"},"canonical":"https:\/\/valenciasjb.salesianos.edu\/colegio\/federico-mayor-zaragoza-imparte-en-el-colegio-salesiano-san-juan-bosco-de-valencia-una-conferencia-sobre-el-que-y-el-como-de-la-educacion-en-el-contexto-de-la-globalizacion\/","og_locale":"es_ES","og_type":"article","og_title":"Federico Mayor Zaragoza imparte en el Colegio Salesiano San Juan Bosco de Valencia una conferencia sobre el qu\u00e9 y el c\u00f3mo de la educaci\u00f3n en el contexto de la globalizaci\u00f3n - Colegio San Juan Bosco Valencia","og_description":"Federico Mayor Zaragoza ha impartido una conferencia en el Colegio Salesiano San Juan Bosco de Valencia, bajo el t\u00edtulo: Apremiante participaci\u00f3n de \u201cnosotros, los pueblos\u201d. En ella\u00a0abord\u00f3 algunas claves para poder caminar hacia una ciudadan\u00eda global activa capaz de alcanzar la praxis del cambio social, cr\u00edtica y participativa, dentro del contexto social, pol\u00edtico y educativo [&hellip;]","og_url":"https:\/\/valenciasjb.salesianos.edu\/colegio\/federico-mayor-zaragoza-imparte-en-el-colegio-salesiano-san-juan-bosco-de-valencia-una-conferencia-sobre-el-que-y-el-como-de-la-educacion-en-el-contexto-de-la-globalizacion\/","og_site_name":"Colegio San Juan Bosco Valencia","article_publisher":"https:\/\/www.facebook.com\/ColegioSalesianoSanJuanBoscoValencia","article_published_time":"2019-11-20T11:09:09+00:00","article_modified_time":"2019-11-20T11:46:18+00:00","og_image":[{"width":2048,"height":1152,"url":"https:\/\/valenciasjb.salesianos.edu\/colegio\/wp-content\/uploads\/sites\/2\/2019\/11\/IMG-20191118-WA0026-1.jpg","type":"image\/jpeg"}],"author":"veronicapastor","twitter_card":"summary_large_image","twitter_creator":"@SalesianosVSJB","twitter_site":"@SalesianosVSJB","twitter_misc":{"Escrito por":"veronicapastor","Tiempo de lectura":"4 minutos"},"schema":{"@context":"https:\/\/schema.org","@graph":[{"@type":"Article","@id":"https:\/\/valenciasjb.salesianos.edu\/colegio\/federico-mayor-zaragoza-imparte-en-el-colegio-salesiano-san-juan-bosco-de-valencia-una-conferencia-sobre-el-que-y-el-como-de-la-educacion-en-el-contexto-de-la-globalizacion\/#article","isPartOf":{"@id":"https:\/\/valenciasjb.salesianos.edu\/colegio\/federico-mayor-zaragoza-imparte-en-el-colegio-salesiano-san-juan-bosco-de-valencia-una-conferencia-sobre-el-que-y-el-como-de-la-educacion-en-el-contexto-de-la-globalizacion\/"},"author":{"name":"veronicapastor","@id":"https:\/\/valenciasjb.salesianos.edu\/colegio\/#\/schema\/person\/1f45b67e52b27da175190a574db6bed9"},"headline":"Federico Mayor Zaragoza imparte en el Colegio Salesiano San Juan Bosco de Valencia una conferencia sobre el qu\u00e9 y el c\u00f3mo de la educaci\u00f3n en el contexto de la globalizaci\u00f3n","datePublished":"2019-11-20T11:09:09+00:00","dateModified":"2019-11-20T11:46:18+00:00","mainEntityOfPage":{"@id":"https:\/\/valenciasjb.salesianos.edu\/colegio\/federico-mayor-zaragoza-imparte-en-el-colegio-salesiano-san-juan-bosco-de-valencia-una-conferencia-sobre-el-que-y-el-como-de-la-educacion-en-el-contexto-de-la-globalizacion\/"},"wordCount":761,"image":{"@id":"https:\/\/valenciasjb.salesianos.edu\/colegio\/federico-mayor-zaragoza-imparte-en-el-colegio-salesiano-san-juan-bosco-de-valencia-una-conferencia-sobre-el-que-y-el-como-de-la-educacion-en-el-contexto-de-la-globalizacion\/#primaryimage"},"thumbnailUrl":"https:\/\/valenciasjb.salesianos.edu\/colegio\/wp-content\/uploads\/sites\/2\/2019\/11\/IMG-20191118-WA0026-1.jpg","articleSection":["Noticia Colegio","Uncategorized"],"inLanguage":"es"},{"@type":"WebPage","@id":"https:\/\/valenciasjb.salesianos.edu\/colegio\/federico-mayor-zaragoza-imparte-en-el-colegio-salesiano-san-juan-bosco-de-valencia-una-conferencia-sobre-el-que-y-el-como-de-la-educacion-en-el-contexto-de-la-globalizacion\/","url":"https:\/\/valenciasjb.salesianos.edu\/colegio\/federico-mayor-zaragoza-imparte-en-el-colegio-salesiano-san-juan-bosco-de-valencia-una-conferencia-sobre-el-que-y-el-como-de-la-educacion-en-el-contexto-de-la-globalizacion\/","name":"Federico Mayor Zaragoza imparte en el Colegio Salesiano San Juan Bosco de Valencia una conferencia sobre el qu\u00e9 y el c\u00f3mo de la educaci\u00f3n en el contexto de la globalizaci\u00f3n - Colegio San Juan Bosco Valencia","isPartOf":{"@id":"https:\/\/valenciasjb.salesianos.edu\/colegio\/#website"},"primaryImageOfPage":{"@id":"https:\/\/valenciasjb.salesianos.edu\/colegio\/federico-mayor-zaragoza-imparte-en-el-colegio-salesiano-san-juan-bosco-de-valencia-una-conferencia-sobre-el-que-y-el-como-de-la-educacion-en-el-contexto-de-la-globalizacion\/#primaryimage"},"image":{"@id":"https:\/\/valenciasjb.salesianos.edu\/colegio\/federico-mayor-zaragoza-imparte-en-el-colegio-salesiano-san-juan-bosco-de-valencia-una-conferencia-sobre-el-que-y-el-como-de-la-educacion-en-el-contexto-de-la-globalizacion\/#primaryimage"},"thumbnailUrl":"https:\/\/valenciasjb.salesianos.edu\/colegio\/wp-content\/uploads\/sites\/2\/2019\/11\/IMG-20191118-WA0026-1.jpg","datePublished":"2019-11-20T11:09:09+00:00","dateModified":"2019-11-20T11:46:18+00:00","author":{"@id":"https:\/\/valenciasjb.salesianos.edu\/colegio\/#\/schema\/person\/1f45b67e52b27da175190a574db6bed9"},"breadcrumb":{"@id":"https:\/\/valenciasjb.salesianos.edu\/colegio\/federico-mayor-zaragoza-imparte-en-el-colegio-salesiano-san-juan-bosco-de-valencia-una-conferencia-sobre-el-que-y-el-como-de-la-educacion-en-el-contexto-de-la-globalizacion\/#breadcrumb"},"inLanguage":"es","potentialAction":[{"@type":"ReadAction","target":["https:\/\/valenciasjb.salesianos.edu\/colegio\/federico-mayor-zaragoza-imparte-en-el-colegio-salesiano-san-juan-bosco-de-valencia-una-conferencia-sobre-el-que-y-el-como-de-la-educacion-en-el-contexto-de-la-globalizacion\/"]}]},{"@type":"ImageObject","inLanguage":"es","@id":"https:\/\/valenciasjb.salesianos.edu\/colegio\/federico-mayor-zaragoza-imparte-en-el-colegio-salesiano-san-juan-bosco-de-valencia-una-conferencia-sobre-el-que-y-el-como-de-la-educacion-en-el-contexto-de-la-globalizacion\/#primaryimage","url":"https:\/\/valenciasjb.salesianos.edu\/colegio\/wp-content\/uploads\/sites\/2\/2019\/11\/IMG-20191118-WA0026-1.jpg","contentUrl":"https:\/\/valenciasjb.salesianos.edu\/colegio\/wp-content\/uploads\/sites\/2\/2019\/11\/IMG-20191118-WA0026-1.jpg","width":2048,"height":1152},{"@type":"BreadcrumbList","@id":"https:\/\/valenciasjb.salesianos.edu\/colegio\/federico-mayor-zaragoza-imparte-en-el-colegio-salesiano-san-juan-bosco-de-valencia-una-conferencia-sobre-el-que-y-el-como-de-la-educacion-en-el-contexto-de-la-globalizacion\/#breadcrumb","itemListElement":[{"@type":"ListItem","position":1,"name":"Portada","item":"https:\/\/valenciasjb.salesianos.edu\/colegio\/"},{"@type":"ListItem","position":2,"name":"Federico Mayor Zaragoza imparte en el Colegio Salesiano San Juan Bosco de Valencia una conferencia sobre el qu\u00e9 y el c\u00f3mo de la educaci\u00f3n en el contexto de la globalizaci\u00f3n"}]},{"@type":"WebSite","@id":"https:\/\/valenciasjb.salesianos.edu\/colegio\/#website","url":"https:\/\/valenciasjb.salesianos.edu\/colegio\/","name":"Colegio San Juan Bosco Valencia","description":"P\u00e1gina oficial del Colegio Salesianos San Juan Bosco Valencia","alternateName":"Salesianos.VSJB","potentialAction":[{"@type":"SearchAction","target":{"@type":"EntryPoint","urlTemplate":"https:\/\/valenciasjb.salesianos.edu\/colegio\/?s={search_term_string}"},"query-input":{"@type":"PropertyValueSpecification","valueRequired":true,"valueName":"search_term_string"}}],"inLanguage":"es"},{"@type":"Person","@id":"https:\/\/valenciasjb.salesianos.edu\/colegio\/#\/schema\/person\/1f45b67e52b27da175190a574db6bed9","name":"veronicapastor","image":{"@type":"ImageObject","inLanguage":"es","@id":"https:\/\/secure.gravatar.com\/avatar\/e29bd40bace3fd935e1d6fdb7313ffc14628cc037c5e16f4c7369b20a2a6f7f0?s=96&d=mm&r=g","url":"https:\/\/secure.gravatar.com\/avatar\/e29bd40bace3fd935e1d6fdb7313ffc14628cc037c5e16f4c7369b20a2a6f7f0?s=96&d=mm&r=g","contentUrl":"https:\/\/secure.gravatar.com\/avatar\/e29bd40bace3fd935e1d6fdb7313ffc14628cc037c5e16f4c7369b20a2a6f7f0?s=96&d=mm&r=g","caption":"veronicapastor"}}]}},"_links":{"self":[{"href":"https:\/\/valenciasjb.salesianos.edu\/colegio\/wp-json\/wp\/v2\/posts\/11599","targetHints":{"allow":["GET"]}}],"collection":[{"href":"https:\/\/valenciasjb.salesianos.edu\/colegio\/wp-json\/wp\/v2\/posts"}],"about":[{"href":"https:\/\/valenciasjb.salesianos.edu\/colegio\/wp-json\/wp\/v2\/types\/post"}],"author":[{"embeddable":true,"href":"https:\/\/valenciasjb.salesianos.edu\/colegio\/wp-json\/wp\/v2\/users\/6"}],"replies":[{"embeddable":true,"href":"https:\/\/valenciasjb.salesianos.edu\/colegio\/wp-json\/wp\/v2\/comments?post=11599"}],"version-history":[{"count":6,"href":"https:\/\/valenciasjb.salesianos.edu\/colegio\/wp-json\/wp\/v2\/posts\/11599\/revisions"}],"predecessor-version":[{"id":11624,"href":"https:\/\/valenciasjb.salesianos.edu\/colegio\/wp-json\/wp\/v2\/posts\/11599\/revisions\/11624"}],"wp:featuredmedia":[{"embeddable":true,"href":"https:\/\/valenciasjb.salesianos.edu\/colegio\/wp-json\/wp\/v2\/media\/11612"}],"wp:attachment":[{"href":"https:\/\/valenciasjb.salesianos.edu\/colegio\/wp-json\/wp\/v2\/media?parent=11599"}],"wp:term":[{"taxonomy":"category","embeddable":true,"href":"https:\/\/valenciasjb.salesianos.edu\/colegio\/wp-json\/wp\/v2\/categories?post=11599"},{"taxonomy":"post_tag","embeddable":true,"href":"https:\/\/valenciasjb.salesianos.edu\/colegio\/wp-json\/wp\/v2\/tags?post=11599"}],"curies":[{"name":"wp","href":"https:\/\/api.w.org\/{rel}","templated":true}]}}