{"id":11625,"date":"2019-11-21T14:12:34","date_gmt":"2019-11-21T13:12:34","guid":{"rendered":"https:\/\/valenciasjb.salesianos.edu\/colegio\/?p=11625"},"modified":"2019-11-21T14:12:38","modified_gmt":"2019-11-21T13:12:38","slug":"alberto-paya-presenta-su-nuevo-libro-don-bosco-y-la-carcel-en-salesianos-san-juan-bosco-de-valencia","status":"publish","type":"post","link":"https:\/\/valenciasjb.salesianos.edu\/colegio\/alberto-paya-presenta-su-nuevo-libro-don-bosco-y-la-carcel-en-salesianos-san-juan-bosco-de-valencia\/","title":{"rendered":"Alberto Pay\u00e1 presenta su nuevo libro \u00abDon Bosco y la c\u00e1rcel\u00bb en Salesianos San Juan Bosco de Valencia"},"content":{"rendered":"<div id=\"fb-root\"><\/div>\n<p>[et_pb_section fb_built=\u00bb1&#8243; admin_label=\u00bbsection\u00bb _builder_version=\u00bb3.22&#8243;][et_pb_row admin_label=\u00bbrow\u00bb _builder_version=\u00bb3.25&#8243; background_size=\u00bbinitial\u00bb background_position=\u00bbtop_left\u00bb background_repeat=\u00bbrepeat\u00bb][et_pb_column type=\u00bb4_4&#8243; _builder_version=\u00bb3.25&#8243; custom_padding=\u00bb|||\u00bb custom_padding__hover=\u00bb|||\u00bb][et_pb_text admin_label=\u00bbEntradilla (Texto)\u00bb _builder_version=\u00bb4.0.6&#8243; text_font=\u00bb|on|||\u00bb text_orientation=\u00bbjustified\u00bb module_alignment=\u00bbjustified\u00bb]<\/p>\n<div id=\"resumen\">\n<p align=\"justify\"><span style=\"color: #3e3e3e\"><span style=\"font-family: Arial, serif\"><span style=\"font-size: small\"><b>El mi\u00e9rcoles 20 de noviembre, a las 19.30 horas, en la Sala 200 de Salesianos San Juan Bosco Valencia tuvo lugar la presentaci\u00f3n del libro \u00abDon Bosco y la c\u00e1rcel\u00bb, escrito por Alberto Pay\u00e1.<\/b><\/span><\/span><\/span><\/p>\n<\/div>\n<div>\u00a0<\/div>\n<p>[\/et_pb_text][et_pb_text admin_label=\u00bbAutor (Texto)\u00bb _builder_version=\u00bb3.27.4&#8243; text_font=\u00bb||on||\u00bb]Redacci\u00f3n<br \/>\n[\/et_pb_text][et_pb_text admin_label=\u00bbDesarrollo (Texto)\u00bb _builder_version=\u00bb4.0.6&#8243; text_orientation=\u00bbjustified\u00bb module_alignment=\u00bbjustified\u00bb]<\/p>\n<p align=\"justify\"><span style=\"color: #3e3e3e\"><span style=\"font-family: Arial, serif\"><span style=\"font-size: small\">Esta obra nos lleva a un momento clave del camino vocacional de san Juan Bosco. Reci\u00e9n ordenado sacerdote, la experiencia vivida en sus visitas a las c\u00e1rceles de Tur\u00edn, marc\u00f3 el inicio de los Oratorios, de la obra salesiana.<\/span><\/span><\/span><\/p>\n<p align=\"justify\"><span style=\"font-family: Times New Roman, serif\"><span style=\"font-size: medium\"><span style=\"color: #3e3e3e\"><span style=\"font-family: Arial, serif\"><span style=\"font-size: small\">La prevenci\u00f3n fue la respuesta de Don Bosco a la situaci\u00f3n delictiva de la \u00e9poca. As\u00ed lo reconoci\u00f3 Cesare Lombroso, \u00abpadre\u00bb de la ciencia de la Criminolog\u00eda, al ensalzar su labor y el de las instituciones salesianas.<\/span><\/span><\/span><\/span><\/span><\/p>\n<p align=\"justify\"><a name=\"_GoBack\"><\/a> <span style=\"font-family: Times New Roman, serif\"><span style=\"font-size: medium\"><span style=\"color: #3e3e3e\"><span style=\"font-family: Arial, serif\"><span style=\"font-size: small\"><i><b>Don Bosco y la c\u00e1rcel<\/b><\/i><\/span><\/span><\/span><span style=\"color: #3e3e3e\"><span style=\"font-family: Arial, serif\"><span style=\"font-size: small\">\u00a0ilustra el panorama criminal del ochocientos en Tur\u00edn, recorriendo los lugares \u00abde piedad y de castigo\u00bb que atendieron a millares de v\u00edctimas del sistema social imperante.<\/span><\/span><\/span><\/span><\/span><\/p>\n<p align=\"justify\"><span style=\"font-family: Times New Roman, serif\"><span style=\"font-size: medium\"><span style=\"color: #3e3e3e\"><span style=\"font-family: Arial, serif\"><span style=\"font-size: small\"><b>Alberto Pay\u00e1 Rico<\/b><\/span><\/span><\/span><span style=\"color: #3e3e3e\"><span style=\"font-family: Arial, serif\"><span style=\"font-size: small\">\u00a0es sacerdote salesiano, natural de Ibi (Alicante). Licenciado en Pedagog\u00eda y en Criminolog\u00eda. En la Facultad de Derecho de la Universidad de Valencia realiz\u00f3 el m\u00e1ster en \u00abDerechos Humanos, Paz y Desarrollo Sostenible\u00bb, alcanzando posteriormente el grado de doctor. Es miembro de la Asociaci\u00f3n Espa\u00f1ola de Canonistas. En 2017 public\u00f3 en la editorial Laborum, la monograf\u00eda\u00a0<\/span><\/span><\/span><span style=\"color: #3e3e3e\"><span style=\"font-family: Arial, serif\"><span style=\"font-size: small\"><i>Libertad religiosa en centros penitenciarios y de internamiento de extranjeros.<\/i><\/span><\/span><\/span><\/span><\/span><\/p>\n<p align=\"justify\">M\u00e1s informaci\u00f3n: <a href=\"https:\/\/editorialccs.com\/libro\/5523\/don-bosco-y-la-carcel\/\">https:\/\/editorialccs.com\/libro\/5523\/don-bosco-y-la-carcel\/<\/a><\/p>\n<p>\u200b<\/p>\n<p>[\/et_pb_text][et_pb_text disabled_on=\u00bboff|on|on\u00bb admin_label=\u00bbT\u00edtulo: Galer\u00eda de fotos (Texto)\u00bb _builder_version=\u00bb3.27.4&#8243; text_font=\u00bb|on|||\u00bb text_text_color=\u00bb#dc001b\u00bb border_style=\u00bbsolid\u00bb]Galer\u00eda de im\u00e1genes<br \/>\n[\/et_pb_text][et_pb_gallery posts_number=\u00bb8&#8243; show_title_and_caption=\u00bboff\u00bb zoom_icon_color=\u00bb#dc001b\u00bb hover_icon=\u00bb%%51%%\u00bb disabled_on=\u00bboff|off|off\u00bb _builder_version=\u00bb4.0.6&#8243; hover_enabled=\u00bb0&#8243; pagination_font_size_tablet=\u00bb51&#8243; pagination_line_height_tablet=\u00bb2&#8243; gallery_ids=\u00bb11637,11636,11638,11639,11640,11641,11635,11642,11634&#8243;][\/et_pb_gallery][et_pb_video disabled_on=\u00bbon|on|on\u00bb _builder_version=\u00bb3.0.51&#8243; disabled=\u00bbon\u00bb][\/et_pb_video][\/et_pb_column][\/et_pb_row][\/et_pb_section]<\/p>\n<!-- AddThis Advanced Settings generic via filter on the_content --><!-- AddThis Share Buttons generic via filter on the_content -->","protected":false},"excerpt":{"rendered":"<p>El mi\u00e9rcoles 20 de noviembre, a las 19.30 horas, en la Sala 200 de Salesianos San Juan Bosco Valencia tuvo lugar la presentaci\u00f3n del libro \u00abDon Bosco y la c\u00e1rcel\u00bb, escrito por Alberto Pay\u00e1. \u00a0Redacci\u00f3n Esta obra nos lleva a un momento clave del camino vocacional de san Juan Bosco. Reci\u00e9n ordenado sacerdote, la experiencia [&hellip;]<\/p>\n<p><!-- AddThis Advanced Settings generic via filter on get_the_excerpt --><!-- AddThis Share Buttons generic via filter on get_the_excerpt --><\/p>\n","protected":false},"author":6,"featured_media":11638,"comment_status":"closed","ping_status":"open","sticky":false,"template":"","format":"standard","meta":{"_et_pb_use_builder":"on","_et_pb_old_content":"","_et_gb_content_width":"","footnotes":""},"categories":[14],"tags":[],"class_list":["post-11625","post","type-post","status-publish","format-standard","has-post-thumbnail","hentry","category-noticia_colegio"],"yoast_head":"<!-- This site is optimized with the Yoast SEO plugin v28.4 - https:\/\/yoast.com\/product\/yoast-seo-wordpress\/ -->\n<title>Alberto Pay\u00e1 presenta su nuevo libro &quot;Don Bosco y la c\u00e1rcel&quot; en Salesianos San Juan Bosco de Valencia - Colegio San Juan Bosco Valencia<\/title>\n<meta name=\"robots\" content=\"index, follow, max-snippet:-1, max-image-preview:large, max-video-preview:-1\" \/>\n<link rel=\"canonical\" href=\"https:\/\/valenciasjb.salesianos.edu\/colegio\/alberto-paya-presenta-su-nuevo-libro-don-bosco-y-la-carcel-en-salesianos-san-juan-bosco-de-valencia\/\" \/>\n<meta property=\"og:locale\" content=\"es_ES\" \/>\n<meta property=\"og:type\" content=\"article\" \/>\n<meta property=\"og:title\" content=\"Alberto Pay\u00e1 presenta su nuevo libro &quot;Don Bosco y la c\u00e1rcel&quot; en Salesianos San Juan Bosco de Valencia - Colegio San Juan Bosco Valencia\" \/>\n<meta property=\"og:description\" content=\"El mi\u00e9rcoles 20 de noviembre, a las 19.30 horas, en la Sala 200 de Salesianos San Juan Bosco Valencia tuvo lugar la presentaci\u00f3n del libro &quot;Don Bosco y la c\u00e1rcel&quot;, escrito por Alberto Pay\u00e1. \u00a0Redacci\u00f3n Esta obra nos lleva a un momento clave del camino vocacional de san Juan Bosco. Reci\u00e9n ordenado sacerdote, la experiencia [&hellip;]\" \/>\n<meta property=\"og:url\" content=\"https:\/\/valenciasjb.salesianos.edu\/colegio\/alberto-paya-presenta-su-nuevo-libro-don-bosco-y-la-carcel-en-salesianos-san-juan-bosco-de-valencia\/\" \/>\n<meta property=\"og:site_name\" content=\"Colegio San Juan Bosco Valencia\" \/>\n<meta property=\"article:publisher\" content=\"https:\/\/www.facebook.com\/ColegioSalesianoSanJuanBoscoValencia\" \/>\n<meta property=\"article:published_time\" content=\"2019-11-21T13:12:34+00:00\" \/>\n<meta property=\"article:modified_time\" content=\"2019-11-21T13:12:38+00:00\" \/>\n<meta property=\"og:image\" content=\"https:\/\/valenciasjb.salesianos.edu\/colegio\/wp-content\/uploads\/sites\/2\/2019\/11\/IMG-20191120-WA0046.jpg\" \/>\n\t<meta property=\"og:image:width\" content=\"2048\" \/>\n\t<meta property=\"og:image:height\" content=\"1365\" \/>\n\t<meta property=\"og:image:type\" content=\"image\/jpeg\" \/>\n<meta name=\"author\" content=\"veronicapastor\" \/>\n<meta name=\"twitter:card\" content=\"summary_large_image\" \/>\n<meta name=\"twitter:creator\" content=\"@SalesianosVSJB\" \/>\n<meta name=\"twitter:site\" content=\"@SalesianosVSJB\" \/>\n<meta name=\"twitter:label1\" content=\"Escrito por\" \/>\n\t<meta name=\"twitter:data1\" content=\"veronicapastor\" \/>\n\t<meta name=\"twitter:label2\" content=\"Tiempo de lectura\" \/>\n\t<meta name=\"twitter:data2\" content=\"2 minutos\" \/>\n<script type=\"application\/ld+json\" class=\"yoast-schema-graph\">{\"@context\":\"https:\\\/\\\/schema.org\",\"@graph\":[{\"@type\":\"Article\",\"@id\":\"https:\\\/\\\/valenciasjb.salesianos.edu\\\/colegio\\\/alberto-paya-presenta-su-nuevo-libro-don-bosco-y-la-carcel-en-salesianos-san-juan-bosco-de-valencia\\\/#article\",\"isPartOf\":{\"@id\":\"https:\\\/\\\/valenciasjb.salesianos.edu\\\/colegio\\\/alberto-paya-presenta-su-nuevo-libro-don-bosco-y-la-carcel-en-salesianos-san-juan-bosco-de-valencia\\\/\"},\"author\":{\"name\":\"veronicapastor\",\"@id\":\"https:\\\/\\\/valenciasjb.salesianos.edu\\\/colegio\\\/#\\\/schema\\\/person\\\/1f45b67e52b27da175190a574db6bed9\"},\"headline\":\"Alberto Pay\u00e1 presenta su nuevo libro \u00abDon Bosco y la c\u00e1rcel\u00bb en Salesianos San Juan Bosco de Valencia\",\"datePublished\":\"2019-11-21T13:12:34+00:00\",\"dateModified\":\"2019-11-21T13:12:38+00:00\",\"mainEntityOfPage\":{\"@id\":\"https:\\\/\\\/valenciasjb.salesianos.edu\\\/colegio\\\/alberto-paya-presenta-su-nuevo-libro-don-bosco-y-la-carcel-en-salesianos-san-juan-bosco-de-valencia\\\/\"},\"wordCount\":448,\"image\":{\"@id\":\"https:\\\/\\\/valenciasjb.salesianos.edu\\\/colegio\\\/alberto-paya-presenta-su-nuevo-libro-don-bosco-y-la-carcel-en-salesianos-san-juan-bosco-de-valencia\\\/#primaryimage\"},\"thumbnailUrl\":\"https:\\\/\\\/valenciasjb.salesianos.edu\\\/colegio\\\/wp-content\\\/uploads\\\/sites\\\/2\\\/2019\\\/11\\\/IMG-20191120-WA0046.jpg\",\"articleSection\":[\"Noticia Colegio\"],\"inLanguage\":\"es\"},{\"@type\":\"WebPage\",\"@id\":\"https:\\\/\\\/valenciasjb.salesianos.edu\\\/colegio\\\/alberto-paya-presenta-su-nuevo-libro-don-bosco-y-la-carcel-en-salesianos-san-juan-bosco-de-valencia\\\/\",\"url\":\"https:\\\/\\\/valenciasjb.salesianos.edu\\\/colegio\\\/alberto-paya-presenta-su-nuevo-libro-don-bosco-y-la-carcel-en-salesianos-san-juan-bosco-de-valencia\\\/\",\"name\":\"Alberto Pay\u00e1 presenta su nuevo libro \\\"Don Bosco y la c\u00e1rcel\\\" en Salesianos San Juan Bosco de Valencia - Colegio San Juan Bosco Valencia\",\"isPartOf\":{\"@id\":\"https:\\\/\\\/valenciasjb.salesianos.edu\\\/colegio\\\/#website\"},\"primaryImageOfPage\":{\"@id\":\"https:\\\/\\\/valenciasjb.salesianos.edu\\\/colegio\\\/alberto-paya-presenta-su-nuevo-libro-don-bosco-y-la-carcel-en-salesianos-san-juan-bosco-de-valencia\\\/#primaryimage\"},\"image\":{\"@id\":\"https:\\\/\\\/valenciasjb.salesianos.edu\\\/colegio\\\/alberto-paya-presenta-su-nuevo-libro-don-bosco-y-la-carcel-en-salesianos-san-juan-bosco-de-valencia\\\/#primaryimage\"},\"thumbnailUrl\":\"https:\\\/\\\/valenciasjb.salesianos.edu\\\/colegio\\\/wp-content\\\/uploads\\\/sites\\\/2\\\/2019\\\/11\\\/IMG-20191120-WA0046.jpg\",\"datePublished\":\"2019-11-21T13:12:34+00:00\",\"dateModified\":\"2019-11-21T13:12:38+00:00\",\"author\":{\"@id\":\"https:\\\/\\\/valenciasjb.salesianos.edu\\\/colegio\\\/#\\\/schema\\\/person\\\/1f45b67e52b27da175190a574db6bed9\"},\"breadcrumb\":{\"@id\":\"https:\\\/\\\/valenciasjb.salesianos.edu\\\/colegio\\\/alberto-paya-presenta-su-nuevo-libro-don-bosco-y-la-carcel-en-salesianos-san-juan-bosco-de-valencia\\\/#breadcrumb\"},\"inLanguage\":\"es\",\"potentialAction\":[{\"@type\":\"ReadAction\",\"target\":[\"https:\\\/\\\/valenciasjb.salesianos.edu\\\/colegio\\\/alberto-paya-presenta-su-nuevo-libro-don-bosco-y-la-carcel-en-salesianos-san-juan-bosco-de-valencia\\\/\"]}]},{\"@type\":\"ImageObject\",\"inLanguage\":\"es\",\"@id\":\"https:\\\/\\\/valenciasjb.salesianos.edu\\\/colegio\\\/alberto-paya-presenta-su-nuevo-libro-don-bosco-y-la-carcel-en-salesianos-san-juan-bosco-de-valencia\\\/#primaryimage\",\"url\":\"https:\\\/\\\/valenciasjb.salesianos.edu\\\/colegio\\\/wp-content\\\/uploads\\\/sites\\\/2\\\/2019\\\/11\\\/IMG-20191120-WA0046.jpg\",\"contentUrl\":\"https:\\\/\\\/valenciasjb.salesianos.edu\\\/colegio\\\/wp-content\\\/uploads\\\/sites\\\/2\\\/2019\\\/11\\\/IMG-20191120-WA0046.jpg\",\"width\":2048,\"height\":1365},{\"@type\":\"BreadcrumbList\",\"@id\":\"https:\\\/\\\/valenciasjb.salesianos.edu\\\/colegio\\\/alberto-paya-presenta-su-nuevo-libro-don-bosco-y-la-carcel-en-salesianos-san-juan-bosco-de-valencia\\\/#breadcrumb\",\"itemListElement\":[{\"@type\":\"ListItem\",\"position\":1,\"name\":\"Portada\",\"item\":\"https:\\\/\\\/valenciasjb.salesianos.edu\\\/colegio\\\/\"},{\"@type\":\"ListItem\",\"position\":2,\"name\":\"Alberto Pay\u00e1 presenta su nuevo libro \u00abDon Bosco y la c\u00e1rcel\u00bb en Salesianos San Juan Bosco de Valencia\"}]},{\"@type\":\"WebSite\",\"@id\":\"https:\\\/\\\/valenciasjb.salesianos.edu\\\/colegio\\\/#website\",\"url\":\"https:\\\/\\\/valenciasjb.salesianos.edu\\\/colegio\\\/\",\"name\":\"Colegio San Juan Bosco Valencia\",\"description\":\"P\u00e1gina oficial del Colegio Salesianos San Juan Bosco Valencia\",\"alternateName\":\"Salesianos.VSJB\",\"potentialAction\":[{\"@type\":\"SearchAction\",\"target\":{\"@type\":\"EntryPoint\",\"urlTemplate\":\"https:\\\/\\\/valenciasjb.salesianos.edu\\\/colegio\\\/?s={search_term_string}\"},\"query-input\":{\"@type\":\"PropertyValueSpecification\",\"valueRequired\":true,\"valueName\":\"search_term_string\"}}],\"inLanguage\":\"es\"},{\"@type\":\"Person\",\"@id\":\"https:\\\/\\\/valenciasjb.salesianos.edu\\\/colegio\\\/#\\\/schema\\\/person\\\/1f45b67e52b27da175190a574db6bed9\",\"name\":\"veronicapastor\",\"image\":{\"@type\":\"ImageObject\",\"inLanguage\":\"es\",\"@id\":\"https:\\\/\\\/secure.gravatar.com\\\/avatar\\\/e29bd40bace3fd935e1d6fdb7313ffc14628cc037c5e16f4c7369b20a2a6f7f0?s=96&d=mm&r=g\",\"url\":\"https:\\\/\\\/secure.gravatar.com\\\/avatar\\\/e29bd40bace3fd935e1d6fdb7313ffc14628cc037c5e16f4c7369b20a2a6f7f0?s=96&d=mm&r=g\",\"contentUrl\":\"https:\\\/\\\/secure.gravatar.com\\\/avatar\\\/e29bd40bace3fd935e1d6fdb7313ffc14628cc037c5e16f4c7369b20a2a6f7f0?s=96&d=mm&r=g\",\"caption\":\"veronicapastor\"}}]}<\/script>\n<!-- \/ Yoast SEO plugin. -->","yoast_head_json":{"title":"Alberto Pay\u00e1 presenta su nuevo libro \"Don Bosco y la c\u00e1rcel\" en Salesianos San Juan Bosco de Valencia - Colegio San Juan Bosco Valencia","robots":{"index":"index","follow":"follow","max-snippet":"max-snippet:-1","max-image-preview":"max-image-preview:large","max-video-preview":"max-video-preview:-1"},"canonical":"https:\/\/valenciasjb.salesianos.edu\/colegio\/alberto-paya-presenta-su-nuevo-libro-don-bosco-y-la-carcel-en-salesianos-san-juan-bosco-de-valencia\/","og_locale":"es_ES","og_type":"article","og_title":"Alberto Pay\u00e1 presenta su nuevo libro \"Don Bosco y la c\u00e1rcel\" en Salesianos San Juan Bosco de Valencia - Colegio San Juan Bosco Valencia","og_description":"El mi\u00e9rcoles 20 de noviembre, a las 19.30 horas, en la Sala 200 de Salesianos San Juan Bosco Valencia tuvo lugar la presentaci\u00f3n del libro \"Don Bosco y la c\u00e1rcel\", escrito por Alberto Pay\u00e1. \u00a0Redacci\u00f3n Esta obra nos lleva a un momento clave del camino vocacional de san Juan Bosco. Reci\u00e9n ordenado sacerdote, la experiencia [&hellip;]","og_url":"https:\/\/valenciasjb.salesianos.edu\/colegio\/alberto-paya-presenta-su-nuevo-libro-don-bosco-y-la-carcel-en-salesianos-san-juan-bosco-de-valencia\/","og_site_name":"Colegio San Juan Bosco Valencia","article_publisher":"https:\/\/www.facebook.com\/ColegioSalesianoSanJuanBoscoValencia","article_published_time":"2019-11-21T13:12:34+00:00","article_modified_time":"2019-11-21T13:12:38+00:00","og_image":[{"width":2048,"height":1365,"url":"https:\/\/valenciasjb.salesianos.edu\/colegio\/wp-content\/uploads\/sites\/2\/2019\/11\/IMG-20191120-WA0046.jpg","type":"image\/jpeg"}],"author":"veronicapastor","twitter_card":"summary_large_image","twitter_creator":"@SalesianosVSJB","twitter_site":"@SalesianosVSJB","twitter_misc":{"Escrito por":"veronicapastor","Tiempo de lectura":"2 minutos"},"schema":{"@context":"https:\/\/schema.org","@graph":[{"@type":"Article","@id":"https:\/\/valenciasjb.salesianos.edu\/colegio\/alberto-paya-presenta-su-nuevo-libro-don-bosco-y-la-carcel-en-salesianos-san-juan-bosco-de-valencia\/#article","isPartOf":{"@id":"https:\/\/valenciasjb.salesianos.edu\/colegio\/alberto-paya-presenta-su-nuevo-libro-don-bosco-y-la-carcel-en-salesianos-san-juan-bosco-de-valencia\/"},"author":{"name":"veronicapastor","@id":"https:\/\/valenciasjb.salesianos.edu\/colegio\/#\/schema\/person\/1f45b67e52b27da175190a574db6bed9"},"headline":"Alberto Pay\u00e1 presenta su nuevo libro \u00abDon Bosco y la c\u00e1rcel\u00bb en Salesianos San Juan Bosco de Valencia","datePublished":"2019-11-21T13:12:34+00:00","dateModified":"2019-11-21T13:12:38+00:00","mainEntityOfPage":{"@id":"https:\/\/valenciasjb.salesianos.edu\/colegio\/alberto-paya-presenta-su-nuevo-libro-don-bosco-y-la-carcel-en-salesianos-san-juan-bosco-de-valencia\/"},"wordCount":448,"image":{"@id":"https:\/\/valenciasjb.salesianos.edu\/colegio\/alberto-paya-presenta-su-nuevo-libro-don-bosco-y-la-carcel-en-salesianos-san-juan-bosco-de-valencia\/#primaryimage"},"thumbnailUrl":"https:\/\/valenciasjb.salesianos.edu\/colegio\/wp-content\/uploads\/sites\/2\/2019\/11\/IMG-20191120-WA0046.jpg","articleSection":["Noticia Colegio"],"inLanguage":"es"},{"@type":"WebPage","@id":"https:\/\/valenciasjb.salesianos.edu\/colegio\/alberto-paya-presenta-su-nuevo-libro-don-bosco-y-la-carcel-en-salesianos-san-juan-bosco-de-valencia\/","url":"https:\/\/valenciasjb.salesianos.edu\/colegio\/alberto-paya-presenta-su-nuevo-libro-don-bosco-y-la-carcel-en-salesianos-san-juan-bosco-de-valencia\/","name":"Alberto Pay\u00e1 presenta su nuevo libro \"Don Bosco y la c\u00e1rcel\" en Salesianos San Juan Bosco de Valencia - Colegio San Juan Bosco Valencia","isPartOf":{"@id":"https:\/\/valenciasjb.salesianos.edu\/colegio\/#website"},"primaryImageOfPage":{"@id":"https:\/\/valenciasjb.salesianos.edu\/colegio\/alberto-paya-presenta-su-nuevo-libro-don-bosco-y-la-carcel-en-salesianos-san-juan-bosco-de-valencia\/#primaryimage"},"image":{"@id":"https:\/\/valenciasjb.salesianos.edu\/colegio\/alberto-paya-presenta-su-nuevo-libro-don-bosco-y-la-carcel-en-salesianos-san-juan-bosco-de-valencia\/#primaryimage"},"thumbnailUrl":"https:\/\/valenciasjb.salesianos.edu\/colegio\/wp-content\/uploads\/sites\/2\/2019\/11\/IMG-20191120-WA0046.jpg","datePublished":"2019-11-21T13:12:34+00:00","dateModified":"2019-11-21T13:12:38+00:00","author":{"@id":"https:\/\/valenciasjb.salesianos.edu\/colegio\/#\/schema\/person\/1f45b67e52b27da175190a574db6bed9"},"breadcrumb":{"@id":"https:\/\/valenciasjb.salesianos.edu\/colegio\/alberto-paya-presenta-su-nuevo-libro-don-bosco-y-la-carcel-en-salesianos-san-juan-bosco-de-valencia\/#breadcrumb"},"inLanguage":"es","potentialAction":[{"@type":"ReadAction","target":["https:\/\/valenciasjb.salesianos.edu\/colegio\/alberto-paya-presenta-su-nuevo-libro-don-bosco-y-la-carcel-en-salesianos-san-juan-bosco-de-valencia\/"]}]},{"@type":"ImageObject","inLanguage":"es","@id":"https:\/\/valenciasjb.salesianos.edu\/colegio\/alberto-paya-presenta-su-nuevo-libro-don-bosco-y-la-carcel-en-salesianos-san-juan-bosco-de-valencia\/#primaryimage","url":"https:\/\/valenciasjb.salesianos.edu\/colegio\/wp-content\/uploads\/sites\/2\/2019\/11\/IMG-20191120-WA0046.jpg","contentUrl":"https:\/\/valenciasjb.salesianos.edu\/colegio\/wp-content\/uploads\/sites\/2\/2019\/11\/IMG-20191120-WA0046.jpg","width":2048,"height":1365},{"@type":"BreadcrumbList","@id":"https:\/\/valenciasjb.salesianos.edu\/colegio\/alberto-paya-presenta-su-nuevo-libro-don-bosco-y-la-carcel-en-salesianos-san-juan-bosco-de-valencia\/#breadcrumb","itemListElement":[{"@type":"ListItem","position":1,"name":"Portada","item":"https:\/\/valenciasjb.salesianos.edu\/colegio\/"},{"@type":"ListItem","position":2,"name":"Alberto Pay\u00e1 presenta su nuevo libro \u00abDon Bosco y la c\u00e1rcel\u00bb en Salesianos San Juan Bosco de Valencia"}]},{"@type":"WebSite","@id":"https:\/\/valenciasjb.salesianos.edu\/colegio\/#website","url":"https:\/\/valenciasjb.salesianos.edu\/colegio\/","name":"Colegio San Juan Bosco Valencia","description":"P\u00e1gina oficial del Colegio Salesianos San Juan Bosco Valencia","alternateName":"Salesianos.VSJB","potentialAction":[{"@type":"SearchAction","target":{"@type":"EntryPoint","urlTemplate":"https:\/\/valenciasjb.salesianos.edu\/colegio\/?s={search_term_string}"},"query-input":{"@type":"PropertyValueSpecification","valueRequired":true,"valueName":"search_term_string"}}],"inLanguage":"es"},{"@type":"Person","@id":"https:\/\/valenciasjb.salesianos.edu\/colegio\/#\/schema\/person\/1f45b67e52b27da175190a574db6bed9","name":"veronicapastor","image":{"@type":"ImageObject","inLanguage":"es","@id":"https:\/\/secure.gravatar.com\/avatar\/e29bd40bace3fd935e1d6fdb7313ffc14628cc037c5e16f4c7369b20a2a6f7f0?s=96&d=mm&r=g","url":"https:\/\/secure.gravatar.com\/avatar\/e29bd40bace3fd935e1d6fdb7313ffc14628cc037c5e16f4c7369b20a2a6f7f0?s=96&d=mm&r=g","contentUrl":"https:\/\/secure.gravatar.com\/avatar\/e29bd40bace3fd935e1d6fdb7313ffc14628cc037c5e16f4c7369b20a2a6f7f0?s=96&d=mm&r=g","caption":"veronicapastor"}}]}},"_links":{"self":[{"href":"https:\/\/valenciasjb.salesianos.edu\/colegio\/wp-json\/wp\/v2\/posts\/11625","targetHints":{"allow":["GET"]}}],"collection":[{"href":"https:\/\/valenciasjb.salesianos.edu\/colegio\/wp-json\/wp\/v2\/posts"}],"about":[{"href":"https:\/\/valenciasjb.salesianos.edu\/colegio\/wp-json\/wp\/v2\/types\/post"}],"author":[{"embeddable":true,"href":"https:\/\/valenciasjb.salesianos.edu\/colegio\/wp-json\/wp\/v2\/users\/6"}],"replies":[{"embeddable":true,"href":"https:\/\/valenciasjb.salesianos.edu\/colegio\/wp-json\/wp\/v2\/comments?post=11625"}],"version-history":[{"count":7,"href":"https:\/\/valenciasjb.salesianos.edu\/colegio\/wp-json\/wp\/v2\/posts\/11625\/revisions"}],"predecessor-version":[{"id":11643,"href":"https:\/\/valenciasjb.salesianos.edu\/colegio\/wp-json\/wp\/v2\/posts\/11625\/revisions\/11643"}],"wp:featuredmedia":[{"embeddable":true,"href":"https:\/\/valenciasjb.salesianos.edu\/colegio\/wp-json\/wp\/v2\/media\/11638"}],"wp:attachment":[{"href":"https:\/\/valenciasjb.salesianos.edu\/colegio\/wp-json\/wp\/v2\/media?parent=11625"}],"wp:term":[{"taxonomy":"category","embeddable":true,"href":"https:\/\/valenciasjb.salesianos.edu\/colegio\/wp-json\/wp\/v2\/categories?post=11625"},{"taxonomy":"post_tag","embeddable":true,"href":"https:\/\/valenciasjb.salesianos.edu\/colegio\/wp-json\/wp\/v2\/tags?post=11625"}],"curies":[{"name":"wp","href":"https:\/\/api.w.org\/{rel}","templated":true}]}}