{"id":11659,"date":"2019-11-22T16:10:05","date_gmt":"2019-11-22T15:10:05","guid":{"rendered":"https:\/\/valenciasjb.salesianos.edu\/colegio\/?p=11659"},"modified":"2019-11-22T16:10:09","modified_gmt":"2019-11-22T15:10:09","slug":"el-colegio-recoge-en-la-sede-de-la-comision-europea-en-madrid-la-renovacion-del-reconocimiento-500-por-su-excelencia-en-gestion-e-innovacion-educativa","status":"publish","type":"post","link":"https:\/\/valenciasjb.salesianos.edu\/colegio\/el-colegio-recoge-en-la-sede-de-la-comision-europea-en-madrid-la-renovacion-del-reconocimiento-500-por-su-excelencia-en-gestion-e-innovacion-educativa\/","title":{"rendered":"El colegio recoge en la sede de la Comisi\u00f3n Europea en Madrid la renovaci\u00f3n del reconocimiento 500+ por su excelencia en gesti\u00f3n e innovaci\u00f3n educativa"},"content":{"rendered":"<div id=\"fb-root\"><\/div>\n<p>[et_pb_section fb_built=\u00bb1&#8243; admin_label=\u00bbsection\u00bb _builder_version=\u00bb3.22&#8243;][et_pb_row admin_label=\u00bbrow\u00bb _builder_version=\u00bb3.25&#8243; background_size=\u00bbinitial\u00bb background_position=\u00bbtop_left\u00bb background_repeat=\u00bbrepeat\u00bb][et_pb_column type=\u00bb4_4&#8243; _builder_version=\u00bb3.25&#8243; custom_padding=\u00bb|||\u00bb custom_padding__hover=\u00bb|||\u00bb][et_pb_text admin_label=\u00bbEntradilla (Texto)\u00bb _builder_version=\u00bb4.0.6&#8243; text_font=\u00bb|on|||\u00bb text_orientation=\u00bbjustified\u00bb module_alignment=\u00bbjustified\u00bb]<\/p>\n<div id=\"resumen\">\n<p><b>En la tarde del viernes 22 de noviembre el coordinador de calidad del colegio, Roberto del R\u00edo, ha recogido en un acto oficial la renovaci\u00f3n del sello de calidad EFQM 500+ al colegio por <\/b><b>su excelencia en gesti\u00f3n e innovaci\u00f3n educativa.<\/b><\/p>\n<\/div>\n<div>\u00a0<\/div>\n<p>[\/et_pb_text][et_pb_text admin_label=\u00bbAutor (Texto)\u00bb _builder_version=\u00bb4.0.6&#8243; text_font=\u00bb||on||\u00bb]<\/p>\n<p>Redacci\u00f3n.<\/p>\n<p>[\/et_pb_text][et_pb_text admin_label=\u00bbDesarrollo (Texto)\u00bb _builder_version=\u00bb4.0.6&#8243; text_orientation=\u00bbjustified\u00bb module_alignment=\u00bbjustified\u00bb]<\/p>\n<p>\u200b<span style=\"font-weight: 400\">Se suma a la alegr\u00eda de ver reconocido el trabajo en pro de la mejora continua, el hecho de haber certificado de forma conjunta, por segunda vez, con el colegio Salesianos San Antonio Abad. Esta circunstancia hace que el nivel de sinton\u00eda y trabajo coordinado d\u00e9 tambi\u00e9n fruto. El trabajo en red y la optimizaci\u00f3n de recursos es la idea que subyace tras esta modalidad de certificaci\u00f3n.<\/span><\/p>\n<p><span style=\"font-weight: 400\">El viernes 22 de noviembre, en Madrid, ha tenido lugar el acto de recogida de los certificados y, previo a este, se ha recibido el informe de la evaluaci\u00f3n realizada, donde la puntuaci\u00f3n de la \u00faltima evaluaci\u00f3n se ha superado y son muchas las mejoras implementadas.<\/span><\/p>\n<p><span style=\"font-weight: 400\">Tras la auditor\u00eda se destaca la ilusi\u00f3n porque, adem\u00e1s de los logros ya alcanzados, son muchas las \u00e1reas en las que poder seguir creciendo y mejorando. Este es el compromiso que se tiene desde el colegio con las familias y los j\u00f3venes que conf\u00edan en este centro.<\/span><\/p>\n<p>[\/et_pb_text][et_pb_text disabled_on=\u00bboff|on|on\u00bb admin_label=\u00bbT\u00edtulo: Galer\u00eda de fotos (Texto)\u00bb _builder_version=\u00bb3.27.4&#8243; text_font=\u00bb|on|||\u00bb text_text_color=\u00bb#dc001b\u00bb border_style=\u00bbsolid\u00bb]Galer\u00eda de im\u00e1genes[\/et_pb_text][et_pb_gallery posts_number=\u00bb8&#8243; show_title_and_caption=\u00bboff\u00bb zoom_icon_color=\u00bb#dc001b\u00bb hover_icon=\u00bb%%51%%\u00bb disabled_on=\u00bboff|off|off\u00bb _builder_version=\u00bb4.0.6&#8243; hover_enabled=\u00bb0&#8243; pagination_font_size_tablet=\u00bb51&#8243; pagination_line_height_tablet=\u00bb2&#8243; gallery_ids=\u00bb11662,11664,11665,11666,11667&#8243;][\/et_pb_gallery][et_pb_video disabled_on=\u00bbon|on|on\u00bb _builder_version=\u00bb3.0.51&#8243; disabled=\u00bbon\u00bb][\/et_pb_video][\/et_pb_column][\/et_pb_row][\/et_pb_section]<\/p>\n<!-- AddThis Advanced Settings generic via filter on the_content --><!-- AddThis Share Buttons generic via filter on the_content -->","protected":false},"excerpt":{"rendered":"<p>En la tarde del viernes 22 de noviembre el coordinador de calidad del colegio, Roberto del R\u00edo, ha recogido en un acto oficial la renovaci\u00f3n del sello de calidad EFQM 500+ al colegio por su excelencia en gesti\u00f3n e innovaci\u00f3n educativa. \u00a0Redacci\u00f3n.\u200bSe suma a la alegr\u00eda de ver reconocido el trabajo en pro de la [&hellip;]<\/p>\n<p><!-- AddThis Advanced Settings generic via filter on get_the_excerpt --><!-- AddThis Share Buttons generic via filter on get_the_excerpt --><\/p>\n","protected":false},"author":6,"featured_media":11662,"comment_status":"closed","ping_status":"open","sticky":false,"template":"","format":"standard","meta":{"_et_pb_use_builder":"on","_et_pb_old_content":"","_et_gb_content_width":"","footnotes":""},"categories":[14],"tags":[],"class_list":["post-11659","post","type-post","status-publish","format-standard","has-post-thumbnail","hentry","category-noticia_colegio"],"yoast_head":"<!-- This site is optimized with the Yoast SEO plugin v28.4 - https:\/\/yoast.com\/product\/yoast-seo-wordpress\/ -->\n<title>El colegio recoge en la sede de la Comisi\u00f3n Europea en Madrid la renovaci\u00f3n del reconocimiento 500+ por su excelencia en gesti\u00f3n e innovaci\u00f3n educativa - Colegio San Juan Bosco Valencia<\/title>\n<meta name=\"robots\" content=\"index, follow, max-snippet:-1, max-image-preview:large, max-video-preview:-1\" \/>\n<link rel=\"canonical\" href=\"https:\/\/valenciasjb.salesianos.edu\/colegio\/el-colegio-recoge-en-la-sede-de-la-comision-europea-en-madrid-la-renovacion-del-reconocimiento-500-por-su-excelencia-en-gestion-e-innovacion-educativa\/\" \/>\n<meta property=\"og:locale\" content=\"es_ES\" \/>\n<meta property=\"og:type\" content=\"article\" \/>\n<meta property=\"og:title\" content=\"El colegio recoge en la sede de la Comisi\u00f3n Europea en Madrid la renovaci\u00f3n del reconocimiento 500+ por su excelencia en gesti\u00f3n e innovaci\u00f3n educativa - Colegio San Juan Bosco Valencia\" \/>\n<meta property=\"og:description\" content=\"En la tarde del viernes 22 de noviembre el coordinador de calidad del colegio, Roberto del R\u00edo, ha recogido en un acto oficial la renovaci\u00f3n del sello de calidad EFQM 500+ al colegio por su excelencia en gesti\u00f3n e innovaci\u00f3n educativa. \u00a0Redacci\u00f3n.\u200bSe suma a la alegr\u00eda de ver reconocido el trabajo en pro de la [&hellip;]\" \/>\n<meta property=\"og:url\" content=\"https:\/\/valenciasjb.salesianos.edu\/colegio\/el-colegio-recoge-en-la-sede-de-la-comision-europea-en-madrid-la-renovacion-del-reconocimiento-500-por-su-excelencia-en-gestion-e-innovacion-educativa\/\" \/>\n<meta property=\"og:site_name\" content=\"Colegio San Juan Bosco Valencia\" \/>\n<meta property=\"article:publisher\" content=\"https:\/\/www.facebook.com\/ColegioSalesianoSanJuanBoscoValencia\" \/>\n<meta property=\"article:published_time\" content=\"2019-11-22T15:10:05+00:00\" \/>\n<meta property=\"article:modified_time\" content=\"2019-11-22T15:10:09+00:00\" \/>\n<meta property=\"og:image\" content=\"https:\/\/valenciasjb.salesianos.edu\/colegio\/wp-content\/uploads\/sites\/2\/2019\/11\/IMG-20191122-WA0002.jpg\" \/>\n\t<meta property=\"og:image:width\" content=\"1500\" \/>\n\t<meta property=\"og:image:height\" content=\"2000\" \/>\n\t<meta property=\"og:image:type\" content=\"image\/jpeg\" \/>\n<meta name=\"author\" content=\"veronicapastor\" \/>\n<meta name=\"twitter:card\" content=\"summary_large_image\" \/>\n<meta name=\"twitter:creator\" content=\"@SalesianosVSJB\" \/>\n<meta name=\"twitter:site\" content=\"@SalesianosVSJB\" \/>\n<meta name=\"twitter:label1\" content=\"Escrito por\" \/>\n\t<meta name=\"twitter:data1\" content=\"veronicapastor\" \/>\n\t<meta name=\"twitter:label2\" content=\"Tiempo de lectura\" \/>\n\t<meta name=\"twitter:data2\" content=\"2 minutos\" \/>\n<script type=\"application\/ld+json\" class=\"yoast-schema-graph\">{\"@context\":\"https:\\\/\\\/schema.org\",\"@graph\":[{\"@type\":\"Article\",\"@id\":\"https:\\\/\\\/valenciasjb.salesianos.edu\\\/colegio\\\/el-colegio-recoge-en-la-sede-de-la-comision-europea-en-madrid-la-renovacion-del-reconocimiento-500-por-su-excelencia-en-gestion-e-innovacion-educativa\\\/#article\",\"isPartOf\":{\"@id\":\"https:\\\/\\\/valenciasjb.salesianos.edu\\\/colegio\\\/el-colegio-recoge-en-la-sede-de-la-comision-europea-en-madrid-la-renovacion-del-reconocimiento-500-por-su-excelencia-en-gestion-e-innovacion-educativa\\\/\"},\"author\":{\"name\":\"veronicapastor\",\"@id\":\"https:\\\/\\\/valenciasjb.salesianos.edu\\\/colegio\\\/#\\\/schema\\\/person\\\/1f45b67e52b27da175190a574db6bed9\"},\"headline\":\"El colegio recoge en la sede de la Comisi\u00f3n Europea en Madrid la renovaci\u00f3n del reconocimiento 500+ por su excelencia en gesti\u00f3n e innovaci\u00f3n educativa\",\"datePublished\":\"2019-11-22T15:10:05+00:00\",\"dateModified\":\"2019-11-22T15:10:09+00:00\",\"mainEntityOfPage\":{\"@id\":\"https:\\\/\\\/valenciasjb.salesianos.edu\\\/colegio\\\/el-colegio-recoge-en-la-sede-de-la-comision-europea-en-madrid-la-renovacion-del-reconocimiento-500-por-su-excelencia-en-gestion-e-innovacion-educativa\\\/\"},\"wordCount\":439,\"image\":{\"@id\":\"https:\\\/\\\/valenciasjb.salesianos.edu\\\/colegio\\\/el-colegio-recoge-en-la-sede-de-la-comision-europea-en-madrid-la-renovacion-del-reconocimiento-500-por-su-excelencia-en-gestion-e-innovacion-educativa\\\/#primaryimage\"},\"thumbnailUrl\":\"https:\\\/\\\/valenciasjb.salesianos.edu\\\/colegio\\\/wp-content\\\/uploads\\\/sites\\\/2\\\/2019\\\/11\\\/IMG-20191122-WA0002.jpg\",\"articleSection\":[\"Noticia Colegio\"],\"inLanguage\":\"es\"},{\"@type\":\"WebPage\",\"@id\":\"https:\\\/\\\/valenciasjb.salesianos.edu\\\/colegio\\\/el-colegio-recoge-en-la-sede-de-la-comision-europea-en-madrid-la-renovacion-del-reconocimiento-500-por-su-excelencia-en-gestion-e-innovacion-educativa\\\/\",\"url\":\"https:\\\/\\\/valenciasjb.salesianos.edu\\\/colegio\\\/el-colegio-recoge-en-la-sede-de-la-comision-europea-en-madrid-la-renovacion-del-reconocimiento-500-por-su-excelencia-en-gestion-e-innovacion-educativa\\\/\",\"name\":\"El colegio recoge en la sede de la Comisi\u00f3n Europea en Madrid la renovaci\u00f3n del reconocimiento 500+ por su excelencia en gesti\u00f3n e innovaci\u00f3n educativa - Colegio San Juan Bosco Valencia\",\"isPartOf\":{\"@id\":\"https:\\\/\\\/valenciasjb.salesianos.edu\\\/colegio\\\/#website\"},\"primaryImageOfPage\":{\"@id\":\"https:\\\/\\\/valenciasjb.salesianos.edu\\\/colegio\\\/el-colegio-recoge-en-la-sede-de-la-comision-europea-en-madrid-la-renovacion-del-reconocimiento-500-por-su-excelencia-en-gestion-e-innovacion-educativa\\\/#primaryimage\"},\"image\":{\"@id\":\"https:\\\/\\\/valenciasjb.salesianos.edu\\\/colegio\\\/el-colegio-recoge-en-la-sede-de-la-comision-europea-en-madrid-la-renovacion-del-reconocimiento-500-por-su-excelencia-en-gestion-e-innovacion-educativa\\\/#primaryimage\"},\"thumbnailUrl\":\"https:\\\/\\\/valenciasjb.salesianos.edu\\\/colegio\\\/wp-content\\\/uploads\\\/sites\\\/2\\\/2019\\\/11\\\/IMG-20191122-WA0002.jpg\",\"datePublished\":\"2019-11-22T15:10:05+00:00\",\"dateModified\":\"2019-11-22T15:10:09+00:00\",\"author\":{\"@id\":\"https:\\\/\\\/valenciasjb.salesianos.edu\\\/colegio\\\/#\\\/schema\\\/person\\\/1f45b67e52b27da175190a574db6bed9\"},\"breadcrumb\":{\"@id\":\"https:\\\/\\\/valenciasjb.salesianos.edu\\\/colegio\\\/el-colegio-recoge-en-la-sede-de-la-comision-europea-en-madrid-la-renovacion-del-reconocimiento-500-por-su-excelencia-en-gestion-e-innovacion-educativa\\\/#breadcrumb\"},\"inLanguage\":\"es\",\"potentialAction\":[{\"@type\":\"ReadAction\",\"target\":[\"https:\\\/\\\/valenciasjb.salesianos.edu\\\/colegio\\\/el-colegio-recoge-en-la-sede-de-la-comision-europea-en-madrid-la-renovacion-del-reconocimiento-500-por-su-excelencia-en-gestion-e-innovacion-educativa\\\/\"]}]},{\"@type\":\"ImageObject\",\"inLanguage\":\"es\",\"@id\":\"https:\\\/\\\/valenciasjb.salesianos.edu\\\/colegio\\\/el-colegio-recoge-en-la-sede-de-la-comision-europea-en-madrid-la-renovacion-del-reconocimiento-500-por-su-excelencia-en-gestion-e-innovacion-educativa\\\/#primaryimage\",\"url\":\"https:\\\/\\\/valenciasjb.salesianos.edu\\\/colegio\\\/wp-content\\\/uploads\\\/sites\\\/2\\\/2019\\\/11\\\/IMG-20191122-WA0002.jpg\",\"contentUrl\":\"https:\\\/\\\/valenciasjb.salesianos.edu\\\/colegio\\\/wp-content\\\/uploads\\\/sites\\\/2\\\/2019\\\/11\\\/IMG-20191122-WA0002.jpg\",\"width\":1500,\"height\":2000},{\"@type\":\"BreadcrumbList\",\"@id\":\"https:\\\/\\\/valenciasjb.salesianos.edu\\\/colegio\\\/el-colegio-recoge-en-la-sede-de-la-comision-europea-en-madrid-la-renovacion-del-reconocimiento-500-por-su-excelencia-en-gestion-e-innovacion-educativa\\\/#breadcrumb\",\"itemListElement\":[{\"@type\":\"ListItem\",\"position\":1,\"name\":\"Portada\",\"item\":\"https:\\\/\\\/valenciasjb.salesianos.edu\\\/colegio\\\/\"},{\"@type\":\"ListItem\",\"position\":2,\"name\":\"El colegio recoge en la sede de la Comisi\u00f3n Europea en Madrid la renovaci\u00f3n del reconocimiento 500+ por su excelencia en gesti\u00f3n e innovaci\u00f3n educativa\"}]},{\"@type\":\"WebSite\",\"@id\":\"https:\\\/\\\/valenciasjb.salesianos.edu\\\/colegio\\\/#website\",\"url\":\"https:\\\/\\\/valenciasjb.salesianos.edu\\\/colegio\\\/\",\"name\":\"Colegio San Juan Bosco Valencia\",\"description\":\"P\u00e1gina oficial del Colegio Salesianos San Juan Bosco Valencia\",\"alternateName\":\"Salesianos.VSJB\",\"potentialAction\":[{\"@type\":\"SearchAction\",\"target\":{\"@type\":\"EntryPoint\",\"urlTemplate\":\"https:\\\/\\\/valenciasjb.salesianos.edu\\\/colegio\\\/?s={search_term_string}\"},\"query-input\":{\"@type\":\"PropertyValueSpecification\",\"valueRequired\":true,\"valueName\":\"search_term_string\"}}],\"inLanguage\":\"es\"},{\"@type\":\"Person\",\"@id\":\"https:\\\/\\\/valenciasjb.salesianos.edu\\\/colegio\\\/#\\\/schema\\\/person\\\/1f45b67e52b27da175190a574db6bed9\",\"name\":\"veronicapastor\",\"image\":{\"@type\":\"ImageObject\",\"inLanguage\":\"es\",\"@id\":\"https:\\\/\\\/secure.gravatar.com\\\/avatar\\\/e29bd40bace3fd935e1d6fdb7313ffc14628cc037c5e16f4c7369b20a2a6f7f0?s=96&d=mm&r=g\",\"url\":\"https:\\\/\\\/secure.gravatar.com\\\/avatar\\\/e29bd40bace3fd935e1d6fdb7313ffc14628cc037c5e16f4c7369b20a2a6f7f0?s=96&d=mm&r=g\",\"contentUrl\":\"https:\\\/\\\/secure.gravatar.com\\\/avatar\\\/e29bd40bace3fd935e1d6fdb7313ffc14628cc037c5e16f4c7369b20a2a6f7f0?s=96&d=mm&r=g\",\"caption\":\"veronicapastor\"}}]}<\/script>\n<!-- \/ Yoast SEO plugin. -->","yoast_head_json":{"title":"El colegio recoge en la sede de la Comisi\u00f3n Europea en Madrid la renovaci\u00f3n del reconocimiento 500+ por su excelencia en gesti\u00f3n e innovaci\u00f3n educativa - Colegio San Juan Bosco Valencia","robots":{"index":"index","follow":"follow","max-snippet":"max-snippet:-1","max-image-preview":"max-image-preview:large","max-video-preview":"max-video-preview:-1"},"canonical":"https:\/\/valenciasjb.salesianos.edu\/colegio\/el-colegio-recoge-en-la-sede-de-la-comision-europea-en-madrid-la-renovacion-del-reconocimiento-500-por-su-excelencia-en-gestion-e-innovacion-educativa\/","og_locale":"es_ES","og_type":"article","og_title":"El colegio recoge en la sede de la Comisi\u00f3n Europea en Madrid la renovaci\u00f3n del reconocimiento 500+ por su excelencia en gesti\u00f3n e innovaci\u00f3n educativa - Colegio San Juan Bosco Valencia","og_description":"En la tarde del viernes 22 de noviembre el coordinador de calidad del colegio, Roberto del R\u00edo, ha recogido en un acto oficial la renovaci\u00f3n del sello de calidad EFQM 500+ al colegio por su excelencia en gesti\u00f3n e innovaci\u00f3n educativa. \u00a0Redacci\u00f3n.\u200bSe suma a la alegr\u00eda de ver reconocido el trabajo en pro de la [&hellip;]","og_url":"https:\/\/valenciasjb.salesianos.edu\/colegio\/el-colegio-recoge-en-la-sede-de-la-comision-europea-en-madrid-la-renovacion-del-reconocimiento-500-por-su-excelencia-en-gestion-e-innovacion-educativa\/","og_site_name":"Colegio San Juan Bosco Valencia","article_publisher":"https:\/\/www.facebook.com\/ColegioSalesianoSanJuanBoscoValencia","article_published_time":"2019-11-22T15:10:05+00:00","article_modified_time":"2019-11-22T15:10:09+00:00","og_image":[{"width":1500,"height":2000,"url":"https:\/\/valenciasjb.salesianos.edu\/colegio\/wp-content\/uploads\/sites\/2\/2019\/11\/IMG-20191122-WA0002.jpg","type":"image\/jpeg"}],"author":"veronicapastor","twitter_card":"summary_large_image","twitter_creator":"@SalesianosVSJB","twitter_site":"@SalesianosVSJB","twitter_misc":{"Escrito por":"veronicapastor","Tiempo de lectura":"2 minutos"},"schema":{"@context":"https:\/\/schema.org","@graph":[{"@type":"Article","@id":"https:\/\/valenciasjb.salesianos.edu\/colegio\/el-colegio-recoge-en-la-sede-de-la-comision-europea-en-madrid-la-renovacion-del-reconocimiento-500-por-su-excelencia-en-gestion-e-innovacion-educativa\/#article","isPartOf":{"@id":"https:\/\/valenciasjb.salesianos.edu\/colegio\/el-colegio-recoge-en-la-sede-de-la-comision-europea-en-madrid-la-renovacion-del-reconocimiento-500-por-su-excelencia-en-gestion-e-innovacion-educativa\/"},"author":{"name":"veronicapastor","@id":"https:\/\/valenciasjb.salesianos.edu\/colegio\/#\/schema\/person\/1f45b67e52b27da175190a574db6bed9"},"headline":"El colegio recoge en la sede de la Comisi\u00f3n Europea en Madrid la renovaci\u00f3n del reconocimiento 500+ por su excelencia en gesti\u00f3n e innovaci\u00f3n educativa","datePublished":"2019-11-22T15:10:05+00:00","dateModified":"2019-11-22T15:10:09+00:00","mainEntityOfPage":{"@id":"https:\/\/valenciasjb.salesianos.edu\/colegio\/el-colegio-recoge-en-la-sede-de-la-comision-europea-en-madrid-la-renovacion-del-reconocimiento-500-por-su-excelencia-en-gestion-e-innovacion-educativa\/"},"wordCount":439,"image":{"@id":"https:\/\/valenciasjb.salesianos.edu\/colegio\/el-colegio-recoge-en-la-sede-de-la-comision-europea-en-madrid-la-renovacion-del-reconocimiento-500-por-su-excelencia-en-gestion-e-innovacion-educativa\/#primaryimage"},"thumbnailUrl":"https:\/\/valenciasjb.salesianos.edu\/colegio\/wp-content\/uploads\/sites\/2\/2019\/11\/IMG-20191122-WA0002.jpg","articleSection":["Noticia Colegio"],"inLanguage":"es"},{"@type":"WebPage","@id":"https:\/\/valenciasjb.salesianos.edu\/colegio\/el-colegio-recoge-en-la-sede-de-la-comision-europea-en-madrid-la-renovacion-del-reconocimiento-500-por-su-excelencia-en-gestion-e-innovacion-educativa\/","url":"https:\/\/valenciasjb.salesianos.edu\/colegio\/el-colegio-recoge-en-la-sede-de-la-comision-europea-en-madrid-la-renovacion-del-reconocimiento-500-por-su-excelencia-en-gestion-e-innovacion-educativa\/","name":"El colegio recoge en la sede de la Comisi\u00f3n Europea en Madrid la renovaci\u00f3n del reconocimiento 500+ por su excelencia en gesti\u00f3n e innovaci\u00f3n educativa - Colegio San Juan Bosco Valencia","isPartOf":{"@id":"https:\/\/valenciasjb.salesianos.edu\/colegio\/#website"},"primaryImageOfPage":{"@id":"https:\/\/valenciasjb.salesianos.edu\/colegio\/el-colegio-recoge-en-la-sede-de-la-comision-europea-en-madrid-la-renovacion-del-reconocimiento-500-por-su-excelencia-en-gestion-e-innovacion-educativa\/#primaryimage"},"image":{"@id":"https:\/\/valenciasjb.salesianos.edu\/colegio\/el-colegio-recoge-en-la-sede-de-la-comision-europea-en-madrid-la-renovacion-del-reconocimiento-500-por-su-excelencia-en-gestion-e-innovacion-educativa\/#primaryimage"},"thumbnailUrl":"https:\/\/valenciasjb.salesianos.edu\/colegio\/wp-content\/uploads\/sites\/2\/2019\/11\/IMG-20191122-WA0002.jpg","datePublished":"2019-11-22T15:10:05+00:00","dateModified":"2019-11-22T15:10:09+00:00","author":{"@id":"https:\/\/valenciasjb.salesianos.edu\/colegio\/#\/schema\/person\/1f45b67e52b27da175190a574db6bed9"},"breadcrumb":{"@id":"https:\/\/valenciasjb.salesianos.edu\/colegio\/el-colegio-recoge-en-la-sede-de-la-comision-europea-en-madrid-la-renovacion-del-reconocimiento-500-por-su-excelencia-en-gestion-e-innovacion-educativa\/#breadcrumb"},"inLanguage":"es","potentialAction":[{"@type":"ReadAction","target":["https:\/\/valenciasjb.salesianos.edu\/colegio\/el-colegio-recoge-en-la-sede-de-la-comision-europea-en-madrid-la-renovacion-del-reconocimiento-500-por-su-excelencia-en-gestion-e-innovacion-educativa\/"]}]},{"@type":"ImageObject","inLanguage":"es","@id":"https:\/\/valenciasjb.salesianos.edu\/colegio\/el-colegio-recoge-en-la-sede-de-la-comision-europea-en-madrid-la-renovacion-del-reconocimiento-500-por-su-excelencia-en-gestion-e-innovacion-educativa\/#primaryimage","url":"https:\/\/valenciasjb.salesianos.edu\/colegio\/wp-content\/uploads\/sites\/2\/2019\/11\/IMG-20191122-WA0002.jpg","contentUrl":"https:\/\/valenciasjb.salesianos.edu\/colegio\/wp-content\/uploads\/sites\/2\/2019\/11\/IMG-20191122-WA0002.jpg","width":1500,"height":2000},{"@type":"BreadcrumbList","@id":"https:\/\/valenciasjb.salesianos.edu\/colegio\/el-colegio-recoge-en-la-sede-de-la-comision-europea-en-madrid-la-renovacion-del-reconocimiento-500-por-su-excelencia-en-gestion-e-innovacion-educativa\/#breadcrumb","itemListElement":[{"@type":"ListItem","position":1,"name":"Portada","item":"https:\/\/valenciasjb.salesianos.edu\/colegio\/"},{"@type":"ListItem","position":2,"name":"El colegio recoge en la sede de la Comisi\u00f3n Europea en Madrid la renovaci\u00f3n del reconocimiento 500+ por su excelencia en gesti\u00f3n e innovaci\u00f3n educativa"}]},{"@type":"WebSite","@id":"https:\/\/valenciasjb.salesianos.edu\/colegio\/#website","url":"https:\/\/valenciasjb.salesianos.edu\/colegio\/","name":"Colegio San Juan Bosco Valencia","description":"P\u00e1gina oficial del Colegio Salesianos San Juan Bosco Valencia","alternateName":"Salesianos.VSJB","potentialAction":[{"@type":"SearchAction","target":{"@type":"EntryPoint","urlTemplate":"https:\/\/valenciasjb.salesianos.edu\/colegio\/?s={search_term_string}"},"query-input":{"@type":"PropertyValueSpecification","valueRequired":true,"valueName":"search_term_string"}}],"inLanguage":"es"},{"@type":"Person","@id":"https:\/\/valenciasjb.salesianos.edu\/colegio\/#\/schema\/person\/1f45b67e52b27da175190a574db6bed9","name":"veronicapastor","image":{"@type":"ImageObject","inLanguage":"es","@id":"https:\/\/secure.gravatar.com\/avatar\/e29bd40bace3fd935e1d6fdb7313ffc14628cc037c5e16f4c7369b20a2a6f7f0?s=96&d=mm&r=g","url":"https:\/\/secure.gravatar.com\/avatar\/e29bd40bace3fd935e1d6fdb7313ffc14628cc037c5e16f4c7369b20a2a6f7f0?s=96&d=mm&r=g","contentUrl":"https:\/\/secure.gravatar.com\/avatar\/e29bd40bace3fd935e1d6fdb7313ffc14628cc037c5e16f4c7369b20a2a6f7f0?s=96&d=mm&r=g","caption":"veronicapastor"}}]}},"_links":{"self":[{"href":"https:\/\/valenciasjb.salesianos.edu\/colegio\/wp-json\/wp\/v2\/posts\/11659","targetHints":{"allow":["GET"]}}],"collection":[{"href":"https:\/\/valenciasjb.salesianos.edu\/colegio\/wp-json\/wp\/v2\/posts"}],"about":[{"href":"https:\/\/valenciasjb.salesianos.edu\/colegio\/wp-json\/wp\/v2\/types\/post"}],"author":[{"embeddable":true,"href":"https:\/\/valenciasjb.salesianos.edu\/colegio\/wp-json\/wp\/v2\/users\/6"}],"replies":[{"embeddable":true,"href":"https:\/\/valenciasjb.salesianos.edu\/colegio\/wp-json\/wp\/v2\/comments?post=11659"}],"version-history":[{"count":3,"href":"https:\/\/valenciasjb.salesianos.edu\/colegio\/wp-json\/wp\/v2\/posts\/11659\/revisions"}],"predecessor-version":[{"id":11668,"href":"https:\/\/valenciasjb.salesianos.edu\/colegio\/wp-json\/wp\/v2\/posts\/11659\/revisions\/11668"}],"wp:featuredmedia":[{"embeddable":true,"href":"https:\/\/valenciasjb.salesianos.edu\/colegio\/wp-json\/wp\/v2\/media\/11662"}],"wp:attachment":[{"href":"https:\/\/valenciasjb.salesianos.edu\/colegio\/wp-json\/wp\/v2\/media?parent=11659"}],"wp:term":[{"taxonomy":"category","embeddable":true,"href":"https:\/\/valenciasjb.salesianos.edu\/colegio\/wp-json\/wp\/v2\/categories?post=11659"},{"taxonomy":"post_tag","embeddable":true,"href":"https:\/\/valenciasjb.salesianos.edu\/colegio\/wp-json\/wp\/v2\/tags?post=11659"}],"curies":[{"name":"wp","href":"https:\/\/api.w.org\/{rel}","templated":true}]}}