{"id":11713,"date":"2019-12-03T19:41:29","date_gmt":"2019-12-03T18:41:29","guid":{"rendered":"https:\/\/valenciasjb.salesianos.edu\/colegio\/los-responsables-de-la-comunicacion-social-de-los-diferentes-ambientes-de-la-casa-mantienen-una-reunion-de-coordinacion-3\/"},"modified":"2019-12-03T19:41:29","modified_gmt":"2019-12-03T18:41:29","slug":"los-responsables-de-la-comunicacion-social-de-los-diferentes-ambientes-de-la-casa-mantienen-una-reunion-de-coordinacion-3","status":"publish","type":"post","link":"https:\/\/valenciasjb.salesianos.edu\/colegio\/los-responsables-de-la-comunicacion-social-de-los-diferentes-ambientes-de-la-casa-mantienen-una-reunion-de-coordinacion-3\/","title":{"rendered":". Los responsables de la comunicaci\u00f3n social de los diferentes ambientes de la casa mantienen una reuni\u00f3n de coordinaci\u00f3n"},"content":{"rendered":"<div id=\"fb-root\"><\/div>\n<p>[et_pb_section fb_built=\u00bb1&#8243; admin_label=\u00bbsection\u00bb _builder_version=\u00bb3.22&#8243;][et_pb_row admin_label=\u00bbrow\u00bb _builder_version=\u00bb3.25&#8243; background_size=\u00bbinitial\u00bb background_position=\u00bbtop_left\u00bb background_repeat=\u00bbrepeat\u00bb][et_pb_column type=\u00bb4_4&#8243; _builder_version=\u00bb3.25&#8243; custom_padding=\u00bb|||\u00bb custom_padding__hover=\u00bb|||\u00bb][et_pb_text admin_label=\u00bbEntradilla (Texto)\u00bb _builder_version=\u00bb4.0.6&#8243; text_font=\u00bb|on|||\u00bb text_orientation=\u00bbjustified\u00bb module_alignment=\u00bbjustified\u00bb hover_enabled=\u00bb0&#8243;]<\/p>\n<div id=\"resumen\"><strong>En la tarde del lunes, 2 de diciembre, en la sala de juntas, los responsables de la comunicaci\u00f3n social de los diferentes ambientes de la casa mantuvieron una reuni\u00f3n de coordinaci\u00f3n para fijar unas l\u00edneas comunes de trabajo de cara a este a\u00f1o. Este ha sido un importante momento de unidad en pro de la comunicaci\u00f3n social de esta presencia salesiana, para dar voz a los j\u00f3venes y anunciar un mensaje de esperanza y de b\u00fasqueda de un mundo m\u00e1s justo y m\u00e1s fraterno.<br \/><\/strong><\/div>\n<div>\u00a0<\/div>\n<p>[\/et_pb_text][et_pb_text admin_label=\u00bbAutor (Texto)\u00bb _builder_version=\u00bb3.27.4&#8243; text_font=\u00bb||on||\u00bb]Redacci\u00f3n<br \/>\n[\/et_pb_text][et_pb_text admin_label=\u00bbDesarrollo (Texto)\u00bb _builder_version=\u00bb4.0.6&#8243; text_orientation=\u00bbjustified\u00bb module_alignment=\u00bbjustified\u00bb hover_enabled=\u00bb0&#8243;]<\/p>\n<p>La colaboraci\u00f3n y el trabajo en equipo es una de las caracter\u00edsticas que definen a la casa salesiana San Juan Bosco de Valencia. Es por ello que la comunicaci\u00f3n social de los diferentes ambientes la hacemos en sinton\u00eda con nuestro ideario, aunando esfuerzos y cooperando, con unos objetivos claros y bien definidos. Para ello, es preciso contar con un equipo de personas vocacionadas.<\/p>\n<p>Sin duda, esta reuni\u00f3n servir\u00e1 para una mayor coordinaci\u00f3n de las diferentes iniciativas y canales de comunicaci\u00f3n, para seguir apostando por una mejora constante, siempre en equipo y con la colaboraci\u00f3n de todos y todas las personas que formamos parte de esta gran comunidad.<\/p>\n<p>[\/et_pb_text][et_pb_text disabled_on=\u00bboff|on|on\u00bb admin_label=\u00bbT\u00edtulo: Galer\u00eda de fotos (Texto)\u00bb _builder_version=\u00bb3.27.4&#8243; text_font=\u00bb|on|||\u00bb text_text_color=\u00bb#dc001b\u00bb border_style=\u00bbsolid\u00bb]Galer\u00eda de im\u00e1genes<br \/>\n[\/et_pb_text][et_pb_gallery posts_number=\u00bb8&#8243; show_title_and_caption=\u00bboff\u00bb zoom_icon_color=\u00bb#dc001b\u00bb hover_icon=\u00bb%%51%%\u00bb disabled_on=\u00bboff|off|off\u00bb _builder_version=\u00bb4.0.6&#8243; pagination_font_size_tablet=\u00bb51&#8243; pagination_line_height_tablet=\u00bb2&#8243;][\/et_pb_gallery][et_pb_video disabled_on=\u00bbon|on|on\u00bb _builder_version=\u00bb3.0.51&#8243; disabled=\u00bbon\u00bb][\/et_pb_video][\/et_pb_column][\/et_pb_row][\/et_pb_section][et_pb_section fb_built=\u00bb1&#8243; _builder_version=\u00bb4.0.6&#8243;][et_pb_row _builder_version=\u00bb4.0.6&#8243;][et_pb_column _builder_version=\u00bb4.0.6&#8243; type=\u00bb4_4&#8243;][et_pb_image _builder_version=\u00bb4.0.6&#8243; src=\u00bbhttps:\/\/valenciasjb.salesianos.edu\/colegio\/wp-content\/uploads\/sites\/2\/2019\/12\/IMG-20191202-WA0050.jpg\u00bb hover_enabled=\u00bb0&#8243;][\/et_pb_image][\/et_pb_column][\/et_pb_row][\/et_pb_section]<\/p>\n<!-- AddThis Advanced Settings generic via filter on the_content --><!-- AddThis Share Buttons generic via filter on the_content -->","protected":false},"excerpt":{"rendered":"<p>En la tarde del lunes, 2 de diciembre, en la sala de juntas, los responsables de la comunicaci\u00f3n social de los diferentes ambientes de la casa mantuvieron una reuni\u00f3n de coordinaci\u00f3n para fijar unas l\u00edneas comunes de trabajo de cara a este a\u00f1o. Este ha sido un importante momento de unidad en pro de la [&hellip;]<\/p>\n<p><!-- AddThis Advanced Settings generic via filter on get_the_excerpt --><!-- AddThis Share Buttons generic via filter on get_the_excerpt --><\/p>\n","protected":false},"author":6,"featured_media":11711,"comment_status":"closed","ping_status":"open","sticky":false,"template":"","format":"standard","meta":{"_et_pb_use_builder":"on","_et_pb_old_content":"","_et_gb_content_width":"","footnotes":""},"categories":[9],"tags":[],"class_list":["post-11713","post","type-post","status-publish","format-standard","has-post-thumbnail","hentry","category-noticias"],"yoast_head":"<!-- This site is optimized with the Yoast SEO plugin v28.4 - https:\/\/yoast.com\/product\/yoast-seo-wordpress\/ -->\n<title>. Los responsables de la comunicaci\u00f3n social de los diferentes ambientes de la casa mantienen una reuni\u00f3n de coordinaci\u00f3n - Colegio San Juan Bosco Valencia<\/title>\n<meta name=\"robots\" content=\"index, follow, max-snippet:-1, max-image-preview:large, max-video-preview:-1\" \/>\n<link rel=\"canonical\" href=\"https:\/\/valenciasjb.salesianos.edu\/colegio\/los-responsables-de-la-comunicacion-social-de-los-diferentes-ambientes-de-la-casa-mantienen-una-reunion-de-coordinacion-3\/\" \/>\n<meta property=\"og:locale\" content=\"es_ES\" \/>\n<meta property=\"og:type\" content=\"article\" \/>\n<meta property=\"og:title\" content=\". Los responsables de la comunicaci\u00f3n social de los diferentes ambientes de la casa mantienen una reuni\u00f3n de coordinaci\u00f3n - Colegio San Juan Bosco Valencia\" \/>\n<meta property=\"og:description\" content=\"En la tarde del lunes, 2 de diciembre, en la sala de juntas, los responsables de la comunicaci\u00f3n social de los diferentes ambientes de la casa mantuvieron una reuni\u00f3n de coordinaci\u00f3n para fijar unas l\u00edneas comunes de trabajo de cara a este a\u00f1o. Este ha sido un importante momento de unidad en pro de la [&hellip;]\" \/>\n<meta property=\"og:url\" content=\"https:\/\/valenciasjb.salesianos.edu\/colegio\/los-responsables-de-la-comunicacion-social-de-los-diferentes-ambientes-de-la-casa-mantienen-una-reunion-de-coordinacion-3\/\" \/>\n<meta property=\"og:site_name\" content=\"Colegio San Juan Bosco Valencia\" \/>\n<meta property=\"article:publisher\" content=\"https:\/\/www.facebook.com\/ColegioSalesianoSanJuanBoscoValencia\" \/>\n<meta property=\"article:published_time\" content=\"2019-12-03T18:41:29+00:00\" \/>\n<meta property=\"og:image\" content=\"https:\/\/valenciasjb.salesianos.edu\/colegio\/wp-content\/uploads\/sites\/2\/2019\/12\/IMG-20191202-WA0050.jpg\" \/>\n\t<meta property=\"og:image:width\" content=\"2048\" \/>\n\t<meta property=\"og:image:height\" content=\"1536\" \/>\n\t<meta property=\"og:image:type\" content=\"image\/jpeg\" \/>\n<meta name=\"author\" content=\"veronicapastor\" \/>\n<meta name=\"twitter:card\" content=\"summary_large_image\" \/>\n<meta name=\"twitter:creator\" content=\"@SalesianosVSJB\" \/>\n<meta name=\"twitter:site\" content=\"@SalesianosVSJB\" \/>\n<meta name=\"twitter:label1\" content=\"Escrito por\" \/>\n\t<meta name=\"twitter:data1\" content=\"veronicapastor\" \/>\n\t<meta name=\"twitter:label2\" content=\"Tiempo de lectura\" \/>\n\t<meta name=\"twitter:data2\" content=\"2 minutos\" \/>\n<script type=\"application\/ld+json\" class=\"yoast-schema-graph\">{\"@context\":\"https:\\\/\\\/schema.org\",\"@graph\":[{\"@type\":\"Article\",\"@id\":\"https:\\\/\\\/valenciasjb.salesianos.edu\\\/colegio\\\/los-responsables-de-la-comunicacion-social-de-los-diferentes-ambientes-de-la-casa-mantienen-una-reunion-de-coordinacion-3\\\/#article\",\"isPartOf\":{\"@id\":\"https:\\\/\\\/valenciasjb.salesianos.edu\\\/colegio\\\/los-responsables-de-la-comunicacion-social-de-los-diferentes-ambientes-de-la-casa-mantienen-una-reunion-de-coordinacion-3\\\/\"},\"author\":{\"name\":\"veronicapastor\",\"@id\":\"https:\\\/\\\/valenciasjb.salesianos.edu\\\/colegio\\\/#\\\/schema\\\/person\\\/1f45b67e52b27da175190a574db6bed9\"},\"headline\":\". Los responsables de la comunicaci\u00f3n social de los diferentes ambientes de la casa mantienen una reuni\u00f3n de coordinaci\u00f3n\",\"datePublished\":\"2019-12-03T18:41:29+00:00\",\"mainEntityOfPage\":{\"@id\":\"https:\\\/\\\/valenciasjb.salesianos.edu\\\/colegio\\\/los-responsables-de-la-comunicacion-social-de-los-diferentes-ambientes-de-la-casa-mantienen-una-reunion-de-coordinacion-3\\\/\"},\"wordCount\":474,\"image\":{\"@id\":\"https:\\\/\\\/valenciasjb.salesianos.edu\\\/colegio\\\/los-responsables-de-la-comunicacion-social-de-los-diferentes-ambientes-de-la-casa-mantienen-una-reunion-de-coordinacion-3\\\/#primaryimage\"},\"thumbnailUrl\":\"https:\\\/\\\/valenciasjb.salesianos.edu\\\/colegio\\\/wp-content\\\/uploads\\\/sites\\\/2\\\/2019\\\/12\\\/IMG-20191202-WA0050.jpg\",\"articleSection\":[\"Noticias\"],\"inLanguage\":\"es\"},{\"@type\":\"WebPage\",\"@id\":\"https:\\\/\\\/valenciasjb.salesianos.edu\\\/colegio\\\/los-responsables-de-la-comunicacion-social-de-los-diferentes-ambientes-de-la-casa-mantienen-una-reunion-de-coordinacion-3\\\/\",\"url\":\"https:\\\/\\\/valenciasjb.salesianos.edu\\\/colegio\\\/los-responsables-de-la-comunicacion-social-de-los-diferentes-ambientes-de-la-casa-mantienen-una-reunion-de-coordinacion-3\\\/\",\"name\":\". Los responsables de la comunicaci\u00f3n social de los diferentes ambientes de la casa mantienen una reuni\u00f3n de coordinaci\u00f3n - Colegio San Juan Bosco Valencia\",\"isPartOf\":{\"@id\":\"https:\\\/\\\/valenciasjb.salesianos.edu\\\/colegio\\\/#website\"},\"primaryImageOfPage\":{\"@id\":\"https:\\\/\\\/valenciasjb.salesianos.edu\\\/colegio\\\/los-responsables-de-la-comunicacion-social-de-los-diferentes-ambientes-de-la-casa-mantienen-una-reunion-de-coordinacion-3\\\/#primaryimage\"},\"image\":{\"@id\":\"https:\\\/\\\/valenciasjb.salesianos.edu\\\/colegio\\\/los-responsables-de-la-comunicacion-social-de-los-diferentes-ambientes-de-la-casa-mantienen-una-reunion-de-coordinacion-3\\\/#primaryimage\"},\"thumbnailUrl\":\"https:\\\/\\\/valenciasjb.salesianos.edu\\\/colegio\\\/wp-content\\\/uploads\\\/sites\\\/2\\\/2019\\\/12\\\/IMG-20191202-WA0050.jpg\",\"datePublished\":\"2019-12-03T18:41:29+00:00\",\"author\":{\"@id\":\"https:\\\/\\\/valenciasjb.salesianos.edu\\\/colegio\\\/#\\\/schema\\\/person\\\/1f45b67e52b27da175190a574db6bed9\"},\"breadcrumb\":{\"@id\":\"https:\\\/\\\/valenciasjb.salesianos.edu\\\/colegio\\\/los-responsables-de-la-comunicacion-social-de-los-diferentes-ambientes-de-la-casa-mantienen-una-reunion-de-coordinacion-3\\\/#breadcrumb\"},\"inLanguage\":\"es\",\"potentialAction\":[{\"@type\":\"ReadAction\",\"target\":[\"https:\\\/\\\/valenciasjb.salesianos.edu\\\/colegio\\\/los-responsables-de-la-comunicacion-social-de-los-diferentes-ambientes-de-la-casa-mantienen-una-reunion-de-coordinacion-3\\\/\"]}]},{\"@type\":\"ImageObject\",\"inLanguage\":\"es\",\"@id\":\"https:\\\/\\\/valenciasjb.salesianos.edu\\\/colegio\\\/los-responsables-de-la-comunicacion-social-de-los-diferentes-ambientes-de-la-casa-mantienen-una-reunion-de-coordinacion-3\\\/#primaryimage\",\"url\":\"https:\\\/\\\/valenciasjb.salesianos.edu\\\/colegio\\\/wp-content\\\/uploads\\\/sites\\\/2\\\/2019\\\/12\\\/IMG-20191202-WA0050.jpg\",\"contentUrl\":\"https:\\\/\\\/valenciasjb.salesianos.edu\\\/colegio\\\/wp-content\\\/uploads\\\/sites\\\/2\\\/2019\\\/12\\\/IMG-20191202-WA0050.jpg\",\"width\":2048,\"height\":1536},{\"@type\":\"BreadcrumbList\",\"@id\":\"https:\\\/\\\/valenciasjb.salesianos.edu\\\/colegio\\\/los-responsables-de-la-comunicacion-social-de-los-diferentes-ambientes-de-la-casa-mantienen-una-reunion-de-coordinacion-3\\\/#breadcrumb\",\"itemListElement\":[{\"@type\":\"ListItem\",\"position\":1,\"name\":\"Portada\",\"item\":\"https:\\\/\\\/valenciasjb.salesianos.edu\\\/colegio\\\/\"},{\"@type\":\"ListItem\",\"position\":2,\"name\":\". Los responsables de la comunicaci\u00f3n social de los diferentes ambientes de la casa mantienen una reuni\u00f3n de coordinaci\u00f3n\"}]},{\"@type\":\"WebSite\",\"@id\":\"https:\\\/\\\/valenciasjb.salesianos.edu\\\/colegio\\\/#website\",\"url\":\"https:\\\/\\\/valenciasjb.salesianos.edu\\\/colegio\\\/\",\"name\":\"Colegio San Juan Bosco Valencia\",\"description\":\"P\u00e1gina oficial del Colegio Salesianos San Juan Bosco Valencia\",\"alternateName\":\"Salesianos.VSJB\",\"potentialAction\":[{\"@type\":\"SearchAction\",\"target\":{\"@type\":\"EntryPoint\",\"urlTemplate\":\"https:\\\/\\\/valenciasjb.salesianos.edu\\\/colegio\\\/?s={search_term_string}\"},\"query-input\":{\"@type\":\"PropertyValueSpecification\",\"valueRequired\":true,\"valueName\":\"search_term_string\"}}],\"inLanguage\":\"es\"},{\"@type\":\"Person\",\"@id\":\"https:\\\/\\\/valenciasjb.salesianos.edu\\\/colegio\\\/#\\\/schema\\\/person\\\/1f45b67e52b27da175190a574db6bed9\",\"name\":\"veronicapastor\",\"image\":{\"@type\":\"ImageObject\",\"inLanguage\":\"es\",\"@id\":\"https:\\\/\\\/secure.gravatar.com\\\/avatar\\\/e29bd40bace3fd935e1d6fdb7313ffc14628cc037c5e16f4c7369b20a2a6f7f0?s=96&d=mm&r=g\",\"url\":\"https:\\\/\\\/secure.gravatar.com\\\/avatar\\\/e29bd40bace3fd935e1d6fdb7313ffc14628cc037c5e16f4c7369b20a2a6f7f0?s=96&d=mm&r=g\",\"contentUrl\":\"https:\\\/\\\/secure.gravatar.com\\\/avatar\\\/e29bd40bace3fd935e1d6fdb7313ffc14628cc037c5e16f4c7369b20a2a6f7f0?s=96&d=mm&r=g\",\"caption\":\"veronicapastor\"}}]}<\/script>\n<!-- \/ Yoast SEO plugin. -->","yoast_head_json":{"title":". Los responsables de la comunicaci\u00f3n social de los diferentes ambientes de la casa mantienen una reuni\u00f3n de coordinaci\u00f3n - Colegio San Juan Bosco Valencia","robots":{"index":"index","follow":"follow","max-snippet":"max-snippet:-1","max-image-preview":"max-image-preview:large","max-video-preview":"max-video-preview:-1"},"canonical":"https:\/\/valenciasjb.salesianos.edu\/colegio\/los-responsables-de-la-comunicacion-social-de-los-diferentes-ambientes-de-la-casa-mantienen-una-reunion-de-coordinacion-3\/","og_locale":"es_ES","og_type":"article","og_title":". Los responsables de la comunicaci\u00f3n social de los diferentes ambientes de la casa mantienen una reuni\u00f3n de coordinaci\u00f3n - Colegio San Juan Bosco Valencia","og_description":"En la tarde del lunes, 2 de diciembre, en la sala de juntas, los responsables de la comunicaci\u00f3n social de los diferentes ambientes de la casa mantuvieron una reuni\u00f3n de coordinaci\u00f3n para fijar unas l\u00edneas comunes de trabajo de cara a este a\u00f1o. Este ha sido un importante momento de unidad en pro de la [&hellip;]","og_url":"https:\/\/valenciasjb.salesianos.edu\/colegio\/los-responsables-de-la-comunicacion-social-de-los-diferentes-ambientes-de-la-casa-mantienen-una-reunion-de-coordinacion-3\/","og_site_name":"Colegio San Juan Bosco Valencia","article_publisher":"https:\/\/www.facebook.com\/ColegioSalesianoSanJuanBoscoValencia","article_published_time":"2019-12-03T18:41:29+00:00","og_image":[{"width":2048,"height":1536,"url":"https:\/\/valenciasjb.salesianos.edu\/colegio\/wp-content\/uploads\/sites\/2\/2019\/12\/IMG-20191202-WA0050.jpg","type":"image\/jpeg"}],"author":"veronicapastor","twitter_card":"summary_large_image","twitter_creator":"@SalesianosVSJB","twitter_site":"@SalesianosVSJB","twitter_misc":{"Escrito por":"veronicapastor","Tiempo de lectura":"2 minutos"},"schema":{"@context":"https:\/\/schema.org","@graph":[{"@type":"Article","@id":"https:\/\/valenciasjb.salesianos.edu\/colegio\/los-responsables-de-la-comunicacion-social-de-los-diferentes-ambientes-de-la-casa-mantienen-una-reunion-de-coordinacion-3\/#article","isPartOf":{"@id":"https:\/\/valenciasjb.salesianos.edu\/colegio\/los-responsables-de-la-comunicacion-social-de-los-diferentes-ambientes-de-la-casa-mantienen-una-reunion-de-coordinacion-3\/"},"author":{"name":"veronicapastor","@id":"https:\/\/valenciasjb.salesianos.edu\/colegio\/#\/schema\/person\/1f45b67e52b27da175190a574db6bed9"},"headline":". Los responsables de la comunicaci\u00f3n social de los diferentes ambientes de la casa mantienen una reuni\u00f3n de coordinaci\u00f3n","datePublished":"2019-12-03T18:41:29+00:00","mainEntityOfPage":{"@id":"https:\/\/valenciasjb.salesianos.edu\/colegio\/los-responsables-de-la-comunicacion-social-de-los-diferentes-ambientes-de-la-casa-mantienen-una-reunion-de-coordinacion-3\/"},"wordCount":474,"image":{"@id":"https:\/\/valenciasjb.salesianos.edu\/colegio\/los-responsables-de-la-comunicacion-social-de-los-diferentes-ambientes-de-la-casa-mantienen-una-reunion-de-coordinacion-3\/#primaryimage"},"thumbnailUrl":"https:\/\/valenciasjb.salesianos.edu\/colegio\/wp-content\/uploads\/sites\/2\/2019\/12\/IMG-20191202-WA0050.jpg","articleSection":["Noticias"],"inLanguage":"es"},{"@type":"WebPage","@id":"https:\/\/valenciasjb.salesianos.edu\/colegio\/los-responsables-de-la-comunicacion-social-de-los-diferentes-ambientes-de-la-casa-mantienen-una-reunion-de-coordinacion-3\/","url":"https:\/\/valenciasjb.salesianos.edu\/colegio\/los-responsables-de-la-comunicacion-social-de-los-diferentes-ambientes-de-la-casa-mantienen-una-reunion-de-coordinacion-3\/","name":". Los responsables de la comunicaci\u00f3n social de los diferentes ambientes de la casa mantienen una reuni\u00f3n de coordinaci\u00f3n - Colegio San Juan Bosco Valencia","isPartOf":{"@id":"https:\/\/valenciasjb.salesianos.edu\/colegio\/#website"},"primaryImageOfPage":{"@id":"https:\/\/valenciasjb.salesianos.edu\/colegio\/los-responsables-de-la-comunicacion-social-de-los-diferentes-ambientes-de-la-casa-mantienen-una-reunion-de-coordinacion-3\/#primaryimage"},"image":{"@id":"https:\/\/valenciasjb.salesianos.edu\/colegio\/los-responsables-de-la-comunicacion-social-de-los-diferentes-ambientes-de-la-casa-mantienen-una-reunion-de-coordinacion-3\/#primaryimage"},"thumbnailUrl":"https:\/\/valenciasjb.salesianos.edu\/colegio\/wp-content\/uploads\/sites\/2\/2019\/12\/IMG-20191202-WA0050.jpg","datePublished":"2019-12-03T18:41:29+00:00","author":{"@id":"https:\/\/valenciasjb.salesianos.edu\/colegio\/#\/schema\/person\/1f45b67e52b27da175190a574db6bed9"},"breadcrumb":{"@id":"https:\/\/valenciasjb.salesianos.edu\/colegio\/los-responsables-de-la-comunicacion-social-de-los-diferentes-ambientes-de-la-casa-mantienen-una-reunion-de-coordinacion-3\/#breadcrumb"},"inLanguage":"es","potentialAction":[{"@type":"ReadAction","target":["https:\/\/valenciasjb.salesianos.edu\/colegio\/los-responsables-de-la-comunicacion-social-de-los-diferentes-ambientes-de-la-casa-mantienen-una-reunion-de-coordinacion-3\/"]}]},{"@type":"ImageObject","inLanguage":"es","@id":"https:\/\/valenciasjb.salesianos.edu\/colegio\/los-responsables-de-la-comunicacion-social-de-los-diferentes-ambientes-de-la-casa-mantienen-una-reunion-de-coordinacion-3\/#primaryimage","url":"https:\/\/valenciasjb.salesianos.edu\/colegio\/wp-content\/uploads\/sites\/2\/2019\/12\/IMG-20191202-WA0050.jpg","contentUrl":"https:\/\/valenciasjb.salesianos.edu\/colegio\/wp-content\/uploads\/sites\/2\/2019\/12\/IMG-20191202-WA0050.jpg","width":2048,"height":1536},{"@type":"BreadcrumbList","@id":"https:\/\/valenciasjb.salesianos.edu\/colegio\/los-responsables-de-la-comunicacion-social-de-los-diferentes-ambientes-de-la-casa-mantienen-una-reunion-de-coordinacion-3\/#breadcrumb","itemListElement":[{"@type":"ListItem","position":1,"name":"Portada","item":"https:\/\/valenciasjb.salesianos.edu\/colegio\/"},{"@type":"ListItem","position":2,"name":". Los responsables de la comunicaci\u00f3n social de los diferentes ambientes de la casa mantienen una reuni\u00f3n de coordinaci\u00f3n"}]},{"@type":"WebSite","@id":"https:\/\/valenciasjb.salesianos.edu\/colegio\/#website","url":"https:\/\/valenciasjb.salesianos.edu\/colegio\/","name":"Colegio San Juan Bosco Valencia","description":"P\u00e1gina oficial del Colegio Salesianos San Juan Bosco Valencia","alternateName":"Salesianos.VSJB","potentialAction":[{"@type":"SearchAction","target":{"@type":"EntryPoint","urlTemplate":"https:\/\/valenciasjb.salesianos.edu\/colegio\/?s={search_term_string}"},"query-input":{"@type":"PropertyValueSpecification","valueRequired":true,"valueName":"search_term_string"}}],"inLanguage":"es"},{"@type":"Person","@id":"https:\/\/valenciasjb.salesianos.edu\/colegio\/#\/schema\/person\/1f45b67e52b27da175190a574db6bed9","name":"veronicapastor","image":{"@type":"ImageObject","inLanguage":"es","@id":"https:\/\/secure.gravatar.com\/avatar\/e29bd40bace3fd935e1d6fdb7313ffc14628cc037c5e16f4c7369b20a2a6f7f0?s=96&d=mm&r=g","url":"https:\/\/secure.gravatar.com\/avatar\/e29bd40bace3fd935e1d6fdb7313ffc14628cc037c5e16f4c7369b20a2a6f7f0?s=96&d=mm&r=g","contentUrl":"https:\/\/secure.gravatar.com\/avatar\/e29bd40bace3fd935e1d6fdb7313ffc14628cc037c5e16f4c7369b20a2a6f7f0?s=96&d=mm&r=g","caption":"veronicapastor"}}]}},"_links":{"self":[{"href":"https:\/\/valenciasjb.salesianos.edu\/colegio\/wp-json\/wp\/v2\/posts\/11713","targetHints":{"allow":["GET"]}}],"collection":[{"href":"https:\/\/valenciasjb.salesianos.edu\/colegio\/wp-json\/wp\/v2\/posts"}],"about":[{"href":"https:\/\/valenciasjb.salesianos.edu\/colegio\/wp-json\/wp\/v2\/types\/post"}],"author":[{"embeddable":true,"href":"https:\/\/valenciasjb.salesianos.edu\/colegio\/wp-json\/wp\/v2\/users\/6"}],"replies":[{"embeddable":true,"href":"https:\/\/valenciasjb.salesianos.edu\/colegio\/wp-json\/wp\/v2\/comments?post=11713"}],"version-history":[{"count":0,"href":"https:\/\/valenciasjb.salesianos.edu\/colegio\/wp-json\/wp\/v2\/posts\/11713\/revisions"}],"wp:featuredmedia":[{"embeddable":true,"href":"https:\/\/valenciasjb.salesianos.edu\/colegio\/wp-json\/wp\/v2\/media\/11711"}],"wp:attachment":[{"href":"https:\/\/valenciasjb.salesianos.edu\/colegio\/wp-json\/wp\/v2\/media?parent=11713"}],"wp:term":[{"taxonomy":"category","embeddable":true,"href":"https:\/\/valenciasjb.salesianos.edu\/colegio\/wp-json\/wp\/v2\/categories?post=11713"},{"taxonomy":"post_tag","embeddable":true,"href":"https:\/\/valenciasjb.salesianos.edu\/colegio\/wp-json\/wp\/v2\/tags?post=11713"}],"curies":[{"name":"wp","href":"https:\/\/api.w.org\/{rel}","templated":true}]}}