{"id":11804,"date":"2019-12-12T20:15:06","date_gmt":"2019-12-12T19:15:06","guid":{"rendered":"https:\/\/valenciasjb.salesianos.edu\/colegio\/?p=11804"},"modified":"2019-12-12T20:15:53","modified_gmt":"2019-12-12T19:15:53","slug":"segundo-de-bachillerato-ha-tenido-la-ocasion-de-conocer-a-segundo-y-rosana-implicados-en-los-pisos-de-emancipacion-de-la-fundacion-iniciativa-solidaria-angel-tomas","status":"publish","type":"post","link":"https:\/\/valenciasjb.salesianos.edu\/colegio\/segundo-de-bachillerato-ha-tenido-la-ocasion-de-conocer-a-segundo-y-rosana-implicados-en-los-pisos-de-emancipacion-de-la-fundacion-iniciativa-solidaria-angel-tomas\/","title":{"rendered":"Segundo de bachillerato ha tenido la ocasi\u00f3n de conocer a Segundo y Rosana, implicados en los pisos de emancipaci\u00f3n de la Fundaci\u00f3n Iniciativa Solidaria \u00c1ngel Tom\u00e1s"},"content":{"rendered":"<div id=\"fb-root\"><\/div>\n<p>[et_pb_section fb_built=\u00bb1&#8243; admin_label=\u00bbsection\u00bb _builder_version=\u00bb3.22&#8243;][et_pb_row admin_label=\u00bbrow\u00bb _builder_version=\u00bb3.25&#8243; background_size=\u00bbinitial\u00bb background_position=\u00bbtop_left\u00bb background_repeat=\u00bbrepeat\u00bb][et_pb_column type=\u00bb4_4&#8243; _builder_version=\u00bb3.25&#8243; custom_padding=\u00bb|||\u00bb custom_padding__hover=\u00bb|||\u00bb][et_pb_text admin_label=\u00bbEntradilla (Texto)\u00bb _builder_version=\u00bb4.0.9&#8243; text_font=\u00bb|on|||\u00bb text_orientation=\u00bbjustified\u00bb module_alignment=\u00bbjustified\u00bb hover_enabled=\u00bb0&#8243;]<\/p>\n<div id=\"resumen\"><strong>En la tutor\u00eda de esta semana, enmarcada en la Campa\u00f1a del Kilo Solidario, los alumnos y alumnas de 2\u00ba de bachillerato han tenido la ocasi\u00f3n de conocer a Segundo y Rosana, ambos implicados en los pisos de emancipaci\u00f3n de la FISAT, Fundaci\u00f3n Iniciativa Solidaria \u00c1ngel Tom\u00e1s.\u00a0<\/strong><\/div>\n<div><\/div>\n<p>[\/et_pb_text][et_pb_text admin_label=\u00bbAutor (Texto)\u00bb _builder_version=\u00bb3.27.4&#8243; text_font=\u00bb||on||\u00bb]Redacci\u00f3n<br \/>\n[\/et_pb_text][et_pb_text admin_label=\u00bbDesarrollo (Texto)\u00bb _builder_version=\u00bb4.0.9&#8243; text_orientation=\u00bbjustified\u00bb module_alignment=\u00bbjustified\u00bb hover_enabled=\u00bb0&#8243;]<\/p>\n<p>\u200bSegundo Garc\u00eda, salesiano y exdirector de un centro de menores, les cont\u00f3 c\u00f3mo surgi\u00f3 la necesidad de crear este tipo de pisos para chicos y chicas, mayoritariamente inmigrantes, que al cumplir los 18 a\u00f1os son tratados como adultos y se quedan sin un sitio donde vivir, tras haber pasado varios a\u00f1os de su vida en casas de acogida. Los pisos son un refugio para algunos de ellos donde pueden continuar estudiando y trabajando. Rosana, educadora social, se encarga de ayudarles en todo este nuevo camino que tienen por delante. Gracias a ellos y a muchos trabajadores y voluntarios m\u00e1s, se consigue formar una familia y lo m\u00e1s importante, dar una oportunidad a aquellos que m\u00e1s la necesitan.<\/p>\n<p>Tras contar en qu\u00e9 consiste su trabajo en los pisos y la situaci\u00f3n en la que se encuentran los j\u00f3venes que viven all\u00ed, leyeron una carta redactada por un joven inmigrante que consigui\u00f3 llegar al pa\u00eds despu\u00e9s de 750 Km a pie hasta Marruecos y en patera hasta Almer\u00eda; por diversas circunstancias acab\u00f3 en un centro de menores en Valencia y, por azar, conoci\u00f3 a Segundo. Gracias a esto los salesianos le proporcionaron ayuda para acabar los estudios y conseguir un trabajo digno.<\/p>\n<p>Esta historia es una de tantas que pasan por este tipo de situaciones y que gracias a la labor que se hace en los distintos programas de la Fundaci\u00f3n, se consigue que unos cuantos afortunados logren un futuro mejor.<\/p>\n<p>Nuestros alumnos y alumnas pudieron preguntarles dudas, plantear sus inquietudes sobre lo que hab\u00edan escuchado, siempre en un ambiente de profundo respeto y admiraci\u00f3n.\u00a0Por \u00faltimo, desde las tres clases, se les quiso regalar unas cajas de bombones para que llevaran a los pisos, adem\u00e1s de anunciarles una futura aportaci\u00f3n mayor.<\/p>\n<p>[\/et_pb_text][et_pb_text disabled_on=\u00bboff|on|on\u00bb admin_label=\u00bbT\u00edtulo: Galer\u00eda de fotos (Texto)\u00bb _builder_version=\u00bb3.27.4&#8243; text_font=\u00bb|on|||\u00bb text_text_color=\u00bb#dc001b\u00bb border_style=\u00bbsolid\u00bb]Galer\u00eda de im\u00e1genes<br \/>\n[\/et_pb_text][et_pb_gallery gallery_ids=\u00bb11807,11808,11809&#8243; posts_number=\u00bb8&#8243; show_title_and_caption=\u00bboff\u00bb zoom_icon_color=\u00bb#dc001b\u00bb hover_icon=\u00bb%%51%%\u00bb disabled_on=\u00bboff|off|off\u00bb _builder_version=\u00bb4.0.9&#8243; hover_enabled=\u00bb0&#8243; pagination_font_size_tablet=\u00bb51&#8243; pagination_line_height_tablet=\u00bb2&#8243;][\/et_pb_gallery][et_pb_video disabled_on=\u00bbon|on|on\u00bb _builder_version=\u00bb3.0.51&#8243; disabled=\u00bbon\u00bb][\/et_pb_video][\/et_pb_column][\/et_pb_row][\/et_pb_section]<\/p>\n<!-- AddThis Advanced Settings generic via filter on the_content --><!-- AddThis Share Buttons generic via filter on the_content -->","protected":false},"excerpt":{"rendered":"<p>En la tutor\u00eda de esta semana, enmarcada en la Campa\u00f1a del Kilo Solidario, los alumnos y alumnas de 2\u00ba de bachillerato han tenido la ocasi\u00f3n de conocer a Segundo y Rosana, ambos implicados en los pisos de emancipaci\u00f3n de la FISAT, Fundaci\u00f3n Iniciativa Solidaria \u00c1ngel Tom\u00e1s.\u00a0 Redacci\u00f3n \u200bSegundo Garc\u00eda, salesiano y exdirector de un centro [&hellip;]<\/p>\n<p><!-- AddThis Advanced Settings generic via filter on get_the_excerpt --><!-- AddThis Share Buttons generic via filter on get_the_excerpt --><\/p>\n","protected":false},"author":6,"featured_media":11809,"comment_status":"closed","ping_status":"open","sticky":false,"template":"","format":"standard","meta":{"_et_pb_use_builder":"on","_et_pb_old_content":"","_et_gb_content_width":"","footnotes":""},"categories":[14],"tags":[],"class_list":["post-11804","post","type-post","status-publish","format-standard","has-post-thumbnail","hentry","category-noticia_colegio"],"yoast_head":"<!-- This site is optimized with the Yoast SEO plugin v28.4 - https:\/\/yoast.com\/product\/yoast-seo-wordpress\/ -->\n<title>Segundo de bachillerato ha tenido la ocasi\u00f3n de conocer a Segundo y Rosana, implicados en los pisos de emancipaci\u00f3n de la Fundaci\u00f3n Iniciativa Solidaria \u00c1ngel Tom\u00e1s - Colegio San Juan Bosco Valencia<\/title>\n<meta name=\"robots\" content=\"index, follow, max-snippet:-1, max-image-preview:large, max-video-preview:-1\" \/>\n<link rel=\"canonical\" href=\"https:\/\/valenciasjb.salesianos.edu\/colegio\/segundo-de-bachillerato-ha-tenido-la-ocasion-de-conocer-a-segundo-y-rosana-implicados-en-los-pisos-de-emancipacion-de-la-fundacion-iniciativa-solidaria-angel-tomas\/\" \/>\n<meta property=\"og:locale\" content=\"es_ES\" \/>\n<meta property=\"og:type\" content=\"article\" \/>\n<meta property=\"og:title\" content=\"Segundo de bachillerato ha tenido la ocasi\u00f3n de conocer a Segundo y Rosana, implicados en los pisos de emancipaci\u00f3n de la Fundaci\u00f3n Iniciativa Solidaria \u00c1ngel Tom\u00e1s - Colegio San Juan Bosco Valencia\" \/>\n<meta property=\"og:description\" content=\"En la tutor\u00eda de esta semana, enmarcada en la Campa\u00f1a del Kilo Solidario, los alumnos y alumnas de 2\u00ba de bachillerato han tenido la ocasi\u00f3n de conocer a Segundo y Rosana, ambos implicados en los pisos de emancipaci\u00f3n de la FISAT, Fundaci\u00f3n Iniciativa Solidaria \u00c1ngel Tom\u00e1s.\u00a0 Redacci\u00f3n \u200bSegundo Garc\u00eda, salesiano y exdirector de un centro [&hellip;]\" \/>\n<meta property=\"og:url\" content=\"https:\/\/valenciasjb.salesianos.edu\/colegio\/segundo-de-bachillerato-ha-tenido-la-ocasion-de-conocer-a-segundo-y-rosana-implicados-en-los-pisos-de-emancipacion-de-la-fundacion-iniciativa-solidaria-angel-tomas\/\" \/>\n<meta property=\"og:site_name\" content=\"Colegio San Juan Bosco Valencia\" \/>\n<meta property=\"article:publisher\" content=\"https:\/\/www.facebook.com\/ColegioSalesianoSanJuanBoscoValencia\" \/>\n<meta property=\"article:published_time\" content=\"2019-12-12T19:15:06+00:00\" \/>\n<meta property=\"article:modified_time\" content=\"2019-12-12T19:15:53+00:00\" \/>\n<meta property=\"og:image\" content=\"https:\/\/valenciasjb.salesianos.edu\/colegio\/wp-content\/uploads\/sites\/2\/2019\/12\/IMG_3397-scaled.jpg\" \/>\n\t<meta property=\"og:image:width\" content=\"2560\" \/>\n\t<meta property=\"og:image:height\" content=\"1920\" \/>\n\t<meta property=\"og:image:type\" content=\"image\/jpeg\" \/>\n<meta name=\"author\" content=\"veronicapastor\" \/>\n<meta name=\"twitter:card\" content=\"summary_large_image\" \/>\n<meta name=\"twitter:creator\" content=\"@SalesianosVSJB\" \/>\n<meta name=\"twitter:site\" content=\"@SalesianosVSJB\" \/>\n<meta name=\"twitter:label1\" content=\"Escrito por\" \/>\n\t<meta name=\"twitter:data1\" content=\"veronicapastor\" \/>\n\t<meta name=\"twitter:label2\" content=\"Tiempo de lectura\" \/>\n\t<meta name=\"twitter:data2\" content=\"3 minutos\" \/>\n<script type=\"application\/ld+json\" class=\"yoast-schema-graph\">{\"@context\":\"https:\\\/\\\/schema.org\",\"@graph\":[{\"@type\":\"Article\",\"@id\":\"https:\\\/\\\/valenciasjb.salesianos.edu\\\/colegio\\\/segundo-de-bachillerato-ha-tenido-la-ocasion-de-conocer-a-segundo-y-rosana-implicados-en-los-pisos-de-emancipacion-de-la-fundacion-iniciativa-solidaria-angel-tomas\\\/#article\",\"isPartOf\":{\"@id\":\"https:\\\/\\\/valenciasjb.salesianos.edu\\\/colegio\\\/segundo-de-bachillerato-ha-tenido-la-ocasion-de-conocer-a-segundo-y-rosana-implicados-en-los-pisos-de-emancipacion-de-la-fundacion-iniciativa-solidaria-angel-tomas\\\/\"},\"author\":{\"name\":\"veronicapastor\",\"@id\":\"https:\\\/\\\/valenciasjb.salesianos.edu\\\/colegio\\\/#\\\/schema\\\/person\\\/1f45b67e52b27da175190a574db6bed9\"},\"headline\":\"Segundo de bachillerato ha tenido la ocasi\u00f3n de conocer a Segundo y Rosana, implicados en los pisos de emancipaci\u00f3n de la Fundaci\u00f3n Iniciativa Solidaria \u00c1ngel Tom\u00e1s\",\"datePublished\":\"2019-12-12T19:15:06+00:00\",\"dateModified\":\"2019-12-12T19:15:53+00:00\",\"mainEntityOfPage\":{\"@id\":\"https:\\\/\\\/valenciasjb.salesianos.edu\\\/colegio\\\/segundo-de-bachillerato-ha-tenido-la-ocasion-de-conocer-a-segundo-y-rosana-implicados-en-los-pisos-de-emancipacion-de-la-fundacion-iniciativa-solidaria-angel-tomas\\\/\"},\"wordCount\":586,\"image\":{\"@id\":\"https:\\\/\\\/valenciasjb.salesianos.edu\\\/colegio\\\/segundo-de-bachillerato-ha-tenido-la-ocasion-de-conocer-a-segundo-y-rosana-implicados-en-los-pisos-de-emancipacion-de-la-fundacion-iniciativa-solidaria-angel-tomas\\\/#primaryimage\"},\"thumbnailUrl\":\"https:\\\/\\\/valenciasjb.salesianos.edu\\\/colegio\\\/wp-content\\\/uploads\\\/sites\\\/2\\\/2019\\\/12\\\/IMG_3397-scaled.jpg\",\"articleSection\":[\"Noticia Colegio\"],\"inLanguage\":\"es\"},{\"@type\":\"WebPage\",\"@id\":\"https:\\\/\\\/valenciasjb.salesianos.edu\\\/colegio\\\/segundo-de-bachillerato-ha-tenido-la-ocasion-de-conocer-a-segundo-y-rosana-implicados-en-los-pisos-de-emancipacion-de-la-fundacion-iniciativa-solidaria-angel-tomas\\\/\",\"url\":\"https:\\\/\\\/valenciasjb.salesianos.edu\\\/colegio\\\/segundo-de-bachillerato-ha-tenido-la-ocasion-de-conocer-a-segundo-y-rosana-implicados-en-los-pisos-de-emancipacion-de-la-fundacion-iniciativa-solidaria-angel-tomas\\\/\",\"name\":\"Segundo de bachillerato ha tenido la ocasi\u00f3n de conocer a Segundo y Rosana, implicados en los pisos de emancipaci\u00f3n de la Fundaci\u00f3n Iniciativa Solidaria \u00c1ngel Tom\u00e1s - Colegio San Juan Bosco Valencia\",\"isPartOf\":{\"@id\":\"https:\\\/\\\/valenciasjb.salesianos.edu\\\/colegio\\\/#website\"},\"primaryImageOfPage\":{\"@id\":\"https:\\\/\\\/valenciasjb.salesianos.edu\\\/colegio\\\/segundo-de-bachillerato-ha-tenido-la-ocasion-de-conocer-a-segundo-y-rosana-implicados-en-los-pisos-de-emancipacion-de-la-fundacion-iniciativa-solidaria-angel-tomas\\\/#primaryimage\"},\"image\":{\"@id\":\"https:\\\/\\\/valenciasjb.salesianos.edu\\\/colegio\\\/segundo-de-bachillerato-ha-tenido-la-ocasion-de-conocer-a-segundo-y-rosana-implicados-en-los-pisos-de-emancipacion-de-la-fundacion-iniciativa-solidaria-angel-tomas\\\/#primaryimage\"},\"thumbnailUrl\":\"https:\\\/\\\/valenciasjb.salesianos.edu\\\/colegio\\\/wp-content\\\/uploads\\\/sites\\\/2\\\/2019\\\/12\\\/IMG_3397-scaled.jpg\",\"datePublished\":\"2019-12-12T19:15:06+00:00\",\"dateModified\":\"2019-12-12T19:15:53+00:00\",\"author\":{\"@id\":\"https:\\\/\\\/valenciasjb.salesianos.edu\\\/colegio\\\/#\\\/schema\\\/person\\\/1f45b67e52b27da175190a574db6bed9\"},\"breadcrumb\":{\"@id\":\"https:\\\/\\\/valenciasjb.salesianos.edu\\\/colegio\\\/segundo-de-bachillerato-ha-tenido-la-ocasion-de-conocer-a-segundo-y-rosana-implicados-en-los-pisos-de-emancipacion-de-la-fundacion-iniciativa-solidaria-angel-tomas\\\/#breadcrumb\"},\"inLanguage\":\"es\",\"potentialAction\":[{\"@type\":\"ReadAction\",\"target\":[\"https:\\\/\\\/valenciasjb.salesianos.edu\\\/colegio\\\/segundo-de-bachillerato-ha-tenido-la-ocasion-de-conocer-a-segundo-y-rosana-implicados-en-los-pisos-de-emancipacion-de-la-fundacion-iniciativa-solidaria-angel-tomas\\\/\"]}]},{\"@type\":\"ImageObject\",\"inLanguage\":\"es\",\"@id\":\"https:\\\/\\\/valenciasjb.salesianos.edu\\\/colegio\\\/segundo-de-bachillerato-ha-tenido-la-ocasion-de-conocer-a-segundo-y-rosana-implicados-en-los-pisos-de-emancipacion-de-la-fundacion-iniciativa-solidaria-angel-tomas\\\/#primaryimage\",\"url\":\"https:\\\/\\\/valenciasjb.salesianos.edu\\\/colegio\\\/wp-content\\\/uploads\\\/sites\\\/2\\\/2019\\\/12\\\/IMG_3397-scaled.jpg\",\"contentUrl\":\"https:\\\/\\\/valenciasjb.salesianos.edu\\\/colegio\\\/wp-content\\\/uploads\\\/sites\\\/2\\\/2019\\\/12\\\/IMG_3397-scaled.jpg\",\"width\":2560,\"height\":1920},{\"@type\":\"BreadcrumbList\",\"@id\":\"https:\\\/\\\/valenciasjb.salesianos.edu\\\/colegio\\\/segundo-de-bachillerato-ha-tenido-la-ocasion-de-conocer-a-segundo-y-rosana-implicados-en-los-pisos-de-emancipacion-de-la-fundacion-iniciativa-solidaria-angel-tomas\\\/#breadcrumb\",\"itemListElement\":[{\"@type\":\"ListItem\",\"position\":1,\"name\":\"Portada\",\"item\":\"https:\\\/\\\/valenciasjb.salesianos.edu\\\/colegio\\\/\"},{\"@type\":\"ListItem\",\"position\":2,\"name\":\"Segundo de bachillerato ha tenido la ocasi\u00f3n de conocer a Segundo y Rosana, implicados en los pisos de emancipaci\u00f3n de la Fundaci\u00f3n Iniciativa Solidaria \u00c1ngel Tom\u00e1s\"}]},{\"@type\":\"WebSite\",\"@id\":\"https:\\\/\\\/valenciasjb.salesianos.edu\\\/colegio\\\/#website\",\"url\":\"https:\\\/\\\/valenciasjb.salesianos.edu\\\/colegio\\\/\",\"name\":\"Colegio San Juan Bosco Valencia\",\"description\":\"P\u00e1gina oficial del Colegio Salesianos San Juan Bosco Valencia\",\"alternateName\":\"Salesianos.VSJB\",\"potentialAction\":[{\"@type\":\"SearchAction\",\"target\":{\"@type\":\"EntryPoint\",\"urlTemplate\":\"https:\\\/\\\/valenciasjb.salesianos.edu\\\/colegio\\\/?s={search_term_string}\"},\"query-input\":{\"@type\":\"PropertyValueSpecification\",\"valueRequired\":true,\"valueName\":\"search_term_string\"}}],\"inLanguage\":\"es\"},{\"@type\":\"Person\",\"@id\":\"https:\\\/\\\/valenciasjb.salesianos.edu\\\/colegio\\\/#\\\/schema\\\/person\\\/1f45b67e52b27da175190a574db6bed9\",\"name\":\"veronicapastor\",\"image\":{\"@type\":\"ImageObject\",\"inLanguage\":\"es\",\"@id\":\"https:\\\/\\\/secure.gravatar.com\\\/avatar\\\/e29bd40bace3fd935e1d6fdb7313ffc14628cc037c5e16f4c7369b20a2a6f7f0?s=96&d=mm&r=g\",\"url\":\"https:\\\/\\\/secure.gravatar.com\\\/avatar\\\/e29bd40bace3fd935e1d6fdb7313ffc14628cc037c5e16f4c7369b20a2a6f7f0?s=96&d=mm&r=g\",\"contentUrl\":\"https:\\\/\\\/secure.gravatar.com\\\/avatar\\\/e29bd40bace3fd935e1d6fdb7313ffc14628cc037c5e16f4c7369b20a2a6f7f0?s=96&d=mm&r=g\",\"caption\":\"veronicapastor\"}}]}<\/script>\n<!-- \/ Yoast SEO plugin. -->","yoast_head_json":{"title":"Segundo de bachillerato ha tenido la ocasi\u00f3n de conocer a Segundo y Rosana, implicados en los pisos de emancipaci\u00f3n de la Fundaci\u00f3n Iniciativa Solidaria \u00c1ngel Tom\u00e1s - Colegio San Juan Bosco Valencia","robots":{"index":"index","follow":"follow","max-snippet":"max-snippet:-1","max-image-preview":"max-image-preview:large","max-video-preview":"max-video-preview:-1"},"canonical":"https:\/\/valenciasjb.salesianos.edu\/colegio\/segundo-de-bachillerato-ha-tenido-la-ocasion-de-conocer-a-segundo-y-rosana-implicados-en-los-pisos-de-emancipacion-de-la-fundacion-iniciativa-solidaria-angel-tomas\/","og_locale":"es_ES","og_type":"article","og_title":"Segundo de bachillerato ha tenido la ocasi\u00f3n de conocer a Segundo y Rosana, implicados en los pisos de emancipaci\u00f3n de la Fundaci\u00f3n Iniciativa Solidaria \u00c1ngel Tom\u00e1s - Colegio San Juan Bosco Valencia","og_description":"En la tutor\u00eda de esta semana, enmarcada en la Campa\u00f1a del Kilo Solidario, los alumnos y alumnas de 2\u00ba de bachillerato han tenido la ocasi\u00f3n de conocer a Segundo y Rosana, ambos implicados en los pisos de emancipaci\u00f3n de la FISAT, Fundaci\u00f3n Iniciativa Solidaria \u00c1ngel Tom\u00e1s.\u00a0 Redacci\u00f3n \u200bSegundo Garc\u00eda, salesiano y exdirector de un centro [&hellip;]","og_url":"https:\/\/valenciasjb.salesianos.edu\/colegio\/segundo-de-bachillerato-ha-tenido-la-ocasion-de-conocer-a-segundo-y-rosana-implicados-en-los-pisos-de-emancipacion-de-la-fundacion-iniciativa-solidaria-angel-tomas\/","og_site_name":"Colegio San Juan Bosco Valencia","article_publisher":"https:\/\/www.facebook.com\/ColegioSalesianoSanJuanBoscoValencia","article_published_time":"2019-12-12T19:15:06+00:00","article_modified_time":"2019-12-12T19:15:53+00:00","og_image":[{"width":2560,"height":1920,"url":"https:\/\/valenciasjb.salesianos.edu\/colegio\/wp-content\/uploads\/sites\/2\/2019\/12\/IMG_3397-scaled.jpg","type":"image\/jpeg"}],"author":"veronicapastor","twitter_card":"summary_large_image","twitter_creator":"@SalesianosVSJB","twitter_site":"@SalesianosVSJB","twitter_misc":{"Escrito por":"veronicapastor","Tiempo de lectura":"3 minutos"},"schema":{"@context":"https:\/\/schema.org","@graph":[{"@type":"Article","@id":"https:\/\/valenciasjb.salesianos.edu\/colegio\/segundo-de-bachillerato-ha-tenido-la-ocasion-de-conocer-a-segundo-y-rosana-implicados-en-los-pisos-de-emancipacion-de-la-fundacion-iniciativa-solidaria-angel-tomas\/#article","isPartOf":{"@id":"https:\/\/valenciasjb.salesianos.edu\/colegio\/segundo-de-bachillerato-ha-tenido-la-ocasion-de-conocer-a-segundo-y-rosana-implicados-en-los-pisos-de-emancipacion-de-la-fundacion-iniciativa-solidaria-angel-tomas\/"},"author":{"name":"veronicapastor","@id":"https:\/\/valenciasjb.salesianos.edu\/colegio\/#\/schema\/person\/1f45b67e52b27da175190a574db6bed9"},"headline":"Segundo de bachillerato ha tenido la ocasi\u00f3n de conocer a Segundo y Rosana, implicados en los pisos de emancipaci\u00f3n de la Fundaci\u00f3n Iniciativa Solidaria \u00c1ngel Tom\u00e1s","datePublished":"2019-12-12T19:15:06+00:00","dateModified":"2019-12-12T19:15:53+00:00","mainEntityOfPage":{"@id":"https:\/\/valenciasjb.salesianos.edu\/colegio\/segundo-de-bachillerato-ha-tenido-la-ocasion-de-conocer-a-segundo-y-rosana-implicados-en-los-pisos-de-emancipacion-de-la-fundacion-iniciativa-solidaria-angel-tomas\/"},"wordCount":586,"image":{"@id":"https:\/\/valenciasjb.salesianos.edu\/colegio\/segundo-de-bachillerato-ha-tenido-la-ocasion-de-conocer-a-segundo-y-rosana-implicados-en-los-pisos-de-emancipacion-de-la-fundacion-iniciativa-solidaria-angel-tomas\/#primaryimage"},"thumbnailUrl":"https:\/\/valenciasjb.salesianos.edu\/colegio\/wp-content\/uploads\/sites\/2\/2019\/12\/IMG_3397-scaled.jpg","articleSection":["Noticia Colegio"],"inLanguage":"es"},{"@type":"WebPage","@id":"https:\/\/valenciasjb.salesianos.edu\/colegio\/segundo-de-bachillerato-ha-tenido-la-ocasion-de-conocer-a-segundo-y-rosana-implicados-en-los-pisos-de-emancipacion-de-la-fundacion-iniciativa-solidaria-angel-tomas\/","url":"https:\/\/valenciasjb.salesianos.edu\/colegio\/segundo-de-bachillerato-ha-tenido-la-ocasion-de-conocer-a-segundo-y-rosana-implicados-en-los-pisos-de-emancipacion-de-la-fundacion-iniciativa-solidaria-angel-tomas\/","name":"Segundo de bachillerato ha tenido la ocasi\u00f3n de conocer a Segundo y Rosana, implicados en los pisos de emancipaci\u00f3n de la Fundaci\u00f3n Iniciativa Solidaria \u00c1ngel Tom\u00e1s - Colegio San Juan Bosco Valencia","isPartOf":{"@id":"https:\/\/valenciasjb.salesianos.edu\/colegio\/#website"},"primaryImageOfPage":{"@id":"https:\/\/valenciasjb.salesianos.edu\/colegio\/segundo-de-bachillerato-ha-tenido-la-ocasion-de-conocer-a-segundo-y-rosana-implicados-en-los-pisos-de-emancipacion-de-la-fundacion-iniciativa-solidaria-angel-tomas\/#primaryimage"},"image":{"@id":"https:\/\/valenciasjb.salesianos.edu\/colegio\/segundo-de-bachillerato-ha-tenido-la-ocasion-de-conocer-a-segundo-y-rosana-implicados-en-los-pisos-de-emancipacion-de-la-fundacion-iniciativa-solidaria-angel-tomas\/#primaryimage"},"thumbnailUrl":"https:\/\/valenciasjb.salesianos.edu\/colegio\/wp-content\/uploads\/sites\/2\/2019\/12\/IMG_3397-scaled.jpg","datePublished":"2019-12-12T19:15:06+00:00","dateModified":"2019-12-12T19:15:53+00:00","author":{"@id":"https:\/\/valenciasjb.salesianos.edu\/colegio\/#\/schema\/person\/1f45b67e52b27da175190a574db6bed9"},"breadcrumb":{"@id":"https:\/\/valenciasjb.salesianos.edu\/colegio\/segundo-de-bachillerato-ha-tenido-la-ocasion-de-conocer-a-segundo-y-rosana-implicados-en-los-pisos-de-emancipacion-de-la-fundacion-iniciativa-solidaria-angel-tomas\/#breadcrumb"},"inLanguage":"es","potentialAction":[{"@type":"ReadAction","target":["https:\/\/valenciasjb.salesianos.edu\/colegio\/segundo-de-bachillerato-ha-tenido-la-ocasion-de-conocer-a-segundo-y-rosana-implicados-en-los-pisos-de-emancipacion-de-la-fundacion-iniciativa-solidaria-angel-tomas\/"]}]},{"@type":"ImageObject","inLanguage":"es","@id":"https:\/\/valenciasjb.salesianos.edu\/colegio\/segundo-de-bachillerato-ha-tenido-la-ocasion-de-conocer-a-segundo-y-rosana-implicados-en-los-pisos-de-emancipacion-de-la-fundacion-iniciativa-solidaria-angel-tomas\/#primaryimage","url":"https:\/\/valenciasjb.salesianos.edu\/colegio\/wp-content\/uploads\/sites\/2\/2019\/12\/IMG_3397-scaled.jpg","contentUrl":"https:\/\/valenciasjb.salesianos.edu\/colegio\/wp-content\/uploads\/sites\/2\/2019\/12\/IMG_3397-scaled.jpg","width":2560,"height":1920},{"@type":"BreadcrumbList","@id":"https:\/\/valenciasjb.salesianos.edu\/colegio\/segundo-de-bachillerato-ha-tenido-la-ocasion-de-conocer-a-segundo-y-rosana-implicados-en-los-pisos-de-emancipacion-de-la-fundacion-iniciativa-solidaria-angel-tomas\/#breadcrumb","itemListElement":[{"@type":"ListItem","position":1,"name":"Portada","item":"https:\/\/valenciasjb.salesianos.edu\/colegio\/"},{"@type":"ListItem","position":2,"name":"Segundo de bachillerato ha tenido la ocasi\u00f3n de conocer a Segundo y Rosana, implicados en los pisos de emancipaci\u00f3n de la Fundaci\u00f3n Iniciativa Solidaria \u00c1ngel Tom\u00e1s"}]},{"@type":"WebSite","@id":"https:\/\/valenciasjb.salesianos.edu\/colegio\/#website","url":"https:\/\/valenciasjb.salesianos.edu\/colegio\/","name":"Colegio San Juan Bosco Valencia","description":"P\u00e1gina oficial del Colegio Salesianos San Juan Bosco Valencia","alternateName":"Salesianos.VSJB","potentialAction":[{"@type":"SearchAction","target":{"@type":"EntryPoint","urlTemplate":"https:\/\/valenciasjb.salesianos.edu\/colegio\/?s={search_term_string}"},"query-input":{"@type":"PropertyValueSpecification","valueRequired":true,"valueName":"search_term_string"}}],"inLanguage":"es"},{"@type":"Person","@id":"https:\/\/valenciasjb.salesianos.edu\/colegio\/#\/schema\/person\/1f45b67e52b27da175190a574db6bed9","name":"veronicapastor","image":{"@type":"ImageObject","inLanguage":"es","@id":"https:\/\/secure.gravatar.com\/avatar\/e29bd40bace3fd935e1d6fdb7313ffc14628cc037c5e16f4c7369b20a2a6f7f0?s=96&d=mm&r=g","url":"https:\/\/secure.gravatar.com\/avatar\/e29bd40bace3fd935e1d6fdb7313ffc14628cc037c5e16f4c7369b20a2a6f7f0?s=96&d=mm&r=g","contentUrl":"https:\/\/secure.gravatar.com\/avatar\/e29bd40bace3fd935e1d6fdb7313ffc14628cc037c5e16f4c7369b20a2a6f7f0?s=96&d=mm&r=g","caption":"veronicapastor"}}]}},"_links":{"self":[{"href":"https:\/\/valenciasjb.salesianos.edu\/colegio\/wp-json\/wp\/v2\/posts\/11804","targetHints":{"allow":["GET"]}}],"collection":[{"href":"https:\/\/valenciasjb.salesianos.edu\/colegio\/wp-json\/wp\/v2\/posts"}],"about":[{"href":"https:\/\/valenciasjb.salesianos.edu\/colegio\/wp-json\/wp\/v2\/types\/post"}],"author":[{"embeddable":true,"href":"https:\/\/valenciasjb.salesianos.edu\/colegio\/wp-json\/wp\/v2\/users\/6"}],"replies":[{"embeddable":true,"href":"https:\/\/valenciasjb.salesianos.edu\/colegio\/wp-json\/wp\/v2\/comments?post=11804"}],"version-history":[{"count":5,"href":"https:\/\/valenciasjb.salesianos.edu\/colegio\/wp-json\/wp\/v2\/posts\/11804\/revisions"}],"predecessor-version":[{"id":11813,"href":"https:\/\/valenciasjb.salesianos.edu\/colegio\/wp-json\/wp\/v2\/posts\/11804\/revisions\/11813"}],"wp:featuredmedia":[{"embeddable":true,"href":"https:\/\/valenciasjb.salesianos.edu\/colegio\/wp-json\/wp\/v2\/media\/11809"}],"wp:attachment":[{"href":"https:\/\/valenciasjb.salesianos.edu\/colegio\/wp-json\/wp\/v2\/media?parent=11804"}],"wp:term":[{"taxonomy":"category","embeddable":true,"href":"https:\/\/valenciasjb.salesianos.edu\/colegio\/wp-json\/wp\/v2\/categories?post=11804"},{"taxonomy":"post_tag","embeddable":true,"href":"https:\/\/valenciasjb.salesianos.edu\/colegio\/wp-json\/wp\/v2\/tags?post=11804"}],"curies":[{"name":"wp","href":"https:\/\/api.w.org\/{rel}","templated":true}]}}