{"id":11833,"date":"2019-12-16T12:52:27","date_gmt":"2019-12-16T11:52:27","guid":{"rendered":"https:\/\/valenciasjb.salesianos.edu\/colegio\/?p=11833"},"modified":"2019-12-16T12:52:31","modified_gmt":"2019-12-16T11:52:31","slug":"los-peques-del-cole-pasan-una-tarde-de-diversion-con-los-angeles-de-don-bosco","status":"publish","type":"post","link":"https:\/\/valenciasjb.salesianos.edu\/colegio\/los-peques-del-cole-pasan-una-tarde-de-diversion-con-los-angeles-de-don-bosco\/","title":{"rendered":"Los peques del cole pasan una tarde de diversi\u00f3n con los \u00c1ngeles de Don Bosco"},"content":{"rendered":"<div id=\"fb-root\"><\/div>\n<p>[et_pb_section fb_built=\u00bb1&#8243; admin_label=\u00bbsection\u00bb _builder_version=\u00bb3.22&#8243;][et_pb_row admin_label=\u00bbrow\u00bb _builder_version=\u00bb3.25&#8243; background_size=\u00bbinitial\u00bb background_position=\u00bbtop_left\u00bb background_repeat=\u00bbrepeat\u00bb][et_pb_column type=\u00bb4_4&#8243; _builder_version=\u00bb3.25&#8243; custom_padding=\u00bb|||\u00bb custom_padding__hover=\u00bb|||\u00bb][et_pb_text admin_label=\u00bbEntradilla (Texto)\u00bb _builder_version=\u00bb4.0.9&#8243; text_font=\u00bb|on|||\u00bb text_orientation=\u00bbjustified\u00bb module_alignment=\u00bbjustified\u00bb hover_enabled=\u00bb0&#8243;]<\/p>\n<div id=\"resumen\">\n<p lang=\"ca-ES\"><span style=\"color: #000000\"><span style=\"font-family: Times New Roman, serif\"><span style=\"font-size: medium\"><span style=\"font-family: Verdana, serif\"><span style=\"font-size: small\"><b>El viernes, 13 de diciembre, los<\/b><\/span><\/span><span style=\"font-family: Verdana, serif\"><span style=\"font-size: small\"><b> ni\u00f1os del primer curso de infantil<\/b><\/span><\/span><span style=\"font-family: Verdana, serif\"><span style=\"font-size: small\"><b> pasaron una tarde de lo m\u00e1s entretenida gracias a <\/b><\/span><\/span><span style=\"font-family: Verdana, serif\"><span style=\"font-size: small\"><b>u<\/b><\/span><\/span><span style=\"font-family: Verdana, serif\"><span style=\"font-size: small\"><b>n grupo de chicos y chicas de secundaria y bachillerato que forman el grupo de voluntariado \u201c\u00c1ngeles de Don Bosco\u201d.<\/b><\/span><\/span><\/span><\/span><\/span><\/p>\n<\/div>\n<div>\u00a0<\/div>\n<p>[\/et_pb_text][et_pb_text admin_label=\u00bbAutor (Texto)\u00bb _builder_version=\u00bb3.27.4&#8243; text_font=\u00bb||on||\u00bb]Redacci\u00f3n<br \/>\n[\/et_pb_text][et_pb_text admin_label=\u00bbDesarrollo (Texto)\u00bb _builder_version=\u00bb4.0.9&#8243; text_orientation=\u00bbjustified\u00bb module_alignment=\u00bbjustified\u00bb hover_enabled=\u00bb0&#8243;]<\/p>\n<p>\u200b<span style=\"color: #00000a\"><span style=\"font-family: Verdana, serif\"><span style=\"font-size: small\"><span lang=\"es-ES\">\u00abHoy hemos ido a las aulas de infantil a hacer un voluntariado en el cual hemos estado toda la tarde disfrutando con ellos. Nosotras personalmente, hemos bailado con ellos y hemos disfrutado de sus ganas por aprender y ver a Pap\u00e1 Noel. Nos ha encantado compartir con ellos una tarde de juegos y aprendizaje. Nos lo hemos pasado muy bien con los m\u00e1s peque\u00f1os. Tenemos muchas ganas de repetir.\u00bb\u00a0<\/span><\/span><\/span><\/span><\/p>\n<p><span style=\"color: #00000a\"><span style=\"font-family: Verdana, serif\"><span style=\"font-size: small\"><span lang=\"es-ES\">Estas han sido las palabras de una integrante del voluntariado de \u00c1ngeles de D. Bosco. Como todos los cursos, nuestros alumnos y alumnas m\u00e1s mayores han compartido su tiempo con la etapa de infantil. De nuevo ha sido una estupenda tarde en la que conjuntamente han realizado actividades relacionadas con las pr\u00f3ximas fiestas de Navidad. Entre pinta caras, juegos, cuentos, canciones y manualidades&#8230; todos han disfrutado y vivido momentos entra\u00f1ables. \u00a1Ha valido la pena ver las caritas de los m\u00e1s peques!<\/span><\/span><\/span><\/span><\/p>\n<p>[\/et_pb_text][et_pb_text disabled_on=\u00bboff|on|on\u00bb admin_label=\u00bbT\u00edtulo: Galer\u00eda de fotos (Texto)\u00bb _builder_version=\u00bb3.27.4&#8243; text_font=\u00bb|on|||\u00bb text_text_color=\u00bb#dc001b\u00bb border_style=\u00bbsolid\u00bb]Galer\u00eda de im\u00e1genes<br \/>\n[\/et_pb_text][et_pb_gallery gallery_ids=\u00bb11836,11837,11838,11839,11840,11841,11842&#8243; posts_number=\u00bb8&#8243; show_title_and_caption=\u00bboff\u00bb zoom_icon_color=\u00bb#dc001b\u00bb hover_icon=\u00bb%%51%%\u00bb disabled_on=\u00bboff|off|off\u00bb _builder_version=\u00bb4.0.9&#8243; hover_enabled=\u00bb0&#8243; pagination_font_size_tablet=\u00bb51&#8243; pagination_line_height_tablet=\u00bb2&#8243;][\/et_pb_gallery][et_pb_video disabled_on=\u00bbon|on|on\u00bb _builder_version=\u00bb3.0.51&#8243; disabled=\u00bbon\u00bb][\/et_pb_video][\/et_pb_column][\/et_pb_row][\/et_pb_section]<\/p>\n<!-- AddThis Advanced Settings generic via filter on the_content --><!-- AddThis Share Buttons generic via filter on the_content -->","protected":false},"excerpt":{"rendered":"<p>El viernes, 13 de diciembre, los ni\u00f1os del primer curso de infantil pasaron una tarde de lo m\u00e1s entretenida gracias a un grupo de chicos y chicas de secundaria y bachillerato que forman el grupo de voluntariado \u201c\u00c1ngeles de Don Bosco\u201d. \u00a0 Redacci\u00f3n \u200b\u00bbHoy hemos ido a las aulas de infantil a hacer un voluntariado [&hellip;]<\/p>\n<p><!-- AddThis Advanced Settings generic via filter on get_the_excerpt --><!-- AddThis Share Buttons generic via filter on get_the_excerpt --><\/p>\n","protected":false},"author":6,"featured_media":11838,"comment_status":"closed","ping_status":"open","sticky":false,"template":"","format":"standard","meta":{"_et_pb_use_builder":"on","_et_pb_old_content":"","_et_gb_content_width":"","footnotes":""},"categories":[14],"tags":[],"class_list":["post-11833","post","type-post","status-publish","format-standard","has-post-thumbnail","hentry","category-noticia_colegio"],"yoast_head":"<!-- This site is optimized with the Yoast SEO plugin v28.4 - https:\/\/yoast.com\/product\/yoast-seo-wordpress\/ -->\n<title>Los peques del cole pasan una tarde de diversi\u00f3n con los \u00c1ngeles de Don Bosco - Colegio San Juan Bosco Valencia<\/title>\n<meta name=\"robots\" content=\"index, follow, max-snippet:-1, max-image-preview:large, max-video-preview:-1\" \/>\n<link rel=\"canonical\" href=\"https:\/\/valenciasjb.salesianos.edu\/colegio\/los-peques-del-cole-pasan-una-tarde-de-diversion-con-los-angeles-de-don-bosco\/\" \/>\n<meta property=\"og:locale\" content=\"es_ES\" \/>\n<meta property=\"og:type\" content=\"article\" \/>\n<meta property=\"og:title\" content=\"Los peques del cole pasan una tarde de diversi\u00f3n con los \u00c1ngeles de Don Bosco - Colegio San Juan Bosco Valencia\" \/>\n<meta property=\"og:description\" content=\"El viernes, 13 de diciembre, los ni\u00f1os del primer curso de infantil pasaron una tarde de lo m\u00e1s entretenida gracias a un grupo de chicos y chicas de secundaria y bachillerato que forman el grupo de voluntariado \u201c\u00c1ngeles de Don Bosco\u201d. \u00a0 Redacci\u00f3n \u200b&quot;Hoy hemos ido a las aulas de infantil a hacer un voluntariado [&hellip;]\" \/>\n<meta property=\"og:url\" content=\"https:\/\/valenciasjb.salesianos.edu\/colegio\/los-peques-del-cole-pasan-una-tarde-de-diversion-con-los-angeles-de-don-bosco\/\" \/>\n<meta property=\"og:site_name\" content=\"Colegio San Juan Bosco Valencia\" \/>\n<meta property=\"article:publisher\" content=\"https:\/\/www.facebook.com\/ColegioSalesianoSanJuanBoscoValencia\" \/>\n<meta property=\"article:published_time\" content=\"2019-12-16T11:52:27+00:00\" \/>\n<meta property=\"article:modified_time\" content=\"2019-12-16T11:52:31+00:00\" \/>\n<meta property=\"og:image\" content=\"https:\/\/valenciasjb.salesianos.edu\/colegio\/wp-content\/uploads\/sites\/2\/2019\/12\/IMG_20191213_161920-scaled.jpg\" \/>\n\t<meta property=\"og:image:width\" content=\"2560\" \/>\n\t<meta property=\"og:image:height\" content=\"1920\" \/>\n\t<meta property=\"og:image:type\" content=\"image\/jpeg\" \/>\n<meta name=\"author\" content=\"veronicapastor\" \/>\n<meta name=\"twitter:card\" content=\"summary_large_image\" \/>\n<meta name=\"twitter:creator\" content=\"@SalesianosVSJB\" \/>\n<meta name=\"twitter:site\" content=\"@SalesianosVSJB\" \/>\n<meta name=\"twitter:label1\" content=\"Escrito por\" \/>\n\t<meta name=\"twitter:data1\" content=\"veronicapastor\" \/>\n\t<meta name=\"twitter:label2\" content=\"Tiempo de lectura\" \/>\n\t<meta name=\"twitter:data2\" content=\"2 minutos\" \/>\n<script type=\"application\/ld+json\" class=\"yoast-schema-graph\">{\"@context\":\"https:\\\/\\\/schema.org\",\"@graph\":[{\"@type\":\"Article\",\"@id\":\"https:\\\/\\\/valenciasjb.salesianos.edu\\\/colegio\\\/los-peques-del-cole-pasan-una-tarde-de-diversion-con-los-angeles-de-don-bosco\\\/#article\",\"isPartOf\":{\"@id\":\"https:\\\/\\\/valenciasjb.salesianos.edu\\\/colegio\\\/los-peques-del-cole-pasan-una-tarde-de-diversion-con-los-angeles-de-don-bosco\\\/\"},\"author\":{\"name\":\"veronicapastor\",\"@id\":\"https:\\\/\\\/valenciasjb.salesianos.edu\\\/colegio\\\/#\\\/schema\\\/person\\\/1f45b67e52b27da175190a574db6bed9\"},\"headline\":\"Los peques del cole pasan una tarde de diversi\u00f3n con los \u00c1ngeles de Don Bosco\",\"datePublished\":\"2019-12-16T11:52:27+00:00\",\"dateModified\":\"2019-12-16T11:52:31+00:00\",\"mainEntityOfPage\":{\"@id\":\"https:\\\/\\\/valenciasjb.salesianos.edu\\\/colegio\\\/los-peques-del-cole-pasan-una-tarde-de-diversion-con-los-angeles-de-don-bosco\\\/\"},\"wordCount\":415,\"image\":{\"@id\":\"https:\\\/\\\/valenciasjb.salesianos.edu\\\/colegio\\\/los-peques-del-cole-pasan-una-tarde-de-diversion-con-los-angeles-de-don-bosco\\\/#primaryimage\"},\"thumbnailUrl\":\"https:\\\/\\\/valenciasjb.salesianos.edu\\\/colegio\\\/wp-content\\\/uploads\\\/sites\\\/2\\\/2019\\\/12\\\/IMG_20191213_161920-scaled.jpg\",\"articleSection\":[\"Noticia Colegio\"],\"inLanguage\":\"es\"},{\"@type\":\"WebPage\",\"@id\":\"https:\\\/\\\/valenciasjb.salesianos.edu\\\/colegio\\\/los-peques-del-cole-pasan-una-tarde-de-diversion-con-los-angeles-de-don-bosco\\\/\",\"url\":\"https:\\\/\\\/valenciasjb.salesianos.edu\\\/colegio\\\/los-peques-del-cole-pasan-una-tarde-de-diversion-con-los-angeles-de-don-bosco\\\/\",\"name\":\"Los peques del cole pasan una tarde de diversi\u00f3n con los \u00c1ngeles de Don Bosco - Colegio San Juan Bosco Valencia\",\"isPartOf\":{\"@id\":\"https:\\\/\\\/valenciasjb.salesianos.edu\\\/colegio\\\/#website\"},\"primaryImageOfPage\":{\"@id\":\"https:\\\/\\\/valenciasjb.salesianos.edu\\\/colegio\\\/los-peques-del-cole-pasan-una-tarde-de-diversion-con-los-angeles-de-don-bosco\\\/#primaryimage\"},\"image\":{\"@id\":\"https:\\\/\\\/valenciasjb.salesianos.edu\\\/colegio\\\/los-peques-del-cole-pasan-una-tarde-de-diversion-con-los-angeles-de-don-bosco\\\/#primaryimage\"},\"thumbnailUrl\":\"https:\\\/\\\/valenciasjb.salesianos.edu\\\/colegio\\\/wp-content\\\/uploads\\\/sites\\\/2\\\/2019\\\/12\\\/IMG_20191213_161920-scaled.jpg\",\"datePublished\":\"2019-12-16T11:52:27+00:00\",\"dateModified\":\"2019-12-16T11:52:31+00:00\",\"author\":{\"@id\":\"https:\\\/\\\/valenciasjb.salesianos.edu\\\/colegio\\\/#\\\/schema\\\/person\\\/1f45b67e52b27da175190a574db6bed9\"},\"breadcrumb\":{\"@id\":\"https:\\\/\\\/valenciasjb.salesianos.edu\\\/colegio\\\/los-peques-del-cole-pasan-una-tarde-de-diversion-con-los-angeles-de-don-bosco\\\/#breadcrumb\"},\"inLanguage\":\"es\",\"potentialAction\":[{\"@type\":\"ReadAction\",\"target\":[\"https:\\\/\\\/valenciasjb.salesianos.edu\\\/colegio\\\/los-peques-del-cole-pasan-una-tarde-de-diversion-con-los-angeles-de-don-bosco\\\/\"]}]},{\"@type\":\"ImageObject\",\"inLanguage\":\"es\",\"@id\":\"https:\\\/\\\/valenciasjb.salesianos.edu\\\/colegio\\\/los-peques-del-cole-pasan-una-tarde-de-diversion-con-los-angeles-de-don-bosco\\\/#primaryimage\",\"url\":\"https:\\\/\\\/valenciasjb.salesianos.edu\\\/colegio\\\/wp-content\\\/uploads\\\/sites\\\/2\\\/2019\\\/12\\\/IMG_20191213_161920-scaled.jpg\",\"contentUrl\":\"https:\\\/\\\/valenciasjb.salesianos.edu\\\/colegio\\\/wp-content\\\/uploads\\\/sites\\\/2\\\/2019\\\/12\\\/IMG_20191213_161920-scaled.jpg\",\"width\":2560,\"height\":1920},{\"@type\":\"BreadcrumbList\",\"@id\":\"https:\\\/\\\/valenciasjb.salesianos.edu\\\/colegio\\\/los-peques-del-cole-pasan-una-tarde-de-diversion-con-los-angeles-de-don-bosco\\\/#breadcrumb\",\"itemListElement\":[{\"@type\":\"ListItem\",\"position\":1,\"name\":\"Portada\",\"item\":\"https:\\\/\\\/valenciasjb.salesianos.edu\\\/colegio\\\/\"},{\"@type\":\"ListItem\",\"position\":2,\"name\":\"Los peques del cole pasan una tarde de diversi\u00f3n con los \u00c1ngeles de Don Bosco\"}]},{\"@type\":\"WebSite\",\"@id\":\"https:\\\/\\\/valenciasjb.salesianos.edu\\\/colegio\\\/#website\",\"url\":\"https:\\\/\\\/valenciasjb.salesianos.edu\\\/colegio\\\/\",\"name\":\"Colegio San Juan Bosco Valencia\",\"description\":\"P\u00e1gina oficial del Colegio Salesianos San Juan Bosco Valencia\",\"alternateName\":\"Salesianos.VSJB\",\"potentialAction\":[{\"@type\":\"SearchAction\",\"target\":{\"@type\":\"EntryPoint\",\"urlTemplate\":\"https:\\\/\\\/valenciasjb.salesianos.edu\\\/colegio\\\/?s={search_term_string}\"},\"query-input\":{\"@type\":\"PropertyValueSpecification\",\"valueRequired\":true,\"valueName\":\"search_term_string\"}}],\"inLanguage\":\"es\"},{\"@type\":\"Person\",\"@id\":\"https:\\\/\\\/valenciasjb.salesianos.edu\\\/colegio\\\/#\\\/schema\\\/person\\\/1f45b67e52b27da175190a574db6bed9\",\"name\":\"veronicapastor\",\"image\":{\"@type\":\"ImageObject\",\"inLanguage\":\"es\",\"@id\":\"https:\\\/\\\/secure.gravatar.com\\\/avatar\\\/e29bd40bace3fd935e1d6fdb7313ffc14628cc037c5e16f4c7369b20a2a6f7f0?s=96&d=mm&r=g\",\"url\":\"https:\\\/\\\/secure.gravatar.com\\\/avatar\\\/e29bd40bace3fd935e1d6fdb7313ffc14628cc037c5e16f4c7369b20a2a6f7f0?s=96&d=mm&r=g\",\"contentUrl\":\"https:\\\/\\\/secure.gravatar.com\\\/avatar\\\/e29bd40bace3fd935e1d6fdb7313ffc14628cc037c5e16f4c7369b20a2a6f7f0?s=96&d=mm&r=g\",\"caption\":\"veronicapastor\"}}]}<\/script>\n<!-- \/ Yoast SEO plugin. -->","yoast_head_json":{"title":"Los peques del cole pasan una tarde de diversi\u00f3n con los \u00c1ngeles de Don Bosco - Colegio San Juan Bosco Valencia","robots":{"index":"index","follow":"follow","max-snippet":"max-snippet:-1","max-image-preview":"max-image-preview:large","max-video-preview":"max-video-preview:-1"},"canonical":"https:\/\/valenciasjb.salesianos.edu\/colegio\/los-peques-del-cole-pasan-una-tarde-de-diversion-con-los-angeles-de-don-bosco\/","og_locale":"es_ES","og_type":"article","og_title":"Los peques del cole pasan una tarde de diversi\u00f3n con los \u00c1ngeles de Don Bosco - Colegio San Juan Bosco Valencia","og_description":"El viernes, 13 de diciembre, los ni\u00f1os del primer curso de infantil pasaron una tarde de lo m\u00e1s entretenida gracias a un grupo de chicos y chicas de secundaria y bachillerato que forman el grupo de voluntariado \u201c\u00c1ngeles de Don Bosco\u201d. \u00a0 Redacci\u00f3n \u200b\"Hoy hemos ido a las aulas de infantil a hacer un voluntariado [&hellip;]","og_url":"https:\/\/valenciasjb.salesianos.edu\/colegio\/los-peques-del-cole-pasan-una-tarde-de-diversion-con-los-angeles-de-don-bosco\/","og_site_name":"Colegio San Juan Bosco Valencia","article_publisher":"https:\/\/www.facebook.com\/ColegioSalesianoSanJuanBoscoValencia","article_published_time":"2019-12-16T11:52:27+00:00","article_modified_time":"2019-12-16T11:52:31+00:00","og_image":[{"width":2560,"height":1920,"url":"https:\/\/valenciasjb.salesianos.edu\/colegio\/wp-content\/uploads\/sites\/2\/2019\/12\/IMG_20191213_161920-scaled.jpg","type":"image\/jpeg"}],"author":"veronicapastor","twitter_card":"summary_large_image","twitter_creator":"@SalesianosVSJB","twitter_site":"@SalesianosVSJB","twitter_misc":{"Escrito por":"veronicapastor","Tiempo de lectura":"2 minutos"},"schema":{"@context":"https:\/\/schema.org","@graph":[{"@type":"Article","@id":"https:\/\/valenciasjb.salesianos.edu\/colegio\/los-peques-del-cole-pasan-una-tarde-de-diversion-con-los-angeles-de-don-bosco\/#article","isPartOf":{"@id":"https:\/\/valenciasjb.salesianos.edu\/colegio\/los-peques-del-cole-pasan-una-tarde-de-diversion-con-los-angeles-de-don-bosco\/"},"author":{"name":"veronicapastor","@id":"https:\/\/valenciasjb.salesianos.edu\/colegio\/#\/schema\/person\/1f45b67e52b27da175190a574db6bed9"},"headline":"Los peques del cole pasan una tarde de diversi\u00f3n con los \u00c1ngeles de Don Bosco","datePublished":"2019-12-16T11:52:27+00:00","dateModified":"2019-12-16T11:52:31+00:00","mainEntityOfPage":{"@id":"https:\/\/valenciasjb.salesianos.edu\/colegio\/los-peques-del-cole-pasan-una-tarde-de-diversion-con-los-angeles-de-don-bosco\/"},"wordCount":415,"image":{"@id":"https:\/\/valenciasjb.salesianos.edu\/colegio\/los-peques-del-cole-pasan-una-tarde-de-diversion-con-los-angeles-de-don-bosco\/#primaryimage"},"thumbnailUrl":"https:\/\/valenciasjb.salesianos.edu\/colegio\/wp-content\/uploads\/sites\/2\/2019\/12\/IMG_20191213_161920-scaled.jpg","articleSection":["Noticia Colegio"],"inLanguage":"es"},{"@type":"WebPage","@id":"https:\/\/valenciasjb.salesianos.edu\/colegio\/los-peques-del-cole-pasan-una-tarde-de-diversion-con-los-angeles-de-don-bosco\/","url":"https:\/\/valenciasjb.salesianos.edu\/colegio\/los-peques-del-cole-pasan-una-tarde-de-diversion-con-los-angeles-de-don-bosco\/","name":"Los peques del cole pasan una tarde de diversi\u00f3n con los \u00c1ngeles de Don Bosco - Colegio San Juan Bosco Valencia","isPartOf":{"@id":"https:\/\/valenciasjb.salesianos.edu\/colegio\/#website"},"primaryImageOfPage":{"@id":"https:\/\/valenciasjb.salesianos.edu\/colegio\/los-peques-del-cole-pasan-una-tarde-de-diversion-con-los-angeles-de-don-bosco\/#primaryimage"},"image":{"@id":"https:\/\/valenciasjb.salesianos.edu\/colegio\/los-peques-del-cole-pasan-una-tarde-de-diversion-con-los-angeles-de-don-bosco\/#primaryimage"},"thumbnailUrl":"https:\/\/valenciasjb.salesianos.edu\/colegio\/wp-content\/uploads\/sites\/2\/2019\/12\/IMG_20191213_161920-scaled.jpg","datePublished":"2019-12-16T11:52:27+00:00","dateModified":"2019-12-16T11:52:31+00:00","author":{"@id":"https:\/\/valenciasjb.salesianos.edu\/colegio\/#\/schema\/person\/1f45b67e52b27da175190a574db6bed9"},"breadcrumb":{"@id":"https:\/\/valenciasjb.salesianos.edu\/colegio\/los-peques-del-cole-pasan-una-tarde-de-diversion-con-los-angeles-de-don-bosco\/#breadcrumb"},"inLanguage":"es","potentialAction":[{"@type":"ReadAction","target":["https:\/\/valenciasjb.salesianos.edu\/colegio\/los-peques-del-cole-pasan-una-tarde-de-diversion-con-los-angeles-de-don-bosco\/"]}]},{"@type":"ImageObject","inLanguage":"es","@id":"https:\/\/valenciasjb.salesianos.edu\/colegio\/los-peques-del-cole-pasan-una-tarde-de-diversion-con-los-angeles-de-don-bosco\/#primaryimage","url":"https:\/\/valenciasjb.salesianos.edu\/colegio\/wp-content\/uploads\/sites\/2\/2019\/12\/IMG_20191213_161920-scaled.jpg","contentUrl":"https:\/\/valenciasjb.salesianos.edu\/colegio\/wp-content\/uploads\/sites\/2\/2019\/12\/IMG_20191213_161920-scaled.jpg","width":2560,"height":1920},{"@type":"BreadcrumbList","@id":"https:\/\/valenciasjb.salesianos.edu\/colegio\/los-peques-del-cole-pasan-una-tarde-de-diversion-con-los-angeles-de-don-bosco\/#breadcrumb","itemListElement":[{"@type":"ListItem","position":1,"name":"Portada","item":"https:\/\/valenciasjb.salesianos.edu\/colegio\/"},{"@type":"ListItem","position":2,"name":"Los peques del cole pasan una tarde de diversi\u00f3n con los \u00c1ngeles de Don Bosco"}]},{"@type":"WebSite","@id":"https:\/\/valenciasjb.salesianos.edu\/colegio\/#website","url":"https:\/\/valenciasjb.salesianos.edu\/colegio\/","name":"Colegio San Juan Bosco Valencia","description":"P\u00e1gina oficial del Colegio Salesianos San Juan Bosco Valencia","alternateName":"Salesianos.VSJB","potentialAction":[{"@type":"SearchAction","target":{"@type":"EntryPoint","urlTemplate":"https:\/\/valenciasjb.salesianos.edu\/colegio\/?s={search_term_string}"},"query-input":{"@type":"PropertyValueSpecification","valueRequired":true,"valueName":"search_term_string"}}],"inLanguage":"es"},{"@type":"Person","@id":"https:\/\/valenciasjb.salesianos.edu\/colegio\/#\/schema\/person\/1f45b67e52b27da175190a574db6bed9","name":"veronicapastor","image":{"@type":"ImageObject","inLanguage":"es","@id":"https:\/\/secure.gravatar.com\/avatar\/e29bd40bace3fd935e1d6fdb7313ffc14628cc037c5e16f4c7369b20a2a6f7f0?s=96&d=mm&r=g","url":"https:\/\/secure.gravatar.com\/avatar\/e29bd40bace3fd935e1d6fdb7313ffc14628cc037c5e16f4c7369b20a2a6f7f0?s=96&d=mm&r=g","contentUrl":"https:\/\/secure.gravatar.com\/avatar\/e29bd40bace3fd935e1d6fdb7313ffc14628cc037c5e16f4c7369b20a2a6f7f0?s=96&d=mm&r=g","caption":"veronicapastor"}}]}},"_links":{"self":[{"href":"https:\/\/valenciasjb.salesianos.edu\/colegio\/wp-json\/wp\/v2\/posts\/11833","targetHints":{"allow":["GET"]}}],"collection":[{"href":"https:\/\/valenciasjb.salesianos.edu\/colegio\/wp-json\/wp\/v2\/posts"}],"about":[{"href":"https:\/\/valenciasjb.salesianos.edu\/colegio\/wp-json\/wp\/v2\/types\/post"}],"author":[{"embeddable":true,"href":"https:\/\/valenciasjb.salesianos.edu\/colegio\/wp-json\/wp\/v2\/users\/6"}],"replies":[{"embeddable":true,"href":"https:\/\/valenciasjb.salesianos.edu\/colegio\/wp-json\/wp\/v2\/comments?post=11833"}],"version-history":[{"count":2,"href":"https:\/\/valenciasjb.salesianos.edu\/colegio\/wp-json\/wp\/v2\/posts\/11833\/revisions"}],"predecessor-version":[{"id":11843,"href":"https:\/\/valenciasjb.salesianos.edu\/colegio\/wp-json\/wp\/v2\/posts\/11833\/revisions\/11843"}],"wp:featuredmedia":[{"embeddable":true,"href":"https:\/\/valenciasjb.salesianos.edu\/colegio\/wp-json\/wp\/v2\/media\/11838"}],"wp:attachment":[{"href":"https:\/\/valenciasjb.salesianos.edu\/colegio\/wp-json\/wp\/v2\/media?parent=11833"}],"wp:term":[{"taxonomy":"category","embeddable":true,"href":"https:\/\/valenciasjb.salesianos.edu\/colegio\/wp-json\/wp\/v2\/categories?post=11833"},{"taxonomy":"post_tag","embeddable":true,"href":"https:\/\/valenciasjb.salesianos.edu\/colegio\/wp-json\/wp\/v2\/tags?post=11833"}],"curies":[{"name":"wp","href":"https:\/\/api.w.org\/{rel}","templated":true}]}}