{"id":11892,"date":"2019-12-19T23:02:33","date_gmt":"2019-12-19T22:02:33","guid":{"rendered":"https:\/\/valenciasjb.salesianos.edu\/colegio\/?p=11892"},"modified":"2019-12-19T23:02:36","modified_gmt":"2019-12-19T22:02:36","slug":"los-alumnos-de-educacion-infantil-han-preparado-durante-todo-el-mes-de-diciembre-la-llegada-del-nacimiento-de-jesus","status":"publish","type":"post","link":"https:\/\/valenciasjb.salesianos.edu\/colegio\/los-alumnos-de-educacion-infantil-han-preparado-durante-todo-el-mes-de-diciembre-la-llegada-del-nacimiento-de-jesus\/","title":{"rendered":"Los alumnos de Educaci\u00f3n Infantil han preparado durante todo el mes de diciembre la llegada del nacimiento de Jes\u00fas"},"content":{"rendered":"<div id=\"fb-root\"><\/div>\n<p>[et_pb_section fb_built=\u00bb1&#8243; admin_label=\u00bbsection\u00bb _builder_version=\u00bb3.22&#8243;][et_pb_row admin_label=\u00bbrow\u00bb _builder_version=\u00bb3.25&#8243; background_size=\u00bbinitial\u00bb background_position=\u00bbtop_left\u00bb background_repeat=\u00bbrepeat\u00bb][et_pb_column type=\u00bb4_4&#8243; _builder_version=\u00bb3.25&#8243; custom_padding=\u00bb|||\u00bb custom_padding__hover=\u00bb|||\u00bb][et_pb_text admin_label=\u00bbEntradilla (Texto)\u00bb _builder_version=\u00bb4.0.9&#8243; text_font=\u00bb|on|||\u00bb text_orientation=\u00bbjustified\u00bb module_alignment=\u00bbjustified\u00bb hover_enabled=\u00bb0&#8243;]<\/p>\n<div id=\"resumen\">\n<p><strong>Un a\u00f1o m\u00e1s, los peque\u00f1os del cole\u00a0 han preparado, con la ilusi\u00f3n que les caracteriza, la llegada de la Navidad. \u00a0Durante todo el mes se han realizado diferentes actividades para este gran d\u00eda.<\/strong><\/p>\n<\/div>\n<div>\u00a0<\/div>\n<p>[\/et_pb_text][et_pb_text admin_label=\u00bbAutor (Texto)\u00bb _builder_version=\u00bb4.0.9&#8243; text_font=\u00bb||on||\u00bb hover_enabled=\u00bb0&#8243;]<\/p>\n<p>\u200bLourdes Muli\u00f3. Profesora Ed. Infantil.<\/p>\n<p>[\/et_pb_text][et_pb_text admin_label=\u00bbDesarrollo (Texto)\u00bb _builder_version=\u00bb4.0.9&#8243; text_orientation=\u00bbjustified\u00bb module_alignment=\u00bbjustified\u00bb hover_enabled=\u00bb0&#8243;]<\/p>\n<p>\u200bEngalanando las clases, pasillos y hall del edificio, con magn\u00edficos murales y trabajos realizados por nuestros queridos alumnos. Contando, este a\u00f1o, con la colaboraci\u00f3n de AMPAS, en algunos de estos trabajos.<\/p>\n<p>Entre muchas de las actividades en las que, a lo largo del mes, nuestros alumnos han participado cabe destacar unas cuantas:<\/p>\n<p>Los <strong>buenos d\u00edas,\u00a0 <\/strong>algunos preparados por las tutoras y otros por mam\u00e1s de AMPAS, relacionados con el \u201c<strong>Adviento<\/strong>\u201d y la llegada de la \u201c<strong>Navidad<\/strong>\u201d.<\/p>\n<p><strong>Celebraci\u00f3n <\/strong>en la Iglesia del<strong> Adviento<\/strong>, donde nuestros peques junto con nuestro salesiano Alberto, han pasado una ma\u00f1ana\u00a0 entra\u00f1able con nuestro\u00a0 amigo Jes\u00fas reci\u00e9n nacido.<\/p>\n<p>Los alumnos de 4 y 5 a\u00f1os <strong>ensayando<\/strong> para su debut en el <strong>Bel\u00e9n Viviente<\/strong> de este a\u00f1o. Y los alumnos de 3 a\u00f1os preparando y deleitando en sus aulas a sus pap\u00e1s con una magn\u00edfica <strong>actuaci\u00f3n navide\u00f1a<\/strong> incluyendo poes\u00edas y villancicos.<\/p>\n<p>Tambi\u00e9n han colaborado y participado en la campa\u00f1a <strong>Bote-Kilo<\/strong>, donde nuestros alumnos han aprendido lo qu\u00e9 es ayudar a los m\u00e1s necesitados de nuestro barrio.<\/p>\n<p>Los ni\u00f1os han realizado diversos <strong>trabajos manuales<\/strong> para decorar clases y pasillos entre los que hay que destacar las actividades propuestas por AMPAS: Bel\u00e9n y postales navide\u00f1as.<\/p>\n<p>Los voluntarios <strong>\u201clos \u00c1ngeles de D. Bosco\u201d<\/strong>\u00a0 dedicaron un poco de su tiempo\u00a0 libre a los alumnos de 3 a\u00f1os con los que se lo pasaron superbi\u00e9n.<\/p>\n<p>Finalmente los todos los ni\u00f1os y ni\u00f1as han visitado el Bel\u00e9n de nuestro cole, expuesto en la sala 80, al cual est\u00e1is todos invitados a visitar.<\/p>\n<p>Y c\u00f3mo no, \u00a1ya tenemos preparadas todas las cartas para entreg\u00e1rselas a nuestros queridos e ilustres Majestades de Oriente!<\/p>\n<p>\u00a1SS.MM. Los Reyes Magos nos visitar\u00e1n este viernes por la tarde! despu\u00e9s de haber pasado una ajetreada ma\u00f1ana visitando y participando de nuestro Bel\u00e9n Viviente.<\/p>\n<p>&nbsp;<\/p>\n<p>De coraz\u00f3n, todo el equipo de infantil os deseamos:<\/p>\n<p>\u00a0\u00a0\u00a0\u00a0\u00a0\u00a0\u00a0\u00a0\u00a0\u00a0\u00a0\u00a0\u00a0\u00a0\u00a0\u00a0\u00a0\u00a0 UNAS FELICES FIESTAS Y UN PR\u00d3SPERO 2020<\/p>\n<p>[\/et_pb_text][et_pb_text disabled_on=\u00bboff|on|on\u00bb admin_label=\u00bbT\u00edtulo: Galer\u00eda de fotos (Texto)\u00bb _builder_version=\u00bb3.27.4&#8243; text_font=\u00bb|on|||\u00bb text_text_color=\u00bb#dc001b\u00bb border_style=\u00bbsolid\u00bb]Galer\u00eda de im\u00e1genes<br \/>\n[\/et_pb_text][et_pb_gallery gallery_ids=\u00bb11895,11896,11897,11898,11899,11900,11901,11902,11903,11904,11905,11906,11907,11908,11909,11910,11911,11912,11913,11914,11915,11916,11917,11918,11919,11920,11921,11922,11923,11924,11925,11926,11927,11928,11929,11930,11931,11932,11933,11934,11935,11936,11937,11938,11939,11940,11941,11942,11943,11944,11945,11946&#8243; posts_number=\u00bb8&#8243; show_title_and_caption=\u00bboff\u00bb zoom_icon_color=\u00bb#dc001b\u00bb hover_icon=\u00bb%%51%%\u00bb disabled_on=\u00bboff|off|off\u00bb _builder_version=\u00bb4.0.9&#8243; hover_enabled=\u00bb0&#8243; pagination_font_size_tablet=\u00bb51&#8243; pagination_line_height_tablet=\u00bb2&#8243;][\/et_pb_gallery][et_pb_video disabled_on=\u00bbon|on|on\u00bb _builder_version=\u00bb3.0.51&#8243; disabled=\u00bbon\u00bb][\/et_pb_video][\/et_pb_column][\/et_pb_row][\/et_pb_section]<\/p>\n<!-- AddThis Advanced Settings generic via filter on the_content --><!-- AddThis Share Buttons generic via filter on the_content -->","protected":false},"excerpt":{"rendered":"<p>Un a\u00f1o m\u00e1s, los peque\u00f1os del cole\u00a0 han preparado, con la ilusi\u00f3n que les caracteriza, la llegada de la Navidad. \u00a0Durante todo el mes se han realizado diferentes actividades para este gran d\u00eda. \u00a0 \u200bLourdes Muli\u00f3. Profesora Ed. Infantil. \u200bEngalanando las clases, pasillos y hall del edificio, con magn\u00edficos murales y trabajos realizados por nuestros [&hellip;]<\/p>\n<p><!-- AddThis Advanced Settings generic via filter on get_the_excerpt --><!-- AddThis Share Buttons generic via filter on get_the_excerpt --><\/p>\n","protected":false},"author":6,"featured_media":11941,"comment_status":"closed","ping_status":"open","sticky":false,"template":"","format":"standard","meta":{"_et_pb_use_builder":"on","_et_pb_old_content":"","_et_gb_content_width":"","footnotes":""},"categories":[14],"tags":[],"class_list":["post-11892","post","type-post","status-publish","format-standard","has-post-thumbnail","hentry","category-noticia_colegio"],"yoast_head":"<!-- This site is optimized with the Yoast SEO plugin v28.4 - https:\/\/yoast.com\/product\/yoast-seo-wordpress\/ -->\n<title>Los alumnos de Educaci\u00f3n Infantil han preparado durante todo el mes de diciembre la llegada del nacimiento de Jes\u00fas - Colegio San Juan Bosco Valencia<\/title>\n<meta name=\"robots\" content=\"index, follow, max-snippet:-1, max-image-preview:large, max-video-preview:-1\" \/>\n<link rel=\"canonical\" href=\"https:\/\/valenciasjb.salesianos.edu\/colegio\/los-alumnos-de-educacion-infantil-han-preparado-durante-todo-el-mes-de-diciembre-la-llegada-del-nacimiento-de-jesus\/\" \/>\n<meta property=\"og:locale\" content=\"es_ES\" \/>\n<meta property=\"og:type\" content=\"article\" \/>\n<meta property=\"og:title\" content=\"Los alumnos de Educaci\u00f3n Infantil han preparado durante todo el mes de diciembre la llegada del nacimiento de Jes\u00fas - Colegio San Juan Bosco Valencia\" \/>\n<meta property=\"og:description\" content=\"Un a\u00f1o m\u00e1s, los peque\u00f1os del cole\u00a0 han preparado, con la ilusi\u00f3n que les caracteriza, la llegada de la Navidad. \u00a0Durante todo el mes se han realizado diferentes actividades para este gran d\u00eda. \u00a0 \u200bLourdes Muli\u00f3. Profesora Ed. Infantil. \u200bEngalanando las clases, pasillos y hall del edificio, con magn\u00edficos murales y trabajos realizados por nuestros [&hellip;]\" \/>\n<meta property=\"og:url\" content=\"https:\/\/valenciasjb.salesianos.edu\/colegio\/los-alumnos-de-educacion-infantil-han-preparado-durante-todo-el-mes-de-diciembre-la-llegada-del-nacimiento-de-jesus\/\" \/>\n<meta property=\"og:site_name\" content=\"Colegio San Juan Bosco Valencia\" \/>\n<meta property=\"article:publisher\" content=\"https:\/\/www.facebook.com\/ColegioSalesianoSanJuanBoscoValencia\" \/>\n<meta property=\"article:published_time\" content=\"2019-12-19T22:02:33+00:00\" \/>\n<meta property=\"article:modified_time\" content=\"2019-12-19T22:02:36+00:00\" \/>\n<meta property=\"og:image\" content=\"https:\/\/valenciasjb.salesianos.edu\/colegio\/wp-content\/uploads\/sites\/2\/2019\/12\/IMG_3166-scaled.jpg\" \/>\n\t<meta property=\"og:image:width\" content=\"2560\" \/>\n\t<meta property=\"og:image:height\" content=\"1920\" \/>\n\t<meta property=\"og:image:type\" content=\"image\/jpeg\" \/>\n<meta name=\"author\" content=\"veronicapastor\" \/>\n<meta name=\"twitter:card\" content=\"summary_large_image\" \/>\n<meta name=\"twitter:creator\" content=\"@SalesianosVSJB\" \/>\n<meta name=\"twitter:site\" content=\"@SalesianosVSJB\" \/>\n<meta name=\"twitter:label1\" content=\"Escrito por\" \/>\n\t<meta name=\"twitter:data1\" content=\"veronicapastor\" \/>\n\t<meta name=\"twitter:label2\" content=\"Tiempo de lectura\" \/>\n\t<meta name=\"twitter:data2\" content=\"3 minutos\" \/>\n<script type=\"application\/ld+json\" class=\"yoast-schema-graph\">{\"@context\":\"https:\\\/\\\/schema.org\",\"@graph\":[{\"@type\":\"Article\",\"@id\":\"https:\\\/\\\/valenciasjb.salesianos.edu\\\/colegio\\\/los-alumnos-de-educacion-infantil-han-preparado-durante-todo-el-mes-de-diciembre-la-llegada-del-nacimiento-de-jesus\\\/#article\",\"isPartOf\":{\"@id\":\"https:\\\/\\\/valenciasjb.salesianos.edu\\\/colegio\\\/los-alumnos-de-educacion-infantil-han-preparado-durante-todo-el-mes-de-diciembre-la-llegada-del-nacimiento-de-jesus\\\/\"},\"author\":{\"name\":\"veronicapastor\",\"@id\":\"https:\\\/\\\/valenciasjb.salesianos.edu\\\/colegio\\\/#\\\/schema\\\/person\\\/1f45b67e52b27da175190a574db6bed9\"},\"headline\":\"Los alumnos de Educaci\u00f3n Infantil han preparado durante todo el mes de diciembre la llegada del nacimiento de Jes\u00fas\",\"datePublished\":\"2019-12-19T22:02:33+00:00\",\"dateModified\":\"2019-12-19T22:02:36+00:00\",\"mainEntityOfPage\":{\"@id\":\"https:\\\/\\\/valenciasjb.salesianos.edu\\\/colegio\\\/los-alumnos-de-educacion-infantil-han-preparado-durante-todo-el-mes-de-diciembre-la-llegada-del-nacimiento-de-jesus\\\/\"},\"wordCount\":607,\"image\":{\"@id\":\"https:\\\/\\\/valenciasjb.salesianos.edu\\\/colegio\\\/los-alumnos-de-educacion-infantil-han-preparado-durante-todo-el-mes-de-diciembre-la-llegada-del-nacimiento-de-jesus\\\/#primaryimage\"},\"thumbnailUrl\":\"https:\\\/\\\/valenciasjb.salesianos.edu\\\/colegio\\\/wp-content\\\/uploads\\\/sites\\\/2\\\/2019\\\/12\\\/IMG_3166-scaled.jpg\",\"articleSection\":[\"Noticia Colegio\"],\"inLanguage\":\"es\"},{\"@type\":\"WebPage\",\"@id\":\"https:\\\/\\\/valenciasjb.salesianos.edu\\\/colegio\\\/los-alumnos-de-educacion-infantil-han-preparado-durante-todo-el-mes-de-diciembre-la-llegada-del-nacimiento-de-jesus\\\/\",\"url\":\"https:\\\/\\\/valenciasjb.salesianos.edu\\\/colegio\\\/los-alumnos-de-educacion-infantil-han-preparado-durante-todo-el-mes-de-diciembre-la-llegada-del-nacimiento-de-jesus\\\/\",\"name\":\"Los alumnos de Educaci\u00f3n Infantil han preparado durante todo el mes de diciembre la llegada del nacimiento de Jes\u00fas - Colegio San Juan Bosco Valencia\",\"isPartOf\":{\"@id\":\"https:\\\/\\\/valenciasjb.salesianos.edu\\\/colegio\\\/#website\"},\"primaryImageOfPage\":{\"@id\":\"https:\\\/\\\/valenciasjb.salesianos.edu\\\/colegio\\\/los-alumnos-de-educacion-infantil-han-preparado-durante-todo-el-mes-de-diciembre-la-llegada-del-nacimiento-de-jesus\\\/#primaryimage\"},\"image\":{\"@id\":\"https:\\\/\\\/valenciasjb.salesianos.edu\\\/colegio\\\/los-alumnos-de-educacion-infantil-han-preparado-durante-todo-el-mes-de-diciembre-la-llegada-del-nacimiento-de-jesus\\\/#primaryimage\"},\"thumbnailUrl\":\"https:\\\/\\\/valenciasjb.salesianos.edu\\\/colegio\\\/wp-content\\\/uploads\\\/sites\\\/2\\\/2019\\\/12\\\/IMG_3166-scaled.jpg\",\"datePublished\":\"2019-12-19T22:02:33+00:00\",\"dateModified\":\"2019-12-19T22:02:36+00:00\",\"author\":{\"@id\":\"https:\\\/\\\/valenciasjb.salesianos.edu\\\/colegio\\\/#\\\/schema\\\/person\\\/1f45b67e52b27da175190a574db6bed9\"},\"breadcrumb\":{\"@id\":\"https:\\\/\\\/valenciasjb.salesianos.edu\\\/colegio\\\/los-alumnos-de-educacion-infantil-han-preparado-durante-todo-el-mes-de-diciembre-la-llegada-del-nacimiento-de-jesus\\\/#breadcrumb\"},\"inLanguage\":\"es\",\"potentialAction\":[{\"@type\":\"ReadAction\",\"target\":[\"https:\\\/\\\/valenciasjb.salesianos.edu\\\/colegio\\\/los-alumnos-de-educacion-infantil-han-preparado-durante-todo-el-mes-de-diciembre-la-llegada-del-nacimiento-de-jesus\\\/\"]}]},{\"@type\":\"ImageObject\",\"inLanguage\":\"es\",\"@id\":\"https:\\\/\\\/valenciasjb.salesianos.edu\\\/colegio\\\/los-alumnos-de-educacion-infantil-han-preparado-durante-todo-el-mes-de-diciembre-la-llegada-del-nacimiento-de-jesus\\\/#primaryimage\",\"url\":\"https:\\\/\\\/valenciasjb.salesianos.edu\\\/colegio\\\/wp-content\\\/uploads\\\/sites\\\/2\\\/2019\\\/12\\\/IMG_3166-scaled.jpg\",\"contentUrl\":\"https:\\\/\\\/valenciasjb.salesianos.edu\\\/colegio\\\/wp-content\\\/uploads\\\/sites\\\/2\\\/2019\\\/12\\\/IMG_3166-scaled.jpg\",\"width\":2560,\"height\":1920},{\"@type\":\"BreadcrumbList\",\"@id\":\"https:\\\/\\\/valenciasjb.salesianos.edu\\\/colegio\\\/los-alumnos-de-educacion-infantil-han-preparado-durante-todo-el-mes-de-diciembre-la-llegada-del-nacimiento-de-jesus\\\/#breadcrumb\",\"itemListElement\":[{\"@type\":\"ListItem\",\"position\":1,\"name\":\"Portada\",\"item\":\"https:\\\/\\\/valenciasjb.salesianos.edu\\\/colegio\\\/\"},{\"@type\":\"ListItem\",\"position\":2,\"name\":\"Los alumnos de Educaci\u00f3n Infantil han preparado durante todo el mes de diciembre la llegada del nacimiento de Jes\u00fas\"}]},{\"@type\":\"WebSite\",\"@id\":\"https:\\\/\\\/valenciasjb.salesianos.edu\\\/colegio\\\/#website\",\"url\":\"https:\\\/\\\/valenciasjb.salesianos.edu\\\/colegio\\\/\",\"name\":\"Colegio San Juan Bosco Valencia\",\"description\":\"P\u00e1gina oficial del Colegio Salesianos San Juan Bosco Valencia\",\"alternateName\":\"Salesianos.VSJB\",\"potentialAction\":[{\"@type\":\"SearchAction\",\"target\":{\"@type\":\"EntryPoint\",\"urlTemplate\":\"https:\\\/\\\/valenciasjb.salesianos.edu\\\/colegio\\\/?s={search_term_string}\"},\"query-input\":{\"@type\":\"PropertyValueSpecification\",\"valueRequired\":true,\"valueName\":\"search_term_string\"}}],\"inLanguage\":\"es\"},{\"@type\":\"Person\",\"@id\":\"https:\\\/\\\/valenciasjb.salesianos.edu\\\/colegio\\\/#\\\/schema\\\/person\\\/1f45b67e52b27da175190a574db6bed9\",\"name\":\"veronicapastor\",\"image\":{\"@type\":\"ImageObject\",\"inLanguage\":\"es\",\"@id\":\"https:\\\/\\\/secure.gravatar.com\\\/avatar\\\/e29bd40bace3fd935e1d6fdb7313ffc14628cc037c5e16f4c7369b20a2a6f7f0?s=96&d=mm&r=g\",\"url\":\"https:\\\/\\\/secure.gravatar.com\\\/avatar\\\/e29bd40bace3fd935e1d6fdb7313ffc14628cc037c5e16f4c7369b20a2a6f7f0?s=96&d=mm&r=g\",\"contentUrl\":\"https:\\\/\\\/secure.gravatar.com\\\/avatar\\\/e29bd40bace3fd935e1d6fdb7313ffc14628cc037c5e16f4c7369b20a2a6f7f0?s=96&d=mm&r=g\",\"caption\":\"veronicapastor\"}}]}<\/script>\n<!-- \/ Yoast SEO plugin. -->","yoast_head_json":{"title":"Los alumnos de Educaci\u00f3n Infantil han preparado durante todo el mes de diciembre la llegada del nacimiento de Jes\u00fas - Colegio San Juan Bosco Valencia","robots":{"index":"index","follow":"follow","max-snippet":"max-snippet:-1","max-image-preview":"max-image-preview:large","max-video-preview":"max-video-preview:-1"},"canonical":"https:\/\/valenciasjb.salesianos.edu\/colegio\/los-alumnos-de-educacion-infantil-han-preparado-durante-todo-el-mes-de-diciembre-la-llegada-del-nacimiento-de-jesus\/","og_locale":"es_ES","og_type":"article","og_title":"Los alumnos de Educaci\u00f3n Infantil han preparado durante todo el mes de diciembre la llegada del nacimiento de Jes\u00fas - Colegio San Juan Bosco Valencia","og_description":"Un a\u00f1o m\u00e1s, los peque\u00f1os del cole\u00a0 han preparado, con la ilusi\u00f3n que les caracteriza, la llegada de la Navidad. \u00a0Durante todo el mes se han realizado diferentes actividades para este gran d\u00eda. \u00a0 \u200bLourdes Muli\u00f3. Profesora Ed. Infantil. \u200bEngalanando las clases, pasillos y hall del edificio, con magn\u00edficos murales y trabajos realizados por nuestros [&hellip;]","og_url":"https:\/\/valenciasjb.salesianos.edu\/colegio\/los-alumnos-de-educacion-infantil-han-preparado-durante-todo-el-mes-de-diciembre-la-llegada-del-nacimiento-de-jesus\/","og_site_name":"Colegio San Juan Bosco Valencia","article_publisher":"https:\/\/www.facebook.com\/ColegioSalesianoSanJuanBoscoValencia","article_published_time":"2019-12-19T22:02:33+00:00","article_modified_time":"2019-12-19T22:02:36+00:00","og_image":[{"width":2560,"height":1920,"url":"https:\/\/valenciasjb.salesianos.edu\/colegio\/wp-content\/uploads\/sites\/2\/2019\/12\/IMG_3166-scaled.jpg","type":"image\/jpeg"}],"author":"veronicapastor","twitter_card":"summary_large_image","twitter_creator":"@SalesianosVSJB","twitter_site":"@SalesianosVSJB","twitter_misc":{"Escrito por":"veronicapastor","Tiempo de lectura":"3 minutos"},"schema":{"@context":"https:\/\/schema.org","@graph":[{"@type":"Article","@id":"https:\/\/valenciasjb.salesianos.edu\/colegio\/los-alumnos-de-educacion-infantil-han-preparado-durante-todo-el-mes-de-diciembre-la-llegada-del-nacimiento-de-jesus\/#article","isPartOf":{"@id":"https:\/\/valenciasjb.salesianos.edu\/colegio\/los-alumnos-de-educacion-infantil-han-preparado-durante-todo-el-mes-de-diciembre-la-llegada-del-nacimiento-de-jesus\/"},"author":{"name":"veronicapastor","@id":"https:\/\/valenciasjb.salesianos.edu\/colegio\/#\/schema\/person\/1f45b67e52b27da175190a574db6bed9"},"headline":"Los alumnos de Educaci\u00f3n Infantil han preparado durante todo el mes de diciembre la llegada del nacimiento de Jes\u00fas","datePublished":"2019-12-19T22:02:33+00:00","dateModified":"2019-12-19T22:02:36+00:00","mainEntityOfPage":{"@id":"https:\/\/valenciasjb.salesianos.edu\/colegio\/los-alumnos-de-educacion-infantil-han-preparado-durante-todo-el-mes-de-diciembre-la-llegada-del-nacimiento-de-jesus\/"},"wordCount":607,"image":{"@id":"https:\/\/valenciasjb.salesianos.edu\/colegio\/los-alumnos-de-educacion-infantil-han-preparado-durante-todo-el-mes-de-diciembre-la-llegada-del-nacimiento-de-jesus\/#primaryimage"},"thumbnailUrl":"https:\/\/valenciasjb.salesianos.edu\/colegio\/wp-content\/uploads\/sites\/2\/2019\/12\/IMG_3166-scaled.jpg","articleSection":["Noticia Colegio"],"inLanguage":"es"},{"@type":"WebPage","@id":"https:\/\/valenciasjb.salesianos.edu\/colegio\/los-alumnos-de-educacion-infantil-han-preparado-durante-todo-el-mes-de-diciembre-la-llegada-del-nacimiento-de-jesus\/","url":"https:\/\/valenciasjb.salesianos.edu\/colegio\/los-alumnos-de-educacion-infantil-han-preparado-durante-todo-el-mes-de-diciembre-la-llegada-del-nacimiento-de-jesus\/","name":"Los alumnos de Educaci\u00f3n Infantil han preparado durante todo el mes de diciembre la llegada del nacimiento de Jes\u00fas - Colegio San Juan Bosco Valencia","isPartOf":{"@id":"https:\/\/valenciasjb.salesianos.edu\/colegio\/#website"},"primaryImageOfPage":{"@id":"https:\/\/valenciasjb.salesianos.edu\/colegio\/los-alumnos-de-educacion-infantil-han-preparado-durante-todo-el-mes-de-diciembre-la-llegada-del-nacimiento-de-jesus\/#primaryimage"},"image":{"@id":"https:\/\/valenciasjb.salesianos.edu\/colegio\/los-alumnos-de-educacion-infantil-han-preparado-durante-todo-el-mes-de-diciembre-la-llegada-del-nacimiento-de-jesus\/#primaryimage"},"thumbnailUrl":"https:\/\/valenciasjb.salesianos.edu\/colegio\/wp-content\/uploads\/sites\/2\/2019\/12\/IMG_3166-scaled.jpg","datePublished":"2019-12-19T22:02:33+00:00","dateModified":"2019-12-19T22:02:36+00:00","author":{"@id":"https:\/\/valenciasjb.salesianos.edu\/colegio\/#\/schema\/person\/1f45b67e52b27da175190a574db6bed9"},"breadcrumb":{"@id":"https:\/\/valenciasjb.salesianos.edu\/colegio\/los-alumnos-de-educacion-infantil-han-preparado-durante-todo-el-mes-de-diciembre-la-llegada-del-nacimiento-de-jesus\/#breadcrumb"},"inLanguage":"es","potentialAction":[{"@type":"ReadAction","target":["https:\/\/valenciasjb.salesianos.edu\/colegio\/los-alumnos-de-educacion-infantil-han-preparado-durante-todo-el-mes-de-diciembre-la-llegada-del-nacimiento-de-jesus\/"]}]},{"@type":"ImageObject","inLanguage":"es","@id":"https:\/\/valenciasjb.salesianos.edu\/colegio\/los-alumnos-de-educacion-infantil-han-preparado-durante-todo-el-mes-de-diciembre-la-llegada-del-nacimiento-de-jesus\/#primaryimage","url":"https:\/\/valenciasjb.salesianos.edu\/colegio\/wp-content\/uploads\/sites\/2\/2019\/12\/IMG_3166-scaled.jpg","contentUrl":"https:\/\/valenciasjb.salesianos.edu\/colegio\/wp-content\/uploads\/sites\/2\/2019\/12\/IMG_3166-scaled.jpg","width":2560,"height":1920},{"@type":"BreadcrumbList","@id":"https:\/\/valenciasjb.salesianos.edu\/colegio\/los-alumnos-de-educacion-infantil-han-preparado-durante-todo-el-mes-de-diciembre-la-llegada-del-nacimiento-de-jesus\/#breadcrumb","itemListElement":[{"@type":"ListItem","position":1,"name":"Portada","item":"https:\/\/valenciasjb.salesianos.edu\/colegio\/"},{"@type":"ListItem","position":2,"name":"Los alumnos de Educaci\u00f3n Infantil han preparado durante todo el mes de diciembre la llegada del nacimiento de Jes\u00fas"}]},{"@type":"WebSite","@id":"https:\/\/valenciasjb.salesianos.edu\/colegio\/#website","url":"https:\/\/valenciasjb.salesianos.edu\/colegio\/","name":"Colegio San Juan Bosco Valencia","description":"P\u00e1gina oficial del Colegio Salesianos San Juan Bosco Valencia","alternateName":"Salesianos.VSJB","potentialAction":[{"@type":"SearchAction","target":{"@type":"EntryPoint","urlTemplate":"https:\/\/valenciasjb.salesianos.edu\/colegio\/?s={search_term_string}"},"query-input":{"@type":"PropertyValueSpecification","valueRequired":true,"valueName":"search_term_string"}}],"inLanguage":"es"},{"@type":"Person","@id":"https:\/\/valenciasjb.salesianos.edu\/colegio\/#\/schema\/person\/1f45b67e52b27da175190a574db6bed9","name":"veronicapastor","image":{"@type":"ImageObject","inLanguage":"es","@id":"https:\/\/secure.gravatar.com\/avatar\/e29bd40bace3fd935e1d6fdb7313ffc14628cc037c5e16f4c7369b20a2a6f7f0?s=96&d=mm&r=g","url":"https:\/\/secure.gravatar.com\/avatar\/e29bd40bace3fd935e1d6fdb7313ffc14628cc037c5e16f4c7369b20a2a6f7f0?s=96&d=mm&r=g","contentUrl":"https:\/\/secure.gravatar.com\/avatar\/e29bd40bace3fd935e1d6fdb7313ffc14628cc037c5e16f4c7369b20a2a6f7f0?s=96&d=mm&r=g","caption":"veronicapastor"}}]}},"_links":{"self":[{"href":"https:\/\/valenciasjb.salesianos.edu\/colegio\/wp-json\/wp\/v2\/posts\/11892","targetHints":{"allow":["GET"]}}],"collection":[{"href":"https:\/\/valenciasjb.salesianos.edu\/colegio\/wp-json\/wp\/v2\/posts"}],"about":[{"href":"https:\/\/valenciasjb.salesianos.edu\/colegio\/wp-json\/wp\/v2\/types\/post"}],"author":[{"embeddable":true,"href":"https:\/\/valenciasjb.salesianos.edu\/colegio\/wp-json\/wp\/v2\/users\/6"}],"replies":[{"embeddable":true,"href":"https:\/\/valenciasjb.salesianos.edu\/colegio\/wp-json\/wp\/v2\/comments?post=11892"}],"version-history":[{"count":4,"href":"https:\/\/valenciasjb.salesianos.edu\/colegio\/wp-json\/wp\/v2\/posts\/11892\/revisions"}],"predecessor-version":[{"id":11949,"href":"https:\/\/valenciasjb.salesianos.edu\/colegio\/wp-json\/wp\/v2\/posts\/11892\/revisions\/11949"}],"wp:featuredmedia":[{"embeddable":true,"href":"https:\/\/valenciasjb.salesianos.edu\/colegio\/wp-json\/wp\/v2\/media\/11941"}],"wp:attachment":[{"href":"https:\/\/valenciasjb.salesianos.edu\/colegio\/wp-json\/wp\/v2\/media?parent=11892"}],"wp:term":[{"taxonomy":"category","embeddable":true,"href":"https:\/\/valenciasjb.salesianos.edu\/colegio\/wp-json\/wp\/v2\/categories?post=11892"},{"taxonomy":"post_tag","embeddable":true,"href":"https:\/\/valenciasjb.salesianos.edu\/colegio\/wp-json\/wp\/v2\/tags?post=11892"}],"curies":[{"name":"wp","href":"https:\/\/api.w.org\/{rel}","templated":true}]}}