{"id":11950,"date":"2019-12-20T12:47:47","date_gmt":"2019-12-20T11:47:47","guid":{"rendered":"https:\/\/valenciasjb.salesianos.edu\/colegio\/?p=11950"},"modified":"2019-12-20T12:47:51","modified_gmt":"2019-12-20T11:47:51","slug":"el-colegio-salesiano-san-juan-bosco-de-valencia-presenta-su-iv-belen-viviente-con-todavia-mas-representacion-de-los-ninos-y-ninas-de-infantil-y-primaria-2","status":"publish","type":"post","link":"https:\/\/valenciasjb.salesianos.edu\/colegio\/el-colegio-salesiano-san-juan-bosco-de-valencia-presenta-su-iv-belen-viviente-con-todavia-mas-representacion-de-los-ninos-y-ninas-de-infantil-y-primaria-2\/","title":{"rendered":"El Colegio Salesiano San Juan Bosco de Valencia presenta su IV Bel\u00e9n Viviente con todav\u00eda m\u00e1s representaci\u00f3n de los ni\u00f1os y ni\u00f1as de Infantil y Primaria"},"content":{"rendered":"<div id=\"fb-root\"><\/div>\n<p>[et_pb_section fb_built=\u00bb1&#8243; admin_label=\u00bbsection\u00bb _builder_version=\u00bb3.22&#8243;][et_pb_row admin_label=\u00bbrow\u00bb _builder_version=\u00bb3.25&#8243; background_size=\u00bbinitial\u00bb background_position=\u00bbtop_left\u00bb background_repeat=\u00bbrepeat\u00bb][et_pb_column type=\u00bb4_4&#8243; _builder_version=\u00bb3.25&#8243; custom_padding=\u00bb|||\u00bb custom_padding__hover=\u00bb|||\u00bb][et_pb_text admin_label=\u00bbEntradilla (Texto)\u00bb _builder_version=\u00bb4.0.9&#8243; text_font=\u00bb|on|||\u00bb text_orientation=\u00bbjustified\u00bb module_alignment=\u00bbjustified\u00bb hover_enabled=\u00bb0&#8243;]<\/p>\n<div id=\"resumen\">\n<p class=\"western\" align=\"justify\"><span style=\"font-family: Cambria, serif\"><span style=\"font-family: Arial, Helvetica, sans-serif\"><span style=\"font-size: medium\">Toda la comunidad educativa del colegio Salesianos San Juan Bosco de Valencia <\/span><\/span><span style=\"font-family: Arial, Helvetica, sans-serif\"><span style=\"font-size: medium\">ha sido<\/span><\/span><span style=\"font-family: Arial, Helvetica, sans-serif\"><span style=\"font-size: medium\"> testigo, el viernes 20 de diciembre, del IV Bel\u00e9n Viviente cargado de sentimiento y emociones. Una actividad conjunta del colegio cuyo objetivo es celebrar y proclamar el nacimiento de Jes\u00fas.<\/span><\/span><\/span><\/p>\n<\/div>\n<div>\u00a0<\/div>\n<p>[\/et_pb_text][et_pb_text admin_label=\u00bbAutor (Texto)\u00bb _builder_version=\u00bb3.27.4&#8243; text_font=\u00bb||on||\u00bb]Redacci\u00f3n<br \/>\n[\/et_pb_text][et_pb_text admin_label=\u00bbDesarrollo (Texto)\u00bb _builder_version=\u00bb4.0.9&#8243; text_orientation=\u00bbjustified\u00bb module_alignment=\u00bbjustified\u00bb hover_enabled=\u00bb0&#8243;]<\/p>\n<p class=\"western\" align=\"justify\"><span style=\"font-family: Cambria, serif\"><span style=\"color: #222222\"><span style=\"font-family: Arial, Helvetica, sans-serif\"><span style=\"font-size: medium\">Los ni\u00f1os y ni\u00f1as de Educaci\u00f3n Primaria <\/span><\/span><\/span><span style=\"color: #222222\"><span style=\"font-family: Arial, Helvetica, sans-serif\"><span style=\"font-size: medium\">han realizado<\/span><\/span><\/span><span style=\"color: #222222\"><span style=\"font-family: Arial, Helvetica, sans-serif\"><span style=\"font-size: medium\"> la representaci\u00f3n a partir de las 10 de la ma\u00f1ana. La actividad ha implicado a una gran parte de la comunidad educativa del centro: padres y madres, en colaboraci\u00f3n con los profesores y el personal de administraci\u00f3n y servicios, se involucran al m\u00e1ximo en la elaboraci\u00f3n de unos espl\u00e9ndidos decorados, a los que no les <\/span><\/span><\/span><span style=\"color: #222222\"><span style=\"font-family: Arial, Helvetica, sans-serif\"><span style=\"font-size: medium\">ha <\/span><\/span><\/span><span style=\"color: #222222\"><span style=\"font-family: Arial, Helvetica, sans-serif\"><span style=\"font-size: medium\">falta<\/span><\/span><\/span><span style=\"color: #222222\"><span style=\"font-family: Arial, Helvetica, sans-serif\"><span style=\"font-size: medium\">do<\/span><\/span><\/span><span style=\"color: #222222\"><span style=\"font-family: Arial, Helvetica, sans-serif\"><span style=\"font-size: medium\"> detalle, donde los protagonistas son 655 alumnos de Educaci\u00f3n Primaria y, como novedad, este curso <\/span><\/span><\/span><span style=\"color: #222222\"><span style=\"font-family: Arial, Helvetica, sans-serif\"><span style=\"font-size: medium\">han colaborado<\/span><\/span><\/span><span style=\"color: #222222\"><span style=\"font-family: Arial, Helvetica, sans-serif\"><span style=\"font-size: medium\"> tambi\u00e9n 200 ni\u00f1os y ni\u00f1as de infantil con bailes.<\/span><\/span><\/span><\/span><\/p>\n<p class=\"western\" align=\"justify\"><span style=\"font-family: Cambria, serif\"><span style=\"color: #222222\"><span style=\"font-family: Arial, Helvetica, sans-serif\"><span style=\"font-size: medium\">El Bel\u00e9n <\/span><\/span><\/span><span style=\"color: #222222\"><span style=\"font-family: Arial, Helvetica, sans-serif\"><span style=\"font-size: medium\">ha contado<\/span><\/span><\/span><span style=\"color: #222222\"><span style=\"font-family: Arial, Helvetica, sans-serif\"><span style=\"font-size: medium\"> con escenas y talleres destinados al disfrute de participantes y asistentes: Anunciaci\u00f3n, Nacimiento, pastores, Reyes Magos, Palacio de Herodes con romanos y romanas, campamento militar, circo de gladiadores, posada, lavanderas, censores, recaudadores de impuestos, enfermos, pobres, sanadores, predicadores, vendedores de ung\u00fcentos, granjas de animales representados por ni\u00f1os (con cerdos, patos, caballos, pollitos, ovejas, gallinas, conejos, vacas y toros), taberna, r\u00edo-mar, horno-panader\u00eda, herrer\u00eda, tejedoras, carpinter\u00eda, huerto, mercado (con fruter\u00eda, alfarer\u00eda, esparto y mimbre, floristas) y talleres de pulseras, sales y bolas navide\u00f1as, entre otros.<\/span><\/span><\/span><\/span><\/p>\n<p class=\"western\" align=\"justify\"><span style=\"font-family: Cambria, serif\"><span style=\"color: #222222\"><span style=\"font-family: Arial, Helvetica, sans-serif\"><span style=\"font-size: medium\">Cabe destacar el buen hacer de todos los ni\u00f1os y ni\u00f1as, actores y actrices, que siempre demuestran una gran implicaci\u00f3n, cuando se encuentran en sus distintos puestos, y sobre todo cuando les toca actuar en las representaciones guiadas. En las granjas los animalitos disfrutan de juegos; en los talleres de oficios y el mercado los alumnos y alumnas realizan manualidades que despu\u00e9s comparten con sus familias, como por ejemplo pulseras o brochetas de fruta; el huerto y la taberna cuenta con verduras y comida real. Adem\u00e1s, las representaciones son un \u00e9xito gracias a los bailes, los villancicos y la m\u00fasica en directo.<\/span><\/span><\/span><\/span><\/p>\n<p>\u200b<\/p>\n<p>[\/et_pb_text][et_pb_text disabled_on=\u00bboff|on|on\u00bb admin_label=\u00bbT\u00edtulo: Galer\u00eda de fotos (Texto)\u00bb _builder_version=\u00bb3.27.4&#8243; text_font=\u00bb|on|||\u00bb text_text_color=\u00bb#dc001b\u00bb border_style=\u00bbsolid\u00bb]Galer\u00eda de im\u00e1genes<br \/>\n[\/et_pb_text][et_pb_gallery gallery_ids=\u00bb11953,11954,11955,11956,11957,11958,11959,11960,11961,11962,11963,11964,11965,11966,11967,11968&#8243; posts_number=\u00bb8&#8243; show_title_and_caption=\u00bboff\u00bb zoom_icon_color=\u00bb#dc001b\u00bb hover_icon=\u00bb%%51%%\u00bb disabled_on=\u00bboff|off|off\u00bb _builder_version=\u00bb4.0.9&#8243; hover_enabled=\u00bb0&#8243; pagination_font_size_tablet=\u00bb51&#8243; pagination_line_height_tablet=\u00bb2&#8243;][\/et_pb_gallery][et_pb_video disabled_on=\u00bbon|on|on\u00bb _builder_version=\u00bb3.0.51&#8243; disabled=\u00bbon\u00bb][\/et_pb_video][\/et_pb_column][\/et_pb_row][\/et_pb_section]<\/p>\n<!-- AddThis Advanced Settings generic via filter on the_content --><!-- AddThis Share Buttons generic via filter on the_content -->","protected":false},"excerpt":{"rendered":"<p>Toda la comunidad educativa del colegio Salesianos San Juan Bosco de Valencia ha sido testigo, el viernes 20 de diciembre, del IV Bel\u00e9n Viviente cargado de sentimiento y emociones. Una actividad conjunta del colegio cuyo objetivo es celebrar y proclamar el nacimiento de Jes\u00fas. \u00a0 Redacci\u00f3n Los ni\u00f1os y ni\u00f1as de Educaci\u00f3n Primaria han realizado [&hellip;]<\/p>\n<p><!-- AddThis Advanced Settings generic via filter on get_the_excerpt --><!-- AddThis Share Buttons generic via filter on get_the_excerpt --><\/p>\n","protected":false},"author":6,"featured_media":11955,"comment_status":"closed","ping_status":"open","sticky":false,"template":"","format":"standard","meta":{"_et_pb_use_builder":"on","_et_pb_old_content":"","_et_gb_content_width":"","footnotes":""},"categories":[14],"tags":[],"class_list":["post-11950","post","type-post","status-publish","format-standard","has-post-thumbnail","hentry","category-noticia_colegio"],"yoast_head":"<!-- This site is optimized with the Yoast SEO plugin v28.4 - https:\/\/yoast.com\/product\/yoast-seo-wordpress\/ -->\n<title>El Colegio Salesiano San Juan Bosco de Valencia presenta su IV Bel\u00e9n Viviente con todav\u00eda m\u00e1s representaci\u00f3n de los ni\u00f1os y ni\u00f1as de Infantil y Primaria - Colegio San Juan Bosco Valencia<\/title>\n<meta name=\"robots\" content=\"index, follow, max-snippet:-1, max-image-preview:large, max-video-preview:-1\" \/>\n<link rel=\"canonical\" href=\"https:\/\/valenciasjb.salesianos.edu\/colegio\/el-colegio-salesiano-san-juan-bosco-de-valencia-presenta-su-iv-belen-viviente-con-todavia-mas-representacion-de-los-ninos-y-ninas-de-infantil-y-primaria-2\/\" \/>\n<meta property=\"og:locale\" content=\"es_ES\" \/>\n<meta property=\"og:type\" content=\"article\" \/>\n<meta property=\"og:title\" content=\"El Colegio Salesiano San Juan Bosco de Valencia presenta su IV Bel\u00e9n Viviente con todav\u00eda m\u00e1s representaci\u00f3n de los ni\u00f1os y ni\u00f1as de Infantil y Primaria - Colegio San Juan Bosco Valencia\" \/>\n<meta property=\"og:description\" content=\"Toda la comunidad educativa del colegio Salesianos San Juan Bosco de Valencia ha sido testigo, el viernes 20 de diciembre, del IV Bel\u00e9n Viviente cargado de sentimiento y emociones. Una actividad conjunta del colegio cuyo objetivo es celebrar y proclamar el nacimiento de Jes\u00fas. \u00a0 Redacci\u00f3n Los ni\u00f1os y ni\u00f1as de Educaci\u00f3n Primaria han realizado [&hellip;]\" \/>\n<meta property=\"og:url\" content=\"https:\/\/valenciasjb.salesianos.edu\/colegio\/el-colegio-salesiano-san-juan-bosco-de-valencia-presenta-su-iv-belen-viviente-con-todavia-mas-representacion-de-los-ninos-y-ninas-de-infantil-y-primaria-2\/\" \/>\n<meta property=\"og:site_name\" content=\"Colegio San Juan Bosco Valencia\" \/>\n<meta property=\"article:publisher\" content=\"https:\/\/www.facebook.com\/ColegioSalesianoSanJuanBoscoValencia\" \/>\n<meta property=\"article:published_time\" content=\"2019-12-20T11:47:47+00:00\" \/>\n<meta property=\"article:modified_time\" content=\"2019-12-20T11:47:51+00:00\" \/>\n<meta property=\"og:image\" content=\"https:\/\/valenciasjb.salesianos.edu\/colegio\/wp-content\/uploads\/sites\/2\/2019\/12\/IMG_1863.jpg\" \/>\n\t<meta property=\"og:image:width\" content=\"500\" \/>\n\t<meta property=\"og:image:height\" content=\"333\" \/>\n\t<meta property=\"og:image:type\" content=\"image\/jpeg\" \/>\n<meta name=\"author\" content=\"veronicapastor\" \/>\n<meta name=\"twitter:card\" content=\"summary_large_image\" \/>\n<meta name=\"twitter:creator\" content=\"@SalesianosVSJB\" \/>\n<meta name=\"twitter:site\" content=\"@SalesianosVSJB\" \/>\n<meta name=\"twitter:label1\" content=\"Escrito por\" \/>\n\t<meta name=\"twitter:data1\" content=\"veronicapastor\" \/>\n\t<meta name=\"twitter:label2\" content=\"Tiempo de lectura\" \/>\n\t<meta name=\"twitter:data2\" content=\"3 minutos\" \/>\n<script type=\"application\/ld+json\" class=\"yoast-schema-graph\">{\"@context\":\"https:\\\/\\\/schema.org\",\"@graph\":[{\"@type\":\"Article\",\"@id\":\"https:\\\/\\\/valenciasjb.salesianos.edu\\\/colegio\\\/el-colegio-salesiano-san-juan-bosco-de-valencia-presenta-su-iv-belen-viviente-con-todavia-mas-representacion-de-los-ninos-y-ninas-de-infantil-y-primaria-2\\\/#article\",\"isPartOf\":{\"@id\":\"https:\\\/\\\/valenciasjb.salesianos.edu\\\/colegio\\\/el-colegio-salesiano-san-juan-bosco-de-valencia-presenta-su-iv-belen-viviente-con-todavia-mas-representacion-de-los-ninos-y-ninas-de-infantil-y-primaria-2\\\/\"},\"author\":{\"name\":\"veronicapastor\",\"@id\":\"https:\\\/\\\/valenciasjb.salesianos.edu\\\/colegio\\\/#\\\/schema\\\/person\\\/1f45b67e52b27da175190a574db6bed9\"},\"headline\":\"El Colegio Salesiano San Juan Bosco de Valencia presenta su IV Bel\u00e9n Viviente con todav\u00eda m\u00e1s representaci\u00f3n de los ni\u00f1os y ni\u00f1as de Infantil y Primaria\",\"datePublished\":\"2019-12-20T11:47:47+00:00\",\"dateModified\":\"2019-12-20T11:47:51+00:00\",\"mainEntityOfPage\":{\"@id\":\"https:\\\/\\\/valenciasjb.salesianos.edu\\\/colegio\\\/el-colegio-salesiano-san-juan-bosco-de-valencia-presenta-su-iv-belen-viviente-con-todavia-mas-representacion-de-los-ninos-y-ninas-de-infantil-y-primaria-2\\\/\"},\"wordCount\":587,\"image\":{\"@id\":\"https:\\\/\\\/valenciasjb.salesianos.edu\\\/colegio\\\/el-colegio-salesiano-san-juan-bosco-de-valencia-presenta-su-iv-belen-viviente-con-todavia-mas-representacion-de-los-ninos-y-ninas-de-infantil-y-primaria-2\\\/#primaryimage\"},\"thumbnailUrl\":\"https:\\\/\\\/valenciasjb.salesianos.edu\\\/colegio\\\/wp-content\\\/uploads\\\/sites\\\/2\\\/2019\\\/12\\\/IMG_1863.jpg\",\"articleSection\":[\"Noticia Colegio\"],\"inLanguage\":\"es\"},{\"@type\":\"WebPage\",\"@id\":\"https:\\\/\\\/valenciasjb.salesianos.edu\\\/colegio\\\/el-colegio-salesiano-san-juan-bosco-de-valencia-presenta-su-iv-belen-viviente-con-todavia-mas-representacion-de-los-ninos-y-ninas-de-infantil-y-primaria-2\\\/\",\"url\":\"https:\\\/\\\/valenciasjb.salesianos.edu\\\/colegio\\\/el-colegio-salesiano-san-juan-bosco-de-valencia-presenta-su-iv-belen-viviente-con-todavia-mas-representacion-de-los-ninos-y-ninas-de-infantil-y-primaria-2\\\/\",\"name\":\"El Colegio Salesiano San Juan Bosco de Valencia presenta su IV Bel\u00e9n Viviente con todav\u00eda m\u00e1s representaci\u00f3n de los ni\u00f1os y ni\u00f1as de Infantil y Primaria - Colegio San Juan Bosco Valencia\",\"isPartOf\":{\"@id\":\"https:\\\/\\\/valenciasjb.salesianos.edu\\\/colegio\\\/#website\"},\"primaryImageOfPage\":{\"@id\":\"https:\\\/\\\/valenciasjb.salesianos.edu\\\/colegio\\\/el-colegio-salesiano-san-juan-bosco-de-valencia-presenta-su-iv-belen-viviente-con-todavia-mas-representacion-de-los-ninos-y-ninas-de-infantil-y-primaria-2\\\/#primaryimage\"},\"image\":{\"@id\":\"https:\\\/\\\/valenciasjb.salesianos.edu\\\/colegio\\\/el-colegio-salesiano-san-juan-bosco-de-valencia-presenta-su-iv-belen-viviente-con-todavia-mas-representacion-de-los-ninos-y-ninas-de-infantil-y-primaria-2\\\/#primaryimage\"},\"thumbnailUrl\":\"https:\\\/\\\/valenciasjb.salesianos.edu\\\/colegio\\\/wp-content\\\/uploads\\\/sites\\\/2\\\/2019\\\/12\\\/IMG_1863.jpg\",\"datePublished\":\"2019-12-20T11:47:47+00:00\",\"dateModified\":\"2019-12-20T11:47:51+00:00\",\"author\":{\"@id\":\"https:\\\/\\\/valenciasjb.salesianos.edu\\\/colegio\\\/#\\\/schema\\\/person\\\/1f45b67e52b27da175190a574db6bed9\"},\"breadcrumb\":{\"@id\":\"https:\\\/\\\/valenciasjb.salesianos.edu\\\/colegio\\\/el-colegio-salesiano-san-juan-bosco-de-valencia-presenta-su-iv-belen-viviente-con-todavia-mas-representacion-de-los-ninos-y-ninas-de-infantil-y-primaria-2\\\/#breadcrumb\"},\"inLanguage\":\"es\",\"potentialAction\":[{\"@type\":\"ReadAction\",\"target\":[\"https:\\\/\\\/valenciasjb.salesianos.edu\\\/colegio\\\/el-colegio-salesiano-san-juan-bosco-de-valencia-presenta-su-iv-belen-viviente-con-todavia-mas-representacion-de-los-ninos-y-ninas-de-infantil-y-primaria-2\\\/\"]}]},{\"@type\":\"ImageObject\",\"inLanguage\":\"es\",\"@id\":\"https:\\\/\\\/valenciasjb.salesianos.edu\\\/colegio\\\/el-colegio-salesiano-san-juan-bosco-de-valencia-presenta-su-iv-belen-viviente-con-todavia-mas-representacion-de-los-ninos-y-ninas-de-infantil-y-primaria-2\\\/#primaryimage\",\"url\":\"https:\\\/\\\/valenciasjb.salesianos.edu\\\/colegio\\\/wp-content\\\/uploads\\\/sites\\\/2\\\/2019\\\/12\\\/IMG_1863.jpg\",\"contentUrl\":\"https:\\\/\\\/valenciasjb.salesianos.edu\\\/colegio\\\/wp-content\\\/uploads\\\/sites\\\/2\\\/2019\\\/12\\\/IMG_1863.jpg\",\"width\":500,\"height\":333},{\"@type\":\"BreadcrumbList\",\"@id\":\"https:\\\/\\\/valenciasjb.salesianos.edu\\\/colegio\\\/el-colegio-salesiano-san-juan-bosco-de-valencia-presenta-su-iv-belen-viviente-con-todavia-mas-representacion-de-los-ninos-y-ninas-de-infantil-y-primaria-2\\\/#breadcrumb\",\"itemListElement\":[{\"@type\":\"ListItem\",\"position\":1,\"name\":\"Portada\",\"item\":\"https:\\\/\\\/valenciasjb.salesianos.edu\\\/colegio\\\/\"},{\"@type\":\"ListItem\",\"position\":2,\"name\":\"El Colegio Salesiano San Juan Bosco de Valencia presenta su IV Bel\u00e9n Viviente con todav\u00eda m\u00e1s representaci\u00f3n de los ni\u00f1os y ni\u00f1as de Infantil y Primaria\"}]},{\"@type\":\"WebSite\",\"@id\":\"https:\\\/\\\/valenciasjb.salesianos.edu\\\/colegio\\\/#website\",\"url\":\"https:\\\/\\\/valenciasjb.salesianos.edu\\\/colegio\\\/\",\"name\":\"Colegio San Juan Bosco Valencia\",\"description\":\"P\u00e1gina oficial del Colegio Salesianos San Juan Bosco Valencia\",\"alternateName\":\"Salesianos.VSJB\",\"potentialAction\":[{\"@type\":\"SearchAction\",\"target\":{\"@type\":\"EntryPoint\",\"urlTemplate\":\"https:\\\/\\\/valenciasjb.salesianos.edu\\\/colegio\\\/?s={search_term_string}\"},\"query-input\":{\"@type\":\"PropertyValueSpecification\",\"valueRequired\":true,\"valueName\":\"search_term_string\"}}],\"inLanguage\":\"es\"},{\"@type\":\"Person\",\"@id\":\"https:\\\/\\\/valenciasjb.salesianos.edu\\\/colegio\\\/#\\\/schema\\\/person\\\/1f45b67e52b27da175190a574db6bed9\",\"name\":\"veronicapastor\",\"image\":{\"@type\":\"ImageObject\",\"inLanguage\":\"es\",\"@id\":\"https:\\\/\\\/secure.gravatar.com\\\/avatar\\\/e29bd40bace3fd935e1d6fdb7313ffc14628cc037c5e16f4c7369b20a2a6f7f0?s=96&d=mm&r=g\",\"url\":\"https:\\\/\\\/secure.gravatar.com\\\/avatar\\\/e29bd40bace3fd935e1d6fdb7313ffc14628cc037c5e16f4c7369b20a2a6f7f0?s=96&d=mm&r=g\",\"contentUrl\":\"https:\\\/\\\/secure.gravatar.com\\\/avatar\\\/e29bd40bace3fd935e1d6fdb7313ffc14628cc037c5e16f4c7369b20a2a6f7f0?s=96&d=mm&r=g\",\"caption\":\"veronicapastor\"}}]}<\/script>\n<!-- \/ Yoast SEO plugin. -->","yoast_head_json":{"title":"El Colegio Salesiano San Juan Bosco de Valencia presenta su IV Bel\u00e9n Viviente con todav\u00eda m\u00e1s representaci\u00f3n de los ni\u00f1os y ni\u00f1as de Infantil y Primaria - Colegio San Juan Bosco Valencia","robots":{"index":"index","follow":"follow","max-snippet":"max-snippet:-1","max-image-preview":"max-image-preview:large","max-video-preview":"max-video-preview:-1"},"canonical":"https:\/\/valenciasjb.salesianos.edu\/colegio\/el-colegio-salesiano-san-juan-bosco-de-valencia-presenta-su-iv-belen-viviente-con-todavia-mas-representacion-de-los-ninos-y-ninas-de-infantil-y-primaria-2\/","og_locale":"es_ES","og_type":"article","og_title":"El Colegio Salesiano San Juan Bosco de Valencia presenta su IV Bel\u00e9n Viviente con todav\u00eda m\u00e1s representaci\u00f3n de los ni\u00f1os y ni\u00f1as de Infantil y Primaria - Colegio San Juan Bosco Valencia","og_description":"Toda la comunidad educativa del colegio Salesianos San Juan Bosco de Valencia ha sido testigo, el viernes 20 de diciembre, del IV Bel\u00e9n Viviente cargado de sentimiento y emociones. Una actividad conjunta del colegio cuyo objetivo es celebrar y proclamar el nacimiento de Jes\u00fas. \u00a0 Redacci\u00f3n Los ni\u00f1os y ni\u00f1as de Educaci\u00f3n Primaria han realizado [&hellip;]","og_url":"https:\/\/valenciasjb.salesianos.edu\/colegio\/el-colegio-salesiano-san-juan-bosco-de-valencia-presenta-su-iv-belen-viviente-con-todavia-mas-representacion-de-los-ninos-y-ninas-de-infantil-y-primaria-2\/","og_site_name":"Colegio San Juan Bosco Valencia","article_publisher":"https:\/\/www.facebook.com\/ColegioSalesianoSanJuanBoscoValencia","article_published_time":"2019-12-20T11:47:47+00:00","article_modified_time":"2019-12-20T11:47:51+00:00","og_image":[{"width":500,"height":333,"url":"https:\/\/valenciasjb.salesianos.edu\/colegio\/wp-content\/uploads\/sites\/2\/2019\/12\/IMG_1863.jpg","type":"image\/jpeg"}],"author":"veronicapastor","twitter_card":"summary_large_image","twitter_creator":"@SalesianosVSJB","twitter_site":"@SalesianosVSJB","twitter_misc":{"Escrito por":"veronicapastor","Tiempo de lectura":"3 minutos"},"schema":{"@context":"https:\/\/schema.org","@graph":[{"@type":"Article","@id":"https:\/\/valenciasjb.salesianos.edu\/colegio\/el-colegio-salesiano-san-juan-bosco-de-valencia-presenta-su-iv-belen-viviente-con-todavia-mas-representacion-de-los-ninos-y-ninas-de-infantil-y-primaria-2\/#article","isPartOf":{"@id":"https:\/\/valenciasjb.salesianos.edu\/colegio\/el-colegio-salesiano-san-juan-bosco-de-valencia-presenta-su-iv-belen-viviente-con-todavia-mas-representacion-de-los-ninos-y-ninas-de-infantil-y-primaria-2\/"},"author":{"name":"veronicapastor","@id":"https:\/\/valenciasjb.salesianos.edu\/colegio\/#\/schema\/person\/1f45b67e52b27da175190a574db6bed9"},"headline":"El Colegio Salesiano San Juan Bosco de Valencia presenta su IV Bel\u00e9n Viviente con todav\u00eda m\u00e1s representaci\u00f3n de los ni\u00f1os y ni\u00f1as de Infantil y Primaria","datePublished":"2019-12-20T11:47:47+00:00","dateModified":"2019-12-20T11:47:51+00:00","mainEntityOfPage":{"@id":"https:\/\/valenciasjb.salesianos.edu\/colegio\/el-colegio-salesiano-san-juan-bosco-de-valencia-presenta-su-iv-belen-viviente-con-todavia-mas-representacion-de-los-ninos-y-ninas-de-infantil-y-primaria-2\/"},"wordCount":587,"image":{"@id":"https:\/\/valenciasjb.salesianos.edu\/colegio\/el-colegio-salesiano-san-juan-bosco-de-valencia-presenta-su-iv-belen-viviente-con-todavia-mas-representacion-de-los-ninos-y-ninas-de-infantil-y-primaria-2\/#primaryimage"},"thumbnailUrl":"https:\/\/valenciasjb.salesianos.edu\/colegio\/wp-content\/uploads\/sites\/2\/2019\/12\/IMG_1863.jpg","articleSection":["Noticia Colegio"],"inLanguage":"es"},{"@type":"WebPage","@id":"https:\/\/valenciasjb.salesianos.edu\/colegio\/el-colegio-salesiano-san-juan-bosco-de-valencia-presenta-su-iv-belen-viviente-con-todavia-mas-representacion-de-los-ninos-y-ninas-de-infantil-y-primaria-2\/","url":"https:\/\/valenciasjb.salesianos.edu\/colegio\/el-colegio-salesiano-san-juan-bosco-de-valencia-presenta-su-iv-belen-viviente-con-todavia-mas-representacion-de-los-ninos-y-ninas-de-infantil-y-primaria-2\/","name":"El Colegio Salesiano San Juan Bosco de Valencia presenta su IV Bel\u00e9n Viviente con todav\u00eda m\u00e1s representaci\u00f3n de los ni\u00f1os y ni\u00f1as de Infantil y Primaria - Colegio San Juan Bosco Valencia","isPartOf":{"@id":"https:\/\/valenciasjb.salesianos.edu\/colegio\/#website"},"primaryImageOfPage":{"@id":"https:\/\/valenciasjb.salesianos.edu\/colegio\/el-colegio-salesiano-san-juan-bosco-de-valencia-presenta-su-iv-belen-viviente-con-todavia-mas-representacion-de-los-ninos-y-ninas-de-infantil-y-primaria-2\/#primaryimage"},"image":{"@id":"https:\/\/valenciasjb.salesianos.edu\/colegio\/el-colegio-salesiano-san-juan-bosco-de-valencia-presenta-su-iv-belen-viviente-con-todavia-mas-representacion-de-los-ninos-y-ninas-de-infantil-y-primaria-2\/#primaryimage"},"thumbnailUrl":"https:\/\/valenciasjb.salesianos.edu\/colegio\/wp-content\/uploads\/sites\/2\/2019\/12\/IMG_1863.jpg","datePublished":"2019-12-20T11:47:47+00:00","dateModified":"2019-12-20T11:47:51+00:00","author":{"@id":"https:\/\/valenciasjb.salesianos.edu\/colegio\/#\/schema\/person\/1f45b67e52b27da175190a574db6bed9"},"breadcrumb":{"@id":"https:\/\/valenciasjb.salesianos.edu\/colegio\/el-colegio-salesiano-san-juan-bosco-de-valencia-presenta-su-iv-belen-viviente-con-todavia-mas-representacion-de-los-ninos-y-ninas-de-infantil-y-primaria-2\/#breadcrumb"},"inLanguage":"es","potentialAction":[{"@type":"ReadAction","target":["https:\/\/valenciasjb.salesianos.edu\/colegio\/el-colegio-salesiano-san-juan-bosco-de-valencia-presenta-su-iv-belen-viviente-con-todavia-mas-representacion-de-los-ninos-y-ninas-de-infantil-y-primaria-2\/"]}]},{"@type":"ImageObject","inLanguage":"es","@id":"https:\/\/valenciasjb.salesianos.edu\/colegio\/el-colegio-salesiano-san-juan-bosco-de-valencia-presenta-su-iv-belen-viviente-con-todavia-mas-representacion-de-los-ninos-y-ninas-de-infantil-y-primaria-2\/#primaryimage","url":"https:\/\/valenciasjb.salesianos.edu\/colegio\/wp-content\/uploads\/sites\/2\/2019\/12\/IMG_1863.jpg","contentUrl":"https:\/\/valenciasjb.salesianos.edu\/colegio\/wp-content\/uploads\/sites\/2\/2019\/12\/IMG_1863.jpg","width":500,"height":333},{"@type":"BreadcrumbList","@id":"https:\/\/valenciasjb.salesianos.edu\/colegio\/el-colegio-salesiano-san-juan-bosco-de-valencia-presenta-su-iv-belen-viviente-con-todavia-mas-representacion-de-los-ninos-y-ninas-de-infantil-y-primaria-2\/#breadcrumb","itemListElement":[{"@type":"ListItem","position":1,"name":"Portada","item":"https:\/\/valenciasjb.salesianos.edu\/colegio\/"},{"@type":"ListItem","position":2,"name":"El Colegio Salesiano San Juan Bosco de Valencia presenta su IV Bel\u00e9n Viviente con todav\u00eda m\u00e1s representaci\u00f3n de los ni\u00f1os y ni\u00f1as de Infantil y Primaria"}]},{"@type":"WebSite","@id":"https:\/\/valenciasjb.salesianos.edu\/colegio\/#website","url":"https:\/\/valenciasjb.salesianos.edu\/colegio\/","name":"Colegio San Juan Bosco Valencia","description":"P\u00e1gina oficial del Colegio Salesianos San Juan Bosco Valencia","alternateName":"Salesianos.VSJB","potentialAction":[{"@type":"SearchAction","target":{"@type":"EntryPoint","urlTemplate":"https:\/\/valenciasjb.salesianos.edu\/colegio\/?s={search_term_string}"},"query-input":{"@type":"PropertyValueSpecification","valueRequired":true,"valueName":"search_term_string"}}],"inLanguage":"es"},{"@type":"Person","@id":"https:\/\/valenciasjb.salesianos.edu\/colegio\/#\/schema\/person\/1f45b67e52b27da175190a574db6bed9","name":"veronicapastor","image":{"@type":"ImageObject","inLanguage":"es","@id":"https:\/\/secure.gravatar.com\/avatar\/e29bd40bace3fd935e1d6fdb7313ffc14628cc037c5e16f4c7369b20a2a6f7f0?s=96&d=mm&r=g","url":"https:\/\/secure.gravatar.com\/avatar\/e29bd40bace3fd935e1d6fdb7313ffc14628cc037c5e16f4c7369b20a2a6f7f0?s=96&d=mm&r=g","contentUrl":"https:\/\/secure.gravatar.com\/avatar\/e29bd40bace3fd935e1d6fdb7313ffc14628cc037c5e16f4c7369b20a2a6f7f0?s=96&d=mm&r=g","caption":"veronicapastor"}}]}},"_links":{"self":[{"href":"https:\/\/valenciasjb.salesianos.edu\/colegio\/wp-json\/wp\/v2\/posts\/11950","targetHints":{"allow":["GET"]}}],"collection":[{"href":"https:\/\/valenciasjb.salesianos.edu\/colegio\/wp-json\/wp\/v2\/posts"}],"about":[{"href":"https:\/\/valenciasjb.salesianos.edu\/colegio\/wp-json\/wp\/v2\/types\/post"}],"author":[{"embeddable":true,"href":"https:\/\/valenciasjb.salesianos.edu\/colegio\/wp-json\/wp\/v2\/users\/6"}],"replies":[{"embeddable":true,"href":"https:\/\/valenciasjb.salesianos.edu\/colegio\/wp-json\/wp\/v2\/comments?post=11950"}],"version-history":[{"count":4,"href":"https:\/\/valenciasjb.salesianos.edu\/colegio\/wp-json\/wp\/v2\/posts\/11950\/revisions"}],"predecessor-version":[{"id":11971,"href":"https:\/\/valenciasjb.salesianos.edu\/colegio\/wp-json\/wp\/v2\/posts\/11950\/revisions\/11971"}],"wp:featuredmedia":[{"embeddable":true,"href":"https:\/\/valenciasjb.salesianos.edu\/colegio\/wp-json\/wp\/v2\/media\/11955"}],"wp:attachment":[{"href":"https:\/\/valenciasjb.salesianos.edu\/colegio\/wp-json\/wp\/v2\/media?parent=11950"}],"wp:term":[{"taxonomy":"category","embeddable":true,"href":"https:\/\/valenciasjb.salesianos.edu\/colegio\/wp-json\/wp\/v2\/categories?post=11950"},{"taxonomy":"post_tag","embeddable":true,"href":"https:\/\/valenciasjb.salesianos.edu\/colegio\/wp-json\/wp\/v2\/tags?post=11950"}],"curies":[{"name":"wp","href":"https:\/\/api.w.org\/{rel}","templated":true}]}}