{"id":12021,"date":"2020-01-19T10:50:51","date_gmt":"2020-01-19T09:50:51","guid":{"rendered":"https:\/\/valenciasjb.salesianos.edu\/colegio\/?p=12021"},"modified":"2020-01-19T10:52:17","modified_gmt":"2020-01-19T09:52:17","slug":"el-club-deportivo-don-bosco-presenta-su-cronica-del-mes-de-diciembre-3","status":"publish","type":"post","link":"https:\/\/valenciasjb.salesianos.edu\/colegio\/el-club-deportivo-don-bosco-presenta-su-cronica-del-mes-de-diciembre-3\/","title":{"rendered":"El club deportivo Don Bosco presenta su cr\u00f3nica del mes de diciembre"},"content":{"rendered":"<div id=\"fb-root\"><\/div>\n<p>[et_pb_section fb_built=\u00bb1&#8243; admin_label=\u00bbsection\u00bb _builder_version=\u00bb3.22&#8243;][et_pb_row admin_label=\u00bbrow\u00bb _builder_version=\u00bb3.25&#8243; background_size=\u00bbinitial\u00bb background_position=\u00bbtop_left\u00bb background_repeat=\u00bbrepeat\u00bb][et_pb_column type=\u00bb4_4&#8243; _builder_version=\u00bb3.25&#8243; custom_padding=\u00bb|||\u00bb custom_padding__hover=\u00bb|||\u00bb][et_pb_text admin_label=\u00bbEntradilla (Texto)\u00bb _builder_version=\u00bb4.0.9&#8243; text_font=\u00bb|on|||\u00bb text_orientation=\u00bbjustified\u00bb module_alignment=\u00bbjustified\u00bb hover_enabled=\u00bb0&#8243;]<\/p>\n<div id=\"resumen\"><strong>Las actividades presentadas: encuentro con la comunidad, campus de Navidad y participaci\u00f3n en el tornero \u00abEncesta solidaridad\u00bb.<br \/><\/strong><\/div>\n<div>\u00a0<\/div>\n<p>[\/et_pb_text][et_pb_text admin_label=\u00bbAutor (Texto)\u00bb _builder_version=\u00bb3.27.4&#8243; text_font=\u00bb||on||\u00bb]Redacci\u00f3n[\/et_pb_text][et_pb_text admin_label=\u00bbDesarrollo (Texto)\u00bb _builder_version=\u00bb4.0.9&#8243; text_orientation=\u00bbjustified\u00bb module_alignment=\u00bbjustified\u00bb]<\/p>\n<ul>\n<li><strong>Encuentro con la comunidad:<\/strong><\/li>\n<\/ul>\n<p>El pasado 4 diciembre, el equipo directivo del club deportivo mantuvo una reuni\u00f3n-contacto con los miembros de la comunidad salesiana, dentro de la programaci\u00f3n que la direcci\u00f3n de la casa ha previsto en este ejercicio 19-20 con todos los ambientes.<\/p>\n<p>Por el club asistieron Pepe Morgado como presidente y Diego Crespo y Fernando Carrasco como directivos, no pudiendo estar presente Andr\u00e9s Rodr\u00edguez por cuestiones de \u00edndole personal.<\/p>\n<p>Tras una reflexi\u00f3n conjunta en la capilla de la comunidad, hubo una exposici\u00f3n de la realidad del club, los problemas que d\u00eda a d\u00eda van surgiendo, relaciones con padres y composici\u00f3n y estructura, mantenimiento instalaciones\u2026<\/p>\n<p>Finaliz\u00f3 el encuentro compartiendo mesa todos los asistentes.<\/p>\n<ul>\n<li><strong>Campus de navidad:<\/strong><\/li>\n<\/ul>\n<p>El 23, 24 y 26, 27 de diciembre se celebr\u00f3 el campus de navidad tanto en el pabell\u00f3n como en el campo de hierba.<\/p>\n<p>Actividad dirigida a los m\u00e1s peque\u00f1os, los participantes pudieron disfrutar de unas jornadas donde prevaleci\u00f3 lo l\u00fadico y la convivencia junto a trabajo t\u00e9cnico practicando sus deportes favoritos.<\/p>\n<ul>\n<li><strong>Torneo \u201cEncesta Solidaridad\u201d:<\/strong><\/li>\n<\/ul>\n<p>El s\u00e1bado 28 de diciembre, el club celebr\u00f3 el tradicional Torneo ENCESTA SOLIDARIDAD y que se disput\u00f3 en el colegio Mart\u00ed Sorolla la fase de grupos en horario matinal, y en el Pabell\u00f3n de la casala fase final en horario de tarde. El extender al exterior los eventos del club viene motivado a la idea de ser que nuestro colegio sea referente en el barrio y acercar lo m\u00e1s posible nuestra filosof\u00eda y compromiso con los j\u00f3venes.<\/p>\n<p>Todos los participantes colaboraron trayendo a la organizaci\u00f3n alimentos no perecederos, recaudando una gran cantidad de alimentos destinados a su distribuci\u00f3n por parte de C\u00e1ritas Parroquial<\/p>\n<p>Los equipos y escuelas que disputaron el evento en un gran ambiente de convivencia junto a padres y familiares y en definitiva ser una gran jornada de basket alev\u00edn y solidaridad, fueron CB Alginet, CB l\u2019Horta Godella, Tau Castell\u00f3, NB Torrent, UPB Gand\u00eda y CBC Manises m\u00e1s los equipos del club junto al CB Malilla<\/p>\n<p>En el torneo pudimos disfrutar de grandes partidos donde CB l\u2019Horta Godella se llev\u00f3 el primer puesto ante un CB Manises que hizo un gran torneo. En la lucha por el tercer puesto CB Alginet se impuso a UPB Gand\u00eda y por \u00faltimo CD Don Bosco gan\u00f3 a CB Malilla para lograr el quinto puesto.<\/p>\n<p>[\/et_pb_text][et_pb_text disabled_on=\u00bboff|on|on\u00bb admin_label=\u00bbT\u00edtulo: Galer\u00eda de fotos (Texto)\u00bb _builder_version=\u00bb3.27.4&#8243; text_font=\u00bb|on|||\u00bb text_text_color=\u00bb#dc001b\u00bb border_style=\u00bbsolid\u00bb]Galer\u00eda de im\u00e1genes[\/et_pb_text][et_pb_gallery gallery_ids=\u00bb12025,12026&#8243; posts_number=\u00bb8&#8243; show_title_and_caption=\u00bboff\u00bb zoom_icon_color=\u00bb#dc001b\u00bb hover_icon=\u00bb%%51%%\u00bb disabled_on=\u00bboff|off|off\u00bb _builder_version=\u00bb4.0.9&#8243; pagination_font_size_tablet=\u00bb51&#8243; pagination_line_height_tablet=\u00bb2&#8243;][\/et_pb_gallery][et_pb_video disabled_on=\u00bbon|on|on\u00bb _builder_version=\u00bb3.0.51&#8243; disabled=\u00bbon\u00bb][\/et_pb_video][\/et_pb_column][\/et_pb_row][\/et_pb_section]<\/p>\n<!-- AddThis Advanced Settings generic via filter on the_content --><!-- AddThis Share Buttons generic via filter on the_content -->","protected":false},"excerpt":{"rendered":"<p>Las actividades presentadas: encuentro con la comunidad, campus de Navidad y participaci\u00f3n en el tornero \u00abEncesta solidaridad\u00bb. \u00a0 Redacci\u00f3n Encuentro con la comunidad: El pasado 4 diciembre, el equipo directivo del club deportivo mantuvo una reuni\u00f3n-contacto con los miembros de la comunidad salesiana, dentro de la programaci\u00f3n que la direcci\u00f3n de la casa ha previsto [&hellip;]<\/p>\n<p><!-- AddThis Advanced Settings generic via filter on get_the_excerpt --><!-- AddThis Share Buttons generic via filter on get_the_excerpt --><\/p>\n","protected":false},"author":6,"featured_media":12026,"comment_status":"closed","ping_status":"open","sticky":false,"template":"","format":"standard","meta":{"_et_pb_use_builder":"on","_et_pb_old_content":"","_et_gb_content_width":"","footnotes":""},"categories":[14,26],"tags":[],"class_list":["post-12021","post","type-post","status-publish","format-standard","has-post-thumbnail","hentry","category-noticia_colegio","category-noticia_deportes"],"yoast_head":"<!-- This site is optimized with the Yoast SEO plugin v28.3 - https:\/\/yoast.com\/product\/yoast-seo-wordpress\/ -->\n<title>El club deportivo Don Bosco presenta su cr\u00f3nica del mes de diciembre - Colegio San Juan Bosco Valencia<\/title>\n<meta name=\"robots\" content=\"index, follow, max-snippet:-1, max-image-preview:large, max-video-preview:-1\" \/>\n<link rel=\"canonical\" href=\"https:\/\/valenciasjb.salesianos.edu\/colegio\/el-club-deportivo-don-bosco-presenta-su-cronica-del-mes-de-diciembre-3\/\" \/>\n<meta property=\"og:locale\" content=\"es_ES\" \/>\n<meta property=\"og:type\" content=\"article\" \/>\n<meta property=\"og:title\" content=\"El club deportivo Don Bosco presenta su cr\u00f3nica del mes de diciembre - Colegio San Juan Bosco Valencia\" \/>\n<meta property=\"og:description\" content=\"Las actividades presentadas: encuentro con la comunidad, campus de Navidad y participaci\u00f3n en el tornero &quot;Encesta solidaridad&quot;. \u00a0 Redacci\u00f3n Encuentro con la comunidad: El pasado 4 diciembre, el equipo directivo del club deportivo mantuvo una reuni\u00f3n-contacto con los miembros de la comunidad salesiana, dentro de la programaci\u00f3n que la direcci\u00f3n de la casa ha previsto [&hellip;]\" \/>\n<meta property=\"og:url\" content=\"https:\/\/valenciasjb.salesianos.edu\/colegio\/el-club-deportivo-don-bosco-presenta-su-cronica-del-mes-de-diciembre-3\/\" \/>\n<meta property=\"og:site_name\" content=\"Colegio San Juan Bosco Valencia\" \/>\n<meta property=\"article:publisher\" content=\"https:\/\/www.facebook.com\/ColegioSalesianoSanJuanBoscoValencia\" \/>\n<meta property=\"article:published_time\" content=\"2020-01-19T09:50:51+00:00\" \/>\n<meta property=\"article:modified_time\" content=\"2020-01-19T09:52:17+00:00\" \/>\n<meta property=\"og:image\" content=\"https:\/\/valenciasjb.salesianos.edu\/colegio\/wp-content\/uploads\/sites\/2\/2020\/01\/Campus-Navidad-2.jpg\" \/>\n\t<meta property=\"og:image:width\" content=\"2048\" \/>\n\t<meta property=\"og:image:height\" content=\"1536\" \/>\n\t<meta property=\"og:image:type\" content=\"image\/jpeg\" \/>\n<meta name=\"author\" content=\"veronicapastor\" \/>\n<meta name=\"twitter:card\" content=\"summary_large_image\" \/>\n<meta name=\"twitter:creator\" content=\"@SalesianosVSJB\" \/>\n<meta name=\"twitter:site\" content=\"@SalesianosVSJB\" \/>\n<meta name=\"twitter:label1\" content=\"Escrito por\" \/>\n\t<meta name=\"twitter:data1\" content=\"veronicapastor\" \/>\n\t<meta name=\"twitter:label2\" content=\"Tiempo de lectura\" \/>\n\t<meta name=\"twitter:data2\" content=\"3 minutos\" \/>\n<script type=\"application\/ld+json\" class=\"yoast-schema-graph\">{\"@context\":\"https:\\\/\\\/schema.org\",\"@graph\":[{\"@type\":\"Article\",\"@id\":\"https:\\\/\\\/valenciasjb.salesianos.edu\\\/colegio\\\/el-club-deportivo-don-bosco-presenta-su-cronica-del-mes-de-diciembre-3\\\/#article\",\"isPartOf\":{\"@id\":\"https:\\\/\\\/valenciasjb.salesianos.edu\\\/colegio\\\/el-club-deportivo-don-bosco-presenta-su-cronica-del-mes-de-diciembre-3\\\/\"},\"author\":{\"name\":\"veronicapastor\",\"@id\":\"https:\\\/\\\/valenciasjb.salesianos.edu\\\/colegio\\\/#\\\/schema\\\/person\\\/1f45b67e52b27da175190a574db6bed9\"},\"headline\":\"El club deportivo Don Bosco presenta su cr\u00f3nica del mes de diciembre\",\"datePublished\":\"2020-01-19T09:50:51+00:00\",\"dateModified\":\"2020-01-19T09:52:17+00:00\",\"mainEntityOfPage\":{\"@id\":\"https:\\\/\\\/valenciasjb.salesianos.edu\\\/colegio\\\/el-club-deportivo-don-bosco-presenta-su-cronica-del-mes-de-diciembre-3\\\/\"},\"wordCount\":635,\"image\":{\"@id\":\"https:\\\/\\\/valenciasjb.salesianos.edu\\\/colegio\\\/el-club-deportivo-don-bosco-presenta-su-cronica-del-mes-de-diciembre-3\\\/#primaryimage\"},\"thumbnailUrl\":\"https:\\\/\\\/valenciasjb.salesianos.edu\\\/colegio\\\/wp-content\\\/uploads\\\/sites\\\/2\\\/2020\\\/01\\\/Campus-Navidad-2.jpg\",\"articleSection\":[\"Noticia Colegio\",\"Noticia Deportes\"],\"inLanguage\":\"es\"},{\"@type\":\"WebPage\",\"@id\":\"https:\\\/\\\/valenciasjb.salesianos.edu\\\/colegio\\\/el-club-deportivo-don-bosco-presenta-su-cronica-del-mes-de-diciembre-3\\\/\",\"url\":\"https:\\\/\\\/valenciasjb.salesianos.edu\\\/colegio\\\/el-club-deportivo-don-bosco-presenta-su-cronica-del-mes-de-diciembre-3\\\/\",\"name\":\"El club deportivo Don Bosco presenta su cr\u00f3nica del mes de diciembre - Colegio San Juan Bosco Valencia\",\"isPartOf\":{\"@id\":\"https:\\\/\\\/valenciasjb.salesianos.edu\\\/colegio\\\/#website\"},\"primaryImageOfPage\":{\"@id\":\"https:\\\/\\\/valenciasjb.salesianos.edu\\\/colegio\\\/el-club-deportivo-don-bosco-presenta-su-cronica-del-mes-de-diciembre-3\\\/#primaryimage\"},\"image\":{\"@id\":\"https:\\\/\\\/valenciasjb.salesianos.edu\\\/colegio\\\/el-club-deportivo-don-bosco-presenta-su-cronica-del-mes-de-diciembre-3\\\/#primaryimage\"},\"thumbnailUrl\":\"https:\\\/\\\/valenciasjb.salesianos.edu\\\/colegio\\\/wp-content\\\/uploads\\\/sites\\\/2\\\/2020\\\/01\\\/Campus-Navidad-2.jpg\",\"datePublished\":\"2020-01-19T09:50:51+00:00\",\"dateModified\":\"2020-01-19T09:52:17+00:00\",\"author\":{\"@id\":\"https:\\\/\\\/valenciasjb.salesianos.edu\\\/colegio\\\/#\\\/schema\\\/person\\\/1f45b67e52b27da175190a574db6bed9\"},\"breadcrumb\":{\"@id\":\"https:\\\/\\\/valenciasjb.salesianos.edu\\\/colegio\\\/el-club-deportivo-don-bosco-presenta-su-cronica-del-mes-de-diciembre-3\\\/#breadcrumb\"},\"inLanguage\":\"es\",\"potentialAction\":[{\"@type\":\"ReadAction\",\"target\":[\"https:\\\/\\\/valenciasjb.salesianos.edu\\\/colegio\\\/el-club-deportivo-don-bosco-presenta-su-cronica-del-mes-de-diciembre-3\\\/\"]}]},{\"@type\":\"ImageObject\",\"inLanguage\":\"es\",\"@id\":\"https:\\\/\\\/valenciasjb.salesianos.edu\\\/colegio\\\/el-club-deportivo-don-bosco-presenta-su-cronica-del-mes-de-diciembre-3\\\/#primaryimage\",\"url\":\"https:\\\/\\\/valenciasjb.salesianos.edu\\\/colegio\\\/wp-content\\\/uploads\\\/sites\\\/2\\\/2020\\\/01\\\/Campus-Navidad-2.jpg\",\"contentUrl\":\"https:\\\/\\\/valenciasjb.salesianos.edu\\\/colegio\\\/wp-content\\\/uploads\\\/sites\\\/2\\\/2020\\\/01\\\/Campus-Navidad-2.jpg\",\"width\":2048,\"height\":1536},{\"@type\":\"BreadcrumbList\",\"@id\":\"https:\\\/\\\/valenciasjb.salesianos.edu\\\/colegio\\\/el-club-deportivo-don-bosco-presenta-su-cronica-del-mes-de-diciembre-3\\\/#breadcrumb\",\"itemListElement\":[{\"@type\":\"ListItem\",\"position\":1,\"name\":\"Portada\",\"item\":\"https:\\\/\\\/valenciasjb.salesianos.edu\\\/colegio\\\/\"},{\"@type\":\"ListItem\",\"position\":2,\"name\":\"El club deportivo Don Bosco presenta su cr\u00f3nica del mes de diciembre\"}]},{\"@type\":\"WebSite\",\"@id\":\"https:\\\/\\\/valenciasjb.salesianos.edu\\\/colegio\\\/#website\",\"url\":\"https:\\\/\\\/valenciasjb.salesianos.edu\\\/colegio\\\/\",\"name\":\"Colegio San Juan Bosco Valencia\",\"description\":\"P\u00e1gina oficial del Colegio Salesianos San Juan Bosco Valencia\",\"alternateName\":\"Salesianos.VSJB\",\"potentialAction\":[{\"@type\":\"SearchAction\",\"target\":{\"@type\":\"EntryPoint\",\"urlTemplate\":\"https:\\\/\\\/valenciasjb.salesianos.edu\\\/colegio\\\/?s={search_term_string}\"},\"query-input\":{\"@type\":\"PropertyValueSpecification\",\"valueRequired\":true,\"valueName\":\"search_term_string\"}}],\"inLanguage\":\"es\"},{\"@type\":\"Person\",\"@id\":\"https:\\\/\\\/valenciasjb.salesianos.edu\\\/colegio\\\/#\\\/schema\\\/person\\\/1f45b67e52b27da175190a574db6bed9\",\"name\":\"veronicapastor\",\"image\":{\"@type\":\"ImageObject\",\"inLanguage\":\"es\",\"@id\":\"https:\\\/\\\/secure.gravatar.com\\\/avatar\\\/e29bd40bace3fd935e1d6fdb7313ffc14628cc037c5e16f4c7369b20a2a6f7f0?s=96&d=mm&r=g\",\"url\":\"https:\\\/\\\/secure.gravatar.com\\\/avatar\\\/e29bd40bace3fd935e1d6fdb7313ffc14628cc037c5e16f4c7369b20a2a6f7f0?s=96&d=mm&r=g\",\"contentUrl\":\"https:\\\/\\\/secure.gravatar.com\\\/avatar\\\/e29bd40bace3fd935e1d6fdb7313ffc14628cc037c5e16f4c7369b20a2a6f7f0?s=96&d=mm&r=g\",\"caption\":\"veronicapastor\"}}]}<\/script>\n<!-- \/ Yoast SEO plugin. -->","yoast_head_json":{"title":"El club deportivo Don Bosco presenta su cr\u00f3nica del mes de diciembre - Colegio San Juan Bosco Valencia","robots":{"index":"index","follow":"follow","max-snippet":"max-snippet:-1","max-image-preview":"max-image-preview:large","max-video-preview":"max-video-preview:-1"},"canonical":"https:\/\/valenciasjb.salesianos.edu\/colegio\/el-club-deportivo-don-bosco-presenta-su-cronica-del-mes-de-diciembre-3\/","og_locale":"es_ES","og_type":"article","og_title":"El club deportivo Don Bosco presenta su cr\u00f3nica del mes de diciembre - Colegio San Juan Bosco Valencia","og_description":"Las actividades presentadas: encuentro con la comunidad, campus de Navidad y participaci\u00f3n en el tornero \"Encesta solidaridad\". \u00a0 Redacci\u00f3n Encuentro con la comunidad: El pasado 4 diciembre, el equipo directivo del club deportivo mantuvo una reuni\u00f3n-contacto con los miembros de la comunidad salesiana, dentro de la programaci\u00f3n que la direcci\u00f3n de la casa ha previsto [&hellip;]","og_url":"https:\/\/valenciasjb.salesianos.edu\/colegio\/el-club-deportivo-don-bosco-presenta-su-cronica-del-mes-de-diciembre-3\/","og_site_name":"Colegio San Juan Bosco Valencia","article_publisher":"https:\/\/www.facebook.com\/ColegioSalesianoSanJuanBoscoValencia","article_published_time":"2020-01-19T09:50:51+00:00","article_modified_time":"2020-01-19T09:52:17+00:00","og_image":[{"width":2048,"height":1536,"url":"https:\/\/valenciasjb.salesianos.edu\/colegio\/wp-content\/uploads\/sites\/2\/2020\/01\/Campus-Navidad-2.jpg","type":"image\/jpeg"}],"author":"veronicapastor","twitter_card":"summary_large_image","twitter_creator":"@SalesianosVSJB","twitter_site":"@SalesianosVSJB","twitter_misc":{"Escrito por":"veronicapastor","Tiempo de lectura":"3 minutos"},"schema":{"@context":"https:\/\/schema.org","@graph":[{"@type":"Article","@id":"https:\/\/valenciasjb.salesianos.edu\/colegio\/el-club-deportivo-don-bosco-presenta-su-cronica-del-mes-de-diciembre-3\/#article","isPartOf":{"@id":"https:\/\/valenciasjb.salesianos.edu\/colegio\/el-club-deportivo-don-bosco-presenta-su-cronica-del-mes-de-diciembre-3\/"},"author":{"name":"veronicapastor","@id":"https:\/\/valenciasjb.salesianos.edu\/colegio\/#\/schema\/person\/1f45b67e52b27da175190a574db6bed9"},"headline":"El club deportivo Don Bosco presenta su cr\u00f3nica del mes de diciembre","datePublished":"2020-01-19T09:50:51+00:00","dateModified":"2020-01-19T09:52:17+00:00","mainEntityOfPage":{"@id":"https:\/\/valenciasjb.salesianos.edu\/colegio\/el-club-deportivo-don-bosco-presenta-su-cronica-del-mes-de-diciembre-3\/"},"wordCount":635,"image":{"@id":"https:\/\/valenciasjb.salesianos.edu\/colegio\/el-club-deportivo-don-bosco-presenta-su-cronica-del-mes-de-diciembre-3\/#primaryimage"},"thumbnailUrl":"https:\/\/valenciasjb.salesianos.edu\/colegio\/wp-content\/uploads\/sites\/2\/2020\/01\/Campus-Navidad-2.jpg","articleSection":["Noticia Colegio","Noticia Deportes"],"inLanguage":"es"},{"@type":"WebPage","@id":"https:\/\/valenciasjb.salesianos.edu\/colegio\/el-club-deportivo-don-bosco-presenta-su-cronica-del-mes-de-diciembre-3\/","url":"https:\/\/valenciasjb.salesianos.edu\/colegio\/el-club-deportivo-don-bosco-presenta-su-cronica-del-mes-de-diciembre-3\/","name":"El club deportivo Don Bosco presenta su cr\u00f3nica del mes de diciembre - Colegio San Juan Bosco Valencia","isPartOf":{"@id":"https:\/\/valenciasjb.salesianos.edu\/colegio\/#website"},"primaryImageOfPage":{"@id":"https:\/\/valenciasjb.salesianos.edu\/colegio\/el-club-deportivo-don-bosco-presenta-su-cronica-del-mes-de-diciembre-3\/#primaryimage"},"image":{"@id":"https:\/\/valenciasjb.salesianos.edu\/colegio\/el-club-deportivo-don-bosco-presenta-su-cronica-del-mes-de-diciembre-3\/#primaryimage"},"thumbnailUrl":"https:\/\/valenciasjb.salesianos.edu\/colegio\/wp-content\/uploads\/sites\/2\/2020\/01\/Campus-Navidad-2.jpg","datePublished":"2020-01-19T09:50:51+00:00","dateModified":"2020-01-19T09:52:17+00:00","author":{"@id":"https:\/\/valenciasjb.salesianos.edu\/colegio\/#\/schema\/person\/1f45b67e52b27da175190a574db6bed9"},"breadcrumb":{"@id":"https:\/\/valenciasjb.salesianos.edu\/colegio\/el-club-deportivo-don-bosco-presenta-su-cronica-del-mes-de-diciembre-3\/#breadcrumb"},"inLanguage":"es","potentialAction":[{"@type":"ReadAction","target":["https:\/\/valenciasjb.salesianos.edu\/colegio\/el-club-deportivo-don-bosco-presenta-su-cronica-del-mes-de-diciembre-3\/"]}]},{"@type":"ImageObject","inLanguage":"es","@id":"https:\/\/valenciasjb.salesianos.edu\/colegio\/el-club-deportivo-don-bosco-presenta-su-cronica-del-mes-de-diciembre-3\/#primaryimage","url":"https:\/\/valenciasjb.salesianos.edu\/colegio\/wp-content\/uploads\/sites\/2\/2020\/01\/Campus-Navidad-2.jpg","contentUrl":"https:\/\/valenciasjb.salesianos.edu\/colegio\/wp-content\/uploads\/sites\/2\/2020\/01\/Campus-Navidad-2.jpg","width":2048,"height":1536},{"@type":"BreadcrumbList","@id":"https:\/\/valenciasjb.salesianos.edu\/colegio\/el-club-deportivo-don-bosco-presenta-su-cronica-del-mes-de-diciembre-3\/#breadcrumb","itemListElement":[{"@type":"ListItem","position":1,"name":"Portada","item":"https:\/\/valenciasjb.salesianos.edu\/colegio\/"},{"@type":"ListItem","position":2,"name":"El club deportivo Don Bosco presenta su cr\u00f3nica del mes de diciembre"}]},{"@type":"WebSite","@id":"https:\/\/valenciasjb.salesianos.edu\/colegio\/#website","url":"https:\/\/valenciasjb.salesianos.edu\/colegio\/","name":"Colegio San Juan Bosco Valencia","description":"P\u00e1gina oficial del Colegio Salesianos San Juan Bosco Valencia","alternateName":"Salesianos.VSJB","potentialAction":[{"@type":"SearchAction","target":{"@type":"EntryPoint","urlTemplate":"https:\/\/valenciasjb.salesianos.edu\/colegio\/?s={search_term_string}"},"query-input":{"@type":"PropertyValueSpecification","valueRequired":true,"valueName":"search_term_string"}}],"inLanguage":"es"},{"@type":"Person","@id":"https:\/\/valenciasjb.salesianos.edu\/colegio\/#\/schema\/person\/1f45b67e52b27da175190a574db6bed9","name":"veronicapastor","image":{"@type":"ImageObject","inLanguage":"es","@id":"https:\/\/secure.gravatar.com\/avatar\/e29bd40bace3fd935e1d6fdb7313ffc14628cc037c5e16f4c7369b20a2a6f7f0?s=96&d=mm&r=g","url":"https:\/\/secure.gravatar.com\/avatar\/e29bd40bace3fd935e1d6fdb7313ffc14628cc037c5e16f4c7369b20a2a6f7f0?s=96&d=mm&r=g","contentUrl":"https:\/\/secure.gravatar.com\/avatar\/e29bd40bace3fd935e1d6fdb7313ffc14628cc037c5e16f4c7369b20a2a6f7f0?s=96&d=mm&r=g","caption":"veronicapastor"}}]}},"_links":{"self":[{"href":"https:\/\/valenciasjb.salesianos.edu\/colegio\/wp-json\/wp\/v2\/posts\/12021","targetHints":{"allow":["GET"]}}],"collection":[{"href":"https:\/\/valenciasjb.salesianos.edu\/colegio\/wp-json\/wp\/v2\/posts"}],"about":[{"href":"https:\/\/valenciasjb.salesianos.edu\/colegio\/wp-json\/wp\/v2\/types\/post"}],"author":[{"embeddable":true,"href":"https:\/\/valenciasjb.salesianos.edu\/colegio\/wp-json\/wp\/v2\/users\/6"}],"replies":[{"embeddable":true,"href":"https:\/\/valenciasjb.salesianos.edu\/colegio\/wp-json\/wp\/v2\/comments?post=12021"}],"version-history":[{"count":3,"href":"https:\/\/valenciasjb.salesianos.edu\/colegio\/wp-json\/wp\/v2\/posts\/12021\/revisions"}],"predecessor-version":[{"id":12029,"href":"https:\/\/valenciasjb.salesianos.edu\/colegio\/wp-json\/wp\/v2\/posts\/12021\/revisions\/12029"}],"wp:featuredmedia":[{"embeddable":true,"href":"https:\/\/valenciasjb.salesianos.edu\/colegio\/wp-json\/wp\/v2\/media\/12026"}],"wp:attachment":[{"href":"https:\/\/valenciasjb.salesianos.edu\/colegio\/wp-json\/wp\/v2\/media?parent=12021"}],"wp:term":[{"taxonomy":"category","embeddable":true,"href":"https:\/\/valenciasjb.salesianos.edu\/colegio\/wp-json\/wp\/v2\/categories?post=12021"},{"taxonomy":"post_tag","embeddable":true,"href":"https:\/\/valenciasjb.salesianos.edu\/colegio\/wp-json\/wp\/v2\/tags?post=12021"}],"curies":[{"name":"wp","href":"https:\/\/api.w.org\/{rel}","templated":true}]}}