{"id":1204,"date":"2017-03-29T08:32:00","date_gmt":"2017-03-29T07:32:00","guid":{"rendered":"https:\/\/valenciasjb.salesianos.edu\/colegio\/?p=1204"},"modified":"2017-09-26T19:40:55","modified_gmt":"2017-09-26T18:40:55","slug":"seis-alumnos-de-tercero-de-eso-en-el-encuentro-interregional-de-ongd-salesianas","status":"publish","type":"post","link":"https:\/\/valenciasjb.salesianos.edu\/colegio\/seis-alumnos-de-tercero-de-eso-en-el-encuentro-interregional-de-ongd-salesianas\/","title":{"rendered":"Seis alumnos de tercero de ESO en el encuentro interregional de ONGD salesianas"},"content":{"rendered":"<div id=\"fb-root\"><\/div>\n<p>[et_pb_section admin_label=\u00bbsection\u00bb][et_pb_row admin_label=\u00bbrow\u00bb][et_pb_column type=\u00bb2_3&#8243;][et_pb_text admin_label=\u00bbAutor\u00bb background_layout=\u00bblight\u00bb text_orientation=\u00bbleft\u00bb use_border_color=\u00bboff\u00bb border_color=\u00bb#ffffff\u00bb border_style=\u00bbsolid\u00bb]<\/p>\n<p>Redacci\u00f3n<\/p>\n<p>[\/et_pb_text][et_pb_text admin_label=\u00bbEntradilla\u00bb background_layout=\u00bblight\u00bb text_orientation=\u00bbleft\u00bb use_border_color=\u00bboff\u00bb border_color=\u00bb#ffffff\u00bb border_style=\u00bbsolid\u00bb text_font=\u00bb|on|||\u00bb]<\/p>\n<p>El pasado fin de semana 100 personas (75 j\u00f3venes y 25 educadores) de toda Espa\u00f1a se reunieron en Mohernando, Guadalajara, donde se ha celebrado el encuentro interregional de ONGD salesianas. Desde la Comunidad Valenciana y en representaci\u00f3n de la sede de Valencia de la ONGD \u201cJ\u00f3venes y Desarrollo\u201d participaron 20 chicos y chicas de 15 a 17 a\u00f1os, de las localidades de Elche, Villena, Alcoy y Valencia (siendo Salesianos San Jos\u00e9 Artesano (Elche), Centro Juvenil Don Bosco (Villena), IES Pare Vit\u00f2ria (Alcoy) y Salesianos San Juan Bosco (Valencia) los centros de origen).<\/p>\n<p>[\/et_pb_text][et_pb_text admin_label=\u00bbDesarrollo\u00bb background_layout=\u00bblight\u00bb text_orientation=\u00bbleft\u00bb use_border_color=\u00bboff\u00bb border_color=\u00bb#ffffff\u00bb border_style=\u00bbsolid\u00bb]<\/p>\n<p>En esta ocasi\u00f3n la tem\u00e1tica del encuentro ha girado en torno al lema \u201cT\u00fa tambi\u00e9n juegas\u201d, que pretend\u00eda que los j\u00f3venes participantes reflexionaran sobre c\u00f3mo pueden contribuir al desarrollo de la Agenda 2030 (Objetivos de Desarrollo Sostenible- ODS).<\/p>\n<p>A trav\u00e9s de una ambientaci\u00f3n basada en la famosa saga \u201cLos juegos del hambre\u201d, los participantes fueron descubriendo la necesidad de la cooperaci\u00f3n. De esta manera, en un mundo imaginario los j\u00f3venes comenzaron a competir en grupo en \u201cLos juegos del Gran Distrito\u201d, tratando de quedar en los primeros puestos. Sin embargo, poco a poco comprendieron la necesidad de abandonar el sistema de la competici\u00f3n y el triunfo individual para abogar por otro de cooperaci\u00f3n, respeto, tolerancia y relaci\u00f3n entre los diferentes grupos. En palabras del encuentro \u201clos j\u00f3venes aprendieron a ser los rebeldes del cambio y as\u00ed luchar por un mundo m\u00e1s justo\u201d.<\/p>\n<p>Posteriormente, y siendo conscientes de la importancia de ser m\u00e1s justos y sostenibles en nuestro mundo real, tuvieron las oportunidad de compartir las iniciativas solidarias que los distintos grupos locales de chicos y chicas participantes est\u00e1n desarrollando en sus comunidades. Sin duda, fue un momento m\u00e1gico escuchar sus experiencias y vivencias solidarias desde el entusiasmo, inter\u00e9s y emotividad con que las transmit\u00edan.<\/p>\n<p>A modo de conclusi\u00f3n del encuentro, se redact\u00f3 un manifiesto que giraba entorno a \u201cc\u00f3mo eran las ciudades que so\u00f1aban\u201d, \u201cqu\u00e9 le pedir\u00edan a sus gobernantes\u201d y \u201cqu\u00e9 compromisos personales\u201d tomar\u00edan. Este manifiesto est\u00e1 escrito con el fin de ser promovido por los propios j\u00f3venes y tenido en cuenta por parte de personas con responsabilidades pol\u00edticas, organizaciones de la sociedad civil y personas a t\u00edtulo individual.<\/p>\n<p>Bajo el lema de \u201cT\u00fa tambi\u00e9n juegas\u201d, los j\u00f3venes participantes se dieron cuenta de la responsabilidad que ten\u00edan en sus manos y de la oportunidad que se les brinda para ser los verdaderos protagonistas del cambio que el mundo de hoy necesita.<\/p>\n<p>[\/et_pb_text][\/et_pb_column][et_pb_column type=\u00bb1_3&#8243;][et_pb_gallery admin_label=\u00bbGaler\u00eda\u00bb fullwidth=\u00bboff\u00bb posts_number=\u00bb6&#8243; show_title_and_caption=\u00bboff\u00bb show_pagination=\u00bbon\u00bb background_layout=\u00bblight\u00bb auto=\u00bboff\u00bb zoom_icon_color=\u00bb#d12525&#8243; hover_overlay_color=\u00bbrgba(255,255,255,0.9)\u00bb use_border_color=\u00bboff\u00bb border_color=\u00bb#ffffff\u00bb border_style=\u00bbsolid\u00bb gallery_ids=\u00bb1207,1208,1209&#8243; caption_all_caps=\u00bboff\u00bb] [\/et_pb_gallery][\/et_pb_column][\/et_pb_row][\/et_pb_section]<\/p>\n<!-- AddThis Advanced Settings generic via filter on the_content --><!-- AddThis Share Buttons generic via filter on the_content -->","protected":false},"excerpt":{"rendered":"<p>Redacci\u00f3n El pasado fin de semana 100 personas (75 j\u00f3venes y 25 educadores) de toda Espa\u00f1a se reunieron en Mohernando, Guadalajara, donde se ha celebrado el encuentro interregional de ONGD salesianas. Desde la Comunidad Valenciana y en representaci\u00f3n de la sede de Valencia de la ONGD \u201cJ\u00f3venes y Desarrollo\u201d participaron 20 chicos y chicas de [&hellip;]<\/p>\n<p><!-- AddThis Advanced Settings generic via filter on get_the_excerpt --><!-- AddThis Share Buttons generic via filter on get_the_excerpt --><\/p>\n","protected":false},"author":2,"featured_media":1205,"comment_status":"closed","ping_status":"closed","sticky":false,"template":"","format":"standard","meta":{"_et_pb_use_builder":"on","_et_pb_old_content":"","_et_gb_content_width":"","footnotes":""},"categories":[14],"tags":[],"class_list":["post-1204","post","type-post","status-publish","format-standard","has-post-thumbnail","hentry","category-noticia_colegio"],"yoast_head":"<!-- This site is optimized with the Yoast SEO plugin v28.4 - https:\/\/yoast.com\/product\/yoast-seo-wordpress\/ -->\n<title>Seis alumnos de tercero de ESO en el encuentro interregional de ONGD salesianas - Colegio San Juan Bosco Valencia<\/title>\n<meta name=\"robots\" content=\"index, follow, max-snippet:-1, max-image-preview:large, max-video-preview:-1\" \/>\n<link rel=\"canonical\" href=\"https:\/\/valenciasjb.salesianos.edu\/colegio\/seis-alumnos-de-tercero-de-eso-en-el-encuentro-interregional-de-ongd-salesianas\/\" \/>\n<meta property=\"og:locale\" content=\"es_ES\" \/>\n<meta property=\"og:type\" content=\"article\" \/>\n<meta property=\"og:title\" content=\"Seis alumnos de tercero de ESO en el encuentro interregional de ONGD salesianas - Colegio San Juan Bosco Valencia\" \/>\n<meta property=\"og:description\" content=\"Redacci\u00f3n El pasado fin de semana 100 personas (75 j\u00f3venes y 25 educadores) de toda Espa\u00f1a se reunieron en Mohernando, Guadalajara, donde se ha celebrado el encuentro interregional de ONGD salesianas. Desde la Comunidad Valenciana y en representaci\u00f3n de la sede de Valencia de la ONGD \u201cJ\u00f3venes y Desarrollo\u201d participaron 20 chicos y chicas de [&hellip;]\" \/>\n<meta property=\"og:url\" content=\"https:\/\/valenciasjb.salesianos.edu\/colegio\/seis-alumnos-de-tercero-de-eso-en-el-encuentro-interregional-de-ongd-salesianas\/\" \/>\n<meta property=\"og:site_name\" content=\"Colegio San Juan Bosco Valencia\" \/>\n<meta property=\"article:publisher\" content=\"https:\/\/www.facebook.com\/ColegioSalesianoSanJuanBoscoValencia\" \/>\n<meta property=\"article:published_time\" content=\"2017-03-29T07:32:00+00:00\" \/>\n<meta property=\"article:modified_time\" content=\"2017-09-26T18:40:55+00:00\" \/>\n<meta property=\"og:image\" content=\"https:\/\/valenciasjb.salesianos.edu\/colegio\/wp-content\/uploads\/sites\/2\/2017\/03\/noticia-01.jpg\" \/>\n\t<meta property=\"og:image:width\" content=\"1600\" \/>\n\t<meta property=\"og:image:height\" content=\"900\" \/>\n\t<meta property=\"og:image:type\" content=\"image\/jpeg\" \/>\n<meta name=\"author\" content=\"Administrador Web\" \/>\n<meta name=\"twitter:card\" content=\"summary_large_image\" \/>\n<meta name=\"twitter:creator\" content=\"@SalesianosVSJB\" \/>\n<meta name=\"twitter:site\" content=\"@SalesianosVSJB\" \/>\n<meta name=\"twitter:label1\" content=\"Escrito por\" \/>\n\t<meta name=\"twitter:data1\" content=\"Administrador Web\" \/>\n\t<meta name=\"twitter:label2\" content=\"Tiempo de lectura\" \/>\n\t<meta name=\"twitter:data2\" content=\"3 minutos\" \/>\n<script type=\"application\/ld+json\" class=\"yoast-schema-graph\">{\"@context\":\"https:\\\/\\\/schema.org\",\"@graph\":[{\"@type\":\"Article\",\"@id\":\"https:\\\/\\\/valenciasjb.salesianos.edu\\\/colegio\\\/seis-alumnos-de-tercero-de-eso-en-el-encuentro-interregional-de-ongd-salesianas\\\/#article\",\"isPartOf\":{\"@id\":\"https:\\\/\\\/valenciasjb.salesianos.edu\\\/colegio\\\/seis-alumnos-de-tercero-de-eso-en-el-encuentro-interregional-de-ongd-salesianas\\\/\"},\"author\":{\"name\":\"Administrador Web\",\"@id\":\"https:\\\/\\\/valenciasjb.salesianos.edu\\\/colegio\\\/#\\\/schema\\\/person\\\/ae0ac91eb19a6a2a01c95e29d541a575\"},\"headline\":\"Seis alumnos de tercero de ESO en el encuentro interregional de ONGD salesianas\",\"datePublished\":\"2017-03-29T07:32:00+00:00\",\"dateModified\":\"2017-09-26T18:40:55+00:00\",\"mainEntityOfPage\":{\"@id\":\"https:\\\/\\\/valenciasjb.salesianos.edu\\\/colegio\\\/seis-alumnos-de-tercero-de-eso-en-el-encuentro-interregional-de-ongd-salesianas\\\/\"},\"wordCount\":610,\"image\":{\"@id\":\"https:\\\/\\\/valenciasjb.salesianos.edu\\\/colegio\\\/seis-alumnos-de-tercero-de-eso-en-el-encuentro-interregional-de-ongd-salesianas\\\/#primaryimage\"},\"thumbnailUrl\":\"https:\\\/\\\/valenciasjb.salesianos.edu\\\/colegio\\\/wp-content\\\/uploads\\\/sites\\\/2\\\/2017\\\/03\\\/noticia-01.jpg\",\"articleSection\":[\"Noticia Colegio\"],\"inLanguage\":\"es\"},{\"@type\":\"WebPage\",\"@id\":\"https:\\\/\\\/valenciasjb.salesianos.edu\\\/colegio\\\/seis-alumnos-de-tercero-de-eso-en-el-encuentro-interregional-de-ongd-salesianas\\\/\",\"url\":\"https:\\\/\\\/valenciasjb.salesianos.edu\\\/colegio\\\/seis-alumnos-de-tercero-de-eso-en-el-encuentro-interregional-de-ongd-salesianas\\\/\",\"name\":\"Seis alumnos de tercero de ESO en el encuentro interregional de ONGD salesianas - Colegio San Juan Bosco Valencia\",\"isPartOf\":{\"@id\":\"https:\\\/\\\/valenciasjb.salesianos.edu\\\/colegio\\\/#website\"},\"primaryImageOfPage\":{\"@id\":\"https:\\\/\\\/valenciasjb.salesianos.edu\\\/colegio\\\/seis-alumnos-de-tercero-de-eso-en-el-encuentro-interregional-de-ongd-salesianas\\\/#primaryimage\"},\"image\":{\"@id\":\"https:\\\/\\\/valenciasjb.salesianos.edu\\\/colegio\\\/seis-alumnos-de-tercero-de-eso-en-el-encuentro-interregional-de-ongd-salesianas\\\/#primaryimage\"},\"thumbnailUrl\":\"https:\\\/\\\/valenciasjb.salesianos.edu\\\/colegio\\\/wp-content\\\/uploads\\\/sites\\\/2\\\/2017\\\/03\\\/noticia-01.jpg\",\"datePublished\":\"2017-03-29T07:32:00+00:00\",\"dateModified\":\"2017-09-26T18:40:55+00:00\",\"author\":{\"@id\":\"https:\\\/\\\/valenciasjb.salesianos.edu\\\/colegio\\\/#\\\/schema\\\/person\\\/ae0ac91eb19a6a2a01c95e29d541a575\"},\"breadcrumb\":{\"@id\":\"https:\\\/\\\/valenciasjb.salesianos.edu\\\/colegio\\\/seis-alumnos-de-tercero-de-eso-en-el-encuentro-interregional-de-ongd-salesianas\\\/#breadcrumb\"},\"inLanguage\":\"es\",\"potentialAction\":[{\"@type\":\"ReadAction\",\"target\":[\"https:\\\/\\\/valenciasjb.salesianos.edu\\\/colegio\\\/seis-alumnos-de-tercero-de-eso-en-el-encuentro-interregional-de-ongd-salesianas\\\/\"]}]},{\"@type\":\"ImageObject\",\"inLanguage\":\"es\",\"@id\":\"https:\\\/\\\/valenciasjb.salesianos.edu\\\/colegio\\\/seis-alumnos-de-tercero-de-eso-en-el-encuentro-interregional-de-ongd-salesianas\\\/#primaryimage\",\"url\":\"https:\\\/\\\/valenciasjb.salesianos.edu\\\/colegio\\\/wp-content\\\/uploads\\\/sites\\\/2\\\/2017\\\/03\\\/noticia-01.jpg\",\"contentUrl\":\"https:\\\/\\\/valenciasjb.salesianos.edu\\\/colegio\\\/wp-content\\\/uploads\\\/sites\\\/2\\\/2017\\\/03\\\/noticia-01.jpg\",\"width\":1600,\"height\":900},{\"@type\":\"BreadcrumbList\",\"@id\":\"https:\\\/\\\/valenciasjb.salesianos.edu\\\/colegio\\\/seis-alumnos-de-tercero-de-eso-en-el-encuentro-interregional-de-ongd-salesianas\\\/#breadcrumb\",\"itemListElement\":[{\"@type\":\"ListItem\",\"position\":1,\"name\":\"Portada\",\"item\":\"https:\\\/\\\/valenciasjb.salesianos.edu\\\/colegio\\\/\"},{\"@type\":\"ListItem\",\"position\":2,\"name\":\"Seis alumnos de tercero de ESO en el encuentro interregional de ONGD salesianas\"}]},{\"@type\":\"WebSite\",\"@id\":\"https:\\\/\\\/valenciasjb.salesianos.edu\\\/colegio\\\/#website\",\"url\":\"https:\\\/\\\/valenciasjb.salesianos.edu\\\/colegio\\\/\",\"name\":\"Colegio San Juan Bosco Valencia\",\"description\":\"P\u00e1gina oficial del Colegio Salesianos San Juan Bosco Valencia\",\"alternateName\":\"Salesianos.VSJB\",\"potentialAction\":[{\"@type\":\"SearchAction\",\"target\":{\"@type\":\"EntryPoint\",\"urlTemplate\":\"https:\\\/\\\/valenciasjb.salesianos.edu\\\/colegio\\\/?s={search_term_string}\"},\"query-input\":{\"@type\":\"PropertyValueSpecification\",\"valueRequired\":true,\"valueName\":\"search_term_string\"}}],\"inLanguage\":\"es\"},{\"@type\":\"Person\",\"@id\":\"https:\\\/\\\/valenciasjb.salesianos.edu\\\/colegio\\\/#\\\/schema\\\/person\\\/ae0ac91eb19a6a2a01c95e29d541a575\",\"name\":\"Administrador Web\",\"image\":{\"@type\":\"ImageObject\",\"inLanguage\":\"es\",\"@id\":\"https:\\\/\\\/secure.gravatar.com\\\/avatar\\\/48a73c544c48a92e9f82115ddc8f6abf90891f033d83384ebe4aafd70f983ec8?s=96&d=mm&r=g\",\"url\":\"https:\\\/\\\/secure.gravatar.com\\\/avatar\\\/48a73c544c48a92e9f82115ddc8f6abf90891f033d83384ebe4aafd70f983ec8?s=96&d=mm&r=g\",\"contentUrl\":\"https:\\\/\\\/secure.gravatar.com\\\/avatar\\\/48a73c544c48a92e9f82115ddc8f6abf90891f033d83384ebe4aafd70f983ec8?s=96&d=mm&r=g\",\"caption\":\"Administrador Web\"}}]}<\/script>\n<!-- \/ Yoast SEO plugin. -->","yoast_head_json":{"title":"Seis alumnos de tercero de ESO en el encuentro interregional de ONGD salesianas - Colegio San Juan Bosco Valencia","robots":{"index":"index","follow":"follow","max-snippet":"max-snippet:-1","max-image-preview":"max-image-preview:large","max-video-preview":"max-video-preview:-1"},"canonical":"https:\/\/valenciasjb.salesianos.edu\/colegio\/seis-alumnos-de-tercero-de-eso-en-el-encuentro-interregional-de-ongd-salesianas\/","og_locale":"es_ES","og_type":"article","og_title":"Seis alumnos de tercero de ESO en el encuentro interregional de ONGD salesianas - Colegio San Juan Bosco Valencia","og_description":"Redacci\u00f3n El pasado fin de semana 100 personas (75 j\u00f3venes y 25 educadores) de toda Espa\u00f1a se reunieron en Mohernando, Guadalajara, donde se ha celebrado el encuentro interregional de ONGD salesianas. Desde la Comunidad Valenciana y en representaci\u00f3n de la sede de Valencia de la ONGD \u201cJ\u00f3venes y Desarrollo\u201d participaron 20 chicos y chicas de [&hellip;]","og_url":"https:\/\/valenciasjb.salesianos.edu\/colegio\/seis-alumnos-de-tercero-de-eso-en-el-encuentro-interregional-de-ongd-salesianas\/","og_site_name":"Colegio San Juan Bosco Valencia","article_publisher":"https:\/\/www.facebook.com\/ColegioSalesianoSanJuanBoscoValencia","article_published_time":"2017-03-29T07:32:00+00:00","article_modified_time":"2017-09-26T18:40:55+00:00","og_image":[{"width":1600,"height":900,"url":"https:\/\/valenciasjb.salesianos.edu\/colegio\/wp-content\/uploads\/sites\/2\/2017\/03\/noticia-01.jpg","type":"image\/jpeg"}],"author":"Administrador Web","twitter_card":"summary_large_image","twitter_creator":"@SalesianosVSJB","twitter_site":"@SalesianosVSJB","twitter_misc":{"Escrito por":"Administrador Web","Tiempo de lectura":"3 minutos"},"schema":{"@context":"https:\/\/schema.org","@graph":[{"@type":"Article","@id":"https:\/\/valenciasjb.salesianos.edu\/colegio\/seis-alumnos-de-tercero-de-eso-en-el-encuentro-interregional-de-ongd-salesianas\/#article","isPartOf":{"@id":"https:\/\/valenciasjb.salesianos.edu\/colegio\/seis-alumnos-de-tercero-de-eso-en-el-encuentro-interregional-de-ongd-salesianas\/"},"author":{"name":"Administrador Web","@id":"https:\/\/valenciasjb.salesianos.edu\/colegio\/#\/schema\/person\/ae0ac91eb19a6a2a01c95e29d541a575"},"headline":"Seis alumnos de tercero de ESO en el encuentro interregional de ONGD salesianas","datePublished":"2017-03-29T07:32:00+00:00","dateModified":"2017-09-26T18:40:55+00:00","mainEntityOfPage":{"@id":"https:\/\/valenciasjb.salesianos.edu\/colegio\/seis-alumnos-de-tercero-de-eso-en-el-encuentro-interregional-de-ongd-salesianas\/"},"wordCount":610,"image":{"@id":"https:\/\/valenciasjb.salesianos.edu\/colegio\/seis-alumnos-de-tercero-de-eso-en-el-encuentro-interregional-de-ongd-salesianas\/#primaryimage"},"thumbnailUrl":"https:\/\/valenciasjb.salesianos.edu\/colegio\/wp-content\/uploads\/sites\/2\/2017\/03\/noticia-01.jpg","articleSection":["Noticia Colegio"],"inLanguage":"es"},{"@type":"WebPage","@id":"https:\/\/valenciasjb.salesianos.edu\/colegio\/seis-alumnos-de-tercero-de-eso-en-el-encuentro-interregional-de-ongd-salesianas\/","url":"https:\/\/valenciasjb.salesianos.edu\/colegio\/seis-alumnos-de-tercero-de-eso-en-el-encuentro-interregional-de-ongd-salesianas\/","name":"Seis alumnos de tercero de ESO en el encuentro interregional de ONGD salesianas - Colegio San Juan Bosco Valencia","isPartOf":{"@id":"https:\/\/valenciasjb.salesianos.edu\/colegio\/#website"},"primaryImageOfPage":{"@id":"https:\/\/valenciasjb.salesianos.edu\/colegio\/seis-alumnos-de-tercero-de-eso-en-el-encuentro-interregional-de-ongd-salesianas\/#primaryimage"},"image":{"@id":"https:\/\/valenciasjb.salesianos.edu\/colegio\/seis-alumnos-de-tercero-de-eso-en-el-encuentro-interregional-de-ongd-salesianas\/#primaryimage"},"thumbnailUrl":"https:\/\/valenciasjb.salesianos.edu\/colegio\/wp-content\/uploads\/sites\/2\/2017\/03\/noticia-01.jpg","datePublished":"2017-03-29T07:32:00+00:00","dateModified":"2017-09-26T18:40:55+00:00","author":{"@id":"https:\/\/valenciasjb.salesianos.edu\/colegio\/#\/schema\/person\/ae0ac91eb19a6a2a01c95e29d541a575"},"breadcrumb":{"@id":"https:\/\/valenciasjb.salesianos.edu\/colegio\/seis-alumnos-de-tercero-de-eso-en-el-encuentro-interregional-de-ongd-salesianas\/#breadcrumb"},"inLanguage":"es","potentialAction":[{"@type":"ReadAction","target":["https:\/\/valenciasjb.salesianos.edu\/colegio\/seis-alumnos-de-tercero-de-eso-en-el-encuentro-interregional-de-ongd-salesianas\/"]}]},{"@type":"ImageObject","inLanguage":"es","@id":"https:\/\/valenciasjb.salesianos.edu\/colegio\/seis-alumnos-de-tercero-de-eso-en-el-encuentro-interregional-de-ongd-salesianas\/#primaryimage","url":"https:\/\/valenciasjb.salesianos.edu\/colegio\/wp-content\/uploads\/sites\/2\/2017\/03\/noticia-01.jpg","contentUrl":"https:\/\/valenciasjb.salesianos.edu\/colegio\/wp-content\/uploads\/sites\/2\/2017\/03\/noticia-01.jpg","width":1600,"height":900},{"@type":"BreadcrumbList","@id":"https:\/\/valenciasjb.salesianos.edu\/colegio\/seis-alumnos-de-tercero-de-eso-en-el-encuentro-interregional-de-ongd-salesianas\/#breadcrumb","itemListElement":[{"@type":"ListItem","position":1,"name":"Portada","item":"https:\/\/valenciasjb.salesianos.edu\/colegio\/"},{"@type":"ListItem","position":2,"name":"Seis alumnos de tercero de ESO en el encuentro interregional de ONGD salesianas"}]},{"@type":"WebSite","@id":"https:\/\/valenciasjb.salesianos.edu\/colegio\/#website","url":"https:\/\/valenciasjb.salesianos.edu\/colegio\/","name":"Colegio San Juan Bosco Valencia","description":"P\u00e1gina oficial del Colegio Salesianos San Juan Bosco Valencia","alternateName":"Salesianos.VSJB","potentialAction":[{"@type":"SearchAction","target":{"@type":"EntryPoint","urlTemplate":"https:\/\/valenciasjb.salesianos.edu\/colegio\/?s={search_term_string}"},"query-input":{"@type":"PropertyValueSpecification","valueRequired":true,"valueName":"search_term_string"}}],"inLanguage":"es"},{"@type":"Person","@id":"https:\/\/valenciasjb.salesianos.edu\/colegio\/#\/schema\/person\/ae0ac91eb19a6a2a01c95e29d541a575","name":"Administrador Web","image":{"@type":"ImageObject","inLanguage":"es","@id":"https:\/\/secure.gravatar.com\/avatar\/48a73c544c48a92e9f82115ddc8f6abf90891f033d83384ebe4aafd70f983ec8?s=96&d=mm&r=g","url":"https:\/\/secure.gravatar.com\/avatar\/48a73c544c48a92e9f82115ddc8f6abf90891f033d83384ebe4aafd70f983ec8?s=96&d=mm&r=g","contentUrl":"https:\/\/secure.gravatar.com\/avatar\/48a73c544c48a92e9f82115ddc8f6abf90891f033d83384ebe4aafd70f983ec8?s=96&d=mm&r=g","caption":"Administrador Web"}}]}},"_links":{"self":[{"href":"https:\/\/valenciasjb.salesianos.edu\/colegio\/wp-json\/wp\/v2\/posts\/1204","targetHints":{"allow":["GET"]}}],"collection":[{"href":"https:\/\/valenciasjb.salesianos.edu\/colegio\/wp-json\/wp\/v2\/posts"}],"about":[{"href":"https:\/\/valenciasjb.salesianos.edu\/colegio\/wp-json\/wp\/v2\/types\/post"}],"author":[{"embeddable":true,"href":"https:\/\/valenciasjb.salesianos.edu\/colegio\/wp-json\/wp\/v2\/users\/2"}],"replies":[{"embeddable":true,"href":"https:\/\/valenciasjb.salesianos.edu\/colegio\/wp-json\/wp\/v2\/comments?post=1204"}],"version-history":[{"count":4,"href":"https:\/\/valenciasjb.salesianos.edu\/colegio\/wp-json\/wp\/v2\/posts\/1204\/revisions"}],"predecessor-version":[{"id":1241,"href":"https:\/\/valenciasjb.salesianos.edu\/colegio\/wp-json\/wp\/v2\/posts\/1204\/revisions\/1241"}],"wp:featuredmedia":[{"embeddable":true,"href":"https:\/\/valenciasjb.salesianos.edu\/colegio\/wp-json\/wp\/v2\/media\/1205"}],"wp:attachment":[{"href":"https:\/\/valenciasjb.salesianos.edu\/colegio\/wp-json\/wp\/v2\/media?parent=1204"}],"wp:term":[{"taxonomy":"category","embeddable":true,"href":"https:\/\/valenciasjb.salesianos.edu\/colegio\/wp-json\/wp\/v2\/categories?post=1204"},{"taxonomy":"post_tag","embeddable":true,"href":"https:\/\/valenciasjb.salesianos.edu\/colegio\/wp-json\/wp\/v2\/tags?post=1204"}],"curies":[{"name":"wp","href":"https:\/\/api.w.org\/{rel}","templated":true}]}}