{"id":12041,"date":"2020-01-24T12:12:33","date_gmt":"2020-01-24T11:12:33","guid":{"rendered":"https:\/\/valenciasjb.salesianos.edu\/colegio\/?p=12041"},"modified":"2020-01-24T12:12:36","modified_gmt":"2020-01-24T11:12:36","slug":"v-foro-de-las-familias-organizado-por-el-colegio-y-ampas","status":"publish","type":"post","link":"https:\/\/valenciasjb.salesianos.edu\/colegio\/v-foro-de-las-familias-organizado-por-el-colegio-y-ampas\/","title":{"rendered":"V Foro de las Familias organizado por el Colegio y AMPAS"},"content":{"rendered":"<div id=\"fb-root\"><\/div>\n<p>[et_pb_section fb_built=\u00bb1&#8243; admin_label=\u00bbsection\u00bb _builder_version=\u00bb3.22&#8243;][et_pb_row admin_label=\u00bbrow\u00bb _builder_version=\u00bb3.25&#8243; background_size=\u00bbinitial\u00bb background_position=\u00bbtop_left\u00bb background_repeat=\u00bbrepeat\u00bb][et_pb_column type=\u00bb4_4&#8243; _builder_version=\u00bb3.25&#8243; custom_padding=\u00bb|||\u00bb custom_padding__hover=\u00bb|||\u00bb][et_pb_text admin_label=\u00bbEntradilla (Texto)\u00bb _builder_version=\u00bb4.0.9&#8243; text_font=\u00bb|on|||\u00bb text_orientation=\u00bbjustified\u00bb module_alignment=\u00bbjustified\u00bb hover_enabled=\u00bb0&#8243;]<\/p>\n<div id=\"resumen\"><strong>En la tarde del jueves 23 de enero tuvo lugar el V Foro de las Familias organizado por el Colegio y AMPAS y al que asistieron las familias, miembros de la Direcci\u00f3n del Colegio y miembros de la Junta de Ampas.<\/strong><\/div>\n<div>\u00a0<\/div>\n<p>[\/et_pb_text][et_pb_text admin_label=\u00bbAutor (Texto)\u00bb _builder_version=\u00bb3.27.4&#8243; text_font=\u00bb||on||\u00bb]Redacci\u00f3n<br \/>\n[\/et_pb_text][et_pb_text admin_label=\u00bbDesarrollo (Texto)\u00bb _builder_version=\u00bb4.0.9&#8243; text_orientation=\u00bbjustified\u00bb module_alignment=\u00bbjustified\u00bb hover_enabled=\u00bb0&#8243;]<\/p>\n<p>Se dio cumplida respuesta a todas las cuestiones planteadas a trav\u00e9s del correo electr\u00f3nico de Ampas y el formulario habilitado al efecto. Adem\u00e1s, se plantearon otras cuestiones y retos para seguir creciendo en la excelencia y seguir el camino de Don Bosco con nuestros j\u00f3venes.<\/p>\n<p>Algunas de las cuestiones tratadas, y como resumen, fueron las siguientes:<\/p>\n<ul>\n<li>Pin parental: Las pautas en la educaci\u00f3n afectivo sexual provienen tanto del Consejo Escolar como de las unidades pedag\u00f3gicas y del ideario del Colegio.<\/li>\n<li>C\u00f3mo se gestiona el bullying en el colegio: Se debe informar al tutor que traslada a la jefatura de estudios, se investiga y gestiona con el departamento de orientaci\u00f3n y se da traslado a las familias a la mayor brevedad con las medidas adoptadas.<\/li>\n<li>Por qu\u00e9 hay tantas asignaturas en valenciano: En primer lugar, porque hay que cumplir con la normativa y en segundo lugar porque hay que mimar las lenguas maternas. Para ello el colegio aumenta el n\u00famero de horas con el fin de que los alumnos salgan del colegio con el nivel necesario para obtener al menos el nivel de \u201cmitj\u00e1\u201d.<\/li>\n<li>Se considera un logro por parte de las familias que ha aumentado la participaci\u00f3n e implicaci\u00f3n de las familias en actividades y eventos dentro de la Comunidad Educativa.<\/li>\n<li>Retos: Se plantea por parte de las familias aplicar el reciclaje en el patio principalmente del papel de aluminio. Se plantea al Colegio como actividad hacer porta bocadillos con material reciclado como por ejemplo tetra brik. Tambi\u00e9n desde AMPAS se est\u00e1 estudiando a trav\u00e9s de una empresa externa que se recoja y recicle el papel de aluminio.<\/li>\n<li>Sugerencia de las familias: Que en la ESO no se d\u00e9 opci\u00f3n de segundo plato en el men\u00fa. Por parte del colegio se estudiar\u00e1n posibilidades de mejora en este sentido.<\/li>\n<li>Sugerencia de las familias: Seguir mejorando el nivel de ingl\u00e9s de los alumnos. Actualmente tenemos un 100% de aprobados en Trinity. Tenemos ya muchos asistentes de diferentes pa\u00edses en las clases, gracias a los programas de pr\u00e1cticas, por lo que el fomento del ingl\u00e9s oral es constante. Adem\u00e1s, contamos con actividades de asistente ling\u00fc\u00edstico y cultural nativo. Tambi\u00e9n se est\u00e1 trabajando en las becas Erasmus + con grandes oportunidades para nuestros alumnos.Se est\u00e1 estudiando por parte de la Direcci\u00f3n y Ampas, la posibilidad de ampliar la cantidad de recursos en ingl\u00e9s para que los alumnos enriquezcan este idioma.<\/li>\n<li>Sugerencia de las familias: Que no se pierda el esp\u00edritu de don Bosco. Desde pastoral del Colegio se est\u00e1 potenciando el conocimiento de Don Bosco, incluso con delegados de pastoral. De hecho, el lema de este a\u00f1o va en ese sentido. Desde Ampas se va a crear un grupo de familias para profundizar en el conocimiento de Don Bosco y la vida cristiana en la comunidad educativa y para llegar mejor a los ni\u00f1os fomentando as\u00ed su participaci\u00f3n y disfrute en el camino cristiano.<\/li>\n<li>Pregunta de las familias: Por qu\u00e9 solo hay uniforme en infantil. Se considera por parte del colegio que no es un aporte educativo, aunque es una opci\u00f3n. Si hubiera uniforme crear\u00eda otra serie de dificultades.<\/li>\n<li>Respecto al env\u00edo de QE en Valenciano: Normalmente este env\u00edo se produce sobre alguna cuesti\u00f3n de esta asignatura. No obstante, y como lengua materna, es una opci\u00f3n. Los mensajes que tienen que ver con el resto de asuntos se hacen en Castellano. Se estudiar\u00e1 que puedan enviarse en las dos lenguas.<\/li>\n<\/ul>\n<p>Gracias a todos los asistentes y a las familias por su participaci\u00f3n tanto presencial como virtual.<\/p>\n<p>Si alguna familia quisiera resolver alguna duda m\u00e1s lo podr\u00eda hacer a trav\u00e9s de la Direcci\u00f3n del Colegio o a trav\u00e9s del correo de AMPAS. apas.valencia.sjb@salesianos.edu\u00a0<a class=\"_58cn\" href=\"https:\/\/www.facebook.com\/hashtag\/ampassjb?source=feed_text&amp;epa=HASHTAG&amp;__xts__%5B0%5D=68.ARDyQcUV5IuBldxArfND7ZV_iSs87r2y4gDduBxx8pLg6tcVyJWlkFZ-B3ZFAkrmtKkNuuVIxKa8K6OtAtFzv6mpAOfPvHZqbAhluAz_E476GPg2W4hJ1iCv6IaWc0gRROqMjG-Jblsw72tMT6mAX7Y8J3g_aJbe6zQGDSWhpZCq3jCAOagRLsJ4XW9-6QZXCBpa_o37lkJee8ZqFUdNOM32fai80iofu55p8QEbq0_DS9n8hcc1Vn9uThKa1m_41ySD_TQelBfRPqKfvPs4KQhQx-pWRtXxL1so1F9_p02FRtjmYrD7ivvkOXFiBV5Ly2FWTwikmEA-wqBzmbvxJ44ibw&amp;__tn__=%2ANK-R\" data-ft=\"{&quot;type&quot;:104,&quot;tn&quot;:&quot;*N&quot;}\"><span class=\"_5afx\"><span class=\"_58cl _5afz\" aria-label=\"hashtag\">#<\/span><span class=\"_58cm\">ampassjb<\/span><\/span><\/a><\/p>\n<p>[\/et_pb_text][et_pb_text disabled_on=\u00bboff|on|on\u00bb admin_label=\u00bbT\u00edtulo: Galer\u00eda de fotos (Texto)\u00bb _builder_version=\u00bb3.27.4&#8243; text_font=\u00bb|on|||\u00bb text_text_color=\u00bb#dc001b\u00bb border_style=\u00bbsolid\u00bb]Galer\u00eda de im\u00e1genes<br \/>\n[\/et_pb_text][et_pb_gallery posts_number=\u00bb8&#8243; show_title_and_caption=\u00bboff\u00bb zoom_icon_color=\u00bb#dc001b\u00bb hover_icon=\u00bb%%51%%\u00bb disabled_on=\u00bboff|off|off\u00bb _builder_version=\u00bb4.0.9&#8243; pagination_font_size_tablet=\u00bb51&#8243; pagination_line_height_tablet=\u00bb2&#8243;][\/et_pb_gallery][et_pb_video disabled_on=\u00bbon|on|on\u00bb _builder_version=\u00bb3.0.51&#8243; disabled=\u00bbon\u00bb][\/et_pb_video][\/et_pb_column][\/et_pb_row][\/et_pb_section][et_pb_section fb_built=\u00bb1&#8243; _builder_version=\u00bb4.0.9&#8243;][et_pb_row _builder_version=\u00bb4.0.9&#8243;][et_pb_column _builder_version=\u00bb4.0.9&#8243; type=\u00bb4_4&#8243;][et_pb_image _builder_version=\u00bb4.0.9&#8243; src=\u00bbhttps:\/\/valenciasjb.salesianos.edu\/colegio\/wp-content\/uploads\/sites\/2\/2020\/01\/82504081_2809956325694221_4704016961909030912_o.jpg\u00bb][\/et_pb_image][\/et_pb_column][\/et_pb_row][\/et_pb_section][et_pb_section fb_built=\u00bb1&#8243; _builder_version=\u00bb4.0.9&#8243;][et_pb_row _builder_version=\u00bb4.0.9&#8243;][et_pb_column _builder_version=\u00bb4.0.9&#8243; type=\u00bb4_4&#8243;][et_pb_image _builder_version=\u00bb4.0.9&#8243; src=\u00bbhttps:\/\/valenciasjb.salesianos.edu\/colegio\/wp-content\/uploads\/sites\/2\/2020\/01\/83376018_2809956239027563_4483225629663166464_o.jpg\u00bb][\/et_pb_image][\/et_pb_column][\/et_pb_row][\/et_pb_section][et_pb_section fb_built=\u00bb1&#8243; _builder_version=\u00bb4.0.9&#8243;][et_pb_row _builder_version=\u00bb4.0.9&#8243;][et_pb_column _builder_version=\u00bb4.0.9&#8243; type=\u00bb4_4&#8243;][et_pb_image _builder_version=\u00bb4.0.9&#8243; src=\u00bbhttps:\/\/valenciasjb.salesianos.edu\/colegio\/wp-content\/uploads\/sites\/2\/2020\/01\/82762342_2809956229027564_8018681096700952576_o.jpg\u00bb][\/et_pb_image][\/et_pb_column][\/et_pb_row][\/et_pb_section][et_pb_section fb_built=\u00bb1&#8243; _builder_version=\u00bb4.0.9&#8243;][et_pb_row _builder_version=\u00bb4.0.9&#8243;][et_pb_column _builder_version=\u00bb4.0.9&#8243; type=\u00bb4_4&#8243;][et_pb_image _builder_version=\u00bb4.0.9&#8243; src=\u00bbhttps:\/\/valenciasjb.salesianos.edu\/colegio\/wp-content\/uploads\/sites\/2\/2020\/01\/82792105_2809956472360873_5414889355690901504_o.jpg\u00bb hover_enabled=\u00bb0&#8243;][\/et_pb_image][\/et_pb_column][\/et_pb_row][\/et_pb_section]<\/p>\n<!-- AddThis Advanced Settings generic via filter on the_content --><!-- AddThis Share Buttons generic via filter on the_content -->","protected":false},"excerpt":{"rendered":"<p>En la tarde del jueves 23 de enero tuvo lugar el V Foro de las Familias organizado por el Colegio y AMPAS y al que asistieron las familias, miembros de la Direcci\u00f3n del Colegio y miembros de la Junta de Ampas. \u00a0 Redacci\u00f3n Se dio cumplida respuesta a todas las cuestiones planteadas a trav\u00e9s del [&hellip;]<\/p>\n<p><!-- AddThis Advanced Settings generic via filter on get_the_excerpt --><!-- AddThis Share Buttons generic via filter on get_the_excerpt --><\/p>\n","protected":false},"author":6,"featured_media":12044,"comment_status":"closed","ping_status":"open","sticky":false,"template":"","format":"standard","meta":{"_et_pb_use_builder":"on","_et_pb_old_content":"","_et_gb_content_width":"","footnotes":""},"categories":[14],"tags":[],"class_list":["post-12041","post","type-post","status-publish","format-standard","has-post-thumbnail","hentry","category-noticia_colegio"],"yoast_head":"<!-- This site is optimized with the Yoast SEO plugin v28.4 - https:\/\/yoast.com\/product\/yoast-seo-wordpress\/ -->\n<title>V Foro de las Familias organizado por el Colegio y AMPAS - Colegio San Juan Bosco Valencia<\/title>\n<meta name=\"robots\" content=\"index, follow, max-snippet:-1, max-image-preview:large, max-video-preview:-1\" \/>\n<link rel=\"canonical\" href=\"https:\/\/valenciasjb.salesianos.edu\/colegio\/v-foro-de-las-familias-organizado-por-el-colegio-y-ampas\/\" \/>\n<meta property=\"og:locale\" content=\"es_ES\" \/>\n<meta property=\"og:type\" content=\"article\" \/>\n<meta property=\"og:title\" content=\"V Foro de las Familias organizado por el Colegio y AMPAS - Colegio San Juan Bosco Valencia\" \/>\n<meta property=\"og:description\" content=\"En la tarde del jueves 23 de enero tuvo lugar el V Foro de las Familias organizado por el Colegio y AMPAS y al que asistieron las familias, miembros de la Direcci\u00f3n del Colegio y miembros de la Junta de Ampas. \u00a0 Redacci\u00f3n Se dio cumplida respuesta a todas las cuestiones planteadas a trav\u00e9s del [&hellip;]\" \/>\n<meta property=\"og:url\" content=\"https:\/\/valenciasjb.salesianos.edu\/colegio\/v-foro-de-las-familias-organizado-por-el-colegio-y-ampas\/\" \/>\n<meta property=\"og:site_name\" content=\"Colegio San Juan Bosco Valencia\" \/>\n<meta property=\"article:publisher\" content=\"https:\/\/www.facebook.com\/ColegioSalesianoSanJuanBoscoValencia\" \/>\n<meta property=\"article:published_time\" content=\"2020-01-24T11:12:33+00:00\" \/>\n<meta property=\"article:modified_time\" content=\"2020-01-24T11:12:36+00:00\" \/>\n<meta property=\"og:image\" content=\"https:\/\/valenciasjb.salesianos.edu\/colegio\/wp-content\/uploads\/sites\/2\/2020\/01\/82504081_2809956325694221_4704016961909030912_o.jpg\" \/>\n\t<meta property=\"og:image:width\" content=\"960\" \/>\n\t<meta property=\"og:image:height\" content=\"720\" \/>\n\t<meta property=\"og:image:type\" content=\"image\/jpeg\" \/>\n<meta name=\"author\" content=\"veronicapastor\" \/>\n<meta name=\"twitter:card\" content=\"summary_large_image\" \/>\n<meta name=\"twitter:creator\" content=\"@SalesianosVSJB\" \/>\n<meta name=\"twitter:site\" content=\"@SalesianosVSJB\" \/>\n<meta name=\"twitter:label1\" content=\"Escrito por\" \/>\n\t<meta name=\"twitter:data1\" content=\"veronicapastor\" \/>\n\t<meta name=\"twitter:label2\" content=\"Tiempo de lectura\" \/>\n\t<meta name=\"twitter:data2\" content=\"5 minutos\" \/>\n<script type=\"application\/ld+json\" class=\"yoast-schema-graph\">{\"@context\":\"https:\\\/\\\/schema.org\",\"@graph\":[{\"@type\":\"Article\",\"@id\":\"https:\\\/\\\/valenciasjb.salesianos.edu\\\/colegio\\\/v-foro-de-las-familias-organizado-por-el-colegio-y-ampas\\\/#article\",\"isPartOf\":{\"@id\":\"https:\\\/\\\/valenciasjb.salesianos.edu\\\/colegio\\\/v-foro-de-las-familias-organizado-por-el-colegio-y-ampas\\\/\"},\"author\":{\"name\":\"veronicapastor\",\"@id\":\"https:\\\/\\\/valenciasjb.salesianos.edu\\\/colegio\\\/#\\\/schema\\\/person\\\/1f45b67e52b27da175190a574db6bed9\"},\"headline\":\"V Foro de las Familias organizado por el Colegio y AMPAS\",\"datePublished\":\"2020-01-24T11:12:33+00:00\",\"dateModified\":\"2020-01-24T11:12:36+00:00\",\"mainEntityOfPage\":{\"@id\":\"https:\\\/\\\/valenciasjb.salesianos.edu\\\/colegio\\\/v-foro-de-las-familias-organizado-por-el-colegio-y-ampas\\\/\"},\"wordCount\":1086,\"image\":{\"@id\":\"https:\\\/\\\/valenciasjb.salesianos.edu\\\/colegio\\\/v-foro-de-las-familias-organizado-por-el-colegio-y-ampas\\\/#primaryimage\"},\"thumbnailUrl\":\"https:\\\/\\\/valenciasjb.salesianos.edu\\\/colegio\\\/wp-content\\\/uploads\\\/sites\\\/2\\\/2020\\\/01\\\/82504081_2809956325694221_4704016961909030912_o.jpg\",\"articleSection\":[\"Noticia Colegio\"],\"inLanguage\":\"es\"},{\"@type\":\"WebPage\",\"@id\":\"https:\\\/\\\/valenciasjb.salesianos.edu\\\/colegio\\\/v-foro-de-las-familias-organizado-por-el-colegio-y-ampas\\\/\",\"url\":\"https:\\\/\\\/valenciasjb.salesianos.edu\\\/colegio\\\/v-foro-de-las-familias-organizado-por-el-colegio-y-ampas\\\/\",\"name\":\"V Foro de las Familias organizado por el Colegio y AMPAS - Colegio San Juan Bosco Valencia\",\"isPartOf\":{\"@id\":\"https:\\\/\\\/valenciasjb.salesianos.edu\\\/colegio\\\/#website\"},\"primaryImageOfPage\":{\"@id\":\"https:\\\/\\\/valenciasjb.salesianos.edu\\\/colegio\\\/v-foro-de-las-familias-organizado-por-el-colegio-y-ampas\\\/#primaryimage\"},\"image\":{\"@id\":\"https:\\\/\\\/valenciasjb.salesianos.edu\\\/colegio\\\/v-foro-de-las-familias-organizado-por-el-colegio-y-ampas\\\/#primaryimage\"},\"thumbnailUrl\":\"https:\\\/\\\/valenciasjb.salesianos.edu\\\/colegio\\\/wp-content\\\/uploads\\\/sites\\\/2\\\/2020\\\/01\\\/82504081_2809956325694221_4704016961909030912_o.jpg\",\"datePublished\":\"2020-01-24T11:12:33+00:00\",\"dateModified\":\"2020-01-24T11:12:36+00:00\",\"author\":{\"@id\":\"https:\\\/\\\/valenciasjb.salesianos.edu\\\/colegio\\\/#\\\/schema\\\/person\\\/1f45b67e52b27da175190a574db6bed9\"},\"breadcrumb\":{\"@id\":\"https:\\\/\\\/valenciasjb.salesianos.edu\\\/colegio\\\/v-foro-de-las-familias-organizado-por-el-colegio-y-ampas\\\/#breadcrumb\"},\"inLanguage\":\"es\",\"potentialAction\":[{\"@type\":\"ReadAction\",\"target\":[\"https:\\\/\\\/valenciasjb.salesianos.edu\\\/colegio\\\/v-foro-de-las-familias-organizado-por-el-colegio-y-ampas\\\/\"]}]},{\"@type\":\"ImageObject\",\"inLanguage\":\"es\",\"@id\":\"https:\\\/\\\/valenciasjb.salesianos.edu\\\/colegio\\\/v-foro-de-las-familias-organizado-por-el-colegio-y-ampas\\\/#primaryimage\",\"url\":\"https:\\\/\\\/valenciasjb.salesianos.edu\\\/colegio\\\/wp-content\\\/uploads\\\/sites\\\/2\\\/2020\\\/01\\\/82504081_2809956325694221_4704016961909030912_o.jpg\",\"contentUrl\":\"https:\\\/\\\/valenciasjb.salesianos.edu\\\/colegio\\\/wp-content\\\/uploads\\\/sites\\\/2\\\/2020\\\/01\\\/82504081_2809956325694221_4704016961909030912_o.jpg\",\"width\":960,\"height\":720},{\"@type\":\"BreadcrumbList\",\"@id\":\"https:\\\/\\\/valenciasjb.salesianos.edu\\\/colegio\\\/v-foro-de-las-familias-organizado-por-el-colegio-y-ampas\\\/#breadcrumb\",\"itemListElement\":[{\"@type\":\"ListItem\",\"position\":1,\"name\":\"Portada\",\"item\":\"https:\\\/\\\/valenciasjb.salesianos.edu\\\/colegio\\\/\"},{\"@type\":\"ListItem\",\"position\":2,\"name\":\"V Foro de las Familias organizado por el Colegio y AMPAS\"}]},{\"@type\":\"WebSite\",\"@id\":\"https:\\\/\\\/valenciasjb.salesianos.edu\\\/colegio\\\/#website\",\"url\":\"https:\\\/\\\/valenciasjb.salesianos.edu\\\/colegio\\\/\",\"name\":\"Colegio San Juan Bosco Valencia\",\"description\":\"P\u00e1gina oficial del Colegio Salesianos San Juan Bosco Valencia\",\"alternateName\":\"Salesianos.VSJB\",\"potentialAction\":[{\"@type\":\"SearchAction\",\"target\":{\"@type\":\"EntryPoint\",\"urlTemplate\":\"https:\\\/\\\/valenciasjb.salesianos.edu\\\/colegio\\\/?s={search_term_string}\"},\"query-input\":{\"@type\":\"PropertyValueSpecification\",\"valueRequired\":true,\"valueName\":\"search_term_string\"}}],\"inLanguage\":\"es\"},{\"@type\":\"Person\",\"@id\":\"https:\\\/\\\/valenciasjb.salesianos.edu\\\/colegio\\\/#\\\/schema\\\/person\\\/1f45b67e52b27da175190a574db6bed9\",\"name\":\"veronicapastor\",\"image\":{\"@type\":\"ImageObject\",\"inLanguage\":\"es\",\"@id\":\"https:\\\/\\\/secure.gravatar.com\\\/avatar\\\/e29bd40bace3fd935e1d6fdb7313ffc14628cc037c5e16f4c7369b20a2a6f7f0?s=96&d=mm&r=g\",\"url\":\"https:\\\/\\\/secure.gravatar.com\\\/avatar\\\/e29bd40bace3fd935e1d6fdb7313ffc14628cc037c5e16f4c7369b20a2a6f7f0?s=96&d=mm&r=g\",\"contentUrl\":\"https:\\\/\\\/secure.gravatar.com\\\/avatar\\\/e29bd40bace3fd935e1d6fdb7313ffc14628cc037c5e16f4c7369b20a2a6f7f0?s=96&d=mm&r=g\",\"caption\":\"veronicapastor\"}}]}<\/script>\n<!-- \/ Yoast SEO plugin. -->","yoast_head_json":{"title":"V Foro de las Familias organizado por el Colegio y AMPAS - Colegio San Juan Bosco Valencia","robots":{"index":"index","follow":"follow","max-snippet":"max-snippet:-1","max-image-preview":"max-image-preview:large","max-video-preview":"max-video-preview:-1"},"canonical":"https:\/\/valenciasjb.salesianos.edu\/colegio\/v-foro-de-las-familias-organizado-por-el-colegio-y-ampas\/","og_locale":"es_ES","og_type":"article","og_title":"V Foro de las Familias organizado por el Colegio y AMPAS - Colegio San Juan Bosco Valencia","og_description":"En la tarde del jueves 23 de enero tuvo lugar el V Foro de las Familias organizado por el Colegio y AMPAS y al que asistieron las familias, miembros de la Direcci\u00f3n del Colegio y miembros de la Junta de Ampas. \u00a0 Redacci\u00f3n Se dio cumplida respuesta a todas las cuestiones planteadas a trav\u00e9s del [&hellip;]","og_url":"https:\/\/valenciasjb.salesianos.edu\/colegio\/v-foro-de-las-familias-organizado-por-el-colegio-y-ampas\/","og_site_name":"Colegio San Juan Bosco Valencia","article_publisher":"https:\/\/www.facebook.com\/ColegioSalesianoSanJuanBoscoValencia","article_published_time":"2020-01-24T11:12:33+00:00","article_modified_time":"2020-01-24T11:12:36+00:00","og_image":[{"width":960,"height":720,"url":"https:\/\/valenciasjb.salesianos.edu\/colegio\/wp-content\/uploads\/sites\/2\/2020\/01\/82504081_2809956325694221_4704016961909030912_o.jpg","type":"image\/jpeg"}],"author":"veronicapastor","twitter_card":"summary_large_image","twitter_creator":"@SalesianosVSJB","twitter_site":"@SalesianosVSJB","twitter_misc":{"Escrito por":"veronicapastor","Tiempo de lectura":"5 minutos"},"schema":{"@context":"https:\/\/schema.org","@graph":[{"@type":"Article","@id":"https:\/\/valenciasjb.salesianos.edu\/colegio\/v-foro-de-las-familias-organizado-por-el-colegio-y-ampas\/#article","isPartOf":{"@id":"https:\/\/valenciasjb.salesianos.edu\/colegio\/v-foro-de-las-familias-organizado-por-el-colegio-y-ampas\/"},"author":{"name":"veronicapastor","@id":"https:\/\/valenciasjb.salesianos.edu\/colegio\/#\/schema\/person\/1f45b67e52b27da175190a574db6bed9"},"headline":"V Foro de las Familias organizado por el Colegio y AMPAS","datePublished":"2020-01-24T11:12:33+00:00","dateModified":"2020-01-24T11:12:36+00:00","mainEntityOfPage":{"@id":"https:\/\/valenciasjb.salesianos.edu\/colegio\/v-foro-de-las-familias-organizado-por-el-colegio-y-ampas\/"},"wordCount":1086,"image":{"@id":"https:\/\/valenciasjb.salesianos.edu\/colegio\/v-foro-de-las-familias-organizado-por-el-colegio-y-ampas\/#primaryimage"},"thumbnailUrl":"https:\/\/valenciasjb.salesianos.edu\/colegio\/wp-content\/uploads\/sites\/2\/2020\/01\/82504081_2809956325694221_4704016961909030912_o.jpg","articleSection":["Noticia Colegio"],"inLanguage":"es"},{"@type":"WebPage","@id":"https:\/\/valenciasjb.salesianos.edu\/colegio\/v-foro-de-las-familias-organizado-por-el-colegio-y-ampas\/","url":"https:\/\/valenciasjb.salesianos.edu\/colegio\/v-foro-de-las-familias-organizado-por-el-colegio-y-ampas\/","name":"V Foro de las Familias organizado por el Colegio y AMPAS - Colegio San Juan Bosco Valencia","isPartOf":{"@id":"https:\/\/valenciasjb.salesianos.edu\/colegio\/#website"},"primaryImageOfPage":{"@id":"https:\/\/valenciasjb.salesianos.edu\/colegio\/v-foro-de-las-familias-organizado-por-el-colegio-y-ampas\/#primaryimage"},"image":{"@id":"https:\/\/valenciasjb.salesianos.edu\/colegio\/v-foro-de-las-familias-organizado-por-el-colegio-y-ampas\/#primaryimage"},"thumbnailUrl":"https:\/\/valenciasjb.salesianos.edu\/colegio\/wp-content\/uploads\/sites\/2\/2020\/01\/82504081_2809956325694221_4704016961909030912_o.jpg","datePublished":"2020-01-24T11:12:33+00:00","dateModified":"2020-01-24T11:12:36+00:00","author":{"@id":"https:\/\/valenciasjb.salesianos.edu\/colegio\/#\/schema\/person\/1f45b67e52b27da175190a574db6bed9"},"breadcrumb":{"@id":"https:\/\/valenciasjb.salesianos.edu\/colegio\/v-foro-de-las-familias-organizado-por-el-colegio-y-ampas\/#breadcrumb"},"inLanguage":"es","potentialAction":[{"@type":"ReadAction","target":["https:\/\/valenciasjb.salesianos.edu\/colegio\/v-foro-de-las-familias-organizado-por-el-colegio-y-ampas\/"]}]},{"@type":"ImageObject","inLanguage":"es","@id":"https:\/\/valenciasjb.salesianos.edu\/colegio\/v-foro-de-las-familias-organizado-por-el-colegio-y-ampas\/#primaryimage","url":"https:\/\/valenciasjb.salesianos.edu\/colegio\/wp-content\/uploads\/sites\/2\/2020\/01\/82504081_2809956325694221_4704016961909030912_o.jpg","contentUrl":"https:\/\/valenciasjb.salesianos.edu\/colegio\/wp-content\/uploads\/sites\/2\/2020\/01\/82504081_2809956325694221_4704016961909030912_o.jpg","width":960,"height":720},{"@type":"BreadcrumbList","@id":"https:\/\/valenciasjb.salesianos.edu\/colegio\/v-foro-de-las-familias-organizado-por-el-colegio-y-ampas\/#breadcrumb","itemListElement":[{"@type":"ListItem","position":1,"name":"Portada","item":"https:\/\/valenciasjb.salesianos.edu\/colegio\/"},{"@type":"ListItem","position":2,"name":"V Foro de las Familias organizado por el Colegio y AMPAS"}]},{"@type":"WebSite","@id":"https:\/\/valenciasjb.salesianos.edu\/colegio\/#website","url":"https:\/\/valenciasjb.salesianos.edu\/colegio\/","name":"Colegio San Juan Bosco Valencia","description":"P\u00e1gina oficial del Colegio Salesianos San Juan Bosco Valencia","alternateName":"Salesianos.VSJB","potentialAction":[{"@type":"SearchAction","target":{"@type":"EntryPoint","urlTemplate":"https:\/\/valenciasjb.salesianos.edu\/colegio\/?s={search_term_string}"},"query-input":{"@type":"PropertyValueSpecification","valueRequired":true,"valueName":"search_term_string"}}],"inLanguage":"es"},{"@type":"Person","@id":"https:\/\/valenciasjb.salesianos.edu\/colegio\/#\/schema\/person\/1f45b67e52b27da175190a574db6bed9","name":"veronicapastor","image":{"@type":"ImageObject","inLanguage":"es","@id":"https:\/\/secure.gravatar.com\/avatar\/e29bd40bace3fd935e1d6fdb7313ffc14628cc037c5e16f4c7369b20a2a6f7f0?s=96&d=mm&r=g","url":"https:\/\/secure.gravatar.com\/avatar\/e29bd40bace3fd935e1d6fdb7313ffc14628cc037c5e16f4c7369b20a2a6f7f0?s=96&d=mm&r=g","contentUrl":"https:\/\/secure.gravatar.com\/avatar\/e29bd40bace3fd935e1d6fdb7313ffc14628cc037c5e16f4c7369b20a2a6f7f0?s=96&d=mm&r=g","caption":"veronicapastor"}}]}},"_links":{"self":[{"href":"https:\/\/valenciasjb.salesianos.edu\/colegio\/wp-json\/wp\/v2\/posts\/12041","targetHints":{"allow":["GET"]}}],"collection":[{"href":"https:\/\/valenciasjb.salesianos.edu\/colegio\/wp-json\/wp\/v2\/posts"}],"about":[{"href":"https:\/\/valenciasjb.salesianos.edu\/colegio\/wp-json\/wp\/v2\/types\/post"}],"author":[{"embeddable":true,"href":"https:\/\/valenciasjb.salesianos.edu\/colegio\/wp-json\/wp\/v2\/users\/6"}],"replies":[{"embeddable":true,"href":"https:\/\/valenciasjb.salesianos.edu\/colegio\/wp-json\/wp\/v2\/comments?post=12041"}],"version-history":[{"count":2,"href":"https:\/\/valenciasjb.salesianos.edu\/colegio\/wp-json\/wp\/v2\/posts\/12041\/revisions"}],"predecessor-version":[{"id":12048,"href":"https:\/\/valenciasjb.salesianos.edu\/colegio\/wp-json\/wp\/v2\/posts\/12041\/revisions\/12048"}],"wp:featuredmedia":[{"embeddable":true,"href":"https:\/\/valenciasjb.salesianos.edu\/colegio\/wp-json\/wp\/v2\/media\/12044"}],"wp:attachment":[{"href":"https:\/\/valenciasjb.salesianos.edu\/colegio\/wp-json\/wp\/v2\/media?parent=12041"}],"wp:term":[{"taxonomy":"category","embeddable":true,"href":"https:\/\/valenciasjb.salesianos.edu\/colegio\/wp-json\/wp\/v2\/categories?post=12041"},{"taxonomy":"post_tag","embeddable":true,"href":"https:\/\/valenciasjb.salesianos.edu\/colegio\/wp-json\/wp\/v2\/tags?post=12041"}],"curies":[{"name":"wp","href":"https:\/\/api.w.org\/{rel}","templated":true}]}}