{"id":12053,"date":"2020-01-30T23:53:21","date_gmt":"2020-01-30T22:53:21","guid":{"rendered":"https:\/\/valenciasjb.salesianos.edu\/colegio\/?p=12053"},"modified":"2020-01-30T23:53:25","modified_gmt":"2020-01-30T22:53:25","slug":"el-mes-de-enero-los-pequenos-del-cole-preparan-la-gran-fiesta-de-don-bosco","status":"publish","type":"post","link":"https:\/\/valenciasjb.salesianos.edu\/colegio\/el-mes-de-enero-los-pequenos-del-cole-preparan-la-gran-fiesta-de-don-bosco\/","title":{"rendered":"El mes de enero los peque\u00f1os del cole preparan la gran fiesta de Don Bosco"},"content":{"rendered":"<div id=\"fb-root\"><\/div>\n<p>[et_pb_section fb_built=\u00bb1&#8243; admin_label=\u00bbsection\u00bb _builder_version=\u00bb3.22&#8243;][et_pb_row admin_label=\u00bbrow\u00bb _builder_version=\u00bb3.25&#8243; background_size=\u00bbinitial\u00bb background_position=\u00bbtop_left\u00bb background_repeat=\u00bbrepeat\u00bb][et_pb_column type=\u00bb4_4&#8243; _builder_version=\u00bb3.25&#8243; custom_padding=\u00bb|||\u00bb custom_padding__hover=\u00bb|||\u00bb][et_pb_text admin_label=\u00bbEntradilla (Texto)\u00bb _builder_version=\u00bb4.0.9&#8243; text_font=\u00bb|on|||\u00bb text_orientation=\u00bbjustified\u00bb module_alignment=\u00bbjustified\u00bb hover_enabled=\u00bb0&#8243;]<\/p>\n<div id=\"resumen\">\n<p><strong>Un a\u00f1o m\u00e1s, los peque\u00f1os del cole han realizado, a lo largo de todo el mes, diferentes actividades para celebrar el gran d\u00eda del colegio: \u201cDon Bosco\u201d.<\/strong><\/p>\n<\/div>\n<div>\u00a0<\/div>\n<p>[\/et_pb_text][et_pb_text admin_label=\u00bbAutor (Texto)\u00bb _builder_version=\u00bb4.0.9&#8243; text_font=\u00bb||on||\u00bb hover_enabled=\u00bb0&#8243;]<\/p>\n<p>Lourdes Muli\u00f3. Profesora Ed. Infantil.<\/p>\n<p>[\/et_pb_text][et_pb_text admin_label=\u00bbDesarrollo (Texto)\u00bb _builder_version=\u00bb4.0.9&#8243; text_orientation=\u00bbjustified\u00bb module_alignment=\u00bbjustified\u00bb hover_enabled=\u00bb0&#8243;]<\/p>\n<p>\u200bTodos los d\u00edas los peques entran y salen del cole s\u00faper contentos amenizados por la megafon\u00eda del pabell\u00f3n de infantil con canciones dedicadas a <strong>Don Bosco<\/strong>.<\/p>\n<p>Todos los lunes escuchamos unos buenos d\u00edas dedicados a Juanito Bosco, explic\u00e1ndonos su vida y obra de una manera muy amena y divertida.<\/p>\n<p>Las clases, pasillos y hall del edificio se han engalanado con magn\u00edficos murales realizados por nuestros queridos alumnos.<\/p>\n<p>Cada nivel prepara la llegada de la gran fiesta de manera diferente adapt\u00e1ndose a la edad de cada alumno.<\/p>\n<p>Los m\u00e1s peque\u00f1os, despu\u00e9s de que las se\u00f1os se encargaran de explicar a sus chicos qui\u00e9n era y qu\u00e9 hizo, han coloreado el rostro de Don Bosco y han escrito con dichos dibujos el nombre de nuestro amigo, en una de las paredes del hall del cole. Tambi\u00e9n han decorado con diferentes t\u00e9cnicas art\u00edsticas una simp\u00e1tica imagen de nuestro patr\u00f3n.\u00a0<\/p>\n<p>Los alumnos de 4 a\u00f1os, recuerdan a Don Bosco llev\u00e1ndose cada d\u00eda a casa una marioneta de la figura de Juan Bosco para poder disfrutar junto a su familia de \u201cun d\u00eda con Don Bosco\u201d. Adem\u00e1s han realizado diferentes actividades recordando con intensidad, la vida de Don Bosco, su ni\u00f1ez, su juventud, lo bueno que era, lo mucho que ayudaba y quer\u00eda a los j\u00f3venes. Tambi\u00e9n han decorado el hall de su planta, con elementos importantes en la vida de\u00a0 Don Bosco (coraz\u00f3n de peluche, biblia, zapatos andando por una cuerda, varita m\u00e1gica, gorro y nariz de payaso, im\u00e1genes de su casa, de mam\u00e1 Margarita, \u2026.) todo ello acompa\u00f1ado de una frase alusiva a cada uno de los objetos. Y han dramatizado el sue\u00f1o de los nueve a\u00f1os en el taller de oraci\u00f3n despu\u00e9s de escucharlo con mucha atenci\u00f3n en un bonito PowerPoint y acabaron su magn\u00edfica actuaci\u00f3n con un precioso dibujo del sue\u00f1o amenizados mientras coloreaban con la canci\u00f3n \u201cno con golpes\u201d.<\/p>\n<p>Los alumnos de 5 a\u00f1os no se han quedado atr\u00e1s y han vivido con mucha intensidad este mes, entre otras muchas actividades cabe destacar lo bonito que ha quedado el hall de su pasillo aprovechando unas palabras que caracterizan la vida de Don Bosco como: alegr\u00eda, maestro, casa, j\u00f3venes, escuela, iglesia,\u2026 que han realizado para la celebraci\u00f3n en honor a nuestro patr\u00f3n; las han pegado alrededor de un precioso p\u00f3ster de don Bosco como si de un original marco se tratara, y con las palabras restantes las han colocado en forma de dos grandiosos corazones a los costados de dicho p\u00f3ster. Tambi\u00e9n han conocido en el taller de oraci\u00f3n el sue\u00f1o que tuvo don Bosco, donde se narra lo que le llev\u00f3 a Juanito ser sacerdote y cuidar de los j\u00f3venes. Y han coloreado unas las l\u00e1minas con dibujos de uno de los sue\u00f1os m\u00e1s caracter\u00edsticos de Juan Bosco.<\/p>\n<p>Todos los alumnos esperan con ilusi\u00f3n a que llegue ese gran d\u00eda, para divertirse y disfrutar recordando a Don Bosco y jugando con todos sus compa\u00f1eros.<\/p>\n<p>Es un gran mes, un mes de recuerdos, un mes de ilusi\u00f3n todos juntos.<\/p>\n<p>\u00a1Viva Don Bosco!<\/p>\n<p>[\/et_pb_text][et_pb_text disabled_on=\u00bboff|on|on\u00bb admin_label=\u00bbT\u00edtulo: Galer\u00eda de fotos (Texto)\u00bb _builder_version=\u00bb3.27.4&#8243; text_font=\u00bb|on|||\u00bb text_text_color=\u00bb#dc001b\u00bb border_style=\u00bbsolid\u00bb]Galer\u00eda de im\u00e1genes<br \/>\n[\/et_pb_text][et_pb_gallery gallery_ids=\u00bb12056,12057,12058&#8243; posts_number=\u00bb8&#8243; show_title_and_caption=\u00bboff\u00bb zoom_icon_color=\u00bb#dc001b\u00bb hover_icon=\u00bb%%51%%\u00bb disabled_on=\u00bboff|off|off\u00bb _builder_version=\u00bb4.0.9&#8243; hover_enabled=\u00bb0&#8243; pagination_font_size_tablet=\u00bb51&#8243; pagination_line_height_tablet=\u00bb2&#8243;][\/et_pb_gallery][et_pb_video disabled_on=\u00bbon|on|on\u00bb _builder_version=\u00bb3.0.51&#8243; disabled=\u00bbon\u00bb][\/et_pb_video][\/et_pb_column][\/et_pb_row][\/et_pb_section]<\/p>\n<!-- AddThis Advanced Settings generic via filter on the_content --><!-- AddThis Share Buttons generic via filter on the_content -->","protected":false},"excerpt":{"rendered":"<p>Un a\u00f1o m\u00e1s, los peque\u00f1os del cole han realizado, a lo largo de todo el mes, diferentes actividades para celebrar el gran d\u00eda del colegio: \u201cDon Bosco\u201d. \u00a0 Lourdes Muli\u00f3. Profesora Ed. Infantil. \u200bTodos los d\u00edas los peques entran y salen del cole s\u00faper contentos amenizados por la megafon\u00eda del pabell\u00f3n de infantil con canciones [&hellip;]<\/p>\n<p><!-- AddThis Advanced Settings generic via filter on get_the_excerpt --><!-- AddThis Share Buttons generic via filter on get_the_excerpt --><\/p>\n","protected":false},"author":6,"featured_media":12057,"comment_status":"closed","ping_status":"open","sticky":false,"template":"","format":"standard","meta":{"_et_pb_use_builder":"on","_et_pb_old_content":"","_et_gb_content_width":"","footnotes":""},"categories":[14],"tags":[],"class_list":["post-12053","post","type-post","status-publish","format-standard","has-post-thumbnail","hentry","category-noticia_colegio"],"yoast_head":"<!-- This site is optimized with the Yoast SEO plugin v28.4 - https:\/\/yoast.com\/product\/yoast-seo-wordpress\/ -->\n<title>El mes de enero los peque\u00f1os del cole preparan la gran fiesta de Don Bosco - Colegio San Juan Bosco Valencia<\/title>\n<meta name=\"robots\" content=\"index, follow, max-snippet:-1, max-image-preview:large, max-video-preview:-1\" \/>\n<link rel=\"canonical\" href=\"https:\/\/valenciasjb.salesianos.edu\/colegio\/el-mes-de-enero-los-pequenos-del-cole-preparan-la-gran-fiesta-de-don-bosco\/\" \/>\n<meta property=\"og:locale\" content=\"es_ES\" \/>\n<meta property=\"og:type\" content=\"article\" \/>\n<meta property=\"og:title\" content=\"El mes de enero los peque\u00f1os del cole preparan la gran fiesta de Don Bosco - Colegio San Juan Bosco Valencia\" \/>\n<meta property=\"og:description\" content=\"Un a\u00f1o m\u00e1s, los peque\u00f1os del cole han realizado, a lo largo de todo el mes, diferentes actividades para celebrar el gran d\u00eda del colegio: \u201cDon Bosco\u201d. \u00a0 Lourdes Muli\u00f3. Profesora Ed. Infantil. \u200bTodos los d\u00edas los peques entran y salen del cole s\u00faper contentos amenizados por la megafon\u00eda del pabell\u00f3n de infantil con canciones [&hellip;]\" \/>\n<meta property=\"og:url\" content=\"https:\/\/valenciasjb.salesianos.edu\/colegio\/el-mes-de-enero-los-pequenos-del-cole-preparan-la-gran-fiesta-de-don-bosco\/\" \/>\n<meta property=\"og:site_name\" content=\"Colegio San Juan Bosco Valencia\" \/>\n<meta property=\"article:publisher\" content=\"https:\/\/www.facebook.com\/ColegioSalesianoSanJuanBoscoValencia\" \/>\n<meta property=\"article:published_time\" content=\"2020-01-30T22:53:21+00:00\" \/>\n<meta property=\"article:modified_time\" content=\"2020-01-30T22:53:25+00:00\" \/>\n<meta property=\"og:image\" content=\"https:\/\/valenciasjb.salesianos.edu\/colegio\/wp-content\/uploads\/sites\/2\/2020\/01\/Foto-de-Lourdes-Mulio-3.jpg\" \/>\n\t<meta property=\"og:image:width\" content=\"1600\" \/>\n\t<meta property=\"og:image:height\" content=\"1200\" \/>\n\t<meta property=\"og:image:type\" content=\"image\/jpeg\" \/>\n<meta name=\"author\" content=\"veronicapastor\" \/>\n<meta name=\"twitter:card\" content=\"summary_large_image\" \/>\n<meta name=\"twitter:creator\" content=\"@SalesianosVSJB\" \/>\n<meta name=\"twitter:site\" content=\"@SalesianosVSJB\" \/>\n<meta name=\"twitter:label1\" content=\"Escrito por\" \/>\n\t<meta name=\"twitter:data1\" content=\"veronicapastor\" \/>\n\t<meta name=\"twitter:label2\" content=\"Tiempo de lectura\" \/>\n\t<meta name=\"twitter:data2\" content=\"4 minutos\" \/>\n<script type=\"application\/ld+json\" class=\"yoast-schema-graph\">{\"@context\":\"https:\\\/\\\/schema.org\",\"@graph\":[{\"@type\":\"Article\",\"@id\":\"https:\\\/\\\/valenciasjb.salesianos.edu\\\/colegio\\\/el-mes-de-enero-los-pequenos-del-cole-preparan-la-gran-fiesta-de-don-bosco\\\/#article\",\"isPartOf\":{\"@id\":\"https:\\\/\\\/valenciasjb.salesianos.edu\\\/colegio\\\/el-mes-de-enero-los-pequenos-del-cole-preparan-la-gran-fiesta-de-don-bosco\\\/\"},\"author\":{\"name\":\"veronicapastor\",\"@id\":\"https:\\\/\\\/valenciasjb.salesianos.edu\\\/colegio\\\/#\\\/schema\\\/person\\\/1f45b67e52b27da175190a574db6bed9\"},\"headline\":\"El mes de enero los peque\u00f1os del cole preparan la gran fiesta de Don Bosco\",\"datePublished\":\"2020-01-30T22:53:21+00:00\",\"dateModified\":\"2020-01-30T22:53:25+00:00\",\"mainEntityOfPage\":{\"@id\":\"https:\\\/\\\/valenciasjb.salesianos.edu\\\/colegio\\\/el-mes-de-enero-los-pequenos-del-cole-preparan-la-gran-fiesta-de-don-bosco\\\/\"},\"wordCount\":810,\"image\":{\"@id\":\"https:\\\/\\\/valenciasjb.salesianos.edu\\\/colegio\\\/el-mes-de-enero-los-pequenos-del-cole-preparan-la-gran-fiesta-de-don-bosco\\\/#primaryimage\"},\"thumbnailUrl\":\"https:\\\/\\\/valenciasjb.salesianos.edu\\\/colegio\\\/wp-content\\\/uploads\\\/sites\\\/2\\\/2020\\\/01\\\/Foto-de-Lourdes-Mulio-3.jpg\",\"articleSection\":[\"Noticia Colegio\"],\"inLanguage\":\"es\"},{\"@type\":\"WebPage\",\"@id\":\"https:\\\/\\\/valenciasjb.salesianos.edu\\\/colegio\\\/el-mes-de-enero-los-pequenos-del-cole-preparan-la-gran-fiesta-de-don-bosco\\\/\",\"url\":\"https:\\\/\\\/valenciasjb.salesianos.edu\\\/colegio\\\/el-mes-de-enero-los-pequenos-del-cole-preparan-la-gran-fiesta-de-don-bosco\\\/\",\"name\":\"El mes de enero los peque\u00f1os del cole preparan la gran fiesta de Don Bosco - Colegio San Juan Bosco Valencia\",\"isPartOf\":{\"@id\":\"https:\\\/\\\/valenciasjb.salesianos.edu\\\/colegio\\\/#website\"},\"primaryImageOfPage\":{\"@id\":\"https:\\\/\\\/valenciasjb.salesianos.edu\\\/colegio\\\/el-mes-de-enero-los-pequenos-del-cole-preparan-la-gran-fiesta-de-don-bosco\\\/#primaryimage\"},\"image\":{\"@id\":\"https:\\\/\\\/valenciasjb.salesianos.edu\\\/colegio\\\/el-mes-de-enero-los-pequenos-del-cole-preparan-la-gran-fiesta-de-don-bosco\\\/#primaryimage\"},\"thumbnailUrl\":\"https:\\\/\\\/valenciasjb.salesianos.edu\\\/colegio\\\/wp-content\\\/uploads\\\/sites\\\/2\\\/2020\\\/01\\\/Foto-de-Lourdes-Mulio-3.jpg\",\"datePublished\":\"2020-01-30T22:53:21+00:00\",\"dateModified\":\"2020-01-30T22:53:25+00:00\",\"author\":{\"@id\":\"https:\\\/\\\/valenciasjb.salesianos.edu\\\/colegio\\\/#\\\/schema\\\/person\\\/1f45b67e52b27da175190a574db6bed9\"},\"breadcrumb\":{\"@id\":\"https:\\\/\\\/valenciasjb.salesianos.edu\\\/colegio\\\/el-mes-de-enero-los-pequenos-del-cole-preparan-la-gran-fiesta-de-don-bosco\\\/#breadcrumb\"},\"inLanguage\":\"es\",\"potentialAction\":[{\"@type\":\"ReadAction\",\"target\":[\"https:\\\/\\\/valenciasjb.salesianos.edu\\\/colegio\\\/el-mes-de-enero-los-pequenos-del-cole-preparan-la-gran-fiesta-de-don-bosco\\\/\"]}]},{\"@type\":\"ImageObject\",\"inLanguage\":\"es\",\"@id\":\"https:\\\/\\\/valenciasjb.salesianos.edu\\\/colegio\\\/el-mes-de-enero-los-pequenos-del-cole-preparan-la-gran-fiesta-de-don-bosco\\\/#primaryimage\",\"url\":\"https:\\\/\\\/valenciasjb.salesianos.edu\\\/colegio\\\/wp-content\\\/uploads\\\/sites\\\/2\\\/2020\\\/01\\\/Foto-de-Lourdes-Mulio-3.jpg\",\"contentUrl\":\"https:\\\/\\\/valenciasjb.salesianos.edu\\\/colegio\\\/wp-content\\\/uploads\\\/sites\\\/2\\\/2020\\\/01\\\/Foto-de-Lourdes-Mulio-3.jpg\",\"width\":1600,\"height\":1200},{\"@type\":\"BreadcrumbList\",\"@id\":\"https:\\\/\\\/valenciasjb.salesianos.edu\\\/colegio\\\/el-mes-de-enero-los-pequenos-del-cole-preparan-la-gran-fiesta-de-don-bosco\\\/#breadcrumb\",\"itemListElement\":[{\"@type\":\"ListItem\",\"position\":1,\"name\":\"Portada\",\"item\":\"https:\\\/\\\/valenciasjb.salesianos.edu\\\/colegio\\\/\"},{\"@type\":\"ListItem\",\"position\":2,\"name\":\"El mes de enero los peque\u00f1os del cole preparan la gran fiesta de Don Bosco\"}]},{\"@type\":\"WebSite\",\"@id\":\"https:\\\/\\\/valenciasjb.salesianos.edu\\\/colegio\\\/#website\",\"url\":\"https:\\\/\\\/valenciasjb.salesianos.edu\\\/colegio\\\/\",\"name\":\"Colegio San Juan Bosco Valencia\",\"description\":\"P\u00e1gina oficial del Colegio Salesianos San Juan Bosco Valencia\",\"alternateName\":\"Salesianos.VSJB\",\"potentialAction\":[{\"@type\":\"SearchAction\",\"target\":{\"@type\":\"EntryPoint\",\"urlTemplate\":\"https:\\\/\\\/valenciasjb.salesianos.edu\\\/colegio\\\/?s={search_term_string}\"},\"query-input\":{\"@type\":\"PropertyValueSpecification\",\"valueRequired\":true,\"valueName\":\"search_term_string\"}}],\"inLanguage\":\"es\"},{\"@type\":\"Person\",\"@id\":\"https:\\\/\\\/valenciasjb.salesianos.edu\\\/colegio\\\/#\\\/schema\\\/person\\\/1f45b67e52b27da175190a574db6bed9\",\"name\":\"veronicapastor\",\"image\":{\"@type\":\"ImageObject\",\"inLanguage\":\"es\",\"@id\":\"https:\\\/\\\/secure.gravatar.com\\\/avatar\\\/e29bd40bace3fd935e1d6fdb7313ffc14628cc037c5e16f4c7369b20a2a6f7f0?s=96&d=mm&r=g\",\"url\":\"https:\\\/\\\/secure.gravatar.com\\\/avatar\\\/e29bd40bace3fd935e1d6fdb7313ffc14628cc037c5e16f4c7369b20a2a6f7f0?s=96&d=mm&r=g\",\"contentUrl\":\"https:\\\/\\\/secure.gravatar.com\\\/avatar\\\/e29bd40bace3fd935e1d6fdb7313ffc14628cc037c5e16f4c7369b20a2a6f7f0?s=96&d=mm&r=g\",\"caption\":\"veronicapastor\"}}]}<\/script>\n<!-- \/ Yoast SEO plugin. -->","yoast_head_json":{"title":"El mes de enero los peque\u00f1os del cole preparan la gran fiesta de Don Bosco - Colegio San Juan Bosco Valencia","robots":{"index":"index","follow":"follow","max-snippet":"max-snippet:-1","max-image-preview":"max-image-preview:large","max-video-preview":"max-video-preview:-1"},"canonical":"https:\/\/valenciasjb.salesianos.edu\/colegio\/el-mes-de-enero-los-pequenos-del-cole-preparan-la-gran-fiesta-de-don-bosco\/","og_locale":"es_ES","og_type":"article","og_title":"El mes de enero los peque\u00f1os del cole preparan la gran fiesta de Don Bosco - Colegio San Juan Bosco Valencia","og_description":"Un a\u00f1o m\u00e1s, los peque\u00f1os del cole han realizado, a lo largo de todo el mes, diferentes actividades para celebrar el gran d\u00eda del colegio: \u201cDon Bosco\u201d. \u00a0 Lourdes Muli\u00f3. Profesora Ed. Infantil. \u200bTodos los d\u00edas los peques entran y salen del cole s\u00faper contentos amenizados por la megafon\u00eda del pabell\u00f3n de infantil con canciones [&hellip;]","og_url":"https:\/\/valenciasjb.salesianos.edu\/colegio\/el-mes-de-enero-los-pequenos-del-cole-preparan-la-gran-fiesta-de-don-bosco\/","og_site_name":"Colegio San Juan Bosco Valencia","article_publisher":"https:\/\/www.facebook.com\/ColegioSalesianoSanJuanBoscoValencia","article_published_time":"2020-01-30T22:53:21+00:00","article_modified_time":"2020-01-30T22:53:25+00:00","og_image":[{"width":1600,"height":1200,"url":"https:\/\/valenciasjb.salesianos.edu\/colegio\/wp-content\/uploads\/sites\/2\/2020\/01\/Foto-de-Lourdes-Mulio-3.jpg","type":"image\/jpeg"}],"author":"veronicapastor","twitter_card":"summary_large_image","twitter_creator":"@SalesianosVSJB","twitter_site":"@SalesianosVSJB","twitter_misc":{"Escrito por":"veronicapastor","Tiempo de lectura":"4 minutos"},"schema":{"@context":"https:\/\/schema.org","@graph":[{"@type":"Article","@id":"https:\/\/valenciasjb.salesianos.edu\/colegio\/el-mes-de-enero-los-pequenos-del-cole-preparan-la-gran-fiesta-de-don-bosco\/#article","isPartOf":{"@id":"https:\/\/valenciasjb.salesianos.edu\/colegio\/el-mes-de-enero-los-pequenos-del-cole-preparan-la-gran-fiesta-de-don-bosco\/"},"author":{"name":"veronicapastor","@id":"https:\/\/valenciasjb.salesianos.edu\/colegio\/#\/schema\/person\/1f45b67e52b27da175190a574db6bed9"},"headline":"El mes de enero los peque\u00f1os del cole preparan la gran fiesta de Don Bosco","datePublished":"2020-01-30T22:53:21+00:00","dateModified":"2020-01-30T22:53:25+00:00","mainEntityOfPage":{"@id":"https:\/\/valenciasjb.salesianos.edu\/colegio\/el-mes-de-enero-los-pequenos-del-cole-preparan-la-gran-fiesta-de-don-bosco\/"},"wordCount":810,"image":{"@id":"https:\/\/valenciasjb.salesianos.edu\/colegio\/el-mes-de-enero-los-pequenos-del-cole-preparan-la-gran-fiesta-de-don-bosco\/#primaryimage"},"thumbnailUrl":"https:\/\/valenciasjb.salesianos.edu\/colegio\/wp-content\/uploads\/sites\/2\/2020\/01\/Foto-de-Lourdes-Mulio-3.jpg","articleSection":["Noticia Colegio"],"inLanguage":"es"},{"@type":"WebPage","@id":"https:\/\/valenciasjb.salesianos.edu\/colegio\/el-mes-de-enero-los-pequenos-del-cole-preparan-la-gran-fiesta-de-don-bosco\/","url":"https:\/\/valenciasjb.salesianos.edu\/colegio\/el-mes-de-enero-los-pequenos-del-cole-preparan-la-gran-fiesta-de-don-bosco\/","name":"El mes de enero los peque\u00f1os del cole preparan la gran fiesta de Don Bosco - Colegio San Juan Bosco Valencia","isPartOf":{"@id":"https:\/\/valenciasjb.salesianos.edu\/colegio\/#website"},"primaryImageOfPage":{"@id":"https:\/\/valenciasjb.salesianos.edu\/colegio\/el-mes-de-enero-los-pequenos-del-cole-preparan-la-gran-fiesta-de-don-bosco\/#primaryimage"},"image":{"@id":"https:\/\/valenciasjb.salesianos.edu\/colegio\/el-mes-de-enero-los-pequenos-del-cole-preparan-la-gran-fiesta-de-don-bosco\/#primaryimage"},"thumbnailUrl":"https:\/\/valenciasjb.salesianos.edu\/colegio\/wp-content\/uploads\/sites\/2\/2020\/01\/Foto-de-Lourdes-Mulio-3.jpg","datePublished":"2020-01-30T22:53:21+00:00","dateModified":"2020-01-30T22:53:25+00:00","author":{"@id":"https:\/\/valenciasjb.salesianos.edu\/colegio\/#\/schema\/person\/1f45b67e52b27da175190a574db6bed9"},"breadcrumb":{"@id":"https:\/\/valenciasjb.salesianos.edu\/colegio\/el-mes-de-enero-los-pequenos-del-cole-preparan-la-gran-fiesta-de-don-bosco\/#breadcrumb"},"inLanguage":"es","potentialAction":[{"@type":"ReadAction","target":["https:\/\/valenciasjb.salesianos.edu\/colegio\/el-mes-de-enero-los-pequenos-del-cole-preparan-la-gran-fiesta-de-don-bosco\/"]}]},{"@type":"ImageObject","inLanguage":"es","@id":"https:\/\/valenciasjb.salesianos.edu\/colegio\/el-mes-de-enero-los-pequenos-del-cole-preparan-la-gran-fiesta-de-don-bosco\/#primaryimage","url":"https:\/\/valenciasjb.salesianos.edu\/colegio\/wp-content\/uploads\/sites\/2\/2020\/01\/Foto-de-Lourdes-Mulio-3.jpg","contentUrl":"https:\/\/valenciasjb.salesianos.edu\/colegio\/wp-content\/uploads\/sites\/2\/2020\/01\/Foto-de-Lourdes-Mulio-3.jpg","width":1600,"height":1200},{"@type":"BreadcrumbList","@id":"https:\/\/valenciasjb.salesianos.edu\/colegio\/el-mes-de-enero-los-pequenos-del-cole-preparan-la-gran-fiesta-de-don-bosco\/#breadcrumb","itemListElement":[{"@type":"ListItem","position":1,"name":"Portada","item":"https:\/\/valenciasjb.salesianos.edu\/colegio\/"},{"@type":"ListItem","position":2,"name":"El mes de enero los peque\u00f1os del cole preparan la gran fiesta de Don Bosco"}]},{"@type":"WebSite","@id":"https:\/\/valenciasjb.salesianos.edu\/colegio\/#website","url":"https:\/\/valenciasjb.salesianos.edu\/colegio\/","name":"Colegio San Juan Bosco Valencia","description":"P\u00e1gina oficial del Colegio Salesianos San Juan Bosco Valencia","alternateName":"Salesianos.VSJB","potentialAction":[{"@type":"SearchAction","target":{"@type":"EntryPoint","urlTemplate":"https:\/\/valenciasjb.salesianos.edu\/colegio\/?s={search_term_string}"},"query-input":{"@type":"PropertyValueSpecification","valueRequired":true,"valueName":"search_term_string"}}],"inLanguage":"es"},{"@type":"Person","@id":"https:\/\/valenciasjb.salesianos.edu\/colegio\/#\/schema\/person\/1f45b67e52b27da175190a574db6bed9","name":"veronicapastor","image":{"@type":"ImageObject","inLanguage":"es","@id":"https:\/\/secure.gravatar.com\/avatar\/e29bd40bace3fd935e1d6fdb7313ffc14628cc037c5e16f4c7369b20a2a6f7f0?s=96&d=mm&r=g","url":"https:\/\/secure.gravatar.com\/avatar\/e29bd40bace3fd935e1d6fdb7313ffc14628cc037c5e16f4c7369b20a2a6f7f0?s=96&d=mm&r=g","contentUrl":"https:\/\/secure.gravatar.com\/avatar\/e29bd40bace3fd935e1d6fdb7313ffc14628cc037c5e16f4c7369b20a2a6f7f0?s=96&d=mm&r=g","caption":"veronicapastor"}}]}},"_links":{"self":[{"href":"https:\/\/valenciasjb.salesianos.edu\/colegio\/wp-json\/wp\/v2\/posts\/12053","targetHints":{"allow":["GET"]}}],"collection":[{"href":"https:\/\/valenciasjb.salesianos.edu\/colegio\/wp-json\/wp\/v2\/posts"}],"about":[{"href":"https:\/\/valenciasjb.salesianos.edu\/colegio\/wp-json\/wp\/v2\/types\/post"}],"author":[{"embeddable":true,"href":"https:\/\/valenciasjb.salesianos.edu\/colegio\/wp-json\/wp\/v2\/users\/6"}],"replies":[{"embeddable":true,"href":"https:\/\/valenciasjb.salesianos.edu\/colegio\/wp-json\/wp\/v2\/comments?post=12053"}],"version-history":[{"count":4,"href":"https:\/\/valenciasjb.salesianos.edu\/colegio\/wp-json\/wp\/v2\/posts\/12053\/revisions"}],"predecessor-version":[{"id":12062,"href":"https:\/\/valenciasjb.salesianos.edu\/colegio\/wp-json\/wp\/v2\/posts\/12053\/revisions\/12062"}],"wp:featuredmedia":[{"embeddable":true,"href":"https:\/\/valenciasjb.salesianos.edu\/colegio\/wp-json\/wp\/v2\/media\/12057"}],"wp:attachment":[{"href":"https:\/\/valenciasjb.salesianos.edu\/colegio\/wp-json\/wp\/v2\/media?parent=12053"}],"wp:term":[{"taxonomy":"category","embeddable":true,"href":"https:\/\/valenciasjb.salesianos.edu\/colegio\/wp-json\/wp\/v2\/categories?post=12053"},{"taxonomy":"post_tag","embeddable":true,"href":"https:\/\/valenciasjb.salesianos.edu\/colegio\/wp-json\/wp\/v2\/tags?post=12053"}],"curies":[{"name":"wp","href":"https:\/\/api.w.org\/{rel}","templated":true}]}}