{"id":12063,"date":"2020-01-31T12:58:31","date_gmt":"2020-01-31T11:58:31","guid":{"rendered":"https:\/\/valenciasjb.salesianos.edu\/colegio\/?p=12063"},"modified":"2020-01-31T12:58:36","modified_gmt":"2020-01-31T11:58:36","slug":"en-la-fiesta-colegial-en-honor-a-san-juan-bosco-sonamos-juntos-somo-uno","status":"publish","type":"post","link":"https:\/\/valenciasjb.salesianos.edu\/colegio\/en-la-fiesta-colegial-en-honor-a-san-juan-bosco-sonamos-juntos-somo-uno\/","title":{"rendered":"En la fiesta colegial en honor a San Juan Bosco so\u00f1amos juntos, somo uno"},"content":{"rendered":"<div id=\"fb-root\"><\/div>\n<p>[et_pb_section fb_built=\u00bb1&#8243; admin_label=\u00bbsection\u00bb _builder_version=\u00bb3.22&#8243;][et_pb_row admin_label=\u00bbrow\u00bb _builder_version=\u00bb3.25&#8243; background_size=\u00bbinitial\u00bb background_position=\u00bbtop_left\u00bb background_repeat=\u00bbrepeat\u00bb][et_pb_column type=\u00bb4_4&#8243; _builder_version=\u00bb3.25&#8243; custom_padding=\u00bb|||\u00bb custom_padding__hover=\u00bb|||\u00bb][et_pb_text admin_label=\u00bbEntradilla (Texto)\u00bb _builder_version=\u00bb4.0.9&#8243; text_font=\u00bb|on|||\u00bb text_orientation=\u00bbjustified\u00bb module_alignment=\u00bbjustified\u00bb hover_enabled=\u00bb0&#8243;]<\/p>\n<div id=\"resumen\"><strong><b>El colegio ha celebrado la fiesta grande en honor a San Juan Bosco en la ma\u00f1ana del viernes 31 de enero. La jornada ha comenzado con un sentido acto en el que todos los alumnos y alumnas del colegio, profesorado, PAS, familias y, en definitiva, toda la comunidad educativa, se ha reunido para un Buenos D\u00edas en honor al santo de los j\u00f3venes, con un original gesto consistente en un p\u00f3ster gigante de Don Bosco elaborado a modo de puzzle, donde cada tutor\u00eda desde Infantil a Bachillerato ha elaborado una parte.<\/b><\/strong><\/div>\n<div>\u00a0<\/div>\n<p>[\/et_pb_text][et_pb_text admin_label=\u00bbAutor (Texto)\u00bb _builder_version=\u00bb3.27.4&#8243; text_font=\u00bb||on||\u00bb]Redacci\u00f3n<br \/>\n[\/et_pb_text][et_pb_text admin_label=\u00bbDesarrollo (Texto)\u00bb _builder_version=\u00bb4.0.9&#8243; text_orientation=\u00bbjustified\u00bb module_alignment=\u00bbjustified\u00bb hover_enabled=\u00bb0&#8243;]<\/p>\n<p>El acto ha estado dirigido por Rafa Gomar, con las intervenciones del director del colegio, Juan Peris, al principio del acto, y de nuestro p\u00e1rroco, Pasqual Lluch, al final del mismo, en representaci\u00f3n del director de la casa y la comunidad salesiana.\u00a0<\/p>\n<p>Adem\u00e1s, del original gesto del puzzle en el que han participado representantes de todas las tutor\u00edas en nombre de todos sus compa\u00f1eros y compa\u00f1eras, el alumnado de 2\u00ba de Bachillerato ha ofrecido a Don Bosco un ramo de flores como despedida, ya que se trata de la \u00faltima celebraci\u00f3n de San Juan Bosco que realicen en el colegio como alumnos.<\/p>\n<p>Concluida la celebraci\u00f3n, el alumnado se ha dividido por etapas para disfrutar de las actividades que hab\u00eda preparadas para ellos. En Infantil por la ma\u00f1ana han contado con actividades de tipo l\u00fadico, organizadas por alumnado de Bachillerato. Mientras los de Primaria han acudido al teatro para realizar el original \u00abFestival de los sue\u00f1os\u00bb. Por la tarde los peque\u00f1os de Infantil habr\u00e1 en el teatro de una sesi\u00f3n de Cantajuegos, organizada por sus propias se\u00f1os con la colaboraci\u00f3n de los \u00c1ngeles de Don Bosco; mientras que en Primaria se repetir\u00e1 la ya tradicional gynkana de Don Bosco en 1\u00ba y 2\u00ba, y los m\u00e1s mayores de 3\u00ba a 6\u00ba los campeonatos deportivos. En Secundaria, se han realizado diferentes talleres en los que ha habido momentos para compartir y convivir en un ambiente de alegr\u00eda. Por su parte, Bachillerato ha realizado su tradicional barbacoa.<\/p>\n<p>En definitiva, un d\u00eda entra\u00f1able en el que todos hemos recordado de una manera especial a Don Bosco y, como \u00e9l habr\u00eda querido, hemos vivido en un ambiente de familia y alegr\u00eda.<\/p>\n<p>[\/et_pb_text][et_pb_text disabled_on=\u00bboff|on|on\u00bb admin_label=\u00bbT\u00edtulo: Galer\u00eda de fotos (Texto)\u00bb _builder_version=\u00bb3.27.4&#8243; text_font=\u00bb|on|||\u00bb text_text_color=\u00bb#dc001b\u00bb border_style=\u00bbsolid\u00bb]Galer\u00eda de im\u00e1genes<br \/>\n[\/et_pb_text][et_pb_gallery gallery_ids=\u00bb12066,12067,12068,12069,12070,12071,12072&#8243; posts_number=\u00bb8&#8243; show_title_and_caption=\u00bboff\u00bb zoom_icon_color=\u00bb#dc001b\u00bb hover_icon=\u00bb%%51%%\u00bb disabled_on=\u00bboff|off|off\u00bb _builder_version=\u00bb4.0.9&#8243; hover_enabled=\u00bb0&#8243; pagination_font_size_tablet=\u00bb51&#8243; pagination_line_height_tablet=\u00bb2&#8243;][\/et_pb_gallery][et_pb_video disabled_on=\u00bbon|on|on\u00bb _builder_version=\u00bb3.0.51&#8243; disabled=\u00bbon\u00bb][\/et_pb_video][\/et_pb_column][\/et_pb_row][\/et_pb_section]<\/p>\n<!-- AddThis Advanced Settings generic via filter on the_content --><!-- AddThis Share Buttons generic via filter on the_content -->","protected":false},"excerpt":{"rendered":"<p>El colegio ha celebrado la fiesta grande en honor a San Juan Bosco en la ma\u00f1ana del viernes 31 de enero. La jornada ha comenzado con un sentido acto en el que todos los alumnos y alumnas del colegio, profesorado, PAS, familias y, en definitiva, toda la comunidad educativa, se ha reunido para un Buenos [&hellip;]<\/p>\n<p><!-- AddThis Advanced Settings generic via filter on get_the_excerpt --><!-- AddThis Share Buttons generic via filter on get_the_excerpt --><\/p>\n","protected":false},"author":6,"featured_media":12069,"comment_status":"closed","ping_status":"open","sticky":false,"template":"","format":"standard","meta":{"_et_pb_use_builder":"on","_et_pb_old_content":"","_et_gb_content_width":"","footnotes":""},"categories":[14],"tags":[],"class_list":["post-12063","post","type-post","status-publish","format-standard","has-post-thumbnail","hentry","category-noticia_colegio"],"yoast_head":"<!-- This site is optimized with the Yoast SEO plugin v28.4 - https:\/\/yoast.com\/product\/yoast-seo-wordpress\/ -->\n<title>En la fiesta colegial en honor a San Juan Bosco so\u00f1amos juntos, somo uno - Colegio San Juan Bosco Valencia<\/title>\n<meta name=\"robots\" content=\"index, follow, max-snippet:-1, max-image-preview:large, max-video-preview:-1\" \/>\n<link rel=\"canonical\" href=\"https:\/\/valenciasjb.salesianos.edu\/colegio\/en-la-fiesta-colegial-en-honor-a-san-juan-bosco-sonamos-juntos-somo-uno\/\" \/>\n<meta property=\"og:locale\" content=\"es_ES\" \/>\n<meta property=\"og:type\" content=\"article\" \/>\n<meta property=\"og:title\" content=\"En la fiesta colegial en honor a San Juan Bosco so\u00f1amos juntos, somo uno - Colegio San Juan Bosco Valencia\" \/>\n<meta property=\"og:description\" content=\"El colegio ha celebrado la fiesta grande en honor a San Juan Bosco en la ma\u00f1ana del viernes 31 de enero. La jornada ha comenzado con un sentido acto en el que todos los alumnos y alumnas del colegio, profesorado, PAS, familias y, en definitiva, toda la comunidad educativa, se ha reunido para un Buenos [&hellip;]\" \/>\n<meta property=\"og:url\" content=\"https:\/\/valenciasjb.salesianos.edu\/colegio\/en-la-fiesta-colegial-en-honor-a-san-juan-bosco-sonamos-juntos-somo-uno\/\" \/>\n<meta property=\"og:site_name\" content=\"Colegio San Juan Bosco Valencia\" \/>\n<meta property=\"article:publisher\" content=\"https:\/\/www.facebook.com\/ColegioSalesianoSanJuanBoscoValencia\" \/>\n<meta property=\"article:published_time\" content=\"2020-01-31T11:58:31+00:00\" \/>\n<meta property=\"article:modified_time\" content=\"2020-01-31T11:58:36+00:00\" \/>\n<meta property=\"og:image\" content=\"https:\/\/valenciasjb.salesianos.edu\/colegio\/wp-content\/uploads\/sites\/2\/2020\/01\/DSC_4316.jpg\" \/>\n\t<meta property=\"og:image:width\" content=\"512\" \/>\n\t<meta property=\"og:image:height\" content=\"287\" \/>\n\t<meta property=\"og:image:type\" content=\"image\/jpeg\" \/>\n<meta name=\"author\" content=\"veronicapastor\" \/>\n<meta name=\"twitter:card\" content=\"summary_large_image\" \/>\n<meta name=\"twitter:creator\" content=\"@SalesianosVSJB\" \/>\n<meta name=\"twitter:site\" content=\"@SalesianosVSJB\" \/>\n<meta name=\"twitter:label1\" content=\"Escrito por\" \/>\n\t<meta name=\"twitter:data1\" content=\"veronicapastor\" \/>\n\t<meta name=\"twitter:label2\" content=\"Tiempo de lectura\" \/>\n\t<meta name=\"twitter:data2\" content=\"3 minutos\" \/>\n<script type=\"application\/ld+json\" class=\"yoast-schema-graph\">{\"@context\":\"https:\\\/\\\/schema.org\",\"@graph\":[{\"@type\":\"Article\",\"@id\":\"https:\\\/\\\/valenciasjb.salesianos.edu\\\/colegio\\\/en-la-fiesta-colegial-en-honor-a-san-juan-bosco-sonamos-juntos-somo-uno\\\/#article\",\"isPartOf\":{\"@id\":\"https:\\\/\\\/valenciasjb.salesianos.edu\\\/colegio\\\/en-la-fiesta-colegial-en-honor-a-san-juan-bosco-sonamos-juntos-somo-uno\\\/\"},\"author\":{\"name\":\"veronicapastor\",\"@id\":\"https:\\\/\\\/valenciasjb.salesianos.edu\\\/colegio\\\/#\\\/schema\\\/person\\\/1f45b67e52b27da175190a574db6bed9\"},\"headline\":\"En la fiesta colegial en honor a San Juan Bosco so\u00f1amos juntos, somo uno\",\"datePublished\":\"2020-01-31T11:58:31+00:00\",\"dateModified\":\"2020-01-31T11:58:36+00:00\",\"mainEntityOfPage\":{\"@id\":\"https:\\\/\\\/valenciasjb.salesianos.edu\\\/colegio\\\/en-la-fiesta-colegial-en-honor-a-san-juan-bosco-sonamos-juntos-somo-uno\\\/\"},\"wordCount\":603,\"image\":{\"@id\":\"https:\\\/\\\/valenciasjb.salesianos.edu\\\/colegio\\\/en-la-fiesta-colegial-en-honor-a-san-juan-bosco-sonamos-juntos-somo-uno\\\/#primaryimage\"},\"thumbnailUrl\":\"https:\\\/\\\/valenciasjb.salesianos.edu\\\/colegio\\\/wp-content\\\/uploads\\\/sites\\\/2\\\/2020\\\/01\\\/DSC_4316.jpg\",\"articleSection\":[\"Noticia Colegio\"],\"inLanguage\":\"es\"},{\"@type\":\"WebPage\",\"@id\":\"https:\\\/\\\/valenciasjb.salesianos.edu\\\/colegio\\\/en-la-fiesta-colegial-en-honor-a-san-juan-bosco-sonamos-juntos-somo-uno\\\/\",\"url\":\"https:\\\/\\\/valenciasjb.salesianos.edu\\\/colegio\\\/en-la-fiesta-colegial-en-honor-a-san-juan-bosco-sonamos-juntos-somo-uno\\\/\",\"name\":\"En la fiesta colegial en honor a San Juan Bosco so\u00f1amos juntos, somo uno - Colegio San Juan Bosco Valencia\",\"isPartOf\":{\"@id\":\"https:\\\/\\\/valenciasjb.salesianos.edu\\\/colegio\\\/#website\"},\"primaryImageOfPage\":{\"@id\":\"https:\\\/\\\/valenciasjb.salesianos.edu\\\/colegio\\\/en-la-fiesta-colegial-en-honor-a-san-juan-bosco-sonamos-juntos-somo-uno\\\/#primaryimage\"},\"image\":{\"@id\":\"https:\\\/\\\/valenciasjb.salesianos.edu\\\/colegio\\\/en-la-fiesta-colegial-en-honor-a-san-juan-bosco-sonamos-juntos-somo-uno\\\/#primaryimage\"},\"thumbnailUrl\":\"https:\\\/\\\/valenciasjb.salesianos.edu\\\/colegio\\\/wp-content\\\/uploads\\\/sites\\\/2\\\/2020\\\/01\\\/DSC_4316.jpg\",\"datePublished\":\"2020-01-31T11:58:31+00:00\",\"dateModified\":\"2020-01-31T11:58:36+00:00\",\"author\":{\"@id\":\"https:\\\/\\\/valenciasjb.salesianos.edu\\\/colegio\\\/#\\\/schema\\\/person\\\/1f45b67e52b27da175190a574db6bed9\"},\"breadcrumb\":{\"@id\":\"https:\\\/\\\/valenciasjb.salesianos.edu\\\/colegio\\\/en-la-fiesta-colegial-en-honor-a-san-juan-bosco-sonamos-juntos-somo-uno\\\/#breadcrumb\"},\"inLanguage\":\"es\",\"potentialAction\":[{\"@type\":\"ReadAction\",\"target\":[\"https:\\\/\\\/valenciasjb.salesianos.edu\\\/colegio\\\/en-la-fiesta-colegial-en-honor-a-san-juan-bosco-sonamos-juntos-somo-uno\\\/\"]}]},{\"@type\":\"ImageObject\",\"inLanguage\":\"es\",\"@id\":\"https:\\\/\\\/valenciasjb.salesianos.edu\\\/colegio\\\/en-la-fiesta-colegial-en-honor-a-san-juan-bosco-sonamos-juntos-somo-uno\\\/#primaryimage\",\"url\":\"https:\\\/\\\/valenciasjb.salesianos.edu\\\/colegio\\\/wp-content\\\/uploads\\\/sites\\\/2\\\/2020\\\/01\\\/DSC_4316.jpg\",\"contentUrl\":\"https:\\\/\\\/valenciasjb.salesianos.edu\\\/colegio\\\/wp-content\\\/uploads\\\/sites\\\/2\\\/2020\\\/01\\\/DSC_4316.jpg\",\"width\":512,\"height\":287},{\"@type\":\"BreadcrumbList\",\"@id\":\"https:\\\/\\\/valenciasjb.salesianos.edu\\\/colegio\\\/en-la-fiesta-colegial-en-honor-a-san-juan-bosco-sonamos-juntos-somo-uno\\\/#breadcrumb\",\"itemListElement\":[{\"@type\":\"ListItem\",\"position\":1,\"name\":\"Portada\",\"item\":\"https:\\\/\\\/valenciasjb.salesianos.edu\\\/colegio\\\/\"},{\"@type\":\"ListItem\",\"position\":2,\"name\":\"En la fiesta colegial en honor a San Juan Bosco so\u00f1amos juntos, somo uno\"}]},{\"@type\":\"WebSite\",\"@id\":\"https:\\\/\\\/valenciasjb.salesianos.edu\\\/colegio\\\/#website\",\"url\":\"https:\\\/\\\/valenciasjb.salesianos.edu\\\/colegio\\\/\",\"name\":\"Colegio San Juan Bosco Valencia\",\"description\":\"P\u00e1gina oficial del Colegio Salesianos San Juan Bosco Valencia\",\"alternateName\":\"Salesianos.VSJB\",\"potentialAction\":[{\"@type\":\"SearchAction\",\"target\":{\"@type\":\"EntryPoint\",\"urlTemplate\":\"https:\\\/\\\/valenciasjb.salesianos.edu\\\/colegio\\\/?s={search_term_string}\"},\"query-input\":{\"@type\":\"PropertyValueSpecification\",\"valueRequired\":true,\"valueName\":\"search_term_string\"}}],\"inLanguage\":\"es\"},{\"@type\":\"Person\",\"@id\":\"https:\\\/\\\/valenciasjb.salesianos.edu\\\/colegio\\\/#\\\/schema\\\/person\\\/1f45b67e52b27da175190a574db6bed9\",\"name\":\"veronicapastor\",\"image\":{\"@type\":\"ImageObject\",\"inLanguage\":\"es\",\"@id\":\"https:\\\/\\\/secure.gravatar.com\\\/avatar\\\/e29bd40bace3fd935e1d6fdb7313ffc14628cc037c5e16f4c7369b20a2a6f7f0?s=96&d=mm&r=g\",\"url\":\"https:\\\/\\\/secure.gravatar.com\\\/avatar\\\/e29bd40bace3fd935e1d6fdb7313ffc14628cc037c5e16f4c7369b20a2a6f7f0?s=96&d=mm&r=g\",\"contentUrl\":\"https:\\\/\\\/secure.gravatar.com\\\/avatar\\\/e29bd40bace3fd935e1d6fdb7313ffc14628cc037c5e16f4c7369b20a2a6f7f0?s=96&d=mm&r=g\",\"caption\":\"veronicapastor\"}}]}<\/script>\n<!-- \/ Yoast SEO plugin. -->","yoast_head_json":{"title":"En la fiesta colegial en honor a San Juan Bosco so\u00f1amos juntos, somo uno - Colegio San Juan Bosco Valencia","robots":{"index":"index","follow":"follow","max-snippet":"max-snippet:-1","max-image-preview":"max-image-preview:large","max-video-preview":"max-video-preview:-1"},"canonical":"https:\/\/valenciasjb.salesianos.edu\/colegio\/en-la-fiesta-colegial-en-honor-a-san-juan-bosco-sonamos-juntos-somo-uno\/","og_locale":"es_ES","og_type":"article","og_title":"En la fiesta colegial en honor a San Juan Bosco so\u00f1amos juntos, somo uno - Colegio San Juan Bosco Valencia","og_description":"El colegio ha celebrado la fiesta grande en honor a San Juan Bosco en la ma\u00f1ana del viernes 31 de enero. La jornada ha comenzado con un sentido acto en el que todos los alumnos y alumnas del colegio, profesorado, PAS, familias y, en definitiva, toda la comunidad educativa, se ha reunido para un Buenos [&hellip;]","og_url":"https:\/\/valenciasjb.salesianos.edu\/colegio\/en-la-fiesta-colegial-en-honor-a-san-juan-bosco-sonamos-juntos-somo-uno\/","og_site_name":"Colegio San Juan Bosco Valencia","article_publisher":"https:\/\/www.facebook.com\/ColegioSalesianoSanJuanBoscoValencia","article_published_time":"2020-01-31T11:58:31+00:00","article_modified_time":"2020-01-31T11:58:36+00:00","og_image":[{"width":512,"height":287,"url":"https:\/\/valenciasjb.salesianos.edu\/colegio\/wp-content\/uploads\/sites\/2\/2020\/01\/DSC_4316.jpg","type":"image\/jpeg"}],"author":"veronicapastor","twitter_card":"summary_large_image","twitter_creator":"@SalesianosVSJB","twitter_site":"@SalesianosVSJB","twitter_misc":{"Escrito por":"veronicapastor","Tiempo de lectura":"3 minutos"},"schema":{"@context":"https:\/\/schema.org","@graph":[{"@type":"Article","@id":"https:\/\/valenciasjb.salesianos.edu\/colegio\/en-la-fiesta-colegial-en-honor-a-san-juan-bosco-sonamos-juntos-somo-uno\/#article","isPartOf":{"@id":"https:\/\/valenciasjb.salesianos.edu\/colegio\/en-la-fiesta-colegial-en-honor-a-san-juan-bosco-sonamos-juntos-somo-uno\/"},"author":{"name":"veronicapastor","@id":"https:\/\/valenciasjb.salesianos.edu\/colegio\/#\/schema\/person\/1f45b67e52b27da175190a574db6bed9"},"headline":"En la fiesta colegial en honor a San Juan Bosco so\u00f1amos juntos, somo uno","datePublished":"2020-01-31T11:58:31+00:00","dateModified":"2020-01-31T11:58:36+00:00","mainEntityOfPage":{"@id":"https:\/\/valenciasjb.salesianos.edu\/colegio\/en-la-fiesta-colegial-en-honor-a-san-juan-bosco-sonamos-juntos-somo-uno\/"},"wordCount":603,"image":{"@id":"https:\/\/valenciasjb.salesianos.edu\/colegio\/en-la-fiesta-colegial-en-honor-a-san-juan-bosco-sonamos-juntos-somo-uno\/#primaryimage"},"thumbnailUrl":"https:\/\/valenciasjb.salesianos.edu\/colegio\/wp-content\/uploads\/sites\/2\/2020\/01\/DSC_4316.jpg","articleSection":["Noticia Colegio"],"inLanguage":"es"},{"@type":"WebPage","@id":"https:\/\/valenciasjb.salesianos.edu\/colegio\/en-la-fiesta-colegial-en-honor-a-san-juan-bosco-sonamos-juntos-somo-uno\/","url":"https:\/\/valenciasjb.salesianos.edu\/colegio\/en-la-fiesta-colegial-en-honor-a-san-juan-bosco-sonamos-juntos-somo-uno\/","name":"En la fiesta colegial en honor a San Juan Bosco so\u00f1amos juntos, somo uno - Colegio San Juan Bosco Valencia","isPartOf":{"@id":"https:\/\/valenciasjb.salesianos.edu\/colegio\/#website"},"primaryImageOfPage":{"@id":"https:\/\/valenciasjb.salesianos.edu\/colegio\/en-la-fiesta-colegial-en-honor-a-san-juan-bosco-sonamos-juntos-somo-uno\/#primaryimage"},"image":{"@id":"https:\/\/valenciasjb.salesianos.edu\/colegio\/en-la-fiesta-colegial-en-honor-a-san-juan-bosco-sonamos-juntos-somo-uno\/#primaryimage"},"thumbnailUrl":"https:\/\/valenciasjb.salesianos.edu\/colegio\/wp-content\/uploads\/sites\/2\/2020\/01\/DSC_4316.jpg","datePublished":"2020-01-31T11:58:31+00:00","dateModified":"2020-01-31T11:58:36+00:00","author":{"@id":"https:\/\/valenciasjb.salesianos.edu\/colegio\/#\/schema\/person\/1f45b67e52b27da175190a574db6bed9"},"breadcrumb":{"@id":"https:\/\/valenciasjb.salesianos.edu\/colegio\/en-la-fiesta-colegial-en-honor-a-san-juan-bosco-sonamos-juntos-somo-uno\/#breadcrumb"},"inLanguage":"es","potentialAction":[{"@type":"ReadAction","target":["https:\/\/valenciasjb.salesianos.edu\/colegio\/en-la-fiesta-colegial-en-honor-a-san-juan-bosco-sonamos-juntos-somo-uno\/"]}]},{"@type":"ImageObject","inLanguage":"es","@id":"https:\/\/valenciasjb.salesianos.edu\/colegio\/en-la-fiesta-colegial-en-honor-a-san-juan-bosco-sonamos-juntos-somo-uno\/#primaryimage","url":"https:\/\/valenciasjb.salesianos.edu\/colegio\/wp-content\/uploads\/sites\/2\/2020\/01\/DSC_4316.jpg","contentUrl":"https:\/\/valenciasjb.salesianos.edu\/colegio\/wp-content\/uploads\/sites\/2\/2020\/01\/DSC_4316.jpg","width":512,"height":287},{"@type":"BreadcrumbList","@id":"https:\/\/valenciasjb.salesianos.edu\/colegio\/en-la-fiesta-colegial-en-honor-a-san-juan-bosco-sonamos-juntos-somo-uno\/#breadcrumb","itemListElement":[{"@type":"ListItem","position":1,"name":"Portada","item":"https:\/\/valenciasjb.salesianos.edu\/colegio\/"},{"@type":"ListItem","position":2,"name":"En la fiesta colegial en honor a San Juan Bosco so\u00f1amos juntos, somo uno"}]},{"@type":"WebSite","@id":"https:\/\/valenciasjb.salesianos.edu\/colegio\/#website","url":"https:\/\/valenciasjb.salesianos.edu\/colegio\/","name":"Colegio San Juan Bosco Valencia","description":"P\u00e1gina oficial del Colegio Salesianos San Juan Bosco Valencia","alternateName":"Salesianos.VSJB","potentialAction":[{"@type":"SearchAction","target":{"@type":"EntryPoint","urlTemplate":"https:\/\/valenciasjb.salesianos.edu\/colegio\/?s={search_term_string}"},"query-input":{"@type":"PropertyValueSpecification","valueRequired":true,"valueName":"search_term_string"}}],"inLanguage":"es"},{"@type":"Person","@id":"https:\/\/valenciasjb.salesianos.edu\/colegio\/#\/schema\/person\/1f45b67e52b27da175190a574db6bed9","name":"veronicapastor","image":{"@type":"ImageObject","inLanguage":"es","@id":"https:\/\/secure.gravatar.com\/avatar\/e29bd40bace3fd935e1d6fdb7313ffc14628cc037c5e16f4c7369b20a2a6f7f0?s=96&d=mm&r=g","url":"https:\/\/secure.gravatar.com\/avatar\/e29bd40bace3fd935e1d6fdb7313ffc14628cc037c5e16f4c7369b20a2a6f7f0?s=96&d=mm&r=g","contentUrl":"https:\/\/secure.gravatar.com\/avatar\/e29bd40bace3fd935e1d6fdb7313ffc14628cc037c5e16f4c7369b20a2a6f7f0?s=96&d=mm&r=g","caption":"veronicapastor"}}]}},"_links":{"self":[{"href":"https:\/\/valenciasjb.salesianos.edu\/colegio\/wp-json\/wp\/v2\/posts\/12063","targetHints":{"allow":["GET"]}}],"collection":[{"href":"https:\/\/valenciasjb.salesianos.edu\/colegio\/wp-json\/wp\/v2\/posts"}],"about":[{"href":"https:\/\/valenciasjb.salesianos.edu\/colegio\/wp-json\/wp\/v2\/types\/post"}],"author":[{"embeddable":true,"href":"https:\/\/valenciasjb.salesianos.edu\/colegio\/wp-json\/wp\/v2\/users\/6"}],"replies":[{"embeddable":true,"href":"https:\/\/valenciasjb.salesianos.edu\/colegio\/wp-json\/wp\/v2\/comments?post=12063"}],"version-history":[{"count":2,"href":"https:\/\/valenciasjb.salesianos.edu\/colegio\/wp-json\/wp\/v2\/posts\/12063\/revisions"}],"predecessor-version":[{"id":12073,"href":"https:\/\/valenciasjb.salesianos.edu\/colegio\/wp-json\/wp\/v2\/posts\/12063\/revisions\/12073"}],"wp:featuredmedia":[{"embeddable":true,"href":"https:\/\/valenciasjb.salesianos.edu\/colegio\/wp-json\/wp\/v2\/media\/12069"}],"wp:attachment":[{"href":"https:\/\/valenciasjb.salesianos.edu\/colegio\/wp-json\/wp\/v2\/media?parent=12063"}],"wp:term":[{"taxonomy":"category","embeddable":true,"href":"https:\/\/valenciasjb.salesianos.edu\/colegio\/wp-json\/wp\/v2\/categories?post=12063"},{"taxonomy":"post_tag","embeddable":true,"href":"https:\/\/valenciasjb.salesianos.edu\/colegio\/wp-json\/wp\/v2\/tags?post=12063"}],"curies":[{"name":"wp","href":"https:\/\/api.w.org\/{rel}","templated":true}]}}