{"id":12080,"date":"2020-02-07T23:50:07","date_gmt":"2020-02-07T22:50:07","guid":{"rendered":"https:\/\/valenciasjb.salesianos.edu\/colegio\/?p=12080"},"modified":"2020-02-07T23:52:18","modified_gmt":"2020-02-07T22:52:18","slug":"conferencia-filosofia-y-ciencia-concierto-o-desconcierto","status":"publish","type":"post","link":"https:\/\/valenciasjb.salesianos.edu\/colegio\/conferencia-filosofia-y-ciencia-concierto-o-desconcierto\/","title":{"rendered":"Confer\u00e8ncia Filosof\u00eda y ciencia: \u00bfconcierto o desconcierto?"},"content":{"rendered":"<div id=\"fb-root\"><\/div>\n<p>[et_pb_section fb_built=\u00bb1&#8243; admin_label=\u00bbsection\u00bb _builder_version=\u00bb3.22&#8243;][et_pb_row admin_label=\u00bbrow\u00bb _builder_version=\u00bb3.25&#8243; background_size=\u00bbinitial\u00bb background_position=\u00bbtop_left\u00bb background_repeat=\u00bbrepeat\u00bb][et_pb_column type=\u00bb4_4&#8243; _builder_version=\u00bb3.25&#8243; custom_padding=\u00bb|||\u00bb custom_padding__hover=\u00bb|||\u00bb][et_pb_text admin_label=\u00bbEntradilla (Texto)\u00bb _builder_version=\u00bb4.0.9&#8243; text_font=\u00bb|on|||\u00bb text_orientation=\u00bbjustified\u00bb module_alignment=\u00bbjustified\u00bb]<\/p>\n<div>Amb la confer\u00e8ncia Filosof\u00eda y ciencia: \u00bfconcierto o desconcierto?, a c\u00e0rrec d\u2019\u00c1lvaro Romero, ahir va comen\u00e7ar el 2n Cicle de Confer\u00e8ncies La vida con filosof\u00eda, que organitzen conjuntament la Universitat Cat\u00f2lica de Val\u00e8ncia i el Col\u00b7legi Salesi\u00e0 San Juan Bosco, a trav\u00e9s del Departament de Ci\u00e8ncies Socials i Humanitats.\u00a0<\/div>\n<p>[\/et_pb_text][et_pb_text admin_label=\u00bbAutor (Texto)\u00bb _builder_version=\u00bb4.0.9&#8243; text_font=\u00bb||on||\u00bb]<\/p>\n<p>Pere Castro.<\/p>\n<p>[\/et_pb_text][et_pb_text admin_label=\u00bbDesarrollo (Texto)\u00bb _builder_version=\u00bb4.0.9&#8243; text_orientation=\u00bbjustified\u00bb module_alignment=\u00bbjustified\u00bb]<\/p>\n<p dir=\"ltr\">Alumnes de Filosofia d\u2019ESO i Batxillerat, aix\u00ed com altres persones interessades, assistiren a la lli\u00e7\u00f2 que el ponent ens va oferir sobre la relaci\u00f3 necess\u00e0ria entre Filosofia i Ci\u00e8ncia, dues disciplines del saber estretament lligades.\u00a0<\/p>\n<p>El Cicle continuar\u00e0 el pr\u00f2xim 5 de mar\u00e7, amb la pon\u00e8ncia d\u2019Alfredo Esteve \u00abEl cerebro emocional: no somos raz\u00f3n que se emociona sino emociones que razonan\u00bb. Posteriorment, ja el 23 d\u2019abril, Bosco Corrales intervindr\u00e0 amb la confer\u00e8ncia titulada \u00abAmor: biolog\u00eda, psicolog\u00eda y&#8230; \u00bfalgo m\u00e1s?\u00bb. Finalment, \u00abEmotivismo y verdad en la sociedad posmoderna\u00bb, ser\u00e0 el t\u00edtol de la confer\u00e8ncia que impartiran els professors del col\u00b7legi Daniel Ballester y Juan Peris.<\/p>\n<p>[\/et_pb_text][et_pb_text disabled_on=\u00bboff|on|on\u00bb admin_label=\u00bbT\u00edtulo: Galer\u00eda de fotos (Texto)\u00bb _builder_version=\u00bb3.27.4&#8243; text_font=\u00bb|on|||\u00bb text_text_color=\u00bb#dc001b\u00bb border_style=\u00bbsolid\u00bb]Galer\u00eda de im\u00e1genes[\/et_pb_text][et_pb_gallery gallery_ids=\u00bb12085,12086,12087,12088,12089,12090,12091&#8243; posts_number=\u00bb8&#8243; show_title_and_caption=\u00bboff\u00bb zoom_icon_color=\u00bb#dc001b\u00bb hover_icon=\u00bb%%51%%\u00bb disabled_on=\u00bboff|off|off\u00bb _builder_version=\u00bb4.0.9&#8243; hover_enabled=\u00bb0&#8243; pagination_font_size_tablet=\u00bb51&#8243; pagination_line_height_tablet=\u00bb2&#8243;][\/et_pb_gallery][et_pb_video disabled_on=\u00bbon|on|on\u00bb _builder_version=\u00bb3.0.51&#8243; disabled=\u00bbon\u00bb][\/et_pb_video][\/et_pb_column][\/et_pb_row][\/et_pb_section]<\/p>\n<!-- AddThis Advanced Settings generic via filter on the_content --><!-- AddThis Share Buttons generic via filter on the_content -->","protected":false},"excerpt":{"rendered":"<p>Amb la confer\u00e8ncia Filosof\u00eda y ciencia: \u00bfconcierto o desconcierto?, a c\u00e0rrec d\u2019\u00c1lvaro Romero, ahir va comen\u00e7ar el 2n Cicle de Confer\u00e8ncies La vida con filosof\u00eda, que organitzen conjuntament la Universitat Cat\u00f2lica de Val\u00e8ncia i el Col\u00b7legi Salesi\u00e0 San Juan Bosco, a trav\u00e9s del Departament de Ci\u00e8ncies Socials i Humanitats.\u00a0Pere Castro.Alumnes de Filosofia d\u2019ESO i Batxillerat, [&hellip;]<\/p>\n<p><!-- AddThis Advanced Settings generic via filter on get_the_excerpt --><!-- AddThis Share Buttons generic via filter on get_the_excerpt --><\/p>\n","protected":false},"author":6,"featured_media":12091,"comment_status":"closed","ping_status":"open","sticky":false,"template":"","format":"standard","meta":{"_et_pb_use_builder":"on","_et_pb_old_content":"","_et_gb_content_width":"","footnotes":""},"categories":[14],"tags":[],"class_list":["post-12080","post","type-post","status-publish","format-standard","has-post-thumbnail","hentry","category-noticia_colegio"],"yoast_head":"<!-- This site is optimized with the Yoast SEO plugin v28.4 - https:\/\/yoast.com\/product\/yoast-seo-wordpress\/ -->\n<title>Confer\u00e8ncia Filosof\u00eda y ciencia: \u00bfconcierto o desconcierto? - Colegio San Juan Bosco Valencia<\/title>\n<meta name=\"robots\" content=\"index, follow, max-snippet:-1, max-image-preview:large, max-video-preview:-1\" \/>\n<link rel=\"canonical\" href=\"https:\/\/valenciasjb.salesianos.edu\/colegio\/conferencia-filosofia-y-ciencia-concierto-o-desconcierto\/\" \/>\n<meta property=\"og:locale\" content=\"es_ES\" \/>\n<meta property=\"og:type\" content=\"article\" \/>\n<meta property=\"og:title\" content=\"Confer\u00e8ncia Filosof\u00eda y ciencia: \u00bfconcierto o desconcierto? - Colegio San Juan Bosco Valencia\" \/>\n<meta property=\"og:description\" content=\"Amb la confer\u00e8ncia Filosof\u00eda y ciencia: \u00bfconcierto o desconcierto?, a c\u00e0rrec d\u2019\u00c1lvaro Romero, ahir va comen\u00e7ar el 2n Cicle de Confer\u00e8ncies La vida con filosof\u00eda, que organitzen conjuntament la Universitat Cat\u00f2lica de Val\u00e8ncia i el Col\u00b7legi Salesi\u00e0 San Juan Bosco, a trav\u00e9s del Departament de Ci\u00e8ncies Socials i Humanitats.\u00a0Pere Castro.Alumnes de Filosofia d\u2019ESO i Batxillerat, [&hellip;]\" \/>\n<meta property=\"og:url\" content=\"https:\/\/valenciasjb.salesianos.edu\/colegio\/conferencia-filosofia-y-ciencia-concierto-o-desconcierto\/\" \/>\n<meta property=\"og:site_name\" content=\"Colegio San Juan Bosco Valencia\" \/>\n<meta property=\"article:publisher\" content=\"https:\/\/www.facebook.com\/ColegioSalesianoSanJuanBoscoValencia\" \/>\n<meta property=\"article:published_time\" content=\"2020-02-07T22:50:07+00:00\" \/>\n<meta property=\"article:modified_time\" content=\"2020-02-07T22:52:18+00:00\" \/>\n<meta property=\"og:image\" content=\"https:\/\/valenciasjb.salesianos.edu\/colegio\/wp-content\/uploads\/sites\/2\/2020\/02\/IMG-20200207-WA0022.jpg\" \/>\n\t<meta property=\"og:image:width\" content=\"1600\" \/>\n\t<meta property=\"og:image:height\" content=\"900\" \/>\n\t<meta property=\"og:image:type\" content=\"image\/jpeg\" \/>\n<meta name=\"author\" content=\"veronicapastor\" \/>\n<meta name=\"twitter:card\" content=\"summary_large_image\" \/>\n<meta name=\"twitter:creator\" content=\"@SalesianosVSJB\" \/>\n<meta name=\"twitter:site\" content=\"@SalesianosVSJB\" \/>\n<meta name=\"twitter:label1\" content=\"Escrito por\" \/>\n\t<meta name=\"twitter:data1\" content=\"veronicapastor\" \/>\n\t<meta name=\"twitter:label2\" content=\"Tiempo de lectura\" \/>\n\t<meta name=\"twitter:data2\" content=\"2 minutos\" \/>\n<script type=\"application\/ld+json\" class=\"yoast-schema-graph\">{\"@context\":\"https:\\\/\\\/schema.org\",\"@graph\":[{\"@type\":\"Article\",\"@id\":\"https:\\\/\\\/valenciasjb.salesianos.edu\\\/colegio\\\/conferencia-filosofia-y-ciencia-concierto-o-desconcierto\\\/#article\",\"isPartOf\":{\"@id\":\"https:\\\/\\\/valenciasjb.salesianos.edu\\\/colegio\\\/conferencia-filosofia-y-ciencia-concierto-o-desconcierto\\\/\"},\"author\":{\"name\":\"veronicapastor\",\"@id\":\"https:\\\/\\\/valenciasjb.salesianos.edu\\\/colegio\\\/#\\\/schema\\\/person\\\/1f45b67e52b27da175190a574db6bed9\"},\"headline\":\"Confer\u00e8ncia Filosof\u00eda y ciencia: \u00bfconcierto o desconcierto?\",\"datePublished\":\"2020-02-07T22:50:07+00:00\",\"dateModified\":\"2020-02-07T22:52:18+00:00\",\"mainEntityOfPage\":{\"@id\":\"https:\\\/\\\/valenciasjb.salesianos.edu\\\/colegio\\\/conferencia-filosofia-y-ciencia-concierto-o-desconcierto\\\/\"},\"wordCount\":383,\"image\":{\"@id\":\"https:\\\/\\\/valenciasjb.salesianos.edu\\\/colegio\\\/conferencia-filosofia-y-ciencia-concierto-o-desconcierto\\\/#primaryimage\"},\"thumbnailUrl\":\"https:\\\/\\\/valenciasjb.salesianos.edu\\\/colegio\\\/wp-content\\\/uploads\\\/sites\\\/2\\\/2020\\\/02\\\/IMG-20200207-WA0022.jpg\",\"articleSection\":[\"Noticia Colegio\"],\"inLanguage\":\"es\"},{\"@type\":\"WebPage\",\"@id\":\"https:\\\/\\\/valenciasjb.salesianos.edu\\\/colegio\\\/conferencia-filosofia-y-ciencia-concierto-o-desconcierto\\\/\",\"url\":\"https:\\\/\\\/valenciasjb.salesianos.edu\\\/colegio\\\/conferencia-filosofia-y-ciencia-concierto-o-desconcierto\\\/\",\"name\":\"Confer\u00e8ncia Filosof\u00eda y ciencia: \u00bfconcierto o desconcierto? - Colegio San Juan Bosco Valencia\",\"isPartOf\":{\"@id\":\"https:\\\/\\\/valenciasjb.salesianos.edu\\\/colegio\\\/#website\"},\"primaryImageOfPage\":{\"@id\":\"https:\\\/\\\/valenciasjb.salesianos.edu\\\/colegio\\\/conferencia-filosofia-y-ciencia-concierto-o-desconcierto\\\/#primaryimage\"},\"image\":{\"@id\":\"https:\\\/\\\/valenciasjb.salesianos.edu\\\/colegio\\\/conferencia-filosofia-y-ciencia-concierto-o-desconcierto\\\/#primaryimage\"},\"thumbnailUrl\":\"https:\\\/\\\/valenciasjb.salesianos.edu\\\/colegio\\\/wp-content\\\/uploads\\\/sites\\\/2\\\/2020\\\/02\\\/IMG-20200207-WA0022.jpg\",\"datePublished\":\"2020-02-07T22:50:07+00:00\",\"dateModified\":\"2020-02-07T22:52:18+00:00\",\"author\":{\"@id\":\"https:\\\/\\\/valenciasjb.salesianos.edu\\\/colegio\\\/#\\\/schema\\\/person\\\/1f45b67e52b27da175190a574db6bed9\"},\"breadcrumb\":{\"@id\":\"https:\\\/\\\/valenciasjb.salesianos.edu\\\/colegio\\\/conferencia-filosofia-y-ciencia-concierto-o-desconcierto\\\/#breadcrumb\"},\"inLanguage\":\"es\",\"potentialAction\":[{\"@type\":\"ReadAction\",\"target\":[\"https:\\\/\\\/valenciasjb.salesianos.edu\\\/colegio\\\/conferencia-filosofia-y-ciencia-concierto-o-desconcierto\\\/\"]}]},{\"@type\":\"ImageObject\",\"inLanguage\":\"es\",\"@id\":\"https:\\\/\\\/valenciasjb.salesianos.edu\\\/colegio\\\/conferencia-filosofia-y-ciencia-concierto-o-desconcierto\\\/#primaryimage\",\"url\":\"https:\\\/\\\/valenciasjb.salesianos.edu\\\/colegio\\\/wp-content\\\/uploads\\\/sites\\\/2\\\/2020\\\/02\\\/IMG-20200207-WA0022.jpg\",\"contentUrl\":\"https:\\\/\\\/valenciasjb.salesianos.edu\\\/colegio\\\/wp-content\\\/uploads\\\/sites\\\/2\\\/2020\\\/02\\\/IMG-20200207-WA0022.jpg\",\"width\":1600,\"height\":900},{\"@type\":\"BreadcrumbList\",\"@id\":\"https:\\\/\\\/valenciasjb.salesianos.edu\\\/colegio\\\/conferencia-filosofia-y-ciencia-concierto-o-desconcierto\\\/#breadcrumb\",\"itemListElement\":[{\"@type\":\"ListItem\",\"position\":1,\"name\":\"Portada\",\"item\":\"https:\\\/\\\/valenciasjb.salesianos.edu\\\/colegio\\\/\"},{\"@type\":\"ListItem\",\"position\":2,\"name\":\"Confer\u00e8ncia Filosof\u00eda y ciencia: \u00bfconcierto o desconcierto?\"}]},{\"@type\":\"WebSite\",\"@id\":\"https:\\\/\\\/valenciasjb.salesianos.edu\\\/colegio\\\/#website\",\"url\":\"https:\\\/\\\/valenciasjb.salesianos.edu\\\/colegio\\\/\",\"name\":\"Colegio San Juan Bosco Valencia\",\"description\":\"P\u00e1gina oficial del Colegio Salesianos San Juan Bosco Valencia\",\"alternateName\":\"Salesianos.VSJB\",\"potentialAction\":[{\"@type\":\"SearchAction\",\"target\":{\"@type\":\"EntryPoint\",\"urlTemplate\":\"https:\\\/\\\/valenciasjb.salesianos.edu\\\/colegio\\\/?s={search_term_string}\"},\"query-input\":{\"@type\":\"PropertyValueSpecification\",\"valueRequired\":true,\"valueName\":\"search_term_string\"}}],\"inLanguage\":\"es\"},{\"@type\":\"Person\",\"@id\":\"https:\\\/\\\/valenciasjb.salesianos.edu\\\/colegio\\\/#\\\/schema\\\/person\\\/1f45b67e52b27da175190a574db6bed9\",\"name\":\"veronicapastor\",\"image\":{\"@type\":\"ImageObject\",\"inLanguage\":\"es\",\"@id\":\"https:\\\/\\\/secure.gravatar.com\\\/avatar\\\/e29bd40bace3fd935e1d6fdb7313ffc14628cc037c5e16f4c7369b20a2a6f7f0?s=96&d=mm&r=g\",\"url\":\"https:\\\/\\\/secure.gravatar.com\\\/avatar\\\/e29bd40bace3fd935e1d6fdb7313ffc14628cc037c5e16f4c7369b20a2a6f7f0?s=96&d=mm&r=g\",\"contentUrl\":\"https:\\\/\\\/secure.gravatar.com\\\/avatar\\\/e29bd40bace3fd935e1d6fdb7313ffc14628cc037c5e16f4c7369b20a2a6f7f0?s=96&d=mm&r=g\",\"caption\":\"veronicapastor\"}}]}<\/script>\n<!-- \/ Yoast SEO plugin. -->","yoast_head_json":{"title":"Confer\u00e8ncia Filosof\u00eda y ciencia: \u00bfconcierto o desconcierto? - Colegio San Juan Bosco Valencia","robots":{"index":"index","follow":"follow","max-snippet":"max-snippet:-1","max-image-preview":"max-image-preview:large","max-video-preview":"max-video-preview:-1"},"canonical":"https:\/\/valenciasjb.salesianos.edu\/colegio\/conferencia-filosofia-y-ciencia-concierto-o-desconcierto\/","og_locale":"es_ES","og_type":"article","og_title":"Confer\u00e8ncia Filosof\u00eda y ciencia: \u00bfconcierto o desconcierto? - Colegio San Juan Bosco Valencia","og_description":"Amb la confer\u00e8ncia Filosof\u00eda y ciencia: \u00bfconcierto o desconcierto?, a c\u00e0rrec d\u2019\u00c1lvaro Romero, ahir va comen\u00e7ar el 2n Cicle de Confer\u00e8ncies La vida con filosof\u00eda, que organitzen conjuntament la Universitat Cat\u00f2lica de Val\u00e8ncia i el Col\u00b7legi Salesi\u00e0 San Juan Bosco, a trav\u00e9s del Departament de Ci\u00e8ncies Socials i Humanitats.\u00a0Pere Castro.Alumnes de Filosofia d\u2019ESO i Batxillerat, [&hellip;]","og_url":"https:\/\/valenciasjb.salesianos.edu\/colegio\/conferencia-filosofia-y-ciencia-concierto-o-desconcierto\/","og_site_name":"Colegio San Juan Bosco Valencia","article_publisher":"https:\/\/www.facebook.com\/ColegioSalesianoSanJuanBoscoValencia","article_published_time":"2020-02-07T22:50:07+00:00","article_modified_time":"2020-02-07T22:52:18+00:00","og_image":[{"width":1600,"height":900,"url":"https:\/\/valenciasjb.salesianos.edu\/colegio\/wp-content\/uploads\/sites\/2\/2020\/02\/IMG-20200207-WA0022.jpg","type":"image\/jpeg"}],"author":"veronicapastor","twitter_card":"summary_large_image","twitter_creator":"@SalesianosVSJB","twitter_site":"@SalesianosVSJB","twitter_misc":{"Escrito por":"veronicapastor","Tiempo de lectura":"2 minutos"},"schema":{"@context":"https:\/\/schema.org","@graph":[{"@type":"Article","@id":"https:\/\/valenciasjb.salesianos.edu\/colegio\/conferencia-filosofia-y-ciencia-concierto-o-desconcierto\/#article","isPartOf":{"@id":"https:\/\/valenciasjb.salesianos.edu\/colegio\/conferencia-filosofia-y-ciencia-concierto-o-desconcierto\/"},"author":{"name":"veronicapastor","@id":"https:\/\/valenciasjb.salesianos.edu\/colegio\/#\/schema\/person\/1f45b67e52b27da175190a574db6bed9"},"headline":"Confer\u00e8ncia Filosof\u00eda y ciencia: \u00bfconcierto o desconcierto?","datePublished":"2020-02-07T22:50:07+00:00","dateModified":"2020-02-07T22:52:18+00:00","mainEntityOfPage":{"@id":"https:\/\/valenciasjb.salesianos.edu\/colegio\/conferencia-filosofia-y-ciencia-concierto-o-desconcierto\/"},"wordCount":383,"image":{"@id":"https:\/\/valenciasjb.salesianos.edu\/colegio\/conferencia-filosofia-y-ciencia-concierto-o-desconcierto\/#primaryimage"},"thumbnailUrl":"https:\/\/valenciasjb.salesianos.edu\/colegio\/wp-content\/uploads\/sites\/2\/2020\/02\/IMG-20200207-WA0022.jpg","articleSection":["Noticia Colegio"],"inLanguage":"es"},{"@type":"WebPage","@id":"https:\/\/valenciasjb.salesianos.edu\/colegio\/conferencia-filosofia-y-ciencia-concierto-o-desconcierto\/","url":"https:\/\/valenciasjb.salesianos.edu\/colegio\/conferencia-filosofia-y-ciencia-concierto-o-desconcierto\/","name":"Confer\u00e8ncia Filosof\u00eda y ciencia: \u00bfconcierto o desconcierto? - Colegio San Juan Bosco Valencia","isPartOf":{"@id":"https:\/\/valenciasjb.salesianos.edu\/colegio\/#website"},"primaryImageOfPage":{"@id":"https:\/\/valenciasjb.salesianos.edu\/colegio\/conferencia-filosofia-y-ciencia-concierto-o-desconcierto\/#primaryimage"},"image":{"@id":"https:\/\/valenciasjb.salesianos.edu\/colegio\/conferencia-filosofia-y-ciencia-concierto-o-desconcierto\/#primaryimage"},"thumbnailUrl":"https:\/\/valenciasjb.salesianos.edu\/colegio\/wp-content\/uploads\/sites\/2\/2020\/02\/IMG-20200207-WA0022.jpg","datePublished":"2020-02-07T22:50:07+00:00","dateModified":"2020-02-07T22:52:18+00:00","author":{"@id":"https:\/\/valenciasjb.salesianos.edu\/colegio\/#\/schema\/person\/1f45b67e52b27da175190a574db6bed9"},"breadcrumb":{"@id":"https:\/\/valenciasjb.salesianos.edu\/colegio\/conferencia-filosofia-y-ciencia-concierto-o-desconcierto\/#breadcrumb"},"inLanguage":"es","potentialAction":[{"@type":"ReadAction","target":["https:\/\/valenciasjb.salesianos.edu\/colegio\/conferencia-filosofia-y-ciencia-concierto-o-desconcierto\/"]}]},{"@type":"ImageObject","inLanguage":"es","@id":"https:\/\/valenciasjb.salesianos.edu\/colegio\/conferencia-filosofia-y-ciencia-concierto-o-desconcierto\/#primaryimage","url":"https:\/\/valenciasjb.salesianos.edu\/colegio\/wp-content\/uploads\/sites\/2\/2020\/02\/IMG-20200207-WA0022.jpg","contentUrl":"https:\/\/valenciasjb.salesianos.edu\/colegio\/wp-content\/uploads\/sites\/2\/2020\/02\/IMG-20200207-WA0022.jpg","width":1600,"height":900},{"@type":"BreadcrumbList","@id":"https:\/\/valenciasjb.salesianos.edu\/colegio\/conferencia-filosofia-y-ciencia-concierto-o-desconcierto\/#breadcrumb","itemListElement":[{"@type":"ListItem","position":1,"name":"Portada","item":"https:\/\/valenciasjb.salesianos.edu\/colegio\/"},{"@type":"ListItem","position":2,"name":"Confer\u00e8ncia Filosof\u00eda y ciencia: \u00bfconcierto o desconcierto?"}]},{"@type":"WebSite","@id":"https:\/\/valenciasjb.salesianos.edu\/colegio\/#website","url":"https:\/\/valenciasjb.salesianos.edu\/colegio\/","name":"Colegio San Juan Bosco Valencia","description":"P\u00e1gina oficial del Colegio Salesianos San Juan Bosco Valencia","alternateName":"Salesianos.VSJB","potentialAction":[{"@type":"SearchAction","target":{"@type":"EntryPoint","urlTemplate":"https:\/\/valenciasjb.salesianos.edu\/colegio\/?s={search_term_string}"},"query-input":{"@type":"PropertyValueSpecification","valueRequired":true,"valueName":"search_term_string"}}],"inLanguage":"es"},{"@type":"Person","@id":"https:\/\/valenciasjb.salesianos.edu\/colegio\/#\/schema\/person\/1f45b67e52b27da175190a574db6bed9","name":"veronicapastor","image":{"@type":"ImageObject","inLanguage":"es","@id":"https:\/\/secure.gravatar.com\/avatar\/e29bd40bace3fd935e1d6fdb7313ffc14628cc037c5e16f4c7369b20a2a6f7f0?s=96&d=mm&r=g","url":"https:\/\/secure.gravatar.com\/avatar\/e29bd40bace3fd935e1d6fdb7313ffc14628cc037c5e16f4c7369b20a2a6f7f0?s=96&d=mm&r=g","contentUrl":"https:\/\/secure.gravatar.com\/avatar\/e29bd40bace3fd935e1d6fdb7313ffc14628cc037c5e16f4c7369b20a2a6f7f0?s=96&d=mm&r=g","caption":"veronicapastor"}}]}},"_links":{"self":[{"href":"https:\/\/valenciasjb.salesianos.edu\/colegio\/wp-json\/wp\/v2\/posts\/12080","targetHints":{"allow":["GET"]}}],"collection":[{"href":"https:\/\/valenciasjb.salesianos.edu\/colegio\/wp-json\/wp\/v2\/posts"}],"about":[{"href":"https:\/\/valenciasjb.salesianos.edu\/colegio\/wp-json\/wp\/v2\/types\/post"}],"author":[{"embeddable":true,"href":"https:\/\/valenciasjb.salesianos.edu\/colegio\/wp-json\/wp\/v2\/users\/6"}],"replies":[{"embeddable":true,"href":"https:\/\/valenciasjb.salesianos.edu\/colegio\/wp-json\/wp\/v2\/comments?post=12080"}],"version-history":[{"count":3,"href":"https:\/\/valenciasjb.salesianos.edu\/colegio\/wp-json\/wp\/v2\/posts\/12080\/revisions"}],"predecessor-version":[{"id":12094,"href":"https:\/\/valenciasjb.salesianos.edu\/colegio\/wp-json\/wp\/v2\/posts\/12080\/revisions\/12094"}],"wp:featuredmedia":[{"embeddable":true,"href":"https:\/\/valenciasjb.salesianos.edu\/colegio\/wp-json\/wp\/v2\/media\/12091"}],"wp:attachment":[{"href":"https:\/\/valenciasjb.salesianos.edu\/colegio\/wp-json\/wp\/v2\/media?parent=12080"}],"wp:term":[{"taxonomy":"category","embeddable":true,"href":"https:\/\/valenciasjb.salesianos.edu\/colegio\/wp-json\/wp\/v2\/categories?post=12080"},{"taxonomy":"post_tag","embeddable":true,"href":"https:\/\/valenciasjb.salesianos.edu\/colegio\/wp-json\/wp\/v2\/tags?post=12080"}],"curies":[{"name":"wp","href":"https:\/\/api.w.org\/{rel}","templated":true}]}}