{"id":12146,"date":"2020-02-13T08:16:44","date_gmt":"2020-02-13T07:16:44","guid":{"rendered":"https:\/\/valenciasjb.salesianos.edu\/colegio\/?p=12146"},"modified":"2020-02-13T08:26:38","modified_gmt":"2020-02-13T07:26:38","slug":"feliz-dia-mundial-de-la-radio","status":"publish","type":"post","link":"https:\/\/valenciasjb.salesianos.edu\/colegio\/feliz-dia-mundial-de-la-radio\/","title":{"rendered":"\u00a1Feliz D\u00eda Mundial de la Radio!"},"content":{"rendered":"<div id=\"fb-root\"><\/div>\n<p>[et_pb_section fb_built=\u00bb1&#8243; admin_label=\u00bbsection\u00bb _builder_version=\u00bb3.22&#8243;][et_pb_row admin_label=\u00bbrow\u00bb _builder_version=\u00bb3.25&#8243; background_size=\u00bbinitial\u00bb background_position=\u00bbtop_left\u00bb background_repeat=\u00bbrepeat\u00bb][et_pb_column type=\u00bb4_4&#8243; _builder_version=\u00bb3.25&#8243; custom_padding=\u00bb|||\u00bb custom_padding__hover=\u00bb|||\u00bb][et_pb_text admin_label=\u00bbEntradilla (Texto)\u00bb _builder_version=\u00bb4.0.9&#8243; text_font=\u00bb|on|||\u00bb text_orientation=\u00bbjustified\u00bb module_alignment=\u00bbjustified\u00bb hover_enabled=\u00bb0&#8243;]<\/p>\n<div id=\"resumen\">\n<p>El equipo Radio Bosco ha preparado una jornada de emisi\u00f3n en directo para hoy jueves 13 de febrero.<br \/>Contar\u00e1n con la ayuda de una gran cantidad de colaboradores de todas las edades.<br \/>Podr\u00e1s oirlo a partir de las 8 de la ma\u00f1ana hasta las 2 del mediod\u00eda en el siguiente link.<span class=\"text_exposed_show\"><br \/><a href=\"http:\/\/vsjb.salesianos.edu.es:8000\/\" target=\"_blank\" rel=\"noopener nofollow noreferrer\" data-ft=\"{&quot;tn&quot;:&quot;-U&quot;}\" data-lynx-mode=\"async\" data-lynx-uri=\"https:\/\/l.facebook.com\/l.php?u=http%3A%2F%2Fwww.vsjb.salesianos.edu.es%3A8000%2F%3Ffbclid%3DIwAR3DLt8BFJ6ox9gfCmiy--IgdwP664ts-dNxIwk4BiRdPInrRNAU_4k3m6A&amp;h=AT2H7-fgGOp1ZOEfE6KJFquoQunx9D099N-7EPIONdDbGsWNajxs4N3hwgcWga4IqKv8YbLlpGW23Z8-BPp6PLpdCGeu7jm1PlONgXDG694erYkU-XPtI5axolC5xeIqRrVXEGT38PLSGKWxPXgWIA_6-S5iHb6vjqOr3waGYyBbbs_J5PwLfxEzShjDuMkvKRVr2OX6t_fCvezh-h02tscFRHHAeyHS2ZTrLKYffsJ4cjqRBvuhOc85TERekLL02n-SuV6-aUCt6HWp867k2dnKZZnsdAFa8fTIWvqavlf7yb7lsRPILAjfnbZwe6FDv2TDVMFt-rJOFHvWsL0RTPCNI3xPsei4DlWjLvBFfDz-MDkkHZkl1-jTGO8dmDKj6SjeOK8rTxO2COnpXt1SmvgsJdYrXDcKZEBLLYTjfouRWkaIGLEbkaxzHAHxkG2d9UEXv0eCE4pP_a50YkD0HQ4-gllWivjEVU_OTOLUm-RZzXWIwxxMhQr-WeM3X5x8p9YysgkzMY4YX4PCLLVGtg3fVs6hQulq_4jB7RNZxehbl1nNdsYLkt3YDHg83LrZ7FMua4XCTsuBbnF7Od2VyyyvFPhCHimoxzfnMSjLf7TXKgqxkJ-eS5xs75U\">www.vsjb.salesianos.edu.es:8000<\/a><\/span><\/p>\n<\/div>\n<p>[\/et_pb_text][et_pb_text admin_label=\u00bbEntradilla (Texto)\u00bb _builder_version=\u00bb3.27.4&#8243; text_font=\u00bb|on|||\u00bb text_orientation=\u00bbjustified\u00bb module_alignment=\u00bbjustified\u00bb]<\/p>\n<div id=\"resumen\"><strong>Lorem ipsum&#8230;<br \/>\n<\/strong><\/div>\n<div><\/div>\n<p>[\/et_pb_text][et_pb_text admin_label=\u00bbAutor (Texto)\u00bb _builder_version=\u00bb3.27.4&#8243; text_font=\u00bb||on||\u00bb]Redacci\u00f3n<br \/>\n[\/et_pb_text][et_pb_text admin_label=\u00bbDesarrollo (Texto)\u00bb _builder_version=\u00bb4.0.9&#8243; text_orientation=\u00bbjustified\u00bb module_alignment=\u00bbjustified\u00bb hover_enabled=\u00bb0&#8243;]<\/p>\n<p>Programaci\u00f3n:<br \/>08:00 Empieza el d\u00eda (15\u2019)<br \/>08:15 Buenos D\u00edas Secundaria y Bachiller (5\u2019)<br \/>08:20 Un proyecto, Willka (45\u2019)<br \/>09:05 Buenos d\u00edas Primaria (5)<br \/>09:15 FISAT: Otras realidades (30\u2019)<br \/>09:45 Rumbo al intercambio (15\u2019)<br \/>10:00 Concurso 1\u00ba y 2\u00ba Primaria (30\u2019)<br \/>10:30 Concurso Bachillerato (30\u2019)<br \/>11:00 Concurso 3\u00ba y 4\u00ba Primaria (30\u2019)<br \/>11:30 Se\u00f1o, cu\u00e9ntame un cuento (Infantil)<br \/>11:45 Concurso 5\u00ba y 6\u00ba Primaria (40\u2019)<br \/>12:30 Concurso 3\u00ba y 4\u00ba ESO (25\u2019)<br \/>12:55 Concurso 1\u00ba y 2\u00ba ESO (25\u2019)<br \/>13:20 C\u00f3mo ser padre y sobrevivir en el intento(40\u2019)<br \/>14:00 Cierre<\/p>\n<p>[\/et_pb_text][et_pb_text disabled_on=\u00bboff|on|on\u00bb admin_label=\u00bbT\u00edtulo: Galer\u00eda de fotos (Texto)\u00bb _builder_version=\u00bb3.27.4&#8243; text_font=\u00bb|on|||\u00bb text_text_color=\u00bb#dc001b\u00bb border_style=\u00bbsolid\u00bb]Galer\u00eda de im\u00e1genes<br \/>\n[\/et_pb_text][et_pb_gallery posts_number=\u00bb8&#8243; show_title_and_caption=\u00bboff\u00bb zoom_icon_color=\u00bb#dc001b\u00bb hover_icon=\u00bb%%51%%\u00bb disabled_on=\u00bboff|off|off\u00bb _builder_version=\u00bb4.0.9&#8243; pagination_font_size_tablet=\u00bb51&#8243; pagination_line_height_tablet=\u00bb2&#8243;][\/et_pb_gallery][et_pb_video disabled_on=\u00bbon|on|on\u00bb _builder_version=\u00bb3.0.51&#8243; disabled=\u00bbon\u00bb][\/et_pb_video][\/et_pb_column][\/et_pb_row][\/et_pb_section][et_pb_section fb_built=\u00bb1&#8243; _builder_version=\u00bb4.0.9&#8243;][et_pb_row _builder_version=\u00bb4.0.9&#8243;][et_pb_column type=\u00bb4_4&#8243; _builder_version=\u00bb4.0.9&#8243;][et_pb_image src=\u00bbhttps:\/\/valenciasjb.salesianos.edu\/colegio\/wp-content\/uploads\/sites\/2\/2020\/02\/84228020_2851012044921982_4420573176484855808_n.jpg\u00bb _builder_version=\u00bb4.0.9&#8243;][\/et_pb_image][\/et_pb_column][\/et_pb_row][\/et_pb_section]<\/p>\n<!-- AddThis Advanced Settings generic via filter on the_content --><!-- AddThis Share Buttons generic via filter on the_content -->","protected":false},"excerpt":{"rendered":"<p>El equipo Radio Bosco ha preparado una jornada de emisi\u00f3n en directo para hoy jueves 13 de febrero.Contar\u00e1n con la ayuda de una gran cantidad de colaboradores de todas las edades.Podr\u00e1s oirlo a partir de las 8 de la ma\u00f1ana hasta las 2 del mediod\u00eda en el siguiente link.www.vsjb.salesianos.edu.es:8000 Lorem ipsum&#8230; Redacci\u00f3n Programaci\u00f3n:08:00 Empieza el [&hellip;]<\/p>\n<p><!-- AddThis Advanced Settings generic via filter on get_the_excerpt --><!-- AddThis Share Buttons generic via filter on get_the_excerpt --><\/p>\n","protected":false},"author":6,"featured_media":12149,"comment_status":"closed","ping_status":"open","sticky":false,"template":"","format":"standard","meta":{"_et_pb_use_builder":"on","_et_pb_old_content":"","_et_gb_content_width":"","footnotes":""},"categories":[14],"tags":[],"class_list":["post-12146","post","type-post","status-publish","format-standard","has-post-thumbnail","hentry","category-noticia_colegio"],"yoast_head":"<!-- This site is optimized with the Yoast SEO plugin v28.4 - https:\/\/yoast.com\/product\/yoast-seo-wordpress\/ -->\n<title>\u00a1Feliz D\u00eda Mundial de la Radio! - Colegio San Juan Bosco Valencia<\/title>\n<meta name=\"robots\" content=\"index, follow, max-snippet:-1, max-image-preview:large, max-video-preview:-1\" \/>\n<link rel=\"canonical\" href=\"https:\/\/valenciasjb.salesianos.edu\/colegio\/feliz-dia-mundial-de-la-radio\/\" \/>\n<meta property=\"og:locale\" content=\"es_ES\" \/>\n<meta property=\"og:type\" content=\"article\" \/>\n<meta property=\"og:title\" content=\"\u00a1Feliz D\u00eda Mundial de la Radio! - Colegio San Juan Bosco Valencia\" \/>\n<meta property=\"og:description\" content=\"El equipo Radio Bosco ha preparado una jornada de emisi\u00f3n en directo para hoy jueves 13 de febrero.Contar\u00e1n con la ayuda de una gran cantidad de colaboradores de todas las edades.Podr\u00e1s oirlo a partir de las 8 de la ma\u00f1ana hasta las 2 del mediod\u00eda en el siguiente link.www.vsjb.salesianos.edu.es:8000 Lorem ipsum... Redacci\u00f3n Programaci\u00f3n:08:00 Empieza el [&hellip;]\" \/>\n<meta property=\"og:url\" content=\"https:\/\/valenciasjb.salesianos.edu\/colegio\/feliz-dia-mundial-de-la-radio\/\" \/>\n<meta property=\"og:site_name\" content=\"Colegio San Juan Bosco Valencia\" \/>\n<meta property=\"article:publisher\" content=\"https:\/\/www.facebook.com\/ColegioSalesianoSanJuanBoscoValencia\" \/>\n<meta property=\"article:published_time\" content=\"2020-02-13T07:16:44+00:00\" \/>\n<meta property=\"article:modified_time\" content=\"2020-02-13T07:26:38+00:00\" \/>\n<meta property=\"og:image\" content=\"https:\/\/valenciasjb.salesianos.edu\/colegio\/wp-content\/uploads\/sites\/2\/2020\/02\/84228020_2851012044921982_4420573176484855808_n.jpg\" \/>\n\t<meta property=\"og:image:width\" content=\"900\" \/>\n\t<meta property=\"og:image:height\" content=\"900\" \/>\n\t<meta property=\"og:image:type\" content=\"image\/jpeg\" \/>\n<meta name=\"author\" content=\"veronicapastor\" \/>\n<meta name=\"twitter:card\" content=\"summary_large_image\" \/>\n<meta name=\"twitter:creator\" content=\"@SalesianosVSJB\" \/>\n<meta name=\"twitter:site\" content=\"@SalesianosVSJB\" \/>\n<meta name=\"twitter:label1\" content=\"Escrito por\" \/>\n\t<meta name=\"twitter:data1\" content=\"veronicapastor\" \/>\n\t<meta name=\"twitter:label2\" content=\"Tiempo de lectura\" \/>\n\t<meta name=\"twitter:data2\" content=\"2 minutos\" \/>\n<script type=\"application\/ld+json\" class=\"yoast-schema-graph\">{\"@context\":\"https:\\\/\\\/schema.org\",\"@graph\":[{\"@type\":\"Article\",\"@id\":\"https:\\\/\\\/valenciasjb.salesianos.edu\\\/colegio\\\/feliz-dia-mundial-de-la-radio\\\/#article\",\"isPartOf\":{\"@id\":\"https:\\\/\\\/valenciasjb.salesianos.edu\\\/colegio\\\/feliz-dia-mundial-de-la-radio\\\/\"},\"author\":{\"name\":\"veronicapastor\",\"@id\":\"https:\\\/\\\/valenciasjb.salesianos.edu\\\/colegio\\\/#\\\/schema\\\/person\\\/1f45b67e52b27da175190a574db6bed9\"},\"headline\":\"\u00a1Feliz D\u00eda Mundial de la Radio!\",\"datePublished\":\"2020-02-13T07:16:44+00:00\",\"dateModified\":\"2020-02-13T07:26:38+00:00\",\"mainEntityOfPage\":{\"@id\":\"https:\\\/\\\/valenciasjb.salesianos.edu\\\/colegio\\\/feliz-dia-mundial-de-la-radio\\\/\"},\"wordCount\":389,\"image\":{\"@id\":\"https:\\\/\\\/valenciasjb.salesianos.edu\\\/colegio\\\/feliz-dia-mundial-de-la-radio\\\/#primaryimage\"},\"thumbnailUrl\":\"https:\\\/\\\/valenciasjb.salesianos.edu\\\/colegio\\\/wp-content\\\/uploads\\\/sites\\\/2\\\/2020\\\/02\\\/84228020_2851012044921982_4420573176484855808_n.jpg\",\"articleSection\":[\"Noticia Colegio\"],\"inLanguage\":\"es\"},{\"@type\":\"WebPage\",\"@id\":\"https:\\\/\\\/valenciasjb.salesianos.edu\\\/colegio\\\/feliz-dia-mundial-de-la-radio\\\/\",\"url\":\"https:\\\/\\\/valenciasjb.salesianos.edu\\\/colegio\\\/feliz-dia-mundial-de-la-radio\\\/\",\"name\":\"\u00a1Feliz D\u00eda Mundial de la Radio! - Colegio San Juan Bosco Valencia\",\"isPartOf\":{\"@id\":\"https:\\\/\\\/valenciasjb.salesianos.edu\\\/colegio\\\/#website\"},\"primaryImageOfPage\":{\"@id\":\"https:\\\/\\\/valenciasjb.salesianos.edu\\\/colegio\\\/feliz-dia-mundial-de-la-radio\\\/#primaryimage\"},\"image\":{\"@id\":\"https:\\\/\\\/valenciasjb.salesianos.edu\\\/colegio\\\/feliz-dia-mundial-de-la-radio\\\/#primaryimage\"},\"thumbnailUrl\":\"https:\\\/\\\/valenciasjb.salesianos.edu\\\/colegio\\\/wp-content\\\/uploads\\\/sites\\\/2\\\/2020\\\/02\\\/84228020_2851012044921982_4420573176484855808_n.jpg\",\"datePublished\":\"2020-02-13T07:16:44+00:00\",\"dateModified\":\"2020-02-13T07:26:38+00:00\",\"author\":{\"@id\":\"https:\\\/\\\/valenciasjb.salesianos.edu\\\/colegio\\\/#\\\/schema\\\/person\\\/1f45b67e52b27da175190a574db6bed9\"},\"breadcrumb\":{\"@id\":\"https:\\\/\\\/valenciasjb.salesianos.edu\\\/colegio\\\/feliz-dia-mundial-de-la-radio\\\/#breadcrumb\"},\"inLanguage\":\"es\",\"potentialAction\":[{\"@type\":\"ReadAction\",\"target\":[\"https:\\\/\\\/valenciasjb.salesianos.edu\\\/colegio\\\/feliz-dia-mundial-de-la-radio\\\/\"]}]},{\"@type\":\"ImageObject\",\"inLanguage\":\"es\",\"@id\":\"https:\\\/\\\/valenciasjb.salesianos.edu\\\/colegio\\\/feliz-dia-mundial-de-la-radio\\\/#primaryimage\",\"url\":\"https:\\\/\\\/valenciasjb.salesianos.edu\\\/colegio\\\/wp-content\\\/uploads\\\/sites\\\/2\\\/2020\\\/02\\\/84228020_2851012044921982_4420573176484855808_n.jpg\",\"contentUrl\":\"https:\\\/\\\/valenciasjb.salesianos.edu\\\/colegio\\\/wp-content\\\/uploads\\\/sites\\\/2\\\/2020\\\/02\\\/84228020_2851012044921982_4420573176484855808_n.jpg\",\"width\":900,\"height\":900},{\"@type\":\"BreadcrumbList\",\"@id\":\"https:\\\/\\\/valenciasjb.salesianos.edu\\\/colegio\\\/feliz-dia-mundial-de-la-radio\\\/#breadcrumb\",\"itemListElement\":[{\"@type\":\"ListItem\",\"position\":1,\"name\":\"Portada\",\"item\":\"https:\\\/\\\/valenciasjb.salesianos.edu\\\/colegio\\\/\"},{\"@type\":\"ListItem\",\"position\":2,\"name\":\"\u00a1Feliz D\u00eda Mundial de la Radio!\"}]},{\"@type\":\"WebSite\",\"@id\":\"https:\\\/\\\/valenciasjb.salesianos.edu\\\/colegio\\\/#website\",\"url\":\"https:\\\/\\\/valenciasjb.salesianos.edu\\\/colegio\\\/\",\"name\":\"Colegio San Juan Bosco Valencia\",\"description\":\"P\u00e1gina oficial del Colegio Salesianos San Juan Bosco Valencia\",\"alternateName\":\"Salesianos.VSJB\",\"potentialAction\":[{\"@type\":\"SearchAction\",\"target\":{\"@type\":\"EntryPoint\",\"urlTemplate\":\"https:\\\/\\\/valenciasjb.salesianos.edu\\\/colegio\\\/?s={search_term_string}\"},\"query-input\":{\"@type\":\"PropertyValueSpecification\",\"valueRequired\":true,\"valueName\":\"search_term_string\"}}],\"inLanguage\":\"es\"},{\"@type\":\"Person\",\"@id\":\"https:\\\/\\\/valenciasjb.salesianos.edu\\\/colegio\\\/#\\\/schema\\\/person\\\/1f45b67e52b27da175190a574db6bed9\",\"name\":\"veronicapastor\",\"image\":{\"@type\":\"ImageObject\",\"inLanguage\":\"es\",\"@id\":\"https:\\\/\\\/secure.gravatar.com\\\/avatar\\\/e29bd40bace3fd935e1d6fdb7313ffc14628cc037c5e16f4c7369b20a2a6f7f0?s=96&d=mm&r=g\",\"url\":\"https:\\\/\\\/secure.gravatar.com\\\/avatar\\\/e29bd40bace3fd935e1d6fdb7313ffc14628cc037c5e16f4c7369b20a2a6f7f0?s=96&d=mm&r=g\",\"contentUrl\":\"https:\\\/\\\/secure.gravatar.com\\\/avatar\\\/e29bd40bace3fd935e1d6fdb7313ffc14628cc037c5e16f4c7369b20a2a6f7f0?s=96&d=mm&r=g\",\"caption\":\"veronicapastor\"}}]}<\/script>\n<!-- \/ Yoast SEO plugin. -->","yoast_head_json":{"title":"\u00a1Feliz D\u00eda Mundial de la Radio! - Colegio San Juan Bosco Valencia","robots":{"index":"index","follow":"follow","max-snippet":"max-snippet:-1","max-image-preview":"max-image-preview:large","max-video-preview":"max-video-preview:-1"},"canonical":"https:\/\/valenciasjb.salesianos.edu\/colegio\/feliz-dia-mundial-de-la-radio\/","og_locale":"es_ES","og_type":"article","og_title":"\u00a1Feliz D\u00eda Mundial de la Radio! - Colegio San Juan Bosco Valencia","og_description":"El equipo Radio Bosco ha preparado una jornada de emisi\u00f3n en directo para hoy jueves 13 de febrero.Contar\u00e1n con la ayuda de una gran cantidad de colaboradores de todas las edades.Podr\u00e1s oirlo a partir de las 8 de la ma\u00f1ana hasta las 2 del mediod\u00eda en el siguiente link.www.vsjb.salesianos.edu.es:8000 Lorem ipsum... Redacci\u00f3n Programaci\u00f3n:08:00 Empieza el [&hellip;]","og_url":"https:\/\/valenciasjb.salesianos.edu\/colegio\/feliz-dia-mundial-de-la-radio\/","og_site_name":"Colegio San Juan Bosco Valencia","article_publisher":"https:\/\/www.facebook.com\/ColegioSalesianoSanJuanBoscoValencia","article_published_time":"2020-02-13T07:16:44+00:00","article_modified_time":"2020-02-13T07:26:38+00:00","og_image":[{"width":900,"height":900,"url":"https:\/\/valenciasjb.salesianos.edu\/colegio\/wp-content\/uploads\/sites\/2\/2020\/02\/84228020_2851012044921982_4420573176484855808_n.jpg","type":"image\/jpeg"}],"author":"veronicapastor","twitter_card":"summary_large_image","twitter_creator":"@SalesianosVSJB","twitter_site":"@SalesianosVSJB","twitter_misc":{"Escrito por":"veronicapastor","Tiempo de lectura":"2 minutos"},"schema":{"@context":"https:\/\/schema.org","@graph":[{"@type":"Article","@id":"https:\/\/valenciasjb.salesianos.edu\/colegio\/feliz-dia-mundial-de-la-radio\/#article","isPartOf":{"@id":"https:\/\/valenciasjb.salesianos.edu\/colegio\/feliz-dia-mundial-de-la-radio\/"},"author":{"name":"veronicapastor","@id":"https:\/\/valenciasjb.salesianos.edu\/colegio\/#\/schema\/person\/1f45b67e52b27da175190a574db6bed9"},"headline":"\u00a1Feliz D\u00eda Mundial de la Radio!","datePublished":"2020-02-13T07:16:44+00:00","dateModified":"2020-02-13T07:26:38+00:00","mainEntityOfPage":{"@id":"https:\/\/valenciasjb.salesianos.edu\/colegio\/feliz-dia-mundial-de-la-radio\/"},"wordCount":389,"image":{"@id":"https:\/\/valenciasjb.salesianos.edu\/colegio\/feliz-dia-mundial-de-la-radio\/#primaryimage"},"thumbnailUrl":"https:\/\/valenciasjb.salesianos.edu\/colegio\/wp-content\/uploads\/sites\/2\/2020\/02\/84228020_2851012044921982_4420573176484855808_n.jpg","articleSection":["Noticia Colegio"],"inLanguage":"es"},{"@type":"WebPage","@id":"https:\/\/valenciasjb.salesianos.edu\/colegio\/feliz-dia-mundial-de-la-radio\/","url":"https:\/\/valenciasjb.salesianos.edu\/colegio\/feliz-dia-mundial-de-la-radio\/","name":"\u00a1Feliz D\u00eda Mundial de la Radio! - Colegio San Juan Bosco Valencia","isPartOf":{"@id":"https:\/\/valenciasjb.salesianos.edu\/colegio\/#website"},"primaryImageOfPage":{"@id":"https:\/\/valenciasjb.salesianos.edu\/colegio\/feliz-dia-mundial-de-la-radio\/#primaryimage"},"image":{"@id":"https:\/\/valenciasjb.salesianos.edu\/colegio\/feliz-dia-mundial-de-la-radio\/#primaryimage"},"thumbnailUrl":"https:\/\/valenciasjb.salesianos.edu\/colegio\/wp-content\/uploads\/sites\/2\/2020\/02\/84228020_2851012044921982_4420573176484855808_n.jpg","datePublished":"2020-02-13T07:16:44+00:00","dateModified":"2020-02-13T07:26:38+00:00","author":{"@id":"https:\/\/valenciasjb.salesianos.edu\/colegio\/#\/schema\/person\/1f45b67e52b27da175190a574db6bed9"},"breadcrumb":{"@id":"https:\/\/valenciasjb.salesianos.edu\/colegio\/feliz-dia-mundial-de-la-radio\/#breadcrumb"},"inLanguage":"es","potentialAction":[{"@type":"ReadAction","target":["https:\/\/valenciasjb.salesianos.edu\/colegio\/feliz-dia-mundial-de-la-radio\/"]}]},{"@type":"ImageObject","inLanguage":"es","@id":"https:\/\/valenciasjb.salesianos.edu\/colegio\/feliz-dia-mundial-de-la-radio\/#primaryimage","url":"https:\/\/valenciasjb.salesianos.edu\/colegio\/wp-content\/uploads\/sites\/2\/2020\/02\/84228020_2851012044921982_4420573176484855808_n.jpg","contentUrl":"https:\/\/valenciasjb.salesianos.edu\/colegio\/wp-content\/uploads\/sites\/2\/2020\/02\/84228020_2851012044921982_4420573176484855808_n.jpg","width":900,"height":900},{"@type":"BreadcrumbList","@id":"https:\/\/valenciasjb.salesianos.edu\/colegio\/feliz-dia-mundial-de-la-radio\/#breadcrumb","itemListElement":[{"@type":"ListItem","position":1,"name":"Portada","item":"https:\/\/valenciasjb.salesianos.edu\/colegio\/"},{"@type":"ListItem","position":2,"name":"\u00a1Feliz D\u00eda Mundial de la Radio!"}]},{"@type":"WebSite","@id":"https:\/\/valenciasjb.salesianos.edu\/colegio\/#website","url":"https:\/\/valenciasjb.salesianos.edu\/colegio\/","name":"Colegio San Juan Bosco Valencia","description":"P\u00e1gina oficial del Colegio Salesianos San Juan Bosco Valencia","alternateName":"Salesianos.VSJB","potentialAction":[{"@type":"SearchAction","target":{"@type":"EntryPoint","urlTemplate":"https:\/\/valenciasjb.salesianos.edu\/colegio\/?s={search_term_string}"},"query-input":{"@type":"PropertyValueSpecification","valueRequired":true,"valueName":"search_term_string"}}],"inLanguage":"es"},{"@type":"Person","@id":"https:\/\/valenciasjb.salesianos.edu\/colegio\/#\/schema\/person\/1f45b67e52b27da175190a574db6bed9","name":"veronicapastor","image":{"@type":"ImageObject","inLanguage":"es","@id":"https:\/\/secure.gravatar.com\/avatar\/e29bd40bace3fd935e1d6fdb7313ffc14628cc037c5e16f4c7369b20a2a6f7f0?s=96&d=mm&r=g","url":"https:\/\/secure.gravatar.com\/avatar\/e29bd40bace3fd935e1d6fdb7313ffc14628cc037c5e16f4c7369b20a2a6f7f0?s=96&d=mm&r=g","contentUrl":"https:\/\/secure.gravatar.com\/avatar\/e29bd40bace3fd935e1d6fdb7313ffc14628cc037c5e16f4c7369b20a2a6f7f0?s=96&d=mm&r=g","caption":"veronicapastor"}}]}},"_links":{"self":[{"href":"https:\/\/valenciasjb.salesianos.edu\/colegio\/wp-json\/wp\/v2\/posts\/12146","targetHints":{"allow":["GET"]}}],"collection":[{"href":"https:\/\/valenciasjb.salesianos.edu\/colegio\/wp-json\/wp\/v2\/posts"}],"about":[{"href":"https:\/\/valenciasjb.salesianos.edu\/colegio\/wp-json\/wp\/v2\/types\/post"}],"author":[{"embeddable":true,"href":"https:\/\/valenciasjb.salesianos.edu\/colegio\/wp-json\/wp\/v2\/users\/6"}],"replies":[{"embeddable":true,"href":"https:\/\/valenciasjb.salesianos.edu\/colegio\/wp-json\/wp\/v2\/comments?post=12146"}],"version-history":[{"count":6,"href":"https:\/\/valenciasjb.salesianos.edu\/colegio\/wp-json\/wp\/v2\/posts\/12146\/revisions"}],"predecessor-version":[{"id":12156,"href":"https:\/\/valenciasjb.salesianos.edu\/colegio\/wp-json\/wp\/v2\/posts\/12146\/revisions\/12156"}],"wp:featuredmedia":[{"embeddable":true,"href":"https:\/\/valenciasjb.salesianos.edu\/colegio\/wp-json\/wp\/v2\/media\/12149"}],"wp:attachment":[{"href":"https:\/\/valenciasjb.salesianos.edu\/colegio\/wp-json\/wp\/v2\/media?parent=12146"}],"wp:term":[{"taxonomy":"category","embeddable":true,"href":"https:\/\/valenciasjb.salesianos.edu\/colegio\/wp-json\/wp\/v2\/categories?post=12146"},{"taxonomy":"post_tag","embeddable":true,"href":"https:\/\/valenciasjb.salesianos.edu\/colegio\/wp-json\/wp\/v2\/tags?post=12146"}],"curies":[{"name":"wp","href":"https:\/\/api.w.org\/{rel}","templated":true}]}}