{"id":12235,"date":"2020-03-07T11:03:33","date_gmt":"2020-03-07T10:03:33","guid":{"rendered":"https:\/\/valenciasjb.salesianos.edu\/colegio\/?p=12235"},"modified":"2020-03-07T11:04:30","modified_gmt":"2020-03-07T10:04:30","slug":"el-colegio-conmemora-el-dia-internacional-de-la-mujer-con-diferentes-iniciativas","status":"publish","type":"post","link":"https:\/\/valenciasjb.salesianos.edu\/colegio\/el-colegio-conmemora-el-dia-internacional-de-la-mujer-con-diferentes-iniciativas\/","title":{"rendered":"El colegio conmemora el D\u00eda Internacional de la Mujer con diferentes iniciativas"},"content":{"rendered":"<div id=\"fb-root\"><\/div>\n<p>[et_pb_section fb_built=\u00bb1&#8243; admin_label=\u00bbsection\u00bb _builder_version=\u00bb3.22&#8243;][et_pb_row admin_label=\u00bbrow\u00bb _builder_version=\u00bb3.25&#8243; background_size=\u00bbinitial\u00bb background_position=\u00bbtop_left\u00bb background_repeat=\u00bbrepeat\u00bb][et_pb_column type=\u00bb4_4&#8243; _builder_version=\u00bb3.25&#8243; custom_padding=\u00bb|||\u00bb custom_padding__hover=\u00bb|||\u00bb][et_pb_text admin_label=\u00bbEntradilla (Texto)\u00bb _builder_version=\u00bb4.0.9&#8243; text_font=\u00bb|on|||\u00bb text_orientation=\u00bbjustified\u00bb module_alignment=\u00bbjustified\u00bb]<\/p>\n<div id=\"resumen\">\n<div>Con motivo del D\u00eda Internacional de la Mujer, que conmemora la lucha por su participaci\u00f3n e igualdad de oportunidades en la sociedad, el cole se une al lema de las plataformas sociales salesianas para decir bien alto que queremos un mundo igualitario, sin injusticias y sin que ser mujer o ni\u00f1a sea un obst\u00e1culo, sobre todo las que se encuentran en situaciones m\u00e1s vulnerables. \u00a1Juntas somos m\u00e1s fuertes!<\/div>\n<\/div>\n<div>\u00a0<\/div>\n<p>[\/et_pb_text][et_pb_text admin_label=\u00bbAutor (Texto)\u00bb _builder_version=\u00bb3.27.4&#8243; text_font=\u00bb||on||\u00bb]Redacci\u00f3n<br \/>\n[\/et_pb_text][et_pb_text admin_label=\u00bbDesarrollo (Texto)\u00bb _builder_version=\u00bb4.0.9&#8243; text_orientation=\u00bbjustified\u00bb module_alignment=\u00bbjustified\u00bb]<\/p>\n<p>Al ser el D\u00eda Internacional de la Mujer domingo 8 de marzo, el viernes en Primaria, profesorado y alumnado han querido recordar este d\u00eda con fotos de alumnado y profesorado bajo el lema \u00absomos m\u00e1s fuertes\u00bb. En Secundaria, dos alumnas, Ana Mu\u00f1oz y Mar\u00eda Balaguer, de 4\u00ba de ESO, han preparado un Buenos D\u00edas especial y se han repartido lazos morados para todas las personas que han querido apoyar la iniciativa de esta manera simb\u00f3lica. La pr\u00f3xima semana se llevar\u00e1n a cabo diferentes actividades que han preparado las personas coordinadoras de igualdad y convivencia del colegio: Mati Chisvert y Carlos G\u00f3mez.<\/p>\n<p>A continuaci\u00f3n, el buenos d\u00edas del viernes:<\/p>\n<p>BUENOS D\u00cdAS D\u00cdA DE LA MUJER<\/p>\n<p>Este domingo, 8 de marzo, es el esperado d\u00eda de la mujer. Antes de empezar de hablar, nos gustar\u00eda entrar un poco en el tema contando c\u00f3mo surgi\u00f3 este d\u00eda y sus or\u00edgenes. Bien, para empezar decir que fue instaurado por la ONU en 1975. Aunque en aquel momento se trataba de reclamar la igualdad para la mujer trabajadora. En varios pa\u00edses se hab\u00eda reclamado de alguna forma u otra los derechos de la mujer, pero uno de los sucesos por los cuales se instaur\u00f3 este d\u00eda fue en marzo de 1857, durante la revoluci\u00f3n industrial. Lo que ocurri\u00f3 fue que varias mujeres salieron a protestar a las calles de Nueva York, quej\u00e1ndose de las malas o inexistentes condiciones en las que trabajaban. A\u00f1os m\u00e1s tarde en 1911, tuvo lugar un incendio de una f\u00e1brica de textil en Estados Unidos; murieron 129 mujeres. Fue un incendio provocado, y las v\u00edctimas no pudieron salir, el empresario hab\u00eda cerrado todas las puertas. Las telas que hab\u00edan dentro de la f\u00e1brica eran de color morado y el humo que sali\u00f3 de esta tambi\u00e9n. Esta es una de las razones por las cuales el color representativo de la mujer es el morado.<br \/>Como ya sabemos, el trabajo de muchas mujeres ha sido invalidado a lo largo de la historia por su condici\u00f3n de mujer. A nosotras nos gustar\u00eda hablar de dos mujeres muy relevantes tanto en la historia actual como la pasada.Hemos elegido dos en concreto, pero queremos recalcar que existen muchas m\u00e1s, las cuales si quer\u00e9is pod\u00e9is investigar.<br \/>Primero, nos gustar\u00eda hablar de Virginia Woolf, una escritora muy destacada del modernismo en el siglo XX. Ella se atrevi\u00f3 a escribir sobre las injusticias\u00a0 intelectuales, pol\u00edticas y sexuales a las mujeres en un tiempo en el que el hecho de que una mujer tuviese sus propias ideas era inimaginable. Fue una novelista, ensayista, escritora de cartas, editora y feminista brit\u00e1nica, y debido a las injusticias de la \u00e9poca a sus trabajos m\u00e1s destacados no se les dio la importancia que ten\u00edan hasta la d\u00e9cada de los 70.<br \/>Volviendo un poco a la actualidad, nos gustar\u00eda hablar de un referente actual en el feminismo. Hemos elegido a una actriz brit\u00e1nica, Emma Watson, quien fue nombrada hace algunos meses como embajadora de buena voluntad en la ONU Mujeres. Emma se dio cuenta a temprana edad de las injusticias que le tocar\u00eda vivir por el hecho de ser mujer, y todo esto increment\u00f3 al comenzar su vida p\u00fablica. \u201cLas mujeres j\u00f3venes son bombardeadas por ideales de perfecci\u00f3n que ning\u00fan ser humano puede realmente alcanzar\u201d, comenta ella. Present\u00f3 al mundo una de sus iniciativas feministas: el HeforShe. Este ambicioso proyecto pretende, por una parte, involucrar a los hombres en la lucha por la igualdad de g\u00e9nero y, por otra, romper con los estereotipos sociales asociados a hombres y mujeres.<br \/>Feminismo, \u00bfqu\u00e9 piensas cuando escuchas la palabra? Es posible que pienses, \u00a1qu\u00e9 pesadas, son unas hist\u00e9ricas, todo el rato con lo mismo! Tambi\u00e9n es posible que te sientas identificado o puede que sea algo que te resulte indiferente, ya que piensas que no te afecta de ninguna manera. Y es que lo \u00fanico que intenta el feminismo es buscar la igualdad, no pretendemos que la mujer sea superior y tambi\u00e9n se busca la erradicaci\u00f3n de situaciones que afectan directamente a los hombres. S\u00ed, has o\u00eddo bien, porque al final el machismo nos afecta a todos. Esa est\u00fapida sociedad tan sexista que hemos creado. Nosotras para este 8 de marzo pedimos que los hombres, antes de odiar al feminismo, debido a la desinformaci\u00f3n que se da actualmente, se unan a esta lucha, no contra el hombre, sino contra la desigualdad. No os sint\u00e1is afectados cuando hablamos de machismo, no deber\u00edais hacerlo si busc\u00e1is igualdad y os consider\u00e1is aliados de las feministas. Y a las mujeres, les pedimos apoyo entre nosotras, ya que si nosotras no nos respetamos y apoyamos no podremos seguir adelante con la lucha. Porque s\u00ed, s\u00ed que es posible llegar a conseguir un mundo justo sin desigualdad, sin violaciones, asesinatos, o cosas mucho m\u00e1s simples como los estereotipos. Que, por si no lo sab\u00e9is, son etiquetas que la sociedad al final est\u00e1 marcando al hombre y a la mujer. Intentad pensar bien c\u00f3mo actu\u00e1is, evitad comportamientos machistas que al final solo empeoran las cosas. Porque s\u00ed, t\u00fa desde aqu\u00ed puedes ayudar. Lucha, lucha por los derechos que todos merecemos. Porque, \u00bfrealmente puede cambiar la sociedad, si no lo hacemos primero nosotros?<\/p>\n<p>[\/et_pb_text][et_pb_text disabled_on=\u00bboff|on|on\u00bb admin_label=\u00bbT\u00edtulo: Galer\u00eda de fotos (Texto)\u00bb _builder_version=\u00bb3.27.4&#8243; text_font=\u00bb|on|||\u00bb text_text_color=\u00bb#dc001b\u00bb border_style=\u00bbsolid\u00bb]Galer\u00eda de im\u00e1genes<br \/>\n[\/et_pb_text][et_pb_gallery gallery_ids=\u00bb12238,12239,12240,12241,12243,12244,12247,12248,12249&#8243; posts_number=\u00bb8&#8243; show_title_and_caption=\u00bboff\u00bb zoom_icon_color=\u00bb#dc001b\u00bb hover_icon=\u00bb%%51%%\u00bb disabled_on=\u00bboff|off|off\u00bb _builder_version=\u00bb4.0.9&#8243; pagination_font_size_tablet=\u00bb51&#8243; pagination_line_height_tablet=\u00bb2&#8243;][\/et_pb_gallery][et_pb_video disabled_on=\u00bbon|on|on\u00bb _builder_version=\u00bb3.0.51&#8243; disabled=\u00bbon\u00bb][\/et_pb_video][\/et_pb_column][\/et_pb_row][\/et_pb_section]<\/p>\n<!-- AddThis Advanced Settings generic via filter on the_content --><!-- AddThis Share Buttons generic via filter on the_content -->","protected":false},"excerpt":{"rendered":"<p>Con motivo del D\u00eda Internacional de la Mujer, que conmemora la lucha por su participaci\u00f3n e igualdad de oportunidades en la sociedad, el cole se une al lema de las plataformas sociales salesianas para decir bien alto que queremos un mundo igualitario, sin injusticias y sin que ser mujer o ni\u00f1a sea un obst\u00e1culo, sobre [&hellip;]<\/p>\n<p><!-- AddThis Advanced Settings generic via filter on get_the_excerpt --><!-- AddThis Share Buttons generic via filter on get_the_excerpt --><\/p>\n","protected":false},"author":6,"featured_media":12247,"comment_status":"closed","ping_status":"open","sticky":false,"template":"","format":"standard","meta":{"_et_pb_use_builder":"on","_et_pb_old_content":"","_et_gb_content_width":"","footnotes":""},"categories":[14],"tags":[],"class_list":["post-12235","post","type-post","status-publish","format-standard","has-post-thumbnail","hentry","category-noticia_colegio"],"yoast_head":"<!-- This site is optimized with the Yoast SEO plugin v28.4 - https:\/\/yoast.com\/product\/yoast-seo-wordpress\/ -->\n<title>El colegio conmemora el D\u00eda Internacional de la Mujer con diferentes iniciativas - Colegio San Juan Bosco Valencia<\/title>\n<meta name=\"robots\" content=\"index, follow, max-snippet:-1, max-image-preview:large, max-video-preview:-1\" \/>\n<link rel=\"canonical\" href=\"https:\/\/valenciasjb.salesianos.edu\/colegio\/el-colegio-conmemora-el-dia-internacional-de-la-mujer-con-diferentes-iniciativas\/\" \/>\n<meta property=\"og:locale\" content=\"es_ES\" \/>\n<meta property=\"og:type\" content=\"article\" \/>\n<meta property=\"og:title\" content=\"El colegio conmemora el D\u00eda Internacional de la Mujer con diferentes iniciativas - Colegio San Juan Bosco Valencia\" \/>\n<meta property=\"og:description\" content=\"Con motivo del D\u00eda Internacional de la Mujer, que conmemora la lucha por su participaci\u00f3n e igualdad de oportunidades en la sociedad, el cole se une al lema de las plataformas sociales salesianas para decir bien alto que queremos un mundo igualitario, sin injusticias y sin que ser mujer o ni\u00f1a sea un obst\u00e1culo, sobre [&hellip;]\" \/>\n<meta property=\"og:url\" content=\"https:\/\/valenciasjb.salesianos.edu\/colegio\/el-colegio-conmemora-el-dia-internacional-de-la-mujer-con-diferentes-iniciativas\/\" \/>\n<meta property=\"og:site_name\" content=\"Colegio San Juan Bosco Valencia\" \/>\n<meta property=\"article:publisher\" content=\"https:\/\/www.facebook.com\/ColegioSalesianoSanJuanBoscoValencia\" \/>\n<meta property=\"article:published_time\" content=\"2020-03-07T10:03:33+00:00\" \/>\n<meta property=\"article:modified_time\" content=\"2020-03-07T10:04:30+00:00\" \/>\n<meta property=\"og:image\" content=\"https:\/\/valenciasjb.salesianos.edu\/colegio\/wp-content\/uploads\/sites\/2\/2020\/03\/20200306_084148-1.jpg\" \/>\n\t<meta property=\"og:image:width\" content=\"1032\" \/>\n\t<meta property=\"og:image:height\" content=\"774\" \/>\n\t<meta property=\"og:image:type\" content=\"image\/jpeg\" \/>\n<meta name=\"author\" content=\"veronicapastor\" \/>\n<meta name=\"twitter:card\" content=\"summary_large_image\" \/>\n<meta name=\"twitter:creator\" content=\"@SalesianosVSJB\" \/>\n<meta name=\"twitter:site\" content=\"@SalesianosVSJB\" \/>\n<meta name=\"twitter:label1\" content=\"Escrito por\" \/>\n\t<meta name=\"twitter:data1\" content=\"veronicapastor\" \/>\n\t<meta name=\"twitter:label2\" content=\"Tiempo de lectura\" \/>\n\t<meta name=\"twitter:data2\" content=\"6 minutos\" \/>\n<script type=\"application\/ld+json\" class=\"yoast-schema-graph\">{\"@context\":\"https:\\\/\\\/schema.org\",\"@graph\":[{\"@type\":\"Article\",\"@id\":\"https:\\\/\\\/valenciasjb.salesianos.edu\\\/colegio\\\/el-colegio-conmemora-el-dia-internacional-de-la-mujer-con-diferentes-iniciativas\\\/#article\",\"isPartOf\":{\"@id\":\"https:\\\/\\\/valenciasjb.salesianos.edu\\\/colegio\\\/el-colegio-conmemora-el-dia-internacional-de-la-mujer-con-diferentes-iniciativas\\\/\"},\"author\":{\"name\":\"veronicapastor\",\"@id\":\"https:\\\/\\\/valenciasjb.salesianos.edu\\\/colegio\\\/#\\\/schema\\\/person\\\/1f45b67e52b27da175190a574db6bed9\"},\"headline\":\"El colegio conmemora el D\u00eda Internacional de la Mujer con diferentes iniciativas\",\"datePublished\":\"2020-03-07T10:03:33+00:00\",\"dateModified\":\"2020-03-07T10:04:30+00:00\",\"mainEntityOfPage\":{\"@id\":\"https:\\\/\\\/valenciasjb.salesianos.edu\\\/colegio\\\/el-colegio-conmemora-el-dia-internacional-de-la-mujer-con-diferentes-iniciativas\\\/\"},\"wordCount\":1197,\"image\":{\"@id\":\"https:\\\/\\\/valenciasjb.salesianos.edu\\\/colegio\\\/el-colegio-conmemora-el-dia-internacional-de-la-mujer-con-diferentes-iniciativas\\\/#primaryimage\"},\"thumbnailUrl\":\"https:\\\/\\\/valenciasjb.salesianos.edu\\\/colegio\\\/wp-content\\\/uploads\\\/sites\\\/2\\\/2020\\\/03\\\/20200306_084148-1.jpg\",\"articleSection\":[\"Noticia Colegio\"],\"inLanguage\":\"es\"},{\"@type\":\"WebPage\",\"@id\":\"https:\\\/\\\/valenciasjb.salesianos.edu\\\/colegio\\\/el-colegio-conmemora-el-dia-internacional-de-la-mujer-con-diferentes-iniciativas\\\/\",\"url\":\"https:\\\/\\\/valenciasjb.salesianos.edu\\\/colegio\\\/el-colegio-conmemora-el-dia-internacional-de-la-mujer-con-diferentes-iniciativas\\\/\",\"name\":\"El colegio conmemora el D\u00eda Internacional de la Mujer con diferentes iniciativas - Colegio San Juan Bosco Valencia\",\"isPartOf\":{\"@id\":\"https:\\\/\\\/valenciasjb.salesianos.edu\\\/colegio\\\/#website\"},\"primaryImageOfPage\":{\"@id\":\"https:\\\/\\\/valenciasjb.salesianos.edu\\\/colegio\\\/el-colegio-conmemora-el-dia-internacional-de-la-mujer-con-diferentes-iniciativas\\\/#primaryimage\"},\"image\":{\"@id\":\"https:\\\/\\\/valenciasjb.salesianos.edu\\\/colegio\\\/el-colegio-conmemora-el-dia-internacional-de-la-mujer-con-diferentes-iniciativas\\\/#primaryimage\"},\"thumbnailUrl\":\"https:\\\/\\\/valenciasjb.salesianos.edu\\\/colegio\\\/wp-content\\\/uploads\\\/sites\\\/2\\\/2020\\\/03\\\/20200306_084148-1.jpg\",\"datePublished\":\"2020-03-07T10:03:33+00:00\",\"dateModified\":\"2020-03-07T10:04:30+00:00\",\"author\":{\"@id\":\"https:\\\/\\\/valenciasjb.salesianos.edu\\\/colegio\\\/#\\\/schema\\\/person\\\/1f45b67e52b27da175190a574db6bed9\"},\"breadcrumb\":{\"@id\":\"https:\\\/\\\/valenciasjb.salesianos.edu\\\/colegio\\\/el-colegio-conmemora-el-dia-internacional-de-la-mujer-con-diferentes-iniciativas\\\/#breadcrumb\"},\"inLanguage\":\"es\",\"potentialAction\":[{\"@type\":\"ReadAction\",\"target\":[\"https:\\\/\\\/valenciasjb.salesianos.edu\\\/colegio\\\/el-colegio-conmemora-el-dia-internacional-de-la-mujer-con-diferentes-iniciativas\\\/\"]}]},{\"@type\":\"ImageObject\",\"inLanguage\":\"es\",\"@id\":\"https:\\\/\\\/valenciasjb.salesianos.edu\\\/colegio\\\/el-colegio-conmemora-el-dia-internacional-de-la-mujer-con-diferentes-iniciativas\\\/#primaryimage\",\"url\":\"https:\\\/\\\/valenciasjb.salesianos.edu\\\/colegio\\\/wp-content\\\/uploads\\\/sites\\\/2\\\/2020\\\/03\\\/20200306_084148-1.jpg\",\"contentUrl\":\"https:\\\/\\\/valenciasjb.salesianos.edu\\\/colegio\\\/wp-content\\\/uploads\\\/sites\\\/2\\\/2020\\\/03\\\/20200306_084148-1.jpg\",\"width\":1032,\"height\":774},{\"@type\":\"BreadcrumbList\",\"@id\":\"https:\\\/\\\/valenciasjb.salesianos.edu\\\/colegio\\\/el-colegio-conmemora-el-dia-internacional-de-la-mujer-con-diferentes-iniciativas\\\/#breadcrumb\",\"itemListElement\":[{\"@type\":\"ListItem\",\"position\":1,\"name\":\"Portada\",\"item\":\"https:\\\/\\\/valenciasjb.salesianos.edu\\\/colegio\\\/\"},{\"@type\":\"ListItem\",\"position\":2,\"name\":\"El colegio conmemora el D\u00eda Internacional de la Mujer con diferentes iniciativas\"}]},{\"@type\":\"WebSite\",\"@id\":\"https:\\\/\\\/valenciasjb.salesianos.edu\\\/colegio\\\/#website\",\"url\":\"https:\\\/\\\/valenciasjb.salesianos.edu\\\/colegio\\\/\",\"name\":\"Colegio San Juan Bosco Valencia\",\"description\":\"P\u00e1gina oficial del Colegio Salesianos San Juan Bosco Valencia\",\"alternateName\":\"Salesianos.VSJB\",\"potentialAction\":[{\"@type\":\"SearchAction\",\"target\":{\"@type\":\"EntryPoint\",\"urlTemplate\":\"https:\\\/\\\/valenciasjb.salesianos.edu\\\/colegio\\\/?s={search_term_string}\"},\"query-input\":{\"@type\":\"PropertyValueSpecification\",\"valueRequired\":true,\"valueName\":\"search_term_string\"}}],\"inLanguage\":\"es\"},{\"@type\":\"Person\",\"@id\":\"https:\\\/\\\/valenciasjb.salesianos.edu\\\/colegio\\\/#\\\/schema\\\/person\\\/1f45b67e52b27da175190a574db6bed9\",\"name\":\"veronicapastor\",\"image\":{\"@type\":\"ImageObject\",\"inLanguage\":\"es\",\"@id\":\"https:\\\/\\\/secure.gravatar.com\\\/avatar\\\/e29bd40bace3fd935e1d6fdb7313ffc14628cc037c5e16f4c7369b20a2a6f7f0?s=96&d=mm&r=g\",\"url\":\"https:\\\/\\\/secure.gravatar.com\\\/avatar\\\/e29bd40bace3fd935e1d6fdb7313ffc14628cc037c5e16f4c7369b20a2a6f7f0?s=96&d=mm&r=g\",\"contentUrl\":\"https:\\\/\\\/secure.gravatar.com\\\/avatar\\\/e29bd40bace3fd935e1d6fdb7313ffc14628cc037c5e16f4c7369b20a2a6f7f0?s=96&d=mm&r=g\",\"caption\":\"veronicapastor\"}}]}<\/script>\n<!-- \/ Yoast SEO plugin. -->","yoast_head_json":{"title":"El colegio conmemora el D\u00eda Internacional de la Mujer con diferentes iniciativas - Colegio San Juan Bosco Valencia","robots":{"index":"index","follow":"follow","max-snippet":"max-snippet:-1","max-image-preview":"max-image-preview:large","max-video-preview":"max-video-preview:-1"},"canonical":"https:\/\/valenciasjb.salesianos.edu\/colegio\/el-colegio-conmemora-el-dia-internacional-de-la-mujer-con-diferentes-iniciativas\/","og_locale":"es_ES","og_type":"article","og_title":"El colegio conmemora el D\u00eda Internacional de la Mujer con diferentes iniciativas - Colegio San Juan Bosco Valencia","og_description":"Con motivo del D\u00eda Internacional de la Mujer, que conmemora la lucha por su participaci\u00f3n e igualdad de oportunidades en la sociedad, el cole se une al lema de las plataformas sociales salesianas para decir bien alto que queremos un mundo igualitario, sin injusticias y sin que ser mujer o ni\u00f1a sea un obst\u00e1culo, sobre [&hellip;]","og_url":"https:\/\/valenciasjb.salesianos.edu\/colegio\/el-colegio-conmemora-el-dia-internacional-de-la-mujer-con-diferentes-iniciativas\/","og_site_name":"Colegio San Juan Bosco Valencia","article_publisher":"https:\/\/www.facebook.com\/ColegioSalesianoSanJuanBoscoValencia","article_published_time":"2020-03-07T10:03:33+00:00","article_modified_time":"2020-03-07T10:04:30+00:00","og_image":[{"width":1032,"height":774,"url":"https:\/\/valenciasjb.salesianos.edu\/colegio\/wp-content\/uploads\/sites\/2\/2020\/03\/20200306_084148-1.jpg","type":"image\/jpeg"}],"author":"veronicapastor","twitter_card":"summary_large_image","twitter_creator":"@SalesianosVSJB","twitter_site":"@SalesianosVSJB","twitter_misc":{"Escrito por":"veronicapastor","Tiempo de lectura":"6 minutos"},"schema":{"@context":"https:\/\/schema.org","@graph":[{"@type":"Article","@id":"https:\/\/valenciasjb.salesianos.edu\/colegio\/el-colegio-conmemora-el-dia-internacional-de-la-mujer-con-diferentes-iniciativas\/#article","isPartOf":{"@id":"https:\/\/valenciasjb.salesianos.edu\/colegio\/el-colegio-conmemora-el-dia-internacional-de-la-mujer-con-diferentes-iniciativas\/"},"author":{"name":"veronicapastor","@id":"https:\/\/valenciasjb.salesianos.edu\/colegio\/#\/schema\/person\/1f45b67e52b27da175190a574db6bed9"},"headline":"El colegio conmemora el D\u00eda Internacional de la Mujer con diferentes iniciativas","datePublished":"2020-03-07T10:03:33+00:00","dateModified":"2020-03-07T10:04:30+00:00","mainEntityOfPage":{"@id":"https:\/\/valenciasjb.salesianos.edu\/colegio\/el-colegio-conmemora-el-dia-internacional-de-la-mujer-con-diferentes-iniciativas\/"},"wordCount":1197,"image":{"@id":"https:\/\/valenciasjb.salesianos.edu\/colegio\/el-colegio-conmemora-el-dia-internacional-de-la-mujer-con-diferentes-iniciativas\/#primaryimage"},"thumbnailUrl":"https:\/\/valenciasjb.salesianos.edu\/colegio\/wp-content\/uploads\/sites\/2\/2020\/03\/20200306_084148-1.jpg","articleSection":["Noticia Colegio"],"inLanguage":"es"},{"@type":"WebPage","@id":"https:\/\/valenciasjb.salesianos.edu\/colegio\/el-colegio-conmemora-el-dia-internacional-de-la-mujer-con-diferentes-iniciativas\/","url":"https:\/\/valenciasjb.salesianos.edu\/colegio\/el-colegio-conmemora-el-dia-internacional-de-la-mujer-con-diferentes-iniciativas\/","name":"El colegio conmemora el D\u00eda Internacional de la Mujer con diferentes iniciativas - Colegio San Juan Bosco Valencia","isPartOf":{"@id":"https:\/\/valenciasjb.salesianos.edu\/colegio\/#website"},"primaryImageOfPage":{"@id":"https:\/\/valenciasjb.salesianos.edu\/colegio\/el-colegio-conmemora-el-dia-internacional-de-la-mujer-con-diferentes-iniciativas\/#primaryimage"},"image":{"@id":"https:\/\/valenciasjb.salesianos.edu\/colegio\/el-colegio-conmemora-el-dia-internacional-de-la-mujer-con-diferentes-iniciativas\/#primaryimage"},"thumbnailUrl":"https:\/\/valenciasjb.salesianos.edu\/colegio\/wp-content\/uploads\/sites\/2\/2020\/03\/20200306_084148-1.jpg","datePublished":"2020-03-07T10:03:33+00:00","dateModified":"2020-03-07T10:04:30+00:00","author":{"@id":"https:\/\/valenciasjb.salesianos.edu\/colegio\/#\/schema\/person\/1f45b67e52b27da175190a574db6bed9"},"breadcrumb":{"@id":"https:\/\/valenciasjb.salesianos.edu\/colegio\/el-colegio-conmemora-el-dia-internacional-de-la-mujer-con-diferentes-iniciativas\/#breadcrumb"},"inLanguage":"es","potentialAction":[{"@type":"ReadAction","target":["https:\/\/valenciasjb.salesianos.edu\/colegio\/el-colegio-conmemora-el-dia-internacional-de-la-mujer-con-diferentes-iniciativas\/"]}]},{"@type":"ImageObject","inLanguage":"es","@id":"https:\/\/valenciasjb.salesianos.edu\/colegio\/el-colegio-conmemora-el-dia-internacional-de-la-mujer-con-diferentes-iniciativas\/#primaryimage","url":"https:\/\/valenciasjb.salesianos.edu\/colegio\/wp-content\/uploads\/sites\/2\/2020\/03\/20200306_084148-1.jpg","contentUrl":"https:\/\/valenciasjb.salesianos.edu\/colegio\/wp-content\/uploads\/sites\/2\/2020\/03\/20200306_084148-1.jpg","width":1032,"height":774},{"@type":"BreadcrumbList","@id":"https:\/\/valenciasjb.salesianos.edu\/colegio\/el-colegio-conmemora-el-dia-internacional-de-la-mujer-con-diferentes-iniciativas\/#breadcrumb","itemListElement":[{"@type":"ListItem","position":1,"name":"Portada","item":"https:\/\/valenciasjb.salesianos.edu\/colegio\/"},{"@type":"ListItem","position":2,"name":"El colegio conmemora el D\u00eda Internacional de la Mujer con diferentes iniciativas"}]},{"@type":"WebSite","@id":"https:\/\/valenciasjb.salesianos.edu\/colegio\/#website","url":"https:\/\/valenciasjb.salesianos.edu\/colegio\/","name":"Colegio San Juan Bosco Valencia","description":"P\u00e1gina oficial del Colegio Salesianos San Juan Bosco Valencia","alternateName":"Salesianos.VSJB","potentialAction":[{"@type":"SearchAction","target":{"@type":"EntryPoint","urlTemplate":"https:\/\/valenciasjb.salesianos.edu\/colegio\/?s={search_term_string}"},"query-input":{"@type":"PropertyValueSpecification","valueRequired":true,"valueName":"search_term_string"}}],"inLanguage":"es"},{"@type":"Person","@id":"https:\/\/valenciasjb.salesianos.edu\/colegio\/#\/schema\/person\/1f45b67e52b27da175190a574db6bed9","name":"veronicapastor","image":{"@type":"ImageObject","inLanguage":"es","@id":"https:\/\/secure.gravatar.com\/avatar\/e29bd40bace3fd935e1d6fdb7313ffc14628cc037c5e16f4c7369b20a2a6f7f0?s=96&d=mm&r=g","url":"https:\/\/secure.gravatar.com\/avatar\/e29bd40bace3fd935e1d6fdb7313ffc14628cc037c5e16f4c7369b20a2a6f7f0?s=96&d=mm&r=g","contentUrl":"https:\/\/secure.gravatar.com\/avatar\/e29bd40bace3fd935e1d6fdb7313ffc14628cc037c5e16f4c7369b20a2a6f7f0?s=96&d=mm&r=g","caption":"veronicapastor"}}]}},"_links":{"self":[{"href":"https:\/\/valenciasjb.salesianos.edu\/colegio\/wp-json\/wp\/v2\/posts\/12235","targetHints":{"allow":["GET"]}}],"collection":[{"href":"https:\/\/valenciasjb.salesianos.edu\/colegio\/wp-json\/wp\/v2\/posts"}],"about":[{"href":"https:\/\/valenciasjb.salesianos.edu\/colegio\/wp-json\/wp\/v2\/types\/post"}],"author":[{"embeddable":true,"href":"https:\/\/valenciasjb.salesianos.edu\/colegio\/wp-json\/wp\/v2\/users\/6"}],"replies":[{"embeddable":true,"href":"https:\/\/valenciasjb.salesianos.edu\/colegio\/wp-json\/wp\/v2\/comments?post=12235"}],"version-history":[{"count":5,"href":"https:\/\/valenciasjb.salesianos.edu\/colegio\/wp-json\/wp\/v2\/posts\/12235\/revisions"}],"predecessor-version":[{"id":12254,"href":"https:\/\/valenciasjb.salesianos.edu\/colegio\/wp-json\/wp\/v2\/posts\/12235\/revisions\/12254"}],"wp:featuredmedia":[{"embeddable":true,"href":"https:\/\/valenciasjb.salesianos.edu\/colegio\/wp-json\/wp\/v2\/media\/12247"}],"wp:attachment":[{"href":"https:\/\/valenciasjb.salesianos.edu\/colegio\/wp-json\/wp\/v2\/media?parent=12235"}],"wp:term":[{"taxonomy":"category","embeddable":true,"href":"https:\/\/valenciasjb.salesianos.edu\/colegio\/wp-json\/wp\/v2\/categories?post=12235"},{"taxonomy":"post_tag","embeddable":true,"href":"https:\/\/valenciasjb.salesianos.edu\/colegio\/wp-json\/wp\/v2\/tags?post=12235"}],"curies":[{"name":"wp","href":"https:\/\/api.w.org\/{rel}","templated":true}]}}