{"id":12272,"date":"2020-03-11T16:40:51","date_gmt":"2020-03-11T15:40:51","guid":{"rendered":"https:\/\/valenciasjb.salesianos.edu\/colegio\/?p=12272"},"modified":"2020-03-11T16:44:10","modified_gmt":"2020-03-11T15:44:10","slug":"el-colegio-informa-sobre-las-ultimas-notificaciones-de-conselleria-de-educacion-siguiendo-las-recomendaciones-del-ministerio-de-sanidad","status":"publish","type":"post","link":"https:\/\/valenciasjb.salesianos.edu\/colegio\/el-colegio-informa-sobre-las-ultimas-notificaciones-de-conselleria-de-educacion-siguiendo-las-recomendaciones-del-ministerio-de-sanidad\/","title":{"rendered":"El colegio informa sobre las \u00faltimas notificaciones de Conseller\u00eda de Educaci\u00f3n, siguiendo las recomendaciones del Ministerio de Sanidad"},"content":{"rendered":"<div id=\"fb-root\"><\/div>\n<p>[et_pb_section fb_built=\u00bb1&#8243; admin_label=\u00bbsection\u00bb _builder_version=\u00bb3.22&#8243;][et_pb_row admin_label=\u00bbrow\u00bb _builder_version=\u00bb3.25&#8243; background_size=\u00bbinitial\u00bb background_position=\u00bbtop_left\u00bb background_repeat=\u00bbrepeat\u00bb][et_pb_column type=\u00bb4_4&#8243; _builder_version=\u00bb3.25&#8243; custom_padding=\u00bb|||\u00bb custom_padding__hover=\u00bb|||\u00bb][et_pb_text admin_label=\u00bbEntradilla (Texto)\u00bb _builder_version=\u00bb4.0.9&#8243; text_font=\u00bb|on|||\u00bb text_orientation=\u00bbjustified\u00bb module_alignment=\u00bbjustified\u00bb]<\/p>\n<div id=\"resumen\"><strong>El Govern Valenci\u00e0 informa, siguiendo las recomendaciones del Ministerio de Sanidad, de aplazar la celebraci\u00f3n de las fiestas de la Magdalena y de las Fallas de este a\u00f1o, en el marco de la epidemia de COVID-19 que est\u00e1n sufriendo una gran cantidad de pa\u00edses y determinadas zonas del Estado espa\u00f1ol y que afecta ya a varias personas de nuestro pa\u00eds. Dicho esto, y siguiendo las indicaciones de los responsables de la Conseller\u00eda de Sanidad y del Ministerio de Sanidad, podemos convenir que, en estos momentos, no hay ninguna raz\u00f3n que justifique la introducci\u00f3n de cambios en el calendario lectivo previsto para el curso actual. Por tanto,<b>\u00a0la Conseller\u00eda de Educaci\u00f3n confirma que el calendario escolar se mantiene tal como estaba planificado<\/b>. Por tanto, el aplazamiento de las fiestas de Fallas y de la Magdalena no tiene que afectar a los d\u00edas marcados como no lectivos en el calendario escolar.\u00a0<\/strong><\/div>\n<div>\u00a0<\/div>\n<p>[\/et_pb_text][et_pb_text admin_label=\u00bbAutor (Texto)\u00bb _builder_version=\u00bb4.0.9&#8243; text_font=\u00bb||on||\u00bb][\/et_pb_text][et_pb_text admin_label=\u00bbDesarrollo (Texto)\u00bb _builder_version=\u00bb4.0.9&#8243; text_orientation=\u00bbjustified\u00bb module_alignment=\u00bbjustified\u00bb]<\/p>\n<p>Tenemos que manifestar que todas las decisiones que puedan suponer una alteraci\u00f3n del funcionamiento de los centros educativos solo se tomar\u00e1n atendiendo razones t\u00e9cnicas, sanitarias y de salud p\u00fablica.<\/p>\n<p>Queremos reiteraros que toda la informaci\u00f3n relacionada con la evoluci\u00f3n del COVID-19 y las consecuencias que pueda comportar para el sistema educativo os la enviaremos por los canales de comunicaci\u00f3n oficiales. No ten\u00e9is que hacer caso, por tanto, de otros mecanismos de transmisi\u00f3n de la informaci\u00f3n, que pueden llegar a no ser completamente fiables.<\/p>\n<p>Insistimos en que la Conseller\u00eda de Educaci\u00f3n, Cultura y Deporte est\u00e1 en contacto permanente con las autoridades sanitarias y sigue escrupulosamente las recomendaciones sobre los modos de proceder que nos llegan de estos profesionales.<\/p>\n<p>Os recordamos que, en el supuesto de que haya alguna persona de vuestra comunidad educativa que considere que tenga los s\u00edntomas caracter\u00edsticos del COVID-19, se tiene que poner en contacto con el tel\u00e9fono\u00a0<b>900 300 555<\/b>, donde recibir\u00e1 toda la informaci\u00f3n necesaria sobre la manera en la que tiene que actuar.<\/p>\n<p>Consideramos que tenemos que mantener la m\u00e1xima responsabilidad y normalidad posible para contribuir a apoyar al magn\u00edfico trabajo de los compa\u00f1eros y compa\u00f1eras del sistema p\u00fablico de salud que est\u00e1n lidiando para frenar los efectos de la epidemia y que, de esta forma, puedan continuar con la atenci\u00f3n habitual que realizan al resto de enfermedades.\u00a0<\/p>\n<p>La administraci\u00f3n educativa valenciana es del parecer que, en este momento, debido al impacto social del problema que estamos experimentando, tenemos que centrar todos los esfuerzos en infundir una dimensi\u00f3n comunitaria y solidaria a nuestras decisiones para proteger a las personas m\u00e1s vulnerables, minimizar la expansi\u00f3n y permitir que los responsables de salud puedan trabajar con la tranquilidad necesaria.<\/p>\n<p><span lang=\"ES\"><span style=\"color: #1b1b1b\">Reiteramos que hay que extremar la adopci\u00f3n de medidas de higiene personales y colectivas para hacer frente al problema, tal como nos indican los carteles informativos que se han colocado en todo el centro.<\/span><\/span><\/p>\n<p><span lang=\"ES\">Es por todo esto que buscamos vuestra complicidad a la hora de respetar las medidas de contenci\u00f3n previstas por las autoridades sanitarias y propiciar que prime la sensatez en las decisiones que se tomen, que, insistimos, siempre tendr\u00e1n que estar avaladas por las personas responsables del departamento de Salud P\u00fablica de la Generalitat Valenciana.<\/span><\/p>\n<p>Cualquier novedad relevante que se produzca relacionada con la evoluci\u00f3n del COVID-19 que pueda afectar al sistema educativo valenciano ser\u00e1 transmitida por los canales oficiales de comunicaci\u00f3n.<\/p>\n<p>[\/et_pb_text][et_pb_text disabled_on=\u00bboff|on|on\u00bb admin_label=\u00bbT\u00edtulo: Galer\u00eda de fotos (Texto)\u00bb _builder_version=\u00bb3.27.4&#8243; text_font=\u00bb|on|||\u00bb text_text_color=\u00bb#dc001b\u00bb border_style=\u00bbsolid\u00bb]Galer\u00eda de im\u00e1genes<br \/>\n[\/et_pb_text][et_pb_gallery posts_number=\u00bb8&#8243; show_title_and_caption=\u00bboff\u00bb zoom_icon_color=\u00bb#dc001b\u00bb hover_icon=\u00bb%%51%%\u00bb disabled_on=\u00bboff|off|off\u00bb _builder_version=\u00bb4.0.9&#8243; pagination_font_size_tablet=\u00bb51&#8243; pagination_line_height_tablet=\u00bb2&#8243;][\/et_pb_gallery][et_pb_video disabled_on=\u00bbon|on|on\u00bb _builder_version=\u00bb3.0.51&#8243; disabled=\u00bbon\u00bb][\/et_pb_video][\/et_pb_column][\/et_pb_row][\/et_pb_section][et_pb_section fb_built=\u00bb1&#8243; _builder_version=\u00bb4.0.9&#8243;][et_pb_row _builder_version=\u00bb4.0.9&#8243;][et_pb_column _builder_version=\u00bb4.0.9&#8243; type=\u00bb4_4&#8243;][et_pb_image _builder_version=\u00bb4.0.9&#8243; src=\u00bbhttps:\/\/valenciasjb.salesianos.edu\/colegio\/wp-content\/uploads\/sites\/2\/2020\/03\/sketch-1583940559509-1.jpg\u00bb hover_enabled=\u00bb0&#8243;][\/et_pb_image][\/et_pb_column][\/et_pb_row][\/et_pb_section]<\/p>\n<!-- AddThis Advanced Settings generic via filter on the_content --><!-- AddThis Share Buttons generic via filter on the_content -->","protected":false},"excerpt":{"rendered":"<p>El Govern Valenci\u00e0 informa, siguiendo las recomendaciones del Ministerio de Sanidad, de aplazar la celebraci\u00f3n de las fiestas de la Magdalena y de las Fallas de este a\u00f1o, en el marco de la epidemia de COVID-19 que est\u00e1n sufriendo una gran cantidad de pa\u00edses y determinadas zonas del Estado espa\u00f1ol y que afecta ya a [&hellip;]<\/p>\n<p><!-- AddThis Advanced Settings generic via filter on get_the_excerpt --><!-- AddThis Share Buttons generic via filter on get_the_excerpt --><\/p>\n","protected":false},"author":6,"featured_media":12275,"comment_status":"closed","ping_status":"open","sticky":false,"template":"","format":"standard","meta":{"_et_pb_use_builder":"on","_et_pb_old_content":"","_et_gb_content_width":"","footnotes":""},"categories":[14],"tags":[],"class_list":["post-12272","post","type-post","status-publish","format-standard","has-post-thumbnail","hentry","category-noticia_colegio"],"yoast_head":"<!-- This site is optimized with the Yoast SEO plugin v28.4 - https:\/\/yoast.com\/product\/yoast-seo-wordpress\/ -->\n<title>El colegio informa sobre las \u00faltimas notificaciones de Conseller\u00eda de Educaci\u00f3n, siguiendo las recomendaciones del Ministerio de Sanidad - Colegio San Juan Bosco Valencia<\/title>\n<meta name=\"robots\" content=\"index, follow, max-snippet:-1, max-image-preview:large, max-video-preview:-1\" \/>\n<link rel=\"canonical\" href=\"https:\/\/valenciasjb.salesianos.edu\/colegio\/el-colegio-informa-sobre-las-ultimas-notificaciones-de-conselleria-de-educacion-siguiendo-las-recomendaciones-del-ministerio-de-sanidad\/\" \/>\n<meta property=\"og:locale\" content=\"es_ES\" \/>\n<meta property=\"og:type\" content=\"article\" \/>\n<meta property=\"og:title\" content=\"El colegio informa sobre las \u00faltimas notificaciones de Conseller\u00eda de Educaci\u00f3n, siguiendo las recomendaciones del Ministerio de Sanidad - Colegio San Juan Bosco Valencia\" \/>\n<meta property=\"og:description\" content=\"El Govern Valenci\u00e0 informa, siguiendo las recomendaciones del Ministerio de Sanidad, de aplazar la celebraci\u00f3n de las fiestas de la Magdalena y de las Fallas de este a\u00f1o, en el marco de la epidemia de COVID-19 que est\u00e1n sufriendo una gran cantidad de pa\u00edses y determinadas zonas del Estado espa\u00f1ol y que afecta ya a [&hellip;]\" \/>\n<meta property=\"og:url\" content=\"https:\/\/valenciasjb.salesianos.edu\/colegio\/el-colegio-informa-sobre-las-ultimas-notificaciones-de-conselleria-de-educacion-siguiendo-las-recomendaciones-del-ministerio-de-sanidad\/\" \/>\n<meta property=\"og:site_name\" content=\"Colegio San Juan Bosco Valencia\" \/>\n<meta property=\"article:publisher\" content=\"https:\/\/www.facebook.com\/ColegioSalesianoSanJuanBoscoValencia\" \/>\n<meta property=\"article:published_time\" content=\"2020-03-11T15:40:51+00:00\" \/>\n<meta property=\"article:modified_time\" content=\"2020-03-11T15:44:10+00:00\" \/>\n<meta property=\"og:image\" content=\"https:\/\/valenciasjb.salesianos.edu\/colegio\/wp-content\/uploads\/sites\/2\/2020\/03\/sketch-1583940559509.jpg\" \/>\n\t<meta property=\"og:image:width\" content=\"720\" \/>\n\t<meta property=\"og:image:height\" content=\"1280\" \/>\n\t<meta property=\"og:image:type\" content=\"image\/jpeg\" \/>\n<meta name=\"author\" content=\"veronicapastor\" \/>\n<meta name=\"twitter:card\" content=\"summary_large_image\" \/>\n<meta name=\"twitter:creator\" content=\"@SalesianosVSJB\" \/>\n<meta name=\"twitter:site\" content=\"@SalesianosVSJB\" \/>\n<meta name=\"twitter:label1\" content=\"Escrito por\" \/>\n\t<meta name=\"twitter:data1\" content=\"veronicapastor\" \/>\n\t<meta name=\"twitter:label2\" content=\"Tiempo de lectura\" \/>\n\t<meta name=\"twitter:data2\" content=\"4 minutos\" \/>\n<script type=\"application\/ld+json\" class=\"yoast-schema-graph\">{\"@context\":\"https:\\\/\\\/schema.org\",\"@graph\":[{\"@type\":\"Article\",\"@id\":\"https:\\\/\\\/valenciasjb.salesianos.edu\\\/colegio\\\/el-colegio-informa-sobre-las-ultimas-notificaciones-de-conselleria-de-educacion-siguiendo-las-recomendaciones-del-ministerio-de-sanidad\\\/#article\",\"isPartOf\":{\"@id\":\"https:\\\/\\\/valenciasjb.salesianos.edu\\\/colegio\\\/el-colegio-informa-sobre-las-ultimas-notificaciones-de-conselleria-de-educacion-siguiendo-las-recomendaciones-del-ministerio-de-sanidad\\\/\"},\"author\":{\"name\":\"veronicapastor\",\"@id\":\"https:\\\/\\\/valenciasjb.salesianos.edu\\\/colegio\\\/#\\\/schema\\\/person\\\/1f45b67e52b27da175190a574db6bed9\"},\"headline\":\"El colegio informa sobre las \u00faltimas notificaciones de Conseller\u00eda de Educaci\u00f3n, siguiendo las recomendaciones del Ministerio de Sanidad\",\"datePublished\":\"2020-03-11T15:40:51+00:00\",\"dateModified\":\"2020-03-11T15:44:10+00:00\",\"mainEntityOfPage\":{\"@id\":\"https:\\\/\\\/valenciasjb.salesianos.edu\\\/colegio\\\/el-colegio-informa-sobre-las-ultimas-notificaciones-de-conselleria-de-educacion-siguiendo-las-recomendaciones-del-ministerio-de-sanidad\\\/\"},\"wordCount\":847,\"image\":{\"@id\":\"https:\\\/\\\/valenciasjb.salesianos.edu\\\/colegio\\\/el-colegio-informa-sobre-las-ultimas-notificaciones-de-conselleria-de-educacion-siguiendo-las-recomendaciones-del-ministerio-de-sanidad\\\/#primaryimage\"},\"thumbnailUrl\":\"https:\\\/\\\/valenciasjb.salesianos.edu\\\/colegio\\\/wp-content\\\/uploads\\\/sites\\\/2\\\/2020\\\/03\\\/sketch-1583940559509.jpg\",\"articleSection\":[\"Noticia Colegio\"],\"inLanguage\":\"es\"},{\"@type\":\"WebPage\",\"@id\":\"https:\\\/\\\/valenciasjb.salesianos.edu\\\/colegio\\\/el-colegio-informa-sobre-las-ultimas-notificaciones-de-conselleria-de-educacion-siguiendo-las-recomendaciones-del-ministerio-de-sanidad\\\/\",\"url\":\"https:\\\/\\\/valenciasjb.salesianos.edu\\\/colegio\\\/el-colegio-informa-sobre-las-ultimas-notificaciones-de-conselleria-de-educacion-siguiendo-las-recomendaciones-del-ministerio-de-sanidad\\\/\",\"name\":\"El colegio informa sobre las \u00faltimas notificaciones de Conseller\u00eda de Educaci\u00f3n, siguiendo las recomendaciones del Ministerio de Sanidad - Colegio San Juan Bosco Valencia\",\"isPartOf\":{\"@id\":\"https:\\\/\\\/valenciasjb.salesianos.edu\\\/colegio\\\/#website\"},\"primaryImageOfPage\":{\"@id\":\"https:\\\/\\\/valenciasjb.salesianos.edu\\\/colegio\\\/el-colegio-informa-sobre-las-ultimas-notificaciones-de-conselleria-de-educacion-siguiendo-las-recomendaciones-del-ministerio-de-sanidad\\\/#primaryimage\"},\"image\":{\"@id\":\"https:\\\/\\\/valenciasjb.salesianos.edu\\\/colegio\\\/el-colegio-informa-sobre-las-ultimas-notificaciones-de-conselleria-de-educacion-siguiendo-las-recomendaciones-del-ministerio-de-sanidad\\\/#primaryimage\"},\"thumbnailUrl\":\"https:\\\/\\\/valenciasjb.salesianos.edu\\\/colegio\\\/wp-content\\\/uploads\\\/sites\\\/2\\\/2020\\\/03\\\/sketch-1583940559509.jpg\",\"datePublished\":\"2020-03-11T15:40:51+00:00\",\"dateModified\":\"2020-03-11T15:44:10+00:00\",\"author\":{\"@id\":\"https:\\\/\\\/valenciasjb.salesianos.edu\\\/colegio\\\/#\\\/schema\\\/person\\\/1f45b67e52b27da175190a574db6bed9\"},\"breadcrumb\":{\"@id\":\"https:\\\/\\\/valenciasjb.salesianos.edu\\\/colegio\\\/el-colegio-informa-sobre-las-ultimas-notificaciones-de-conselleria-de-educacion-siguiendo-las-recomendaciones-del-ministerio-de-sanidad\\\/#breadcrumb\"},\"inLanguage\":\"es\",\"potentialAction\":[{\"@type\":\"ReadAction\",\"target\":[\"https:\\\/\\\/valenciasjb.salesianos.edu\\\/colegio\\\/el-colegio-informa-sobre-las-ultimas-notificaciones-de-conselleria-de-educacion-siguiendo-las-recomendaciones-del-ministerio-de-sanidad\\\/\"]}]},{\"@type\":\"ImageObject\",\"inLanguage\":\"es\",\"@id\":\"https:\\\/\\\/valenciasjb.salesianos.edu\\\/colegio\\\/el-colegio-informa-sobre-las-ultimas-notificaciones-de-conselleria-de-educacion-siguiendo-las-recomendaciones-del-ministerio-de-sanidad\\\/#primaryimage\",\"url\":\"https:\\\/\\\/valenciasjb.salesianos.edu\\\/colegio\\\/wp-content\\\/uploads\\\/sites\\\/2\\\/2020\\\/03\\\/sketch-1583940559509.jpg\",\"contentUrl\":\"https:\\\/\\\/valenciasjb.salesianos.edu\\\/colegio\\\/wp-content\\\/uploads\\\/sites\\\/2\\\/2020\\\/03\\\/sketch-1583940559509.jpg\",\"width\":720,\"height\":1280},{\"@type\":\"BreadcrumbList\",\"@id\":\"https:\\\/\\\/valenciasjb.salesianos.edu\\\/colegio\\\/el-colegio-informa-sobre-las-ultimas-notificaciones-de-conselleria-de-educacion-siguiendo-las-recomendaciones-del-ministerio-de-sanidad\\\/#breadcrumb\",\"itemListElement\":[{\"@type\":\"ListItem\",\"position\":1,\"name\":\"Portada\",\"item\":\"https:\\\/\\\/valenciasjb.salesianos.edu\\\/colegio\\\/\"},{\"@type\":\"ListItem\",\"position\":2,\"name\":\"El colegio informa sobre las \u00faltimas notificaciones de Conseller\u00eda de Educaci\u00f3n, siguiendo las recomendaciones del Ministerio de Sanidad\"}]},{\"@type\":\"WebSite\",\"@id\":\"https:\\\/\\\/valenciasjb.salesianos.edu\\\/colegio\\\/#website\",\"url\":\"https:\\\/\\\/valenciasjb.salesianos.edu\\\/colegio\\\/\",\"name\":\"Colegio San Juan Bosco Valencia\",\"description\":\"P\u00e1gina oficial del Colegio Salesianos San Juan Bosco Valencia\",\"alternateName\":\"Salesianos.VSJB\",\"potentialAction\":[{\"@type\":\"SearchAction\",\"target\":{\"@type\":\"EntryPoint\",\"urlTemplate\":\"https:\\\/\\\/valenciasjb.salesianos.edu\\\/colegio\\\/?s={search_term_string}\"},\"query-input\":{\"@type\":\"PropertyValueSpecification\",\"valueRequired\":true,\"valueName\":\"search_term_string\"}}],\"inLanguage\":\"es\"},{\"@type\":\"Person\",\"@id\":\"https:\\\/\\\/valenciasjb.salesianos.edu\\\/colegio\\\/#\\\/schema\\\/person\\\/1f45b67e52b27da175190a574db6bed9\",\"name\":\"veronicapastor\",\"image\":{\"@type\":\"ImageObject\",\"inLanguage\":\"es\",\"@id\":\"https:\\\/\\\/secure.gravatar.com\\\/avatar\\\/e29bd40bace3fd935e1d6fdb7313ffc14628cc037c5e16f4c7369b20a2a6f7f0?s=96&d=mm&r=g\",\"url\":\"https:\\\/\\\/secure.gravatar.com\\\/avatar\\\/e29bd40bace3fd935e1d6fdb7313ffc14628cc037c5e16f4c7369b20a2a6f7f0?s=96&d=mm&r=g\",\"contentUrl\":\"https:\\\/\\\/secure.gravatar.com\\\/avatar\\\/e29bd40bace3fd935e1d6fdb7313ffc14628cc037c5e16f4c7369b20a2a6f7f0?s=96&d=mm&r=g\",\"caption\":\"veronicapastor\"}}]}<\/script>\n<!-- \/ Yoast SEO plugin. -->","yoast_head_json":{"title":"El colegio informa sobre las \u00faltimas notificaciones de Conseller\u00eda de Educaci\u00f3n, siguiendo las recomendaciones del Ministerio de Sanidad - Colegio San Juan Bosco Valencia","robots":{"index":"index","follow":"follow","max-snippet":"max-snippet:-1","max-image-preview":"max-image-preview:large","max-video-preview":"max-video-preview:-1"},"canonical":"https:\/\/valenciasjb.salesianos.edu\/colegio\/el-colegio-informa-sobre-las-ultimas-notificaciones-de-conselleria-de-educacion-siguiendo-las-recomendaciones-del-ministerio-de-sanidad\/","og_locale":"es_ES","og_type":"article","og_title":"El colegio informa sobre las \u00faltimas notificaciones de Conseller\u00eda de Educaci\u00f3n, siguiendo las recomendaciones del Ministerio de Sanidad - Colegio San Juan Bosco Valencia","og_description":"El Govern Valenci\u00e0 informa, siguiendo las recomendaciones del Ministerio de Sanidad, de aplazar la celebraci\u00f3n de las fiestas de la Magdalena y de las Fallas de este a\u00f1o, en el marco de la epidemia de COVID-19 que est\u00e1n sufriendo una gran cantidad de pa\u00edses y determinadas zonas del Estado espa\u00f1ol y que afecta ya a [&hellip;]","og_url":"https:\/\/valenciasjb.salesianos.edu\/colegio\/el-colegio-informa-sobre-las-ultimas-notificaciones-de-conselleria-de-educacion-siguiendo-las-recomendaciones-del-ministerio-de-sanidad\/","og_site_name":"Colegio San Juan Bosco Valencia","article_publisher":"https:\/\/www.facebook.com\/ColegioSalesianoSanJuanBoscoValencia","article_published_time":"2020-03-11T15:40:51+00:00","article_modified_time":"2020-03-11T15:44:10+00:00","og_image":[{"width":720,"height":1280,"url":"https:\/\/valenciasjb.salesianos.edu\/colegio\/wp-content\/uploads\/sites\/2\/2020\/03\/sketch-1583940559509.jpg","type":"image\/jpeg"}],"author":"veronicapastor","twitter_card":"summary_large_image","twitter_creator":"@SalesianosVSJB","twitter_site":"@SalesianosVSJB","twitter_misc":{"Escrito por":"veronicapastor","Tiempo de lectura":"4 minutos"},"schema":{"@context":"https:\/\/schema.org","@graph":[{"@type":"Article","@id":"https:\/\/valenciasjb.salesianos.edu\/colegio\/el-colegio-informa-sobre-las-ultimas-notificaciones-de-conselleria-de-educacion-siguiendo-las-recomendaciones-del-ministerio-de-sanidad\/#article","isPartOf":{"@id":"https:\/\/valenciasjb.salesianos.edu\/colegio\/el-colegio-informa-sobre-las-ultimas-notificaciones-de-conselleria-de-educacion-siguiendo-las-recomendaciones-del-ministerio-de-sanidad\/"},"author":{"name":"veronicapastor","@id":"https:\/\/valenciasjb.salesianos.edu\/colegio\/#\/schema\/person\/1f45b67e52b27da175190a574db6bed9"},"headline":"El colegio informa sobre las \u00faltimas notificaciones de Conseller\u00eda de Educaci\u00f3n, siguiendo las recomendaciones del Ministerio de Sanidad","datePublished":"2020-03-11T15:40:51+00:00","dateModified":"2020-03-11T15:44:10+00:00","mainEntityOfPage":{"@id":"https:\/\/valenciasjb.salesianos.edu\/colegio\/el-colegio-informa-sobre-las-ultimas-notificaciones-de-conselleria-de-educacion-siguiendo-las-recomendaciones-del-ministerio-de-sanidad\/"},"wordCount":847,"image":{"@id":"https:\/\/valenciasjb.salesianos.edu\/colegio\/el-colegio-informa-sobre-las-ultimas-notificaciones-de-conselleria-de-educacion-siguiendo-las-recomendaciones-del-ministerio-de-sanidad\/#primaryimage"},"thumbnailUrl":"https:\/\/valenciasjb.salesianos.edu\/colegio\/wp-content\/uploads\/sites\/2\/2020\/03\/sketch-1583940559509.jpg","articleSection":["Noticia Colegio"],"inLanguage":"es"},{"@type":"WebPage","@id":"https:\/\/valenciasjb.salesianos.edu\/colegio\/el-colegio-informa-sobre-las-ultimas-notificaciones-de-conselleria-de-educacion-siguiendo-las-recomendaciones-del-ministerio-de-sanidad\/","url":"https:\/\/valenciasjb.salesianos.edu\/colegio\/el-colegio-informa-sobre-las-ultimas-notificaciones-de-conselleria-de-educacion-siguiendo-las-recomendaciones-del-ministerio-de-sanidad\/","name":"El colegio informa sobre las \u00faltimas notificaciones de Conseller\u00eda de Educaci\u00f3n, siguiendo las recomendaciones del Ministerio de Sanidad - Colegio San Juan Bosco Valencia","isPartOf":{"@id":"https:\/\/valenciasjb.salesianos.edu\/colegio\/#website"},"primaryImageOfPage":{"@id":"https:\/\/valenciasjb.salesianos.edu\/colegio\/el-colegio-informa-sobre-las-ultimas-notificaciones-de-conselleria-de-educacion-siguiendo-las-recomendaciones-del-ministerio-de-sanidad\/#primaryimage"},"image":{"@id":"https:\/\/valenciasjb.salesianos.edu\/colegio\/el-colegio-informa-sobre-las-ultimas-notificaciones-de-conselleria-de-educacion-siguiendo-las-recomendaciones-del-ministerio-de-sanidad\/#primaryimage"},"thumbnailUrl":"https:\/\/valenciasjb.salesianos.edu\/colegio\/wp-content\/uploads\/sites\/2\/2020\/03\/sketch-1583940559509.jpg","datePublished":"2020-03-11T15:40:51+00:00","dateModified":"2020-03-11T15:44:10+00:00","author":{"@id":"https:\/\/valenciasjb.salesianos.edu\/colegio\/#\/schema\/person\/1f45b67e52b27da175190a574db6bed9"},"breadcrumb":{"@id":"https:\/\/valenciasjb.salesianos.edu\/colegio\/el-colegio-informa-sobre-las-ultimas-notificaciones-de-conselleria-de-educacion-siguiendo-las-recomendaciones-del-ministerio-de-sanidad\/#breadcrumb"},"inLanguage":"es","potentialAction":[{"@type":"ReadAction","target":["https:\/\/valenciasjb.salesianos.edu\/colegio\/el-colegio-informa-sobre-las-ultimas-notificaciones-de-conselleria-de-educacion-siguiendo-las-recomendaciones-del-ministerio-de-sanidad\/"]}]},{"@type":"ImageObject","inLanguage":"es","@id":"https:\/\/valenciasjb.salesianos.edu\/colegio\/el-colegio-informa-sobre-las-ultimas-notificaciones-de-conselleria-de-educacion-siguiendo-las-recomendaciones-del-ministerio-de-sanidad\/#primaryimage","url":"https:\/\/valenciasjb.salesianos.edu\/colegio\/wp-content\/uploads\/sites\/2\/2020\/03\/sketch-1583940559509.jpg","contentUrl":"https:\/\/valenciasjb.salesianos.edu\/colegio\/wp-content\/uploads\/sites\/2\/2020\/03\/sketch-1583940559509.jpg","width":720,"height":1280},{"@type":"BreadcrumbList","@id":"https:\/\/valenciasjb.salesianos.edu\/colegio\/el-colegio-informa-sobre-las-ultimas-notificaciones-de-conselleria-de-educacion-siguiendo-las-recomendaciones-del-ministerio-de-sanidad\/#breadcrumb","itemListElement":[{"@type":"ListItem","position":1,"name":"Portada","item":"https:\/\/valenciasjb.salesianos.edu\/colegio\/"},{"@type":"ListItem","position":2,"name":"El colegio informa sobre las \u00faltimas notificaciones de Conseller\u00eda de Educaci\u00f3n, siguiendo las recomendaciones del Ministerio de Sanidad"}]},{"@type":"WebSite","@id":"https:\/\/valenciasjb.salesianos.edu\/colegio\/#website","url":"https:\/\/valenciasjb.salesianos.edu\/colegio\/","name":"Colegio San Juan Bosco Valencia","description":"P\u00e1gina oficial del Colegio Salesianos San Juan Bosco Valencia","alternateName":"Salesianos.VSJB","potentialAction":[{"@type":"SearchAction","target":{"@type":"EntryPoint","urlTemplate":"https:\/\/valenciasjb.salesianos.edu\/colegio\/?s={search_term_string}"},"query-input":{"@type":"PropertyValueSpecification","valueRequired":true,"valueName":"search_term_string"}}],"inLanguage":"es"},{"@type":"Person","@id":"https:\/\/valenciasjb.salesianos.edu\/colegio\/#\/schema\/person\/1f45b67e52b27da175190a574db6bed9","name":"veronicapastor","image":{"@type":"ImageObject","inLanguage":"es","@id":"https:\/\/secure.gravatar.com\/avatar\/e29bd40bace3fd935e1d6fdb7313ffc14628cc037c5e16f4c7369b20a2a6f7f0?s=96&d=mm&r=g","url":"https:\/\/secure.gravatar.com\/avatar\/e29bd40bace3fd935e1d6fdb7313ffc14628cc037c5e16f4c7369b20a2a6f7f0?s=96&d=mm&r=g","contentUrl":"https:\/\/secure.gravatar.com\/avatar\/e29bd40bace3fd935e1d6fdb7313ffc14628cc037c5e16f4c7369b20a2a6f7f0?s=96&d=mm&r=g","caption":"veronicapastor"}}]}},"_links":{"self":[{"href":"https:\/\/valenciasjb.salesianos.edu\/colegio\/wp-json\/wp\/v2\/posts\/12272","targetHints":{"allow":["GET"]}}],"collection":[{"href":"https:\/\/valenciasjb.salesianos.edu\/colegio\/wp-json\/wp\/v2\/posts"}],"about":[{"href":"https:\/\/valenciasjb.salesianos.edu\/colegio\/wp-json\/wp\/v2\/types\/post"}],"author":[{"embeddable":true,"href":"https:\/\/valenciasjb.salesianos.edu\/colegio\/wp-json\/wp\/v2\/users\/6"}],"replies":[{"embeddable":true,"href":"https:\/\/valenciasjb.salesianos.edu\/colegio\/wp-json\/wp\/v2\/comments?post=12272"}],"version-history":[{"count":5,"href":"https:\/\/valenciasjb.salesianos.edu\/colegio\/wp-json\/wp\/v2\/posts\/12272\/revisions"}],"predecessor-version":[{"id":12281,"href":"https:\/\/valenciasjb.salesianos.edu\/colegio\/wp-json\/wp\/v2\/posts\/12272\/revisions\/12281"}],"wp:featuredmedia":[{"embeddable":true,"href":"https:\/\/valenciasjb.salesianos.edu\/colegio\/wp-json\/wp\/v2\/media\/12275"}],"wp:attachment":[{"href":"https:\/\/valenciasjb.salesianos.edu\/colegio\/wp-json\/wp\/v2\/media?parent=12272"}],"wp:term":[{"taxonomy":"category","embeddable":true,"href":"https:\/\/valenciasjb.salesianos.edu\/colegio\/wp-json\/wp\/v2\/categories?post=12272"},{"taxonomy":"post_tag","embeddable":true,"href":"https:\/\/valenciasjb.salesianos.edu\/colegio\/wp-json\/wp\/v2\/tags?post=12272"}],"curies":[{"name":"wp","href":"https:\/\/api.w.org\/{rel}","templated":true}]}}