{"id":12283,"date":"2020-03-17T10:50:44","date_gmt":"2020-03-17T09:50:44","guid":{"rendered":"https:\/\/valenciasjb.salesianos.edu\/colegio\/?p=12283"},"modified":"2020-03-17T10:50:48","modified_gmt":"2020-03-17T09:50:48","slug":"los-alumnos-de-educacion-infantil-celebran-su-semana-fallera-en-el-colegio","status":"publish","type":"post","link":"https:\/\/valenciasjb.salesianos.edu\/colegio\/los-alumnos-de-educacion-infantil-celebran-su-semana-fallera-en-el-colegio\/","title":{"rendered":"Los alumnos de Educaci\u00f3n Infantil, celebran su \u00abSemana Fallera\u00bb en el colegio"},"content":{"rendered":"<div id=\"fb-root\"><\/div>\n<p>[et_pb_section fb_built=\u00bb1&#8243; admin_label=\u00bbsection\u00bb _builder_version=\u00bb3.22&#8243;][et_pb_row admin_label=\u00bbrow\u00bb _builder_version=\u00bb3.25&#8243; background_size=\u00bbinitial\u00bb background_position=\u00bbtop_left\u00bb background_repeat=\u00bbrepeat\u00bb][et_pb_column type=\u00bb4_4&#8243; _builder_version=\u00bb3.25&#8243; custom_padding=\u00bb|||\u00bb custom_padding__hover=\u00bb|||\u00bb][et_pb_text admin_label=\u00bbEntradilla (Texto)\u00bb _builder_version=\u00bb4.0.9&#8243; text_font=\u00bb|on|||\u00bb text_orientation=\u00bbjustified\u00bb module_alignment=\u00bbjustified\u00bb hover_enabled=\u00bb0&#8243;]<\/p>\n<div id=\"resumen\"><strong>Los alumnos\u00a0 de Infantil de nuestro cole han sido de los pocos que este a\u00f1o \u00a0han podido disfrutar de diversas actividades falleras<\/strong><\/div>\n<div>\u00a0<\/div>\n<p>[\/et_pb_text][et_pb_text admin_label=\u00bbAutor (Texto)\u00bb _builder_version=\u00bb4.0.9&#8243; text_font=\u00bb||on||\u00bb hover_enabled=\u00bb0&#8243;]<\/p>\n<p>Lourdes Muli\u00f3. Profesora de Infantil.<\/p>\n<p>[\/et_pb_text][et_pb_text admin_label=\u00bbDesarrollo (Texto)\u00bb _builder_version=\u00bb4.0.9&#8243; text_orientation=\u00bbjustified\u00bb module_alignment=\u00bbjustified\u00bb hover_enabled=\u00bb0&#8243;]<\/p>\n<p>Durante la semana del 9 al 13 marzo, los alumnos de Educaci\u00f3n Infantil han vivido su Semana Fallera en el colegio, bajo el lema \u00abUsa la ment i cuida al mediambient\u00bb. El equipo docente ha querido reforzar con este lema que nuestro cole es respetuoso con el medioambiente y que ha comenzado a trabajar para llegar a ser un colegio m\u00e1s verde y concienciar a los m\u00e1s peque\u00f1os de la importancia de cuidar nuestro planeta a trav\u00e9s de nuestra falla.<\/p>\n<p>Aunque\u00a0 el objetivo es ambicioso y complicado, el claustro ha querido hacer part\u00edcipe a todas las familias y que sean ellas las principales protagonistas. Para ello han lanzado la propuesta de que sean las propias familias, junto con sus peque\u00f1os, quienes se conviertan en grandes artistas falleros y realicen conjuntamente, en casa, los ninots de nuestra admirada falla.<\/p>\n<p>Los alumnos m\u00e1s peque\u00f1os, <strong>3 a\u00f1itos<\/strong>, han realizado verdaderas maravillas de ejemplos de naturaleza limpia, montes, oc\u00e9anos, bosques&#8230;, o ejemplos de naturaleza sucia, contaminada, desforestaci\u00f3n, etc.<\/p>\n<p>Los\u00a0 medianos, <strong>4 a\u00f1os<\/strong>, no se han quedado atr\u00e1s con sus ciudades sostenibles (medios de transporte, fuentes de energ\u00eda sostenibles como molinos de viento, paneles solares, saltos de agua) y ciudades contaminadas y sucias.<\/p>\n<p>Y los m\u00e1s mayores, <strong>5 a\u00f1os<\/strong>, han elaborado\u00a0 escenas\u00a0 relacionadas con el reciclaje y oficios relacionados con el cuidado del medio ambiente (contenedores, basureros, plantas de reciclaje, guardias forestales,&#8230;).<\/p>\n<p>Las se\u00f1os de la etapa han preparado un programa repleto de actividades para los m\u00e1s peque\u00f1os, poniendo as\u00ed de manifiesto el car\u00e1cter educativo y socializador de las Fallas.<\/p>\n<p>Dicho programa se inici\u00f3 el lunes d\u00eda 9 con la \u00abplant\u00e0\u00bb de la Falla, lo que se hizo posible gracias a los padres y madres que quisieron contribuir con la realizaci\u00f3n de un \u00abninot\u00bb. Ha sido tanta la colaboraci\u00f3n de las familias, que por segundo a\u00f1o consecutivo hemos plantado dos fallas, una en el hall del pabell\u00f3n de infantil con los ninots aportados por las familias de los alumnos de tres a\u00f1os y otra falla m\u00e1s grande en el patio de la planta baja de infantil con los ninots elaborados por los alumnos y alumnas de cuatro y cinco a\u00f1os.<\/p>\n<p>Como si de una comisi\u00f3n fallera m\u00e1s se tratara, los alumnos y alumnas han disfrutado de distintas actividades t\u00edpicas de estas fechas: visita a la falla, pasacalles, ofrenda a la \u00abMare de D\u00e9u\u00bb,&#8230; por \u00faltimo a lo largo de la ma\u00f1ana del d\u00eda 13 se han endulzado con una Xocolat\u00e0 patrocinada por A.M.P.A.S.<\/p>\n<p>\u200b<\/p>\n<p>[\/et_pb_text][et_pb_text disabled_on=\u00bboff|on|on\u00bb admin_label=\u00bbT\u00edtulo: Galer\u00eda de fotos (Texto)\u00bb _builder_version=\u00bb3.27.4&#8243; text_font=\u00bb|on|||\u00bb text_text_color=\u00bb#dc001b\u00bb border_style=\u00bbsolid\u00bb]Galer\u00eda de im\u00e1genes<br \/>\n[\/et_pb_text][et_pb_gallery gallery_ids=\u00bb12286,12288,12289,12290,12291,12292,12293,12294,12295,12296,12297,12299,12300&#8243; posts_number=\u00bb8&#8243; show_title_and_caption=\u00bboff\u00bb zoom_icon_color=\u00bb#dc001b\u00bb hover_icon=\u00bb%%51%%\u00bb disabled_on=\u00bboff|off|off\u00bb _builder_version=\u00bb4.0.9&#8243; hover_enabled=\u00bb0&#8243; pagination_font_size_tablet=\u00bb51&#8243; pagination_line_height_tablet=\u00bb2&#8243;][\/et_pb_gallery][et_pb_video disabled_on=\u00bbon|on|on\u00bb _builder_version=\u00bb3.0.51&#8243; disabled=\u00bbon\u00bb][\/et_pb_video][\/et_pb_column][\/et_pb_row][\/et_pb_section]<\/p>\n<!-- AddThis Advanced Settings generic via filter on the_content --><!-- AddThis Share Buttons generic via filter on the_content -->","protected":false},"excerpt":{"rendered":"<p>Los alumnos\u00a0 de Infantil de nuestro cole han sido de los pocos que este a\u00f1o \u00a0han podido disfrutar de diversas actividades falleras \u00a0 Lourdes Muli\u00f3. Profesora de Infantil. Durante la semana del 9 al 13 marzo, los alumnos de Educaci\u00f3n Infantil han vivido su Semana Fallera en el colegio, bajo el lema \u00abUsa la ment [&hellip;]<\/p>\n<p><!-- AddThis Advanced Settings generic via filter on get_the_excerpt --><!-- AddThis Share Buttons generic via filter on get_the_excerpt --><\/p>\n","protected":false},"author":6,"featured_media":12290,"comment_status":"closed","ping_status":"open","sticky":false,"template":"","format":"standard","meta":{"_et_pb_use_builder":"on","_et_pb_old_content":"","_et_gb_content_width":"","footnotes":""},"categories":[14],"tags":[],"class_list":["post-12283","post","type-post","status-publish","format-standard","has-post-thumbnail","hentry","category-noticia_colegio"],"yoast_head":"<!-- This site is optimized with the Yoast SEO plugin v28.4 - https:\/\/yoast.com\/product\/yoast-seo-wordpress\/ -->\n<title>Los alumnos de Educaci\u00f3n Infantil, celebran su \u00abSemana Fallera\u00bb en el colegio - Colegio San Juan Bosco Valencia<\/title>\n<meta name=\"robots\" content=\"index, follow, max-snippet:-1, max-image-preview:large, max-video-preview:-1\" \/>\n<link rel=\"canonical\" href=\"https:\/\/valenciasjb.salesianos.edu\/colegio\/los-alumnos-de-educacion-infantil-celebran-su-semana-fallera-en-el-colegio\/\" \/>\n<meta property=\"og:locale\" content=\"es_ES\" \/>\n<meta property=\"og:type\" content=\"article\" \/>\n<meta property=\"og:title\" content=\"Los alumnos de Educaci\u00f3n Infantil, celebran su \u00abSemana Fallera\u00bb en el colegio - Colegio San Juan Bosco Valencia\" \/>\n<meta property=\"og:description\" content=\"Los alumnos\u00a0 de Infantil de nuestro cole han sido de los pocos que este a\u00f1o \u00a0han podido disfrutar de diversas actividades falleras \u00a0 Lourdes Muli\u00f3. Profesora de Infantil. Durante la semana del 9 al 13 marzo, los alumnos de Educaci\u00f3n Infantil han vivido su Semana Fallera en el colegio, bajo el lema \u00abUsa la ment [&hellip;]\" \/>\n<meta property=\"og:url\" content=\"https:\/\/valenciasjb.salesianos.edu\/colegio\/los-alumnos-de-educacion-infantil-celebran-su-semana-fallera-en-el-colegio\/\" \/>\n<meta property=\"og:site_name\" content=\"Colegio San Juan Bosco Valencia\" \/>\n<meta property=\"article:publisher\" content=\"https:\/\/www.facebook.com\/ColegioSalesianoSanJuanBoscoValencia\" \/>\n<meta property=\"article:published_time\" content=\"2020-03-17T09:50:44+00:00\" \/>\n<meta property=\"article:modified_time\" content=\"2020-03-17T09:50:48+00:00\" \/>\n<meta property=\"og:image\" content=\"https:\/\/valenciasjb.salesianos.edu\/colegio\/wp-content\/uploads\/sites\/2\/2020\/03\/IMG-20200312-WA0020.jpg\" \/>\n\t<meta property=\"og:image:width\" content=\"1024\" \/>\n\t<meta property=\"og:image:height\" content=\"768\" \/>\n\t<meta property=\"og:image:type\" content=\"image\/jpeg\" \/>\n<meta name=\"author\" content=\"veronicapastor\" \/>\n<meta name=\"twitter:card\" content=\"summary_large_image\" \/>\n<meta name=\"twitter:creator\" content=\"@SalesianosVSJB\" \/>\n<meta name=\"twitter:site\" content=\"@SalesianosVSJB\" \/>\n<meta name=\"twitter:label1\" content=\"Escrito por\" \/>\n\t<meta name=\"twitter:data1\" content=\"veronicapastor\" \/>\n\t<meta name=\"twitter:label2\" content=\"Tiempo de lectura\" \/>\n\t<meta name=\"twitter:data2\" content=\"3 minutos\" \/>\n<script type=\"application\/ld+json\" class=\"yoast-schema-graph\">{\"@context\":\"https:\\\/\\\/schema.org\",\"@graph\":[{\"@type\":\"Article\",\"@id\":\"https:\\\/\\\/valenciasjb.salesianos.edu\\\/colegio\\\/los-alumnos-de-educacion-infantil-celebran-su-semana-fallera-en-el-colegio\\\/#article\",\"isPartOf\":{\"@id\":\"https:\\\/\\\/valenciasjb.salesianos.edu\\\/colegio\\\/los-alumnos-de-educacion-infantil-celebran-su-semana-fallera-en-el-colegio\\\/\"},\"author\":{\"name\":\"veronicapastor\",\"@id\":\"https:\\\/\\\/valenciasjb.salesianos.edu\\\/colegio\\\/#\\\/schema\\\/person\\\/1f45b67e52b27da175190a574db6bed9\"},\"headline\":\"Los alumnos de Educaci\u00f3n Infantil, celebran su \u00abSemana Fallera\u00bb en el colegio\",\"datePublished\":\"2020-03-17T09:50:44+00:00\",\"dateModified\":\"2020-03-17T09:50:48+00:00\",\"mainEntityOfPage\":{\"@id\":\"https:\\\/\\\/valenciasjb.salesianos.edu\\\/colegio\\\/los-alumnos-de-educacion-infantil-celebran-su-semana-fallera-en-el-colegio\\\/\"},\"wordCount\":681,\"image\":{\"@id\":\"https:\\\/\\\/valenciasjb.salesianos.edu\\\/colegio\\\/los-alumnos-de-educacion-infantil-celebran-su-semana-fallera-en-el-colegio\\\/#primaryimage\"},\"thumbnailUrl\":\"https:\\\/\\\/valenciasjb.salesianos.edu\\\/colegio\\\/wp-content\\\/uploads\\\/sites\\\/2\\\/2020\\\/03\\\/IMG-20200312-WA0020.jpg\",\"articleSection\":[\"Noticia Colegio\"],\"inLanguage\":\"es\"},{\"@type\":\"WebPage\",\"@id\":\"https:\\\/\\\/valenciasjb.salesianos.edu\\\/colegio\\\/los-alumnos-de-educacion-infantil-celebran-su-semana-fallera-en-el-colegio\\\/\",\"url\":\"https:\\\/\\\/valenciasjb.salesianos.edu\\\/colegio\\\/los-alumnos-de-educacion-infantil-celebran-su-semana-fallera-en-el-colegio\\\/\",\"name\":\"Los alumnos de Educaci\u00f3n Infantil, celebran su \u00abSemana Fallera\u00bb en el colegio - Colegio San Juan Bosco Valencia\",\"isPartOf\":{\"@id\":\"https:\\\/\\\/valenciasjb.salesianos.edu\\\/colegio\\\/#website\"},\"primaryImageOfPage\":{\"@id\":\"https:\\\/\\\/valenciasjb.salesianos.edu\\\/colegio\\\/los-alumnos-de-educacion-infantil-celebran-su-semana-fallera-en-el-colegio\\\/#primaryimage\"},\"image\":{\"@id\":\"https:\\\/\\\/valenciasjb.salesianos.edu\\\/colegio\\\/los-alumnos-de-educacion-infantil-celebran-su-semana-fallera-en-el-colegio\\\/#primaryimage\"},\"thumbnailUrl\":\"https:\\\/\\\/valenciasjb.salesianos.edu\\\/colegio\\\/wp-content\\\/uploads\\\/sites\\\/2\\\/2020\\\/03\\\/IMG-20200312-WA0020.jpg\",\"datePublished\":\"2020-03-17T09:50:44+00:00\",\"dateModified\":\"2020-03-17T09:50:48+00:00\",\"author\":{\"@id\":\"https:\\\/\\\/valenciasjb.salesianos.edu\\\/colegio\\\/#\\\/schema\\\/person\\\/1f45b67e52b27da175190a574db6bed9\"},\"breadcrumb\":{\"@id\":\"https:\\\/\\\/valenciasjb.salesianos.edu\\\/colegio\\\/los-alumnos-de-educacion-infantil-celebran-su-semana-fallera-en-el-colegio\\\/#breadcrumb\"},\"inLanguage\":\"es\",\"potentialAction\":[{\"@type\":\"ReadAction\",\"target\":[\"https:\\\/\\\/valenciasjb.salesianos.edu\\\/colegio\\\/los-alumnos-de-educacion-infantil-celebran-su-semana-fallera-en-el-colegio\\\/\"]}]},{\"@type\":\"ImageObject\",\"inLanguage\":\"es\",\"@id\":\"https:\\\/\\\/valenciasjb.salesianos.edu\\\/colegio\\\/los-alumnos-de-educacion-infantil-celebran-su-semana-fallera-en-el-colegio\\\/#primaryimage\",\"url\":\"https:\\\/\\\/valenciasjb.salesianos.edu\\\/colegio\\\/wp-content\\\/uploads\\\/sites\\\/2\\\/2020\\\/03\\\/IMG-20200312-WA0020.jpg\",\"contentUrl\":\"https:\\\/\\\/valenciasjb.salesianos.edu\\\/colegio\\\/wp-content\\\/uploads\\\/sites\\\/2\\\/2020\\\/03\\\/IMG-20200312-WA0020.jpg\",\"width\":1024,\"height\":768},{\"@type\":\"BreadcrumbList\",\"@id\":\"https:\\\/\\\/valenciasjb.salesianos.edu\\\/colegio\\\/los-alumnos-de-educacion-infantil-celebran-su-semana-fallera-en-el-colegio\\\/#breadcrumb\",\"itemListElement\":[{\"@type\":\"ListItem\",\"position\":1,\"name\":\"Portada\",\"item\":\"https:\\\/\\\/valenciasjb.salesianos.edu\\\/colegio\\\/\"},{\"@type\":\"ListItem\",\"position\":2,\"name\":\"Los alumnos de Educaci\u00f3n Infantil, celebran su \u00abSemana Fallera\u00bb en el colegio\"}]},{\"@type\":\"WebSite\",\"@id\":\"https:\\\/\\\/valenciasjb.salesianos.edu\\\/colegio\\\/#website\",\"url\":\"https:\\\/\\\/valenciasjb.salesianos.edu\\\/colegio\\\/\",\"name\":\"Colegio San Juan Bosco Valencia\",\"description\":\"P\u00e1gina oficial del Colegio Salesianos San Juan Bosco Valencia\",\"alternateName\":\"Salesianos.VSJB\",\"potentialAction\":[{\"@type\":\"SearchAction\",\"target\":{\"@type\":\"EntryPoint\",\"urlTemplate\":\"https:\\\/\\\/valenciasjb.salesianos.edu\\\/colegio\\\/?s={search_term_string}\"},\"query-input\":{\"@type\":\"PropertyValueSpecification\",\"valueRequired\":true,\"valueName\":\"search_term_string\"}}],\"inLanguage\":\"es\"},{\"@type\":\"Person\",\"@id\":\"https:\\\/\\\/valenciasjb.salesianos.edu\\\/colegio\\\/#\\\/schema\\\/person\\\/1f45b67e52b27da175190a574db6bed9\",\"name\":\"veronicapastor\",\"image\":{\"@type\":\"ImageObject\",\"inLanguage\":\"es\",\"@id\":\"https:\\\/\\\/secure.gravatar.com\\\/avatar\\\/e29bd40bace3fd935e1d6fdb7313ffc14628cc037c5e16f4c7369b20a2a6f7f0?s=96&d=mm&r=g\",\"url\":\"https:\\\/\\\/secure.gravatar.com\\\/avatar\\\/e29bd40bace3fd935e1d6fdb7313ffc14628cc037c5e16f4c7369b20a2a6f7f0?s=96&d=mm&r=g\",\"contentUrl\":\"https:\\\/\\\/secure.gravatar.com\\\/avatar\\\/e29bd40bace3fd935e1d6fdb7313ffc14628cc037c5e16f4c7369b20a2a6f7f0?s=96&d=mm&r=g\",\"caption\":\"veronicapastor\"}}]}<\/script>\n<!-- \/ Yoast SEO plugin. -->","yoast_head_json":{"title":"Los alumnos de Educaci\u00f3n Infantil, celebran su \u00abSemana Fallera\u00bb en el colegio - Colegio San Juan Bosco Valencia","robots":{"index":"index","follow":"follow","max-snippet":"max-snippet:-1","max-image-preview":"max-image-preview:large","max-video-preview":"max-video-preview:-1"},"canonical":"https:\/\/valenciasjb.salesianos.edu\/colegio\/los-alumnos-de-educacion-infantil-celebran-su-semana-fallera-en-el-colegio\/","og_locale":"es_ES","og_type":"article","og_title":"Los alumnos de Educaci\u00f3n Infantil, celebran su \u00abSemana Fallera\u00bb en el colegio - Colegio San Juan Bosco Valencia","og_description":"Los alumnos\u00a0 de Infantil de nuestro cole han sido de los pocos que este a\u00f1o \u00a0han podido disfrutar de diversas actividades falleras \u00a0 Lourdes Muli\u00f3. Profesora de Infantil. Durante la semana del 9 al 13 marzo, los alumnos de Educaci\u00f3n Infantil han vivido su Semana Fallera en el colegio, bajo el lema \u00abUsa la ment [&hellip;]","og_url":"https:\/\/valenciasjb.salesianos.edu\/colegio\/los-alumnos-de-educacion-infantil-celebran-su-semana-fallera-en-el-colegio\/","og_site_name":"Colegio San Juan Bosco Valencia","article_publisher":"https:\/\/www.facebook.com\/ColegioSalesianoSanJuanBoscoValencia","article_published_time":"2020-03-17T09:50:44+00:00","article_modified_time":"2020-03-17T09:50:48+00:00","og_image":[{"width":1024,"height":768,"url":"https:\/\/valenciasjb.salesianos.edu\/colegio\/wp-content\/uploads\/sites\/2\/2020\/03\/IMG-20200312-WA0020.jpg","type":"image\/jpeg"}],"author":"veronicapastor","twitter_card":"summary_large_image","twitter_creator":"@SalesianosVSJB","twitter_site":"@SalesianosVSJB","twitter_misc":{"Escrito por":"veronicapastor","Tiempo de lectura":"3 minutos"},"schema":{"@context":"https:\/\/schema.org","@graph":[{"@type":"Article","@id":"https:\/\/valenciasjb.salesianos.edu\/colegio\/los-alumnos-de-educacion-infantil-celebran-su-semana-fallera-en-el-colegio\/#article","isPartOf":{"@id":"https:\/\/valenciasjb.salesianos.edu\/colegio\/los-alumnos-de-educacion-infantil-celebran-su-semana-fallera-en-el-colegio\/"},"author":{"name":"veronicapastor","@id":"https:\/\/valenciasjb.salesianos.edu\/colegio\/#\/schema\/person\/1f45b67e52b27da175190a574db6bed9"},"headline":"Los alumnos de Educaci\u00f3n Infantil, celebran su \u00abSemana Fallera\u00bb en el colegio","datePublished":"2020-03-17T09:50:44+00:00","dateModified":"2020-03-17T09:50:48+00:00","mainEntityOfPage":{"@id":"https:\/\/valenciasjb.salesianos.edu\/colegio\/los-alumnos-de-educacion-infantil-celebran-su-semana-fallera-en-el-colegio\/"},"wordCount":681,"image":{"@id":"https:\/\/valenciasjb.salesianos.edu\/colegio\/los-alumnos-de-educacion-infantil-celebran-su-semana-fallera-en-el-colegio\/#primaryimage"},"thumbnailUrl":"https:\/\/valenciasjb.salesianos.edu\/colegio\/wp-content\/uploads\/sites\/2\/2020\/03\/IMG-20200312-WA0020.jpg","articleSection":["Noticia Colegio"],"inLanguage":"es"},{"@type":"WebPage","@id":"https:\/\/valenciasjb.salesianos.edu\/colegio\/los-alumnos-de-educacion-infantil-celebran-su-semana-fallera-en-el-colegio\/","url":"https:\/\/valenciasjb.salesianos.edu\/colegio\/los-alumnos-de-educacion-infantil-celebran-su-semana-fallera-en-el-colegio\/","name":"Los alumnos de Educaci\u00f3n Infantil, celebran su \u00abSemana Fallera\u00bb en el colegio - Colegio San Juan Bosco Valencia","isPartOf":{"@id":"https:\/\/valenciasjb.salesianos.edu\/colegio\/#website"},"primaryImageOfPage":{"@id":"https:\/\/valenciasjb.salesianos.edu\/colegio\/los-alumnos-de-educacion-infantil-celebran-su-semana-fallera-en-el-colegio\/#primaryimage"},"image":{"@id":"https:\/\/valenciasjb.salesianos.edu\/colegio\/los-alumnos-de-educacion-infantil-celebran-su-semana-fallera-en-el-colegio\/#primaryimage"},"thumbnailUrl":"https:\/\/valenciasjb.salesianos.edu\/colegio\/wp-content\/uploads\/sites\/2\/2020\/03\/IMG-20200312-WA0020.jpg","datePublished":"2020-03-17T09:50:44+00:00","dateModified":"2020-03-17T09:50:48+00:00","author":{"@id":"https:\/\/valenciasjb.salesianos.edu\/colegio\/#\/schema\/person\/1f45b67e52b27da175190a574db6bed9"},"breadcrumb":{"@id":"https:\/\/valenciasjb.salesianos.edu\/colegio\/los-alumnos-de-educacion-infantil-celebran-su-semana-fallera-en-el-colegio\/#breadcrumb"},"inLanguage":"es","potentialAction":[{"@type":"ReadAction","target":["https:\/\/valenciasjb.salesianos.edu\/colegio\/los-alumnos-de-educacion-infantil-celebran-su-semana-fallera-en-el-colegio\/"]}]},{"@type":"ImageObject","inLanguage":"es","@id":"https:\/\/valenciasjb.salesianos.edu\/colegio\/los-alumnos-de-educacion-infantil-celebran-su-semana-fallera-en-el-colegio\/#primaryimage","url":"https:\/\/valenciasjb.salesianos.edu\/colegio\/wp-content\/uploads\/sites\/2\/2020\/03\/IMG-20200312-WA0020.jpg","contentUrl":"https:\/\/valenciasjb.salesianos.edu\/colegio\/wp-content\/uploads\/sites\/2\/2020\/03\/IMG-20200312-WA0020.jpg","width":1024,"height":768},{"@type":"BreadcrumbList","@id":"https:\/\/valenciasjb.salesianos.edu\/colegio\/los-alumnos-de-educacion-infantil-celebran-su-semana-fallera-en-el-colegio\/#breadcrumb","itemListElement":[{"@type":"ListItem","position":1,"name":"Portada","item":"https:\/\/valenciasjb.salesianos.edu\/colegio\/"},{"@type":"ListItem","position":2,"name":"Los alumnos de Educaci\u00f3n Infantil, celebran su \u00abSemana Fallera\u00bb en el colegio"}]},{"@type":"WebSite","@id":"https:\/\/valenciasjb.salesianos.edu\/colegio\/#website","url":"https:\/\/valenciasjb.salesianos.edu\/colegio\/","name":"Colegio San Juan Bosco Valencia","description":"P\u00e1gina oficial del Colegio Salesianos San Juan Bosco Valencia","alternateName":"Salesianos.VSJB","potentialAction":[{"@type":"SearchAction","target":{"@type":"EntryPoint","urlTemplate":"https:\/\/valenciasjb.salesianos.edu\/colegio\/?s={search_term_string}"},"query-input":{"@type":"PropertyValueSpecification","valueRequired":true,"valueName":"search_term_string"}}],"inLanguage":"es"},{"@type":"Person","@id":"https:\/\/valenciasjb.salesianos.edu\/colegio\/#\/schema\/person\/1f45b67e52b27da175190a574db6bed9","name":"veronicapastor","image":{"@type":"ImageObject","inLanguage":"es","@id":"https:\/\/secure.gravatar.com\/avatar\/e29bd40bace3fd935e1d6fdb7313ffc14628cc037c5e16f4c7369b20a2a6f7f0?s=96&d=mm&r=g","url":"https:\/\/secure.gravatar.com\/avatar\/e29bd40bace3fd935e1d6fdb7313ffc14628cc037c5e16f4c7369b20a2a6f7f0?s=96&d=mm&r=g","contentUrl":"https:\/\/secure.gravatar.com\/avatar\/e29bd40bace3fd935e1d6fdb7313ffc14628cc037c5e16f4c7369b20a2a6f7f0?s=96&d=mm&r=g","caption":"veronicapastor"}}]}},"_links":{"self":[{"href":"https:\/\/valenciasjb.salesianos.edu\/colegio\/wp-json\/wp\/v2\/posts\/12283","targetHints":{"allow":["GET"]}}],"collection":[{"href":"https:\/\/valenciasjb.salesianos.edu\/colegio\/wp-json\/wp\/v2\/posts"}],"about":[{"href":"https:\/\/valenciasjb.salesianos.edu\/colegio\/wp-json\/wp\/v2\/types\/post"}],"author":[{"embeddable":true,"href":"https:\/\/valenciasjb.salesianos.edu\/colegio\/wp-json\/wp\/v2\/users\/6"}],"replies":[{"embeddable":true,"href":"https:\/\/valenciasjb.salesianos.edu\/colegio\/wp-json\/wp\/v2\/comments?post=12283"}],"version-history":[{"count":4,"href":"https:\/\/valenciasjb.salesianos.edu\/colegio\/wp-json\/wp\/v2\/posts\/12283\/revisions"}],"predecessor-version":[{"id":12304,"href":"https:\/\/valenciasjb.salesianos.edu\/colegio\/wp-json\/wp\/v2\/posts\/12283\/revisions\/12304"}],"wp:featuredmedia":[{"embeddable":true,"href":"https:\/\/valenciasjb.salesianos.edu\/colegio\/wp-json\/wp\/v2\/media\/12290"}],"wp:attachment":[{"href":"https:\/\/valenciasjb.salesianos.edu\/colegio\/wp-json\/wp\/v2\/media?parent=12283"}],"wp:term":[{"taxonomy":"category","embeddable":true,"href":"https:\/\/valenciasjb.salesianos.edu\/colegio\/wp-json\/wp\/v2\/categories?post=12283"},{"taxonomy":"post_tag","embeddable":true,"href":"https:\/\/valenciasjb.salesianos.edu\/colegio\/wp-json\/wp\/v2\/tags?post=12283"}],"curies":[{"name":"wp","href":"https:\/\/api.w.org\/{rel}","templated":true}]}}