{"id":12321,"date":"2020-03-24T13:20:01","date_gmt":"2020-03-24T12:20:01","guid":{"rendered":"https:\/\/valenciasjb.salesianos.edu\/colegio\/?p=12321"},"modified":"2020-03-24T13:31:45","modified_gmt":"2020-03-24T12:31:45","slug":"nuestro-cole-en-casa-esta-en-marcha","status":"publish","type":"post","link":"https:\/\/valenciasjb.salesianos.edu\/colegio\/nuestro-cole-en-casa-esta-en-marcha\/","title":{"rendered":"Nuestro cole en casa est\u00e1 en marcha"},"content":{"rendered":"<div id=\"fb-root\"><\/div>\n<p>[et_pb_section fb_built=\u00bb1&#8243; admin_label=\u00bbsection\u00bb _builder_version=\u00bb3.22&#8243;][et_pb_row admin_label=\u00bbrow\u00bb _builder_version=\u00bb3.25&#8243; background_size=\u00bbinitial\u00bb background_position=\u00bbtop_left\u00bb background_repeat=\u00bbrepeat\u00bb][et_pb_column type=\u00bb4_4&#8243; _builder_version=\u00bb3.25&#8243; custom_padding=\u00bb|||\u00bb custom_padding__hover=\u00bb|||\u00bb][et_pb_text admin_label=\u00bbEntradilla (Texto)\u00bb _builder_version=\u00bb4.0.9&#8243; text_font=\u00bb|on|||\u00bb text_orientation=\u00bbjustified\u00bb module_alignment=\u00bbjustified\u00bb]<\/p>\n<div id=\"resumen\"><strong> Desde el lunes 23 de marzo, el colegio ha lanzado un nuevo programa para acompa\u00f1ar en el proceso educativo de las pr\u00f3ximas semanas, llamado: \u00abNuestro Cole en Casa\u00bb. En todas las etapas, desde Infantil a Bachillerato, todos los profesores trabajan diariamente para organizar las propuestas de trabajo de nuestros alumnos y alumnas y, todos los d\u00edas, los docentes, as\u00ed como el resto del personal del centro, est\u00e1n disponibles para alumnado y familias a trav\u00e9s de la mensajer\u00eda Qe desde las 9:00 hasta las 13:00h.<\/strong><\/div>\n<div>\u00a0<\/div>\n<p>[\/et_pb_text][et_pb_text admin_label=\u00bbAutor (Texto)\u00bb _builder_version=\u00bb3.27.4&#8243; text_font=\u00bb||on||\u00bb]Redacci\u00f3n<br \/>\n[\/et_pb_text][et_pb_text admin_label=\u00bbDesarrollo (Texto)\u00bb _builder_version=\u00bb4.0.9&#8243; text_orientation=\u00bbjustified\u00bb module_alignment=\u00bbjustified\u00bb hover_enabled=\u00bb0&#8243;]<\/p>\n<div dir=\"auto\">\u00a0<\/div>\n<div dir=\"auto\">En los cursos superiores de secundaria, adem\u00e1s del trabajo semanal preparado para los alumnos y alumnas, se ha configurado un horario especial para la tutorizaci\u00f3n de tareas desde 3\u00ba de ESO a 2\u00ba de Bachillerato.<\/div>\n<div dir=\"auto\">\u00a0<\/div>\n<div dir=\"auto\">Se est\u00e1 trabajando junto con el Departamento de Orientaci\u00f3n (DO) en un horario de gu\u00eda y referencia para aquellas familias a las que les pueda venir bien seguirlo. En Infantil y Primaria, El DO y Mar\u00eda como PT trabajar\u00e1n en la adaptaci\u00f3n de la planificaci\u00f3n semanal para aquellos casos que necesiten una adaptaci\u00f3n. Tambi\u00e9n est\u00e1n disponibles para cualquier duda u aclaraci\u00f3n. En Secundaria, el DO (Mati y Pablo) y Maite como PT trabajar\u00e1n en la adaptaci\u00f3n de la planificaci\u00f3n semanal para aquellos casos de ACIS o NEAE. Para ello es fundamental la coordinaci\u00f3n con los tutores y tutoras y profesorado de las materias correspondientes.<\/div>\n<div dir=\"auto\">\u00a0<\/div>\n<div dir=\"auto\">Ana Estell\u00e9s como trabajadora social y Nuria Gallardo como educadora del PAE tambi\u00e9n trabajar\u00e1n el seguimiento del alumnado con el que trabajan semanalmente.<\/div>\n<div dir=\"auto\">\u00a0<\/div>\n<div dir=\"auto\">Todo esto es posible gracias a muchas horas de trabajo entregado por parte de absolutamente todo el personal del centro, algunas de estas iniciativas que se est\u00e1n haciendo m\u00e1s visibles en estos primeros d\u00edas de trabajo: reuniones de coordinaci\u00f3n diaria de la Direcci\u00f3n, coordinaci\u00f3n semanal de las COCOPEs, coordinaci\u00f3n de los departamentos y coordinaciones de nivel, as\u00ed como entre el profesorado que comparte asignaturas, formaci\u00f3n en nuevas tecnolog\u00edas y acompa\u00f1amiento TIC, coordinaci\u00f3n con Conselleria, atenci\u00f3n telef\u00f3nica y por los diferentes canales de correo y Qe, infograf\u00edas especiales, seguimiento y acompa\u00f1amiento en las actividades, rutinas diarias, gesti\u00f3n de ayudas a beneficiarios de las becas de comedor, difusi\u00f3n en redes sociales de buenos d\u00edas online, preparaci\u00f3n de \u201cmasterclass\u201d de m\u00fasica, educaci\u00f3n f\u00edsica, cuentos, educaci\u00f3n emocional y muchas m\u00e1s sopresas que est\u00e1n por llegar.<\/div>\n<div dir=\"auto\">\u00a0<\/div>\n<div dir=\"auto\">\n<div dir=\"auto\">De todo coraz\u00f3n os queremos transmitir tranquilidad. Que el objetivo sea volvernos a encontrar todos dentro de un tiempo sanos y alegres deseando retomar nuestras vidas.\u00a0 Por \u00faltimo, ante la situaci\u00f3n hist\u00f3rica y excepcional que est\u00e1 viviendo nuestro pa\u00eds, consideramos que como colectivo debemos comprometernos. Debido a la situaci\u00f3n pand\u00e9mica por la que estamos atravesando os invitamos a mostrar toda nuestra solidaridad y comprensi\u00f3n, sobre todo con nuestros ni\u00f1os y ni\u00f1as que van a ser los m\u00e1s perjudicados. Cualquier iniciativa, idea, o propuesta ser\u00e1 muy bienvenida.<\/div>\n<\/div>\n<p>[\/et_pb_text][et_pb_text disabled_on=\u00bboff|on|on\u00bb admin_label=\u00bbT\u00edtulo: Galer\u00eda de fotos (Texto)\u00bb _builder_version=\u00bb3.27.4&#8243; text_font=\u00bb|on|||\u00bb text_text_color=\u00bb#dc001b\u00bb border_style=\u00bbsolid\u00bb]Galer\u00eda de im\u00e1genes<br \/>\n[\/et_pb_text][et_pb_gallery gallery_ids=\u00bb12316&#8243; posts_number=\u00bb8&#8243; show_title_and_caption=\u00bboff\u00bb zoom_icon_color=\u00bb#dc001b\u00bb hover_icon=\u00bb%%51%%\u00bb disabled_on=\u00bboff|off|off\u00bb _builder_version=\u00bb4.0.9&#8243; pagination_font_size_tablet=\u00bb51&#8243; pagination_line_height_tablet=\u00bb2&#8243;][\/et_pb_gallery][et_pb_video disabled_on=\u00bbon|on|on\u00bb _builder_version=\u00bb3.0.51&#8243; disabled=\u00bbon\u00bb][\/et_pb_video][\/et_pb_column][\/et_pb_row][\/et_pb_section]<\/p>\n<!-- AddThis Advanced Settings generic via filter on the_content --><!-- AddThis Share Buttons generic via filter on the_content -->","protected":false},"excerpt":{"rendered":"<p>Desde el lunes 23 de marzo, el colegio ha lanzado un nuevo programa para acompa\u00f1ar en el proceso educativo de las pr\u00f3ximas semanas, llamado: \u00abNuestro Cole en Casa\u00bb. En todas las etapas, desde Infantil a Bachillerato, todos los profesores trabajan diariamente para organizar las propuestas de trabajo de nuestros alumnos y alumnas y, todos los [&hellip;]<\/p>\n<p><!-- AddThis Advanced Settings generic via filter on get_the_excerpt --><!-- AddThis Share Buttons generic via filter on get_the_excerpt --><\/p>\n","protected":false},"author":6,"featured_media":12316,"comment_status":"closed","ping_status":"open","sticky":false,"template":"","format":"standard","meta":{"_et_pb_use_builder":"on","_et_pb_old_content":"","_et_gb_content_width":"","footnotes":""},"categories":[14],"tags":[],"class_list":["post-12321","post","type-post","status-publish","format-standard","has-post-thumbnail","hentry","category-noticia_colegio"],"yoast_head":"<!-- This site is optimized with the Yoast SEO plugin v28.4 - https:\/\/yoast.com\/product\/yoast-seo-wordpress\/ -->\n<title>Nuestro cole en casa est\u00e1 en marcha - Colegio San Juan Bosco Valencia<\/title>\n<meta name=\"robots\" content=\"index, follow, max-snippet:-1, max-image-preview:large, max-video-preview:-1\" \/>\n<link rel=\"canonical\" href=\"https:\/\/valenciasjb.salesianos.edu\/colegio\/nuestro-cole-en-casa-esta-en-marcha\/\" \/>\n<meta property=\"og:locale\" content=\"es_ES\" \/>\n<meta property=\"og:type\" content=\"article\" \/>\n<meta property=\"og:title\" content=\"Nuestro cole en casa est\u00e1 en marcha - Colegio San Juan Bosco Valencia\" \/>\n<meta property=\"og:description\" content=\"Desde el lunes 23 de marzo, el colegio ha lanzado un nuevo programa para acompa\u00f1ar en el proceso educativo de las pr\u00f3ximas semanas, llamado: &quot;Nuestro Cole en Casa&quot;. En todas las etapas, desde Infantil a Bachillerato, todos los profesores trabajan diariamente para organizar las propuestas de trabajo de nuestros alumnos y alumnas y, todos los [&hellip;]\" \/>\n<meta property=\"og:url\" content=\"https:\/\/valenciasjb.salesianos.edu\/colegio\/nuestro-cole-en-casa-esta-en-marcha\/\" \/>\n<meta property=\"og:site_name\" content=\"Colegio San Juan Bosco Valencia\" \/>\n<meta property=\"article:publisher\" content=\"https:\/\/www.facebook.com\/ColegioSalesianoSanJuanBoscoValencia\" \/>\n<meta property=\"article:published_time\" content=\"2020-03-24T12:20:01+00:00\" \/>\n<meta property=\"article:modified_time\" content=\"2020-03-24T12:31:45+00:00\" \/>\n<meta property=\"og:image\" content=\"https:\/\/valenciasjb.salesianos.edu\/colegio\/wp-content\/uploads\/sites\/2\/2020\/03\/Nuestro-Cole-en-Casa.jpeg\" \/>\n\t<meta property=\"og:image:width\" content=\"1600\" \/>\n\t<meta property=\"og:image:height\" content=\"1108\" \/>\n\t<meta property=\"og:image:type\" content=\"image\/jpeg\" \/>\n<meta name=\"author\" content=\"veronicapastor\" \/>\n<meta name=\"twitter:card\" content=\"summary_large_image\" \/>\n<meta name=\"twitter:creator\" content=\"@SalesianosVSJB\" \/>\n<meta name=\"twitter:site\" content=\"@SalesianosVSJB\" \/>\n<meta name=\"twitter:label1\" content=\"Escrito por\" \/>\n\t<meta name=\"twitter:data1\" content=\"veronicapastor\" \/>\n\t<meta name=\"twitter:label2\" content=\"Tiempo de lectura\" \/>\n\t<meta name=\"twitter:data2\" content=\"4 minutos\" \/>\n<script type=\"application\/ld+json\" class=\"yoast-schema-graph\">{\"@context\":\"https:\\\/\\\/schema.org\",\"@graph\":[{\"@type\":\"Article\",\"@id\":\"https:\\\/\\\/valenciasjb.salesianos.edu\\\/colegio\\\/nuestro-cole-en-casa-esta-en-marcha\\\/#article\",\"isPartOf\":{\"@id\":\"https:\\\/\\\/valenciasjb.salesianos.edu\\\/colegio\\\/nuestro-cole-en-casa-esta-en-marcha\\\/\"},\"author\":{\"name\":\"veronicapastor\",\"@id\":\"https:\\\/\\\/valenciasjb.salesianos.edu\\\/colegio\\\/#\\\/schema\\\/person\\\/1f45b67e52b27da175190a574db6bed9\"},\"headline\":\"Nuestro cole en casa est\u00e1 en marcha\",\"datePublished\":\"2020-03-24T12:20:01+00:00\",\"dateModified\":\"2020-03-24T12:31:45+00:00\",\"mainEntityOfPage\":{\"@id\":\"https:\\\/\\\/valenciasjb.salesianos.edu\\\/colegio\\\/nuestro-cole-en-casa-esta-en-marcha\\\/\"},\"wordCount\":722,\"image\":{\"@id\":\"https:\\\/\\\/valenciasjb.salesianos.edu\\\/colegio\\\/nuestro-cole-en-casa-esta-en-marcha\\\/#primaryimage\"},\"thumbnailUrl\":\"https:\\\/\\\/valenciasjb.salesianos.edu\\\/colegio\\\/wp-content\\\/uploads\\\/sites\\\/2\\\/2020\\\/03\\\/Nuestro-Cole-en-Casa.jpeg\",\"articleSection\":[\"Noticia Colegio\"],\"inLanguage\":\"es\"},{\"@type\":\"WebPage\",\"@id\":\"https:\\\/\\\/valenciasjb.salesianos.edu\\\/colegio\\\/nuestro-cole-en-casa-esta-en-marcha\\\/\",\"url\":\"https:\\\/\\\/valenciasjb.salesianos.edu\\\/colegio\\\/nuestro-cole-en-casa-esta-en-marcha\\\/\",\"name\":\"Nuestro cole en casa est\u00e1 en marcha - Colegio San Juan Bosco Valencia\",\"isPartOf\":{\"@id\":\"https:\\\/\\\/valenciasjb.salesianos.edu\\\/colegio\\\/#website\"},\"primaryImageOfPage\":{\"@id\":\"https:\\\/\\\/valenciasjb.salesianos.edu\\\/colegio\\\/nuestro-cole-en-casa-esta-en-marcha\\\/#primaryimage\"},\"image\":{\"@id\":\"https:\\\/\\\/valenciasjb.salesianos.edu\\\/colegio\\\/nuestro-cole-en-casa-esta-en-marcha\\\/#primaryimage\"},\"thumbnailUrl\":\"https:\\\/\\\/valenciasjb.salesianos.edu\\\/colegio\\\/wp-content\\\/uploads\\\/sites\\\/2\\\/2020\\\/03\\\/Nuestro-Cole-en-Casa.jpeg\",\"datePublished\":\"2020-03-24T12:20:01+00:00\",\"dateModified\":\"2020-03-24T12:31:45+00:00\",\"author\":{\"@id\":\"https:\\\/\\\/valenciasjb.salesianos.edu\\\/colegio\\\/#\\\/schema\\\/person\\\/1f45b67e52b27da175190a574db6bed9\"},\"breadcrumb\":{\"@id\":\"https:\\\/\\\/valenciasjb.salesianos.edu\\\/colegio\\\/nuestro-cole-en-casa-esta-en-marcha\\\/#breadcrumb\"},\"inLanguage\":\"es\",\"potentialAction\":[{\"@type\":\"ReadAction\",\"target\":[\"https:\\\/\\\/valenciasjb.salesianos.edu\\\/colegio\\\/nuestro-cole-en-casa-esta-en-marcha\\\/\"]}]},{\"@type\":\"ImageObject\",\"inLanguage\":\"es\",\"@id\":\"https:\\\/\\\/valenciasjb.salesianos.edu\\\/colegio\\\/nuestro-cole-en-casa-esta-en-marcha\\\/#primaryimage\",\"url\":\"https:\\\/\\\/valenciasjb.salesianos.edu\\\/colegio\\\/wp-content\\\/uploads\\\/sites\\\/2\\\/2020\\\/03\\\/Nuestro-Cole-en-Casa.jpeg\",\"contentUrl\":\"https:\\\/\\\/valenciasjb.salesianos.edu\\\/colegio\\\/wp-content\\\/uploads\\\/sites\\\/2\\\/2020\\\/03\\\/Nuestro-Cole-en-Casa.jpeg\",\"width\":1600,\"height\":1108},{\"@type\":\"BreadcrumbList\",\"@id\":\"https:\\\/\\\/valenciasjb.salesianos.edu\\\/colegio\\\/nuestro-cole-en-casa-esta-en-marcha\\\/#breadcrumb\",\"itemListElement\":[{\"@type\":\"ListItem\",\"position\":1,\"name\":\"Portada\",\"item\":\"https:\\\/\\\/valenciasjb.salesianos.edu\\\/colegio\\\/\"},{\"@type\":\"ListItem\",\"position\":2,\"name\":\"Nuestro cole en casa est\u00e1 en marcha\"}]},{\"@type\":\"WebSite\",\"@id\":\"https:\\\/\\\/valenciasjb.salesianos.edu\\\/colegio\\\/#website\",\"url\":\"https:\\\/\\\/valenciasjb.salesianos.edu\\\/colegio\\\/\",\"name\":\"Colegio San Juan Bosco Valencia\",\"description\":\"P\u00e1gina oficial del Colegio Salesianos San Juan Bosco Valencia\",\"alternateName\":\"Salesianos.VSJB\",\"potentialAction\":[{\"@type\":\"SearchAction\",\"target\":{\"@type\":\"EntryPoint\",\"urlTemplate\":\"https:\\\/\\\/valenciasjb.salesianos.edu\\\/colegio\\\/?s={search_term_string}\"},\"query-input\":{\"@type\":\"PropertyValueSpecification\",\"valueRequired\":true,\"valueName\":\"search_term_string\"}}],\"inLanguage\":\"es\"},{\"@type\":\"Person\",\"@id\":\"https:\\\/\\\/valenciasjb.salesianos.edu\\\/colegio\\\/#\\\/schema\\\/person\\\/1f45b67e52b27da175190a574db6bed9\",\"name\":\"veronicapastor\",\"image\":{\"@type\":\"ImageObject\",\"inLanguage\":\"es\",\"@id\":\"https:\\\/\\\/secure.gravatar.com\\\/avatar\\\/e29bd40bace3fd935e1d6fdb7313ffc14628cc037c5e16f4c7369b20a2a6f7f0?s=96&d=mm&r=g\",\"url\":\"https:\\\/\\\/secure.gravatar.com\\\/avatar\\\/e29bd40bace3fd935e1d6fdb7313ffc14628cc037c5e16f4c7369b20a2a6f7f0?s=96&d=mm&r=g\",\"contentUrl\":\"https:\\\/\\\/secure.gravatar.com\\\/avatar\\\/e29bd40bace3fd935e1d6fdb7313ffc14628cc037c5e16f4c7369b20a2a6f7f0?s=96&d=mm&r=g\",\"caption\":\"veronicapastor\"}}]}<\/script>\n<!-- \/ Yoast SEO plugin. -->","yoast_head_json":{"title":"Nuestro cole en casa est\u00e1 en marcha - Colegio San Juan Bosco Valencia","robots":{"index":"index","follow":"follow","max-snippet":"max-snippet:-1","max-image-preview":"max-image-preview:large","max-video-preview":"max-video-preview:-1"},"canonical":"https:\/\/valenciasjb.salesianos.edu\/colegio\/nuestro-cole-en-casa-esta-en-marcha\/","og_locale":"es_ES","og_type":"article","og_title":"Nuestro cole en casa est\u00e1 en marcha - Colegio San Juan Bosco Valencia","og_description":"Desde el lunes 23 de marzo, el colegio ha lanzado un nuevo programa para acompa\u00f1ar en el proceso educativo de las pr\u00f3ximas semanas, llamado: \"Nuestro Cole en Casa\". En todas las etapas, desde Infantil a Bachillerato, todos los profesores trabajan diariamente para organizar las propuestas de trabajo de nuestros alumnos y alumnas y, todos los [&hellip;]","og_url":"https:\/\/valenciasjb.salesianos.edu\/colegio\/nuestro-cole-en-casa-esta-en-marcha\/","og_site_name":"Colegio San Juan Bosco Valencia","article_publisher":"https:\/\/www.facebook.com\/ColegioSalesianoSanJuanBoscoValencia","article_published_time":"2020-03-24T12:20:01+00:00","article_modified_time":"2020-03-24T12:31:45+00:00","og_image":[{"width":1600,"height":1108,"url":"https:\/\/valenciasjb.salesianos.edu\/colegio\/wp-content\/uploads\/sites\/2\/2020\/03\/Nuestro-Cole-en-Casa.jpeg","type":"image\/jpeg"}],"author":"veronicapastor","twitter_card":"summary_large_image","twitter_creator":"@SalesianosVSJB","twitter_site":"@SalesianosVSJB","twitter_misc":{"Escrito por":"veronicapastor","Tiempo de lectura":"4 minutos"},"schema":{"@context":"https:\/\/schema.org","@graph":[{"@type":"Article","@id":"https:\/\/valenciasjb.salesianos.edu\/colegio\/nuestro-cole-en-casa-esta-en-marcha\/#article","isPartOf":{"@id":"https:\/\/valenciasjb.salesianos.edu\/colegio\/nuestro-cole-en-casa-esta-en-marcha\/"},"author":{"name":"veronicapastor","@id":"https:\/\/valenciasjb.salesianos.edu\/colegio\/#\/schema\/person\/1f45b67e52b27da175190a574db6bed9"},"headline":"Nuestro cole en casa est\u00e1 en marcha","datePublished":"2020-03-24T12:20:01+00:00","dateModified":"2020-03-24T12:31:45+00:00","mainEntityOfPage":{"@id":"https:\/\/valenciasjb.salesianos.edu\/colegio\/nuestro-cole-en-casa-esta-en-marcha\/"},"wordCount":722,"image":{"@id":"https:\/\/valenciasjb.salesianos.edu\/colegio\/nuestro-cole-en-casa-esta-en-marcha\/#primaryimage"},"thumbnailUrl":"https:\/\/valenciasjb.salesianos.edu\/colegio\/wp-content\/uploads\/sites\/2\/2020\/03\/Nuestro-Cole-en-Casa.jpeg","articleSection":["Noticia Colegio"],"inLanguage":"es"},{"@type":"WebPage","@id":"https:\/\/valenciasjb.salesianos.edu\/colegio\/nuestro-cole-en-casa-esta-en-marcha\/","url":"https:\/\/valenciasjb.salesianos.edu\/colegio\/nuestro-cole-en-casa-esta-en-marcha\/","name":"Nuestro cole en casa est\u00e1 en marcha - Colegio San Juan Bosco Valencia","isPartOf":{"@id":"https:\/\/valenciasjb.salesianos.edu\/colegio\/#website"},"primaryImageOfPage":{"@id":"https:\/\/valenciasjb.salesianos.edu\/colegio\/nuestro-cole-en-casa-esta-en-marcha\/#primaryimage"},"image":{"@id":"https:\/\/valenciasjb.salesianos.edu\/colegio\/nuestro-cole-en-casa-esta-en-marcha\/#primaryimage"},"thumbnailUrl":"https:\/\/valenciasjb.salesianos.edu\/colegio\/wp-content\/uploads\/sites\/2\/2020\/03\/Nuestro-Cole-en-Casa.jpeg","datePublished":"2020-03-24T12:20:01+00:00","dateModified":"2020-03-24T12:31:45+00:00","author":{"@id":"https:\/\/valenciasjb.salesianos.edu\/colegio\/#\/schema\/person\/1f45b67e52b27da175190a574db6bed9"},"breadcrumb":{"@id":"https:\/\/valenciasjb.salesianos.edu\/colegio\/nuestro-cole-en-casa-esta-en-marcha\/#breadcrumb"},"inLanguage":"es","potentialAction":[{"@type":"ReadAction","target":["https:\/\/valenciasjb.salesianos.edu\/colegio\/nuestro-cole-en-casa-esta-en-marcha\/"]}]},{"@type":"ImageObject","inLanguage":"es","@id":"https:\/\/valenciasjb.salesianos.edu\/colegio\/nuestro-cole-en-casa-esta-en-marcha\/#primaryimage","url":"https:\/\/valenciasjb.salesianos.edu\/colegio\/wp-content\/uploads\/sites\/2\/2020\/03\/Nuestro-Cole-en-Casa.jpeg","contentUrl":"https:\/\/valenciasjb.salesianos.edu\/colegio\/wp-content\/uploads\/sites\/2\/2020\/03\/Nuestro-Cole-en-Casa.jpeg","width":1600,"height":1108},{"@type":"BreadcrumbList","@id":"https:\/\/valenciasjb.salesianos.edu\/colegio\/nuestro-cole-en-casa-esta-en-marcha\/#breadcrumb","itemListElement":[{"@type":"ListItem","position":1,"name":"Portada","item":"https:\/\/valenciasjb.salesianos.edu\/colegio\/"},{"@type":"ListItem","position":2,"name":"Nuestro cole en casa est\u00e1 en marcha"}]},{"@type":"WebSite","@id":"https:\/\/valenciasjb.salesianos.edu\/colegio\/#website","url":"https:\/\/valenciasjb.salesianos.edu\/colegio\/","name":"Colegio San Juan Bosco Valencia","description":"P\u00e1gina oficial del Colegio Salesianos San Juan Bosco Valencia","alternateName":"Salesianos.VSJB","potentialAction":[{"@type":"SearchAction","target":{"@type":"EntryPoint","urlTemplate":"https:\/\/valenciasjb.salesianos.edu\/colegio\/?s={search_term_string}"},"query-input":{"@type":"PropertyValueSpecification","valueRequired":true,"valueName":"search_term_string"}}],"inLanguage":"es"},{"@type":"Person","@id":"https:\/\/valenciasjb.salesianos.edu\/colegio\/#\/schema\/person\/1f45b67e52b27da175190a574db6bed9","name":"veronicapastor","image":{"@type":"ImageObject","inLanguage":"es","@id":"https:\/\/secure.gravatar.com\/avatar\/e29bd40bace3fd935e1d6fdb7313ffc14628cc037c5e16f4c7369b20a2a6f7f0?s=96&d=mm&r=g","url":"https:\/\/secure.gravatar.com\/avatar\/e29bd40bace3fd935e1d6fdb7313ffc14628cc037c5e16f4c7369b20a2a6f7f0?s=96&d=mm&r=g","contentUrl":"https:\/\/secure.gravatar.com\/avatar\/e29bd40bace3fd935e1d6fdb7313ffc14628cc037c5e16f4c7369b20a2a6f7f0?s=96&d=mm&r=g","caption":"veronicapastor"}}]}},"_links":{"self":[{"href":"https:\/\/valenciasjb.salesianos.edu\/colegio\/wp-json\/wp\/v2\/posts\/12321","targetHints":{"allow":["GET"]}}],"collection":[{"href":"https:\/\/valenciasjb.salesianos.edu\/colegio\/wp-json\/wp\/v2\/posts"}],"about":[{"href":"https:\/\/valenciasjb.salesianos.edu\/colegio\/wp-json\/wp\/v2\/types\/post"}],"author":[{"embeddable":true,"href":"https:\/\/valenciasjb.salesianos.edu\/colegio\/wp-json\/wp\/v2\/users\/6"}],"replies":[{"embeddable":true,"href":"https:\/\/valenciasjb.salesianos.edu\/colegio\/wp-json\/wp\/v2\/comments?post=12321"}],"version-history":[{"count":4,"href":"https:\/\/valenciasjb.salesianos.edu\/colegio\/wp-json\/wp\/v2\/posts\/12321\/revisions"}],"predecessor-version":[{"id":12332,"href":"https:\/\/valenciasjb.salesianos.edu\/colegio\/wp-json\/wp\/v2\/posts\/12321\/revisions\/12332"}],"wp:featuredmedia":[{"embeddable":true,"href":"https:\/\/valenciasjb.salesianos.edu\/colegio\/wp-json\/wp\/v2\/media\/12316"}],"wp:attachment":[{"href":"https:\/\/valenciasjb.salesianos.edu\/colegio\/wp-json\/wp\/v2\/media?parent=12321"}],"wp:term":[{"taxonomy":"category","embeddable":true,"href":"https:\/\/valenciasjb.salesianos.edu\/colegio\/wp-json\/wp\/v2\/categories?post=12321"},{"taxonomy":"post_tag","embeddable":true,"href":"https:\/\/valenciasjb.salesianos.edu\/colegio\/wp-json\/wp\/v2\/tags?post=12321"}],"curies":[{"name":"wp","href":"https:\/\/api.w.org\/{rel}","templated":true}]}}