{"id":12342,"date":"2020-03-28T14:03:38","date_gmt":"2020-03-28T13:03:38","guid":{"rendered":"https:\/\/valenciasjb.salesianos.edu\/colegio\/?p=12342"},"modified":"2020-03-28T14:05:38","modified_gmt":"2020-03-28T13:05:38","slug":"el-colegio-salesiano-san-juan-bosco-en-la-lista-de-los-50-mejores-colegios-de-la-comunidad-valenciana-del-diario-el-mundo-2","status":"publish","type":"post","link":"https:\/\/valenciasjb.salesianos.edu\/colegio\/el-colegio-salesiano-san-juan-bosco-en-la-lista-de-los-50-mejores-colegios-de-la-comunidad-valenciana-del-diario-el-mundo-2\/","title":{"rendered":"El Colegio Salesiano San Juan Bosco en la lista de los 50 mejores colegios de la Comunidad Valenciana, del diario El Mundo"},"content":{"rendered":"<div id=\"fb-root\"><\/div>\n<p>[et_pb_section fb_built=\u00bb1&#8243; admin_label=\u00bbsection\u00bb _builder_version=\u00bb3.22&#8243;][et_pb_row admin_label=\u00bbrow\u00bb _builder_version=\u00bb3.25&#8243; background_size=\u00bbinitial\u00bb background_position=\u00bbtop_left\u00bb background_repeat=\u00bbrepeat\u00bb][et_pb_column type=\u00bb4_4&#8243; _builder_version=\u00bb3.25&#8243; custom_padding=\u00bb|||\u00bb custom_padding__hover=\u00bb|||\u00bb][et_pb_text admin_label=\u00bbEntradilla (Texto)\u00bb _builder_version=\u00bb4.0.9&#8243; text_font=\u00bb|on|||\u00bb text_orientation=\u00bbjustified\u00bb module_alignment=\u00bbjustified\u00bb]<\/p>\n<div id=\"resumen\">\n<div class=\"et_pb_module et_pb_text et_pb_text_0  et_pb_text_align_justified et_pb_bg_layout_light\">\n<div class=\"et_pb_text_inner\">\n<div id=\"resumen\"><strong><b>El Colegio Salesiano San Juan Bosco de Valencia, un a\u00f1o m\u00e1s, en la lista de los 50 mejores colegios de la Comunidad Valenciana, seg\u00fan el diario El Mundo, en su suplemento publicado el s\u00e1bado 28 de marzo de 2020.<\/b><\/strong><\/div>\n<\/div>\n<\/div>\n<div class=\"et_pb_module et_pb_text et_pb_text_1  et_pb_text_align_left et_pb_bg_layout_light\">\n<div class=\"et_pb_text_inner\">\u00a0<\/div>\n<\/div>\n<\/div>\n<div>\u00a0<\/div>\n<p>[\/et_pb_text][et_pb_text admin_label=\u00bbAutor (Texto)\u00bb _builder_version=\u00bb3.27.4&#8243; text_font=\u00bb||on||\u00bb]Redacci\u00f3n<br \/>\n[\/et_pb_text][et_pb_text admin_label=\u00bbDesarrollo (Texto)\u00bb _builder_version=\u00bb4.0.9&#8243; text_orientation=\u00bbjustified\u00bb module_alignment=\u00bbjustified\u00bb hover_enabled=\u00bb0&#8243;]<\/p>\n<div dir=\"auto\">Dentro de la lista de los 50 mejores colegios de la Comunidad Valenciana, El Mundo pone en valor nuestra variada oferta educativa, el continuo esfuerzo del profesorado por llevar la innovaci\u00f3n a las aulas, nuestra atenci\u00f3n a la diversidad y a los distintos ritmos de aprendizaje, el uso de las nuevas tecnolog\u00edas, nuestras extraescolares y comedor que fomenta h\u00e1bitos saludables.<\/div>\n<div dir=\"auto\">\u00a0<\/div>\n<div dir=\"auto\">Adem\u00e1s, este a\u00f1o destacan nuestras amplias instalaciones con talleres y salas de distinto tipo, as\u00ed como instalaciones deportivas. Y tambi\u00e9n ponen en valor nuestro plan de internacionalizaci\u00f3n del centro y de certificaci\u00f3n de lenguas extranjeras, as\u00ed como de gesti\u00f3n de proyectos europeos:<\/div>\n<div dir=\"auto\">\u00a0<\/div>\n<div dir=\"auto\">\u00abEl colegio cuenta con laboratorios de F\u00edsica, Qu\u00edmica y Biolog\u00eda, pero tambi\u00e9n con distintas aulas tem\u00e1ticas, como son el taller de tecnolog\u00eda, el aula de m\u00fasica, el aula de piano, la sala de animaci\u00f3n lectora y fomento de la lectura, biblioteca de Infantil o biblioteca de Primaria y Secundaria. Tambi\u00e9n destacan las instalaciones deportivas, aptas para la pr\u00e1ctica del f\u00fatbol sala, el baloncesto, el voleibol&#8230; Hay un campo de f\u00fatbol profesional de c\u00e9sped artificial que incluso tiene banquillos cubiertos. Tambi\u00e9n hay pabell\u00f3n polideportivo con vestuarios, gradas y marcador digital y gimnasio para karate, aer\u00f3bic o meditaci\u00f3n.<\/div>\n<div dir=\"auto\">\u00a0<\/div>\n<div dir=\"auto\">Por otro lado, el colegio\u00a0cuenta con asistentes ling\u00fc\u00edsticos nativos para la pr\u00e1ctica del ingl\u00e9s oral. Un equipo docente\u00a0se encarga de coordinar proyectos europeos y, desde el curso 2018-2019, es centro oficial de\u00a0acogida de docentes extranjeros en estancia profesional. Se posibilita a los alumnos desde\u00a0quinto de Primaria a segundo de Bachillerato examinarse en el propio centro de los ex\u00e1menes internacionales de certificaci\u00f3n de ingl\u00e9s del Trinity College London. Las familias interesadas pueden hacer cursos de inmersi\u00f3n ling\u00fc\u00edstica en el extranjero\u00bb.<\/div>\n<p>[\/et_pb_text][et_pb_text disabled_on=\u00bboff|on|on\u00bb admin_label=\u00bbT\u00edtulo: Galer\u00eda de fotos (Texto)\u00bb _builder_version=\u00bb3.27.4&#8243; text_font=\u00bb|on|||\u00bb text_text_color=\u00bb#dc001b\u00bb border_style=\u00bbsolid\u00bb]Galer\u00eda de im\u00e1genes<br \/>\n[\/et_pb_text][et_pb_gallery gallery_ids=\u00bb12345,12346&#8243; posts_number=\u00bb8&#8243; show_title_and_caption=\u00bboff\u00bb zoom_icon_color=\u00bb#dc001b\u00bb hover_icon=\u00bb%%51%%\u00bb disabled_on=\u00bboff|off|off\u00bb _builder_version=\u00bb4.0.9&#8243; pagination_font_size_tablet=\u00bb51&#8243; pagination_line_height_tablet=\u00bb2&#8243;][\/et_pb_gallery][et_pb_video disabled_on=\u00bbon|on|on\u00bb _builder_version=\u00bb3.0.51&#8243; disabled=\u00bbon\u00bb][\/et_pb_video][\/et_pb_column][\/et_pb_row][\/et_pb_section]<\/p>\n<!-- AddThis Advanced Settings generic via filter on the_content --><!-- AddThis Share Buttons generic via filter on the_content -->","protected":false},"excerpt":{"rendered":"<p>El Colegio Salesiano San Juan Bosco de Valencia, un a\u00f1o m\u00e1s, en la lista de los 50 mejores colegios de la Comunidad Valenciana, seg\u00fan el diario El Mundo, en su suplemento publicado el s\u00e1bado 28 de marzo de 2020. \u00a0 \u00a0Redacci\u00f3n Dentro de la lista de los 50 mejores colegios de la Comunidad Valenciana, El [&hellip;]<\/p>\n<p><!-- AddThis Advanced Settings generic via filter on get_the_excerpt --><!-- AddThis Share Buttons generic via filter on get_the_excerpt --><\/p>\n","protected":false},"author":6,"featured_media":12346,"comment_status":"closed","ping_status":"open","sticky":false,"template":"","format":"standard","meta":{"_et_pb_use_builder":"on","_et_pb_old_content":"","_et_gb_content_width":"","footnotes":""},"categories":[14],"tags":[],"class_list":["post-12342","post","type-post","status-publish","format-standard","has-post-thumbnail","hentry","category-noticia_colegio"],"yoast_head":"<!-- This site is optimized with the Yoast SEO plugin v28.4 - https:\/\/yoast.com\/product\/yoast-seo-wordpress\/ -->\n<title>El Colegio Salesiano San Juan Bosco en la lista de los 50 mejores colegios de la Comunidad Valenciana, del diario El Mundo - Colegio San Juan Bosco Valencia<\/title>\n<meta name=\"robots\" content=\"index, follow, max-snippet:-1, max-image-preview:large, max-video-preview:-1\" \/>\n<link rel=\"canonical\" href=\"https:\/\/valenciasjb.salesianos.edu\/colegio\/el-colegio-salesiano-san-juan-bosco-en-la-lista-de-los-50-mejores-colegios-de-la-comunidad-valenciana-del-diario-el-mundo-2\/\" \/>\n<meta property=\"og:locale\" content=\"es_ES\" \/>\n<meta property=\"og:type\" content=\"article\" \/>\n<meta property=\"og:title\" content=\"El Colegio Salesiano San Juan Bosco en la lista de los 50 mejores colegios de la Comunidad Valenciana, del diario El Mundo - Colegio San Juan Bosco Valencia\" \/>\n<meta property=\"og:description\" content=\"El Colegio Salesiano San Juan Bosco de Valencia, un a\u00f1o m\u00e1s, en la lista de los 50 mejores colegios de la Comunidad Valenciana, seg\u00fan el diario El Mundo, en su suplemento publicado el s\u00e1bado 28 de marzo de 2020. \u00a0 \u00a0Redacci\u00f3n Dentro de la lista de los 50 mejores colegios de la Comunidad Valenciana, El [&hellip;]\" \/>\n<meta property=\"og:url\" content=\"https:\/\/valenciasjb.salesianos.edu\/colegio\/el-colegio-salesiano-san-juan-bosco-en-la-lista-de-los-50-mejores-colegios-de-la-comunidad-valenciana-del-diario-el-mundo-2\/\" \/>\n<meta property=\"og:site_name\" content=\"Colegio San Juan Bosco Valencia\" \/>\n<meta property=\"article:publisher\" content=\"https:\/\/www.facebook.com\/ColegioSalesianoSanJuanBoscoValencia\" \/>\n<meta property=\"article:published_time\" content=\"2020-03-28T13:03:38+00:00\" \/>\n<meta property=\"article:modified_time\" content=\"2020-03-28T13:05:38+00:00\" \/>\n<meta property=\"og:image\" content=\"https:\/\/valenciasjb.salesianos.edu\/colegio\/wp-content\/uploads\/sites\/2\/2020\/03\/sketch-1585400239167.jpg\" \/>\n\t<meta property=\"og:image:width\" content=\"720\" \/>\n\t<meta property=\"og:image:height\" content=\"951\" \/>\n\t<meta property=\"og:image:type\" content=\"image\/jpeg\" \/>\n<meta name=\"author\" content=\"veronicapastor\" \/>\n<meta name=\"twitter:card\" content=\"summary_large_image\" \/>\n<meta name=\"twitter:creator\" content=\"@SalesianosVSJB\" \/>\n<meta name=\"twitter:site\" content=\"@SalesianosVSJB\" \/>\n<meta name=\"twitter:label1\" content=\"Escrito por\" \/>\n\t<meta name=\"twitter:data1\" content=\"veronicapastor\" \/>\n\t<meta name=\"twitter:label2\" content=\"Tiempo de lectura\" \/>\n\t<meta name=\"twitter:data2\" content=\"3 minutos\" \/>\n<script type=\"application\/ld+json\" class=\"yoast-schema-graph\">{\"@context\":\"https:\\\/\\\/schema.org\",\"@graph\":[{\"@type\":\"Article\",\"@id\":\"https:\\\/\\\/valenciasjb.salesianos.edu\\\/colegio\\\/el-colegio-salesiano-san-juan-bosco-en-la-lista-de-los-50-mejores-colegios-de-la-comunidad-valenciana-del-diario-el-mundo-2\\\/#article\",\"isPartOf\":{\"@id\":\"https:\\\/\\\/valenciasjb.salesianos.edu\\\/colegio\\\/el-colegio-salesiano-san-juan-bosco-en-la-lista-de-los-50-mejores-colegios-de-la-comunidad-valenciana-del-diario-el-mundo-2\\\/\"},\"author\":{\"name\":\"veronicapastor\",\"@id\":\"https:\\\/\\\/valenciasjb.salesianos.edu\\\/colegio\\\/#\\\/schema\\\/person\\\/1f45b67e52b27da175190a574db6bed9\"},\"headline\":\"El Colegio Salesiano San Juan Bosco en la lista de los 50 mejores colegios de la Comunidad Valenciana, del diario El Mundo\",\"datePublished\":\"2020-03-28T13:03:38+00:00\",\"dateModified\":\"2020-03-28T13:05:38+00:00\",\"mainEntityOfPage\":{\"@id\":\"https:\\\/\\\/valenciasjb.salesianos.edu\\\/colegio\\\/el-colegio-salesiano-san-juan-bosco-en-la-lista-de-los-50-mejores-colegios-de-la-comunidad-valenciana-del-diario-el-mundo-2\\\/\"},\"wordCount\":572,\"image\":{\"@id\":\"https:\\\/\\\/valenciasjb.salesianos.edu\\\/colegio\\\/el-colegio-salesiano-san-juan-bosco-en-la-lista-de-los-50-mejores-colegios-de-la-comunidad-valenciana-del-diario-el-mundo-2\\\/#primaryimage\"},\"thumbnailUrl\":\"https:\\\/\\\/valenciasjb.salesianos.edu\\\/colegio\\\/wp-content\\\/uploads\\\/sites\\\/2\\\/2020\\\/03\\\/sketch-1585400239167.jpg\",\"articleSection\":[\"Noticia Colegio\"],\"inLanguage\":\"es\"},{\"@type\":\"WebPage\",\"@id\":\"https:\\\/\\\/valenciasjb.salesianos.edu\\\/colegio\\\/el-colegio-salesiano-san-juan-bosco-en-la-lista-de-los-50-mejores-colegios-de-la-comunidad-valenciana-del-diario-el-mundo-2\\\/\",\"url\":\"https:\\\/\\\/valenciasjb.salesianos.edu\\\/colegio\\\/el-colegio-salesiano-san-juan-bosco-en-la-lista-de-los-50-mejores-colegios-de-la-comunidad-valenciana-del-diario-el-mundo-2\\\/\",\"name\":\"El Colegio Salesiano San Juan Bosco en la lista de los 50 mejores colegios de la Comunidad Valenciana, del diario El Mundo - Colegio San Juan Bosco Valencia\",\"isPartOf\":{\"@id\":\"https:\\\/\\\/valenciasjb.salesianos.edu\\\/colegio\\\/#website\"},\"primaryImageOfPage\":{\"@id\":\"https:\\\/\\\/valenciasjb.salesianos.edu\\\/colegio\\\/el-colegio-salesiano-san-juan-bosco-en-la-lista-de-los-50-mejores-colegios-de-la-comunidad-valenciana-del-diario-el-mundo-2\\\/#primaryimage\"},\"image\":{\"@id\":\"https:\\\/\\\/valenciasjb.salesianos.edu\\\/colegio\\\/el-colegio-salesiano-san-juan-bosco-en-la-lista-de-los-50-mejores-colegios-de-la-comunidad-valenciana-del-diario-el-mundo-2\\\/#primaryimage\"},\"thumbnailUrl\":\"https:\\\/\\\/valenciasjb.salesianos.edu\\\/colegio\\\/wp-content\\\/uploads\\\/sites\\\/2\\\/2020\\\/03\\\/sketch-1585400239167.jpg\",\"datePublished\":\"2020-03-28T13:03:38+00:00\",\"dateModified\":\"2020-03-28T13:05:38+00:00\",\"author\":{\"@id\":\"https:\\\/\\\/valenciasjb.salesianos.edu\\\/colegio\\\/#\\\/schema\\\/person\\\/1f45b67e52b27da175190a574db6bed9\"},\"breadcrumb\":{\"@id\":\"https:\\\/\\\/valenciasjb.salesianos.edu\\\/colegio\\\/el-colegio-salesiano-san-juan-bosco-en-la-lista-de-los-50-mejores-colegios-de-la-comunidad-valenciana-del-diario-el-mundo-2\\\/#breadcrumb\"},\"inLanguage\":\"es\",\"potentialAction\":[{\"@type\":\"ReadAction\",\"target\":[\"https:\\\/\\\/valenciasjb.salesianos.edu\\\/colegio\\\/el-colegio-salesiano-san-juan-bosco-en-la-lista-de-los-50-mejores-colegios-de-la-comunidad-valenciana-del-diario-el-mundo-2\\\/\"]}]},{\"@type\":\"ImageObject\",\"inLanguage\":\"es\",\"@id\":\"https:\\\/\\\/valenciasjb.salesianos.edu\\\/colegio\\\/el-colegio-salesiano-san-juan-bosco-en-la-lista-de-los-50-mejores-colegios-de-la-comunidad-valenciana-del-diario-el-mundo-2\\\/#primaryimage\",\"url\":\"https:\\\/\\\/valenciasjb.salesianos.edu\\\/colegio\\\/wp-content\\\/uploads\\\/sites\\\/2\\\/2020\\\/03\\\/sketch-1585400239167.jpg\",\"contentUrl\":\"https:\\\/\\\/valenciasjb.salesianos.edu\\\/colegio\\\/wp-content\\\/uploads\\\/sites\\\/2\\\/2020\\\/03\\\/sketch-1585400239167.jpg\",\"width\":720,\"height\":951},{\"@type\":\"BreadcrumbList\",\"@id\":\"https:\\\/\\\/valenciasjb.salesianos.edu\\\/colegio\\\/el-colegio-salesiano-san-juan-bosco-en-la-lista-de-los-50-mejores-colegios-de-la-comunidad-valenciana-del-diario-el-mundo-2\\\/#breadcrumb\",\"itemListElement\":[{\"@type\":\"ListItem\",\"position\":1,\"name\":\"Portada\",\"item\":\"https:\\\/\\\/valenciasjb.salesianos.edu\\\/colegio\\\/\"},{\"@type\":\"ListItem\",\"position\":2,\"name\":\"El Colegio Salesiano San Juan Bosco en la lista de los 50 mejores colegios de la Comunidad Valenciana, del diario El Mundo\"}]},{\"@type\":\"WebSite\",\"@id\":\"https:\\\/\\\/valenciasjb.salesianos.edu\\\/colegio\\\/#website\",\"url\":\"https:\\\/\\\/valenciasjb.salesianos.edu\\\/colegio\\\/\",\"name\":\"Colegio San Juan Bosco Valencia\",\"description\":\"P\u00e1gina oficial del Colegio Salesianos San Juan Bosco Valencia\",\"alternateName\":\"Salesianos.VSJB\",\"potentialAction\":[{\"@type\":\"SearchAction\",\"target\":{\"@type\":\"EntryPoint\",\"urlTemplate\":\"https:\\\/\\\/valenciasjb.salesianos.edu\\\/colegio\\\/?s={search_term_string}\"},\"query-input\":{\"@type\":\"PropertyValueSpecification\",\"valueRequired\":true,\"valueName\":\"search_term_string\"}}],\"inLanguage\":\"es\"},{\"@type\":\"Person\",\"@id\":\"https:\\\/\\\/valenciasjb.salesianos.edu\\\/colegio\\\/#\\\/schema\\\/person\\\/1f45b67e52b27da175190a574db6bed9\",\"name\":\"veronicapastor\",\"image\":{\"@type\":\"ImageObject\",\"inLanguage\":\"es\",\"@id\":\"https:\\\/\\\/secure.gravatar.com\\\/avatar\\\/e29bd40bace3fd935e1d6fdb7313ffc14628cc037c5e16f4c7369b20a2a6f7f0?s=96&d=mm&r=g\",\"url\":\"https:\\\/\\\/secure.gravatar.com\\\/avatar\\\/e29bd40bace3fd935e1d6fdb7313ffc14628cc037c5e16f4c7369b20a2a6f7f0?s=96&d=mm&r=g\",\"contentUrl\":\"https:\\\/\\\/secure.gravatar.com\\\/avatar\\\/e29bd40bace3fd935e1d6fdb7313ffc14628cc037c5e16f4c7369b20a2a6f7f0?s=96&d=mm&r=g\",\"caption\":\"veronicapastor\"}}]}<\/script>\n<!-- \/ Yoast SEO plugin. -->","yoast_head_json":{"title":"El Colegio Salesiano San Juan Bosco en la lista de los 50 mejores colegios de la Comunidad Valenciana, del diario El Mundo - Colegio San Juan Bosco Valencia","robots":{"index":"index","follow":"follow","max-snippet":"max-snippet:-1","max-image-preview":"max-image-preview:large","max-video-preview":"max-video-preview:-1"},"canonical":"https:\/\/valenciasjb.salesianos.edu\/colegio\/el-colegio-salesiano-san-juan-bosco-en-la-lista-de-los-50-mejores-colegios-de-la-comunidad-valenciana-del-diario-el-mundo-2\/","og_locale":"es_ES","og_type":"article","og_title":"El Colegio Salesiano San Juan Bosco en la lista de los 50 mejores colegios de la Comunidad Valenciana, del diario El Mundo - Colegio San Juan Bosco Valencia","og_description":"El Colegio Salesiano San Juan Bosco de Valencia, un a\u00f1o m\u00e1s, en la lista de los 50 mejores colegios de la Comunidad Valenciana, seg\u00fan el diario El Mundo, en su suplemento publicado el s\u00e1bado 28 de marzo de 2020. \u00a0 \u00a0Redacci\u00f3n Dentro de la lista de los 50 mejores colegios de la Comunidad Valenciana, El [&hellip;]","og_url":"https:\/\/valenciasjb.salesianos.edu\/colegio\/el-colegio-salesiano-san-juan-bosco-en-la-lista-de-los-50-mejores-colegios-de-la-comunidad-valenciana-del-diario-el-mundo-2\/","og_site_name":"Colegio San Juan Bosco Valencia","article_publisher":"https:\/\/www.facebook.com\/ColegioSalesianoSanJuanBoscoValencia","article_published_time":"2020-03-28T13:03:38+00:00","article_modified_time":"2020-03-28T13:05:38+00:00","og_image":[{"width":720,"height":951,"url":"https:\/\/valenciasjb.salesianos.edu\/colegio\/wp-content\/uploads\/sites\/2\/2020\/03\/sketch-1585400239167.jpg","type":"image\/jpeg"}],"author":"veronicapastor","twitter_card":"summary_large_image","twitter_creator":"@SalesianosVSJB","twitter_site":"@SalesianosVSJB","twitter_misc":{"Escrito por":"veronicapastor","Tiempo de lectura":"3 minutos"},"schema":{"@context":"https:\/\/schema.org","@graph":[{"@type":"Article","@id":"https:\/\/valenciasjb.salesianos.edu\/colegio\/el-colegio-salesiano-san-juan-bosco-en-la-lista-de-los-50-mejores-colegios-de-la-comunidad-valenciana-del-diario-el-mundo-2\/#article","isPartOf":{"@id":"https:\/\/valenciasjb.salesianos.edu\/colegio\/el-colegio-salesiano-san-juan-bosco-en-la-lista-de-los-50-mejores-colegios-de-la-comunidad-valenciana-del-diario-el-mundo-2\/"},"author":{"name":"veronicapastor","@id":"https:\/\/valenciasjb.salesianos.edu\/colegio\/#\/schema\/person\/1f45b67e52b27da175190a574db6bed9"},"headline":"El Colegio Salesiano San Juan Bosco en la lista de los 50 mejores colegios de la Comunidad Valenciana, del diario El Mundo","datePublished":"2020-03-28T13:03:38+00:00","dateModified":"2020-03-28T13:05:38+00:00","mainEntityOfPage":{"@id":"https:\/\/valenciasjb.salesianos.edu\/colegio\/el-colegio-salesiano-san-juan-bosco-en-la-lista-de-los-50-mejores-colegios-de-la-comunidad-valenciana-del-diario-el-mundo-2\/"},"wordCount":572,"image":{"@id":"https:\/\/valenciasjb.salesianos.edu\/colegio\/el-colegio-salesiano-san-juan-bosco-en-la-lista-de-los-50-mejores-colegios-de-la-comunidad-valenciana-del-diario-el-mundo-2\/#primaryimage"},"thumbnailUrl":"https:\/\/valenciasjb.salesianos.edu\/colegio\/wp-content\/uploads\/sites\/2\/2020\/03\/sketch-1585400239167.jpg","articleSection":["Noticia Colegio"],"inLanguage":"es"},{"@type":"WebPage","@id":"https:\/\/valenciasjb.salesianos.edu\/colegio\/el-colegio-salesiano-san-juan-bosco-en-la-lista-de-los-50-mejores-colegios-de-la-comunidad-valenciana-del-diario-el-mundo-2\/","url":"https:\/\/valenciasjb.salesianos.edu\/colegio\/el-colegio-salesiano-san-juan-bosco-en-la-lista-de-los-50-mejores-colegios-de-la-comunidad-valenciana-del-diario-el-mundo-2\/","name":"El Colegio Salesiano San Juan Bosco en la lista de los 50 mejores colegios de la Comunidad Valenciana, del diario El Mundo - Colegio San Juan Bosco Valencia","isPartOf":{"@id":"https:\/\/valenciasjb.salesianos.edu\/colegio\/#website"},"primaryImageOfPage":{"@id":"https:\/\/valenciasjb.salesianos.edu\/colegio\/el-colegio-salesiano-san-juan-bosco-en-la-lista-de-los-50-mejores-colegios-de-la-comunidad-valenciana-del-diario-el-mundo-2\/#primaryimage"},"image":{"@id":"https:\/\/valenciasjb.salesianos.edu\/colegio\/el-colegio-salesiano-san-juan-bosco-en-la-lista-de-los-50-mejores-colegios-de-la-comunidad-valenciana-del-diario-el-mundo-2\/#primaryimage"},"thumbnailUrl":"https:\/\/valenciasjb.salesianos.edu\/colegio\/wp-content\/uploads\/sites\/2\/2020\/03\/sketch-1585400239167.jpg","datePublished":"2020-03-28T13:03:38+00:00","dateModified":"2020-03-28T13:05:38+00:00","author":{"@id":"https:\/\/valenciasjb.salesianos.edu\/colegio\/#\/schema\/person\/1f45b67e52b27da175190a574db6bed9"},"breadcrumb":{"@id":"https:\/\/valenciasjb.salesianos.edu\/colegio\/el-colegio-salesiano-san-juan-bosco-en-la-lista-de-los-50-mejores-colegios-de-la-comunidad-valenciana-del-diario-el-mundo-2\/#breadcrumb"},"inLanguage":"es","potentialAction":[{"@type":"ReadAction","target":["https:\/\/valenciasjb.salesianos.edu\/colegio\/el-colegio-salesiano-san-juan-bosco-en-la-lista-de-los-50-mejores-colegios-de-la-comunidad-valenciana-del-diario-el-mundo-2\/"]}]},{"@type":"ImageObject","inLanguage":"es","@id":"https:\/\/valenciasjb.salesianos.edu\/colegio\/el-colegio-salesiano-san-juan-bosco-en-la-lista-de-los-50-mejores-colegios-de-la-comunidad-valenciana-del-diario-el-mundo-2\/#primaryimage","url":"https:\/\/valenciasjb.salesianos.edu\/colegio\/wp-content\/uploads\/sites\/2\/2020\/03\/sketch-1585400239167.jpg","contentUrl":"https:\/\/valenciasjb.salesianos.edu\/colegio\/wp-content\/uploads\/sites\/2\/2020\/03\/sketch-1585400239167.jpg","width":720,"height":951},{"@type":"BreadcrumbList","@id":"https:\/\/valenciasjb.salesianos.edu\/colegio\/el-colegio-salesiano-san-juan-bosco-en-la-lista-de-los-50-mejores-colegios-de-la-comunidad-valenciana-del-diario-el-mundo-2\/#breadcrumb","itemListElement":[{"@type":"ListItem","position":1,"name":"Portada","item":"https:\/\/valenciasjb.salesianos.edu\/colegio\/"},{"@type":"ListItem","position":2,"name":"El Colegio Salesiano San Juan Bosco en la lista de los 50 mejores colegios de la Comunidad Valenciana, del diario El Mundo"}]},{"@type":"WebSite","@id":"https:\/\/valenciasjb.salesianos.edu\/colegio\/#website","url":"https:\/\/valenciasjb.salesianos.edu\/colegio\/","name":"Colegio San Juan Bosco Valencia","description":"P\u00e1gina oficial del Colegio Salesianos San Juan Bosco Valencia","alternateName":"Salesianos.VSJB","potentialAction":[{"@type":"SearchAction","target":{"@type":"EntryPoint","urlTemplate":"https:\/\/valenciasjb.salesianos.edu\/colegio\/?s={search_term_string}"},"query-input":{"@type":"PropertyValueSpecification","valueRequired":true,"valueName":"search_term_string"}}],"inLanguage":"es"},{"@type":"Person","@id":"https:\/\/valenciasjb.salesianos.edu\/colegio\/#\/schema\/person\/1f45b67e52b27da175190a574db6bed9","name":"veronicapastor","image":{"@type":"ImageObject","inLanguage":"es","@id":"https:\/\/secure.gravatar.com\/avatar\/e29bd40bace3fd935e1d6fdb7313ffc14628cc037c5e16f4c7369b20a2a6f7f0?s=96&d=mm&r=g","url":"https:\/\/secure.gravatar.com\/avatar\/e29bd40bace3fd935e1d6fdb7313ffc14628cc037c5e16f4c7369b20a2a6f7f0?s=96&d=mm&r=g","contentUrl":"https:\/\/secure.gravatar.com\/avatar\/e29bd40bace3fd935e1d6fdb7313ffc14628cc037c5e16f4c7369b20a2a6f7f0?s=96&d=mm&r=g","caption":"veronicapastor"}}]}},"_links":{"self":[{"href":"https:\/\/valenciasjb.salesianos.edu\/colegio\/wp-json\/wp\/v2\/posts\/12342","targetHints":{"allow":["GET"]}}],"collection":[{"href":"https:\/\/valenciasjb.salesianos.edu\/colegio\/wp-json\/wp\/v2\/posts"}],"about":[{"href":"https:\/\/valenciasjb.salesianos.edu\/colegio\/wp-json\/wp\/v2\/types\/post"}],"author":[{"embeddable":true,"href":"https:\/\/valenciasjb.salesianos.edu\/colegio\/wp-json\/wp\/v2\/users\/6"}],"replies":[{"embeddable":true,"href":"https:\/\/valenciasjb.salesianos.edu\/colegio\/wp-json\/wp\/v2\/comments?post=12342"}],"version-history":[{"count":5,"href":"https:\/\/valenciasjb.salesianos.edu\/colegio\/wp-json\/wp\/v2\/posts\/12342\/revisions"}],"predecessor-version":[{"id":12351,"href":"https:\/\/valenciasjb.salesianos.edu\/colegio\/wp-json\/wp\/v2\/posts\/12342\/revisions\/12351"}],"wp:featuredmedia":[{"embeddable":true,"href":"https:\/\/valenciasjb.salesianos.edu\/colegio\/wp-json\/wp\/v2\/media\/12346"}],"wp:attachment":[{"href":"https:\/\/valenciasjb.salesianos.edu\/colegio\/wp-json\/wp\/v2\/media?parent=12342"}],"wp:term":[{"taxonomy":"category","embeddable":true,"href":"https:\/\/valenciasjb.salesianos.edu\/colegio\/wp-json\/wp\/v2\/categories?post=12342"},{"taxonomy":"post_tag","embeddable":true,"href":"https:\/\/valenciasjb.salesianos.edu\/colegio\/wp-json\/wp\/v2\/tags?post=12342"}],"curies":[{"name":"wp","href":"https:\/\/api.w.org\/{rel}","templated":true}]}}