{"id":12353,"date":"2020-03-29T11:16:36","date_gmt":"2020-03-29T10:16:36","guid":{"rendered":"https:\/\/valenciasjb.salesianos.edu\/colegio\/?p=12353"},"modified":"2020-03-29T11:16:39","modified_gmt":"2020-03-29T10:16:39","slug":"celebracion-de-la-eucaristia-en-la-parroquia-maria-auxiliadora-domingo-5o-de-cuaresma-ciclo-a-el-29-de-marzo-de-2020","status":"publish","type":"post","link":"https:\/\/valenciasjb.salesianos.edu\/colegio\/celebracion-de-la-eucaristia-en-la-parroquia-maria-auxiliadora-domingo-5o-de-cuaresma-ciclo-a-el-29-de-marzo-de-2020\/","title":{"rendered":"Celebraci\u00f3n de la Eucarist\u00eda en la Parroquia Mar\u00eda Auxiliadora, domingo 5\u00ba de Cuaresma, ciclo A, el 29 de marzo de 2020"},"content":{"rendered":"<div id=\"fb-root\"><\/div>\n<p>[et_pb_section fb_built=\u00bb1&#8243; admin_label=\u00bbsection\u00bb _builder_version=\u00bb3.22&#8243;][et_pb_row admin_label=\u00bbrow\u00bb _builder_version=\u00bb3.25&#8243; background_size=\u00bbinitial\u00bb background_position=\u00bbtop_left\u00bb background_repeat=\u00bbrepeat\u00bb][et_pb_column type=\u00bb4_4&#8243; _builder_version=\u00bb3.25&#8243; custom_padding=\u00bb|||\u00bb custom_padding__hover=\u00bb|||\u00bb][et_pb_text admin_label=\u00bbEntradilla (Texto)\u00bb _builder_version=\u00bb4.0.9&#8243; text_font=\u00bb|on|||\u00bb text_orientation=\u00bbjustified\u00bb module_alignment=\u00bbjustified\u00bb hover_enabled=\u00bb0&#8243;]<\/p>\n<div id=\"resumen\">\n<div class=\"gs\">\n<div class=\"\">\n<div id=\":4tl\" class=\"ii gt\">\n<div id=\":4tm\" class=\"a3s aXjCH \">\n<div dir=\"auto\">Celebraci\u00f3n de la Eucarist\u00eda en la Parroquia Mar\u00eda Auxiliadora, casa salesiana de Val\u00e8ncia Sant Joan Bosco, del domingo 5\u00ba de Cuaresma, ciclo A, el 29 de marzo de 2020.<\/div>\n<div class=\"yj6qo\">\u00a0<\/div>\n<div class=\"adL\">\u00a0<\/div>\n<\/div>\n<\/div>\n<div class=\"hi\">\u00a0<\/div>\n<\/div>\n<\/div>\n<\/div>\n<div>\u00a0<\/div>\n<p>[\/et_pb_text][et_pb_text admin_label=\u00bbAutor (Texto)\u00bb _builder_version=\u00bb4.0.9&#8243; text_font=\u00bb||on||\u00bb hover_enabled=\u00bb0&#8243;][\/et_pb_text][et_pb_text admin_label=\u00bbDesarrollo (Texto)\u00bb _builder_version=\u00bb4.0.9&#8243; text_orientation=\u00bbjustified\u00bb module_alignment=\u00bbjustified\u00bb hover_enabled=\u00bb0&#8243;]<\/p>\n<div class=\"gs\">\n<div class=\"\">\n<div id=\":4sf\" class=\"ii gt\">\n<div id=\":4se\" class=\"a3s aXjCH \">\n<div dir=\"auto\">Jes\u00fas es la Resurrecci\u00f3n y la Vida. Escuchemos su llamada a salir de nuestras muertes, a desatarnos y caminar por los caminos de la vida.<\/div>\n<div class=\"yj6qo\">\u00a0<\/div>\n<div class=\"adL\">\u00a0<\/div>\n<\/div>\n<\/div>\n<div class=\"hi\">\u00a0<\/div>\n<\/div>\n<\/div>\n<p>\u200b<\/p>\n<p>[\/et_pb_text][et_pb_text disabled_on=\u00bboff|on|on\u00bb admin_label=\u00bbT\u00edtulo: Galer\u00eda de fotos (Texto)\u00bb _builder_version=\u00bb3.27.4&#8243; text_font=\u00bb|on|||\u00bb text_text_color=\u00bb#dc001b\u00bb border_style=\u00bbsolid\u00bb]Galer\u00eda de im\u00e1genes<br \/>\n[\/et_pb_text][et_pb_gallery gallery_ids=\u00bb12308,12360&#8243; posts_number=\u00bb8&#8243; show_title_and_caption=\u00bboff\u00bb zoom_icon_color=\u00bb#dc001b\u00bb hover_icon=\u00bb%%51%%\u00bb disabled_on=\u00bboff|off|off\u00bb _builder_version=\u00bb4.0.9&#8243; hover_enabled=\u00bb0&#8243; pagination_font_size_tablet=\u00bb51&#8243; pagination_line_height_tablet=\u00bb2&#8243;][\/et_pb_gallery][et_pb_video disabled_on=\u00bboff|off|off\u00bb _builder_version=\u00bb4.0.9&#8243; hover_enabled=\u00bb0&#8243; src=\u00bbhttps:\/\/www.youtube.com\/watch?v=PAqtXxTclpI\u00bb][\/et_pb_video][\/et_pb_column][\/et_pb_row][\/et_pb_section]<\/p>\n<!-- AddThis Advanced Settings generic via filter on the_content --><!-- AddThis Share Buttons generic via filter on the_content -->","protected":false},"excerpt":{"rendered":"<p>Celebraci\u00f3n de la Eucarist\u00eda en la Parroquia Mar\u00eda Auxiliadora, casa salesiana de Val\u00e8ncia Sant Joan Bosco, del domingo 5\u00ba de Cuaresma, ciclo A, el 29 de marzo de 2020. \u00a0 \u00a0 \u00a0 \u00a0 Jes\u00fas es la Resurrecci\u00f3n y la Vida. Escuchemos su llamada a salir de nuestras muertes, a desatarnos y caminar por los caminos [&hellip;]<\/p>\n<p><!-- AddThis Advanced Settings generic via filter on get_the_excerpt --><!-- AddThis Share Buttons generic via filter on get_the_excerpt --><\/p>\n","protected":false},"author":6,"featured_media":12360,"comment_status":"closed","ping_status":"open","sticky":false,"template":"","format":"standard","meta":{"_et_pb_use_builder":"on","_et_pb_old_content":"","_et_gb_content_width":"","footnotes":""},"categories":[14],"tags":[],"class_list":["post-12353","post","type-post","status-publish","format-standard","has-post-thumbnail","hentry","category-noticia_colegio"],"yoast_head":"<!-- This site is optimized with the Yoast SEO plugin v28.4 - https:\/\/yoast.com\/product\/yoast-seo-wordpress\/ -->\n<title>Celebraci\u00f3n de la Eucarist\u00eda en la Parroquia Mar\u00eda Auxiliadora, domingo 5\u00ba de Cuaresma, ciclo A, el 29 de marzo de 2020 - Colegio San Juan Bosco Valencia<\/title>\n<meta name=\"robots\" content=\"index, follow, max-snippet:-1, max-image-preview:large, max-video-preview:-1\" \/>\n<link rel=\"canonical\" href=\"https:\/\/valenciasjb.salesianos.edu\/colegio\/celebracion-de-la-eucaristia-en-la-parroquia-maria-auxiliadora-domingo-5o-de-cuaresma-ciclo-a-el-29-de-marzo-de-2020\/\" \/>\n<meta property=\"og:locale\" content=\"es_ES\" \/>\n<meta property=\"og:type\" content=\"article\" \/>\n<meta property=\"og:title\" content=\"Celebraci\u00f3n de la Eucarist\u00eda en la Parroquia Mar\u00eda Auxiliadora, domingo 5\u00ba de Cuaresma, ciclo A, el 29 de marzo de 2020 - Colegio San Juan Bosco Valencia\" \/>\n<meta property=\"og:description\" content=\"Celebraci\u00f3n de la Eucarist\u00eda en la Parroquia Mar\u00eda Auxiliadora, casa salesiana de Val\u00e8ncia Sant Joan Bosco, del domingo 5\u00ba de Cuaresma, ciclo A, el 29 de marzo de 2020. \u00a0 \u00a0 \u00a0 \u00a0 Jes\u00fas es la Resurrecci\u00f3n y la Vida. Escuchemos su llamada a salir de nuestras muertes, a desatarnos y caminar por los caminos [&hellip;]\" \/>\n<meta property=\"og:url\" content=\"https:\/\/valenciasjb.salesianos.edu\/colegio\/celebracion-de-la-eucaristia-en-la-parroquia-maria-auxiliadora-domingo-5o-de-cuaresma-ciclo-a-el-29-de-marzo-de-2020\/\" \/>\n<meta property=\"og:site_name\" content=\"Colegio San Juan Bosco Valencia\" \/>\n<meta property=\"article:publisher\" content=\"https:\/\/www.facebook.com\/ColegioSalesianoSanJuanBoscoValencia\" \/>\n<meta property=\"article:published_time\" content=\"2020-03-29T10:16:36+00:00\" \/>\n<meta property=\"article:modified_time\" content=\"2020-03-29T10:16:39+00:00\" \/>\n<meta property=\"og:image\" content=\"https:\/\/valenciasjb.salesianos.edu\/colegio\/wp-content\/uploads\/sites\/2\/2020\/03\/IMG-20200329-WA0006.jpg\" \/>\n\t<meta property=\"og:image:width\" content=\"750\" \/>\n\t<meta property=\"og:image:height\" content=\"933\" \/>\n\t<meta property=\"og:image:type\" content=\"image\/jpeg\" \/>\n<meta name=\"author\" content=\"veronicapastor\" \/>\n<meta name=\"twitter:card\" content=\"summary_large_image\" \/>\n<meta name=\"twitter:creator\" content=\"@SalesianosVSJB\" \/>\n<meta name=\"twitter:site\" content=\"@SalesianosVSJB\" \/>\n<meta name=\"twitter:label1\" content=\"Escrito por\" \/>\n\t<meta name=\"twitter:data1\" content=\"veronicapastor\" \/>\n\t<meta name=\"twitter:label2\" content=\"Tiempo de lectura\" \/>\n\t<meta name=\"twitter:data2\" content=\"1 minuto\" \/>\n<script type=\"application\/ld+json\" class=\"yoast-schema-graph\">{\"@context\":\"https:\\\/\\\/schema.org\",\"@graph\":[{\"@type\":\"Article\",\"@id\":\"https:\\\/\\\/valenciasjb.salesianos.edu\\\/colegio\\\/celebracion-de-la-eucaristia-en-la-parroquia-maria-auxiliadora-domingo-5o-de-cuaresma-ciclo-a-el-29-de-marzo-de-2020\\\/#article\",\"isPartOf\":{\"@id\":\"https:\\\/\\\/valenciasjb.salesianos.edu\\\/colegio\\\/celebracion-de-la-eucaristia-en-la-parroquia-maria-auxiliadora-domingo-5o-de-cuaresma-ciclo-a-el-29-de-marzo-de-2020\\\/\"},\"author\":{\"name\":\"veronicapastor\",\"@id\":\"https:\\\/\\\/valenciasjb.salesianos.edu\\\/colegio\\\/#\\\/schema\\\/person\\\/1f45b67e52b27da175190a574db6bed9\"},\"headline\":\"Celebraci\u00f3n de la Eucarist\u00eda en la Parroquia Mar\u00eda Auxiliadora, domingo 5\u00ba de Cuaresma, ciclo A, el 29 de marzo de 2020\",\"datePublished\":\"2020-03-29T10:16:36+00:00\",\"dateModified\":\"2020-03-29T10:16:39+00:00\",\"mainEntityOfPage\":{\"@id\":\"https:\\\/\\\/valenciasjb.salesianos.edu\\\/colegio\\\/celebracion-de-la-eucaristia-en-la-parroquia-maria-auxiliadora-domingo-5o-de-cuaresma-ciclo-a-el-29-de-marzo-de-2020\\\/\"},\"wordCount\":286,\"image\":{\"@id\":\"https:\\\/\\\/valenciasjb.salesianos.edu\\\/colegio\\\/celebracion-de-la-eucaristia-en-la-parroquia-maria-auxiliadora-domingo-5o-de-cuaresma-ciclo-a-el-29-de-marzo-de-2020\\\/#primaryimage\"},\"thumbnailUrl\":\"https:\\\/\\\/valenciasjb.salesianos.edu\\\/colegio\\\/wp-content\\\/uploads\\\/sites\\\/2\\\/2020\\\/03\\\/IMG-20200329-WA0006.jpg\",\"articleSection\":[\"Noticia Colegio\"],\"inLanguage\":\"es\"},{\"@type\":\"WebPage\",\"@id\":\"https:\\\/\\\/valenciasjb.salesianos.edu\\\/colegio\\\/celebracion-de-la-eucaristia-en-la-parroquia-maria-auxiliadora-domingo-5o-de-cuaresma-ciclo-a-el-29-de-marzo-de-2020\\\/\",\"url\":\"https:\\\/\\\/valenciasjb.salesianos.edu\\\/colegio\\\/celebracion-de-la-eucaristia-en-la-parroquia-maria-auxiliadora-domingo-5o-de-cuaresma-ciclo-a-el-29-de-marzo-de-2020\\\/\",\"name\":\"Celebraci\u00f3n de la Eucarist\u00eda en la Parroquia Mar\u00eda Auxiliadora, domingo 5\u00ba de Cuaresma, ciclo A, el 29 de marzo de 2020 - Colegio San Juan Bosco Valencia\",\"isPartOf\":{\"@id\":\"https:\\\/\\\/valenciasjb.salesianos.edu\\\/colegio\\\/#website\"},\"primaryImageOfPage\":{\"@id\":\"https:\\\/\\\/valenciasjb.salesianos.edu\\\/colegio\\\/celebracion-de-la-eucaristia-en-la-parroquia-maria-auxiliadora-domingo-5o-de-cuaresma-ciclo-a-el-29-de-marzo-de-2020\\\/#primaryimage\"},\"image\":{\"@id\":\"https:\\\/\\\/valenciasjb.salesianos.edu\\\/colegio\\\/celebracion-de-la-eucaristia-en-la-parroquia-maria-auxiliadora-domingo-5o-de-cuaresma-ciclo-a-el-29-de-marzo-de-2020\\\/#primaryimage\"},\"thumbnailUrl\":\"https:\\\/\\\/valenciasjb.salesianos.edu\\\/colegio\\\/wp-content\\\/uploads\\\/sites\\\/2\\\/2020\\\/03\\\/IMG-20200329-WA0006.jpg\",\"datePublished\":\"2020-03-29T10:16:36+00:00\",\"dateModified\":\"2020-03-29T10:16:39+00:00\",\"author\":{\"@id\":\"https:\\\/\\\/valenciasjb.salesianos.edu\\\/colegio\\\/#\\\/schema\\\/person\\\/1f45b67e52b27da175190a574db6bed9\"},\"breadcrumb\":{\"@id\":\"https:\\\/\\\/valenciasjb.salesianos.edu\\\/colegio\\\/celebracion-de-la-eucaristia-en-la-parroquia-maria-auxiliadora-domingo-5o-de-cuaresma-ciclo-a-el-29-de-marzo-de-2020\\\/#breadcrumb\"},\"inLanguage\":\"es\",\"potentialAction\":[{\"@type\":\"ReadAction\",\"target\":[\"https:\\\/\\\/valenciasjb.salesianos.edu\\\/colegio\\\/celebracion-de-la-eucaristia-en-la-parroquia-maria-auxiliadora-domingo-5o-de-cuaresma-ciclo-a-el-29-de-marzo-de-2020\\\/\"]}]},{\"@type\":\"ImageObject\",\"inLanguage\":\"es\",\"@id\":\"https:\\\/\\\/valenciasjb.salesianos.edu\\\/colegio\\\/celebracion-de-la-eucaristia-en-la-parroquia-maria-auxiliadora-domingo-5o-de-cuaresma-ciclo-a-el-29-de-marzo-de-2020\\\/#primaryimage\",\"url\":\"https:\\\/\\\/valenciasjb.salesianos.edu\\\/colegio\\\/wp-content\\\/uploads\\\/sites\\\/2\\\/2020\\\/03\\\/IMG-20200329-WA0006.jpg\",\"contentUrl\":\"https:\\\/\\\/valenciasjb.salesianos.edu\\\/colegio\\\/wp-content\\\/uploads\\\/sites\\\/2\\\/2020\\\/03\\\/IMG-20200329-WA0006.jpg\",\"width\":750,\"height\":933},{\"@type\":\"BreadcrumbList\",\"@id\":\"https:\\\/\\\/valenciasjb.salesianos.edu\\\/colegio\\\/celebracion-de-la-eucaristia-en-la-parroquia-maria-auxiliadora-domingo-5o-de-cuaresma-ciclo-a-el-29-de-marzo-de-2020\\\/#breadcrumb\",\"itemListElement\":[{\"@type\":\"ListItem\",\"position\":1,\"name\":\"Portada\",\"item\":\"https:\\\/\\\/valenciasjb.salesianos.edu\\\/colegio\\\/\"},{\"@type\":\"ListItem\",\"position\":2,\"name\":\"Celebraci\u00f3n de la Eucarist\u00eda en la Parroquia Mar\u00eda Auxiliadora, domingo 5\u00ba de Cuaresma, ciclo A, el 29 de marzo de 2020\"}]},{\"@type\":\"WebSite\",\"@id\":\"https:\\\/\\\/valenciasjb.salesianos.edu\\\/colegio\\\/#website\",\"url\":\"https:\\\/\\\/valenciasjb.salesianos.edu\\\/colegio\\\/\",\"name\":\"Colegio San Juan Bosco Valencia\",\"description\":\"P\u00e1gina oficial del Colegio Salesianos San Juan Bosco Valencia\",\"alternateName\":\"Salesianos.VSJB\",\"potentialAction\":[{\"@type\":\"SearchAction\",\"target\":{\"@type\":\"EntryPoint\",\"urlTemplate\":\"https:\\\/\\\/valenciasjb.salesianos.edu\\\/colegio\\\/?s={search_term_string}\"},\"query-input\":{\"@type\":\"PropertyValueSpecification\",\"valueRequired\":true,\"valueName\":\"search_term_string\"}}],\"inLanguage\":\"es\"},{\"@type\":\"Person\",\"@id\":\"https:\\\/\\\/valenciasjb.salesianos.edu\\\/colegio\\\/#\\\/schema\\\/person\\\/1f45b67e52b27da175190a574db6bed9\",\"name\":\"veronicapastor\",\"image\":{\"@type\":\"ImageObject\",\"inLanguage\":\"es\",\"@id\":\"https:\\\/\\\/secure.gravatar.com\\\/avatar\\\/e29bd40bace3fd935e1d6fdb7313ffc14628cc037c5e16f4c7369b20a2a6f7f0?s=96&d=mm&r=g\",\"url\":\"https:\\\/\\\/secure.gravatar.com\\\/avatar\\\/e29bd40bace3fd935e1d6fdb7313ffc14628cc037c5e16f4c7369b20a2a6f7f0?s=96&d=mm&r=g\",\"contentUrl\":\"https:\\\/\\\/secure.gravatar.com\\\/avatar\\\/e29bd40bace3fd935e1d6fdb7313ffc14628cc037c5e16f4c7369b20a2a6f7f0?s=96&d=mm&r=g\",\"caption\":\"veronicapastor\"}}]}<\/script>\n<!-- \/ Yoast SEO plugin. -->","yoast_head_json":{"title":"Celebraci\u00f3n de la Eucarist\u00eda en la Parroquia Mar\u00eda Auxiliadora, domingo 5\u00ba de Cuaresma, ciclo A, el 29 de marzo de 2020 - Colegio San Juan Bosco Valencia","robots":{"index":"index","follow":"follow","max-snippet":"max-snippet:-1","max-image-preview":"max-image-preview:large","max-video-preview":"max-video-preview:-1"},"canonical":"https:\/\/valenciasjb.salesianos.edu\/colegio\/celebracion-de-la-eucaristia-en-la-parroquia-maria-auxiliadora-domingo-5o-de-cuaresma-ciclo-a-el-29-de-marzo-de-2020\/","og_locale":"es_ES","og_type":"article","og_title":"Celebraci\u00f3n de la Eucarist\u00eda en la Parroquia Mar\u00eda Auxiliadora, domingo 5\u00ba de Cuaresma, ciclo A, el 29 de marzo de 2020 - Colegio San Juan Bosco Valencia","og_description":"Celebraci\u00f3n de la Eucarist\u00eda en la Parroquia Mar\u00eda Auxiliadora, casa salesiana de Val\u00e8ncia Sant Joan Bosco, del domingo 5\u00ba de Cuaresma, ciclo A, el 29 de marzo de 2020. \u00a0 \u00a0 \u00a0 \u00a0 Jes\u00fas es la Resurrecci\u00f3n y la Vida. Escuchemos su llamada a salir de nuestras muertes, a desatarnos y caminar por los caminos [&hellip;]","og_url":"https:\/\/valenciasjb.salesianos.edu\/colegio\/celebracion-de-la-eucaristia-en-la-parroquia-maria-auxiliadora-domingo-5o-de-cuaresma-ciclo-a-el-29-de-marzo-de-2020\/","og_site_name":"Colegio San Juan Bosco Valencia","article_publisher":"https:\/\/www.facebook.com\/ColegioSalesianoSanJuanBoscoValencia","article_published_time":"2020-03-29T10:16:36+00:00","article_modified_time":"2020-03-29T10:16:39+00:00","og_image":[{"width":750,"height":933,"url":"https:\/\/valenciasjb.salesianos.edu\/colegio\/wp-content\/uploads\/sites\/2\/2020\/03\/IMG-20200329-WA0006.jpg","type":"image\/jpeg"}],"author":"veronicapastor","twitter_card":"summary_large_image","twitter_creator":"@SalesianosVSJB","twitter_site":"@SalesianosVSJB","twitter_misc":{"Escrito por":"veronicapastor","Tiempo de lectura":"1 minuto"},"schema":{"@context":"https:\/\/schema.org","@graph":[{"@type":"Article","@id":"https:\/\/valenciasjb.salesianos.edu\/colegio\/celebracion-de-la-eucaristia-en-la-parroquia-maria-auxiliadora-domingo-5o-de-cuaresma-ciclo-a-el-29-de-marzo-de-2020\/#article","isPartOf":{"@id":"https:\/\/valenciasjb.salesianos.edu\/colegio\/celebracion-de-la-eucaristia-en-la-parroquia-maria-auxiliadora-domingo-5o-de-cuaresma-ciclo-a-el-29-de-marzo-de-2020\/"},"author":{"name":"veronicapastor","@id":"https:\/\/valenciasjb.salesianos.edu\/colegio\/#\/schema\/person\/1f45b67e52b27da175190a574db6bed9"},"headline":"Celebraci\u00f3n de la Eucarist\u00eda en la Parroquia Mar\u00eda Auxiliadora, domingo 5\u00ba de Cuaresma, ciclo A, el 29 de marzo de 2020","datePublished":"2020-03-29T10:16:36+00:00","dateModified":"2020-03-29T10:16:39+00:00","mainEntityOfPage":{"@id":"https:\/\/valenciasjb.salesianos.edu\/colegio\/celebracion-de-la-eucaristia-en-la-parroquia-maria-auxiliadora-domingo-5o-de-cuaresma-ciclo-a-el-29-de-marzo-de-2020\/"},"wordCount":286,"image":{"@id":"https:\/\/valenciasjb.salesianos.edu\/colegio\/celebracion-de-la-eucaristia-en-la-parroquia-maria-auxiliadora-domingo-5o-de-cuaresma-ciclo-a-el-29-de-marzo-de-2020\/#primaryimage"},"thumbnailUrl":"https:\/\/valenciasjb.salesianos.edu\/colegio\/wp-content\/uploads\/sites\/2\/2020\/03\/IMG-20200329-WA0006.jpg","articleSection":["Noticia Colegio"],"inLanguage":"es"},{"@type":"WebPage","@id":"https:\/\/valenciasjb.salesianos.edu\/colegio\/celebracion-de-la-eucaristia-en-la-parroquia-maria-auxiliadora-domingo-5o-de-cuaresma-ciclo-a-el-29-de-marzo-de-2020\/","url":"https:\/\/valenciasjb.salesianos.edu\/colegio\/celebracion-de-la-eucaristia-en-la-parroquia-maria-auxiliadora-domingo-5o-de-cuaresma-ciclo-a-el-29-de-marzo-de-2020\/","name":"Celebraci\u00f3n de la Eucarist\u00eda en la Parroquia Mar\u00eda Auxiliadora, domingo 5\u00ba de Cuaresma, ciclo A, el 29 de marzo de 2020 - Colegio San Juan Bosco Valencia","isPartOf":{"@id":"https:\/\/valenciasjb.salesianos.edu\/colegio\/#website"},"primaryImageOfPage":{"@id":"https:\/\/valenciasjb.salesianos.edu\/colegio\/celebracion-de-la-eucaristia-en-la-parroquia-maria-auxiliadora-domingo-5o-de-cuaresma-ciclo-a-el-29-de-marzo-de-2020\/#primaryimage"},"image":{"@id":"https:\/\/valenciasjb.salesianos.edu\/colegio\/celebracion-de-la-eucaristia-en-la-parroquia-maria-auxiliadora-domingo-5o-de-cuaresma-ciclo-a-el-29-de-marzo-de-2020\/#primaryimage"},"thumbnailUrl":"https:\/\/valenciasjb.salesianos.edu\/colegio\/wp-content\/uploads\/sites\/2\/2020\/03\/IMG-20200329-WA0006.jpg","datePublished":"2020-03-29T10:16:36+00:00","dateModified":"2020-03-29T10:16:39+00:00","author":{"@id":"https:\/\/valenciasjb.salesianos.edu\/colegio\/#\/schema\/person\/1f45b67e52b27da175190a574db6bed9"},"breadcrumb":{"@id":"https:\/\/valenciasjb.salesianos.edu\/colegio\/celebracion-de-la-eucaristia-en-la-parroquia-maria-auxiliadora-domingo-5o-de-cuaresma-ciclo-a-el-29-de-marzo-de-2020\/#breadcrumb"},"inLanguage":"es","potentialAction":[{"@type":"ReadAction","target":["https:\/\/valenciasjb.salesianos.edu\/colegio\/celebracion-de-la-eucaristia-en-la-parroquia-maria-auxiliadora-domingo-5o-de-cuaresma-ciclo-a-el-29-de-marzo-de-2020\/"]}]},{"@type":"ImageObject","inLanguage":"es","@id":"https:\/\/valenciasjb.salesianos.edu\/colegio\/celebracion-de-la-eucaristia-en-la-parroquia-maria-auxiliadora-domingo-5o-de-cuaresma-ciclo-a-el-29-de-marzo-de-2020\/#primaryimage","url":"https:\/\/valenciasjb.salesianos.edu\/colegio\/wp-content\/uploads\/sites\/2\/2020\/03\/IMG-20200329-WA0006.jpg","contentUrl":"https:\/\/valenciasjb.salesianos.edu\/colegio\/wp-content\/uploads\/sites\/2\/2020\/03\/IMG-20200329-WA0006.jpg","width":750,"height":933},{"@type":"BreadcrumbList","@id":"https:\/\/valenciasjb.salesianos.edu\/colegio\/celebracion-de-la-eucaristia-en-la-parroquia-maria-auxiliadora-domingo-5o-de-cuaresma-ciclo-a-el-29-de-marzo-de-2020\/#breadcrumb","itemListElement":[{"@type":"ListItem","position":1,"name":"Portada","item":"https:\/\/valenciasjb.salesianos.edu\/colegio\/"},{"@type":"ListItem","position":2,"name":"Celebraci\u00f3n de la Eucarist\u00eda en la Parroquia Mar\u00eda Auxiliadora, domingo 5\u00ba de Cuaresma, ciclo A, el 29 de marzo de 2020"}]},{"@type":"WebSite","@id":"https:\/\/valenciasjb.salesianos.edu\/colegio\/#website","url":"https:\/\/valenciasjb.salesianos.edu\/colegio\/","name":"Colegio San Juan Bosco Valencia","description":"P\u00e1gina oficial del Colegio Salesianos San Juan Bosco Valencia","alternateName":"Salesianos.VSJB","potentialAction":[{"@type":"SearchAction","target":{"@type":"EntryPoint","urlTemplate":"https:\/\/valenciasjb.salesianos.edu\/colegio\/?s={search_term_string}"},"query-input":{"@type":"PropertyValueSpecification","valueRequired":true,"valueName":"search_term_string"}}],"inLanguage":"es"},{"@type":"Person","@id":"https:\/\/valenciasjb.salesianos.edu\/colegio\/#\/schema\/person\/1f45b67e52b27da175190a574db6bed9","name":"veronicapastor","image":{"@type":"ImageObject","inLanguage":"es","@id":"https:\/\/secure.gravatar.com\/avatar\/e29bd40bace3fd935e1d6fdb7313ffc14628cc037c5e16f4c7369b20a2a6f7f0?s=96&d=mm&r=g","url":"https:\/\/secure.gravatar.com\/avatar\/e29bd40bace3fd935e1d6fdb7313ffc14628cc037c5e16f4c7369b20a2a6f7f0?s=96&d=mm&r=g","contentUrl":"https:\/\/secure.gravatar.com\/avatar\/e29bd40bace3fd935e1d6fdb7313ffc14628cc037c5e16f4c7369b20a2a6f7f0?s=96&d=mm&r=g","caption":"veronicapastor"}}]}},"_links":{"self":[{"href":"https:\/\/valenciasjb.salesianos.edu\/colegio\/wp-json\/wp\/v2\/posts\/12353","targetHints":{"allow":["GET"]}}],"collection":[{"href":"https:\/\/valenciasjb.salesianos.edu\/colegio\/wp-json\/wp\/v2\/posts"}],"about":[{"href":"https:\/\/valenciasjb.salesianos.edu\/colegio\/wp-json\/wp\/v2\/types\/post"}],"author":[{"embeddable":true,"href":"https:\/\/valenciasjb.salesianos.edu\/colegio\/wp-json\/wp\/v2\/users\/6"}],"replies":[{"embeddable":true,"href":"https:\/\/valenciasjb.salesianos.edu\/colegio\/wp-json\/wp\/v2\/comments?post=12353"}],"version-history":[{"count":5,"href":"https:\/\/valenciasjb.salesianos.edu\/colegio\/wp-json\/wp\/v2\/posts\/12353\/revisions"}],"predecessor-version":[{"id":12361,"href":"https:\/\/valenciasjb.salesianos.edu\/colegio\/wp-json\/wp\/v2\/posts\/12353\/revisions\/12361"}],"wp:featuredmedia":[{"embeddable":true,"href":"https:\/\/valenciasjb.salesianos.edu\/colegio\/wp-json\/wp\/v2\/media\/12360"}],"wp:attachment":[{"href":"https:\/\/valenciasjb.salesianos.edu\/colegio\/wp-json\/wp\/v2\/media?parent=12353"}],"wp:term":[{"taxonomy":"category","embeddable":true,"href":"https:\/\/valenciasjb.salesianos.edu\/colegio\/wp-json\/wp\/v2\/categories?post=12353"},{"taxonomy":"post_tag","embeddable":true,"href":"https:\/\/valenciasjb.salesianos.edu\/colegio\/wp-json\/wp\/v2\/tags?post=12353"}],"curies":[{"name":"wp","href":"https:\/\/api.w.org\/{rel}","templated":true}]}}