{"id":1251,"date":"2017-04-11T08:05:03","date_gmt":"2017-04-11T07:05:03","guid":{"rendered":"https:\/\/valenciasjb.salesianos.edu\/colegio\/?p=1251"},"modified":"2017-09-26T19:40:48","modified_gmt":"2017-09-26T18:40:48","slug":"cientos-de-personas-de-todos-los-rincones-del-mundo-son-testigos-del-maravilloso-estreno-del-concierto-solidario-amal","status":"publish","type":"post","link":"https:\/\/valenciasjb.salesianos.edu\/colegio\/cientos-de-personas-de-todos-los-rincones-del-mundo-son-testigos-del-maravilloso-estreno-del-concierto-solidario-amal\/","title":{"rendered":"Cientos de personas de todos los rincones del mundo son testigos del maravilloso estreno del Concierto solidario AMAL"},"content":{"rendered":"<div id=\"fb-root\"><\/div>\n<p>[et_pb_section admin_label=\u00bbsection\u00bb][et_pb_row admin_label=\u00bbrow\u00bb][et_pb_column type=\u00bb2_3&#8243;][et_pb_text admin_label=\u00bbAutor\u00bb background_layout=\u00bblight\u00bb text_orientation=\u00bbleft\u00bb use_border_color=\u00bboff\u00bb border_color=\u00bb#ffffff\u00bb border_style=\u00bbsolid\u00bb]<\/p>\n<p>redacci\u00f3n<\/p>\n<p>[\/et_pb_text][et_pb_text admin_label=\u00bbEntradilla\u00bb background_layout=\u00bblight\u00bb text_orientation=\u00bbleft\u00bb use_border_color=\u00bboff\u00bb border_color=\u00bb#ffffff\u00bb border_style=\u00bbsolid\u00bb text_font=\u00bb|on|||\u00bb]<\/p>\n<p>El Colegio Salesiano San Juan Bosco de Valencia estren\u00f3, en la noche del viernes 7 de abril, a las 22 horas, el concierto musical solidario Amal. El gran evento de este curso, en el que estuvieron implicadas m\u00e1s de 240 personas.<\/p>\n<p>[\/et_pb_text][et_pb_text admin_label=\u00bbDesarrollo\u00bb background_layout=\u00bblight\u00bb text_orientation=\u00bbleft\u00bb use_border_color=\u00bboff\u00bb border_color=\u00bb#ffffff\u00bb border_style=\u00bbsolid\u00bb]<\/p>\n<p>Se trata de un proyecto musical, cantado y tocado en directo, donde el protagonismo est\u00e1 repartido entre alumnos, exalumnos, padres, madres, profesores y personal de administraci\u00f3n y servicios. Todos juntos, en una aut\u00e9ntica experiencia de comunidad y convivencia que ya forma parte de la vida de la obra salesiana y de todos y cada uno de los que forman parte del proyecto.<\/p>\n<p>Amal es una ni\u00f1a India a la que se le ha robado la infancia. Una vida llena de desdichas en un mundo de adultos que pisotean su infancia, sumi\u00e9ndola en un silencio triste y sin esperanza. Sophie, una voluntaria salesiana que acaba de montar una escuela de baile en el oratorio salesiano, le propondr\u00e1 participar en un proyecto sobre los grandes \u00e9xitos musicales. As\u00ed, ganando su confianza, se convertir\u00e1 en su amiga y referente, recibiendo de ella la atenci\u00f3n y el cari\u00f1o que tanto anhela, volviendo a reencontrarse con la alegr\u00eda y la inocencia de ser ni\u00f1a y, tal vez, con el calor de la familia que a\u00f1ora.<\/p>\n<p>Tras el \u00e9xito del a\u00f1o pasado del concierto \u201cX + GENTE\u201d, este a\u00f1o el Concierto Solidario \u00abAmar se escribe con L\u00bb ha superado todas las expectativas. Este a\u00f1o, a diferencia del proyecto anterior que era s\u00f3lo un concierto, se ha escrito un gui\u00f3n propio que une las canciones, con las coreograf\u00edas propias de cada canci\u00f3n y las escenas que los actores interpretan sobre las tablas, convirtiendo as\u00ed el concierto en un aut\u00e9ntico musical de creaci\u00f3n propia y en directo.<\/p>\n<p>El estreno el viernes 7, a las 22 horas, fue todo un \u00e9xito; congreg\u00f3 a cientos de personas en el teatro de este colegio salesiano, con todas las localidades vendidas y las butacas repletas de sonrisas, emoci\u00f3n y aplausos; adem\u00e1s, otros cientos de personas fueron testigos de este momento m\u00e1gico a trav\u00e9s de la emisi\u00f3n en directo que se realiz\u00f3 en el canal de YouTube Radio Bosco TV, personas de todos los rincones de Espa\u00f1a y tambi\u00e9n de Europa y Am\u00e9rica.<\/p>\n<p>Todos los espectadores pudieron ser testigos del talento de un gran elenco de actores, bailarines, cantantes, m\u00fasicos, t\u00e9cnicos de sonidos e iluminaci\u00f3n, decorados, direcci\u00f3n&#8230; Todos pusieron su cuerpo y su alma en el escenario como una oraci\u00f3n de esperanza para los ni\u00f1os y ni\u00f1as de este mundo que lo necesitan.<\/p>\n<p>El acto concluy\u00f3 con unas palabras del director del colegio felicitando a todos los implicados en el proyecto y agradeciendo la presencia de los espectadores, en el teatro y tambi\u00e9n en la red. A lo que sigui\u00f3 un sentido discurso de agradecimiento de los representantes de la ONG ACNUR que comentaron: \u00abSi Amar se escribe con L, solidaridad se escribre con S de Salesianos\u00bb, y finalmente una sorpresa con un v\u00eddeo de un famoso embajador de esta ONG, que dedic\u00f3 unas palabras a todos los presentes.<\/p>\n<p>El 8 y 9 de abril el concierto contar\u00e1 con dos nuevas representaciones, a las 20 y 18 horas respectivamente.<\/p>\n<p>Los beneficios recaudados con las entradas solidarias, con un coste de tres euros, se destinar\u00e1n \u00edntegramente a favor de Unicef con su proyecto \u201cgotas para N\u00edger\u201d, Acnur con su proyecto a favor de los refugiados y la ONG Juegaterapia cuya misi\u00f3n es conseguir que los ni\u00f1os con c\u00e1ncer puedan olvidarse un poco de sus tratamientos y que el tiempo pase un poquito m\u00e1s r\u00e1pido en cada habitaci\u00f3n de hospital. Adem\u00e1s, es posible colaborar con entradas de fila 0 disponibles en porter\u00eda.<\/p>\n<p>\u00abAmar se escribe con L\u00bb est\u00e1 siendo sin duda un grito de esperanza, ilusi\u00f3n y amor.<\/p>\n<p>[\/et_pb_text][\/et_pb_column][et_pb_column type=\u00bb1_3&#8243;][et_pb_gallery admin_label=\u00bbGaler\u00eda\u00bb fullwidth=\u00bboff\u00bb posts_number=\u00bb6&#8243; show_title_and_caption=\u00bboff\u00bb show_pagination=\u00bbon\u00bb background_layout=\u00bblight\u00bb auto=\u00bboff\u00bb zoom_icon_color=\u00bb#d12525&#8243; hover_overlay_color=\u00bbrgba(255,255,255,0.9)\u00bb use_border_color=\u00bboff\u00bb border_color=\u00bb#ffffff\u00bb border_style=\u00bbsolid\u00bb gallery_ids=\u00bb1253&#8243; caption_all_caps=\u00bboff\u00bb]<\/p>\n<p>[\/et_pb_gallery][\/et_pb_column][\/et_pb_row][\/et_pb_section]<\/p>\n<!-- AddThis Advanced Settings generic via filter on the_content --><!-- AddThis Share Buttons generic via filter on the_content -->","protected":false},"excerpt":{"rendered":"<p>redacci\u00f3n El Colegio Salesiano San Juan Bosco de Valencia estren\u00f3, en la noche del viernes 7 de abril, a las 22 horas, el concierto musical solidario Amal. El gran evento de este curso, en el que estuvieron implicadas m\u00e1s de 240 personas. Se trata de un proyecto musical, cantado y tocado en directo, donde el [&hellip;]<\/p>\n<p><!-- AddThis Advanced Settings generic via filter on get_the_excerpt --><!-- AddThis Share Buttons generic via filter on get_the_excerpt --><\/p>\n","protected":false},"author":2,"featured_media":1256,"comment_status":"open","ping_status":"open","sticky":false,"template":"","format":"standard","meta":{"_et_pb_use_builder":"on","_et_pb_old_content":"","_et_gb_content_width":"","footnotes":""},"categories":[14],"tags":[],"class_list":["post-1251","post","type-post","status-publish","format-standard","has-post-thumbnail","hentry","category-noticia_colegio"],"yoast_head":"<!-- This site is optimized with the Yoast SEO plugin v28.4 - https:\/\/yoast.com\/product\/yoast-seo-wordpress\/ -->\n<title>Cientos de personas de todos los rincones del mundo son testigos del maravilloso estreno del Concierto solidario AMAL - Colegio San Juan Bosco Valencia<\/title>\n<meta name=\"robots\" content=\"index, follow, max-snippet:-1, max-image-preview:large, max-video-preview:-1\" \/>\n<link rel=\"canonical\" href=\"https:\/\/valenciasjb.salesianos.edu\/colegio\/cientos-de-personas-de-todos-los-rincones-del-mundo-son-testigos-del-maravilloso-estreno-del-concierto-solidario-amal\/\" \/>\n<meta property=\"og:locale\" content=\"es_ES\" \/>\n<meta property=\"og:type\" content=\"article\" \/>\n<meta property=\"og:title\" content=\"Cientos de personas de todos los rincones del mundo son testigos del maravilloso estreno del Concierto solidario AMAL - Colegio San Juan Bosco Valencia\" \/>\n<meta property=\"og:description\" content=\"redacci\u00f3n El Colegio Salesiano San Juan Bosco de Valencia estren\u00f3, en la noche del viernes 7 de abril, a las 22 horas, el concierto musical solidario Amal. El gran evento de este curso, en el que estuvieron implicadas m\u00e1s de 240 personas. Se trata de un proyecto musical, cantado y tocado en directo, donde el [&hellip;]\" \/>\n<meta property=\"og:url\" content=\"https:\/\/valenciasjb.salesianos.edu\/colegio\/cientos-de-personas-de-todos-los-rincones-del-mundo-son-testigos-del-maravilloso-estreno-del-concierto-solidario-amal\/\" \/>\n<meta property=\"og:site_name\" content=\"Colegio San Juan Bosco Valencia\" \/>\n<meta property=\"article:publisher\" content=\"https:\/\/www.facebook.com\/ColegioSalesianoSanJuanBoscoValencia\" \/>\n<meta property=\"article:published_time\" content=\"2017-04-11T07:05:03+00:00\" \/>\n<meta property=\"article:modified_time\" content=\"2017-09-26T18:40:48+00:00\" \/>\n<meta property=\"og:image\" content=\"https:\/\/valenciasjb.salesianos.edu\/colegio\/wp-content\/uploads\/sites\/2\/2017\/04\/amal-02.jpg\" \/>\n\t<meta property=\"og:image:width\" content=\"1600\" \/>\n\t<meta property=\"og:image:height\" content=\"900\" \/>\n\t<meta property=\"og:image:type\" content=\"image\/jpeg\" \/>\n<meta name=\"author\" content=\"Administrador Web\" \/>\n<meta name=\"twitter:card\" content=\"summary_large_image\" \/>\n<meta name=\"twitter:creator\" content=\"@SalesianosVSJB\" \/>\n<meta name=\"twitter:site\" content=\"@SalesianosVSJB\" \/>\n<meta name=\"twitter:label1\" content=\"Escrito por\" \/>\n\t<meta name=\"twitter:data1\" content=\"Administrador Web\" \/>\n\t<meta name=\"twitter:label2\" content=\"Tiempo de lectura\" \/>\n\t<meta name=\"twitter:data2\" content=\"4 minutos\" \/>\n<script type=\"application\/ld+json\" class=\"yoast-schema-graph\">{\"@context\":\"https:\\\/\\\/schema.org\",\"@graph\":[{\"@type\":\"Article\",\"@id\":\"https:\\\/\\\/valenciasjb.salesianos.edu\\\/colegio\\\/cientos-de-personas-de-todos-los-rincones-del-mundo-son-testigos-del-maravilloso-estreno-del-concierto-solidario-amal\\\/#article\",\"isPartOf\":{\"@id\":\"https:\\\/\\\/valenciasjb.salesianos.edu\\\/colegio\\\/cientos-de-personas-de-todos-los-rincones-del-mundo-son-testigos-del-maravilloso-estreno-del-concierto-solidario-amal\\\/\"},\"author\":{\"name\":\"Administrador Web\",\"@id\":\"https:\\\/\\\/valenciasjb.salesianos.edu\\\/colegio\\\/#\\\/schema\\\/person\\\/ae0ac91eb19a6a2a01c95e29d541a575\"},\"headline\":\"Cientos de personas de todos los rincones del mundo son testigos del maravilloso estreno del Concierto solidario AMAL\",\"datePublished\":\"2017-04-11T07:05:03+00:00\",\"dateModified\":\"2017-09-26T18:40:48+00:00\",\"mainEntityOfPage\":{\"@id\":\"https:\\\/\\\/valenciasjb.salesianos.edu\\\/colegio\\\/cientos-de-personas-de-todos-los-rincones-del-mundo-son-testigos-del-maravilloso-estreno-del-concierto-solidario-amal\\\/\"},\"wordCount\":841,\"commentCount\":0,\"image\":{\"@id\":\"https:\\\/\\\/valenciasjb.salesianos.edu\\\/colegio\\\/cientos-de-personas-de-todos-los-rincones-del-mundo-son-testigos-del-maravilloso-estreno-del-concierto-solidario-amal\\\/#primaryimage\"},\"thumbnailUrl\":\"https:\\\/\\\/valenciasjb.salesianos.edu\\\/colegio\\\/wp-content\\\/uploads\\\/sites\\\/2\\\/2017\\\/04\\\/amal-02.jpg\",\"articleSection\":[\"Noticia Colegio\"],\"inLanguage\":\"es\",\"potentialAction\":[{\"@type\":\"CommentAction\",\"name\":\"Comment\",\"target\":[\"https:\\\/\\\/valenciasjb.salesianos.edu\\\/colegio\\\/cientos-de-personas-de-todos-los-rincones-del-mundo-son-testigos-del-maravilloso-estreno-del-concierto-solidario-amal\\\/#respond\"]}]},{\"@type\":\"WebPage\",\"@id\":\"https:\\\/\\\/valenciasjb.salesianos.edu\\\/colegio\\\/cientos-de-personas-de-todos-los-rincones-del-mundo-son-testigos-del-maravilloso-estreno-del-concierto-solidario-amal\\\/\",\"url\":\"https:\\\/\\\/valenciasjb.salesianos.edu\\\/colegio\\\/cientos-de-personas-de-todos-los-rincones-del-mundo-son-testigos-del-maravilloso-estreno-del-concierto-solidario-amal\\\/\",\"name\":\"Cientos de personas de todos los rincones del mundo son testigos del maravilloso estreno del Concierto solidario AMAL - Colegio San Juan Bosco Valencia\",\"isPartOf\":{\"@id\":\"https:\\\/\\\/valenciasjb.salesianos.edu\\\/colegio\\\/#website\"},\"primaryImageOfPage\":{\"@id\":\"https:\\\/\\\/valenciasjb.salesianos.edu\\\/colegio\\\/cientos-de-personas-de-todos-los-rincones-del-mundo-son-testigos-del-maravilloso-estreno-del-concierto-solidario-amal\\\/#primaryimage\"},\"image\":{\"@id\":\"https:\\\/\\\/valenciasjb.salesianos.edu\\\/colegio\\\/cientos-de-personas-de-todos-los-rincones-del-mundo-son-testigos-del-maravilloso-estreno-del-concierto-solidario-amal\\\/#primaryimage\"},\"thumbnailUrl\":\"https:\\\/\\\/valenciasjb.salesianos.edu\\\/colegio\\\/wp-content\\\/uploads\\\/sites\\\/2\\\/2017\\\/04\\\/amal-02.jpg\",\"datePublished\":\"2017-04-11T07:05:03+00:00\",\"dateModified\":\"2017-09-26T18:40:48+00:00\",\"author\":{\"@id\":\"https:\\\/\\\/valenciasjb.salesianos.edu\\\/colegio\\\/#\\\/schema\\\/person\\\/ae0ac91eb19a6a2a01c95e29d541a575\"},\"breadcrumb\":{\"@id\":\"https:\\\/\\\/valenciasjb.salesianos.edu\\\/colegio\\\/cientos-de-personas-de-todos-los-rincones-del-mundo-son-testigos-del-maravilloso-estreno-del-concierto-solidario-amal\\\/#breadcrumb\"},\"inLanguage\":\"es\",\"potentialAction\":[{\"@type\":\"ReadAction\",\"target\":[\"https:\\\/\\\/valenciasjb.salesianos.edu\\\/colegio\\\/cientos-de-personas-de-todos-los-rincones-del-mundo-son-testigos-del-maravilloso-estreno-del-concierto-solidario-amal\\\/\"]}]},{\"@type\":\"ImageObject\",\"inLanguage\":\"es\",\"@id\":\"https:\\\/\\\/valenciasjb.salesianos.edu\\\/colegio\\\/cientos-de-personas-de-todos-los-rincones-del-mundo-son-testigos-del-maravilloso-estreno-del-concierto-solidario-amal\\\/#primaryimage\",\"url\":\"https:\\\/\\\/valenciasjb.salesianos.edu\\\/colegio\\\/wp-content\\\/uploads\\\/sites\\\/2\\\/2017\\\/04\\\/amal-02.jpg\",\"contentUrl\":\"https:\\\/\\\/valenciasjb.salesianos.edu\\\/colegio\\\/wp-content\\\/uploads\\\/sites\\\/2\\\/2017\\\/04\\\/amal-02.jpg\",\"width\":1600,\"height\":900},{\"@type\":\"BreadcrumbList\",\"@id\":\"https:\\\/\\\/valenciasjb.salesianos.edu\\\/colegio\\\/cientos-de-personas-de-todos-los-rincones-del-mundo-son-testigos-del-maravilloso-estreno-del-concierto-solidario-amal\\\/#breadcrumb\",\"itemListElement\":[{\"@type\":\"ListItem\",\"position\":1,\"name\":\"Portada\",\"item\":\"https:\\\/\\\/valenciasjb.salesianos.edu\\\/colegio\\\/\"},{\"@type\":\"ListItem\",\"position\":2,\"name\":\"Cientos de personas de todos los rincones del mundo son testigos del maravilloso estreno del Concierto solidario AMAL\"}]},{\"@type\":\"WebSite\",\"@id\":\"https:\\\/\\\/valenciasjb.salesianos.edu\\\/colegio\\\/#website\",\"url\":\"https:\\\/\\\/valenciasjb.salesianos.edu\\\/colegio\\\/\",\"name\":\"Colegio San Juan Bosco Valencia\",\"description\":\"P\u00e1gina oficial del Colegio Salesianos San Juan Bosco Valencia\",\"alternateName\":\"Salesianos.VSJB\",\"potentialAction\":[{\"@type\":\"SearchAction\",\"target\":{\"@type\":\"EntryPoint\",\"urlTemplate\":\"https:\\\/\\\/valenciasjb.salesianos.edu\\\/colegio\\\/?s={search_term_string}\"},\"query-input\":{\"@type\":\"PropertyValueSpecification\",\"valueRequired\":true,\"valueName\":\"search_term_string\"}}],\"inLanguage\":\"es\"},{\"@type\":\"Person\",\"@id\":\"https:\\\/\\\/valenciasjb.salesianos.edu\\\/colegio\\\/#\\\/schema\\\/person\\\/ae0ac91eb19a6a2a01c95e29d541a575\",\"name\":\"Administrador Web\",\"image\":{\"@type\":\"ImageObject\",\"inLanguage\":\"es\",\"@id\":\"https:\\\/\\\/secure.gravatar.com\\\/avatar\\\/48a73c544c48a92e9f82115ddc8f6abf90891f033d83384ebe4aafd70f983ec8?s=96&d=mm&r=g\",\"url\":\"https:\\\/\\\/secure.gravatar.com\\\/avatar\\\/48a73c544c48a92e9f82115ddc8f6abf90891f033d83384ebe4aafd70f983ec8?s=96&d=mm&r=g\",\"contentUrl\":\"https:\\\/\\\/secure.gravatar.com\\\/avatar\\\/48a73c544c48a92e9f82115ddc8f6abf90891f033d83384ebe4aafd70f983ec8?s=96&d=mm&r=g\",\"caption\":\"Administrador Web\"}}]}<\/script>\n<!-- \/ Yoast SEO plugin. -->","yoast_head_json":{"title":"Cientos de personas de todos los rincones del mundo son testigos del maravilloso estreno del Concierto solidario AMAL - Colegio San Juan Bosco Valencia","robots":{"index":"index","follow":"follow","max-snippet":"max-snippet:-1","max-image-preview":"max-image-preview:large","max-video-preview":"max-video-preview:-1"},"canonical":"https:\/\/valenciasjb.salesianos.edu\/colegio\/cientos-de-personas-de-todos-los-rincones-del-mundo-son-testigos-del-maravilloso-estreno-del-concierto-solidario-amal\/","og_locale":"es_ES","og_type":"article","og_title":"Cientos de personas de todos los rincones del mundo son testigos del maravilloso estreno del Concierto solidario AMAL - Colegio San Juan Bosco Valencia","og_description":"redacci\u00f3n El Colegio Salesiano San Juan Bosco de Valencia estren\u00f3, en la noche del viernes 7 de abril, a las 22 horas, el concierto musical solidario Amal. El gran evento de este curso, en el que estuvieron implicadas m\u00e1s de 240 personas. Se trata de un proyecto musical, cantado y tocado en directo, donde el [&hellip;]","og_url":"https:\/\/valenciasjb.salesianos.edu\/colegio\/cientos-de-personas-de-todos-los-rincones-del-mundo-son-testigos-del-maravilloso-estreno-del-concierto-solidario-amal\/","og_site_name":"Colegio San Juan Bosco Valencia","article_publisher":"https:\/\/www.facebook.com\/ColegioSalesianoSanJuanBoscoValencia","article_published_time":"2017-04-11T07:05:03+00:00","article_modified_time":"2017-09-26T18:40:48+00:00","og_image":[{"width":1600,"height":900,"url":"https:\/\/valenciasjb.salesianos.edu\/colegio\/wp-content\/uploads\/sites\/2\/2017\/04\/amal-02.jpg","type":"image\/jpeg"}],"author":"Administrador Web","twitter_card":"summary_large_image","twitter_creator":"@SalesianosVSJB","twitter_site":"@SalesianosVSJB","twitter_misc":{"Escrito por":"Administrador Web","Tiempo de lectura":"4 minutos"},"schema":{"@context":"https:\/\/schema.org","@graph":[{"@type":"Article","@id":"https:\/\/valenciasjb.salesianos.edu\/colegio\/cientos-de-personas-de-todos-los-rincones-del-mundo-son-testigos-del-maravilloso-estreno-del-concierto-solidario-amal\/#article","isPartOf":{"@id":"https:\/\/valenciasjb.salesianos.edu\/colegio\/cientos-de-personas-de-todos-los-rincones-del-mundo-son-testigos-del-maravilloso-estreno-del-concierto-solidario-amal\/"},"author":{"name":"Administrador Web","@id":"https:\/\/valenciasjb.salesianos.edu\/colegio\/#\/schema\/person\/ae0ac91eb19a6a2a01c95e29d541a575"},"headline":"Cientos de personas de todos los rincones del mundo son testigos del maravilloso estreno del Concierto solidario AMAL","datePublished":"2017-04-11T07:05:03+00:00","dateModified":"2017-09-26T18:40:48+00:00","mainEntityOfPage":{"@id":"https:\/\/valenciasjb.salesianos.edu\/colegio\/cientos-de-personas-de-todos-los-rincones-del-mundo-son-testigos-del-maravilloso-estreno-del-concierto-solidario-amal\/"},"wordCount":841,"commentCount":0,"image":{"@id":"https:\/\/valenciasjb.salesianos.edu\/colegio\/cientos-de-personas-de-todos-los-rincones-del-mundo-son-testigos-del-maravilloso-estreno-del-concierto-solidario-amal\/#primaryimage"},"thumbnailUrl":"https:\/\/valenciasjb.salesianos.edu\/colegio\/wp-content\/uploads\/sites\/2\/2017\/04\/amal-02.jpg","articleSection":["Noticia Colegio"],"inLanguage":"es","potentialAction":[{"@type":"CommentAction","name":"Comment","target":["https:\/\/valenciasjb.salesianos.edu\/colegio\/cientos-de-personas-de-todos-los-rincones-del-mundo-son-testigos-del-maravilloso-estreno-del-concierto-solidario-amal\/#respond"]}]},{"@type":"WebPage","@id":"https:\/\/valenciasjb.salesianos.edu\/colegio\/cientos-de-personas-de-todos-los-rincones-del-mundo-son-testigos-del-maravilloso-estreno-del-concierto-solidario-amal\/","url":"https:\/\/valenciasjb.salesianos.edu\/colegio\/cientos-de-personas-de-todos-los-rincones-del-mundo-son-testigos-del-maravilloso-estreno-del-concierto-solidario-amal\/","name":"Cientos de personas de todos los rincones del mundo son testigos del maravilloso estreno del Concierto solidario AMAL - Colegio San Juan Bosco Valencia","isPartOf":{"@id":"https:\/\/valenciasjb.salesianos.edu\/colegio\/#website"},"primaryImageOfPage":{"@id":"https:\/\/valenciasjb.salesianos.edu\/colegio\/cientos-de-personas-de-todos-los-rincones-del-mundo-son-testigos-del-maravilloso-estreno-del-concierto-solidario-amal\/#primaryimage"},"image":{"@id":"https:\/\/valenciasjb.salesianos.edu\/colegio\/cientos-de-personas-de-todos-los-rincones-del-mundo-son-testigos-del-maravilloso-estreno-del-concierto-solidario-amal\/#primaryimage"},"thumbnailUrl":"https:\/\/valenciasjb.salesianos.edu\/colegio\/wp-content\/uploads\/sites\/2\/2017\/04\/amal-02.jpg","datePublished":"2017-04-11T07:05:03+00:00","dateModified":"2017-09-26T18:40:48+00:00","author":{"@id":"https:\/\/valenciasjb.salesianos.edu\/colegio\/#\/schema\/person\/ae0ac91eb19a6a2a01c95e29d541a575"},"breadcrumb":{"@id":"https:\/\/valenciasjb.salesianos.edu\/colegio\/cientos-de-personas-de-todos-los-rincones-del-mundo-son-testigos-del-maravilloso-estreno-del-concierto-solidario-amal\/#breadcrumb"},"inLanguage":"es","potentialAction":[{"@type":"ReadAction","target":["https:\/\/valenciasjb.salesianos.edu\/colegio\/cientos-de-personas-de-todos-los-rincones-del-mundo-son-testigos-del-maravilloso-estreno-del-concierto-solidario-amal\/"]}]},{"@type":"ImageObject","inLanguage":"es","@id":"https:\/\/valenciasjb.salesianos.edu\/colegio\/cientos-de-personas-de-todos-los-rincones-del-mundo-son-testigos-del-maravilloso-estreno-del-concierto-solidario-amal\/#primaryimage","url":"https:\/\/valenciasjb.salesianos.edu\/colegio\/wp-content\/uploads\/sites\/2\/2017\/04\/amal-02.jpg","contentUrl":"https:\/\/valenciasjb.salesianos.edu\/colegio\/wp-content\/uploads\/sites\/2\/2017\/04\/amal-02.jpg","width":1600,"height":900},{"@type":"BreadcrumbList","@id":"https:\/\/valenciasjb.salesianos.edu\/colegio\/cientos-de-personas-de-todos-los-rincones-del-mundo-son-testigos-del-maravilloso-estreno-del-concierto-solidario-amal\/#breadcrumb","itemListElement":[{"@type":"ListItem","position":1,"name":"Portada","item":"https:\/\/valenciasjb.salesianos.edu\/colegio\/"},{"@type":"ListItem","position":2,"name":"Cientos de personas de todos los rincones del mundo son testigos del maravilloso estreno del Concierto solidario AMAL"}]},{"@type":"WebSite","@id":"https:\/\/valenciasjb.salesianos.edu\/colegio\/#website","url":"https:\/\/valenciasjb.salesianos.edu\/colegio\/","name":"Colegio San Juan Bosco Valencia","description":"P\u00e1gina oficial del Colegio Salesianos San Juan Bosco Valencia","alternateName":"Salesianos.VSJB","potentialAction":[{"@type":"SearchAction","target":{"@type":"EntryPoint","urlTemplate":"https:\/\/valenciasjb.salesianos.edu\/colegio\/?s={search_term_string}"},"query-input":{"@type":"PropertyValueSpecification","valueRequired":true,"valueName":"search_term_string"}}],"inLanguage":"es"},{"@type":"Person","@id":"https:\/\/valenciasjb.salesianos.edu\/colegio\/#\/schema\/person\/ae0ac91eb19a6a2a01c95e29d541a575","name":"Administrador Web","image":{"@type":"ImageObject","inLanguage":"es","@id":"https:\/\/secure.gravatar.com\/avatar\/48a73c544c48a92e9f82115ddc8f6abf90891f033d83384ebe4aafd70f983ec8?s=96&d=mm&r=g","url":"https:\/\/secure.gravatar.com\/avatar\/48a73c544c48a92e9f82115ddc8f6abf90891f033d83384ebe4aafd70f983ec8?s=96&d=mm&r=g","contentUrl":"https:\/\/secure.gravatar.com\/avatar\/48a73c544c48a92e9f82115ddc8f6abf90891f033d83384ebe4aafd70f983ec8?s=96&d=mm&r=g","caption":"Administrador Web"}}]}},"_links":{"self":[{"href":"https:\/\/valenciasjb.salesianos.edu\/colegio\/wp-json\/wp\/v2\/posts\/1251","targetHints":{"allow":["GET"]}}],"collection":[{"href":"https:\/\/valenciasjb.salesianos.edu\/colegio\/wp-json\/wp\/v2\/posts"}],"about":[{"href":"https:\/\/valenciasjb.salesianos.edu\/colegio\/wp-json\/wp\/v2\/types\/post"}],"author":[{"embeddable":true,"href":"https:\/\/valenciasjb.salesianos.edu\/colegio\/wp-json\/wp\/v2\/users\/2"}],"replies":[{"embeddable":true,"href":"https:\/\/valenciasjb.salesianos.edu\/colegio\/wp-json\/wp\/v2\/comments?post=1251"}],"version-history":[{"count":4,"href":"https:\/\/valenciasjb.salesianos.edu\/colegio\/wp-json\/wp\/v2\/posts\/1251\/revisions"}],"predecessor-version":[{"id":1266,"href":"https:\/\/valenciasjb.salesianos.edu\/colegio\/wp-json\/wp\/v2\/posts\/1251\/revisions\/1266"}],"wp:featuredmedia":[{"embeddable":true,"href":"https:\/\/valenciasjb.salesianos.edu\/colegio\/wp-json\/wp\/v2\/media\/1256"}],"wp:attachment":[{"href":"https:\/\/valenciasjb.salesianos.edu\/colegio\/wp-json\/wp\/v2\/media?parent=1251"}],"wp:term":[{"taxonomy":"category","embeddable":true,"href":"https:\/\/valenciasjb.salesianos.edu\/colegio\/wp-json\/wp\/v2\/categories?post=1251"},{"taxonomy":"post_tag","embeddable":true,"href":"https:\/\/valenciasjb.salesianos.edu\/colegio\/wp-json\/wp\/v2\/tags?post=1251"}],"curies":[{"name":"wp","href":"https:\/\/api.w.org\/{rel}","templated":true}]}}