{"id":12527,"date":"2020-04-03T15:36:16","date_gmt":"2020-04-03T14:36:16","guid":{"rendered":"https:\/\/valenciasjb.salesianos.edu\/colegio\/?p=12527"},"modified":"2020-04-03T15:36:19","modified_gmt":"2020-04-03T14:36:19","slug":"preparados-para-la-pascua","status":"publish","type":"post","link":"https:\/\/valenciasjb.salesianos.edu\/colegio\/preparados-para-la-pascua\/","title":{"rendered":"Preparados para la Pascua"},"content":{"rendered":"<div id=\"fb-root\"><\/div>\n<p>[et_pb_section fb_built=\u00bb1&#8243; admin_label=\u00bbsection\u00bb _builder_version=\u00bb3.22&#8243;][et_pb_row admin_label=\u00bbrow\u00bb _builder_version=\u00bb3.25&#8243; background_size=\u00bbinitial\u00bb background_position=\u00bbtop_left\u00bb background_repeat=\u00bbrepeat\u00bb][et_pb_column type=\u00bb4_4&#8243; _builder_version=\u00bb3.25&#8243; custom_padding=\u00bb|||\u00bb custom_padding__hover=\u00bb|||\u00bb][et_pb_text admin_label=\u00bbEntradilla (Texto)\u00bb _builder_version=\u00bb4.4.2&#8243; text_font=\u00bb|on|||\u00bb text_orientation=\u00bbjustified\u00bb module_alignment=\u00bbjustified\u00bb hover_enabled=\u00bb0&#8243;]<\/p>\n<div id=\"resumen\"><strong>La Casa Salesiana San Juan Bosco de Valencia se prepara para la Pascua, con la p\u00e1gina web \u00abNUESTRA PASTORAL EN CASA\u00bb, as\u00ed como Eucarist\u00edas en directo a trav\u00e9s del canal de Youtube VSJB-parroquia mauxiliadora. Se propondr\u00e1n, asimismo, oraciones y retos a trav\u00e9s de las redes sociales Facebook, Twitter e Instagram.<br \/><\/strong><\/div>\n<p>[\/et_pb_text][et_pb_text admin_label=\u00bbAutor (Texto)\u00bb _builder_version=\u00bb3.27.4&#8243; text_font=\u00bb||on||\u00bb]Redacci\u00f3n<br \/>\n[\/et_pb_text][et_pb_text admin_label=\u00bbDesarrollo (Texto)\u00bb _builder_version=\u00bb4.4.2&#8243; text_orientation=\u00bbjustified\u00bb module_alignment=\u00bbjustified\u00bb hover_enabled=\u00bb0&#8243;]<\/p>\n<p>La web \u00abNUESTRA PASTORAL EN CASA\u00bb es un espacio para la oraci\u00f3n, para el acompa\u00f1amiento y para la reflexi\u00f3n en este tiempo de Pascua. Os ofrecemos la posibilidad de tener momentos de oraci\u00f3n de calidad para vivirlos en familia. Tambi\u00e9n retos diarios para hacer juntos, desde los m\u00e1s peque\u00f1os a los m\u00e1s mayores.<br \/><a href=\"https:\/\/valenciasjb.salesianos.edu\/colegio\/pastoralencasa\/?fbclid=IwAR0zsX3RDQW-1Tqp7Sv5SsSBOJ3I0lBiBDZ9z_ZBnaIlhuStChaDAYc_RdY\" target=\"_blank\" rel=\"noopener nofollow noreferrer\" data-ft=\"{&quot;tn&quot;:&quot;-U&quot;}\" data-lynx-mode=\"async\" data-lynx-uri=\"https:\/\/l.facebook.com\/l.php?u=https%3A%2F%2Fvalenciasjb.salesianos.edu%2Fcolegio%2Fpastoralencasa%2F%3Ffbclid%3DIwAR0zsX3RDQW-1Tqp7Sv5SsSBOJ3I0lBiBDZ9z_ZBnaIlhuStChaDAYc_RdY&amp;h=AT0wilxf1M-7g8bpRKe-DvLbe_vdvye47dZoZ5AYStRJkOSTWsRItZWDnFWTT_mI666yDPAQLg5I3ceSA6Ysh_bapxFzvuBKfIK-l66aURDN7wxwJXnwlmSrZkKk_hfTc4u1fcECTBN9fw7183UHIWC8rJ14O0BkBEhyjpaYYMGF06G_nKC6rWVs5M7l9aXZNomf9HoVdr9zmV7JCccYa4XAE8srQOcZwlZaOUbFAz_p_xAqOyYXqUa7ptWlMK1yinu-TMlwN-_Ox2wIGnSrQ6kIZc-rp78-FEWiCvY0LEQtBq4K73mzEyeA2NOqLCYQjnDMMohL5zw4bx6BuMXUwCwV8AAs2ZvoiTGkTJk8OlbayLnms-qM0oAFN4-_IrF1k6BwrTYA2sP7gyczp7TQXaMWFcyBF5p4q2lheYElKxhSg_eXUiQcDOLhm-A8CF3NAhO_n44tgGfitCOYP2OSHR8VT6ElFjYV4ac6iV5-QYCJ5mONC79FioV2Sni-kwlXkRZ3i3l2FJczmJkFN_UykEj1Nkaoe2HU6QWq5-GdrnnZFbQQRn-nxAFrpNFU0gVqvWeygflDAinlPQK0Iea_daSo3eyQ7ghFmrdHxA\">https:\/\/valenciasjb.salesianos.edu\/colegio\/pastoralencasa\/<\/a><\/p>\n<p>EUCARIST\u00cdAS EN DIRECTO. Suscr\u00edbete al canal de YouTube VSJB-parroquia mauxiliadora:\u00a0<a href=\"https:\/\/www.youtube.com\/channel\/UCBzTNFllDlg7GmwBWVezTfw?fbclid=IwAR0XAPmdgR7I_08xRe57HdAbFyhzULTvZ4R-lWoDbQFukLYT0Mo3VdJ1hhQ\" target=\"_blank\" rel=\"noopener nofollow noreferrer\" data-ft=\"{&quot;tn&quot;:&quot;-U&quot;}\" data-lynx-mode=\"async\" data-lynx-uri=\"https:\/\/l.facebook.com\/l.php?u=https%3A%2F%2Fwww.youtube.com%2Fchannel%2FUCBzTNFllDlg7GmwBWVezTfw%3Ffbclid%3DIwAR0XAPmdgR7I_08xRe57HdAbFyhzULTvZ4R-lWoDbQFukLYT0Mo3VdJ1hhQ&amp;h=AT0-KcBZzVXrnk4rN21w77jSSarDpuBqyhynJx2WLKjRHwSHeivZgAePtrwpBEhdmGL1ZayZy5EUl3fFA7zv1yisl2Pxke5f-OSKLb2aw0-7RRdf_peQDfPJBpYZnpZBOJwgc_a3gPB-WZHTy4v1u20zIn5Hd-BGfSaxLBGp7r0TXpvb6GafU0zAyRXUBVaOuVbfoGYv3Awzf67_PVdOKlGXyyJrF0j0fq9W_W8LrHP4Zv2fQ8t9bKseBnIUZOtuI8-bzdFCoJWj94JPWheloa--3dpUVplvkBHKy-KwJ9X0lUNCZYh90AsJJbLBDyy-kR30aArQtJhdJpIZQWRBcntFxHicrERC_wI1HmMDbSEF0WN67SmAuC4hJqnJbusSCPzB3QNrFiQgiEtsI7xDil0sVNNoO4ksRcb4YGFj_VYRnNq9gpccckIU22nByowj_c8QAwBlK0r9G5Sh3zpRmOmkc8qrwgSD-zv_xAU8JmeR46Czw9eIRuwwT8HDVpZC6UVQ3iPIMFUWPQMjmqbrlLYjQ3QZug6281JQMGPi9TceRyLDscIzI2f2XISjsSVXAPZrKnGfVh-FN4KXQijnUPRP1UO_EGIBgqhY7A\">https:\/\/www.youtube.com\/channel\/UCBzTNFllDlg7GmwBWVezTfw<\/a><br \/>HORARIOS:<br \/>Todos los domingos 12h<br \/>Jueves Santo 19h<br \/>Viernes Santo 17h<span class=\"text_exposed_show\"><br \/>S\u00e1bado Santo 21h<br \/>Enlace al directo de la pr\u00f3xima Eucarist\u00eda, Domingo de Ramos:<br \/><a href=\"https:\/\/l.facebook.com\/l.php?u=https%3A%2F%2Fyoutu.be%2FooDNxFbM29w%3Ffbclid%3DIwAR2xq-kbyRPJi93snIgeqVth7flU-Y4Eeh5_r5aSNLuKHGobbq4pmyBeAPc&amp;h=AT0gmUXnOsDU2gCU8dsyLlZO6yEb-VCFuVMBP1EgmbgF93lIsHKzD-abTW8uImQeHVIhoLh4QPANrA9fhKwQ_bLZMuoDwdEqWZzv9mNB1-COrECO4rxfvP5Wl4st1CkqN4et528BRk5sCZ_PQB3AHsjv1HPUGqX2o0VY390qzAzA-s9EI28PV8MhBrcXkz9gFdBDbBB4G-l6Y1EP2HSIqqRErYjORGCS3s6AKhGSl26kS6oLrzgeXVonf_xqcQo4fXZBS_iK1Bqer0RmrvxKad8NEGRKIFmgjPs6IAskL-rP1mdcY2rjZQSMkjO6I_ok16vppUShd0aqrhy4L5MRefIasHdxGfUMqX5WBqd0wabVECUaLCm7O1v9HCtWcZPhgQ2iZCTcm2WkyUy5j6iizkvhqSIEdAkOyhYxYyPVIiOeAQV75nhWteMQn8R5zhDL2WvwJ1lvjGGVKldtt8AaQm8ieWT44hNPwKVd2ct5ezd8dJyygrU2oD0UVX6hv2b5db62i5Cgn7BLHUkI_8V0uYDOKqcJ3TQOjrau7BnUHonAzDPsbyhlNC8FuOKLrGxIu-xweBCKIQ1wua4bp6mn-IvJ37x7CZuRyPhUDQ\" target=\"_blank\" rel=\"noopener nofollow noreferrer\" data-ft=\"{&quot;tn&quot;:&quot;-U&quot;}\" data-lynx-mode=\"async\">https:\/\/youtu.be\/ooDNxFbM29w<\/a><br \/>\u00a1Anunciaremos recordatorios de los directos a trav\u00e9s de nuestras redes sociales, as\u00ed como de las lecturas!<\/span><\/p>\n<p>De esta manera, esta casa salesiana pretende llegar a toda la comunidad educativo-pastoral de una manera lo m\u00e1s cercana posible, en estos momentos en los que estar juntos, como uno, es lo m\u00e1s importante. \u00a1Somos uno!<\/p>\n<p>[\/et_pb_text][et_pb_text disabled_on=\u00bboff|on|on\u00bb admin_label=\u00bbT\u00edtulo: Galer\u00eda de fotos (Texto)\u00bb _builder_version=\u00bb3.27.4&#8243; text_font=\u00bb|on|||\u00bb text_text_color=\u00bb#dc001b\u00bb border_style=\u00bbsolid\u00bb]Galer\u00eda de im\u00e1genes<br \/>\n[\/et_pb_text][et_pb_gallery gallery_ids=\u00bb12531,12530&#8243; posts_number=\u00bb8&#8243; show_title_and_caption=\u00bboff\u00bb zoom_icon_color=\u00bb#dc001b\u00bb hover_icon=\u00bb%%51%%\u00bb disabled_on=\u00bboff|off|off\u00bb _builder_version=\u00bb4.4.2&#8243; hover_enabled=\u00bb0&#8243; pagination_font_size_tablet=\u00bb51&#8243; pagination_line_height_tablet=\u00bb2&#8243;][\/et_pb_gallery][et_pb_video disabled_on=\u00bbon|on|on\u00bb _builder_version=\u00bb3.0.51&#8243; disabled=\u00bbon\u00bb][\/et_pb_video][\/et_pb_column][\/et_pb_row][\/et_pb_section]<\/p>\n<!-- AddThis Advanced Settings generic via filter on the_content --><!-- AddThis Share Buttons generic via filter on the_content -->","protected":false},"excerpt":{"rendered":"<p>La Casa Salesiana San Juan Bosco de Valencia se prepara para la Pascua, con la p\u00e1gina web \u00abNUESTRA PASTORAL EN CASA\u00bb, as\u00ed como Eucarist\u00edas en directo a trav\u00e9s del canal de Youtube VSJB-parroquia mauxiliadora. Se propondr\u00e1n, asimismo, oraciones y retos a trav\u00e9s de las redes sociales Facebook, Twitter e Instagram. Redacci\u00f3n La web \u00abNUESTRA PASTORAL [&hellip;]<\/p>\n<p><!-- AddThis Advanced Settings generic via filter on get_the_excerpt --><!-- AddThis Share Buttons generic via filter on get_the_excerpt --><\/p>\n","protected":false},"author":6,"featured_media":12530,"comment_status":"closed","ping_status":"open","sticky":false,"template":"","format":"standard","meta":{"_et_pb_use_builder":"on","_et_pb_old_content":"","_et_gb_content_width":"","footnotes":""},"categories":[14],"tags":[],"class_list":["post-12527","post","type-post","status-publish","format-standard","has-post-thumbnail","hentry","category-noticia_colegio"],"yoast_head":"<!-- This site is optimized with the Yoast SEO plugin v28.4 - https:\/\/yoast.com\/product\/yoast-seo-wordpress\/ -->\n<title>Preparados para la Pascua - Colegio San Juan Bosco Valencia<\/title>\n<meta name=\"robots\" content=\"index, follow, max-snippet:-1, max-image-preview:large, max-video-preview:-1\" \/>\n<link rel=\"canonical\" href=\"https:\/\/valenciasjb.salesianos.edu\/colegio\/preparados-para-la-pascua\/\" \/>\n<meta property=\"og:locale\" content=\"es_ES\" \/>\n<meta property=\"og:type\" content=\"article\" \/>\n<meta property=\"og:title\" content=\"Preparados para la Pascua - Colegio San Juan Bosco Valencia\" \/>\n<meta property=\"og:description\" content=\"La Casa Salesiana San Juan Bosco de Valencia se prepara para la Pascua, con la p\u00e1gina web &quot;NUESTRA PASTORAL EN CASA&quot;, as\u00ed como Eucarist\u00edas en directo a trav\u00e9s del canal de Youtube VSJB-parroquia mauxiliadora. Se propondr\u00e1n, asimismo, oraciones y retos a trav\u00e9s de las redes sociales Facebook, Twitter e Instagram. Redacci\u00f3n La web &quot;NUESTRA PASTORAL [&hellip;]\" \/>\n<meta property=\"og:url\" content=\"https:\/\/valenciasjb.salesianos.edu\/colegio\/preparados-para-la-pascua\/\" \/>\n<meta property=\"og:site_name\" content=\"Colegio San Juan Bosco Valencia\" \/>\n<meta property=\"article:publisher\" content=\"https:\/\/www.facebook.com\/ColegioSalesianoSanJuanBoscoValencia\" \/>\n<meta property=\"article:published_time\" content=\"2020-04-03T14:36:16+00:00\" \/>\n<meta property=\"article:modified_time\" content=\"2020-04-03T14:36:19+00:00\" \/>\n<meta property=\"og:image\" content=\"https:\/\/valenciasjb.salesianos.edu\/colegio\/wp-content\/uploads\/sites\/2\/2020\/04\/propaganda-face-pastoral.jpg\" \/>\n\t<meta property=\"og:image:width\" content=\"709\" \/>\n\t<meta property=\"og:image:height\" content=\"709\" \/>\n\t<meta property=\"og:image:type\" content=\"image\/jpeg\" \/>\n<meta name=\"author\" content=\"veronicapastor\" \/>\n<meta name=\"twitter:card\" content=\"summary_large_image\" \/>\n<meta name=\"twitter:creator\" content=\"@SalesianosVSJB\" \/>\n<meta name=\"twitter:site\" content=\"@SalesianosVSJB\" \/>\n<meta name=\"twitter:label1\" content=\"Escrito por\" \/>\n\t<meta name=\"twitter:data1\" content=\"veronicapastor\" \/>\n\t<meta name=\"twitter:label2\" content=\"Tiempo de lectura\" \/>\n\t<meta name=\"twitter:data2\" content=\"2 minutos\" \/>\n<script type=\"application\/ld+json\" class=\"yoast-schema-graph\">{\"@context\":\"https:\\\/\\\/schema.org\",\"@graph\":[{\"@type\":\"Article\",\"@id\":\"https:\\\/\\\/valenciasjb.salesianos.edu\\\/colegio\\\/preparados-para-la-pascua\\\/#article\",\"isPartOf\":{\"@id\":\"https:\\\/\\\/valenciasjb.salesianos.edu\\\/colegio\\\/preparados-para-la-pascua\\\/\"},\"author\":{\"name\":\"veronicapastor\",\"@id\":\"https:\\\/\\\/valenciasjb.salesianos.edu\\\/colegio\\\/#\\\/schema\\\/person\\\/1f45b67e52b27da175190a574db6bed9\"},\"headline\":\"Preparados para la Pascua\",\"datePublished\":\"2020-04-03T14:36:16+00:00\",\"dateModified\":\"2020-04-03T14:36:19+00:00\",\"mainEntityOfPage\":{\"@id\":\"https:\\\/\\\/valenciasjb.salesianos.edu\\\/colegio\\\/preparados-para-la-pascua\\\/\"},\"wordCount\":429,\"image\":{\"@id\":\"https:\\\/\\\/valenciasjb.salesianos.edu\\\/colegio\\\/preparados-para-la-pascua\\\/#primaryimage\"},\"thumbnailUrl\":\"https:\\\/\\\/valenciasjb.salesianos.edu\\\/colegio\\\/wp-content\\\/uploads\\\/sites\\\/2\\\/2020\\\/04\\\/propaganda-face-pastoral.jpg\",\"articleSection\":[\"Noticia Colegio\"],\"inLanguage\":\"es\"},{\"@type\":\"WebPage\",\"@id\":\"https:\\\/\\\/valenciasjb.salesianos.edu\\\/colegio\\\/preparados-para-la-pascua\\\/\",\"url\":\"https:\\\/\\\/valenciasjb.salesianos.edu\\\/colegio\\\/preparados-para-la-pascua\\\/\",\"name\":\"Preparados para la Pascua - Colegio San Juan Bosco Valencia\",\"isPartOf\":{\"@id\":\"https:\\\/\\\/valenciasjb.salesianos.edu\\\/colegio\\\/#website\"},\"primaryImageOfPage\":{\"@id\":\"https:\\\/\\\/valenciasjb.salesianos.edu\\\/colegio\\\/preparados-para-la-pascua\\\/#primaryimage\"},\"image\":{\"@id\":\"https:\\\/\\\/valenciasjb.salesianos.edu\\\/colegio\\\/preparados-para-la-pascua\\\/#primaryimage\"},\"thumbnailUrl\":\"https:\\\/\\\/valenciasjb.salesianos.edu\\\/colegio\\\/wp-content\\\/uploads\\\/sites\\\/2\\\/2020\\\/04\\\/propaganda-face-pastoral.jpg\",\"datePublished\":\"2020-04-03T14:36:16+00:00\",\"dateModified\":\"2020-04-03T14:36:19+00:00\",\"author\":{\"@id\":\"https:\\\/\\\/valenciasjb.salesianos.edu\\\/colegio\\\/#\\\/schema\\\/person\\\/1f45b67e52b27da175190a574db6bed9\"},\"breadcrumb\":{\"@id\":\"https:\\\/\\\/valenciasjb.salesianos.edu\\\/colegio\\\/preparados-para-la-pascua\\\/#breadcrumb\"},\"inLanguage\":\"es\",\"potentialAction\":[{\"@type\":\"ReadAction\",\"target\":[\"https:\\\/\\\/valenciasjb.salesianos.edu\\\/colegio\\\/preparados-para-la-pascua\\\/\"]}]},{\"@type\":\"ImageObject\",\"inLanguage\":\"es\",\"@id\":\"https:\\\/\\\/valenciasjb.salesianos.edu\\\/colegio\\\/preparados-para-la-pascua\\\/#primaryimage\",\"url\":\"https:\\\/\\\/valenciasjb.salesianos.edu\\\/colegio\\\/wp-content\\\/uploads\\\/sites\\\/2\\\/2020\\\/04\\\/propaganda-face-pastoral.jpg\",\"contentUrl\":\"https:\\\/\\\/valenciasjb.salesianos.edu\\\/colegio\\\/wp-content\\\/uploads\\\/sites\\\/2\\\/2020\\\/04\\\/propaganda-face-pastoral.jpg\",\"width\":709,\"height\":709},{\"@type\":\"BreadcrumbList\",\"@id\":\"https:\\\/\\\/valenciasjb.salesianos.edu\\\/colegio\\\/preparados-para-la-pascua\\\/#breadcrumb\",\"itemListElement\":[{\"@type\":\"ListItem\",\"position\":1,\"name\":\"Portada\",\"item\":\"https:\\\/\\\/valenciasjb.salesianos.edu\\\/colegio\\\/\"},{\"@type\":\"ListItem\",\"position\":2,\"name\":\"Preparados para la Pascua\"}]},{\"@type\":\"WebSite\",\"@id\":\"https:\\\/\\\/valenciasjb.salesianos.edu\\\/colegio\\\/#website\",\"url\":\"https:\\\/\\\/valenciasjb.salesianos.edu\\\/colegio\\\/\",\"name\":\"Colegio San Juan Bosco Valencia\",\"description\":\"P\u00e1gina oficial del Colegio Salesianos San Juan Bosco Valencia\",\"alternateName\":\"Salesianos.VSJB\",\"potentialAction\":[{\"@type\":\"SearchAction\",\"target\":{\"@type\":\"EntryPoint\",\"urlTemplate\":\"https:\\\/\\\/valenciasjb.salesianos.edu\\\/colegio\\\/?s={search_term_string}\"},\"query-input\":{\"@type\":\"PropertyValueSpecification\",\"valueRequired\":true,\"valueName\":\"search_term_string\"}}],\"inLanguage\":\"es\"},{\"@type\":\"Person\",\"@id\":\"https:\\\/\\\/valenciasjb.salesianos.edu\\\/colegio\\\/#\\\/schema\\\/person\\\/1f45b67e52b27da175190a574db6bed9\",\"name\":\"veronicapastor\",\"image\":{\"@type\":\"ImageObject\",\"inLanguage\":\"es\",\"@id\":\"https:\\\/\\\/secure.gravatar.com\\\/avatar\\\/e29bd40bace3fd935e1d6fdb7313ffc14628cc037c5e16f4c7369b20a2a6f7f0?s=96&d=mm&r=g\",\"url\":\"https:\\\/\\\/secure.gravatar.com\\\/avatar\\\/e29bd40bace3fd935e1d6fdb7313ffc14628cc037c5e16f4c7369b20a2a6f7f0?s=96&d=mm&r=g\",\"contentUrl\":\"https:\\\/\\\/secure.gravatar.com\\\/avatar\\\/e29bd40bace3fd935e1d6fdb7313ffc14628cc037c5e16f4c7369b20a2a6f7f0?s=96&d=mm&r=g\",\"caption\":\"veronicapastor\"}}]}<\/script>\n<!-- \/ Yoast SEO plugin. -->","yoast_head_json":{"title":"Preparados para la Pascua - Colegio San Juan Bosco Valencia","robots":{"index":"index","follow":"follow","max-snippet":"max-snippet:-1","max-image-preview":"max-image-preview:large","max-video-preview":"max-video-preview:-1"},"canonical":"https:\/\/valenciasjb.salesianos.edu\/colegio\/preparados-para-la-pascua\/","og_locale":"es_ES","og_type":"article","og_title":"Preparados para la Pascua - Colegio San Juan Bosco Valencia","og_description":"La Casa Salesiana San Juan Bosco de Valencia se prepara para la Pascua, con la p\u00e1gina web \"NUESTRA PASTORAL EN CASA\", as\u00ed como Eucarist\u00edas en directo a trav\u00e9s del canal de Youtube VSJB-parroquia mauxiliadora. Se propondr\u00e1n, asimismo, oraciones y retos a trav\u00e9s de las redes sociales Facebook, Twitter e Instagram. Redacci\u00f3n La web \"NUESTRA PASTORAL [&hellip;]","og_url":"https:\/\/valenciasjb.salesianos.edu\/colegio\/preparados-para-la-pascua\/","og_site_name":"Colegio San Juan Bosco Valencia","article_publisher":"https:\/\/www.facebook.com\/ColegioSalesianoSanJuanBoscoValencia","article_published_time":"2020-04-03T14:36:16+00:00","article_modified_time":"2020-04-03T14:36:19+00:00","og_image":[{"width":709,"height":709,"url":"https:\/\/valenciasjb.salesianos.edu\/colegio\/wp-content\/uploads\/sites\/2\/2020\/04\/propaganda-face-pastoral.jpg","type":"image\/jpeg"}],"author":"veronicapastor","twitter_card":"summary_large_image","twitter_creator":"@SalesianosVSJB","twitter_site":"@SalesianosVSJB","twitter_misc":{"Escrito por":"veronicapastor","Tiempo de lectura":"2 minutos"},"schema":{"@context":"https:\/\/schema.org","@graph":[{"@type":"Article","@id":"https:\/\/valenciasjb.salesianos.edu\/colegio\/preparados-para-la-pascua\/#article","isPartOf":{"@id":"https:\/\/valenciasjb.salesianos.edu\/colegio\/preparados-para-la-pascua\/"},"author":{"name":"veronicapastor","@id":"https:\/\/valenciasjb.salesianos.edu\/colegio\/#\/schema\/person\/1f45b67e52b27da175190a574db6bed9"},"headline":"Preparados para la Pascua","datePublished":"2020-04-03T14:36:16+00:00","dateModified":"2020-04-03T14:36:19+00:00","mainEntityOfPage":{"@id":"https:\/\/valenciasjb.salesianos.edu\/colegio\/preparados-para-la-pascua\/"},"wordCount":429,"image":{"@id":"https:\/\/valenciasjb.salesianos.edu\/colegio\/preparados-para-la-pascua\/#primaryimage"},"thumbnailUrl":"https:\/\/valenciasjb.salesianos.edu\/colegio\/wp-content\/uploads\/sites\/2\/2020\/04\/propaganda-face-pastoral.jpg","articleSection":["Noticia Colegio"],"inLanguage":"es"},{"@type":"WebPage","@id":"https:\/\/valenciasjb.salesianos.edu\/colegio\/preparados-para-la-pascua\/","url":"https:\/\/valenciasjb.salesianos.edu\/colegio\/preparados-para-la-pascua\/","name":"Preparados para la Pascua - Colegio San Juan Bosco Valencia","isPartOf":{"@id":"https:\/\/valenciasjb.salesianos.edu\/colegio\/#website"},"primaryImageOfPage":{"@id":"https:\/\/valenciasjb.salesianos.edu\/colegio\/preparados-para-la-pascua\/#primaryimage"},"image":{"@id":"https:\/\/valenciasjb.salesianos.edu\/colegio\/preparados-para-la-pascua\/#primaryimage"},"thumbnailUrl":"https:\/\/valenciasjb.salesianos.edu\/colegio\/wp-content\/uploads\/sites\/2\/2020\/04\/propaganda-face-pastoral.jpg","datePublished":"2020-04-03T14:36:16+00:00","dateModified":"2020-04-03T14:36:19+00:00","author":{"@id":"https:\/\/valenciasjb.salesianos.edu\/colegio\/#\/schema\/person\/1f45b67e52b27da175190a574db6bed9"},"breadcrumb":{"@id":"https:\/\/valenciasjb.salesianos.edu\/colegio\/preparados-para-la-pascua\/#breadcrumb"},"inLanguage":"es","potentialAction":[{"@type":"ReadAction","target":["https:\/\/valenciasjb.salesianos.edu\/colegio\/preparados-para-la-pascua\/"]}]},{"@type":"ImageObject","inLanguage":"es","@id":"https:\/\/valenciasjb.salesianos.edu\/colegio\/preparados-para-la-pascua\/#primaryimage","url":"https:\/\/valenciasjb.salesianos.edu\/colegio\/wp-content\/uploads\/sites\/2\/2020\/04\/propaganda-face-pastoral.jpg","contentUrl":"https:\/\/valenciasjb.salesianos.edu\/colegio\/wp-content\/uploads\/sites\/2\/2020\/04\/propaganda-face-pastoral.jpg","width":709,"height":709},{"@type":"BreadcrumbList","@id":"https:\/\/valenciasjb.salesianos.edu\/colegio\/preparados-para-la-pascua\/#breadcrumb","itemListElement":[{"@type":"ListItem","position":1,"name":"Portada","item":"https:\/\/valenciasjb.salesianos.edu\/colegio\/"},{"@type":"ListItem","position":2,"name":"Preparados para la Pascua"}]},{"@type":"WebSite","@id":"https:\/\/valenciasjb.salesianos.edu\/colegio\/#website","url":"https:\/\/valenciasjb.salesianos.edu\/colegio\/","name":"Colegio San Juan Bosco Valencia","description":"P\u00e1gina oficial del Colegio Salesianos San Juan Bosco Valencia","alternateName":"Salesianos.VSJB","potentialAction":[{"@type":"SearchAction","target":{"@type":"EntryPoint","urlTemplate":"https:\/\/valenciasjb.salesianos.edu\/colegio\/?s={search_term_string}"},"query-input":{"@type":"PropertyValueSpecification","valueRequired":true,"valueName":"search_term_string"}}],"inLanguage":"es"},{"@type":"Person","@id":"https:\/\/valenciasjb.salesianos.edu\/colegio\/#\/schema\/person\/1f45b67e52b27da175190a574db6bed9","name":"veronicapastor","image":{"@type":"ImageObject","inLanguage":"es","@id":"https:\/\/secure.gravatar.com\/avatar\/e29bd40bace3fd935e1d6fdb7313ffc14628cc037c5e16f4c7369b20a2a6f7f0?s=96&d=mm&r=g","url":"https:\/\/secure.gravatar.com\/avatar\/e29bd40bace3fd935e1d6fdb7313ffc14628cc037c5e16f4c7369b20a2a6f7f0?s=96&d=mm&r=g","contentUrl":"https:\/\/secure.gravatar.com\/avatar\/e29bd40bace3fd935e1d6fdb7313ffc14628cc037c5e16f4c7369b20a2a6f7f0?s=96&d=mm&r=g","caption":"veronicapastor"}}]}},"_links":{"self":[{"href":"https:\/\/valenciasjb.salesianos.edu\/colegio\/wp-json\/wp\/v2\/posts\/12527","targetHints":{"allow":["GET"]}}],"collection":[{"href":"https:\/\/valenciasjb.salesianos.edu\/colegio\/wp-json\/wp\/v2\/posts"}],"about":[{"href":"https:\/\/valenciasjb.salesianos.edu\/colegio\/wp-json\/wp\/v2\/types\/post"}],"author":[{"embeddable":true,"href":"https:\/\/valenciasjb.salesianos.edu\/colegio\/wp-json\/wp\/v2\/users\/6"}],"replies":[{"embeddable":true,"href":"https:\/\/valenciasjb.salesianos.edu\/colegio\/wp-json\/wp\/v2\/comments?post=12527"}],"version-history":[{"count":2,"href":"https:\/\/valenciasjb.salesianos.edu\/colegio\/wp-json\/wp\/v2\/posts\/12527\/revisions"}],"predecessor-version":[{"id":12532,"href":"https:\/\/valenciasjb.salesianos.edu\/colegio\/wp-json\/wp\/v2\/posts\/12527\/revisions\/12532"}],"wp:featuredmedia":[{"embeddable":true,"href":"https:\/\/valenciasjb.salesianos.edu\/colegio\/wp-json\/wp\/v2\/media\/12530"}],"wp:attachment":[{"href":"https:\/\/valenciasjb.salesianos.edu\/colegio\/wp-json\/wp\/v2\/media?parent=12527"}],"wp:term":[{"taxonomy":"category","embeddable":true,"href":"https:\/\/valenciasjb.salesianos.edu\/colegio\/wp-json\/wp\/v2\/categories?post=12527"},{"taxonomy":"post_tag","embeddable":true,"href":"https:\/\/valenciasjb.salesianos.edu\/colegio\/wp-json\/wp\/v2\/tags?post=12527"}],"curies":[{"name":"wp","href":"https:\/\/api.w.org\/{rel}","templated":true}]}}