{"id":12885,"date":"2020-04-28T08:44:42","date_gmt":"2020-04-28T07:44:42","guid":{"rendered":"https:\/\/valenciasjb.salesianos.edu\/colegio\/?p=12885"},"modified":"2020-05-11T11:11:02","modified_gmt":"2020-05-11T10:11:02","slug":"colegio-salesiano-san-juan-bosco-de-valencia-cada-pequeno-gesto-cuenta","status":"publish","type":"post","link":"https:\/\/valenciasjb.salesianos.edu\/colegio\/colegio-salesiano-san-juan-bosco-de-valencia-cada-pequeno-gesto-cuenta\/","title":{"rendered":"Colegio Salesiano San Juan Bosco de Valencia, cada peque\u00f1o gesto cuenta"},"content":{"rendered":"<div id=\"fb-root\"><\/div>\n<p>[et_pb_section fb_built=\u00bb1&#8243; admin_label=\u00bbsection\u00bb _builder_version=\u00bb3.22&#8243;][et_pb_row admin_label=\u00bbrow\u00bb _builder_version=\u00bb3.25&#8243; background_size=\u00bbinitial\u00bb background_position=\u00bbtop_left\u00bb background_repeat=\u00bbrepeat\u00bb][et_pb_column type=\u00bb4_4&#8243; _builder_version=\u00bb3.25&#8243; custom_padding=\u00bb|||\u00bb custom_padding__hover=\u00bb|||\u00bb][et_pb_text admin_label=\u00bbEntradilla (Texto)\u00bb _builder_version=\u00bb4.4.2&#8243; text_font=\u00bb|on|||\u00bb text_orientation=\u00bbjustified\u00bb module_alignment=\u00bbjustified\u00bb]<\/p>\n<div id=\"resumen\">\n<p><strong>Todo el personal del colegio, profesorado, Pas y Ampas ayuda con alimentos y ordenadores a las familias en situaci\u00f3n de riesgo por la cuarentena.<\/strong><\/p>\n<\/div>\n<div>\u00a0<\/div>\n<p>[\/et_pb_text][et_pb_text admin_label=\u00bbAutor (Texto)\u00bb _builder_version=\u00bb4.4.2&#8243; text_font=\u00bb||on||\u00bb]<\/p>\n<p>Redacci\u00f3n.<\/p>\n<p>[\/et_pb_text][et_pb_text admin_label=\u00bbDesarrollo (Texto)\u00bb _builder_version=\u00bb4.4.2&#8243; text_orientation=\u00bbjustified\u00bb module_alignment=\u00bbjustified\u00bb hover_enabled=\u00bb0&#8243;]<\/p>\n<p>\u200bAnte la situaci\u00f3n de cuarentena, numerosas familias est\u00e1n viviendo una situaci\u00f3n muy dif\u00edcil de sobrellevar. La falta de alimentos, las becas de comedor insuficientes y en ocasiones el paro forzoso de la actividad econ\u00f3mica hace m\u00e1s complicada si cabe esta situaci\u00f3n por la que estamos atravesando. Por otra parte, no todos los hogares tienen los dispositivos necesarios para acceder a las clases online.<\/p>\n<p>Por esto, toda la comunidad educativa del colegio se ha puesto en marcha y ha iniciado una campa\u00f1a de donaci\u00f3n de dinero para ayudar a esas familias. Hasta el momento se han recogido unos 7000 euros que servir\u00e1n para abastecer de comida a las familias que, debido a la pandemia, est\u00e1n pasando verdaderas dificultades econ\u00f3micas.<\/p>\n<p>Del mismo modo, se ha realizado el pr\u00e9stamo de 21 ordenadores del colegio para que todo el alumnado pueda seguir sin dificultad las clases telem\u00e1ticas que el colegio est\u00e1 ofreciendo con su programa \u201cNuestro cole en casa\u201d.<\/p>\n<p>La junta directiva de Ampas se ha movilizado tambi\u00e9n y, junto con el colegio, ha conseguido la colaboraci\u00f3n de diversas empresas que est\u00e1n participando en esta campa\u00f1a de ayuda. <strong>Pollos Planes, Reale Seguros, Pasteler\u00eda Bon Paladar y Fruter\u00eda El Chato<\/strong>\u00a0son algunas de las marcas que se han brindado a colaborar.<\/p>\n<p>El colegio quiere agradecer la respuesta de la comunidad educativa, en una iniciativa en la que profesorado y personal del centro, junto con las familias, coordinadas por Ampas, han trabajado codo con codo. Es emocionante y un verdadero orgullo ver que somos una aut\u00e9ntica comunidad educativa unida, y esto se demuestra en momentos tan dif\u00edciles como los que nos est\u00e1 tocando vivir. No es beneficencia, es por la dignidad de las personas, por la dignidad de toda nuestra comunidad educativa. Por justicia, compartimos lo que tenemos, pero lo m\u00e1s importante, lo que somos.<\/p>\n<p>Los medios de comunicaci\u00f3n se han hecho eco de esta iniciativa:<\/p>\n<p>COPE: <a href=\"https:\/\/www.cope.es\/emisoras\/comunidad-valenciana\/valencia-provincia\/valencia\/noticias\/colegios-valencianos-ayudan-con-alimentos-material-escolar-ordenadores-familias-sin-recursos-20200428_698446\">https:\/\/www.cope.es\/emisoras\/comunidad-valenciana\/valencia-provincia\/valencia\/noticias\/colegios-valencianos-ayudan-con-alimentos-material-escolar-ordenadores-familias-sin-recursos-20200428_698446<\/a><\/p>\n<p>AVAN: <a href=\"http:\/\/archivalencia.org\/contenido.php?a=6&amp;pad=6&amp;modulo=37&amp;id=19728\">http:\/\/archivalencia.org\/contenido.php?a=6&amp;pad=6&amp;modulo=37&amp;id=19728<\/a><\/p>\n<p>[\/et_pb_text][et_pb_text disabled_on=\u00bboff|on|on\u00bb admin_label=\u00bbT\u00edtulo: Galer\u00eda de fotos (Texto)\u00bb _builder_version=\u00bb3.27.4&#8243; text_font=\u00bb|on|||\u00bb text_text_color=\u00bb#dc001b\u00bb border_style=\u00bbsolid\u00bb]Galer\u00eda de im\u00e1genes[\/et_pb_text][et_pb_gallery gallery_ids=\u00bb12888&#8243; posts_number=\u00bb8&#8243; show_title_and_caption=\u00bboff\u00bb zoom_icon_color=\u00bb#dc001b\u00bb hover_icon=\u00bb%%51%%\u00bb disabled_on=\u00bboff|off|off\u00bb _builder_version=\u00bb4.4.2&#8243; pagination_font_size_tablet=\u00bb51&#8243; pagination_line_height_tablet=\u00bb2&#8243;][\/et_pb_gallery][et_pb_video disabled_on=\u00bbon|on|on\u00bb _builder_version=\u00bb3.0.51&#8243; disabled=\u00bbon\u00bb][\/et_pb_video][\/et_pb_column][\/et_pb_row][\/et_pb_section]<\/p>\n<!-- AddThis Advanced Settings generic via filter on the_content --><!-- AddThis Share Buttons generic via filter on the_content -->","protected":false},"excerpt":{"rendered":"<p>Todo el personal del colegio, profesorado, Pas y Ampas ayuda con alimentos y ordenadores a las familias en situaci\u00f3n de riesgo por la cuarentena. \u00a0Redacci\u00f3n.\u200bAnte la situaci\u00f3n de cuarentena, numerosas familias est\u00e1n viviendo una situaci\u00f3n muy dif\u00edcil de sobrellevar. La falta de alimentos, las becas de comedor insuficientes y en ocasiones el paro forzoso de [&hellip;]<\/p>\n<p><!-- AddThis Advanced Settings generic via filter on get_the_excerpt --><!-- AddThis Share Buttons generic via filter on get_the_excerpt --><\/p>\n","protected":false},"author":6,"featured_media":12888,"comment_status":"closed","ping_status":"open","sticky":false,"template":"","format":"standard","meta":{"_et_pb_use_builder":"on","_et_pb_old_content":"","_et_gb_content_width":"","footnotes":""},"categories":[14],"tags":[],"class_list":["post-12885","post","type-post","status-publish","format-standard","has-post-thumbnail","hentry","category-noticia_colegio"],"yoast_head":"<!-- This site is optimized with the Yoast SEO plugin v28.4 - https:\/\/yoast.com\/product\/yoast-seo-wordpress\/ -->\n<title>Colegio Salesiano San Juan Bosco de Valencia, cada peque\u00f1o gesto cuenta - Colegio San Juan Bosco Valencia<\/title>\n<meta name=\"robots\" content=\"index, follow, max-snippet:-1, max-image-preview:large, max-video-preview:-1\" \/>\n<link rel=\"canonical\" href=\"https:\/\/valenciasjb.salesianos.edu\/colegio\/colegio-salesiano-san-juan-bosco-de-valencia-cada-pequeno-gesto-cuenta\/\" \/>\n<meta property=\"og:locale\" content=\"es_ES\" \/>\n<meta property=\"og:type\" content=\"article\" \/>\n<meta property=\"og:title\" content=\"Colegio Salesiano San Juan Bosco de Valencia, cada peque\u00f1o gesto cuenta - Colegio San Juan Bosco Valencia\" \/>\n<meta property=\"og:description\" content=\"Todo el personal del colegio, profesorado, Pas y Ampas ayuda con alimentos y ordenadores a las familias en situaci\u00f3n de riesgo por la cuarentena. \u00a0Redacci\u00f3n.\u200bAnte la situaci\u00f3n de cuarentena, numerosas familias est\u00e1n viviendo una situaci\u00f3n muy dif\u00edcil de sobrellevar. La falta de alimentos, las becas de comedor insuficientes y en ocasiones el paro forzoso de [&hellip;]\" \/>\n<meta property=\"og:url\" content=\"https:\/\/valenciasjb.salesianos.edu\/colegio\/colegio-salesiano-san-juan-bosco-de-valencia-cada-pequeno-gesto-cuenta\/\" \/>\n<meta property=\"og:site_name\" content=\"Colegio San Juan Bosco Valencia\" \/>\n<meta property=\"article:publisher\" content=\"https:\/\/www.facebook.com\/ColegioSalesianoSanJuanBoscoValencia\" \/>\n<meta property=\"article:published_time\" content=\"2020-04-28T07:44:42+00:00\" \/>\n<meta property=\"article:modified_time\" content=\"2020-05-11T10:11:02+00:00\" \/>\n<meta property=\"og:image\" content=\"https:\/\/valenciasjb.salesianos.edu\/colegio\/wp-content\/uploads\/sites\/2\/2020\/04\/donaciones.jpg\" \/>\n\t<meta property=\"og:image:width\" content=\"1240\" \/>\n\t<meta property=\"og:image:height\" content=\"1527\" \/>\n\t<meta property=\"og:image:type\" content=\"image\/jpeg\" \/>\n<meta name=\"author\" content=\"veronicapastor\" \/>\n<meta name=\"twitter:card\" content=\"summary_large_image\" \/>\n<meta name=\"twitter:creator\" content=\"@SalesianosVSJB\" \/>\n<meta name=\"twitter:site\" content=\"@SalesianosVSJB\" \/>\n<meta name=\"twitter:label1\" content=\"Escrito por\" \/>\n\t<meta name=\"twitter:data1\" content=\"veronicapastor\" \/>\n\t<meta name=\"twitter:label2\" content=\"Tiempo de lectura\" \/>\n\t<meta name=\"twitter:data2\" content=\"3 minutos\" \/>\n<script type=\"application\/ld+json\" class=\"yoast-schema-graph\">{\"@context\":\"https:\\\/\\\/schema.org\",\"@graph\":[{\"@type\":\"Article\",\"@id\":\"https:\\\/\\\/valenciasjb.salesianos.edu\\\/colegio\\\/colegio-salesiano-san-juan-bosco-de-valencia-cada-pequeno-gesto-cuenta\\\/#article\",\"isPartOf\":{\"@id\":\"https:\\\/\\\/valenciasjb.salesianos.edu\\\/colegio\\\/colegio-salesiano-san-juan-bosco-de-valencia-cada-pequeno-gesto-cuenta\\\/\"},\"author\":{\"name\":\"veronicapastor\",\"@id\":\"https:\\\/\\\/valenciasjb.salesianos.edu\\\/colegio\\\/#\\\/schema\\\/person\\\/1f45b67e52b27da175190a574db6bed9\"},\"headline\":\"Colegio Salesiano San Juan Bosco de Valencia, cada peque\u00f1o gesto cuenta\",\"datePublished\":\"2020-04-28T07:44:42+00:00\",\"dateModified\":\"2020-05-11T10:11:02+00:00\",\"mainEntityOfPage\":{\"@id\":\"https:\\\/\\\/valenciasjb.salesianos.edu\\\/colegio\\\/colegio-salesiano-san-juan-bosco-de-valencia-cada-pequeno-gesto-cuenta\\\/\"},\"wordCount\":589,\"image\":{\"@id\":\"https:\\\/\\\/valenciasjb.salesianos.edu\\\/colegio\\\/colegio-salesiano-san-juan-bosco-de-valencia-cada-pequeno-gesto-cuenta\\\/#primaryimage\"},\"thumbnailUrl\":\"https:\\\/\\\/valenciasjb.salesianos.edu\\\/colegio\\\/wp-content\\\/uploads\\\/sites\\\/2\\\/2020\\\/04\\\/donaciones.jpg\",\"articleSection\":[\"Noticia Colegio\"],\"inLanguage\":\"es\"},{\"@type\":\"WebPage\",\"@id\":\"https:\\\/\\\/valenciasjb.salesianos.edu\\\/colegio\\\/colegio-salesiano-san-juan-bosco-de-valencia-cada-pequeno-gesto-cuenta\\\/\",\"url\":\"https:\\\/\\\/valenciasjb.salesianos.edu\\\/colegio\\\/colegio-salesiano-san-juan-bosco-de-valencia-cada-pequeno-gesto-cuenta\\\/\",\"name\":\"Colegio Salesiano San Juan Bosco de Valencia, cada peque\u00f1o gesto cuenta - Colegio San Juan Bosco Valencia\",\"isPartOf\":{\"@id\":\"https:\\\/\\\/valenciasjb.salesianos.edu\\\/colegio\\\/#website\"},\"primaryImageOfPage\":{\"@id\":\"https:\\\/\\\/valenciasjb.salesianos.edu\\\/colegio\\\/colegio-salesiano-san-juan-bosco-de-valencia-cada-pequeno-gesto-cuenta\\\/#primaryimage\"},\"image\":{\"@id\":\"https:\\\/\\\/valenciasjb.salesianos.edu\\\/colegio\\\/colegio-salesiano-san-juan-bosco-de-valencia-cada-pequeno-gesto-cuenta\\\/#primaryimage\"},\"thumbnailUrl\":\"https:\\\/\\\/valenciasjb.salesianos.edu\\\/colegio\\\/wp-content\\\/uploads\\\/sites\\\/2\\\/2020\\\/04\\\/donaciones.jpg\",\"datePublished\":\"2020-04-28T07:44:42+00:00\",\"dateModified\":\"2020-05-11T10:11:02+00:00\",\"author\":{\"@id\":\"https:\\\/\\\/valenciasjb.salesianos.edu\\\/colegio\\\/#\\\/schema\\\/person\\\/1f45b67e52b27da175190a574db6bed9\"},\"breadcrumb\":{\"@id\":\"https:\\\/\\\/valenciasjb.salesianos.edu\\\/colegio\\\/colegio-salesiano-san-juan-bosco-de-valencia-cada-pequeno-gesto-cuenta\\\/#breadcrumb\"},\"inLanguage\":\"es\",\"potentialAction\":[{\"@type\":\"ReadAction\",\"target\":[\"https:\\\/\\\/valenciasjb.salesianos.edu\\\/colegio\\\/colegio-salesiano-san-juan-bosco-de-valencia-cada-pequeno-gesto-cuenta\\\/\"]}]},{\"@type\":\"ImageObject\",\"inLanguage\":\"es\",\"@id\":\"https:\\\/\\\/valenciasjb.salesianos.edu\\\/colegio\\\/colegio-salesiano-san-juan-bosco-de-valencia-cada-pequeno-gesto-cuenta\\\/#primaryimage\",\"url\":\"https:\\\/\\\/valenciasjb.salesianos.edu\\\/colegio\\\/wp-content\\\/uploads\\\/sites\\\/2\\\/2020\\\/04\\\/donaciones.jpg\",\"contentUrl\":\"https:\\\/\\\/valenciasjb.salesianos.edu\\\/colegio\\\/wp-content\\\/uploads\\\/sites\\\/2\\\/2020\\\/04\\\/donaciones.jpg\",\"width\":1240,\"height\":1527},{\"@type\":\"BreadcrumbList\",\"@id\":\"https:\\\/\\\/valenciasjb.salesianos.edu\\\/colegio\\\/colegio-salesiano-san-juan-bosco-de-valencia-cada-pequeno-gesto-cuenta\\\/#breadcrumb\",\"itemListElement\":[{\"@type\":\"ListItem\",\"position\":1,\"name\":\"Portada\",\"item\":\"https:\\\/\\\/valenciasjb.salesianos.edu\\\/colegio\\\/\"},{\"@type\":\"ListItem\",\"position\":2,\"name\":\"Colegio Salesiano San Juan Bosco de Valencia, cada peque\u00f1o gesto cuenta\"}]},{\"@type\":\"WebSite\",\"@id\":\"https:\\\/\\\/valenciasjb.salesianos.edu\\\/colegio\\\/#website\",\"url\":\"https:\\\/\\\/valenciasjb.salesianos.edu\\\/colegio\\\/\",\"name\":\"Colegio San Juan Bosco Valencia\",\"description\":\"P\u00e1gina oficial del Colegio Salesianos San Juan Bosco Valencia\",\"alternateName\":\"Salesianos.VSJB\",\"potentialAction\":[{\"@type\":\"SearchAction\",\"target\":{\"@type\":\"EntryPoint\",\"urlTemplate\":\"https:\\\/\\\/valenciasjb.salesianos.edu\\\/colegio\\\/?s={search_term_string}\"},\"query-input\":{\"@type\":\"PropertyValueSpecification\",\"valueRequired\":true,\"valueName\":\"search_term_string\"}}],\"inLanguage\":\"es\"},{\"@type\":\"Person\",\"@id\":\"https:\\\/\\\/valenciasjb.salesianos.edu\\\/colegio\\\/#\\\/schema\\\/person\\\/1f45b67e52b27da175190a574db6bed9\",\"name\":\"veronicapastor\",\"image\":{\"@type\":\"ImageObject\",\"inLanguage\":\"es\",\"@id\":\"https:\\\/\\\/secure.gravatar.com\\\/avatar\\\/e29bd40bace3fd935e1d6fdb7313ffc14628cc037c5e16f4c7369b20a2a6f7f0?s=96&d=mm&r=g\",\"url\":\"https:\\\/\\\/secure.gravatar.com\\\/avatar\\\/e29bd40bace3fd935e1d6fdb7313ffc14628cc037c5e16f4c7369b20a2a6f7f0?s=96&d=mm&r=g\",\"contentUrl\":\"https:\\\/\\\/secure.gravatar.com\\\/avatar\\\/e29bd40bace3fd935e1d6fdb7313ffc14628cc037c5e16f4c7369b20a2a6f7f0?s=96&d=mm&r=g\",\"caption\":\"veronicapastor\"}}]}<\/script>\n<!-- \/ Yoast SEO plugin. -->","yoast_head_json":{"title":"Colegio Salesiano San Juan Bosco de Valencia, cada peque\u00f1o gesto cuenta - Colegio San Juan Bosco Valencia","robots":{"index":"index","follow":"follow","max-snippet":"max-snippet:-1","max-image-preview":"max-image-preview:large","max-video-preview":"max-video-preview:-1"},"canonical":"https:\/\/valenciasjb.salesianos.edu\/colegio\/colegio-salesiano-san-juan-bosco-de-valencia-cada-pequeno-gesto-cuenta\/","og_locale":"es_ES","og_type":"article","og_title":"Colegio Salesiano San Juan Bosco de Valencia, cada peque\u00f1o gesto cuenta - Colegio San Juan Bosco Valencia","og_description":"Todo el personal del colegio, profesorado, Pas y Ampas ayuda con alimentos y ordenadores a las familias en situaci\u00f3n de riesgo por la cuarentena. \u00a0Redacci\u00f3n.\u200bAnte la situaci\u00f3n de cuarentena, numerosas familias est\u00e1n viviendo una situaci\u00f3n muy dif\u00edcil de sobrellevar. La falta de alimentos, las becas de comedor insuficientes y en ocasiones el paro forzoso de [&hellip;]","og_url":"https:\/\/valenciasjb.salesianos.edu\/colegio\/colegio-salesiano-san-juan-bosco-de-valencia-cada-pequeno-gesto-cuenta\/","og_site_name":"Colegio San Juan Bosco Valencia","article_publisher":"https:\/\/www.facebook.com\/ColegioSalesianoSanJuanBoscoValencia","article_published_time":"2020-04-28T07:44:42+00:00","article_modified_time":"2020-05-11T10:11:02+00:00","og_image":[{"width":1240,"height":1527,"url":"https:\/\/valenciasjb.salesianos.edu\/colegio\/wp-content\/uploads\/sites\/2\/2020\/04\/donaciones.jpg","type":"image\/jpeg"}],"author":"veronicapastor","twitter_card":"summary_large_image","twitter_creator":"@SalesianosVSJB","twitter_site":"@SalesianosVSJB","twitter_misc":{"Escrito por":"veronicapastor","Tiempo de lectura":"3 minutos"},"schema":{"@context":"https:\/\/schema.org","@graph":[{"@type":"Article","@id":"https:\/\/valenciasjb.salesianos.edu\/colegio\/colegio-salesiano-san-juan-bosco-de-valencia-cada-pequeno-gesto-cuenta\/#article","isPartOf":{"@id":"https:\/\/valenciasjb.salesianos.edu\/colegio\/colegio-salesiano-san-juan-bosco-de-valencia-cada-pequeno-gesto-cuenta\/"},"author":{"name":"veronicapastor","@id":"https:\/\/valenciasjb.salesianos.edu\/colegio\/#\/schema\/person\/1f45b67e52b27da175190a574db6bed9"},"headline":"Colegio Salesiano San Juan Bosco de Valencia, cada peque\u00f1o gesto cuenta","datePublished":"2020-04-28T07:44:42+00:00","dateModified":"2020-05-11T10:11:02+00:00","mainEntityOfPage":{"@id":"https:\/\/valenciasjb.salesianos.edu\/colegio\/colegio-salesiano-san-juan-bosco-de-valencia-cada-pequeno-gesto-cuenta\/"},"wordCount":589,"image":{"@id":"https:\/\/valenciasjb.salesianos.edu\/colegio\/colegio-salesiano-san-juan-bosco-de-valencia-cada-pequeno-gesto-cuenta\/#primaryimage"},"thumbnailUrl":"https:\/\/valenciasjb.salesianos.edu\/colegio\/wp-content\/uploads\/sites\/2\/2020\/04\/donaciones.jpg","articleSection":["Noticia Colegio"],"inLanguage":"es"},{"@type":"WebPage","@id":"https:\/\/valenciasjb.salesianos.edu\/colegio\/colegio-salesiano-san-juan-bosco-de-valencia-cada-pequeno-gesto-cuenta\/","url":"https:\/\/valenciasjb.salesianos.edu\/colegio\/colegio-salesiano-san-juan-bosco-de-valencia-cada-pequeno-gesto-cuenta\/","name":"Colegio Salesiano San Juan Bosco de Valencia, cada peque\u00f1o gesto cuenta - Colegio San Juan Bosco Valencia","isPartOf":{"@id":"https:\/\/valenciasjb.salesianos.edu\/colegio\/#website"},"primaryImageOfPage":{"@id":"https:\/\/valenciasjb.salesianos.edu\/colegio\/colegio-salesiano-san-juan-bosco-de-valencia-cada-pequeno-gesto-cuenta\/#primaryimage"},"image":{"@id":"https:\/\/valenciasjb.salesianos.edu\/colegio\/colegio-salesiano-san-juan-bosco-de-valencia-cada-pequeno-gesto-cuenta\/#primaryimage"},"thumbnailUrl":"https:\/\/valenciasjb.salesianos.edu\/colegio\/wp-content\/uploads\/sites\/2\/2020\/04\/donaciones.jpg","datePublished":"2020-04-28T07:44:42+00:00","dateModified":"2020-05-11T10:11:02+00:00","author":{"@id":"https:\/\/valenciasjb.salesianos.edu\/colegio\/#\/schema\/person\/1f45b67e52b27da175190a574db6bed9"},"breadcrumb":{"@id":"https:\/\/valenciasjb.salesianos.edu\/colegio\/colegio-salesiano-san-juan-bosco-de-valencia-cada-pequeno-gesto-cuenta\/#breadcrumb"},"inLanguage":"es","potentialAction":[{"@type":"ReadAction","target":["https:\/\/valenciasjb.salesianos.edu\/colegio\/colegio-salesiano-san-juan-bosco-de-valencia-cada-pequeno-gesto-cuenta\/"]}]},{"@type":"ImageObject","inLanguage":"es","@id":"https:\/\/valenciasjb.salesianos.edu\/colegio\/colegio-salesiano-san-juan-bosco-de-valencia-cada-pequeno-gesto-cuenta\/#primaryimage","url":"https:\/\/valenciasjb.salesianos.edu\/colegio\/wp-content\/uploads\/sites\/2\/2020\/04\/donaciones.jpg","contentUrl":"https:\/\/valenciasjb.salesianos.edu\/colegio\/wp-content\/uploads\/sites\/2\/2020\/04\/donaciones.jpg","width":1240,"height":1527},{"@type":"BreadcrumbList","@id":"https:\/\/valenciasjb.salesianos.edu\/colegio\/colegio-salesiano-san-juan-bosco-de-valencia-cada-pequeno-gesto-cuenta\/#breadcrumb","itemListElement":[{"@type":"ListItem","position":1,"name":"Portada","item":"https:\/\/valenciasjb.salesianos.edu\/colegio\/"},{"@type":"ListItem","position":2,"name":"Colegio Salesiano San Juan Bosco de Valencia, cada peque\u00f1o gesto cuenta"}]},{"@type":"WebSite","@id":"https:\/\/valenciasjb.salesianos.edu\/colegio\/#website","url":"https:\/\/valenciasjb.salesianos.edu\/colegio\/","name":"Colegio San Juan Bosco Valencia","description":"P\u00e1gina oficial del Colegio Salesianos San Juan Bosco Valencia","alternateName":"Salesianos.VSJB","potentialAction":[{"@type":"SearchAction","target":{"@type":"EntryPoint","urlTemplate":"https:\/\/valenciasjb.salesianos.edu\/colegio\/?s={search_term_string}"},"query-input":{"@type":"PropertyValueSpecification","valueRequired":true,"valueName":"search_term_string"}}],"inLanguage":"es"},{"@type":"Person","@id":"https:\/\/valenciasjb.salesianos.edu\/colegio\/#\/schema\/person\/1f45b67e52b27da175190a574db6bed9","name":"veronicapastor","image":{"@type":"ImageObject","inLanguage":"es","@id":"https:\/\/secure.gravatar.com\/avatar\/e29bd40bace3fd935e1d6fdb7313ffc14628cc037c5e16f4c7369b20a2a6f7f0?s=96&d=mm&r=g","url":"https:\/\/secure.gravatar.com\/avatar\/e29bd40bace3fd935e1d6fdb7313ffc14628cc037c5e16f4c7369b20a2a6f7f0?s=96&d=mm&r=g","contentUrl":"https:\/\/secure.gravatar.com\/avatar\/e29bd40bace3fd935e1d6fdb7313ffc14628cc037c5e16f4c7369b20a2a6f7f0?s=96&d=mm&r=g","caption":"veronicapastor"}}]}},"_links":{"self":[{"href":"https:\/\/valenciasjb.salesianos.edu\/colegio\/wp-json\/wp\/v2\/posts\/12885","targetHints":{"allow":["GET"]}}],"collection":[{"href":"https:\/\/valenciasjb.salesianos.edu\/colegio\/wp-json\/wp\/v2\/posts"}],"about":[{"href":"https:\/\/valenciasjb.salesianos.edu\/colegio\/wp-json\/wp\/v2\/types\/post"}],"author":[{"embeddable":true,"href":"https:\/\/valenciasjb.salesianos.edu\/colegio\/wp-json\/wp\/v2\/users\/6"}],"replies":[{"embeddable":true,"href":"https:\/\/valenciasjb.salesianos.edu\/colegio\/wp-json\/wp\/v2\/comments?post=12885"}],"version-history":[{"count":3,"href":"https:\/\/valenciasjb.salesianos.edu\/colegio\/wp-json\/wp\/v2\/posts\/12885\/revisions"}],"predecessor-version":[{"id":13567,"href":"https:\/\/valenciasjb.salesianos.edu\/colegio\/wp-json\/wp\/v2\/posts\/12885\/revisions\/13567"}],"wp:featuredmedia":[{"embeddable":true,"href":"https:\/\/valenciasjb.salesianos.edu\/colegio\/wp-json\/wp\/v2\/media\/12888"}],"wp:attachment":[{"href":"https:\/\/valenciasjb.salesianos.edu\/colegio\/wp-json\/wp\/v2\/media?parent=12885"}],"wp:term":[{"taxonomy":"category","embeddable":true,"href":"https:\/\/valenciasjb.salesianos.edu\/colegio\/wp-json\/wp\/v2\/categories?post=12885"},{"taxonomy":"post_tag","embeddable":true,"href":"https:\/\/valenciasjb.salesianos.edu\/colegio\/wp-json\/wp\/v2\/tags?post=12885"}],"curies":[{"name":"wp","href":"https:\/\/api.w.org\/{rel}","templated":true}]}}