{"id":12909,"date":"2020-04-28T11:54:12","date_gmt":"2020-04-28T10:54:12","guid":{"rendered":"https:\/\/valenciasjb.salesianos.edu\/colegio\/?p=12909"},"modified":"2020-05-11T11:19:25","modified_gmt":"2020-05-11T10:19:25","slug":"nuestro-cole-en-casa-medios","status":"publish","type":"post","link":"https:\/\/valenciasjb.salesianos.edu\/colegio\/nuestro-cole-en-casa-medios\/","title":{"rendered":"\u00abNuestro cole en casa\u00bb en los medios de comunicaci\u00f3n"},"content":{"rendered":"<div id=\"fb-root\"><\/div>\n<p>[et_pb_section fb_built=\u00bb1&#8243; admin_label=\u00bbsection\u00bb _builder_version=\u00bb3.22&#8243;][et_pb_row admin_label=\u00bbrow\u00bb _builder_version=\u00bb3.25&#8243; background_size=\u00bbinitial\u00bb background_position=\u00bbtop_left\u00bb background_repeat=\u00bbrepeat\u00bb][et_pb_column type=\u00bb4_4&#8243; _builder_version=\u00bb3.25&#8243; custom_padding=\u00bb|||\u00bb custom_padding__hover=\u00bb|||\u00bb][et_pb_text admin_label=\u00bbEntradilla (Texto)\u00bb _builder_version=\u00bb4.4.2&#8243; text_font=\u00bb|on|||\u00bb text_orientation=\u00bbjustified\u00bb module_alignment=\u00bbjustified\u00bb]<\/p>\n<div id=\"resumen\">\n<div class=\"\" data-block=\"true\" data-editor=\"ars9r\" data-offset-key=\"54fr3-0-0\">\n<div class=\"_1mf _1mj\" data-offset-key=\"54fr3-0-0\"><span data-offset-key=\"54fr3-0-0\">Los medios de comunicaci\u00f3n se hacen eco del v\u00eddeo de nuestros profesores bailando al ritmo de los Stay Homas. <\/span><\/div>\n<\/div>\n<\/div>\n<div>\u00a0<\/div>\n<p>[\/et_pb_text][et_pb_text admin_label=\u00bbAutor (Texto)\u00bb _builder_version=\u00bb4.4.2&#8243; text_font=\u00bb||on||\u00bb]<\/p>\n<p>Redacci\u00f3n.<\/p>\n<p>[\/et_pb_text][et_pb_text admin_label=\u00bbDesarrollo (Texto)\u00bb _builder_version=\u00bb4.4.2&#8243; text_orientation=\u00bbjustified\u00bb module_alignment=\u00bbjustified\u00bb hover_enabled=\u00bb0&#8243;]<\/p>\n<div class=\"\" data-block=\"true\" data-editor=\"ars9r\" data-offset-key=\"54fr3-0-0\">\n<div class=\"_1mf _1mj\" data-offset-key=\"54fr3-0-0\">Lo consideran un ejemplo a seguir para sacar a los j\u00f3venes una sonrisa en estos tiempos dif\u00edciles.<\/div>\n<\/div>\n<div class=\"\" data-block=\"true\" data-editor=\"ars9r\" data-offset-key=\"bd7pj-0-0\">\n<div class=\"_1mf _1mj\" data-offset-key=\"bd7pj-0-0\"><span data-offset-key=\"bd7pj-0-0\">Y los propios cantantes de esta canci\u00f3n mandan un mensaje de \u00e1nimo a nuestros alumnos por Instagram.<\/span><\/div>\n<\/div>\n<div class=\"\" data-block=\"true\" data-editor=\"ars9r\" data-offset-key=\"8p1ou-0-0\">\n<div class=\"_1mf _1mj\" data-offset-key=\"8p1ou-0-0\"><span class=\"_3gl1 _5zz4\" data-offset-key=\"8p1ou-0-0\"><span class=\"_ncl\"><span data-offset-key=\"8p1ou-0-0\">&#x27a1;&#xfe0f;<\/span><\/span><\/span><span data-offset-key=\"8p1ou-1-0\">La Vanguardia<\/span><\/div>\n<\/div>\n<div class=\"\" data-block=\"true\" data-editor=\"ars9r\" data-offset-key=\"fdpo-0-0\">\n<div class=\"_1mf _1mj\" data-offset-key=\"fdpo-0-0\"><a href=\"https:\/\/www.lavanguardia.com\/local\/valencia\/20200408\/48388936326\/profesores-cantan-y-bailan-a-sus-alumnos-para-agradecer-su-esfuerzo-lo-vamos-a-conseguir-juntos.html\"><span data-offset-key=\"fdpo-0-0\">https:\/\/www.lavanguardia.com\/local\/valencia\/20200408\/48388936326\/profesores-cantan-y-bailan-a-sus-alumnos-para-agradecer-su-esfuerzo-lo-vamos-a-conseguir-juntos.html <\/span><\/a><\/div>\n<\/div>\n<div class=\"\" data-block=\"true\" data-editor=\"ars9r\" data-offset-key=\"dip6m-0-0\">\n<div class=\"_1mf _1mj\" data-offset-key=\"dip6m-0-0\"><span class=\"_3gl1 _5zz4\" data-offset-key=\"dip6m-0-0\"><span class=\"_ncl\"><span data-offset-key=\"dip6m-0-0\">&#x27a1;&#xfe0f;<\/span><\/span><\/span><span data-offset-key=\"dip6m-1-0\">20 Minutos<\/span><\/div>\n<\/div>\n<div class=\"\" data-block=\"true\" data-editor=\"ars9r\" data-offset-key=\"8dho6-0-0\">\n<div class=\"_1mf _1mj\" data-offset-key=\"8dho6-0-0\"><a href=\"https:\/\/www.20minutos.es\/noticia\/4221067\/0\/profesores-cantan-y-bailan-a-sus-alumnos-para-agradecer-su-esfuerzo-lo-vamos-a-conseguir-juntos\/\"><span data-offset-key=\"8dho6-0-0\">https:\/\/www.20minutos.es\/noticia\/4221067\/0\/profesores-cantan-y-bailan-a-sus-alumnos-para-agradecer-su-esfuerzo-lo-vamos-a-conseguir-juntos\/<\/span><\/a><\/div>\n<\/div>\n<div class=\"\" data-block=\"true\" data-editor=\"ars9r\" data-offset-key=\"4o70k-0-0\">\n<div class=\"_1mf _1mj\" data-offset-key=\"4o70k-0-0\"><span class=\"_3gl1 _5zz4\" data-offset-key=\"4o70k-0-0\"><span class=\"_ncl\"><span data-offset-key=\"4o70k-0-0\">&#x27a1;&#xfe0f;<\/span><\/span><\/span><span data-offset-key=\"4o70k-1-0\">Europapress<\/span><\/div>\n<\/div>\n<div class=\"\" data-block=\"true\" data-editor=\"ars9r\" data-offset-key=\"3hpt3-0-0\">\n<div class=\"_1mf _1mj\" data-offset-key=\"3hpt3-0-0\"><a href=\"https:\/\/www.europapress.es\/comunitat-valenciana\/noticia-profesores-cantan-bailan-alumnos-agradecer-esfuerzo-vamos-conseguir-juntos-20200408135957.html\"><span data-offset-key=\"3hpt3-0-0\">https:\/\/www.europapress.es\/comunitat-valenciana\/noticia-profesores-cantan-bailan-alumnos-agradecer-esfuerzo-vamos-conseguir-juntos-20200408135957.html<\/span><\/a><\/div>\n<div data-offset-key=\"3hpt3-0-0\"><span class=\"_3gl1 _5zz4\" data-offset-key=\"4o70k-0-0\"><span class=\"_ncl\"><span data-offset-key=\"4o70k-0-0\">&#x27a1;&#xfe0f;<\/span><\/span><\/span>el programa \u00abTot \u00e0 punt\u00bb de\u00a0<a class=\"profileLink\" href=\"https:\/\/www.facebook.com\/apuntmedia\/?__tn__=K-R&amp;eid=ARBLP3lfoJToSP9nj4ZX9-Y5TTcD6hoQCVc7iaJza24QyJR3E5EXNR6Angt-rbo4-QXjcJ_bCZxEI-Ra&amp;fref=mentions&amp;__xts__%5B0%5D=68.ARCKG4RB01OjhJMSO48RXkM9-LbkrYAK16mJTHtUvom_Imwr0HkELfPJrkcj8uG2T9PKbX24LcKwHbCtKQzlj7WUuVFLirohtqd-8XqBvyKo57iNWHEzAzt2qQrdO9hJv3ZVN8bDe13AodFVxhm02XLf9Rekqf1C4G3XDSXFY8IQQ9Nnds6r61J-9bMxT2OgP01Kbb59UssHe4-yrDvgrf4nGyIhG4_akYSZARIVJcdQvCiCMYPU2e59UXJaJ7GV8O4tAE-J7mwV2l43LA1KuGH2y5NKIj8BokdjuJPrAIknzG_wTsTKP-EcmOOIJzU6VtXj1U5rUpMHc9WhIG41hsbKkQ\" data-hovercard=\"\/ajax\/hovercard\/page.php?id=1920972261477351&amp;extragetparams=%7B%22__tn__%22%3A%22%2CdK-R-R%22%2C%22eid%22%3A%22ARBLP3lfoJToSP9nj4ZX9-Y5TTcD6hoQCVc7iaJza24QyJR3E5EXNR6Angt-rbo4-QXjcJ_bCZxEI-Ra%22%2C%22fref%22%3A%22mentions%22%7D\" data-hovercard-prefer-more-content-show=\"1\">\u00c0 Punt<\/a>\u00a0se despidi\u00f3 declar\u00e1ndose \u00abfans del profesorado, que intenta dar un punto de normalidad a la educaci\u00f3n, adaptando las clases a la realidad que vivimos y dej\u00e1ndose la piel para acompa\u00f1ar al alumnado, como han demostrado los docentes del Colegio Salesiano San Juan Bosco de Valencia, y como ejemplo el v\u00eddeo del profesorado del centro bailando al ritmo de Stay Homas\u00bb.<br \/>Puedes verlo en esta direcci\u00f3n a partir del minuto 44:00<br \/><a href=\"https:\/\/l.facebook.com\/l.php?u=https%3A%2F%2Fapuntmedia.es%2Fva%2Fa-la-carta%2Fprogrames%2Fvist-en-tv%2Ftap%2F16042020-tap%3Ffbclid%3DIwAR2OC34Dmel61jE802igS4ir0w3fB51JguslAegYalN3peeH2N1P8bH-wZY&amp;h=AT1fOnv7qB6jmLaT-CXkCk6d2JaCAnv-qGwSXJgtF5v_mEarL93R8VkWEt_NBWrT80WOPHHThPhhnz62QVnxoVgm-fnPGoCO6mdIbJrZ1f4LfSivrLPlHdPl1i-fR8W2H4rvL2XLW-NQQhAJ7a3UR3Rtroq8gxTuuFP_l_7Gnh37lV3k2QSeh1TUnP6NqOia80YW1eWk_YJgYMPDPvw_CtlqFjM8mHZiqlE3Ib5xgHoFpybx7q5mVdXrtSci_yVzP14pIktalDeErJ3W1vtWRmmhZFLF8Yik33Bw9v9YKoKekzWzp9n5XXsHzvzXG2Dp0qR78r59A-fIOGbigJgdiFzWJq-HnY2ebyc3IXRU2cbxrjeoTxvAJmLel4edeay9boNn-ItKbLMpf4bfiHM2t4-7U7-k0TljYmSHd1qEIPWRcaIBYzU22Lu19U_thct0vRnFbrXlMiiovYRTQIuP4HOmWgd4k_XfqBvuvkYG48vNSrZkG2tD2Y9oRwvqQK7_pLYQnIJO84RYgkOLQwLgiEOXdB7J51-in5F9rXR_kwhDN72FQHl0rENwpaEVL1xjwwr1UbjqSYutAzK-Wpxcz2x6pgIM6I7G7ztGxRaU8SwTVJNswvh-0PHZY0DwG03Lpdc\" target=\"_blank\" rel=\"noopener nofollow noreferrer\" data-ft=\"{&quot;tn&quot;:&quot;-U&quot;}\" data-lynx-mode=\"async\">https:\/\/apuntmedia.es\/\u2026\/program\u2026\/vist-en-tv\/tap\/16042020-tap<\/a><\/div>\n<\/div>\n<p>[\/et_pb_text][et_pb_text disabled_on=\u00bboff|on|on\u00bb admin_label=\u00bbT\u00edtulo: Galer\u00eda de fotos (Texto)\u00bb _builder_version=\u00bb3.27.4&#8243; text_font=\u00bb|on|||\u00bb text_text_color=\u00bb#dc001b\u00bb border_style=\u00bbsolid\u00bb]Galer\u00eda de im\u00e1genes<br \/>\n[\/et_pb_text][et_pb_gallery gallery_ids=\u00bb12914,12915,12916,12897&#8243; posts_number=\u00bb8&#8243; show_title_and_caption=\u00bboff\u00bb zoom_icon_color=\u00bb#dc001b\u00bb hover_icon=\u00bb%%51%%\u00bb disabled_on=\u00bboff|off|off\u00bb _builder_version=\u00bb4.4.2&#8243; pagination_font_size_tablet=\u00bb51&#8243; pagination_line_height_tablet=\u00bb2&#8243;][\/et_pb_gallery][et_pb_video disabled_on=\u00bbon|on|on\u00bb _builder_version=\u00bb3.0.51&#8243; disabled=\u00bbon\u00bb][\/et_pb_video][\/et_pb_column][\/et_pb_row][\/et_pb_section]<\/p>\n<!-- AddThis Advanced Settings generic via filter on the_content --><!-- AddThis Share Buttons generic via filter on the_content -->","protected":false},"excerpt":{"rendered":"<p>Los medios de comunicaci\u00f3n se hacen eco del v\u00eddeo de nuestros profesores bailando al ritmo de los Stay Homas. \u00a0Redacci\u00f3n. Lo consideran un ejemplo a seguir para sacar a los j\u00f3venes una sonrisa en estos tiempos dif\u00edciles. Y los propios cantantes de esta canci\u00f3n mandan un mensaje de \u00e1nimo a nuestros alumnos por Instagram. &#x27a1;&#xfe0f;La [&hellip;]<\/p>\n<p><!-- AddThis Advanced Settings generic via filter on get_the_excerpt --><!-- AddThis Share Buttons generic via filter on get_the_excerpt --><\/p>\n","protected":false},"author":6,"featured_media":12897,"comment_status":"closed","ping_status":"open","sticky":false,"template":"","format":"standard","meta":{"_et_pb_use_builder":"on","_et_pb_old_content":"","_et_gb_content_width":"","footnotes":""},"categories":[14],"tags":[],"class_list":["post-12909","post","type-post","status-publish","format-standard","has-post-thumbnail","hentry","category-noticia_colegio"],"yoast_head":"<!-- This site is optimized with the Yoast SEO plugin v28.4 - https:\/\/yoast.com\/product\/yoast-seo-wordpress\/ -->\n<title>&quot;Nuestro cole en casa&quot; en los medios de comunicaci\u00f3n - Colegio San Juan Bosco Valencia<\/title>\n<meta name=\"robots\" content=\"index, follow, max-snippet:-1, max-image-preview:large, max-video-preview:-1\" \/>\n<link rel=\"canonical\" href=\"https:\/\/valenciasjb.salesianos.edu\/colegio\/nuestro-cole-en-casa-medios\/\" \/>\n<meta property=\"og:locale\" content=\"es_ES\" \/>\n<meta property=\"og:type\" content=\"article\" \/>\n<meta property=\"og:title\" content=\"&quot;Nuestro cole en casa&quot; en los medios de comunicaci\u00f3n - Colegio San Juan Bosco Valencia\" \/>\n<meta property=\"og:description\" content=\"Los medios de comunicaci\u00f3n se hacen eco del v\u00eddeo de nuestros profesores bailando al ritmo de los Stay Homas. \u00a0Redacci\u00f3n. Lo consideran un ejemplo a seguir para sacar a los j\u00f3venes una sonrisa en estos tiempos dif\u00edciles. Y los propios cantantes de esta canci\u00f3n mandan un mensaje de \u00e1nimo a nuestros alumnos por Instagram. &#x27a1;&#xfe0f;La [&hellip;]\" \/>\n<meta property=\"og:url\" content=\"https:\/\/valenciasjb.salesianos.edu\/colegio\/nuestro-cole-en-casa-medios\/\" \/>\n<meta property=\"og:site_name\" content=\"Colegio San Juan Bosco Valencia\" \/>\n<meta property=\"article:publisher\" content=\"https:\/\/www.facebook.com\/ColegioSalesianoSanJuanBoscoValencia\" \/>\n<meta property=\"article:published_time\" content=\"2020-04-28T10:54:12+00:00\" \/>\n<meta property=\"article:modified_time\" content=\"2020-05-11T10:19:25+00:00\" \/>\n<meta property=\"og:image\" content=\"https:\/\/valenciasjb.salesianos.edu\/colegio\/wp-content\/uploads\/sites\/2\/2020\/04\/92134443_3009195489103636_3080944985344835584_n.jpg\" \/>\n\t<meta property=\"og:image:width\" content=\"565\" \/>\n\t<meta property=\"og:image:height\" content=\"960\" \/>\n\t<meta property=\"og:image:type\" content=\"image\/jpeg\" \/>\n<meta name=\"author\" content=\"veronicapastor\" \/>\n<meta name=\"twitter:card\" content=\"summary_large_image\" \/>\n<meta name=\"twitter:creator\" content=\"@SalesianosVSJB\" \/>\n<meta name=\"twitter:site\" content=\"@SalesianosVSJB\" \/>\n<meta name=\"twitter:label1\" content=\"Escrito por\" \/>\n\t<meta name=\"twitter:data1\" content=\"veronicapastor\" \/>\n\t<meta name=\"twitter:label2\" content=\"Tiempo de lectura\" \/>\n\t<meta name=\"twitter:data2\" content=\"2 minutos\" \/>\n<script type=\"application\/ld+json\" class=\"yoast-schema-graph\">{\"@context\":\"https:\\\/\\\/schema.org\",\"@graph\":[{\"@type\":\"Article\",\"@id\":\"https:\\\/\\\/valenciasjb.salesianos.edu\\\/colegio\\\/nuestro-cole-en-casa-medios\\\/#article\",\"isPartOf\":{\"@id\":\"https:\\\/\\\/valenciasjb.salesianos.edu\\\/colegio\\\/nuestro-cole-en-casa-medios\\\/\"},\"author\":{\"name\":\"veronicapastor\",\"@id\":\"https:\\\/\\\/valenciasjb.salesianos.edu\\\/colegio\\\/#\\\/schema\\\/person\\\/1f45b67e52b27da175190a574db6bed9\"},\"headline\":\"\u00abNuestro cole en casa\u00bb en los medios de comunicaci\u00f3n\",\"datePublished\":\"2020-04-28T10:54:12+00:00\",\"dateModified\":\"2020-05-11T10:19:25+00:00\",\"mainEntityOfPage\":{\"@id\":\"https:\\\/\\\/valenciasjb.salesianos.edu\\\/colegio\\\/nuestro-cole-en-casa-medios\\\/\"},\"wordCount\":393,\"image\":{\"@id\":\"https:\\\/\\\/valenciasjb.salesianos.edu\\\/colegio\\\/nuestro-cole-en-casa-medios\\\/#primaryimage\"},\"thumbnailUrl\":\"https:\\\/\\\/valenciasjb.salesianos.edu\\\/colegio\\\/wp-content\\\/uploads\\\/sites\\\/2\\\/2020\\\/04\\\/92134443_3009195489103636_3080944985344835584_n.jpg\",\"articleSection\":[\"Noticia Colegio\"],\"inLanguage\":\"es\"},{\"@type\":\"WebPage\",\"@id\":\"https:\\\/\\\/valenciasjb.salesianos.edu\\\/colegio\\\/nuestro-cole-en-casa-medios\\\/\",\"url\":\"https:\\\/\\\/valenciasjb.salesianos.edu\\\/colegio\\\/nuestro-cole-en-casa-medios\\\/\",\"name\":\"\\\"Nuestro cole en casa\\\" en los medios de comunicaci\u00f3n - Colegio San Juan Bosco Valencia\",\"isPartOf\":{\"@id\":\"https:\\\/\\\/valenciasjb.salesianos.edu\\\/colegio\\\/#website\"},\"primaryImageOfPage\":{\"@id\":\"https:\\\/\\\/valenciasjb.salesianos.edu\\\/colegio\\\/nuestro-cole-en-casa-medios\\\/#primaryimage\"},\"image\":{\"@id\":\"https:\\\/\\\/valenciasjb.salesianos.edu\\\/colegio\\\/nuestro-cole-en-casa-medios\\\/#primaryimage\"},\"thumbnailUrl\":\"https:\\\/\\\/valenciasjb.salesianos.edu\\\/colegio\\\/wp-content\\\/uploads\\\/sites\\\/2\\\/2020\\\/04\\\/92134443_3009195489103636_3080944985344835584_n.jpg\",\"datePublished\":\"2020-04-28T10:54:12+00:00\",\"dateModified\":\"2020-05-11T10:19:25+00:00\",\"author\":{\"@id\":\"https:\\\/\\\/valenciasjb.salesianos.edu\\\/colegio\\\/#\\\/schema\\\/person\\\/1f45b67e52b27da175190a574db6bed9\"},\"breadcrumb\":{\"@id\":\"https:\\\/\\\/valenciasjb.salesianos.edu\\\/colegio\\\/nuestro-cole-en-casa-medios\\\/#breadcrumb\"},\"inLanguage\":\"es\",\"potentialAction\":[{\"@type\":\"ReadAction\",\"target\":[\"https:\\\/\\\/valenciasjb.salesianos.edu\\\/colegio\\\/nuestro-cole-en-casa-medios\\\/\"]}]},{\"@type\":\"ImageObject\",\"inLanguage\":\"es\",\"@id\":\"https:\\\/\\\/valenciasjb.salesianos.edu\\\/colegio\\\/nuestro-cole-en-casa-medios\\\/#primaryimage\",\"url\":\"https:\\\/\\\/valenciasjb.salesianos.edu\\\/colegio\\\/wp-content\\\/uploads\\\/sites\\\/2\\\/2020\\\/04\\\/92134443_3009195489103636_3080944985344835584_n.jpg\",\"contentUrl\":\"https:\\\/\\\/valenciasjb.salesianos.edu\\\/colegio\\\/wp-content\\\/uploads\\\/sites\\\/2\\\/2020\\\/04\\\/92134443_3009195489103636_3080944985344835584_n.jpg\",\"width\":565,\"height\":960},{\"@type\":\"BreadcrumbList\",\"@id\":\"https:\\\/\\\/valenciasjb.salesianos.edu\\\/colegio\\\/nuestro-cole-en-casa-medios\\\/#breadcrumb\",\"itemListElement\":[{\"@type\":\"ListItem\",\"position\":1,\"name\":\"Portada\",\"item\":\"https:\\\/\\\/valenciasjb.salesianos.edu\\\/colegio\\\/\"},{\"@type\":\"ListItem\",\"position\":2,\"name\":\"\u00abNuestro cole en casa\u00bb en los medios de comunicaci\u00f3n\"}]},{\"@type\":\"WebSite\",\"@id\":\"https:\\\/\\\/valenciasjb.salesianos.edu\\\/colegio\\\/#website\",\"url\":\"https:\\\/\\\/valenciasjb.salesianos.edu\\\/colegio\\\/\",\"name\":\"Colegio San Juan Bosco Valencia\",\"description\":\"P\u00e1gina oficial del Colegio Salesianos San Juan Bosco Valencia\",\"alternateName\":\"Salesianos.VSJB\",\"potentialAction\":[{\"@type\":\"SearchAction\",\"target\":{\"@type\":\"EntryPoint\",\"urlTemplate\":\"https:\\\/\\\/valenciasjb.salesianos.edu\\\/colegio\\\/?s={search_term_string}\"},\"query-input\":{\"@type\":\"PropertyValueSpecification\",\"valueRequired\":true,\"valueName\":\"search_term_string\"}}],\"inLanguage\":\"es\"},{\"@type\":\"Person\",\"@id\":\"https:\\\/\\\/valenciasjb.salesianos.edu\\\/colegio\\\/#\\\/schema\\\/person\\\/1f45b67e52b27da175190a574db6bed9\",\"name\":\"veronicapastor\",\"image\":{\"@type\":\"ImageObject\",\"inLanguage\":\"es\",\"@id\":\"https:\\\/\\\/secure.gravatar.com\\\/avatar\\\/e29bd40bace3fd935e1d6fdb7313ffc14628cc037c5e16f4c7369b20a2a6f7f0?s=96&d=mm&r=g\",\"url\":\"https:\\\/\\\/secure.gravatar.com\\\/avatar\\\/e29bd40bace3fd935e1d6fdb7313ffc14628cc037c5e16f4c7369b20a2a6f7f0?s=96&d=mm&r=g\",\"contentUrl\":\"https:\\\/\\\/secure.gravatar.com\\\/avatar\\\/e29bd40bace3fd935e1d6fdb7313ffc14628cc037c5e16f4c7369b20a2a6f7f0?s=96&d=mm&r=g\",\"caption\":\"veronicapastor\"}}]}<\/script>\n<!-- \/ Yoast SEO plugin. -->","yoast_head_json":{"title":"\"Nuestro cole en casa\" en los medios de comunicaci\u00f3n - Colegio San Juan Bosco Valencia","robots":{"index":"index","follow":"follow","max-snippet":"max-snippet:-1","max-image-preview":"max-image-preview:large","max-video-preview":"max-video-preview:-1"},"canonical":"https:\/\/valenciasjb.salesianos.edu\/colegio\/nuestro-cole-en-casa-medios\/","og_locale":"es_ES","og_type":"article","og_title":"\"Nuestro cole en casa\" en los medios de comunicaci\u00f3n - Colegio San Juan Bosco Valencia","og_description":"Los medios de comunicaci\u00f3n se hacen eco del v\u00eddeo de nuestros profesores bailando al ritmo de los Stay Homas. \u00a0Redacci\u00f3n. Lo consideran un ejemplo a seguir para sacar a los j\u00f3venes una sonrisa en estos tiempos dif\u00edciles. Y los propios cantantes de esta canci\u00f3n mandan un mensaje de \u00e1nimo a nuestros alumnos por Instagram. &#x27a1;&#xfe0f;La [&hellip;]","og_url":"https:\/\/valenciasjb.salesianos.edu\/colegio\/nuestro-cole-en-casa-medios\/","og_site_name":"Colegio San Juan Bosco Valencia","article_publisher":"https:\/\/www.facebook.com\/ColegioSalesianoSanJuanBoscoValencia","article_published_time":"2020-04-28T10:54:12+00:00","article_modified_time":"2020-05-11T10:19:25+00:00","og_image":[{"width":565,"height":960,"url":"https:\/\/valenciasjb.salesianos.edu\/colegio\/wp-content\/uploads\/sites\/2\/2020\/04\/92134443_3009195489103636_3080944985344835584_n.jpg","type":"image\/jpeg"}],"author":"veronicapastor","twitter_card":"summary_large_image","twitter_creator":"@SalesianosVSJB","twitter_site":"@SalesianosVSJB","twitter_misc":{"Escrito por":"veronicapastor","Tiempo de lectura":"2 minutos"},"schema":{"@context":"https:\/\/schema.org","@graph":[{"@type":"Article","@id":"https:\/\/valenciasjb.salesianos.edu\/colegio\/nuestro-cole-en-casa-medios\/#article","isPartOf":{"@id":"https:\/\/valenciasjb.salesianos.edu\/colegio\/nuestro-cole-en-casa-medios\/"},"author":{"name":"veronicapastor","@id":"https:\/\/valenciasjb.salesianos.edu\/colegio\/#\/schema\/person\/1f45b67e52b27da175190a574db6bed9"},"headline":"\u00abNuestro cole en casa\u00bb en los medios de comunicaci\u00f3n","datePublished":"2020-04-28T10:54:12+00:00","dateModified":"2020-05-11T10:19:25+00:00","mainEntityOfPage":{"@id":"https:\/\/valenciasjb.salesianos.edu\/colegio\/nuestro-cole-en-casa-medios\/"},"wordCount":393,"image":{"@id":"https:\/\/valenciasjb.salesianos.edu\/colegio\/nuestro-cole-en-casa-medios\/#primaryimage"},"thumbnailUrl":"https:\/\/valenciasjb.salesianos.edu\/colegio\/wp-content\/uploads\/sites\/2\/2020\/04\/92134443_3009195489103636_3080944985344835584_n.jpg","articleSection":["Noticia Colegio"],"inLanguage":"es"},{"@type":"WebPage","@id":"https:\/\/valenciasjb.salesianos.edu\/colegio\/nuestro-cole-en-casa-medios\/","url":"https:\/\/valenciasjb.salesianos.edu\/colegio\/nuestro-cole-en-casa-medios\/","name":"\"Nuestro cole en casa\" en los medios de comunicaci\u00f3n - Colegio San Juan Bosco Valencia","isPartOf":{"@id":"https:\/\/valenciasjb.salesianos.edu\/colegio\/#website"},"primaryImageOfPage":{"@id":"https:\/\/valenciasjb.salesianos.edu\/colegio\/nuestro-cole-en-casa-medios\/#primaryimage"},"image":{"@id":"https:\/\/valenciasjb.salesianos.edu\/colegio\/nuestro-cole-en-casa-medios\/#primaryimage"},"thumbnailUrl":"https:\/\/valenciasjb.salesianos.edu\/colegio\/wp-content\/uploads\/sites\/2\/2020\/04\/92134443_3009195489103636_3080944985344835584_n.jpg","datePublished":"2020-04-28T10:54:12+00:00","dateModified":"2020-05-11T10:19:25+00:00","author":{"@id":"https:\/\/valenciasjb.salesianos.edu\/colegio\/#\/schema\/person\/1f45b67e52b27da175190a574db6bed9"},"breadcrumb":{"@id":"https:\/\/valenciasjb.salesianos.edu\/colegio\/nuestro-cole-en-casa-medios\/#breadcrumb"},"inLanguage":"es","potentialAction":[{"@type":"ReadAction","target":["https:\/\/valenciasjb.salesianos.edu\/colegio\/nuestro-cole-en-casa-medios\/"]}]},{"@type":"ImageObject","inLanguage":"es","@id":"https:\/\/valenciasjb.salesianos.edu\/colegio\/nuestro-cole-en-casa-medios\/#primaryimage","url":"https:\/\/valenciasjb.salesianos.edu\/colegio\/wp-content\/uploads\/sites\/2\/2020\/04\/92134443_3009195489103636_3080944985344835584_n.jpg","contentUrl":"https:\/\/valenciasjb.salesianos.edu\/colegio\/wp-content\/uploads\/sites\/2\/2020\/04\/92134443_3009195489103636_3080944985344835584_n.jpg","width":565,"height":960},{"@type":"BreadcrumbList","@id":"https:\/\/valenciasjb.salesianos.edu\/colegio\/nuestro-cole-en-casa-medios\/#breadcrumb","itemListElement":[{"@type":"ListItem","position":1,"name":"Portada","item":"https:\/\/valenciasjb.salesianos.edu\/colegio\/"},{"@type":"ListItem","position":2,"name":"\u00abNuestro cole en casa\u00bb en los medios de comunicaci\u00f3n"}]},{"@type":"WebSite","@id":"https:\/\/valenciasjb.salesianos.edu\/colegio\/#website","url":"https:\/\/valenciasjb.salesianos.edu\/colegio\/","name":"Colegio San Juan Bosco Valencia","description":"P\u00e1gina oficial del Colegio Salesianos San Juan Bosco Valencia","alternateName":"Salesianos.VSJB","potentialAction":[{"@type":"SearchAction","target":{"@type":"EntryPoint","urlTemplate":"https:\/\/valenciasjb.salesianos.edu\/colegio\/?s={search_term_string}"},"query-input":{"@type":"PropertyValueSpecification","valueRequired":true,"valueName":"search_term_string"}}],"inLanguage":"es"},{"@type":"Person","@id":"https:\/\/valenciasjb.salesianos.edu\/colegio\/#\/schema\/person\/1f45b67e52b27da175190a574db6bed9","name":"veronicapastor","image":{"@type":"ImageObject","inLanguage":"es","@id":"https:\/\/secure.gravatar.com\/avatar\/e29bd40bace3fd935e1d6fdb7313ffc14628cc037c5e16f4c7369b20a2a6f7f0?s=96&d=mm&r=g","url":"https:\/\/secure.gravatar.com\/avatar\/e29bd40bace3fd935e1d6fdb7313ffc14628cc037c5e16f4c7369b20a2a6f7f0?s=96&d=mm&r=g","contentUrl":"https:\/\/secure.gravatar.com\/avatar\/e29bd40bace3fd935e1d6fdb7313ffc14628cc037c5e16f4c7369b20a2a6f7f0?s=96&d=mm&r=g","caption":"veronicapastor"}}]}},"_links":{"self":[{"href":"https:\/\/valenciasjb.salesianos.edu\/colegio\/wp-json\/wp\/v2\/posts\/12909","targetHints":{"allow":["GET"]}}],"collection":[{"href":"https:\/\/valenciasjb.salesianos.edu\/colegio\/wp-json\/wp\/v2\/posts"}],"about":[{"href":"https:\/\/valenciasjb.salesianos.edu\/colegio\/wp-json\/wp\/v2\/types\/post"}],"author":[{"embeddable":true,"href":"https:\/\/valenciasjb.salesianos.edu\/colegio\/wp-json\/wp\/v2\/users\/6"}],"replies":[{"embeddable":true,"href":"https:\/\/valenciasjb.salesianos.edu\/colegio\/wp-json\/wp\/v2\/comments?post=12909"}],"version-history":[{"count":5,"href":"https:\/\/valenciasjb.salesianos.edu\/colegio\/wp-json\/wp\/v2\/posts\/12909\/revisions"}],"predecessor-version":[{"id":12923,"href":"https:\/\/valenciasjb.salesianos.edu\/colegio\/wp-json\/wp\/v2\/posts\/12909\/revisions\/12923"}],"wp:featuredmedia":[{"embeddable":true,"href":"https:\/\/valenciasjb.salesianos.edu\/colegio\/wp-json\/wp\/v2\/media\/12897"}],"wp:attachment":[{"href":"https:\/\/valenciasjb.salesianos.edu\/colegio\/wp-json\/wp\/v2\/media?parent=12909"}],"wp:term":[{"taxonomy":"category","embeddable":true,"href":"https:\/\/valenciasjb.salesianos.edu\/colegio\/wp-json\/wp\/v2\/categories?post=12909"},{"taxonomy":"post_tag","embeddable":true,"href":"https:\/\/valenciasjb.salesianos.edu\/colegio\/wp-json\/wp\/v2\/tags?post=12909"}],"curies":[{"name":"wp","href":"https:\/\/api.w.org\/{rel}","templated":true}]}}