{"id":13389,"date":"2019-09-16T10:23:58","date_gmt":"2019-09-16T09:23:58","guid":{"rendered":"https:\/\/valenciasjb.salesianos.edu\/colegio\/?p=13389"},"modified":"2020-05-05T10:41:37","modified_gmt":"2020-05-05T09:41:37","slug":"campuscientificos","status":"publish","type":"post","link":"https:\/\/valenciasjb.salesianos.edu\/colegio\/campuscientificos\/","title":{"rendered":"Dos alumnas de 1\u00ba de Bachillerato disfrutaron de los Campus Cient\u00edficos de Verano 2019 del Ministerio"},"content":{"rendered":"<div id=\"fb-root\"><\/div>\n<p>[et_pb_section fb_built=\u00bb1&#8243; admin_label=\u00bbsection\u00bb _builder_version=\u00bb3.22&#8243;][et_pb_row admin_label=\u00bbrow\u00bb _builder_version=\u00bb3.25&#8243; background_size=\u00bbinitial\u00bb background_position=\u00bbtop_left\u00bb background_repeat=\u00bbrepeat\u00bb][et_pb_column type=\u00bb4_4&#8243; _builder_version=\u00bb3.25&#8243; custom_padding=\u00bb|||\u00bb custom_padding__hover=\u00bb|||\u00bb][et_pb_text admin_label=\u00bbEntradilla (Texto)\u00bb _builder_version=\u00bb4.4.2&#8243; text_font=\u00bb|on|||\u00bb text_orientation=\u00bbjustified\u00bb module_alignment=\u00bbjustified\u00bb]<\/p>\n<div id=\"resumen\"><strong>Nuestras alumnas Elsa Garc\u00eda y Pilar Cubillos, 1\u00ba de Bachillerato, recibieron las becas del Ministerio para su formaci\u00f3n en los Campus Cient\u00edficos de Verano 2019. Ellas mismas nos cuentan su experiencia.<br \/><\/strong><\/div>\n<div>\u00a0<\/div>\n<p>[\/et_pb_text][et_pb_text admin_label=\u00bbAutor (Texto)\u00bb _builder_version=\u00bb4.4.2&#8243; text_font=\u00bb||on||\u00bb]<\/p>\n<p>Redacci\u00f3n.<\/p>\n<p>[\/et_pb_text][et_pb_text admin_label=\u00bbDesarrollo (Texto)\u00bb _builder_version=\u00bb4.4.2&#8243; text_orientation=\u00bbjustified\u00bb module_alignment=\u00bbjustified\u00bb]<\/p>\n<p>Testimonio de Pilar Cubillos:<\/p>\n<div>Yo fui primero al campus de profundizaci\u00f3n cient\u00edfica en Soria, y luego a Le\u00f3n.\u00a0 La experiencia fue incre\u00edble, porque pude conocer a mucha gente, con la que todav\u00eda a d\u00eda de hoy sigo teniendo relaci\u00f3n.\u00a0<\/div>\n<div>\u00a0<\/div>\n<div>La primera beca tuvo lugar en Soria y giraba en torno a las ciencias (matem\u00e1ticas, biolog\u00eda, f\u00edsica, qu\u00edmica y geolog\u00eda). A trav\u00e9s de diferentes actividades, nos iban ense\u00f1ando cosas nuevas y diferentes. A parte de hacer muchas actividades con una finalidad did\u00e1ctica, tambi\u00e9n tuvimos la oportunidad de hacer otras relacionadas con el ocio que, sin duda, fue lo mejor. Por ejemplo, visitar diferentes partes de la ciudad, o el descenso en canoa.\u00a0<\/div>\n<div>La segunda parte de la experiencia fue en Le\u00f3n. En esta ocasi\u00f3n, la beca era un poco diferente, aunque sin dejar de ser una gran experiencia. Yo fui a este campus porque hab\u00eda escogido el proyecto \u00abDescubre los secretos del c\u00e1ncer\u00bb. A lo largo de toda la semana, \u00edbamos a la universidad, para poder investigar y sacar nuestras propias conclusiones de los proyectos. Adem\u00e1s de aprender mucho sobre el c\u00e1ncer, tuve la oportunidad de saber c\u00f3mo era el trabajo en la universidad, dentro de un laboratorio, y lo que conlleva un trabajo de investigaci\u00f3n.\u00a0<\/div>\n<div>\u00a0<\/div>\n<div>Pero sin duda, lo que m\u00e1s me gust\u00f3 de ambas experiencias, no es el hecho de poder aprender mucho, que tambi\u00e9n hay que valorar la oportunidad, sino haber\u00a0podido conocer a tanta gente incre\u00edble.<\/div>\n<div>\u00a0<\/div>\n<div>Testimonio de Elsa Garc\u00eda:<\/div>\n<div>\n<p id=\"m_2987496151067770352gmail-docs-internal-guid-48b33b5a-7fff-def0-1f2c-06db07251b10\" dir=\"ltr\">CAMPUS DE PROFUNDIZACI\u00d3N CIENT\u00cdFICA EN SORIA (2019)<\/p>\n<p dir=\"ltr\">Todo empez\u00f3 un d\u00eda en el que me levant\u00e9, cerr\u00e9 la maleta y me encamin\u00e9 junto a Pilar a tierras sorianas, sin muchas expectativas de diversi\u00f3n. Pero lo que no sab\u00eda es que me esperaba una experiencia alucinante. Recuerdo que llegamos de las primeras a la residencia y nos repartieron las habitaciones, y empezamos a conocer a los monitores y las 5 chicas que ya estaban all\u00ed, paseamos por toda la residencia, deshicimos las maletas, y cada vez que entraba alguien por la puerta nos dirig\u00edamos all\u00ed para su bienvenida. Aquello era alucinante, \u00e9ramos 40 de los mejores alumnos y futuros grandes cient\u00edficos de Espa\u00f1a, all\u00ed reunidos, en Soria. Desde canarios, gallegos, oscenses, gaditanos, sevillanos\u2026 all\u00ed hab\u00eda de todo, y todos aprend\u00edamos de todos; recuerdo que me encantaba ense\u00f1arles valenciano porque era muy gracioso.\u00a0<\/p>\n<p dir=\"ltr\">Bueno, los d\u00edas avanzaban inmersos en pr\u00e1cticas de laboratorio, sesiones de inform\u00e1tica, sesiones te\u00f3ricas\u2026 aquello era un sue\u00f1o. Hice numerosas reacciones qu\u00edmicas, entre ellas un cohete con una chuche. Calcul\u00e9 el grosor de un pelo con un l\u00e1ser, la velocidad de la luz con queso y un microondas, el tama\u00f1o perfecto de las latas, o la acidez y el PH de algunos vegetales, constru\u00ed un invernadero de madera, imprim\u00ed un llavero 3D, fui a Numancia a investigar piedras, vimos la fauna y la flora de la Laguna Negra o el Ca\u00f1\u00f3n del R\u00edo Lobos\u2026 Aquello fue alucinante, desde los despertares con aquella canci\u00f3n de \u201cVoy camino Soria\u2026\u201d, las clases en el instituto, los paseos por aquella acogedora Soria, los viajes en bus o aquellas m\u00edticas excursiones. Una de las cosas que m\u00e1s me gust\u00f3 fue poder observar los planetas y estrellas desde un observatorio\u00a0 y asistir a una charla de astrof\u00edsica en Borobia, estuvimos desde las seis de la tarde hasta las tres de la ma\u00f1ana hablando del Universo, incluso en el bus de vuelta cuando casi eran las 4 de la ma\u00f1ana y estaban todos medio dormidos, yo y otros 3 frikis del Universo nos quedamos conspirando sobre la vida all\u00e1 fuera. Pero una de las mejores cosas que me llev\u00e9, aparte de la idea de que la ciencia ya era parte de mi vida, fueron las amistades; cog\u00ed tanto cari\u00f1o a tanta gente que la despedida fue un mar de l\u00e1grimas, lo bonito es que aun hoy seguimos hablando y pregunt\u00e1ndonos por todo. Y eso es alucinante, porque s\u00e9 que cuando necesite hablar de por qu\u00e9 Plut\u00f3n no es un planeta, o el final del Universo, tendr\u00e9 a esos cient\u00edficos que, como yo, nos comenzamos a formar para descubrir el formidable mundo de la ciencia.<\/p>\n<p dir=\"ltr\">CAMPUS CIENT\u00cdFICOS CCV (BADAJOZ) 2019<\/p>\n<p dir=\"ltr\">As\u00ed fue que dos semanas m\u00e1s tarde de aquella alucinante aventura en Soria, me dirig\u00eda a Badajoz, me cruzaba media Espa\u00f1a, para asistir al campus cient\u00edfico de verano, concretamente al proyecto de \u201cCiencias Forenses en Criminolog\u00eda\u201d. Llegu\u00e9 de las \u00faltimas y me toc\u00f3 la \u00faltima habitaci\u00f3n de aquella residencia universitaria, la verdad es que andaba un poco perdida, pero donde vi el mogoll\u00f3n de casi 30 personas ri\u00e9ndose sin cesar, me dirig\u00ed, me present\u00e9 y me un\u00ed a sus carcajadas.\u00a0<\/p>\n<p dir=\"ltr\">Eleg\u00ed este proyecto puesto que me gustar\u00eda estudiar Medicina y era de los que m\u00e1s se asemejaba a ello, y el que se hac\u00eda en la Universidad de Medicina de Badajoz. All\u00ed aprend\u00ed much\u00edsimo, las partes del cuerpo v\u00e9rtebra por v\u00e9rtebra, trabaj\u00e9 con un cad\u00e1ver tal y como hacen en las pr\u00e1cticas en la universidad, vi c\u00f3mo funciona todo eso de la gen\u00e9tica en relaci\u00f3n con\u00a0 la criminolog\u00eda. Y a parte de ello, asist\u00ed a un juicio en directo y a la polic\u00eda cient\u00edfica de Badajoz, donde nos ense\u00f1aron todo el proceso de captaci\u00f3n y rastreo del acusado. Tambi\u00e9n nos llevaron al calabozo y aquello s\u00ed que dio un poco m\u00e1s de miedo.\u00a0<\/p>\n<p dir=\"ltr\">Cierto es que yo pertenec\u00eda a este proyecto pero, de los 30 reunidos all\u00ed, hab\u00eda tambi\u00e9n del proyecto de matem\u00e1ticas, de agroalimentaci\u00f3n, o del agua y la qu\u00edmica. Y aquello era muy enriquecedor, pues unos ense\u00f1\u00e1bamos a los otros, aquello que hab\u00edamos aprendido.\u00a0<\/p>\n<p dir=\"ltr\">Tener contacto con profesores universitarios, con gente de todos lados, con apasionados por la ciencia como yo, fue una gran experiencia. Pero lo mejor es que de aquellos 30, 7 \u00e9ramos de la Comunitat Valenciana y a d\u00eda de hoy seguimos quedando y hablando de nuestro futuro como ansiosos cient\u00edficos.\u00a0\u00a0<\/p>\n<\/div>\n<p>[\/et_pb_text][et_pb_text disabled_on=\u00bboff|on|on\u00bb admin_label=\u00bbT\u00edtulo: Galer\u00eda de fotos (Texto)\u00bb _builder_version=\u00bb3.27.4&#8243; text_font=\u00bb|on|||\u00bb text_text_color=\u00bb#dc001b\u00bb border_style=\u00bbsolid\u00bb]Galer\u00eda de im\u00e1genes[\/et_pb_text][et_pb_gallery gallery_ids=\u00bb13397,13398,13396,13395,13394,13393,13399&#8243; posts_number=\u00bb8&#8243; show_title_and_caption=\u00bboff\u00bb zoom_icon_color=\u00bb#dc001b\u00bb hover_icon=\u00bb%%51%%\u00bb disabled_on=\u00bboff|off|off\u00bb _builder_version=\u00bb4.4.2&#8243; pagination_font_size_tablet=\u00bb51&#8243; pagination_line_height_tablet=\u00bb2&#8243;][\/et_pb_gallery][et_pb_video disabled_on=\u00bbon|on|on\u00bb _builder_version=\u00bb3.0.51&#8243; disabled=\u00bbon\u00bb][\/et_pb_video][\/et_pb_column][\/et_pb_row][\/et_pb_section]<\/p>\n<!-- AddThis Advanced Settings generic via filter on the_content --><!-- AddThis Share Buttons generic via filter on the_content -->","protected":false},"excerpt":{"rendered":"<p>Nuestras alumnas Elsa Garc\u00eda y Pilar Cubillos, 1\u00ba de Bachillerato, recibieron las becas del Ministerio para su formaci\u00f3n en los Campus Cient\u00edficos de Verano 2019. Ellas mismas nos cuentan su experiencia. \u00a0Redacci\u00f3n.Testimonio de Pilar Cubillos: Yo fui primero al campus de profundizaci\u00f3n cient\u00edfica en Soria, y luego a Le\u00f3n.\u00a0 La experiencia fue incre\u00edble, porque pude [&hellip;]<\/p>\n<p><!-- AddThis Advanced Settings generic via filter on get_the_excerpt --><!-- AddThis Share Buttons generic via filter on get_the_excerpt --><\/p>\n","protected":false},"author":6,"featured_media":13399,"comment_status":"closed","ping_status":"open","sticky":false,"template":"","format":"standard","meta":{"_et_pb_use_builder":"on","_et_pb_old_content":"","_et_gb_content_width":"","footnotes":""},"categories":[14],"tags":[],"class_list":["post-13389","post","type-post","status-publish","format-standard","has-post-thumbnail","hentry","category-noticia_colegio"],"yoast_head":"<!-- This site is optimized with the Yoast SEO plugin v28.4 - https:\/\/yoast.com\/product\/yoast-seo-wordpress\/ -->\n<title>Dos alumnas de 1\u00ba de Bachillerato disfrutaron de los Campus Cient\u00edficos de Verano 2019 del Ministerio - Colegio San Juan Bosco Valencia<\/title>\n<meta name=\"robots\" content=\"index, follow, max-snippet:-1, max-image-preview:large, max-video-preview:-1\" \/>\n<link rel=\"canonical\" href=\"https:\/\/valenciasjb.salesianos.edu\/colegio\/campuscientificos\/\" \/>\n<meta property=\"og:locale\" content=\"es_ES\" \/>\n<meta property=\"og:type\" content=\"article\" \/>\n<meta property=\"og:title\" content=\"Dos alumnas de 1\u00ba de Bachillerato disfrutaron de los Campus Cient\u00edficos de Verano 2019 del Ministerio - Colegio San Juan Bosco Valencia\" \/>\n<meta property=\"og:description\" content=\"Nuestras alumnas Elsa Garc\u00eda y Pilar Cubillos, 1\u00ba de Bachillerato, recibieron las becas del Ministerio para su formaci\u00f3n en los Campus Cient\u00edficos de Verano 2019. Ellas mismas nos cuentan su experiencia. \u00a0Redacci\u00f3n.Testimonio de Pilar Cubillos: Yo fui primero al campus de profundizaci\u00f3n cient\u00edfica en Soria, y luego a Le\u00f3n.\u00a0 La experiencia fue incre\u00edble, porque pude [&hellip;]\" \/>\n<meta property=\"og:url\" content=\"https:\/\/valenciasjb.salesianos.edu\/colegio\/campuscientificos\/\" \/>\n<meta property=\"og:site_name\" content=\"Colegio San Juan Bosco Valencia\" \/>\n<meta property=\"article:publisher\" content=\"https:\/\/www.facebook.com\/ColegioSalesianoSanJuanBoscoValencia\" \/>\n<meta property=\"article:published_time\" content=\"2019-09-16T09:23:58+00:00\" \/>\n<meta property=\"article:modified_time\" content=\"2020-05-05T09:41:37+00:00\" \/>\n<meta property=\"og:image\" content=\"https:\/\/valenciasjb.salesianos.edu\/colegio\/wp-content\/uploads\/sites\/2\/2020\/05\/P1030985.jpg\" \/>\n\t<meta property=\"og:image:width\" content=\"2304\" \/>\n\t<meta property=\"og:image:height\" content=\"1728\" \/>\n\t<meta property=\"og:image:type\" content=\"image\/jpeg\" \/>\n<meta name=\"author\" content=\"veronicapastor\" \/>\n<meta name=\"twitter:card\" content=\"summary_large_image\" \/>\n<meta name=\"twitter:creator\" content=\"@SalesianosVSJB\" \/>\n<meta name=\"twitter:site\" content=\"@SalesianosVSJB\" \/>\n<meta name=\"twitter:label1\" content=\"Escrito por\" \/>\n\t<meta name=\"twitter:data1\" content=\"veronicapastor\" \/>\n\t<meta name=\"twitter:label2\" content=\"Tiempo de lectura\" \/>\n\t<meta name=\"twitter:data2\" content=\"6 minutos\" \/>\n<script type=\"application\/ld+json\" class=\"yoast-schema-graph\">{\"@context\":\"https:\\\/\\\/schema.org\",\"@graph\":[{\"@type\":\"Article\",\"@id\":\"https:\\\/\\\/valenciasjb.salesianos.edu\\\/colegio\\\/campuscientificos\\\/#article\",\"isPartOf\":{\"@id\":\"https:\\\/\\\/valenciasjb.salesianos.edu\\\/colegio\\\/campuscientificos\\\/\"},\"author\":{\"name\":\"veronicapastor\",\"@id\":\"https:\\\/\\\/valenciasjb.salesianos.edu\\\/colegio\\\/#\\\/schema\\\/person\\\/1f45b67e52b27da175190a574db6bed9\"},\"headline\":\"Dos alumnas de 1\u00ba de Bachillerato disfrutaron de los Campus Cient\u00edficos de Verano 2019 del Ministerio\",\"datePublished\":\"2019-09-16T09:23:58+00:00\",\"dateModified\":\"2020-05-05T09:41:37+00:00\",\"mainEntityOfPage\":{\"@id\":\"https:\\\/\\\/valenciasjb.salesianos.edu\\\/colegio\\\/campuscientificos\\\/\"},\"wordCount\":1300,\"image\":{\"@id\":\"https:\\\/\\\/valenciasjb.salesianos.edu\\\/colegio\\\/campuscientificos\\\/#primaryimage\"},\"thumbnailUrl\":\"https:\\\/\\\/valenciasjb.salesianos.edu\\\/colegio\\\/wp-content\\\/uploads\\\/sites\\\/2\\\/2020\\\/05\\\/P1030985.jpg\",\"articleSection\":[\"Noticia Colegio\"],\"inLanguage\":\"es\"},{\"@type\":\"WebPage\",\"@id\":\"https:\\\/\\\/valenciasjb.salesianos.edu\\\/colegio\\\/campuscientificos\\\/\",\"url\":\"https:\\\/\\\/valenciasjb.salesianos.edu\\\/colegio\\\/campuscientificos\\\/\",\"name\":\"Dos alumnas de 1\u00ba de Bachillerato disfrutaron de los Campus Cient\u00edficos de Verano 2019 del Ministerio - Colegio San Juan Bosco Valencia\",\"isPartOf\":{\"@id\":\"https:\\\/\\\/valenciasjb.salesianos.edu\\\/colegio\\\/#website\"},\"primaryImageOfPage\":{\"@id\":\"https:\\\/\\\/valenciasjb.salesianos.edu\\\/colegio\\\/campuscientificos\\\/#primaryimage\"},\"image\":{\"@id\":\"https:\\\/\\\/valenciasjb.salesianos.edu\\\/colegio\\\/campuscientificos\\\/#primaryimage\"},\"thumbnailUrl\":\"https:\\\/\\\/valenciasjb.salesianos.edu\\\/colegio\\\/wp-content\\\/uploads\\\/sites\\\/2\\\/2020\\\/05\\\/P1030985.jpg\",\"datePublished\":\"2019-09-16T09:23:58+00:00\",\"dateModified\":\"2020-05-05T09:41:37+00:00\",\"author\":{\"@id\":\"https:\\\/\\\/valenciasjb.salesianos.edu\\\/colegio\\\/#\\\/schema\\\/person\\\/1f45b67e52b27da175190a574db6bed9\"},\"breadcrumb\":{\"@id\":\"https:\\\/\\\/valenciasjb.salesianos.edu\\\/colegio\\\/campuscientificos\\\/#breadcrumb\"},\"inLanguage\":\"es\",\"potentialAction\":[{\"@type\":\"ReadAction\",\"target\":[\"https:\\\/\\\/valenciasjb.salesianos.edu\\\/colegio\\\/campuscientificos\\\/\"]}]},{\"@type\":\"ImageObject\",\"inLanguage\":\"es\",\"@id\":\"https:\\\/\\\/valenciasjb.salesianos.edu\\\/colegio\\\/campuscientificos\\\/#primaryimage\",\"url\":\"https:\\\/\\\/valenciasjb.salesianos.edu\\\/colegio\\\/wp-content\\\/uploads\\\/sites\\\/2\\\/2020\\\/05\\\/P1030985.jpg\",\"contentUrl\":\"https:\\\/\\\/valenciasjb.salesianos.edu\\\/colegio\\\/wp-content\\\/uploads\\\/sites\\\/2\\\/2020\\\/05\\\/P1030985.jpg\",\"width\":2304,\"height\":1728},{\"@type\":\"BreadcrumbList\",\"@id\":\"https:\\\/\\\/valenciasjb.salesianos.edu\\\/colegio\\\/campuscientificos\\\/#breadcrumb\",\"itemListElement\":[{\"@type\":\"ListItem\",\"position\":1,\"name\":\"Portada\",\"item\":\"https:\\\/\\\/valenciasjb.salesianos.edu\\\/colegio\\\/\"},{\"@type\":\"ListItem\",\"position\":2,\"name\":\"Dos alumnas de 1\u00ba de Bachillerato disfrutaron de los Campus Cient\u00edficos de Verano 2019 del Ministerio\"}]},{\"@type\":\"WebSite\",\"@id\":\"https:\\\/\\\/valenciasjb.salesianos.edu\\\/colegio\\\/#website\",\"url\":\"https:\\\/\\\/valenciasjb.salesianos.edu\\\/colegio\\\/\",\"name\":\"Colegio San Juan Bosco Valencia\",\"description\":\"P\u00e1gina oficial del Colegio Salesianos San Juan Bosco Valencia\",\"alternateName\":\"Salesianos.VSJB\",\"potentialAction\":[{\"@type\":\"SearchAction\",\"target\":{\"@type\":\"EntryPoint\",\"urlTemplate\":\"https:\\\/\\\/valenciasjb.salesianos.edu\\\/colegio\\\/?s={search_term_string}\"},\"query-input\":{\"@type\":\"PropertyValueSpecification\",\"valueRequired\":true,\"valueName\":\"search_term_string\"}}],\"inLanguage\":\"es\"},{\"@type\":\"Person\",\"@id\":\"https:\\\/\\\/valenciasjb.salesianos.edu\\\/colegio\\\/#\\\/schema\\\/person\\\/1f45b67e52b27da175190a574db6bed9\",\"name\":\"veronicapastor\",\"image\":{\"@type\":\"ImageObject\",\"inLanguage\":\"es\",\"@id\":\"https:\\\/\\\/secure.gravatar.com\\\/avatar\\\/e29bd40bace3fd935e1d6fdb7313ffc14628cc037c5e16f4c7369b20a2a6f7f0?s=96&d=mm&r=g\",\"url\":\"https:\\\/\\\/secure.gravatar.com\\\/avatar\\\/e29bd40bace3fd935e1d6fdb7313ffc14628cc037c5e16f4c7369b20a2a6f7f0?s=96&d=mm&r=g\",\"contentUrl\":\"https:\\\/\\\/secure.gravatar.com\\\/avatar\\\/e29bd40bace3fd935e1d6fdb7313ffc14628cc037c5e16f4c7369b20a2a6f7f0?s=96&d=mm&r=g\",\"caption\":\"veronicapastor\"}}]}<\/script>\n<!-- \/ Yoast SEO plugin. -->","yoast_head_json":{"title":"Dos alumnas de 1\u00ba de Bachillerato disfrutaron de los Campus Cient\u00edficos de Verano 2019 del Ministerio - Colegio San Juan Bosco Valencia","robots":{"index":"index","follow":"follow","max-snippet":"max-snippet:-1","max-image-preview":"max-image-preview:large","max-video-preview":"max-video-preview:-1"},"canonical":"https:\/\/valenciasjb.salesianos.edu\/colegio\/campuscientificos\/","og_locale":"es_ES","og_type":"article","og_title":"Dos alumnas de 1\u00ba de Bachillerato disfrutaron de los Campus Cient\u00edficos de Verano 2019 del Ministerio - Colegio San Juan Bosco Valencia","og_description":"Nuestras alumnas Elsa Garc\u00eda y Pilar Cubillos, 1\u00ba de Bachillerato, recibieron las becas del Ministerio para su formaci\u00f3n en los Campus Cient\u00edficos de Verano 2019. Ellas mismas nos cuentan su experiencia. \u00a0Redacci\u00f3n.Testimonio de Pilar Cubillos: Yo fui primero al campus de profundizaci\u00f3n cient\u00edfica en Soria, y luego a Le\u00f3n.\u00a0 La experiencia fue incre\u00edble, porque pude [&hellip;]","og_url":"https:\/\/valenciasjb.salesianos.edu\/colegio\/campuscientificos\/","og_site_name":"Colegio San Juan Bosco Valencia","article_publisher":"https:\/\/www.facebook.com\/ColegioSalesianoSanJuanBoscoValencia","article_published_time":"2019-09-16T09:23:58+00:00","article_modified_time":"2020-05-05T09:41:37+00:00","og_image":[{"width":2304,"height":1728,"url":"https:\/\/valenciasjb.salesianos.edu\/colegio\/wp-content\/uploads\/sites\/2\/2020\/05\/P1030985.jpg","type":"image\/jpeg"}],"author":"veronicapastor","twitter_card":"summary_large_image","twitter_creator":"@SalesianosVSJB","twitter_site":"@SalesianosVSJB","twitter_misc":{"Escrito por":"veronicapastor","Tiempo de lectura":"6 minutos"},"schema":{"@context":"https:\/\/schema.org","@graph":[{"@type":"Article","@id":"https:\/\/valenciasjb.salesianos.edu\/colegio\/campuscientificos\/#article","isPartOf":{"@id":"https:\/\/valenciasjb.salesianos.edu\/colegio\/campuscientificos\/"},"author":{"name":"veronicapastor","@id":"https:\/\/valenciasjb.salesianos.edu\/colegio\/#\/schema\/person\/1f45b67e52b27da175190a574db6bed9"},"headline":"Dos alumnas de 1\u00ba de Bachillerato disfrutaron de los Campus Cient\u00edficos de Verano 2019 del Ministerio","datePublished":"2019-09-16T09:23:58+00:00","dateModified":"2020-05-05T09:41:37+00:00","mainEntityOfPage":{"@id":"https:\/\/valenciasjb.salesianos.edu\/colegio\/campuscientificos\/"},"wordCount":1300,"image":{"@id":"https:\/\/valenciasjb.salesianos.edu\/colegio\/campuscientificos\/#primaryimage"},"thumbnailUrl":"https:\/\/valenciasjb.salesianos.edu\/colegio\/wp-content\/uploads\/sites\/2\/2020\/05\/P1030985.jpg","articleSection":["Noticia Colegio"],"inLanguage":"es"},{"@type":"WebPage","@id":"https:\/\/valenciasjb.salesianos.edu\/colegio\/campuscientificos\/","url":"https:\/\/valenciasjb.salesianos.edu\/colegio\/campuscientificos\/","name":"Dos alumnas de 1\u00ba de Bachillerato disfrutaron de los Campus Cient\u00edficos de Verano 2019 del Ministerio - Colegio San Juan Bosco Valencia","isPartOf":{"@id":"https:\/\/valenciasjb.salesianos.edu\/colegio\/#website"},"primaryImageOfPage":{"@id":"https:\/\/valenciasjb.salesianos.edu\/colegio\/campuscientificos\/#primaryimage"},"image":{"@id":"https:\/\/valenciasjb.salesianos.edu\/colegio\/campuscientificos\/#primaryimage"},"thumbnailUrl":"https:\/\/valenciasjb.salesianos.edu\/colegio\/wp-content\/uploads\/sites\/2\/2020\/05\/P1030985.jpg","datePublished":"2019-09-16T09:23:58+00:00","dateModified":"2020-05-05T09:41:37+00:00","author":{"@id":"https:\/\/valenciasjb.salesianos.edu\/colegio\/#\/schema\/person\/1f45b67e52b27da175190a574db6bed9"},"breadcrumb":{"@id":"https:\/\/valenciasjb.salesianos.edu\/colegio\/campuscientificos\/#breadcrumb"},"inLanguage":"es","potentialAction":[{"@type":"ReadAction","target":["https:\/\/valenciasjb.salesianos.edu\/colegio\/campuscientificos\/"]}]},{"@type":"ImageObject","inLanguage":"es","@id":"https:\/\/valenciasjb.salesianos.edu\/colegio\/campuscientificos\/#primaryimage","url":"https:\/\/valenciasjb.salesianos.edu\/colegio\/wp-content\/uploads\/sites\/2\/2020\/05\/P1030985.jpg","contentUrl":"https:\/\/valenciasjb.salesianos.edu\/colegio\/wp-content\/uploads\/sites\/2\/2020\/05\/P1030985.jpg","width":2304,"height":1728},{"@type":"BreadcrumbList","@id":"https:\/\/valenciasjb.salesianos.edu\/colegio\/campuscientificos\/#breadcrumb","itemListElement":[{"@type":"ListItem","position":1,"name":"Portada","item":"https:\/\/valenciasjb.salesianos.edu\/colegio\/"},{"@type":"ListItem","position":2,"name":"Dos alumnas de 1\u00ba de Bachillerato disfrutaron de los Campus Cient\u00edficos de Verano 2019 del Ministerio"}]},{"@type":"WebSite","@id":"https:\/\/valenciasjb.salesianos.edu\/colegio\/#website","url":"https:\/\/valenciasjb.salesianos.edu\/colegio\/","name":"Colegio San Juan Bosco Valencia","description":"P\u00e1gina oficial del Colegio Salesianos San Juan Bosco Valencia","alternateName":"Salesianos.VSJB","potentialAction":[{"@type":"SearchAction","target":{"@type":"EntryPoint","urlTemplate":"https:\/\/valenciasjb.salesianos.edu\/colegio\/?s={search_term_string}"},"query-input":{"@type":"PropertyValueSpecification","valueRequired":true,"valueName":"search_term_string"}}],"inLanguage":"es"},{"@type":"Person","@id":"https:\/\/valenciasjb.salesianos.edu\/colegio\/#\/schema\/person\/1f45b67e52b27da175190a574db6bed9","name":"veronicapastor","image":{"@type":"ImageObject","inLanguage":"es","@id":"https:\/\/secure.gravatar.com\/avatar\/e29bd40bace3fd935e1d6fdb7313ffc14628cc037c5e16f4c7369b20a2a6f7f0?s=96&d=mm&r=g","url":"https:\/\/secure.gravatar.com\/avatar\/e29bd40bace3fd935e1d6fdb7313ffc14628cc037c5e16f4c7369b20a2a6f7f0?s=96&d=mm&r=g","contentUrl":"https:\/\/secure.gravatar.com\/avatar\/e29bd40bace3fd935e1d6fdb7313ffc14628cc037c5e16f4c7369b20a2a6f7f0?s=96&d=mm&r=g","caption":"veronicapastor"}}]}},"_links":{"self":[{"href":"https:\/\/valenciasjb.salesianos.edu\/colegio\/wp-json\/wp\/v2\/posts\/13389","targetHints":{"allow":["GET"]}}],"collection":[{"href":"https:\/\/valenciasjb.salesianos.edu\/colegio\/wp-json\/wp\/v2\/posts"}],"about":[{"href":"https:\/\/valenciasjb.salesianos.edu\/colegio\/wp-json\/wp\/v2\/types\/post"}],"author":[{"embeddable":true,"href":"https:\/\/valenciasjb.salesianos.edu\/colegio\/wp-json\/wp\/v2\/users\/6"}],"replies":[{"embeddable":true,"href":"https:\/\/valenciasjb.salesianos.edu\/colegio\/wp-json\/wp\/v2\/comments?post=13389"}],"version-history":[{"count":4,"href":"https:\/\/valenciasjb.salesianos.edu\/colegio\/wp-json\/wp\/v2\/posts\/13389\/revisions"}],"predecessor-version":[{"id":13403,"href":"https:\/\/valenciasjb.salesianos.edu\/colegio\/wp-json\/wp\/v2\/posts\/13389\/revisions\/13403"}],"wp:featuredmedia":[{"embeddable":true,"href":"https:\/\/valenciasjb.salesianos.edu\/colegio\/wp-json\/wp\/v2\/media\/13399"}],"wp:attachment":[{"href":"https:\/\/valenciasjb.salesianos.edu\/colegio\/wp-json\/wp\/v2\/media?parent=13389"}],"wp:term":[{"taxonomy":"category","embeddable":true,"href":"https:\/\/valenciasjb.salesianos.edu\/colegio\/wp-json\/wp\/v2\/categories?post=13389"},{"taxonomy":"post_tag","embeddable":true,"href":"https:\/\/valenciasjb.salesianos.edu\/colegio\/wp-json\/wp\/v2\/tags?post=13389"}],"curies":[{"name":"wp","href":"https:\/\/api.w.org\/{rel}","templated":true}]}}