{"id":13570,"date":"2020-05-14T08:30:54","date_gmt":"2020-05-14T07:30:54","guid":{"rendered":"https:\/\/valenciasjb.salesianos.edu\/colegio\/?p=13570"},"modified":"2020-05-14T08:39:30","modified_gmt":"2020-05-14T07:39:30","slug":"confitados-en-casa-un-proyecto-para-estar-confinados-pero-contentos","status":"publish","type":"post","link":"https:\/\/valenciasjb.salesianos.edu\/colegio\/confitados-en-casa-un-proyecto-para-estar-confinados-pero-contentos\/","title":{"rendered":"\u201cCONFITADOS EN CASA\u201d, un proyecto para estar confinados pero contentos"},"content":{"rendered":"<div id=\"fb-root\"><\/div>\n<p>[et_pb_section fb_built=\u00bb1&#8243; admin_label=\u00bbsection\u00bb _builder_version=\u00bb3.22&#8243;][et_pb_row admin_label=\u00bbrow\u00bb _builder_version=\u00bb3.25&#8243; background_size=\u00bbinitial\u00bb background_position=\u00bbtop_left\u00bb background_repeat=\u00bbrepeat\u00bb][et_pb_column type=\u00bb4_4&#8243; _builder_version=\u00bb3.25&#8243; custom_padding=\u00bb|||\u00bb custom_padding__hover=\u00bb|||\u00bb][et_pb_text admin_label=\u00bbEntradilla (Texto)\u00bb _builder_version=\u00bb4.4.2&#8243; text_font=\u00bb|on|||\u00bb text_orientation=\u00bbjustified\u00bb module_alignment=\u00bbjustified\u00bb]<\/p>\n<div id=\"resumen\">\n<h6><strong>S\u00ed, estamos confinados en casa y esto ha sido un cambio brusco en nuestra forma de vivir. Algunos les ha costado (y a\u00fan puede que cueste) adaptarse a la situaci\u00f3n. As\u00ed que mejor endulzar, <\/strong><strong>confitar<\/strong><strong> esta situaci\u00f3n y sacar lo positivo que tiene todo esto, que no es poco. La propuesta de trabajo que se ha planteado desde la asignatura de Artes Esc\u00e9nicas y Danza, en 4\u00ba de ESO del Colegio Salesiano San Juan Bosco de Valencia, trata de esto, de <\/strong><strong>endulzar poniendo el coraz\u00f3n a esta situaci\u00f3n<\/strong><strong>.<\/strong><\/h6>\n<\/div>\n<div>\u00a0<\/div>\n<p>[\/et_pb_text][et_pb_text admin_label=\u00bbAutor (Texto)\u00bb _builder_version=\u00bb4.4.2&#8243; text_font=\u00bb||on||\u00bb]<\/p>\n<p>Iv\u00e1n Esteban.<\/p>\n<p>[\/et_pb_text][et_pb_text admin_label=\u00bbDesarrollo (Texto)\u00bb _builder_version=\u00bb4.4.2&#8243; text_orientation=\u00bbjustified\u00bb module_alignment=\u00bbjustified\u00bb]<\/p>\n<p>\u200b\u00bfQu\u00e9 ha ocurrido estos d\u00edas de confinamiento? Ha surgido una necesidad de comunicar al mundo, mucho mayor que otras veces. Ante la imposibilidad de salir a la calle, la \u00fanica v\u00eda de comunicaci\u00f3n han sido las redes sociales y, haciendo frente a la inseguridad y angustia que viv\u00edamos, much\u00edsimas personas han hecho cosas realmente creativas que se han compartido por todo el mundo para transmitir mensajes esperanzadores y de reflexi\u00f3n profunda.<\/p>\n<p>En las redes sociales estamos viendo videos interesant\u00edsimos con cosas realmente creativas, divertidas, intensas, con un mensaje potente, cosas que nos ponen la piel de gallina, otras que nos hacen reflexionar y otras con las que te nos partimos de risa.<\/p>\n<p>\u00bfY qu\u00e9 se le ha ocurrido a nuestro alumnado? Grabar propuestas creativas relacionadas con todo lo que est\u00e1 pasando. Sobre el COVID-19, el confinamiento, el arco iris, los aplausos de las 20:00, las actividades gratuitas que se comparten por Internet&#8230; Hay tantas cosas\u2026<\/p>\n<p>Sus propuestas van destinadas a diferentes grupos de edades: cuenta cuentos, t\u00edteres, taller de manualidad por pasos, canci\u00f3n en directo con letra adaptada, carta a la humanidad, algo relacionado con el momento de los balcones a las 20:00, campa\u00f1a de sensibilizizaci\u00f3n, etc. De esta manera, algunas de las propuestas tambi\u00e9n se est\u00e1n utilizando con los m\u00e1s peque\u00f1os del colegio, con lo que esta iniciativa se convierte tambi\u00e9n en una actividad de aprendizaje-servicio que nos une como comunidad educativa.<\/p>\n<p>Algunos ejemplos:<\/p>\n<p>Interpretaci\u00f3n de canci\u00f3n, por Alba Esteban: <a href=\"https:\/\/www.youtube.com\/watch?v=RTzUg2jeIeY&amp;list=PLB0803qjYixtO8tolEP-a82tZD5oIL5K3\">https:\/\/www.youtube.com\/watch?v=RTzUg2jeIeY&amp;list=PLB0803qjYixtO8tolEP-a82tZD5oIL5K3<\/a><\/p>\n<p>Carta a la humanidad, por Sof\u00eda Alfonso: <a href=\"https:\/\/www.youtube.com\/watch?v=nUyi5T56sqs&amp;list=PLB0803qjYixtO8tolEP-a82tZD5oIL5K3&amp;index=3\">https:\/\/www.youtube.com\/watch?v=nUyi5T56sqs&amp;list=PLB0803qjYixtO8tolEP-a82tZD5oIL5K3&amp;index=3<\/a><\/p>\n<p>Manualidad arco\u00edris, por Mar\u00eda Sanf\u00e9lix: <a href=\"https:\/\/www.youtube.com\/watch?v=y0jsBWMqG3Y&amp;list=PLB0803qjYixtO8tolEP-a82tZD5oIL5K3&amp;index=4\">https:\/\/www.youtube.com\/watch?v=y0jsBWMqG3Y&amp;list=PLB0803qjYixtO8tolEP-a82tZD5oIL5K3&amp;index=4<\/a><\/p>\n<p>Aprendamos a valorar, por Ana Mu\u00f1oz: <a href=\"https:\/\/www.youtube.com\/watch?v=iUPKMIFyhmQ&amp;list=PLB0803qjYixtO8tolEP-a82tZD5oIL5K3&amp;index=2\">https:\/\/www.youtube.com\/watch?v=iUPKMIFyhmQ&amp;list=PLB0803qjYixtO8tolEP-a82tZD5oIL5K3&amp;index=2<\/a><\/p>\n<p>&nbsp;<\/p>\n<p>[\/et_pb_text][et_pb_text disabled_on=\u00bboff|on|on\u00bb admin_label=\u00bbT\u00edtulo: Galer\u00eda de fotos (Texto)\u00bb _builder_version=\u00bb3.27.4&#8243; text_font=\u00bb|on|||\u00bb text_text_color=\u00bb#dc001b\u00bb border_style=\u00bbsolid\u00bb]Galer\u00eda de im\u00e1genes<br \/>\n[\/et_pb_text][et_pb_gallery gallery_ids=\u00bb13573&#8243; posts_number=\u00bb8&#8243; show_title_and_caption=\u00bboff\u00bb zoom_icon_color=\u00bb#dc001b\u00bb hover_icon=\u00bb%%51%%\u00bb disabled_on=\u00bboff|off|off\u00bb _builder_version=\u00bb4.4.2&#8243; pagination_font_size_tablet=\u00bb51&#8243; pagination_line_height_tablet=\u00bb2&#8243;][\/et_pb_gallery][et_pb_video src=\u00bbhttps:\/\/www.youtube.com\/watch?v=RTzUg2jeIeY&amp;list=PLB0803qjYixtO8tolEP-a82tZD5oIL5K3&#8243; src_webm=\u00bbhttps:\/\/www.youtube.com\/watch?v=iUPKMIFyhmQ&amp;list=PLB0803qjYixtO8tolEP-a82tZD5oIL5K3&amp;index=3&amp;t=0s\u00bb disabled_on=\u00bboff|off|off\u00bb _builder_version=\u00bb4.4.2&#8243;][\/et_pb_video][\/et_pb_column][\/et_pb_row][\/et_pb_section]<\/p>\n<!-- AddThis Advanced Settings generic via filter on the_content --><!-- AddThis Share Buttons generic via filter on the_content -->","protected":false},"excerpt":{"rendered":"<p>S\u00ed, estamos confinados en casa y esto ha sido un cambio brusco en nuestra forma de vivir. Algunos les ha costado (y a\u00fan puede que cueste) adaptarse a la situaci\u00f3n. As\u00ed que mejor endulzar, confitar esta situaci\u00f3n y sacar lo positivo que tiene todo esto, que no es poco. La propuesta de trabajo que se [&hellip;]<\/p>\n<p><!-- AddThis Advanced Settings generic via filter on get_the_excerpt --><!-- AddThis Share Buttons generic via filter on get_the_excerpt --><\/p>\n","protected":false},"author":6,"featured_media":13579,"comment_status":"closed","ping_status":"open","sticky":false,"template":"","format":"standard","meta":{"_et_pb_use_builder":"on","_et_pb_old_content":"","_et_gb_content_width":"","footnotes":""},"categories":[14],"tags":[],"class_list":["post-13570","post","type-post","status-publish","format-standard","has-post-thumbnail","hentry","category-noticia_colegio"],"yoast_head":"<!-- This site is optimized with the Yoast SEO plugin v28.4 - https:\/\/yoast.com\/product\/yoast-seo-wordpress\/ -->\n<title>\u201cCONFITADOS EN CASA\u201d, un proyecto para estar confinados pero contentos - Colegio San Juan Bosco Valencia<\/title>\n<meta name=\"robots\" content=\"index, follow, max-snippet:-1, max-image-preview:large, max-video-preview:-1\" \/>\n<link rel=\"canonical\" href=\"https:\/\/valenciasjb.salesianos.edu\/colegio\/confitados-en-casa-un-proyecto-para-estar-confinados-pero-contentos\/\" \/>\n<meta property=\"og:locale\" content=\"es_ES\" \/>\n<meta property=\"og:type\" content=\"article\" \/>\n<meta property=\"og:title\" content=\"\u201cCONFITADOS EN CASA\u201d, un proyecto para estar confinados pero contentos - Colegio San Juan Bosco Valencia\" \/>\n<meta property=\"og:description\" content=\"S\u00ed, estamos confinados en casa y esto ha sido un cambio brusco en nuestra forma de vivir. Algunos les ha costado (y a\u00fan puede que cueste) adaptarse a la situaci\u00f3n. As\u00ed que mejor endulzar, confitar esta situaci\u00f3n y sacar lo positivo que tiene todo esto, que no es poco. La propuesta de trabajo que se [&hellip;]\" \/>\n<meta property=\"og:url\" content=\"https:\/\/valenciasjb.salesianos.edu\/colegio\/confitados-en-casa-un-proyecto-para-estar-confinados-pero-contentos\/\" \/>\n<meta property=\"og:site_name\" content=\"Colegio San Juan Bosco Valencia\" \/>\n<meta property=\"article:publisher\" content=\"https:\/\/www.facebook.com\/ColegioSalesianoSanJuanBoscoValencia\" \/>\n<meta property=\"article:published_time\" content=\"2020-05-14T07:30:54+00:00\" \/>\n<meta property=\"article:modified_time\" content=\"2020-05-14T07:39:30+00:00\" \/>\n<meta property=\"og:image\" content=\"https:\/\/valenciasjb.salesianos.edu\/colegio\/wp-content\/uploads\/sites\/2\/2020\/05\/Sin-t\u00edtulo-2.png\" \/>\n\t<meta property=\"og:image:width\" content=\"386\" \/>\n\t<meta property=\"og:image:height\" content=\"217\" \/>\n\t<meta property=\"og:image:type\" content=\"image\/png\" \/>\n<meta name=\"author\" content=\"veronicapastor\" \/>\n<meta name=\"twitter:card\" content=\"summary_large_image\" \/>\n<meta name=\"twitter:creator\" content=\"@SalesianosVSJB\" \/>\n<meta name=\"twitter:site\" content=\"@SalesianosVSJB\" \/>\n<meta name=\"twitter:label1\" content=\"Escrito por\" \/>\n\t<meta name=\"twitter:data1\" content=\"veronicapastor\" \/>\n\t<meta name=\"twitter:label2\" content=\"Tiempo de lectura\" \/>\n\t<meta name=\"twitter:data2\" content=\"3 minutos\" \/>\n<script type=\"application\/ld+json\" class=\"yoast-schema-graph\">{\"@context\":\"https:\\\/\\\/schema.org\",\"@graph\":[{\"@type\":\"Article\",\"@id\":\"https:\\\/\\\/valenciasjb.salesianos.edu\\\/colegio\\\/confitados-en-casa-un-proyecto-para-estar-confinados-pero-contentos\\\/#article\",\"isPartOf\":{\"@id\":\"https:\\\/\\\/valenciasjb.salesianos.edu\\\/colegio\\\/confitados-en-casa-un-proyecto-para-estar-confinados-pero-contentos\\\/\"},\"author\":{\"name\":\"veronicapastor\",\"@id\":\"https:\\\/\\\/valenciasjb.salesianos.edu\\\/colegio\\\/#\\\/schema\\\/person\\\/1f45b67e52b27da175190a574db6bed9\"},\"headline\":\"\u201cCONFITADOS EN CASA\u201d, un proyecto para estar confinados pero contentos\",\"datePublished\":\"2020-05-14T07:30:54+00:00\",\"dateModified\":\"2020-05-14T07:39:30+00:00\",\"mainEntityOfPage\":{\"@id\":\"https:\\\/\\\/valenciasjb.salesianos.edu\\\/colegio\\\/confitados-en-casa-un-proyecto-para-estar-confinados-pero-contentos\\\/\"},\"wordCount\":687,\"image\":{\"@id\":\"https:\\\/\\\/valenciasjb.salesianos.edu\\\/colegio\\\/confitados-en-casa-un-proyecto-para-estar-confinados-pero-contentos\\\/#primaryimage\"},\"thumbnailUrl\":\"https:\\\/\\\/valenciasjb.salesianos.edu\\\/colegio\\\/wp-content\\\/uploads\\\/sites\\\/2\\\/2020\\\/05\\\/Sin-t\u00edtulo-2.png\",\"articleSection\":[\"Noticia Colegio\"],\"inLanguage\":\"es\"},{\"@type\":\"WebPage\",\"@id\":\"https:\\\/\\\/valenciasjb.salesianos.edu\\\/colegio\\\/confitados-en-casa-un-proyecto-para-estar-confinados-pero-contentos\\\/\",\"url\":\"https:\\\/\\\/valenciasjb.salesianos.edu\\\/colegio\\\/confitados-en-casa-un-proyecto-para-estar-confinados-pero-contentos\\\/\",\"name\":\"\u201cCONFITADOS EN CASA\u201d, un proyecto para estar confinados pero contentos - Colegio San Juan Bosco Valencia\",\"isPartOf\":{\"@id\":\"https:\\\/\\\/valenciasjb.salesianos.edu\\\/colegio\\\/#website\"},\"primaryImageOfPage\":{\"@id\":\"https:\\\/\\\/valenciasjb.salesianos.edu\\\/colegio\\\/confitados-en-casa-un-proyecto-para-estar-confinados-pero-contentos\\\/#primaryimage\"},\"image\":{\"@id\":\"https:\\\/\\\/valenciasjb.salesianos.edu\\\/colegio\\\/confitados-en-casa-un-proyecto-para-estar-confinados-pero-contentos\\\/#primaryimage\"},\"thumbnailUrl\":\"https:\\\/\\\/valenciasjb.salesianos.edu\\\/colegio\\\/wp-content\\\/uploads\\\/sites\\\/2\\\/2020\\\/05\\\/Sin-t\u00edtulo-2.png\",\"datePublished\":\"2020-05-14T07:30:54+00:00\",\"dateModified\":\"2020-05-14T07:39:30+00:00\",\"author\":{\"@id\":\"https:\\\/\\\/valenciasjb.salesianos.edu\\\/colegio\\\/#\\\/schema\\\/person\\\/1f45b67e52b27da175190a574db6bed9\"},\"breadcrumb\":{\"@id\":\"https:\\\/\\\/valenciasjb.salesianos.edu\\\/colegio\\\/confitados-en-casa-un-proyecto-para-estar-confinados-pero-contentos\\\/#breadcrumb\"},\"inLanguage\":\"es\",\"potentialAction\":[{\"@type\":\"ReadAction\",\"target\":[\"https:\\\/\\\/valenciasjb.salesianos.edu\\\/colegio\\\/confitados-en-casa-un-proyecto-para-estar-confinados-pero-contentos\\\/\"]}]},{\"@type\":\"ImageObject\",\"inLanguage\":\"es\",\"@id\":\"https:\\\/\\\/valenciasjb.salesianos.edu\\\/colegio\\\/confitados-en-casa-un-proyecto-para-estar-confinados-pero-contentos\\\/#primaryimage\",\"url\":\"https:\\\/\\\/valenciasjb.salesianos.edu\\\/colegio\\\/wp-content\\\/uploads\\\/sites\\\/2\\\/2020\\\/05\\\/Sin-t\u00edtulo-2.png\",\"contentUrl\":\"https:\\\/\\\/valenciasjb.salesianos.edu\\\/colegio\\\/wp-content\\\/uploads\\\/sites\\\/2\\\/2020\\\/05\\\/Sin-t\u00edtulo-2.png\",\"width\":386,\"height\":217},{\"@type\":\"BreadcrumbList\",\"@id\":\"https:\\\/\\\/valenciasjb.salesianos.edu\\\/colegio\\\/confitados-en-casa-un-proyecto-para-estar-confinados-pero-contentos\\\/#breadcrumb\",\"itemListElement\":[{\"@type\":\"ListItem\",\"position\":1,\"name\":\"Portada\",\"item\":\"https:\\\/\\\/valenciasjb.salesianos.edu\\\/colegio\\\/\"},{\"@type\":\"ListItem\",\"position\":2,\"name\":\"\u201cCONFITADOS EN CASA\u201d, un proyecto para estar confinados pero contentos\"}]},{\"@type\":\"WebSite\",\"@id\":\"https:\\\/\\\/valenciasjb.salesianos.edu\\\/colegio\\\/#website\",\"url\":\"https:\\\/\\\/valenciasjb.salesianos.edu\\\/colegio\\\/\",\"name\":\"Colegio San Juan Bosco Valencia\",\"description\":\"P\u00e1gina oficial del Colegio Salesianos San Juan Bosco Valencia\",\"alternateName\":\"Salesianos.VSJB\",\"potentialAction\":[{\"@type\":\"SearchAction\",\"target\":{\"@type\":\"EntryPoint\",\"urlTemplate\":\"https:\\\/\\\/valenciasjb.salesianos.edu\\\/colegio\\\/?s={search_term_string}\"},\"query-input\":{\"@type\":\"PropertyValueSpecification\",\"valueRequired\":true,\"valueName\":\"search_term_string\"}}],\"inLanguage\":\"es\"},{\"@type\":\"Person\",\"@id\":\"https:\\\/\\\/valenciasjb.salesianos.edu\\\/colegio\\\/#\\\/schema\\\/person\\\/1f45b67e52b27da175190a574db6bed9\",\"name\":\"veronicapastor\",\"image\":{\"@type\":\"ImageObject\",\"inLanguage\":\"es\",\"@id\":\"https:\\\/\\\/secure.gravatar.com\\\/avatar\\\/e29bd40bace3fd935e1d6fdb7313ffc14628cc037c5e16f4c7369b20a2a6f7f0?s=96&d=mm&r=g\",\"url\":\"https:\\\/\\\/secure.gravatar.com\\\/avatar\\\/e29bd40bace3fd935e1d6fdb7313ffc14628cc037c5e16f4c7369b20a2a6f7f0?s=96&d=mm&r=g\",\"contentUrl\":\"https:\\\/\\\/secure.gravatar.com\\\/avatar\\\/e29bd40bace3fd935e1d6fdb7313ffc14628cc037c5e16f4c7369b20a2a6f7f0?s=96&d=mm&r=g\",\"caption\":\"veronicapastor\"}}]}<\/script>\n<!-- \/ Yoast SEO plugin. -->","yoast_head_json":{"title":"\u201cCONFITADOS EN CASA\u201d, un proyecto para estar confinados pero contentos - Colegio San Juan Bosco Valencia","robots":{"index":"index","follow":"follow","max-snippet":"max-snippet:-1","max-image-preview":"max-image-preview:large","max-video-preview":"max-video-preview:-1"},"canonical":"https:\/\/valenciasjb.salesianos.edu\/colegio\/confitados-en-casa-un-proyecto-para-estar-confinados-pero-contentos\/","og_locale":"es_ES","og_type":"article","og_title":"\u201cCONFITADOS EN CASA\u201d, un proyecto para estar confinados pero contentos - Colegio San Juan Bosco Valencia","og_description":"S\u00ed, estamos confinados en casa y esto ha sido un cambio brusco en nuestra forma de vivir. Algunos les ha costado (y a\u00fan puede que cueste) adaptarse a la situaci\u00f3n. As\u00ed que mejor endulzar, confitar esta situaci\u00f3n y sacar lo positivo que tiene todo esto, que no es poco. La propuesta de trabajo que se [&hellip;]","og_url":"https:\/\/valenciasjb.salesianos.edu\/colegio\/confitados-en-casa-un-proyecto-para-estar-confinados-pero-contentos\/","og_site_name":"Colegio San Juan Bosco Valencia","article_publisher":"https:\/\/www.facebook.com\/ColegioSalesianoSanJuanBoscoValencia","article_published_time":"2020-05-14T07:30:54+00:00","article_modified_time":"2020-05-14T07:39:30+00:00","og_image":[{"width":386,"height":217,"url":"https:\/\/valenciasjb.salesianos.edu\/colegio\/wp-content\/uploads\/sites\/2\/2020\/05\/Sin-t\u00edtulo-2.png","type":"image\/png"}],"author":"veronicapastor","twitter_card":"summary_large_image","twitter_creator":"@SalesianosVSJB","twitter_site":"@SalesianosVSJB","twitter_misc":{"Escrito por":"veronicapastor","Tiempo de lectura":"3 minutos"},"schema":{"@context":"https:\/\/schema.org","@graph":[{"@type":"Article","@id":"https:\/\/valenciasjb.salesianos.edu\/colegio\/confitados-en-casa-un-proyecto-para-estar-confinados-pero-contentos\/#article","isPartOf":{"@id":"https:\/\/valenciasjb.salesianos.edu\/colegio\/confitados-en-casa-un-proyecto-para-estar-confinados-pero-contentos\/"},"author":{"name":"veronicapastor","@id":"https:\/\/valenciasjb.salesianos.edu\/colegio\/#\/schema\/person\/1f45b67e52b27da175190a574db6bed9"},"headline":"\u201cCONFITADOS EN CASA\u201d, un proyecto para estar confinados pero contentos","datePublished":"2020-05-14T07:30:54+00:00","dateModified":"2020-05-14T07:39:30+00:00","mainEntityOfPage":{"@id":"https:\/\/valenciasjb.salesianos.edu\/colegio\/confitados-en-casa-un-proyecto-para-estar-confinados-pero-contentos\/"},"wordCount":687,"image":{"@id":"https:\/\/valenciasjb.salesianos.edu\/colegio\/confitados-en-casa-un-proyecto-para-estar-confinados-pero-contentos\/#primaryimage"},"thumbnailUrl":"https:\/\/valenciasjb.salesianos.edu\/colegio\/wp-content\/uploads\/sites\/2\/2020\/05\/Sin-t\u00edtulo-2.png","articleSection":["Noticia Colegio"],"inLanguage":"es"},{"@type":"WebPage","@id":"https:\/\/valenciasjb.salesianos.edu\/colegio\/confitados-en-casa-un-proyecto-para-estar-confinados-pero-contentos\/","url":"https:\/\/valenciasjb.salesianos.edu\/colegio\/confitados-en-casa-un-proyecto-para-estar-confinados-pero-contentos\/","name":"\u201cCONFITADOS EN CASA\u201d, un proyecto para estar confinados pero contentos - Colegio San Juan Bosco Valencia","isPartOf":{"@id":"https:\/\/valenciasjb.salesianos.edu\/colegio\/#website"},"primaryImageOfPage":{"@id":"https:\/\/valenciasjb.salesianos.edu\/colegio\/confitados-en-casa-un-proyecto-para-estar-confinados-pero-contentos\/#primaryimage"},"image":{"@id":"https:\/\/valenciasjb.salesianos.edu\/colegio\/confitados-en-casa-un-proyecto-para-estar-confinados-pero-contentos\/#primaryimage"},"thumbnailUrl":"https:\/\/valenciasjb.salesianos.edu\/colegio\/wp-content\/uploads\/sites\/2\/2020\/05\/Sin-t\u00edtulo-2.png","datePublished":"2020-05-14T07:30:54+00:00","dateModified":"2020-05-14T07:39:30+00:00","author":{"@id":"https:\/\/valenciasjb.salesianos.edu\/colegio\/#\/schema\/person\/1f45b67e52b27da175190a574db6bed9"},"breadcrumb":{"@id":"https:\/\/valenciasjb.salesianos.edu\/colegio\/confitados-en-casa-un-proyecto-para-estar-confinados-pero-contentos\/#breadcrumb"},"inLanguage":"es","potentialAction":[{"@type":"ReadAction","target":["https:\/\/valenciasjb.salesianos.edu\/colegio\/confitados-en-casa-un-proyecto-para-estar-confinados-pero-contentos\/"]}]},{"@type":"ImageObject","inLanguage":"es","@id":"https:\/\/valenciasjb.salesianos.edu\/colegio\/confitados-en-casa-un-proyecto-para-estar-confinados-pero-contentos\/#primaryimage","url":"https:\/\/valenciasjb.salesianos.edu\/colegio\/wp-content\/uploads\/sites\/2\/2020\/05\/Sin-t\u00edtulo-2.png","contentUrl":"https:\/\/valenciasjb.salesianos.edu\/colegio\/wp-content\/uploads\/sites\/2\/2020\/05\/Sin-t\u00edtulo-2.png","width":386,"height":217},{"@type":"BreadcrumbList","@id":"https:\/\/valenciasjb.salesianos.edu\/colegio\/confitados-en-casa-un-proyecto-para-estar-confinados-pero-contentos\/#breadcrumb","itemListElement":[{"@type":"ListItem","position":1,"name":"Portada","item":"https:\/\/valenciasjb.salesianos.edu\/colegio\/"},{"@type":"ListItem","position":2,"name":"\u201cCONFITADOS EN CASA\u201d, un proyecto para estar confinados pero contentos"}]},{"@type":"WebSite","@id":"https:\/\/valenciasjb.salesianos.edu\/colegio\/#website","url":"https:\/\/valenciasjb.salesianos.edu\/colegio\/","name":"Colegio San Juan Bosco Valencia","description":"P\u00e1gina oficial del Colegio Salesianos San Juan Bosco Valencia","alternateName":"Salesianos.VSJB","potentialAction":[{"@type":"SearchAction","target":{"@type":"EntryPoint","urlTemplate":"https:\/\/valenciasjb.salesianos.edu\/colegio\/?s={search_term_string}"},"query-input":{"@type":"PropertyValueSpecification","valueRequired":true,"valueName":"search_term_string"}}],"inLanguage":"es"},{"@type":"Person","@id":"https:\/\/valenciasjb.salesianos.edu\/colegio\/#\/schema\/person\/1f45b67e52b27da175190a574db6bed9","name":"veronicapastor","image":{"@type":"ImageObject","inLanguage":"es","@id":"https:\/\/secure.gravatar.com\/avatar\/e29bd40bace3fd935e1d6fdb7313ffc14628cc037c5e16f4c7369b20a2a6f7f0?s=96&d=mm&r=g","url":"https:\/\/secure.gravatar.com\/avatar\/e29bd40bace3fd935e1d6fdb7313ffc14628cc037c5e16f4c7369b20a2a6f7f0?s=96&d=mm&r=g","contentUrl":"https:\/\/secure.gravatar.com\/avatar\/e29bd40bace3fd935e1d6fdb7313ffc14628cc037c5e16f4c7369b20a2a6f7f0?s=96&d=mm&r=g","caption":"veronicapastor"}}]}},"_links":{"self":[{"href":"https:\/\/valenciasjb.salesianos.edu\/colegio\/wp-json\/wp\/v2\/posts\/13570","targetHints":{"allow":["GET"]}}],"collection":[{"href":"https:\/\/valenciasjb.salesianos.edu\/colegio\/wp-json\/wp\/v2\/posts"}],"about":[{"href":"https:\/\/valenciasjb.salesianos.edu\/colegio\/wp-json\/wp\/v2\/types\/post"}],"author":[{"embeddable":true,"href":"https:\/\/valenciasjb.salesianos.edu\/colegio\/wp-json\/wp\/v2\/users\/6"}],"replies":[{"embeddable":true,"href":"https:\/\/valenciasjb.salesianos.edu\/colegio\/wp-json\/wp\/v2\/comments?post=13570"}],"version-history":[{"count":5,"href":"https:\/\/valenciasjb.salesianos.edu\/colegio\/wp-json\/wp\/v2\/posts\/13570\/revisions"}],"predecessor-version":[{"id":13580,"href":"https:\/\/valenciasjb.salesianos.edu\/colegio\/wp-json\/wp\/v2\/posts\/13570\/revisions\/13580"}],"wp:featuredmedia":[{"embeddable":true,"href":"https:\/\/valenciasjb.salesianos.edu\/colegio\/wp-json\/wp\/v2\/media\/13579"}],"wp:attachment":[{"href":"https:\/\/valenciasjb.salesianos.edu\/colegio\/wp-json\/wp\/v2\/media?parent=13570"}],"wp:term":[{"taxonomy":"category","embeddable":true,"href":"https:\/\/valenciasjb.salesianos.edu\/colegio\/wp-json\/wp\/v2\/categories?post=13570"},{"taxonomy":"post_tag","embeddable":true,"href":"https:\/\/valenciasjb.salesianos.edu\/colegio\/wp-json\/wp\/v2\/tags?post=13570"}],"curies":[{"name":"wp","href":"https:\/\/api.w.org\/{rel}","templated":true}]}}