{"id":13616,"date":"2020-05-15T13:38:17","date_gmt":"2020-05-15T12:38:17","guid":{"rendered":"https:\/\/valenciasjb.salesianos.edu\/colegio\/?p=13616"},"modified":"2020-05-15T13:39:56","modified_gmt":"2020-05-15T12:39:56","slug":"juan-peris-director-del-colegio-presenta-la-normativa-al-claustro","status":"publish","type":"post","link":"https:\/\/valenciasjb.salesianos.edu\/colegio\/juan-peris-director-del-colegio-presenta-la-normativa-al-claustro\/","title":{"rendered":"Juan Peris, director del Colegio presenta la normativa al claustro"},"content":{"rendered":"<div id=\"fb-root\"><\/div>\n<p>[et_pb_section fb_built=\u00bb1&#8243; admin_label=\u00bbsection\u00bb _builder_version=\u00bb3.22&#8243;][et_pb_row admin_label=\u00bbrow\u00bb _builder_version=\u00bb3.25&#8243; background_size=\u00bbinitial\u00bb background_position=\u00bbtop_left\u00bb background_repeat=\u00bbrepeat\u00bb][et_pb_column type=\u00bb4_4&#8243; _builder_version=\u00bb3.25&#8243; custom_padding=\u00bb|||\u00bb custom_padding__hover=\u00bb|||\u00bb][et_pb_text admin_label=\u00bbEntradilla (Texto)\u00bb _builder_version=\u00bb4.4.2&#8243; text_font=\u00bb|on|||\u00bb text_orientation=\u00bbjustified\u00bb module_alignment=\u00bbjustified\u00bb]<\/p>\n<div id=\"resumen\"><strong>En la ma\u00f1ana del viernes, 15 de mayo, el claustro al completo se ha reunido para recibir las \u00faltimas informaciones en cuanto a normativa, explicadas por el director del colegio, Juan Peris, seg\u00fan las \u00faltimas reuniones mantenidas con inspecci\u00f3n educativa y la inspector\u00eda salesiana.<br \/><\/strong><\/div>\n<div>\u00a0<\/div>\n<p>[\/et_pb_text][et_pb_text admin_label=\u00bbAutor (Texto)\u00bb _builder_version=\u00bb4.4.2&#8243; text_font=\u00bb||on||\u00bb]<\/p>\n<p>Redacci\u00f3n.<\/p>\n<p>[\/et_pb_text][et_pb_text admin_label=\u00bbDesarrollo (Texto)\u00bb _builder_version=\u00bb4.4.2&#8243; text_orientation=\u00bbjustified\u00bb module_alignment=\u00bbjustified\u00bb]<\/p>\n<p>Adem\u00e1s de trasladar las diferentes informaciones y documentos presentados de \u00abNuestro Cole en Casa\u00bb, Juan Peris ha dedicado, como siempre, un momento a hablar de las personas, especialmente acord\u00e1ndonos de aquellas familias que peor lo est\u00e1n pasando. Ahora m\u00e1s que nunca debemos ser una sociedad de servicio. Nos pide que cuidemos a las personas. Tambi\u00e9n que cuidemos de nosotros mismos, esto es imprescindible, para poder cuidar a los dem\u00e1s como lo hicieron Jes\u00fas y Mar\u00eda.<\/p>\n<p>Por su parte, Fernando Navarro, director de esta casa salesiana ha querido dirigir unas palabras a todo el claustro. Ha pedido que mantengamos nuestra vocaci\u00f3n de cuidar, nuestra vocaci\u00f3n de educadores, siempre con nuestro carisma. Tambi\u00e9n ha pedido, al igual que Juan, que nos cuidemos para estar fuertes y as\u00ed poder cuidar de nuestros ni\u00f1os y ni\u00f1as y j\u00f3venes. Todo esto lo hacemos en comunidad, en equipo, juntos. Y lo haremos sin perder nuestro estilo de proximidad, reinvent\u00e1ndonos como educadores salesianos que somos. Alza su oraci\u00f3n a Dios para que nos ayude en nuestros pasos en esta incertidumbre que estamos viviendo, pero de la que saldremos fortalecidos como comunidad educativa.<\/p>\n<p>[\/et_pb_text][et_pb_text disabled_on=\u00bboff|on|on\u00bb admin_label=\u00bbT\u00edtulo: Galer\u00eda de fotos (Texto)\u00bb _builder_version=\u00bb3.27.4&#8243; text_font=\u00bb|on|||\u00bb text_text_color=\u00bb#dc001b\u00bb border_style=\u00bbsolid\u00bb]Galer\u00eda de im\u00e1genes[\/et_pb_text][et_pb_gallery gallery_ids=\u00bb13620&#8243; posts_number=\u00bb8&#8243; show_title_and_caption=\u00bboff\u00bb zoom_icon_color=\u00bb#dc001b\u00bb hover_icon=\u00bb%%51%%\u00bb disabled_on=\u00bboff|off|off\u00bb _builder_version=\u00bb4.4.2&#8243; pagination_font_size_tablet=\u00bb51&#8243; pagination_line_height_tablet=\u00bb2&#8243;][\/et_pb_gallery][et_pb_video disabled_on=\u00bbon|on|on\u00bb _builder_version=\u00bb3.0.51&#8243; disabled=\u00bbon\u00bb][\/et_pb_video][\/et_pb_column][\/et_pb_row][\/et_pb_section]<\/p>\n<!-- AddThis Advanced Settings generic via filter on the_content --><!-- AddThis Share Buttons generic via filter on the_content -->","protected":false},"excerpt":{"rendered":"<p>En la ma\u00f1ana del viernes, 15 de mayo, el claustro al completo se ha reunido para recibir las \u00faltimas informaciones en cuanto a normativa, explicadas por el director del colegio, Juan Peris, seg\u00fan las \u00faltimas reuniones mantenidas con inspecci\u00f3n educativa y la inspector\u00eda salesiana. \u00a0Redacci\u00f3n.Adem\u00e1s de trasladar las diferentes informaciones y documentos presentados de \u00abNuestro [&hellip;]<\/p>\n<p><!-- AddThis Advanced Settings generic via filter on get_the_excerpt --><!-- AddThis Share Buttons generic via filter on get_the_excerpt --><\/p>\n","protected":false},"author":6,"featured_media":13620,"comment_status":"closed","ping_status":"open","sticky":false,"template":"","format":"standard","meta":{"_et_pb_use_builder":"on","_et_pb_old_content":"","_et_gb_content_width":"","footnotes":""},"categories":[14],"tags":[],"class_list":["post-13616","post","type-post","status-publish","format-standard","has-post-thumbnail","hentry","category-noticia_colegio"],"yoast_head":"<!-- This site is optimized with the Yoast SEO plugin v28.4 - https:\/\/yoast.com\/product\/yoast-seo-wordpress\/ -->\n<title>Juan Peris, director del Colegio presenta la normativa al claustro - Colegio San Juan Bosco Valencia<\/title>\n<meta name=\"robots\" content=\"index, follow, max-snippet:-1, max-image-preview:large, max-video-preview:-1\" \/>\n<link rel=\"canonical\" href=\"https:\/\/valenciasjb.salesianos.edu\/colegio\/juan-peris-director-del-colegio-presenta-la-normativa-al-claustro\/\" \/>\n<meta property=\"og:locale\" content=\"es_ES\" \/>\n<meta property=\"og:type\" content=\"article\" \/>\n<meta property=\"og:title\" content=\"Juan Peris, director del Colegio presenta la normativa al claustro - Colegio San Juan Bosco Valencia\" \/>\n<meta property=\"og:description\" content=\"En la ma\u00f1ana del viernes, 15 de mayo, el claustro al completo se ha reunido para recibir las \u00faltimas informaciones en cuanto a normativa, explicadas por el director del colegio, Juan Peris, seg\u00fan las \u00faltimas reuniones mantenidas con inspecci\u00f3n educativa y la inspector\u00eda salesiana. \u00a0Redacci\u00f3n.Adem\u00e1s de trasladar las diferentes informaciones y documentos presentados de &quot;Nuestro [&hellip;]\" \/>\n<meta property=\"og:url\" content=\"https:\/\/valenciasjb.salesianos.edu\/colegio\/juan-peris-director-del-colegio-presenta-la-normativa-al-claustro\/\" \/>\n<meta property=\"og:site_name\" content=\"Colegio San Juan Bosco Valencia\" \/>\n<meta property=\"article:publisher\" content=\"https:\/\/www.facebook.com\/ColegioSalesianoSanJuanBoscoValencia\" \/>\n<meta property=\"article:published_time\" content=\"2020-05-15T12:38:17+00:00\" \/>\n<meta property=\"article:modified_time\" content=\"2020-05-15T12:39:56+00:00\" \/>\n<meta property=\"og:image\" content=\"https:\/\/valenciasjb.salesianos.edu\/colegio\/wp-content\/uploads\/sites\/2\/2020\/05\/Foto-claustro-virtual.png\" \/>\n\t<meta property=\"og:image:width\" content=\"1430\" \/>\n\t<meta property=\"og:image:height\" content=\"851\" \/>\n\t<meta property=\"og:image:type\" content=\"image\/png\" \/>\n<meta name=\"author\" content=\"veronicapastor\" \/>\n<meta name=\"twitter:card\" content=\"summary_large_image\" \/>\n<meta name=\"twitter:creator\" content=\"@SalesianosVSJB\" \/>\n<meta name=\"twitter:site\" content=\"@SalesianosVSJB\" \/>\n<meta name=\"twitter:label1\" content=\"Escrito por\" \/>\n\t<meta name=\"twitter:data1\" content=\"veronicapastor\" \/>\n\t<meta name=\"twitter:label2\" content=\"Tiempo de lectura\" \/>\n\t<meta name=\"twitter:data2\" content=\"2 minutos\" \/>\n<script type=\"application\/ld+json\" class=\"yoast-schema-graph\">{\"@context\":\"https:\\\/\\\/schema.org\",\"@graph\":[{\"@type\":\"Article\",\"@id\":\"https:\\\/\\\/valenciasjb.salesianos.edu\\\/colegio\\\/juan-peris-director-del-colegio-presenta-la-normativa-al-claustro\\\/#article\",\"isPartOf\":{\"@id\":\"https:\\\/\\\/valenciasjb.salesianos.edu\\\/colegio\\\/juan-peris-director-del-colegio-presenta-la-normativa-al-claustro\\\/\"},\"author\":{\"name\":\"veronicapastor\",\"@id\":\"https:\\\/\\\/valenciasjb.salesianos.edu\\\/colegio\\\/#\\\/schema\\\/person\\\/1f45b67e52b27da175190a574db6bed9\"},\"headline\":\"Juan Peris, director del Colegio presenta la normativa al claustro\",\"datePublished\":\"2020-05-15T12:38:17+00:00\",\"dateModified\":\"2020-05-15T12:39:56+00:00\",\"mainEntityOfPage\":{\"@id\":\"https:\\\/\\\/valenciasjb.salesianos.edu\\\/colegio\\\/juan-peris-director-del-colegio-presenta-la-normativa-al-claustro\\\/\"},\"wordCount\":452,\"image\":{\"@id\":\"https:\\\/\\\/valenciasjb.salesianos.edu\\\/colegio\\\/juan-peris-director-del-colegio-presenta-la-normativa-al-claustro\\\/#primaryimage\"},\"thumbnailUrl\":\"https:\\\/\\\/valenciasjb.salesianos.edu\\\/colegio\\\/wp-content\\\/uploads\\\/sites\\\/2\\\/2020\\\/05\\\/Foto-claustro-virtual.png\",\"articleSection\":[\"Noticia Colegio\"],\"inLanguage\":\"es\"},{\"@type\":\"WebPage\",\"@id\":\"https:\\\/\\\/valenciasjb.salesianos.edu\\\/colegio\\\/juan-peris-director-del-colegio-presenta-la-normativa-al-claustro\\\/\",\"url\":\"https:\\\/\\\/valenciasjb.salesianos.edu\\\/colegio\\\/juan-peris-director-del-colegio-presenta-la-normativa-al-claustro\\\/\",\"name\":\"Juan Peris, director del Colegio presenta la normativa al claustro - Colegio San Juan Bosco Valencia\",\"isPartOf\":{\"@id\":\"https:\\\/\\\/valenciasjb.salesianos.edu\\\/colegio\\\/#website\"},\"primaryImageOfPage\":{\"@id\":\"https:\\\/\\\/valenciasjb.salesianos.edu\\\/colegio\\\/juan-peris-director-del-colegio-presenta-la-normativa-al-claustro\\\/#primaryimage\"},\"image\":{\"@id\":\"https:\\\/\\\/valenciasjb.salesianos.edu\\\/colegio\\\/juan-peris-director-del-colegio-presenta-la-normativa-al-claustro\\\/#primaryimage\"},\"thumbnailUrl\":\"https:\\\/\\\/valenciasjb.salesianos.edu\\\/colegio\\\/wp-content\\\/uploads\\\/sites\\\/2\\\/2020\\\/05\\\/Foto-claustro-virtual.png\",\"datePublished\":\"2020-05-15T12:38:17+00:00\",\"dateModified\":\"2020-05-15T12:39:56+00:00\",\"author\":{\"@id\":\"https:\\\/\\\/valenciasjb.salesianos.edu\\\/colegio\\\/#\\\/schema\\\/person\\\/1f45b67e52b27da175190a574db6bed9\"},\"breadcrumb\":{\"@id\":\"https:\\\/\\\/valenciasjb.salesianos.edu\\\/colegio\\\/juan-peris-director-del-colegio-presenta-la-normativa-al-claustro\\\/#breadcrumb\"},\"inLanguage\":\"es\",\"potentialAction\":[{\"@type\":\"ReadAction\",\"target\":[\"https:\\\/\\\/valenciasjb.salesianos.edu\\\/colegio\\\/juan-peris-director-del-colegio-presenta-la-normativa-al-claustro\\\/\"]}]},{\"@type\":\"ImageObject\",\"inLanguage\":\"es\",\"@id\":\"https:\\\/\\\/valenciasjb.salesianos.edu\\\/colegio\\\/juan-peris-director-del-colegio-presenta-la-normativa-al-claustro\\\/#primaryimage\",\"url\":\"https:\\\/\\\/valenciasjb.salesianos.edu\\\/colegio\\\/wp-content\\\/uploads\\\/sites\\\/2\\\/2020\\\/05\\\/Foto-claustro-virtual.png\",\"contentUrl\":\"https:\\\/\\\/valenciasjb.salesianos.edu\\\/colegio\\\/wp-content\\\/uploads\\\/sites\\\/2\\\/2020\\\/05\\\/Foto-claustro-virtual.png\",\"width\":1430,\"height\":851},{\"@type\":\"BreadcrumbList\",\"@id\":\"https:\\\/\\\/valenciasjb.salesianos.edu\\\/colegio\\\/juan-peris-director-del-colegio-presenta-la-normativa-al-claustro\\\/#breadcrumb\",\"itemListElement\":[{\"@type\":\"ListItem\",\"position\":1,\"name\":\"Portada\",\"item\":\"https:\\\/\\\/valenciasjb.salesianos.edu\\\/colegio\\\/\"},{\"@type\":\"ListItem\",\"position\":2,\"name\":\"Juan Peris, director del Colegio presenta la normativa al claustro\"}]},{\"@type\":\"WebSite\",\"@id\":\"https:\\\/\\\/valenciasjb.salesianos.edu\\\/colegio\\\/#website\",\"url\":\"https:\\\/\\\/valenciasjb.salesianos.edu\\\/colegio\\\/\",\"name\":\"Colegio San Juan Bosco Valencia\",\"description\":\"P\u00e1gina oficial del Colegio Salesianos San Juan Bosco Valencia\",\"alternateName\":\"Salesianos.VSJB\",\"potentialAction\":[{\"@type\":\"SearchAction\",\"target\":{\"@type\":\"EntryPoint\",\"urlTemplate\":\"https:\\\/\\\/valenciasjb.salesianos.edu\\\/colegio\\\/?s={search_term_string}\"},\"query-input\":{\"@type\":\"PropertyValueSpecification\",\"valueRequired\":true,\"valueName\":\"search_term_string\"}}],\"inLanguage\":\"es\"},{\"@type\":\"Person\",\"@id\":\"https:\\\/\\\/valenciasjb.salesianos.edu\\\/colegio\\\/#\\\/schema\\\/person\\\/1f45b67e52b27da175190a574db6bed9\",\"name\":\"veronicapastor\",\"image\":{\"@type\":\"ImageObject\",\"inLanguage\":\"es\",\"@id\":\"https:\\\/\\\/secure.gravatar.com\\\/avatar\\\/e29bd40bace3fd935e1d6fdb7313ffc14628cc037c5e16f4c7369b20a2a6f7f0?s=96&d=mm&r=g\",\"url\":\"https:\\\/\\\/secure.gravatar.com\\\/avatar\\\/e29bd40bace3fd935e1d6fdb7313ffc14628cc037c5e16f4c7369b20a2a6f7f0?s=96&d=mm&r=g\",\"contentUrl\":\"https:\\\/\\\/secure.gravatar.com\\\/avatar\\\/e29bd40bace3fd935e1d6fdb7313ffc14628cc037c5e16f4c7369b20a2a6f7f0?s=96&d=mm&r=g\",\"caption\":\"veronicapastor\"}}]}<\/script>\n<!-- \/ Yoast SEO plugin. -->","yoast_head_json":{"title":"Juan Peris, director del Colegio presenta la normativa al claustro - Colegio San Juan Bosco Valencia","robots":{"index":"index","follow":"follow","max-snippet":"max-snippet:-1","max-image-preview":"max-image-preview:large","max-video-preview":"max-video-preview:-1"},"canonical":"https:\/\/valenciasjb.salesianos.edu\/colegio\/juan-peris-director-del-colegio-presenta-la-normativa-al-claustro\/","og_locale":"es_ES","og_type":"article","og_title":"Juan Peris, director del Colegio presenta la normativa al claustro - Colegio San Juan Bosco Valencia","og_description":"En la ma\u00f1ana del viernes, 15 de mayo, el claustro al completo se ha reunido para recibir las \u00faltimas informaciones en cuanto a normativa, explicadas por el director del colegio, Juan Peris, seg\u00fan las \u00faltimas reuniones mantenidas con inspecci\u00f3n educativa y la inspector\u00eda salesiana. \u00a0Redacci\u00f3n.Adem\u00e1s de trasladar las diferentes informaciones y documentos presentados de \"Nuestro [&hellip;]","og_url":"https:\/\/valenciasjb.salesianos.edu\/colegio\/juan-peris-director-del-colegio-presenta-la-normativa-al-claustro\/","og_site_name":"Colegio San Juan Bosco Valencia","article_publisher":"https:\/\/www.facebook.com\/ColegioSalesianoSanJuanBoscoValencia","article_published_time":"2020-05-15T12:38:17+00:00","article_modified_time":"2020-05-15T12:39:56+00:00","og_image":[{"width":1430,"height":851,"url":"https:\/\/valenciasjb.salesianos.edu\/colegio\/wp-content\/uploads\/sites\/2\/2020\/05\/Foto-claustro-virtual.png","type":"image\/png"}],"author":"veronicapastor","twitter_card":"summary_large_image","twitter_creator":"@SalesianosVSJB","twitter_site":"@SalesianosVSJB","twitter_misc":{"Escrito por":"veronicapastor","Tiempo de lectura":"2 minutos"},"schema":{"@context":"https:\/\/schema.org","@graph":[{"@type":"Article","@id":"https:\/\/valenciasjb.salesianos.edu\/colegio\/juan-peris-director-del-colegio-presenta-la-normativa-al-claustro\/#article","isPartOf":{"@id":"https:\/\/valenciasjb.salesianos.edu\/colegio\/juan-peris-director-del-colegio-presenta-la-normativa-al-claustro\/"},"author":{"name":"veronicapastor","@id":"https:\/\/valenciasjb.salesianos.edu\/colegio\/#\/schema\/person\/1f45b67e52b27da175190a574db6bed9"},"headline":"Juan Peris, director del Colegio presenta la normativa al claustro","datePublished":"2020-05-15T12:38:17+00:00","dateModified":"2020-05-15T12:39:56+00:00","mainEntityOfPage":{"@id":"https:\/\/valenciasjb.salesianos.edu\/colegio\/juan-peris-director-del-colegio-presenta-la-normativa-al-claustro\/"},"wordCount":452,"image":{"@id":"https:\/\/valenciasjb.salesianos.edu\/colegio\/juan-peris-director-del-colegio-presenta-la-normativa-al-claustro\/#primaryimage"},"thumbnailUrl":"https:\/\/valenciasjb.salesianos.edu\/colegio\/wp-content\/uploads\/sites\/2\/2020\/05\/Foto-claustro-virtual.png","articleSection":["Noticia Colegio"],"inLanguage":"es"},{"@type":"WebPage","@id":"https:\/\/valenciasjb.salesianos.edu\/colegio\/juan-peris-director-del-colegio-presenta-la-normativa-al-claustro\/","url":"https:\/\/valenciasjb.salesianos.edu\/colegio\/juan-peris-director-del-colegio-presenta-la-normativa-al-claustro\/","name":"Juan Peris, director del Colegio presenta la normativa al claustro - Colegio San Juan Bosco Valencia","isPartOf":{"@id":"https:\/\/valenciasjb.salesianos.edu\/colegio\/#website"},"primaryImageOfPage":{"@id":"https:\/\/valenciasjb.salesianos.edu\/colegio\/juan-peris-director-del-colegio-presenta-la-normativa-al-claustro\/#primaryimage"},"image":{"@id":"https:\/\/valenciasjb.salesianos.edu\/colegio\/juan-peris-director-del-colegio-presenta-la-normativa-al-claustro\/#primaryimage"},"thumbnailUrl":"https:\/\/valenciasjb.salesianos.edu\/colegio\/wp-content\/uploads\/sites\/2\/2020\/05\/Foto-claustro-virtual.png","datePublished":"2020-05-15T12:38:17+00:00","dateModified":"2020-05-15T12:39:56+00:00","author":{"@id":"https:\/\/valenciasjb.salesianos.edu\/colegio\/#\/schema\/person\/1f45b67e52b27da175190a574db6bed9"},"breadcrumb":{"@id":"https:\/\/valenciasjb.salesianos.edu\/colegio\/juan-peris-director-del-colegio-presenta-la-normativa-al-claustro\/#breadcrumb"},"inLanguage":"es","potentialAction":[{"@type":"ReadAction","target":["https:\/\/valenciasjb.salesianos.edu\/colegio\/juan-peris-director-del-colegio-presenta-la-normativa-al-claustro\/"]}]},{"@type":"ImageObject","inLanguage":"es","@id":"https:\/\/valenciasjb.salesianos.edu\/colegio\/juan-peris-director-del-colegio-presenta-la-normativa-al-claustro\/#primaryimage","url":"https:\/\/valenciasjb.salesianos.edu\/colegio\/wp-content\/uploads\/sites\/2\/2020\/05\/Foto-claustro-virtual.png","contentUrl":"https:\/\/valenciasjb.salesianos.edu\/colegio\/wp-content\/uploads\/sites\/2\/2020\/05\/Foto-claustro-virtual.png","width":1430,"height":851},{"@type":"BreadcrumbList","@id":"https:\/\/valenciasjb.salesianos.edu\/colegio\/juan-peris-director-del-colegio-presenta-la-normativa-al-claustro\/#breadcrumb","itemListElement":[{"@type":"ListItem","position":1,"name":"Portada","item":"https:\/\/valenciasjb.salesianos.edu\/colegio\/"},{"@type":"ListItem","position":2,"name":"Juan Peris, director del Colegio presenta la normativa al claustro"}]},{"@type":"WebSite","@id":"https:\/\/valenciasjb.salesianos.edu\/colegio\/#website","url":"https:\/\/valenciasjb.salesianos.edu\/colegio\/","name":"Colegio San Juan Bosco Valencia","description":"P\u00e1gina oficial del Colegio Salesianos San Juan Bosco Valencia","alternateName":"Salesianos.VSJB","potentialAction":[{"@type":"SearchAction","target":{"@type":"EntryPoint","urlTemplate":"https:\/\/valenciasjb.salesianos.edu\/colegio\/?s={search_term_string}"},"query-input":{"@type":"PropertyValueSpecification","valueRequired":true,"valueName":"search_term_string"}}],"inLanguage":"es"},{"@type":"Person","@id":"https:\/\/valenciasjb.salesianos.edu\/colegio\/#\/schema\/person\/1f45b67e52b27da175190a574db6bed9","name":"veronicapastor","image":{"@type":"ImageObject","inLanguage":"es","@id":"https:\/\/secure.gravatar.com\/avatar\/e29bd40bace3fd935e1d6fdb7313ffc14628cc037c5e16f4c7369b20a2a6f7f0?s=96&d=mm&r=g","url":"https:\/\/secure.gravatar.com\/avatar\/e29bd40bace3fd935e1d6fdb7313ffc14628cc037c5e16f4c7369b20a2a6f7f0?s=96&d=mm&r=g","contentUrl":"https:\/\/secure.gravatar.com\/avatar\/e29bd40bace3fd935e1d6fdb7313ffc14628cc037c5e16f4c7369b20a2a6f7f0?s=96&d=mm&r=g","caption":"veronicapastor"}}]}},"_links":{"self":[{"href":"https:\/\/valenciasjb.salesianos.edu\/colegio\/wp-json\/wp\/v2\/posts\/13616","targetHints":{"allow":["GET"]}}],"collection":[{"href":"https:\/\/valenciasjb.salesianos.edu\/colegio\/wp-json\/wp\/v2\/posts"}],"about":[{"href":"https:\/\/valenciasjb.salesianos.edu\/colegio\/wp-json\/wp\/v2\/types\/post"}],"author":[{"embeddable":true,"href":"https:\/\/valenciasjb.salesianos.edu\/colegio\/wp-json\/wp\/v2\/users\/6"}],"replies":[{"embeddable":true,"href":"https:\/\/valenciasjb.salesianos.edu\/colegio\/wp-json\/wp\/v2\/comments?post=13616"}],"version-history":[{"count":3,"href":"https:\/\/valenciasjb.salesianos.edu\/colegio\/wp-json\/wp\/v2\/posts\/13616\/revisions"}],"predecessor-version":[{"id":13622,"href":"https:\/\/valenciasjb.salesianos.edu\/colegio\/wp-json\/wp\/v2\/posts\/13616\/revisions\/13622"}],"wp:featuredmedia":[{"embeddable":true,"href":"https:\/\/valenciasjb.salesianos.edu\/colegio\/wp-json\/wp\/v2\/media\/13620"}],"wp:attachment":[{"href":"https:\/\/valenciasjb.salesianos.edu\/colegio\/wp-json\/wp\/v2\/media?parent=13616"}],"wp:term":[{"taxonomy":"category","embeddable":true,"href":"https:\/\/valenciasjb.salesianos.edu\/colegio\/wp-json\/wp\/v2\/categories?post=13616"},{"taxonomy":"post_tag","embeddable":true,"href":"https:\/\/valenciasjb.salesianos.edu\/colegio\/wp-json\/wp\/v2\/tags?post=13616"}],"curies":[{"name":"wp","href":"https:\/\/api.w.org\/{rel}","templated":true}]}}