{"id":13626,"date":"2020-05-15T19:51:07","date_gmt":"2020-05-15T18:51:07","guid":{"rendered":"https:\/\/valenciasjb.salesianos.edu\/colegio\/?p=13626"},"modified":"2020-05-15T19:52:12","modified_gmt":"2020-05-15T18:52:12","slug":"juan-peris-nuestro-director-del-colegio-ha-sido-renovado-en-el-cargo-para-dos-cursos-escolares-mas","status":"publish","type":"post","link":"https:\/\/valenciasjb.salesianos.edu\/colegio\/juan-peris-nuestro-director-del-colegio-ha-sido-renovado-en-el-cargo-para-dos-cursos-escolares-mas\/","title":{"rendered":"Juan Peris, nuestro director del colegio, ha sido renovado en el cargo para dos cursos escolares m\u00e1s"},"content":{"rendered":"<div id=\"fb-root\"><\/div>\n<p>[et_pb_section fb_built=\u00bb1&#8243; admin_label=\u00bbsection\u00bb _builder_version=\u00bb3.22&#8243;][et_pb_row admin_label=\u00bbrow\u00bb _builder_version=\u00bb3.25&#8243; background_size=\u00bbinitial\u00bb background_position=\u00bbtop_left\u00bb background_repeat=\u00bbrepeat\u00bb][et_pb_column type=\u00bb4_4&#8243; _builder_version=\u00bb3.25&#8243; custom_padding=\u00bb|||\u00bb custom_padding__hover=\u00bb|||\u00bb][et_pb_text admin_label=\u00bbEntradilla (Texto)\u00bb _builder_version=\u00bb4.4.2&#8243; text_font=\u00bb|on|||\u00bb text_orientation=\u00bbjustified\u00bb module_alignment=\u00bbjustified\u00bb hover_enabled=\u00bb0&#8243;]<\/p>\n<div id=\"resumen\"><strong>Hemos recibido la comunicaci\u00f3n por parte de la Delegaci\u00f3n de Escuelas para informar de que Juan Peris, nuestro director, ha sido renovado en el cargo para dos cursos escolares m\u00e1s. El nombramiento ya es oficial puesto que ha sido aprobado por el Consejo Inspectorial.<\/strong><\/div>\n<div>\u00a0<\/div>\n<p>[\/et_pb_text][et_pb_text admin_label=\u00bbAutor (Texto)\u00bb _builder_version=\u00bb3.27.4&#8243; text_font=\u00bb||on||\u00bb]Redacci\u00f3n<br \/>\n[\/et_pb_text][et_pb_text admin_label=\u00bbDesarrollo (Texto)\u00bb _builder_version=\u00bb4.4.2&#8243; text_orientation=\u00bbjustified\u00bb module_alignment=\u00bbjustified\u00bb hover_enabled=\u00bb0&#8243;]<\/p>\n<div>\u00a0<\/div>\n<div>El colegio quiere compartir con toda la comunidad educativa la alegr\u00eda de esta noticia. En estos momentos tan dif\u00edciles es una suerte que tengamos personas como Juan, que quieran implicarse en el servicio de la direcci\u00f3n. Pedimos a Dios por Juan y por toda nuestra comunidad educativa, para que nos d\u00e9 la visi\u00f3n y la fuerza para continuar al servicio, fieles al carisma de Don Bosco, de los ni\u00f1os y ni\u00f1as y los j\u00f3venes de nuestro barrio en este tiempo de incertidumbre. Ser\u00e1 necesaria toda la profundidad, confianza, energ\u00eda, ilusi\u00f3n, unidad en la diversidad y creatividad posibles para conseguir los retos que tenemos por delante.<\/div>\n<div>\u00a0<\/div>\n<div>Que la pr\u00f3xima celebraci\u00f3n de Mar\u00eda Auxiliadora, madre en tiempos dif\u00edciles, nos d\u00e9 esperanza y fuerza en nuestros pasos. \u00a1Enhorabuena, Juan, y muchas gracias por tanto!<\/div>\n<p>[\/et_pb_text][et_pb_text disabled_on=\u00bboff|on|on\u00bb admin_label=\u00bbT\u00edtulo: Galer\u00eda de fotos (Texto)\u00bb _builder_version=\u00bb3.27.4&#8243; text_font=\u00bb|on|||\u00bb text_text_color=\u00bb#dc001b\u00bb border_style=\u00bbsolid\u00bb]Galer\u00eda de im\u00e1genes<br \/>\n[\/et_pb_text][et_pb_gallery gallery_ids=\u00bb13629&#8243; posts_number=\u00bb8&#8243; show_title_and_caption=\u00bboff\u00bb zoom_icon_color=\u00bb#dc001b\u00bb hover_icon=\u00bb%%51%%\u00bb disabled_on=\u00bboff|off|off\u00bb _builder_version=\u00bb4.4.2&#8243; pagination_font_size_tablet=\u00bb51&#8243; pagination_line_height_tablet=\u00bb2&#8243;][\/et_pb_gallery][et_pb_video disabled_on=\u00bbon|on|on\u00bb _builder_version=\u00bb3.0.51&#8243; disabled=\u00bbon\u00bb][\/et_pb_video][\/et_pb_column][\/et_pb_row][\/et_pb_section]<\/p>\n<!-- AddThis Advanced Settings generic via filter on the_content --><!-- AddThis Share Buttons generic via filter on the_content -->","protected":false},"excerpt":{"rendered":"<p>Hemos recibido la comunicaci\u00f3n por parte de la Delegaci\u00f3n de Escuelas para informar de que Juan Peris, nuestro director, ha sido renovado en el cargo para dos cursos escolares m\u00e1s. El nombramiento ya es oficial puesto que ha sido aprobado por el Consejo Inspectorial. \u00a0 Redacci\u00f3n \u00a0 El colegio quiere compartir con toda la comunidad [&hellip;]<\/p>\n<p><!-- AddThis Advanced Settings generic via filter on get_the_excerpt --><!-- AddThis Share Buttons generic via filter on get_the_excerpt --><\/p>\n","protected":false},"author":6,"featured_media":13629,"comment_status":"closed","ping_status":"open","sticky":false,"template":"","format":"standard","meta":{"_et_pb_use_builder":"on","_et_pb_old_content":"","_et_gb_content_width":"","footnotes":""},"categories":[14],"tags":[],"class_list":["post-13626","post","type-post","status-publish","format-standard","has-post-thumbnail","hentry","category-noticia_colegio"],"yoast_head":"<!-- This site is optimized with the Yoast SEO plugin v28.4 - https:\/\/yoast.com\/product\/yoast-seo-wordpress\/ -->\n<title>Juan Peris, nuestro director del colegio, ha sido renovado en el cargo para dos cursos escolares m\u00e1s - Colegio San Juan Bosco Valencia<\/title>\n<meta name=\"robots\" content=\"index, follow, max-snippet:-1, max-image-preview:large, max-video-preview:-1\" \/>\n<link rel=\"canonical\" href=\"https:\/\/valenciasjb.salesianos.edu\/colegio\/juan-peris-nuestro-director-del-colegio-ha-sido-renovado-en-el-cargo-para-dos-cursos-escolares-mas\/\" \/>\n<meta property=\"og:locale\" content=\"es_ES\" \/>\n<meta property=\"og:type\" content=\"article\" \/>\n<meta property=\"og:title\" content=\"Juan Peris, nuestro director del colegio, ha sido renovado en el cargo para dos cursos escolares m\u00e1s - Colegio San Juan Bosco Valencia\" \/>\n<meta property=\"og:description\" content=\"Hemos recibido la comunicaci\u00f3n por parte de la Delegaci\u00f3n de Escuelas para informar de que Juan Peris, nuestro director, ha sido renovado en el cargo para dos cursos escolares m\u00e1s. El nombramiento ya es oficial puesto que ha sido aprobado por el Consejo Inspectorial. \u00a0 Redacci\u00f3n \u00a0 El colegio quiere compartir con toda la comunidad [&hellip;]\" \/>\n<meta property=\"og:url\" content=\"https:\/\/valenciasjb.salesianos.edu\/colegio\/juan-peris-nuestro-director-del-colegio-ha-sido-renovado-en-el-cargo-para-dos-cursos-escolares-mas\/\" \/>\n<meta property=\"og:site_name\" content=\"Colegio San Juan Bosco Valencia\" \/>\n<meta property=\"article:publisher\" content=\"https:\/\/www.facebook.com\/ColegioSalesianoSanJuanBoscoValencia\" \/>\n<meta property=\"article:published_time\" content=\"2020-05-15T18:51:07+00:00\" \/>\n<meta property=\"article:modified_time\" content=\"2020-05-15T18:52:12+00:00\" \/>\n<meta property=\"og:image\" content=\"https:\/\/valenciasjb.salesianos.edu\/colegio\/wp-content\/uploads\/sites\/2\/2020\/05\/IMG-20200515-WA0031.jpg\" \/>\n\t<meta property=\"og:image:width\" content=\"1024\" \/>\n\t<meta property=\"og:image:height\" content=\"1024\" \/>\n\t<meta property=\"og:image:type\" content=\"image\/jpeg\" \/>\n<meta name=\"author\" content=\"veronicapastor\" \/>\n<meta name=\"twitter:card\" content=\"summary_large_image\" \/>\n<meta name=\"twitter:creator\" content=\"@SalesianosVSJB\" \/>\n<meta name=\"twitter:site\" content=\"@SalesianosVSJB\" \/>\n<meta name=\"twitter:label1\" content=\"Escrito por\" \/>\n\t<meta name=\"twitter:data1\" content=\"veronicapastor\" \/>\n\t<meta name=\"twitter:label2\" content=\"Tiempo de lectura\" \/>\n\t<meta name=\"twitter:data2\" content=\"2 minutos\" \/>\n<script type=\"application\/ld+json\" class=\"yoast-schema-graph\">{\"@context\":\"https:\\\/\\\/schema.org\",\"@graph\":[{\"@type\":\"Article\",\"@id\":\"https:\\\/\\\/valenciasjb.salesianos.edu\\\/colegio\\\/juan-peris-nuestro-director-del-colegio-ha-sido-renovado-en-el-cargo-para-dos-cursos-escolares-mas\\\/#article\",\"isPartOf\":{\"@id\":\"https:\\\/\\\/valenciasjb.salesianos.edu\\\/colegio\\\/juan-peris-nuestro-director-del-colegio-ha-sido-renovado-en-el-cargo-para-dos-cursos-escolares-mas\\\/\"},\"author\":{\"name\":\"veronicapastor\",\"@id\":\"https:\\\/\\\/valenciasjb.salesianos.edu\\\/colegio\\\/#\\\/schema\\\/person\\\/1f45b67e52b27da175190a574db6bed9\"},\"headline\":\"Juan Peris, nuestro director del colegio, ha sido renovado en el cargo para dos cursos escolares m\u00e1s\",\"datePublished\":\"2020-05-15T18:51:07+00:00\",\"dateModified\":\"2020-05-15T18:52:12+00:00\",\"mainEntityOfPage\":{\"@id\":\"https:\\\/\\\/valenciasjb.salesianos.edu\\\/colegio\\\/juan-peris-nuestro-director-del-colegio-ha-sido-renovado-en-el-cargo-para-dos-cursos-escolares-mas\\\/\"},\"wordCount\":407,\"image\":{\"@id\":\"https:\\\/\\\/valenciasjb.salesianos.edu\\\/colegio\\\/juan-peris-nuestro-director-del-colegio-ha-sido-renovado-en-el-cargo-para-dos-cursos-escolares-mas\\\/#primaryimage\"},\"thumbnailUrl\":\"https:\\\/\\\/valenciasjb.salesianos.edu\\\/colegio\\\/wp-content\\\/uploads\\\/sites\\\/2\\\/2020\\\/05\\\/IMG-20200515-WA0031.jpg\",\"articleSection\":[\"Noticia Colegio\"],\"inLanguage\":\"es\"},{\"@type\":\"WebPage\",\"@id\":\"https:\\\/\\\/valenciasjb.salesianos.edu\\\/colegio\\\/juan-peris-nuestro-director-del-colegio-ha-sido-renovado-en-el-cargo-para-dos-cursos-escolares-mas\\\/\",\"url\":\"https:\\\/\\\/valenciasjb.salesianos.edu\\\/colegio\\\/juan-peris-nuestro-director-del-colegio-ha-sido-renovado-en-el-cargo-para-dos-cursos-escolares-mas\\\/\",\"name\":\"Juan Peris, nuestro director del colegio, ha sido renovado en el cargo para dos cursos escolares m\u00e1s - Colegio San Juan Bosco Valencia\",\"isPartOf\":{\"@id\":\"https:\\\/\\\/valenciasjb.salesianos.edu\\\/colegio\\\/#website\"},\"primaryImageOfPage\":{\"@id\":\"https:\\\/\\\/valenciasjb.salesianos.edu\\\/colegio\\\/juan-peris-nuestro-director-del-colegio-ha-sido-renovado-en-el-cargo-para-dos-cursos-escolares-mas\\\/#primaryimage\"},\"image\":{\"@id\":\"https:\\\/\\\/valenciasjb.salesianos.edu\\\/colegio\\\/juan-peris-nuestro-director-del-colegio-ha-sido-renovado-en-el-cargo-para-dos-cursos-escolares-mas\\\/#primaryimage\"},\"thumbnailUrl\":\"https:\\\/\\\/valenciasjb.salesianos.edu\\\/colegio\\\/wp-content\\\/uploads\\\/sites\\\/2\\\/2020\\\/05\\\/IMG-20200515-WA0031.jpg\",\"datePublished\":\"2020-05-15T18:51:07+00:00\",\"dateModified\":\"2020-05-15T18:52:12+00:00\",\"author\":{\"@id\":\"https:\\\/\\\/valenciasjb.salesianos.edu\\\/colegio\\\/#\\\/schema\\\/person\\\/1f45b67e52b27da175190a574db6bed9\"},\"breadcrumb\":{\"@id\":\"https:\\\/\\\/valenciasjb.salesianos.edu\\\/colegio\\\/juan-peris-nuestro-director-del-colegio-ha-sido-renovado-en-el-cargo-para-dos-cursos-escolares-mas\\\/#breadcrumb\"},\"inLanguage\":\"es\",\"potentialAction\":[{\"@type\":\"ReadAction\",\"target\":[\"https:\\\/\\\/valenciasjb.salesianos.edu\\\/colegio\\\/juan-peris-nuestro-director-del-colegio-ha-sido-renovado-en-el-cargo-para-dos-cursos-escolares-mas\\\/\"]}]},{\"@type\":\"ImageObject\",\"inLanguage\":\"es\",\"@id\":\"https:\\\/\\\/valenciasjb.salesianos.edu\\\/colegio\\\/juan-peris-nuestro-director-del-colegio-ha-sido-renovado-en-el-cargo-para-dos-cursos-escolares-mas\\\/#primaryimage\",\"url\":\"https:\\\/\\\/valenciasjb.salesianos.edu\\\/colegio\\\/wp-content\\\/uploads\\\/sites\\\/2\\\/2020\\\/05\\\/IMG-20200515-WA0031.jpg\",\"contentUrl\":\"https:\\\/\\\/valenciasjb.salesianos.edu\\\/colegio\\\/wp-content\\\/uploads\\\/sites\\\/2\\\/2020\\\/05\\\/IMG-20200515-WA0031.jpg\",\"width\":1024,\"height\":1024},{\"@type\":\"BreadcrumbList\",\"@id\":\"https:\\\/\\\/valenciasjb.salesianos.edu\\\/colegio\\\/juan-peris-nuestro-director-del-colegio-ha-sido-renovado-en-el-cargo-para-dos-cursos-escolares-mas\\\/#breadcrumb\",\"itemListElement\":[{\"@type\":\"ListItem\",\"position\":1,\"name\":\"Portada\",\"item\":\"https:\\\/\\\/valenciasjb.salesianos.edu\\\/colegio\\\/\"},{\"@type\":\"ListItem\",\"position\":2,\"name\":\"Juan Peris, nuestro director del colegio, ha sido renovado en el cargo para dos cursos escolares m\u00e1s\"}]},{\"@type\":\"WebSite\",\"@id\":\"https:\\\/\\\/valenciasjb.salesianos.edu\\\/colegio\\\/#website\",\"url\":\"https:\\\/\\\/valenciasjb.salesianos.edu\\\/colegio\\\/\",\"name\":\"Colegio San Juan Bosco Valencia\",\"description\":\"P\u00e1gina oficial del Colegio Salesianos San Juan Bosco Valencia\",\"alternateName\":\"Salesianos.VSJB\",\"potentialAction\":[{\"@type\":\"SearchAction\",\"target\":{\"@type\":\"EntryPoint\",\"urlTemplate\":\"https:\\\/\\\/valenciasjb.salesianos.edu\\\/colegio\\\/?s={search_term_string}\"},\"query-input\":{\"@type\":\"PropertyValueSpecification\",\"valueRequired\":true,\"valueName\":\"search_term_string\"}}],\"inLanguage\":\"es\"},{\"@type\":\"Person\",\"@id\":\"https:\\\/\\\/valenciasjb.salesianos.edu\\\/colegio\\\/#\\\/schema\\\/person\\\/1f45b67e52b27da175190a574db6bed9\",\"name\":\"veronicapastor\",\"image\":{\"@type\":\"ImageObject\",\"inLanguage\":\"es\",\"@id\":\"https:\\\/\\\/secure.gravatar.com\\\/avatar\\\/e29bd40bace3fd935e1d6fdb7313ffc14628cc037c5e16f4c7369b20a2a6f7f0?s=96&d=mm&r=g\",\"url\":\"https:\\\/\\\/secure.gravatar.com\\\/avatar\\\/e29bd40bace3fd935e1d6fdb7313ffc14628cc037c5e16f4c7369b20a2a6f7f0?s=96&d=mm&r=g\",\"contentUrl\":\"https:\\\/\\\/secure.gravatar.com\\\/avatar\\\/e29bd40bace3fd935e1d6fdb7313ffc14628cc037c5e16f4c7369b20a2a6f7f0?s=96&d=mm&r=g\",\"caption\":\"veronicapastor\"}}]}<\/script>\n<!-- \/ Yoast SEO plugin. -->","yoast_head_json":{"title":"Juan Peris, nuestro director del colegio, ha sido renovado en el cargo para dos cursos escolares m\u00e1s - Colegio San Juan Bosco Valencia","robots":{"index":"index","follow":"follow","max-snippet":"max-snippet:-1","max-image-preview":"max-image-preview:large","max-video-preview":"max-video-preview:-1"},"canonical":"https:\/\/valenciasjb.salesianos.edu\/colegio\/juan-peris-nuestro-director-del-colegio-ha-sido-renovado-en-el-cargo-para-dos-cursos-escolares-mas\/","og_locale":"es_ES","og_type":"article","og_title":"Juan Peris, nuestro director del colegio, ha sido renovado en el cargo para dos cursos escolares m\u00e1s - Colegio San Juan Bosco Valencia","og_description":"Hemos recibido la comunicaci\u00f3n por parte de la Delegaci\u00f3n de Escuelas para informar de que Juan Peris, nuestro director, ha sido renovado en el cargo para dos cursos escolares m\u00e1s. El nombramiento ya es oficial puesto que ha sido aprobado por el Consejo Inspectorial. \u00a0 Redacci\u00f3n \u00a0 El colegio quiere compartir con toda la comunidad [&hellip;]","og_url":"https:\/\/valenciasjb.salesianos.edu\/colegio\/juan-peris-nuestro-director-del-colegio-ha-sido-renovado-en-el-cargo-para-dos-cursos-escolares-mas\/","og_site_name":"Colegio San Juan Bosco Valencia","article_publisher":"https:\/\/www.facebook.com\/ColegioSalesianoSanJuanBoscoValencia","article_published_time":"2020-05-15T18:51:07+00:00","article_modified_time":"2020-05-15T18:52:12+00:00","og_image":[{"width":1024,"height":1024,"url":"https:\/\/valenciasjb.salesianos.edu\/colegio\/wp-content\/uploads\/sites\/2\/2020\/05\/IMG-20200515-WA0031.jpg","type":"image\/jpeg"}],"author":"veronicapastor","twitter_card":"summary_large_image","twitter_creator":"@SalesianosVSJB","twitter_site":"@SalesianosVSJB","twitter_misc":{"Escrito por":"veronicapastor","Tiempo de lectura":"2 minutos"},"schema":{"@context":"https:\/\/schema.org","@graph":[{"@type":"Article","@id":"https:\/\/valenciasjb.salesianos.edu\/colegio\/juan-peris-nuestro-director-del-colegio-ha-sido-renovado-en-el-cargo-para-dos-cursos-escolares-mas\/#article","isPartOf":{"@id":"https:\/\/valenciasjb.salesianos.edu\/colegio\/juan-peris-nuestro-director-del-colegio-ha-sido-renovado-en-el-cargo-para-dos-cursos-escolares-mas\/"},"author":{"name":"veronicapastor","@id":"https:\/\/valenciasjb.salesianos.edu\/colegio\/#\/schema\/person\/1f45b67e52b27da175190a574db6bed9"},"headline":"Juan Peris, nuestro director del colegio, ha sido renovado en el cargo para dos cursos escolares m\u00e1s","datePublished":"2020-05-15T18:51:07+00:00","dateModified":"2020-05-15T18:52:12+00:00","mainEntityOfPage":{"@id":"https:\/\/valenciasjb.salesianos.edu\/colegio\/juan-peris-nuestro-director-del-colegio-ha-sido-renovado-en-el-cargo-para-dos-cursos-escolares-mas\/"},"wordCount":407,"image":{"@id":"https:\/\/valenciasjb.salesianos.edu\/colegio\/juan-peris-nuestro-director-del-colegio-ha-sido-renovado-en-el-cargo-para-dos-cursos-escolares-mas\/#primaryimage"},"thumbnailUrl":"https:\/\/valenciasjb.salesianos.edu\/colegio\/wp-content\/uploads\/sites\/2\/2020\/05\/IMG-20200515-WA0031.jpg","articleSection":["Noticia Colegio"],"inLanguage":"es"},{"@type":"WebPage","@id":"https:\/\/valenciasjb.salesianos.edu\/colegio\/juan-peris-nuestro-director-del-colegio-ha-sido-renovado-en-el-cargo-para-dos-cursos-escolares-mas\/","url":"https:\/\/valenciasjb.salesianos.edu\/colegio\/juan-peris-nuestro-director-del-colegio-ha-sido-renovado-en-el-cargo-para-dos-cursos-escolares-mas\/","name":"Juan Peris, nuestro director del colegio, ha sido renovado en el cargo para dos cursos escolares m\u00e1s - Colegio San Juan Bosco Valencia","isPartOf":{"@id":"https:\/\/valenciasjb.salesianos.edu\/colegio\/#website"},"primaryImageOfPage":{"@id":"https:\/\/valenciasjb.salesianos.edu\/colegio\/juan-peris-nuestro-director-del-colegio-ha-sido-renovado-en-el-cargo-para-dos-cursos-escolares-mas\/#primaryimage"},"image":{"@id":"https:\/\/valenciasjb.salesianos.edu\/colegio\/juan-peris-nuestro-director-del-colegio-ha-sido-renovado-en-el-cargo-para-dos-cursos-escolares-mas\/#primaryimage"},"thumbnailUrl":"https:\/\/valenciasjb.salesianos.edu\/colegio\/wp-content\/uploads\/sites\/2\/2020\/05\/IMG-20200515-WA0031.jpg","datePublished":"2020-05-15T18:51:07+00:00","dateModified":"2020-05-15T18:52:12+00:00","author":{"@id":"https:\/\/valenciasjb.salesianos.edu\/colegio\/#\/schema\/person\/1f45b67e52b27da175190a574db6bed9"},"breadcrumb":{"@id":"https:\/\/valenciasjb.salesianos.edu\/colegio\/juan-peris-nuestro-director-del-colegio-ha-sido-renovado-en-el-cargo-para-dos-cursos-escolares-mas\/#breadcrumb"},"inLanguage":"es","potentialAction":[{"@type":"ReadAction","target":["https:\/\/valenciasjb.salesianos.edu\/colegio\/juan-peris-nuestro-director-del-colegio-ha-sido-renovado-en-el-cargo-para-dos-cursos-escolares-mas\/"]}]},{"@type":"ImageObject","inLanguage":"es","@id":"https:\/\/valenciasjb.salesianos.edu\/colegio\/juan-peris-nuestro-director-del-colegio-ha-sido-renovado-en-el-cargo-para-dos-cursos-escolares-mas\/#primaryimage","url":"https:\/\/valenciasjb.salesianos.edu\/colegio\/wp-content\/uploads\/sites\/2\/2020\/05\/IMG-20200515-WA0031.jpg","contentUrl":"https:\/\/valenciasjb.salesianos.edu\/colegio\/wp-content\/uploads\/sites\/2\/2020\/05\/IMG-20200515-WA0031.jpg","width":1024,"height":1024},{"@type":"BreadcrumbList","@id":"https:\/\/valenciasjb.salesianos.edu\/colegio\/juan-peris-nuestro-director-del-colegio-ha-sido-renovado-en-el-cargo-para-dos-cursos-escolares-mas\/#breadcrumb","itemListElement":[{"@type":"ListItem","position":1,"name":"Portada","item":"https:\/\/valenciasjb.salesianos.edu\/colegio\/"},{"@type":"ListItem","position":2,"name":"Juan Peris, nuestro director del colegio, ha sido renovado en el cargo para dos cursos escolares m\u00e1s"}]},{"@type":"WebSite","@id":"https:\/\/valenciasjb.salesianos.edu\/colegio\/#website","url":"https:\/\/valenciasjb.salesianos.edu\/colegio\/","name":"Colegio San Juan Bosco Valencia","description":"P\u00e1gina oficial del Colegio Salesianos San Juan Bosco Valencia","alternateName":"Salesianos.VSJB","potentialAction":[{"@type":"SearchAction","target":{"@type":"EntryPoint","urlTemplate":"https:\/\/valenciasjb.salesianos.edu\/colegio\/?s={search_term_string}"},"query-input":{"@type":"PropertyValueSpecification","valueRequired":true,"valueName":"search_term_string"}}],"inLanguage":"es"},{"@type":"Person","@id":"https:\/\/valenciasjb.salesianos.edu\/colegio\/#\/schema\/person\/1f45b67e52b27da175190a574db6bed9","name":"veronicapastor","image":{"@type":"ImageObject","inLanguage":"es","@id":"https:\/\/secure.gravatar.com\/avatar\/e29bd40bace3fd935e1d6fdb7313ffc14628cc037c5e16f4c7369b20a2a6f7f0?s=96&d=mm&r=g","url":"https:\/\/secure.gravatar.com\/avatar\/e29bd40bace3fd935e1d6fdb7313ffc14628cc037c5e16f4c7369b20a2a6f7f0?s=96&d=mm&r=g","contentUrl":"https:\/\/secure.gravatar.com\/avatar\/e29bd40bace3fd935e1d6fdb7313ffc14628cc037c5e16f4c7369b20a2a6f7f0?s=96&d=mm&r=g","caption":"veronicapastor"}}]}},"_links":{"self":[{"href":"https:\/\/valenciasjb.salesianos.edu\/colegio\/wp-json\/wp\/v2\/posts\/13626","targetHints":{"allow":["GET"]}}],"collection":[{"href":"https:\/\/valenciasjb.salesianos.edu\/colegio\/wp-json\/wp\/v2\/posts"}],"about":[{"href":"https:\/\/valenciasjb.salesianos.edu\/colegio\/wp-json\/wp\/v2\/types\/post"}],"author":[{"embeddable":true,"href":"https:\/\/valenciasjb.salesianos.edu\/colegio\/wp-json\/wp\/v2\/users\/6"}],"replies":[{"embeddable":true,"href":"https:\/\/valenciasjb.salesianos.edu\/colegio\/wp-json\/wp\/v2\/comments?post=13626"}],"version-history":[{"count":5,"href":"https:\/\/valenciasjb.salesianos.edu\/colegio\/wp-json\/wp\/v2\/posts\/13626\/revisions"}],"predecessor-version":[{"id":13633,"href":"https:\/\/valenciasjb.salesianos.edu\/colegio\/wp-json\/wp\/v2\/posts\/13626\/revisions\/13633"}],"wp:featuredmedia":[{"embeddable":true,"href":"https:\/\/valenciasjb.salesianos.edu\/colegio\/wp-json\/wp\/v2\/media\/13629"}],"wp:attachment":[{"href":"https:\/\/valenciasjb.salesianos.edu\/colegio\/wp-json\/wp\/v2\/media?parent=13626"}],"wp:term":[{"taxonomy":"category","embeddable":true,"href":"https:\/\/valenciasjb.salesianos.edu\/colegio\/wp-json\/wp\/v2\/categories?post=13626"},{"taxonomy":"post_tag","embeddable":true,"href":"https:\/\/valenciasjb.salesianos.edu\/colegio\/wp-json\/wp\/v2\/tags?post=13626"}],"curies":[{"name":"wp","href":"https:\/\/api.w.org\/{rel}","templated":true}]}}