{"id":13734,"date":"2020-06-02T11:51:01","date_gmt":"2020-06-02T10:51:01","guid":{"rendered":"https:\/\/valenciasjb.salesianos.edu\/colegio\/?p=13734"},"modified":"2020-06-02T11:51:05","modified_gmt":"2020-06-02T10:51:05","slug":"acnur-agradece-al-colegio-su-compromiso-con-los-refugiados-y-refugiadas","status":"publish","type":"post","link":"https:\/\/valenciasjb.salesianos.edu\/colegio\/acnur-agradece-al-colegio-su-compromiso-con-los-refugiados-y-refugiadas\/","title":{"rendered":"ACNUR agradece al colegio su compromiso con los refugiados y refugiadas"},"content":{"rendered":"<div id=\"fb-root\"><\/div>\n<p>[et_pb_section fb_built=\u00bb1&#8243; admin_label=\u00bbsection\u00bb _builder_version=\u00bb3.22&#8243;][et_pb_row admin_label=\u00bbrow\u00bb _builder_version=\u00bb3.25&#8243; background_size=\u00bbinitial\u00bb background_position=\u00bbtop_left\u00bb background_repeat=\u00bbrepeat\u00bb][et_pb_column type=\u00bb4_4&#8243; _builder_version=\u00bb3.25&#8243; custom_padding=\u00bb|||\u00bb custom_padding__hover=\u00bb|||\u00bb][et_pb_text admin_label=\u00bbEntradilla (Texto)\u00bb _builder_version=\u00bb4.4.2&#8243; text_font=\u00bb|on|||\u00bb text_orientation=\u00bbjustified\u00bb module_alignment=\u00bbjustified\u00bb hover_enabled=\u00bb0&#8243;]<\/p>\n<div id=\"resumen\"><strong>ACNUR, la Agencia de la ONU para los Refugiados, ha enviado una carta de agradecimiento a la comunidad educativa del Colegio Salesiano San Juan Bosco de Valencia por su compromiso y vinculaci\u00f3n con los refugiados y refugiadas.<\/strong><\/div>\n<div>\u00a0<\/div>\n<div>\u00a0<\/div>\n<p>[\/et_pb_text][et_pb_text admin_label=\u00bbAutor (Texto)\u00bb _builder_version=\u00bb4.4.2&#8243; text_font=\u00bb||on||\u00bb hover_enabled=\u00bb0&#8243;]<\/p>\n<p>Redacci\u00f3n.<\/p>\n<p>[\/et_pb_text][et_pb_text admin_label=\u00bbDesarrollo (Texto)\u00bb _builder_version=\u00bb4.4.2&#8243; text_orientation=\u00bbjustified\u00bb module_alignment=\u00bbjustified\u00bb hover_enabled=\u00bb0&#8243;]<\/p>\n<p>\u00abQueremos daros las gracias por ayudarnos d\u00eda a d\u00eda, a superar estos desaf\u00edos. Por eso os enviamos un im\u00e1n con la sonrisa de Liliana desde el campo de desplazados internos de Lukwangulo, en la Rep\u00fablica Democr\u00e1tica del Congo (RDC). Esta sonrisa es gracias a vosotros, gracias a la esperanza de futuro en la que se transforman todas vuestras donaciones\u00bb, indica en su carta la ONG. \u00abOs agradecemos enormemente vuestro apoyo y compromiso con ACNUR\u00bb.<\/p>\n<p>El Colegio quiere dar las gracias a toda la comunidad educativa, que se vuelca siempre en todas las iniciativas solidarias que planteamos, por un mundo m\u00e1s justo y m\u00e1s fraterno para todos y todas. \u00a1So\u00f1amos juntos, somos uno!<\/p>\n<p>[\/et_pb_text][et_pb_text disabled_on=\u00bboff|on|on\u00bb admin_label=\u00bbT\u00edtulo: Galer\u00eda de fotos (Texto)\u00bb _builder_version=\u00bb3.27.4&#8243; text_font=\u00bb|on|||\u00bb text_text_color=\u00bb#dc001b\u00bb border_style=\u00bbsolid\u00bb]Galer\u00eda de im\u00e1genes<br \/>\n[\/et_pb_text][et_pb_gallery posts_number=\u00bb8&#8243; show_title_and_caption=\u00bboff\u00bb zoom_icon_color=\u00bb#dc001b\u00bb hover_icon=\u00bb%%51%%\u00bb disabled_on=\u00bboff|off|off\u00bb _builder_version=\u00bb4.4.2&#8243; pagination_font_size_tablet=\u00bb51&#8243; pagination_line_height_tablet=\u00bb2&#8243;][\/et_pb_gallery][et_pb_video disabled_on=\u00bbon|on|on\u00bb _builder_version=\u00bb3.0.51&#8243; disabled=\u00bbon\u00bb][\/et_pb_video][\/et_pb_column][\/et_pb_row][\/et_pb_section][et_pb_section fb_built=\u00bb1&#8243; _builder_version=\u00bb4.4.2&#8243;][et_pb_row _builder_version=\u00bb4.4.2&#8243;][et_pb_column _builder_version=\u00bb4.4.2&#8243; type=\u00bb4_4&#8243;][et_pb_image _builder_version=\u00bb4.4.2&#8243; src=\u00bbhttps:\/\/valenciasjb.salesianos.edu\/colegio\/wp-content\/uploads\/sites\/2\/2020\/06\/SRV-UNIFLOW_RZH02361IR1435_3363_200602115007_001_page-0001.jpg\u00bb hover_enabled=\u00bb0&#8243;][\/et_pb_image][\/et_pb_column][\/et_pb_row][\/et_pb_section]<\/p>\n<!-- AddThis Advanced Settings generic via filter on the_content --><!-- AddThis Share Buttons generic via filter on the_content -->","protected":false},"excerpt":{"rendered":"<p>ACNUR, la Agencia de la ONU para los Refugiados, ha enviado una carta de agradecimiento a la comunidad educativa del Colegio Salesiano San Juan Bosco de Valencia por su compromiso y vinculaci\u00f3n con los refugiados y refugiadas. \u00a0 \u00a0 Redacci\u00f3n. \u00abQueremos daros las gracias por ayudarnos d\u00eda a d\u00eda, a superar estos desaf\u00edos. Por eso [&hellip;]<\/p>\n<p><!-- AddThis Advanced Settings generic via filter on get_the_excerpt --><!-- AddThis Share Buttons generic via filter on get_the_excerpt --><\/p>\n","protected":false},"author":6,"featured_media":13737,"comment_status":"closed","ping_status":"open","sticky":false,"template":"","format":"standard","meta":{"_et_pb_use_builder":"on","_et_pb_old_content":"","_et_gb_content_width":"","footnotes":""},"categories":[14],"tags":[],"class_list":["post-13734","post","type-post","status-publish","format-standard","has-post-thumbnail","hentry","category-noticia_colegio"],"yoast_head":"<!-- This site is optimized with the Yoast SEO plugin v28.4 - https:\/\/yoast.com\/product\/yoast-seo-wordpress\/ -->\n<title>ACNUR agradece al colegio su compromiso con los refugiados y refugiadas - Colegio San Juan Bosco Valencia<\/title>\n<meta name=\"robots\" content=\"index, follow, max-snippet:-1, max-image-preview:large, max-video-preview:-1\" \/>\n<link rel=\"canonical\" href=\"https:\/\/valenciasjb.salesianos.edu\/colegio\/acnur-agradece-al-colegio-su-compromiso-con-los-refugiados-y-refugiadas\/\" \/>\n<meta property=\"og:locale\" content=\"es_ES\" \/>\n<meta property=\"og:type\" content=\"article\" \/>\n<meta property=\"og:title\" content=\"ACNUR agradece al colegio su compromiso con los refugiados y refugiadas - Colegio San Juan Bosco Valencia\" \/>\n<meta property=\"og:description\" content=\"ACNUR, la Agencia de la ONU para los Refugiados, ha enviado una carta de agradecimiento a la comunidad educativa del Colegio Salesiano San Juan Bosco de Valencia por su compromiso y vinculaci\u00f3n con los refugiados y refugiadas. \u00a0 \u00a0 Redacci\u00f3n. &quot;Queremos daros las gracias por ayudarnos d\u00eda a d\u00eda, a superar estos desaf\u00edos. Por eso [&hellip;]\" \/>\n<meta property=\"og:url\" content=\"https:\/\/valenciasjb.salesianos.edu\/colegio\/acnur-agradece-al-colegio-su-compromiso-con-los-refugiados-y-refugiadas\/\" \/>\n<meta property=\"og:site_name\" content=\"Colegio San Juan Bosco Valencia\" \/>\n<meta property=\"article:publisher\" content=\"https:\/\/www.facebook.com\/ColegioSalesianoSanJuanBoscoValencia\" \/>\n<meta property=\"article:published_time\" content=\"2020-06-02T10:51:01+00:00\" \/>\n<meta property=\"article:modified_time\" content=\"2020-06-02T10:51:05+00:00\" \/>\n<meta property=\"og:image\" content=\"https:\/\/valenciasjb.salesianos.edu\/colegio\/wp-content\/uploads\/sites\/2\/2020\/06\/SRV-UNIFLOW_RZH02361IR1435_3363_200602115007_001_page-0001.jpg\" \/>\n\t<meta property=\"og:image:width\" content=\"1232\" \/>\n\t<meta property=\"og:image:height\" content=\"1744\" \/>\n\t<meta property=\"og:image:type\" content=\"image\/jpeg\" \/>\n<meta name=\"author\" content=\"veronicapastor\" \/>\n<meta name=\"twitter:card\" content=\"summary_large_image\" \/>\n<meta name=\"twitter:creator\" content=\"@SalesianosVSJB\" \/>\n<meta name=\"twitter:site\" content=\"@SalesianosVSJB\" \/>\n<meta name=\"twitter:label1\" content=\"Escrito por\" \/>\n\t<meta name=\"twitter:data1\" content=\"veronicapastor\" \/>\n\t<meta name=\"twitter:label2\" content=\"Tiempo de lectura\" \/>\n\t<meta name=\"twitter:data2\" content=\"2 minutos\" \/>\n<script type=\"application\/ld+json\" class=\"yoast-schema-graph\">{\"@context\":\"https:\\\/\\\/schema.org\",\"@graph\":[{\"@type\":\"Article\",\"@id\":\"https:\\\/\\\/valenciasjb.salesianos.edu\\\/colegio\\\/acnur-agradece-al-colegio-su-compromiso-con-los-refugiados-y-refugiadas\\\/#article\",\"isPartOf\":{\"@id\":\"https:\\\/\\\/valenciasjb.salesianos.edu\\\/colegio\\\/acnur-agradece-al-colegio-su-compromiso-con-los-refugiados-y-refugiadas\\\/\"},\"author\":{\"name\":\"veronicapastor\",\"@id\":\"https:\\\/\\\/valenciasjb.salesianos.edu\\\/colegio\\\/#\\\/schema\\\/person\\\/1f45b67e52b27da175190a574db6bed9\"},\"headline\":\"ACNUR agradece al colegio su compromiso con los refugiados y refugiadas\",\"datePublished\":\"2020-06-02T10:51:01+00:00\",\"dateModified\":\"2020-06-02T10:51:05+00:00\",\"mainEntityOfPage\":{\"@id\":\"https:\\\/\\\/valenciasjb.salesianos.edu\\\/colegio\\\/acnur-agradece-al-colegio-su-compromiso-con-los-refugiados-y-refugiadas\\\/\"},\"wordCount\":419,\"image\":{\"@id\":\"https:\\\/\\\/valenciasjb.salesianos.edu\\\/colegio\\\/acnur-agradece-al-colegio-su-compromiso-con-los-refugiados-y-refugiadas\\\/#primaryimage\"},\"thumbnailUrl\":\"https:\\\/\\\/valenciasjb.salesianos.edu\\\/colegio\\\/wp-content\\\/uploads\\\/sites\\\/2\\\/2020\\\/06\\\/SRV-UNIFLOW_RZH02361IR1435_3363_200602115007_001_page-0001.jpg\",\"articleSection\":[\"Noticia Colegio\"],\"inLanguage\":\"es\"},{\"@type\":\"WebPage\",\"@id\":\"https:\\\/\\\/valenciasjb.salesianos.edu\\\/colegio\\\/acnur-agradece-al-colegio-su-compromiso-con-los-refugiados-y-refugiadas\\\/\",\"url\":\"https:\\\/\\\/valenciasjb.salesianos.edu\\\/colegio\\\/acnur-agradece-al-colegio-su-compromiso-con-los-refugiados-y-refugiadas\\\/\",\"name\":\"ACNUR agradece al colegio su compromiso con los refugiados y refugiadas - Colegio San Juan Bosco Valencia\",\"isPartOf\":{\"@id\":\"https:\\\/\\\/valenciasjb.salesianos.edu\\\/colegio\\\/#website\"},\"primaryImageOfPage\":{\"@id\":\"https:\\\/\\\/valenciasjb.salesianos.edu\\\/colegio\\\/acnur-agradece-al-colegio-su-compromiso-con-los-refugiados-y-refugiadas\\\/#primaryimage\"},\"image\":{\"@id\":\"https:\\\/\\\/valenciasjb.salesianos.edu\\\/colegio\\\/acnur-agradece-al-colegio-su-compromiso-con-los-refugiados-y-refugiadas\\\/#primaryimage\"},\"thumbnailUrl\":\"https:\\\/\\\/valenciasjb.salesianos.edu\\\/colegio\\\/wp-content\\\/uploads\\\/sites\\\/2\\\/2020\\\/06\\\/SRV-UNIFLOW_RZH02361IR1435_3363_200602115007_001_page-0001.jpg\",\"datePublished\":\"2020-06-02T10:51:01+00:00\",\"dateModified\":\"2020-06-02T10:51:05+00:00\",\"author\":{\"@id\":\"https:\\\/\\\/valenciasjb.salesianos.edu\\\/colegio\\\/#\\\/schema\\\/person\\\/1f45b67e52b27da175190a574db6bed9\"},\"breadcrumb\":{\"@id\":\"https:\\\/\\\/valenciasjb.salesianos.edu\\\/colegio\\\/acnur-agradece-al-colegio-su-compromiso-con-los-refugiados-y-refugiadas\\\/#breadcrumb\"},\"inLanguage\":\"es\",\"potentialAction\":[{\"@type\":\"ReadAction\",\"target\":[\"https:\\\/\\\/valenciasjb.salesianos.edu\\\/colegio\\\/acnur-agradece-al-colegio-su-compromiso-con-los-refugiados-y-refugiadas\\\/\"]}]},{\"@type\":\"ImageObject\",\"inLanguage\":\"es\",\"@id\":\"https:\\\/\\\/valenciasjb.salesianos.edu\\\/colegio\\\/acnur-agradece-al-colegio-su-compromiso-con-los-refugiados-y-refugiadas\\\/#primaryimage\",\"url\":\"https:\\\/\\\/valenciasjb.salesianos.edu\\\/colegio\\\/wp-content\\\/uploads\\\/sites\\\/2\\\/2020\\\/06\\\/SRV-UNIFLOW_RZH02361IR1435_3363_200602115007_001_page-0001.jpg\",\"contentUrl\":\"https:\\\/\\\/valenciasjb.salesianos.edu\\\/colegio\\\/wp-content\\\/uploads\\\/sites\\\/2\\\/2020\\\/06\\\/SRV-UNIFLOW_RZH02361IR1435_3363_200602115007_001_page-0001.jpg\",\"width\":1232,\"height\":1744},{\"@type\":\"BreadcrumbList\",\"@id\":\"https:\\\/\\\/valenciasjb.salesianos.edu\\\/colegio\\\/acnur-agradece-al-colegio-su-compromiso-con-los-refugiados-y-refugiadas\\\/#breadcrumb\",\"itemListElement\":[{\"@type\":\"ListItem\",\"position\":1,\"name\":\"Portada\",\"item\":\"https:\\\/\\\/valenciasjb.salesianos.edu\\\/colegio\\\/\"},{\"@type\":\"ListItem\",\"position\":2,\"name\":\"ACNUR agradece al colegio su compromiso con los refugiados y refugiadas\"}]},{\"@type\":\"WebSite\",\"@id\":\"https:\\\/\\\/valenciasjb.salesianos.edu\\\/colegio\\\/#website\",\"url\":\"https:\\\/\\\/valenciasjb.salesianos.edu\\\/colegio\\\/\",\"name\":\"Colegio San Juan Bosco Valencia\",\"description\":\"P\u00e1gina oficial del Colegio Salesianos San Juan Bosco Valencia\",\"alternateName\":\"Salesianos.VSJB\",\"potentialAction\":[{\"@type\":\"SearchAction\",\"target\":{\"@type\":\"EntryPoint\",\"urlTemplate\":\"https:\\\/\\\/valenciasjb.salesianos.edu\\\/colegio\\\/?s={search_term_string}\"},\"query-input\":{\"@type\":\"PropertyValueSpecification\",\"valueRequired\":true,\"valueName\":\"search_term_string\"}}],\"inLanguage\":\"es\"},{\"@type\":\"Person\",\"@id\":\"https:\\\/\\\/valenciasjb.salesianos.edu\\\/colegio\\\/#\\\/schema\\\/person\\\/1f45b67e52b27da175190a574db6bed9\",\"name\":\"veronicapastor\",\"image\":{\"@type\":\"ImageObject\",\"inLanguage\":\"es\",\"@id\":\"https:\\\/\\\/secure.gravatar.com\\\/avatar\\\/e29bd40bace3fd935e1d6fdb7313ffc14628cc037c5e16f4c7369b20a2a6f7f0?s=96&d=mm&r=g\",\"url\":\"https:\\\/\\\/secure.gravatar.com\\\/avatar\\\/e29bd40bace3fd935e1d6fdb7313ffc14628cc037c5e16f4c7369b20a2a6f7f0?s=96&d=mm&r=g\",\"contentUrl\":\"https:\\\/\\\/secure.gravatar.com\\\/avatar\\\/e29bd40bace3fd935e1d6fdb7313ffc14628cc037c5e16f4c7369b20a2a6f7f0?s=96&d=mm&r=g\",\"caption\":\"veronicapastor\"}}]}<\/script>\n<!-- \/ Yoast SEO plugin. -->","yoast_head_json":{"title":"ACNUR agradece al colegio su compromiso con los refugiados y refugiadas - Colegio San Juan Bosco Valencia","robots":{"index":"index","follow":"follow","max-snippet":"max-snippet:-1","max-image-preview":"max-image-preview:large","max-video-preview":"max-video-preview:-1"},"canonical":"https:\/\/valenciasjb.salesianos.edu\/colegio\/acnur-agradece-al-colegio-su-compromiso-con-los-refugiados-y-refugiadas\/","og_locale":"es_ES","og_type":"article","og_title":"ACNUR agradece al colegio su compromiso con los refugiados y refugiadas - Colegio San Juan Bosco Valencia","og_description":"ACNUR, la Agencia de la ONU para los Refugiados, ha enviado una carta de agradecimiento a la comunidad educativa del Colegio Salesiano San Juan Bosco de Valencia por su compromiso y vinculaci\u00f3n con los refugiados y refugiadas. \u00a0 \u00a0 Redacci\u00f3n. \"Queremos daros las gracias por ayudarnos d\u00eda a d\u00eda, a superar estos desaf\u00edos. Por eso [&hellip;]","og_url":"https:\/\/valenciasjb.salesianos.edu\/colegio\/acnur-agradece-al-colegio-su-compromiso-con-los-refugiados-y-refugiadas\/","og_site_name":"Colegio San Juan Bosco Valencia","article_publisher":"https:\/\/www.facebook.com\/ColegioSalesianoSanJuanBoscoValencia","article_published_time":"2020-06-02T10:51:01+00:00","article_modified_time":"2020-06-02T10:51:05+00:00","og_image":[{"width":1232,"height":1744,"url":"https:\/\/valenciasjb.salesianos.edu\/colegio\/wp-content\/uploads\/sites\/2\/2020\/06\/SRV-UNIFLOW_RZH02361IR1435_3363_200602115007_001_page-0001.jpg","type":"image\/jpeg"}],"author":"veronicapastor","twitter_card":"summary_large_image","twitter_creator":"@SalesianosVSJB","twitter_site":"@SalesianosVSJB","twitter_misc":{"Escrito por":"veronicapastor","Tiempo de lectura":"2 minutos"},"schema":{"@context":"https:\/\/schema.org","@graph":[{"@type":"Article","@id":"https:\/\/valenciasjb.salesianos.edu\/colegio\/acnur-agradece-al-colegio-su-compromiso-con-los-refugiados-y-refugiadas\/#article","isPartOf":{"@id":"https:\/\/valenciasjb.salesianos.edu\/colegio\/acnur-agradece-al-colegio-su-compromiso-con-los-refugiados-y-refugiadas\/"},"author":{"name":"veronicapastor","@id":"https:\/\/valenciasjb.salesianos.edu\/colegio\/#\/schema\/person\/1f45b67e52b27da175190a574db6bed9"},"headline":"ACNUR agradece al colegio su compromiso con los refugiados y refugiadas","datePublished":"2020-06-02T10:51:01+00:00","dateModified":"2020-06-02T10:51:05+00:00","mainEntityOfPage":{"@id":"https:\/\/valenciasjb.salesianos.edu\/colegio\/acnur-agradece-al-colegio-su-compromiso-con-los-refugiados-y-refugiadas\/"},"wordCount":419,"image":{"@id":"https:\/\/valenciasjb.salesianos.edu\/colegio\/acnur-agradece-al-colegio-su-compromiso-con-los-refugiados-y-refugiadas\/#primaryimage"},"thumbnailUrl":"https:\/\/valenciasjb.salesianos.edu\/colegio\/wp-content\/uploads\/sites\/2\/2020\/06\/SRV-UNIFLOW_RZH02361IR1435_3363_200602115007_001_page-0001.jpg","articleSection":["Noticia Colegio"],"inLanguage":"es"},{"@type":"WebPage","@id":"https:\/\/valenciasjb.salesianos.edu\/colegio\/acnur-agradece-al-colegio-su-compromiso-con-los-refugiados-y-refugiadas\/","url":"https:\/\/valenciasjb.salesianos.edu\/colegio\/acnur-agradece-al-colegio-su-compromiso-con-los-refugiados-y-refugiadas\/","name":"ACNUR agradece al colegio su compromiso con los refugiados y refugiadas - Colegio San Juan Bosco Valencia","isPartOf":{"@id":"https:\/\/valenciasjb.salesianos.edu\/colegio\/#website"},"primaryImageOfPage":{"@id":"https:\/\/valenciasjb.salesianos.edu\/colegio\/acnur-agradece-al-colegio-su-compromiso-con-los-refugiados-y-refugiadas\/#primaryimage"},"image":{"@id":"https:\/\/valenciasjb.salesianos.edu\/colegio\/acnur-agradece-al-colegio-su-compromiso-con-los-refugiados-y-refugiadas\/#primaryimage"},"thumbnailUrl":"https:\/\/valenciasjb.salesianos.edu\/colegio\/wp-content\/uploads\/sites\/2\/2020\/06\/SRV-UNIFLOW_RZH02361IR1435_3363_200602115007_001_page-0001.jpg","datePublished":"2020-06-02T10:51:01+00:00","dateModified":"2020-06-02T10:51:05+00:00","author":{"@id":"https:\/\/valenciasjb.salesianos.edu\/colegio\/#\/schema\/person\/1f45b67e52b27da175190a574db6bed9"},"breadcrumb":{"@id":"https:\/\/valenciasjb.salesianos.edu\/colegio\/acnur-agradece-al-colegio-su-compromiso-con-los-refugiados-y-refugiadas\/#breadcrumb"},"inLanguage":"es","potentialAction":[{"@type":"ReadAction","target":["https:\/\/valenciasjb.salesianos.edu\/colegio\/acnur-agradece-al-colegio-su-compromiso-con-los-refugiados-y-refugiadas\/"]}]},{"@type":"ImageObject","inLanguage":"es","@id":"https:\/\/valenciasjb.salesianos.edu\/colegio\/acnur-agradece-al-colegio-su-compromiso-con-los-refugiados-y-refugiadas\/#primaryimage","url":"https:\/\/valenciasjb.salesianos.edu\/colegio\/wp-content\/uploads\/sites\/2\/2020\/06\/SRV-UNIFLOW_RZH02361IR1435_3363_200602115007_001_page-0001.jpg","contentUrl":"https:\/\/valenciasjb.salesianos.edu\/colegio\/wp-content\/uploads\/sites\/2\/2020\/06\/SRV-UNIFLOW_RZH02361IR1435_3363_200602115007_001_page-0001.jpg","width":1232,"height":1744},{"@type":"BreadcrumbList","@id":"https:\/\/valenciasjb.salesianos.edu\/colegio\/acnur-agradece-al-colegio-su-compromiso-con-los-refugiados-y-refugiadas\/#breadcrumb","itemListElement":[{"@type":"ListItem","position":1,"name":"Portada","item":"https:\/\/valenciasjb.salesianos.edu\/colegio\/"},{"@type":"ListItem","position":2,"name":"ACNUR agradece al colegio su compromiso con los refugiados y refugiadas"}]},{"@type":"WebSite","@id":"https:\/\/valenciasjb.salesianos.edu\/colegio\/#website","url":"https:\/\/valenciasjb.salesianos.edu\/colegio\/","name":"Colegio San Juan Bosco Valencia","description":"P\u00e1gina oficial del Colegio Salesianos San Juan Bosco Valencia","alternateName":"Salesianos.VSJB","potentialAction":[{"@type":"SearchAction","target":{"@type":"EntryPoint","urlTemplate":"https:\/\/valenciasjb.salesianos.edu\/colegio\/?s={search_term_string}"},"query-input":{"@type":"PropertyValueSpecification","valueRequired":true,"valueName":"search_term_string"}}],"inLanguage":"es"},{"@type":"Person","@id":"https:\/\/valenciasjb.salesianos.edu\/colegio\/#\/schema\/person\/1f45b67e52b27da175190a574db6bed9","name":"veronicapastor","image":{"@type":"ImageObject","inLanguage":"es","@id":"https:\/\/secure.gravatar.com\/avatar\/e29bd40bace3fd935e1d6fdb7313ffc14628cc037c5e16f4c7369b20a2a6f7f0?s=96&d=mm&r=g","url":"https:\/\/secure.gravatar.com\/avatar\/e29bd40bace3fd935e1d6fdb7313ffc14628cc037c5e16f4c7369b20a2a6f7f0?s=96&d=mm&r=g","contentUrl":"https:\/\/secure.gravatar.com\/avatar\/e29bd40bace3fd935e1d6fdb7313ffc14628cc037c5e16f4c7369b20a2a6f7f0?s=96&d=mm&r=g","caption":"veronicapastor"}}]}},"_links":{"self":[{"href":"https:\/\/valenciasjb.salesianos.edu\/colegio\/wp-json\/wp\/v2\/posts\/13734","targetHints":{"allow":["GET"]}}],"collection":[{"href":"https:\/\/valenciasjb.salesianos.edu\/colegio\/wp-json\/wp\/v2\/posts"}],"about":[{"href":"https:\/\/valenciasjb.salesianos.edu\/colegio\/wp-json\/wp\/v2\/types\/post"}],"author":[{"embeddable":true,"href":"https:\/\/valenciasjb.salesianos.edu\/colegio\/wp-json\/wp\/v2\/users\/6"}],"replies":[{"embeddable":true,"href":"https:\/\/valenciasjb.salesianos.edu\/colegio\/wp-json\/wp\/v2\/comments?post=13734"}],"version-history":[{"count":2,"href":"https:\/\/valenciasjb.salesianos.edu\/colegio\/wp-json\/wp\/v2\/posts\/13734\/revisions"}],"predecessor-version":[{"id":13738,"href":"https:\/\/valenciasjb.salesianos.edu\/colegio\/wp-json\/wp\/v2\/posts\/13734\/revisions\/13738"}],"wp:featuredmedia":[{"embeddable":true,"href":"https:\/\/valenciasjb.salesianos.edu\/colegio\/wp-json\/wp\/v2\/media\/13737"}],"wp:attachment":[{"href":"https:\/\/valenciasjb.salesianos.edu\/colegio\/wp-json\/wp\/v2\/media?parent=13734"}],"wp:term":[{"taxonomy":"category","embeddable":true,"href":"https:\/\/valenciasjb.salesianos.edu\/colegio\/wp-json\/wp\/v2\/categories?post=13734"},{"taxonomy":"post_tag","embeddable":true,"href":"https:\/\/valenciasjb.salesianos.edu\/colegio\/wp-json\/wp\/v2\/tags?post=13734"}],"curies":[{"name":"wp","href":"https:\/\/api.w.org\/{rel}","templated":true}]}}