{"id":13857,"date":"2020-06-25T09:02:53","date_gmt":"2020-06-25T08:02:53","guid":{"rendered":"https:\/\/valenciasjb.salesianos.edu\/colegio\/?p=13857"},"modified":"2020-06-25T09:16:52","modified_gmt":"2020-06-25T08:16:52","slug":"mensaje-del-profesorado-a-todos-los-alumnos-y-alumnas-de-2o-de-bachillerato","status":"publish","type":"post","link":"https:\/\/valenciasjb.salesianos.edu\/colegio\/mensaje-del-profesorado-a-todos-los-alumnos-y-alumnas-de-2o-de-bachillerato\/","title":{"rendered":"Mensaje del profesorado a todos los alumnos y alumnas de 2\u00ba de Bachillerato"},"content":{"rendered":"<div id=\"fb-root\"><\/div>\n<p>[et_pb_section fb_built=\u00bb1&#8243; admin_label=\u00bbsection\u00bb _builder_version=\u00bb3.22&#8243;][et_pb_row admin_label=\u00bbrow\u00bb _builder_version=\u00bb3.25&#8243; background_size=\u00bbinitial\u00bb background_position=\u00bbtop_left\u00bb background_repeat=\u00bbrepeat\u00bb][et_pb_column type=\u00bb4_4&#8243; _builder_version=\u00bb3.25&#8243; custom_padding=\u00bb|||\u00bb custom_padding__hover=\u00bb|||\u00bb][et_pb_text admin_label=\u00bbEntradilla (Texto)\u00bb _builder_version=\u00bb4.4.7&#8243; text_font=\u00bb|on|||\u00bb text_orientation=\u00bbjustified\u00bb module_alignment=\u00bbjustified\u00bb]<\/p>\n<div id=\"resumen\"><strong>Con el curso terminado y los ex\u00e1menes de Selectividad tan cerca, el profesorado del colegio ha querido mandar un mensaje de \u00e1nimo a nuestros alumnos y alumnas de 2\u00ba de Bachillerato. Desde las se\u00f1os de Infantil que les acogieron desde bien peque\u00f1os en sus primeros momentos en el colegio, pasando por primaria, la ESO y, finalmente, sus profesores y tutores de Bachillerato.<br \/><\/strong><\/div>\n<div>\u00a0<\/div>\n<p>[\/et_pb_text][et_pb_text admin_label=\u00bbAutor (Texto)\u00bb _builder_version=\u00bb4.4.7&#8243; text_font=\u00bb||on||\u00bb]<\/p>\n<p>Redacci\u00f3n.<\/p>\n<p>[\/et_pb_text][et_pb_text admin_label=\u00bbDesarrollo (Texto)\u00bb _builder_version=\u00bb4.4.7&#8243; text_orientation=\u00bbjustified\u00bb module_alignment=\u00bbjustified\u00bb hover_enabled=\u00bb0&#8243;]<\/p>\n<p>Para ello, han escogido la canci\u00f3n del grupo Morat, \u00abAprender a querte\u00bb. Esperamos que la preciosa letra de esta canci\u00f3n, interpretada por sus profesores y profesoras de Historia, Filosof\u00eda, Lengua, Matem\u00e1ticas, etc., les animen. Ellos ya no les lanzan m\u00e1s preguntas, solo respuestas; como dice la canci\u00f3n, van a estudiar c\u00f3mo se cumplen sus sue\u00f1os&#8230;<\/p>\n<p>El colegio desea lo mejor a esta promoci\u00f3n de alumnos y alumnas que han tenido que vivir su \u00faltimo curso m\u00e1s duro y dif\u00edcil, dadas las circunstancias excepcionales a las que han tenido que enfrentarse. Estamos muy orgullosos de todas y todos vosotros.<\/p>\n<p>Acceso al v\u00eddeo:<\/p>\n<p><iframe loading=\"lazy\" title=\"Mensaje para 2\u00ba Bachillerato\" width=\"1080\" height=\"608\" src=\"https:\/\/www.youtube.com\/embed\/pwUKLHZMyKg?feature=oembed\" frameborder=\"0\" allow=\"accelerometer; autoplay; encrypted-media; gyroscope; picture-in-picture\" allowfullscreen><\/iframe><\/p>\n<p>[\/et_pb_text][et_pb_text disabled_on=\u00bboff|on|on\u00bb admin_label=\u00bbT\u00edtulo: Galer\u00eda de fotos (Texto)\u00bb _builder_version=\u00bb3.27.4&#8243; text_font=\u00bb|on|||\u00bb text_text_color=\u00bb#dc001b\u00bb border_style=\u00bbsolid\u00bb]Galer\u00eda de im\u00e1genes[\/et_pb_text][et_pb_gallery gallery_ids=\u00bb13862&#8243; posts_number=\u00bb8&#8243; show_title_and_caption=\u00bboff\u00bb zoom_icon_color=\u00bb#dc001b\u00bb hover_icon=\u00bb%%51%%\u00bb disabled_on=\u00bboff|off|off\u00bb _builder_version=\u00bb4.4.7&#8243; pagination_font_size_tablet=\u00bb51&#8243; pagination_line_height_tablet=\u00bb2&#8243;][\/et_pb_gallery][et_pb_video disabled_on=\u00bboff|off|off\u00bb _builder_version=\u00bb4.4.7&#8243;][\/et_pb_video][\/et_pb_column][\/et_pb_row][\/et_pb_section]<\/p>\n<!-- AddThis Advanced Settings generic via filter on the_content --><!-- AddThis Share Buttons generic via filter on the_content -->","protected":false},"excerpt":{"rendered":"<p>Con el curso terminado y los ex\u00e1menes de Selectividad tan cerca, el profesorado del colegio ha querido mandar un mensaje de \u00e1nimo a nuestros alumnos y alumnas de 2\u00ba de Bachillerato. Desde las se\u00f1os de Infantil que les acogieron desde bien peque\u00f1os en sus primeros momentos en el colegio, pasando por primaria, la ESO y, [&hellip;]<\/p>\n<p><!-- AddThis Advanced Settings generic via filter on get_the_excerpt --><!-- AddThis Share Buttons generic via filter on get_the_excerpt --><\/p>\n","protected":false},"author":6,"featured_media":13862,"comment_status":"closed","ping_status":"open","sticky":false,"template":"","format":"standard","meta":{"_et_pb_use_builder":"on","_et_pb_old_content":"","_et_gb_content_width":"","footnotes":""},"categories":[14],"tags":[],"class_list":["post-13857","post","type-post","status-publish","format-standard","has-post-thumbnail","hentry","category-noticia_colegio"],"yoast_head":"<!-- This site is optimized with the Yoast SEO plugin v28.4 - https:\/\/yoast.com\/product\/yoast-seo-wordpress\/ -->\n<title>Mensaje del profesorado a todos los alumnos y alumnas de 2\u00ba de Bachillerato - Colegio San Juan Bosco Valencia<\/title>\n<meta name=\"robots\" content=\"index, follow, max-snippet:-1, max-image-preview:large, max-video-preview:-1\" \/>\n<link rel=\"canonical\" href=\"https:\/\/valenciasjb.salesianos.edu\/colegio\/mensaje-del-profesorado-a-todos-los-alumnos-y-alumnas-de-2o-de-bachillerato\/\" \/>\n<meta property=\"og:locale\" content=\"es_ES\" \/>\n<meta property=\"og:type\" content=\"article\" \/>\n<meta property=\"og:title\" content=\"Mensaje del profesorado a todos los alumnos y alumnas de 2\u00ba de Bachillerato - Colegio San Juan Bosco Valencia\" \/>\n<meta property=\"og:description\" content=\"Con el curso terminado y los ex\u00e1menes de Selectividad tan cerca, el profesorado del colegio ha querido mandar un mensaje de \u00e1nimo a nuestros alumnos y alumnas de 2\u00ba de Bachillerato. Desde las se\u00f1os de Infantil que les acogieron desde bien peque\u00f1os en sus primeros momentos en el colegio, pasando por primaria, la ESO y, [&hellip;]\" \/>\n<meta property=\"og:url\" content=\"https:\/\/valenciasjb.salesianos.edu\/colegio\/mensaje-del-profesorado-a-todos-los-alumnos-y-alumnas-de-2o-de-bachillerato\/\" \/>\n<meta property=\"og:site_name\" content=\"Colegio San Juan Bosco Valencia\" \/>\n<meta property=\"article:publisher\" content=\"https:\/\/www.facebook.com\/ColegioSalesianoSanJuanBoscoValencia\" \/>\n<meta property=\"article:published_time\" content=\"2020-06-25T08:02:53+00:00\" \/>\n<meta property=\"article:modified_time\" content=\"2020-06-25T08:16:52+00:00\" \/>\n<meta property=\"og:image\" content=\"https:\/\/valenciasjb.salesianos.edu\/colegio\/wp-content\/uploads\/sites\/2\/2020\/06\/Sin-t\u00edtulo.png\" \/>\n\t<meta property=\"og:image:width\" content=\"528\" \/>\n\t<meta property=\"og:image:height\" content=\"343\" \/>\n\t<meta property=\"og:image:type\" content=\"image\/png\" \/>\n<meta name=\"author\" content=\"veronicapastor\" \/>\n<meta name=\"twitter:card\" content=\"summary_large_image\" \/>\n<meta name=\"twitter:creator\" content=\"@SalesianosVSJB\" \/>\n<meta name=\"twitter:site\" content=\"@SalesianosVSJB\" \/>\n<meta name=\"twitter:label1\" content=\"Escrito por\" \/>\n\t<meta name=\"twitter:data1\" content=\"veronicapastor\" \/>\n\t<meta name=\"twitter:label2\" content=\"Tiempo de lectura\" \/>\n\t<meta name=\"twitter:data2\" content=\"2 minutos\" \/>\n<script type=\"application\/ld+json\" class=\"yoast-schema-graph\">{\"@context\":\"https:\\\/\\\/schema.org\",\"@graph\":[{\"@type\":\"Article\",\"@id\":\"https:\\\/\\\/valenciasjb.salesianos.edu\\\/colegio\\\/mensaje-del-profesorado-a-todos-los-alumnos-y-alumnas-de-2o-de-bachillerato\\\/#article\",\"isPartOf\":{\"@id\":\"https:\\\/\\\/valenciasjb.salesianos.edu\\\/colegio\\\/mensaje-del-profesorado-a-todos-los-alumnos-y-alumnas-de-2o-de-bachillerato\\\/\"},\"author\":{\"name\":\"veronicapastor\",\"@id\":\"https:\\\/\\\/valenciasjb.salesianos.edu\\\/colegio\\\/#\\\/schema\\\/person\\\/1f45b67e52b27da175190a574db6bed9\"},\"headline\":\"Mensaje del profesorado a todos los alumnos y alumnas de 2\u00ba de Bachillerato\",\"datePublished\":\"2020-06-25T08:02:53+00:00\",\"dateModified\":\"2020-06-25T08:16:52+00:00\",\"mainEntityOfPage\":{\"@id\":\"https:\\\/\\\/valenciasjb.salesianos.edu\\\/colegio\\\/mensaje-del-profesorado-a-todos-los-alumnos-y-alumnas-de-2o-de-bachillerato\\\/\"},\"wordCount\":390,\"image\":{\"@id\":\"https:\\\/\\\/valenciasjb.salesianos.edu\\\/colegio\\\/mensaje-del-profesorado-a-todos-los-alumnos-y-alumnas-de-2o-de-bachillerato\\\/#primaryimage\"},\"thumbnailUrl\":\"https:\\\/\\\/valenciasjb.salesianos.edu\\\/colegio\\\/wp-content\\\/uploads\\\/sites\\\/2\\\/2020\\\/06\\\/Sin-t\u00edtulo.png\",\"articleSection\":[\"Noticia Colegio\"],\"inLanguage\":\"es\"},{\"@type\":\"WebPage\",\"@id\":\"https:\\\/\\\/valenciasjb.salesianos.edu\\\/colegio\\\/mensaje-del-profesorado-a-todos-los-alumnos-y-alumnas-de-2o-de-bachillerato\\\/\",\"url\":\"https:\\\/\\\/valenciasjb.salesianos.edu\\\/colegio\\\/mensaje-del-profesorado-a-todos-los-alumnos-y-alumnas-de-2o-de-bachillerato\\\/\",\"name\":\"Mensaje del profesorado a todos los alumnos y alumnas de 2\u00ba de Bachillerato - Colegio San Juan Bosco Valencia\",\"isPartOf\":{\"@id\":\"https:\\\/\\\/valenciasjb.salesianos.edu\\\/colegio\\\/#website\"},\"primaryImageOfPage\":{\"@id\":\"https:\\\/\\\/valenciasjb.salesianos.edu\\\/colegio\\\/mensaje-del-profesorado-a-todos-los-alumnos-y-alumnas-de-2o-de-bachillerato\\\/#primaryimage\"},\"image\":{\"@id\":\"https:\\\/\\\/valenciasjb.salesianos.edu\\\/colegio\\\/mensaje-del-profesorado-a-todos-los-alumnos-y-alumnas-de-2o-de-bachillerato\\\/#primaryimage\"},\"thumbnailUrl\":\"https:\\\/\\\/valenciasjb.salesianos.edu\\\/colegio\\\/wp-content\\\/uploads\\\/sites\\\/2\\\/2020\\\/06\\\/Sin-t\u00edtulo.png\",\"datePublished\":\"2020-06-25T08:02:53+00:00\",\"dateModified\":\"2020-06-25T08:16:52+00:00\",\"author\":{\"@id\":\"https:\\\/\\\/valenciasjb.salesianos.edu\\\/colegio\\\/#\\\/schema\\\/person\\\/1f45b67e52b27da175190a574db6bed9\"},\"breadcrumb\":{\"@id\":\"https:\\\/\\\/valenciasjb.salesianos.edu\\\/colegio\\\/mensaje-del-profesorado-a-todos-los-alumnos-y-alumnas-de-2o-de-bachillerato\\\/#breadcrumb\"},\"inLanguage\":\"es\",\"potentialAction\":[{\"@type\":\"ReadAction\",\"target\":[\"https:\\\/\\\/valenciasjb.salesianos.edu\\\/colegio\\\/mensaje-del-profesorado-a-todos-los-alumnos-y-alumnas-de-2o-de-bachillerato\\\/\"]}]},{\"@type\":\"ImageObject\",\"inLanguage\":\"es\",\"@id\":\"https:\\\/\\\/valenciasjb.salesianos.edu\\\/colegio\\\/mensaje-del-profesorado-a-todos-los-alumnos-y-alumnas-de-2o-de-bachillerato\\\/#primaryimage\",\"url\":\"https:\\\/\\\/valenciasjb.salesianos.edu\\\/colegio\\\/wp-content\\\/uploads\\\/sites\\\/2\\\/2020\\\/06\\\/Sin-t\u00edtulo.png\",\"contentUrl\":\"https:\\\/\\\/valenciasjb.salesianos.edu\\\/colegio\\\/wp-content\\\/uploads\\\/sites\\\/2\\\/2020\\\/06\\\/Sin-t\u00edtulo.png\",\"width\":528,\"height\":343},{\"@type\":\"BreadcrumbList\",\"@id\":\"https:\\\/\\\/valenciasjb.salesianos.edu\\\/colegio\\\/mensaje-del-profesorado-a-todos-los-alumnos-y-alumnas-de-2o-de-bachillerato\\\/#breadcrumb\",\"itemListElement\":[{\"@type\":\"ListItem\",\"position\":1,\"name\":\"Portada\",\"item\":\"https:\\\/\\\/valenciasjb.salesianos.edu\\\/colegio\\\/\"},{\"@type\":\"ListItem\",\"position\":2,\"name\":\"Mensaje del profesorado a todos los alumnos y alumnas de 2\u00ba de Bachillerato\"}]},{\"@type\":\"WebSite\",\"@id\":\"https:\\\/\\\/valenciasjb.salesianos.edu\\\/colegio\\\/#website\",\"url\":\"https:\\\/\\\/valenciasjb.salesianos.edu\\\/colegio\\\/\",\"name\":\"Colegio San Juan Bosco Valencia\",\"description\":\"P\u00e1gina oficial del Colegio Salesianos San Juan Bosco Valencia\",\"alternateName\":\"Salesianos.VSJB\",\"potentialAction\":[{\"@type\":\"SearchAction\",\"target\":{\"@type\":\"EntryPoint\",\"urlTemplate\":\"https:\\\/\\\/valenciasjb.salesianos.edu\\\/colegio\\\/?s={search_term_string}\"},\"query-input\":{\"@type\":\"PropertyValueSpecification\",\"valueRequired\":true,\"valueName\":\"search_term_string\"}}],\"inLanguage\":\"es\"},{\"@type\":\"Person\",\"@id\":\"https:\\\/\\\/valenciasjb.salesianos.edu\\\/colegio\\\/#\\\/schema\\\/person\\\/1f45b67e52b27da175190a574db6bed9\",\"name\":\"veronicapastor\",\"image\":{\"@type\":\"ImageObject\",\"inLanguage\":\"es\",\"@id\":\"https:\\\/\\\/secure.gravatar.com\\\/avatar\\\/e29bd40bace3fd935e1d6fdb7313ffc14628cc037c5e16f4c7369b20a2a6f7f0?s=96&d=mm&r=g\",\"url\":\"https:\\\/\\\/secure.gravatar.com\\\/avatar\\\/e29bd40bace3fd935e1d6fdb7313ffc14628cc037c5e16f4c7369b20a2a6f7f0?s=96&d=mm&r=g\",\"contentUrl\":\"https:\\\/\\\/secure.gravatar.com\\\/avatar\\\/e29bd40bace3fd935e1d6fdb7313ffc14628cc037c5e16f4c7369b20a2a6f7f0?s=96&d=mm&r=g\",\"caption\":\"veronicapastor\"}}]}<\/script>\n<!-- \/ Yoast SEO plugin. -->","yoast_head_json":{"title":"Mensaje del profesorado a todos los alumnos y alumnas de 2\u00ba de Bachillerato - Colegio San Juan Bosco Valencia","robots":{"index":"index","follow":"follow","max-snippet":"max-snippet:-1","max-image-preview":"max-image-preview:large","max-video-preview":"max-video-preview:-1"},"canonical":"https:\/\/valenciasjb.salesianos.edu\/colegio\/mensaje-del-profesorado-a-todos-los-alumnos-y-alumnas-de-2o-de-bachillerato\/","og_locale":"es_ES","og_type":"article","og_title":"Mensaje del profesorado a todos los alumnos y alumnas de 2\u00ba de Bachillerato - Colegio San Juan Bosco Valencia","og_description":"Con el curso terminado y los ex\u00e1menes de Selectividad tan cerca, el profesorado del colegio ha querido mandar un mensaje de \u00e1nimo a nuestros alumnos y alumnas de 2\u00ba de Bachillerato. Desde las se\u00f1os de Infantil que les acogieron desde bien peque\u00f1os en sus primeros momentos en el colegio, pasando por primaria, la ESO y, [&hellip;]","og_url":"https:\/\/valenciasjb.salesianos.edu\/colegio\/mensaje-del-profesorado-a-todos-los-alumnos-y-alumnas-de-2o-de-bachillerato\/","og_site_name":"Colegio San Juan Bosco Valencia","article_publisher":"https:\/\/www.facebook.com\/ColegioSalesianoSanJuanBoscoValencia","article_published_time":"2020-06-25T08:02:53+00:00","article_modified_time":"2020-06-25T08:16:52+00:00","og_image":[{"width":528,"height":343,"url":"https:\/\/valenciasjb.salesianos.edu\/colegio\/wp-content\/uploads\/sites\/2\/2020\/06\/Sin-t\u00edtulo.png","type":"image\/png"}],"author":"veronicapastor","twitter_card":"summary_large_image","twitter_creator":"@SalesianosVSJB","twitter_site":"@SalesianosVSJB","twitter_misc":{"Escrito por":"veronicapastor","Tiempo de lectura":"2 minutos"},"schema":{"@context":"https:\/\/schema.org","@graph":[{"@type":"Article","@id":"https:\/\/valenciasjb.salesianos.edu\/colegio\/mensaje-del-profesorado-a-todos-los-alumnos-y-alumnas-de-2o-de-bachillerato\/#article","isPartOf":{"@id":"https:\/\/valenciasjb.salesianos.edu\/colegio\/mensaje-del-profesorado-a-todos-los-alumnos-y-alumnas-de-2o-de-bachillerato\/"},"author":{"name":"veronicapastor","@id":"https:\/\/valenciasjb.salesianos.edu\/colegio\/#\/schema\/person\/1f45b67e52b27da175190a574db6bed9"},"headline":"Mensaje del profesorado a todos los alumnos y alumnas de 2\u00ba de Bachillerato","datePublished":"2020-06-25T08:02:53+00:00","dateModified":"2020-06-25T08:16:52+00:00","mainEntityOfPage":{"@id":"https:\/\/valenciasjb.salesianos.edu\/colegio\/mensaje-del-profesorado-a-todos-los-alumnos-y-alumnas-de-2o-de-bachillerato\/"},"wordCount":390,"image":{"@id":"https:\/\/valenciasjb.salesianos.edu\/colegio\/mensaje-del-profesorado-a-todos-los-alumnos-y-alumnas-de-2o-de-bachillerato\/#primaryimage"},"thumbnailUrl":"https:\/\/valenciasjb.salesianos.edu\/colegio\/wp-content\/uploads\/sites\/2\/2020\/06\/Sin-t\u00edtulo.png","articleSection":["Noticia Colegio"],"inLanguage":"es"},{"@type":"WebPage","@id":"https:\/\/valenciasjb.salesianos.edu\/colegio\/mensaje-del-profesorado-a-todos-los-alumnos-y-alumnas-de-2o-de-bachillerato\/","url":"https:\/\/valenciasjb.salesianos.edu\/colegio\/mensaje-del-profesorado-a-todos-los-alumnos-y-alumnas-de-2o-de-bachillerato\/","name":"Mensaje del profesorado a todos los alumnos y alumnas de 2\u00ba de Bachillerato - Colegio San Juan Bosco Valencia","isPartOf":{"@id":"https:\/\/valenciasjb.salesianos.edu\/colegio\/#website"},"primaryImageOfPage":{"@id":"https:\/\/valenciasjb.salesianos.edu\/colegio\/mensaje-del-profesorado-a-todos-los-alumnos-y-alumnas-de-2o-de-bachillerato\/#primaryimage"},"image":{"@id":"https:\/\/valenciasjb.salesianos.edu\/colegio\/mensaje-del-profesorado-a-todos-los-alumnos-y-alumnas-de-2o-de-bachillerato\/#primaryimage"},"thumbnailUrl":"https:\/\/valenciasjb.salesianos.edu\/colegio\/wp-content\/uploads\/sites\/2\/2020\/06\/Sin-t\u00edtulo.png","datePublished":"2020-06-25T08:02:53+00:00","dateModified":"2020-06-25T08:16:52+00:00","author":{"@id":"https:\/\/valenciasjb.salesianos.edu\/colegio\/#\/schema\/person\/1f45b67e52b27da175190a574db6bed9"},"breadcrumb":{"@id":"https:\/\/valenciasjb.salesianos.edu\/colegio\/mensaje-del-profesorado-a-todos-los-alumnos-y-alumnas-de-2o-de-bachillerato\/#breadcrumb"},"inLanguage":"es","potentialAction":[{"@type":"ReadAction","target":["https:\/\/valenciasjb.salesianos.edu\/colegio\/mensaje-del-profesorado-a-todos-los-alumnos-y-alumnas-de-2o-de-bachillerato\/"]}]},{"@type":"ImageObject","inLanguage":"es","@id":"https:\/\/valenciasjb.salesianos.edu\/colegio\/mensaje-del-profesorado-a-todos-los-alumnos-y-alumnas-de-2o-de-bachillerato\/#primaryimage","url":"https:\/\/valenciasjb.salesianos.edu\/colegio\/wp-content\/uploads\/sites\/2\/2020\/06\/Sin-t\u00edtulo.png","contentUrl":"https:\/\/valenciasjb.salesianos.edu\/colegio\/wp-content\/uploads\/sites\/2\/2020\/06\/Sin-t\u00edtulo.png","width":528,"height":343},{"@type":"BreadcrumbList","@id":"https:\/\/valenciasjb.salesianos.edu\/colegio\/mensaje-del-profesorado-a-todos-los-alumnos-y-alumnas-de-2o-de-bachillerato\/#breadcrumb","itemListElement":[{"@type":"ListItem","position":1,"name":"Portada","item":"https:\/\/valenciasjb.salesianos.edu\/colegio\/"},{"@type":"ListItem","position":2,"name":"Mensaje del profesorado a todos los alumnos y alumnas de 2\u00ba de Bachillerato"}]},{"@type":"WebSite","@id":"https:\/\/valenciasjb.salesianos.edu\/colegio\/#website","url":"https:\/\/valenciasjb.salesianos.edu\/colegio\/","name":"Colegio San Juan Bosco Valencia","description":"P\u00e1gina oficial del Colegio Salesianos San Juan Bosco Valencia","alternateName":"Salesianos.VSJB","potentialAction":[{"@type":"SearchAction","target":{"@type":"EntryPoint","urlTemplate":"https:\/\/valenciasjb.salesianos.edu\/colegio\/?s={search_term_string}"},"query-input":{"@type":"PropertyValueSpecification","valueRequired":true,"valueName":"search_term_string"}}],"inLanguage":"es"},{"@type":"Person","@id":"https:\/\/valenciasjb.salesianos.edu\/colegio\/#\/schema\/person\/1f45b67e52b27da175190a574db6bed9","name":"veronicapastor","image":{"@type":"ImageObject","inLanguage":"es","@id":"https:\/\/secure.gravatar.com\/avatar\/e29bd40bace3fd935e1d6fdb7313ffc14628cc037c5e16f4c7369b20a2a6f7f0?s=96&d=mm&r=g","url":"https:\/\/secure.gravatar.com\/avatar\/e29bd40bace3fd935e1d6fdb7313ffc14628cc037c5e16f4c7369b20a2a6f7f0?s=96&d=mm&r=g","contentUrl":"https:\/\/secure.gravatar.com\/avatar\/e29bd40bace3fd935e1d6fdb7313ffc14628cc037c5e16f4c7369b20a2a6f7f0?s=96&d=mm&r=g","caption":"veronicapastor"}}]}},"_links":{"self":[{"href":"https:\/\/valenciasjb.salesianos.edu\/colegio\/wp-json\/wp\/v2\/posts\/13857","targetHints":{"allow":["GET"]}}],"collection":[{"href":"https:\/\/valenciasjb.salesianos.edu\/colegio\/wp-json\/wp\/v2\/posts"}],"about":[{"href":"https:\/\/valenciasjb.salesianos.edu\/colegio\/wp-json\/wp\/v2\/types\/post"}],"author":[{"embeddable":true,"href":"https:\/\/valenciasjb.salesianos.edu\/colegio\/wp-json\/wp\/v2\/users\/6"}],"replies":[{"embeddable":true,"href":"https:\/\/valenciasjb.salesianos.edu\/colegio\/wp-json\/wp\/v2\/comments?post=13857"}],"version-history":[{"count":5,"href":"https:\/\/valenciasjb.salesianos.edu\/colegio\/wp-json\/wp\/v2\/posts\/13857\/revisions"}],"predecessor-version":[{"id":13867,"href":"https:\/\/valenciasjb.salesianos.edu\/colegio\/wp-json\/wp\/v2\/posts\/13857\/revisions\/13867"}],"wp:featuredmedia":[{"embeddable":true,"href":"https:\/\/valenciasjb.salesianos.edu\/colegio\/wp-json\/wp\/v2\/media\/13862"}],"wp:attachment":[{"href":"https:\/\/valenciasjb.salesianos.edu\/colegio\/wp-json\/wp\/v2\/media?parent=13857"}],"wp:term":[{"taxonomy":"category","embeddable":true,"href":"https:\/\/valenciasjb.salesianos.edu\/colegio\/wp-json\/wp\/v2\/categories?post=13857"},{"taxonomy":"post_tag","embeddable":true,"href":"https:\/\/valenciasjb.salesianos.edu\/colegio\/wp-json\/wp\/v2\/tags?post=13857"}],"curies":[{"name":"wp","href":"https:\/\/api.w.org\/{rel}","templated":true}]}}