{"id":13914,"date":"2020-06-30T12:25:44","date_gmt":"2020-06-30T11:25:44","guid":{"rendered":"https:\/\/valenciasjb.salesianos.edu\/colegio\/?p=13914"},"modified":"2020-06-30T12:26:00","modified_gmt":"2020-06-30T11:26:00","slug":"un-nuevo-numero-del-periodico-salesianos-que-quedara-siempre-para-el-recuerdo-de-este-ano-tan-peculiar","status":"publish","type":"post","link":"https:\/\/valenciasjb.salesianos.edu\/colegio\/un-nuevo-numero-del-periodico-salesianos-que-quedara-siempre-para-el-recuerdo-de-este-ano-tan-peculiar\/","title":{"rendered":"Un nuevo n\u00famero del peri\u00f3dico Salesianos que quedar\u00e1 siempre para el recuerdo de este a\u00f1o tan peculiar"},"content":{"rendered":"<div id=\"fb-root\"><\/div>\n<p>[et_pb_section fb_built=\u00bb1&#8243; admin_label=\u00bbsection\u00bb _builder_version=\u00bb3.22&#8243;][et_pb_row admin_label=\u00bbrow\u00bb _builder_version=\u00bb3.25&#8243; background_size=\u00bbinitial\u00bb background_position=\u00bbtop_left\u00bb background_repeat=\u00bbrepeat\u00bb][et_pb_column type=\u00bb4_4&#8243; _builder_version=\u00bb3.25&#8243; custom_padding=\u00bb|||\u00bb custom_padding__hover=\u00bb|||\u00bb][et_pb_text admin_label=\u00bbEntradilla (Texto)\u00bb _builder_version=\u00bb4.4.7&#8243; text_font=\u00bb|on|||\u00bb text_orientation=\u00bbjustified\u00bb module_alignment=\u00bbjustified\u00bb]<\/p>\n<div id=\"resumen\"><strong>Un nuevo n\u00famero del peri\u00f3dico \u00abSalesianos\u00bb se ha editado en junio de 2020 y resume las principales actividades de la casa salesiana San Juan Bosco de Valencia durante todo el a\u00f1o; un a\u00f1o que ha sido at\u00edpico y ha afectado a muchas iniciativas que han debido suspenderse o vivirse de otra manera; aunque la pandemia no ha podido con este peri\u00f3dico, que se lleva editando de forma ininterrumpida desde el a\u00f1o 1988 y que este a\u00f1o tambi\u00e9n cuenta con su edici\u00f3n, que ya queda para el recuerdo de todos los que formamos parte de esta casa salesiana.<br \/><\/strong><\/div>\n<div>\u00a0<\/div>\n<p>[\/et_pb_text][et_pb_text admin_label=\u00bbAutor (Texto)\u00bb _builder_version=\u00bb4.4.7&#8243; text_font=\u00bb||on||\u00bb]<\/p>\n<p>Ver\u00f3nica Pastor.<\/p>\n<p>[\/et_pb_text][et_pb_text admin_label=\u00bbDesarrollo (Texto)\u00bb _builder_version=\u00bb4.4.7&#8243; text_orientation=\u00bbjustified\u00bb module_alignment=\u00bbjustified\u00bb]<\/p>\n<p>Un peri\u00f3dico hecho por todos y para todos, en el que participan todos los ambientes, desde el colegio, p<span style=\"font-weight: 400\">rofesorado y alumnado Infantil, Primaria, ESO y Bachillerato, personal de Administraci\u00f3n y Servicios, Servicio de extraescolares y comedor, AMPAS, <\/span><span style=\"font-weight: 400\">Centro Juvenil Entre Amics, Centro de d\u00eda Entre Amics, Arrels, Piso Ma\u00edn, Parroquia Mar\u00eda Auxiliadora, ADMAS, Centro Deportivo Don Bosco.<\/span><\/p>\n<p>Gracias a todos y todas los que hac\u00e9is posible que, a\u00f1o tras a\u00f1o, el peri\u00f3dico siga adelante como proyecto que nos une, con la colaboraci\u00f3n de muchos, a los que agradecemos enormemente su colaboraci\u00f3n, desde la redacci\u00f3n de los art\u00edculos, las fotos, la edici\u00f3n, maquetaci\u00f3n, revisi\u00f3n, etc. Todo un proceso que permite que tengamos un peri\u00f3dico escolar de gran calidad profesional. P<span style=\"font-weight: 400\">orque seguimos so\u00f1ando juntos, somos uno.<\/span><\/p>\n<p>El peri\u00f3dico completo puede leerse aqu\u00ed:<\/p>\n<p><a href=\"https:\/\/issuu.com\/comunicacionsocial.valencia.sjb\/docs\/definit_media-1_28\">https:\/\/issuu.com\/comunicacionsocial.valencia.sjb\/docs\/definit_media-1_28<\/a><\/p>\n<p>[\/et_pb_text][et_pb_text disabled_on=\u00bboff|on|on\u00bb admin_label=\u00bbT\u00edtulo: Galer\u00eda de fotos (Texto)\u00bb _builder_version=\u00bb3.27.4&#8243; text_font=\u00bb|on|||\u00bb text_text_color=\u00bb#dc001b\u00bb border_style=\u00bbsolid\u00bb]Galer\u00eda de im\u00e1genes<br \/>\n[\/et_pb_text][et_pb_gallery gallery_ids=\u00bb13922&#8243; posts_number=\u00bb8&#8243; show_title_and_caption=\u00bboff\u00bb zoom_icon_color=\u00bb#dc001b\u00bb hover_icon=\u00bb%%51%%\u00bb disabled_on=\u00bboff|off|off\u00bb _builder_version=\u00bb4.4.7&#8243; pagination_font_size_tablet=\u00bb51&#8243; pagination_line_height_tablet=\u00bb2&#8243;][\/et_pb_gallery][et_pb_video disabled_on=\u00bbon|on|on\u00bb _builder_version=\u00bb3.0.51&#8243; disabled=\u00bbon\u00bb][\/et_pb_video][\/et_pb_column][\/et_pb_row][\/et_pb_section]<\/p>\n<!-- AddThis Advanced Settings generic via filter on the_content --><!-- AddThis Share Buttons generic via filter on the_content -->","protected":false},"excerpt":{"rendered":"<p>Un nuevo n\u00famero del peri\u00f3dico \u00abSalesianos\u00bb se ha editado en junio de 2020 y resume las principales actividades de la casa salesiana San Juan Bosco de Valencia durante todo el a\u00f1o; un a\u00f1o que ha sido at\u00edpico y ha afectado a muchas iniciativas que han debido suspenderse o vivirse de otra manera; aunque la pandemia [&hellip;]<\/p>\n<p><!-- AddThis Advanced Settings generic via filter on get_the_excerpt --><!-- AddThis Share Buttons generic via filter on get_the_excerpt --><\/p>\n","protected":false},"author":6,"featured_media":13922,"comment_status":"closed","ping_status":"open","sticky":false,"template":"","format":"standard","meta":{"_et_pb_use_builder":"on","_et_pb_old_content":"","_et_gb_content_width":"","footnotes":""},"categories":[14],"tags":[],"class_list":["post-13914","post","type-post","status-publish","format-standard","has-post-thumbnail","hentry","category-noticia_colegio"],"yoast_head":"<!-- This site is optimized with the Yoast SEO plugin v28.4 - https:\/\/yoast.com\/product\/yoast-seo-wordpress\/ -->\n<title>Un nuevo n\u00famero del peri\u00f3dico Salesianos que quedar\u00e1 siempre para el recuerdo de este a\u00f1o tan peculiar - Colegio San Juan Bosco Valencia<\/title>\n<meta name=\"robots\" content=\"index, follow, max-snippet:-1, max-image-preview:large, max-video-preview:-1\" \/>\n<link rel=\"canonical\" href=\"https:\/\/valenciasjb.salesianos.edu\/colegio\/un-nuevo-numero-del-periodico-salesianos-que-quedara-siempre-para-el-recuerdo-de-este-ano-tan-peculiar\/\" \/>\n<meta property=\"og:locale\" content=\"es_ES\" \/>\n<meta property=\"og:type\" content=\"article\" \/>\n<meta property=\"og:title\" content=\"Un nuevo n\u00famero del peri\u00f3dico Salesianos que quedar\u00e1 siempre para el recuerdo de este a\u00f1o tan peculiar - Colegio San Juan Bosco Valencia\" \/>\n<meta property=\"og:description\" content=\"Un nuevo n\u00famero del peri\u00f3dico &quot;Salesianos&quot; se ha editado en junio de 2020 y resume las principales actividades de la casa salesiana San Juan Bosco de Valencia durante todo el a\u00f1o; un a\u00f1o que ha sido at\u00edpico y ha afectado a muchas iniciativas que han debido suspenderse o vivirse de otra manera; aunque la pandemia [&hellip;]\" \/>\n<meta property=\"og:url\" content=\"https:\/\/valenciasjb.salesianos.edu\/colegio\/un-nuevo-numero-del-periodico-salesianos-que-quedara-siempre-para-el-recuerdo-de-este-ano-tan-peculiar\/\" \/>\n<meta property=\"og:site_name\" content=\"Colegio San Juan Bosco Valencia\" \/>\n<meta property=\"article:publisher\" content=\"https:\/\/www.facebook.com\/ColegioSalesianoSanJuanBoscoValencia\" \/>\n<meta property=\"article:published_time\" content=\"2020-06-30T11:25:44+00:00\" \/>\n<meta property=\"article:modified_time\" content=\"2020-06-30T11:26:00+00:00\" \/>\n<meta property=\"og:image\" content=\"https:\/\/valenciasjb.salesianos.edu\/colegio\/wp-content\/uploads\/sites\/2\/2020\/06\/Portada-Salesianos20.png\" \/>\n\t<meta property=\"og:image:width\" content=\"1102\" \/>\n\t<meta property=\"og:image:height\" content=\"1475\" \/>\n\t<meta property=\"og:image:type\" content=\"image\/png\" \/>\n<meta name=\"author\" content=\"veronicapastor\" \/>\n<meta name=\"twitter:card\" content=\"summary_large_image\" \/>\n<meta name=\"twitter:creator\" content=\"@SalesianosVSJB\" \/>\n<meta name=\"twitter:site\" content=\"@SalesianosVSJB\" \/>\n<meta name=\"twitter:label1\" content=\"Escrito por\" \/>\n\t<meta name=\"twitter:data1\" content=\"veronicapastor\" \/>\n\t<meta name=\"twitter:label2\" content=\"Tiempo de lectura\" \/>\n\t<meta name=\"twitter:data2\" content=\"2 minutos\" \/>\n<script type=\"application\/ld+json\" class=\"yoast-schema-graph\">{\"@context\":\"https:\\\/\\\/schema.org\",\"@graph\":[{\"@type\":\"Article\",\"@id\":\"https:\\\/\\\/valenciasjb.salesianos.edu\\\/colegio\\\/un-nuevo-numero-del-periodico-salesianos-que-quedara-siempre-para-el-recuerdo-de-este-ano-tan-peculiar\\\/#article\",\"isPartOf\":{\"@id\":\"https:\\\/\\\/valenciasjb.salesianos.edu\\\/colegio\\\/un-nuevo-numero-del-periodico-salesianos-que-quedara-siempre-para-el-recuerdo-de-este-ano-tan-peculiar\\\/\"},\"author\":{\"name\":\"veronicapastor\",\"@id\":\"https:\\\/\\\/valenciasjb.salesianos.edu\\\/colegio\\\/#\\\/schema\\\/person\\\/1f45b67e52b27da175190a574db6bed9\"},\"headline\":\"Un nuevo n\u00famero del peri\u00f3dico Salesianos que quedar\u00e1 siempre para el recuerdo de este a\u00f1o tan peculiar\",\"datePublished\":\"2020-06-30T11:25:44+00:00\",\"dateModified\":\"2020-06-30T11:26:00+00:00\",\"mainEntityOfPage\":{\"@id\":\"https:\\\/\\\/valenciasjb.salesianos.edu\\\/colegio\\\/un-nuevo-numero-del-periodico-salesianos-que-quedara-siempre-para-el-recuerdo-de-este-ano-tan-peculiar\\\/\"},\"wordCount\":478,\"image\":{\"@id\":\"https:\\\/\\\/valenciasjb.salesianos.edu\\\/colegio\\\/un-nuevo-numero-del-periodico-salesianos-que-quedara-siempre-para-el-recuerdo-de-este-ano-tan-peculiar\\\/#primaryimage\"},\"thumbnailUrl\":\"https:\\\/\\\/valenciasjb.salesianos.edu\\\/colegio\\\/wp-content\\\/uploads\\\/sites\\\/2\\\/2020\\\/06\\\/Portada-Salesianos20.png\",\"articleSection\":[\"Noticia Colegio\"],\"inLanguage\":\"es\"},{\"@type\":\"WebPage\",\"@id\":\"https:\\\/\\\/valenciasjb.salesianos.edu\\\/colegio\\\/un-nuevo-numero-del-periodico-salesianos-que-quedara-siempre-para-el-recuerdo-de-este-ano-tan-peculiar\\\/\",\"url\":\"https:\\\/\\\/valenciasjb.salesianos.edu\\\/colegio\\\/un-nuevo-numero-del-periodico-salesianos-que-quedara-siempre-para-el-recuerdo-de-este-ano-tan-peculiar\\\/\",\"name\":\"Un nuevo n\u00famero del peri\u00f3dico Salesianos que quedar\u00e1 siempre para el recuerdo de este a\u00f1o tan peculiar - Colegio San Juan Bosco Valencia\",\"isPartOf\":{\"@id\":\"https:\\\/\\\/valenciasjb.salesianos.edu\\\/colegio\\\/#website\"},\"primaryImageOfPage\":{\"@id\":\"https:\\\/\\\/valenciasjb.salesianos.edu\\\/colegio\\\/un-nuevo-numero-del-periodico-salesianos-que-quedara-siempre-para-el-recuerdo-de-este-ano-tan-peculiar\\\/#primaryimage\"},\"image\":{\"@id\":\"https:\\\/\\\/valenciasjb.salesianos.edu\\\/colegio\\\/un-nuevo-numero-del-periodico-salesianos-que-quedara-siempre-para-el-recuerdo-de-este-ano-tan-peculiar\\\/#primaryimage\"},\"thumbnailUrl\":\"https:\\\/\\\/valenciasjb.salesianos.edu\\\/colegio\\\/wp-content\\\/uploads\\\/sites\\\/2\\\/2020\\\/06\\\/Portada-Salesianos20.png\",\"datePublished\":\"2020-06-30T11:25:44+00:00\",\"dateModified\":\"2020-06-30T11:26:00+00:00\",\"author\":{\"@id\":\"https:\\\/\\\/valenciasjb.salesianos.edu\\\/colegio\\\/#\\\/schema\\\/person\\\/1f45b67e52b27da175190a574db6bed9\"},\"breadcrumb\":{\"@id\":\"https:\\\/\\\/valenciasjb.salesianos.edu\\\/colegio\\\/un-nuevo-numero-del-periodico-salesianos-que-quedara-siempre-para-el-recuerdo-de-este-ano-tan-peculiar\\\/#breadcrumb\"},\"inLanguage\":\"es\",\"potentialAction\":[{\"@type\":\"ReadAction\",\"target\":[\"https:\\\/\\\/valenciasjb.salesianos.edu\\\/colegio\\\/un-nuevo-numero-del-periodico-salesianos-que-quedara-siempre-para-el-recuerdo-de-este-ano-tan-peculiar\\\/\"]}]},{\"@type\":\"ImageObject\",\"inLanguage\":\"es\",\"@id\":\"https:\\\/\\\/valenciasjb.salesianos.edu\\\/colegio\\\/un-nuevo-numero-del-periodico-salesianos-que-quedara-siempre-para-el-recuerdo-de-este-ano-tan-peculiar\\\/#primaryimage\",\"url\":\"https:\\\/\\\/valenciasjb.salesianos.edu\\\/colegio\\\/wp-content\\\/uploads\\\/sites\\\/2\\\/2020\\\/06\\\/Portada-Salesianos20.png\",\"contentUrl\":\"https:\\\/\\\/valenciasjb.salesianos.edu\\\/colegio\\\/wp-content\\\/uploads\\\/sites\\\/2\\\/2020\\\/06\\\/Portada-Salesianos20.png\",\"width\":1102,\"height\":1475},{\"@type\":\"BreadcrumbList\",\"@id\":\"https:\\\/\\\/valenciasjb.salesianos.edu\\\/colegio\\\/un-nuevo-numero-del-periodico-salesianos-que-quedara-siempre-para-el-recuerdo-de-este-ano-tan-peculiar\\\/#breadcrumb\",\"itemListElement\":[{\"@type\":\"ListItem\",\"position\":1,\"name\":\"Portada\",\"item\":\"https:\\\/\\\/valenciasjb.salesianos.edu\\\/colegio\\\/\"},{\"@type\":\"ListItem\",\"position\":2,\"name\":\"Un nuevo n\u00famero del peri\u00f3dico Salesianos que quedar\u00e1 siempre para el recuerdo de este a\u00f1o tan peculiar\"}]},{\"@type\":\"WebSite\",\"@id\":\"https:\\\/\\\/valenciasjb.salesianos.edu\\\/colegio\\\/#website\",\"url\":\"https:\\\/\\\/valenciasjb.salesianos.edu\\\/colegio\\\/\",\"name\":\"Colegio San Juan Bosco Valencia\",\"description\":\"P\u00e1gina oficial del Colegio Salesianos San Juan Bosco Valencia\",\"alternateName\":\"Salesianos.VSJB\",\"potentialAction\":[{\"@type\":\"SearchAction\",\"target\":{\"@type\":\"EntryPoint\",\"urlTemplate\":\"https:\\\/\\\/valenciasjb.salesianos.edu\\\/colegio\\\/?s={search_term_string}\"},\"query-input\":{\"@type\":\"PropertyValueSpecification\",\"valueRequired\":true,\"valueName\":\"search_term_string\"}}],\"inLanguage\":\"es\"},{\"@type\":\"Person\",\"@id\":\"https:\\\/\\\/valenciasjb.salesianos.edu\\\/colegio\\\/#\\\/schema\\\/person\\\/1f45b67e52b27da175190a574db6bed9\",\"name\":\"veronicapastor\",\"image\":{\"@type\":\"ImageObject\",\"inLanguage\":\"es\",\"@id\":\"https:\\\/\\\/secure.gravatar.com\\\/avatar\\\/e29bd40bace3fd935e1d6fdb7313ffc14628cc037c5e16f4c7369b20a2a6f7f0?s=96&d=mm&r=g\",\"url\":\"https:\\\/\\\/secure.gravatar.com\\\/avatar\\\/e29bd40bace3fd935e1d6fdb7313ffc14628cc037c5e16f4c7369b20a2a6f7f0?s=96&d=mm&r=g\",\"contentUrl\":\"https:\\\/\\\/secure.gravatar.com\\\/avatar\\\/e29bd40bace3fd935e1d6fdb7313ffc14628cc037c5e16f4c7369b20a2a6f7f0?s=96&d=mm&r=g\",\"caption\":\"veronicapastor\"}}]}<\/script>\n<!-- \/ Yoast SEO plugin. -->","yoast_head_json":{"title":"Un nuevo n\u00famero del peri\u00f3dico Salesianos que quedar\u00e1 siempre para el recuerdo de este a\u00f1o tan peculiar - Colegio San Juan Bosco Valencia","robots":{"index":"index","follow":"follow","max-snippet":"max-snippet:-1","max-image-preview":"max-image-preview:large","max-video-preview":"max-video-preview:-1"},"canonical":"https:\/\/valenciasjb.salesianos.edu\/colegio\/un-nuevo-numero-del-periodico-salesianos-que-quedara-siempre-para-el-recuerdo-de-este-ano-tan-peculiar\/","og_locale":"es_ES","og_type":"article","og_title":"Un nuevo n\u00famero del peri\u00f3dico Salesianos que quedar\u00e1 siempre para el recuerdo de este a\u00f1o tan peculiar - Colegio San Juan Bosco Valencia","og_description":"Un nuevo n\u00famero del peri\u00f3dico \"Salesianos\" se ha editado en junio de 2020 y resume las principales actividades de la casa salesiana San Juan Bosco de Valencia durante todo el a\u00f1o; un a\u00f1o que ha sido at\u00edpico y ha afectado a muchas iniciativas que han debido suspenderse o vivirse de otra manera; aunque la pandemia [&hellip;]","og_url":"https:\/\/valenciasjb.salesianos.edu\/colegio\/un-nuevo-numero-del-periodico-salesianos-que-quedara-siempre-para-el-recuerdo-de-este-ano-tan-peculiar\/","og_site_name":"Colegio San Juan Bosco Valencia","article_publisher":"https:\/\/www.facebook.com\/ColegioSalesianoSanJuanBoscoValencia","article_published_time":"2020-06-30T11:25:44+00:00","article_modified_time":"2020-06-30T11:26:00+00:00","og_image":[{"width":1102,"height":1475,"url":"https:\/\/valenciasjb.salesianos.edu\/colegio\/wp-content\/uploads\/sites\/2\/2020\/06\/Portada-Salesianos20.png","type":"image\/png"}],"author":"veronicapastor","twitter_card":"summary_large_image","twitter_creator":"@SalesianosVSJB","twitter_site":"@SalesianosVSJB","twitter_misc":{"Escrito por":"veronicapastor","Tiempo de lectura":"2 minutos"},"schema":{"@context":"https:\/\/schema.org","@graph":[{"@type":"Article","@id":"https:\/\/valenciasjb.salesianos.edu\/colegio\/un-nuevo-numero-del-periodico-salesianos-que-quedara-siempre-para-el-recuerdo-de-este-ano-tan-peculiar\/#article","isPartOf":{"@id":"https:\/\/valenciasjb.salesianos.edu\/colegio\/un-nuevo-numero-del-periodico-salesianos-que-quedara-siempre-para-el-recuerdo-de-este-ano-tan-peculiar\/"},"author":{"name":"veronicapastor","@id":"https:\/\/valenciasjb.salesianos.edu\/colegio\/#\/schema\/person\/1f45b67e52b27da175190a574db6bed9"},"headline":"Un nuevo n\u00famero del peri\u00f3dico Salesianos que quedar\u00e1 siempre para el recuerdo de este a\u00f1o tan peculiar","datePublished":"2020-06-30T11:25:44+00:00","dateModified":"2020-06-30T11:26:00+00:00","mainEntityOfPage":{"@id":"https:\/\/valenciasjb.salesianos.edu\/colegio\/un-nuevo-numero-del-periodico-salesianos-que-quedara-siempre-para-el-recuerdo-de-este-ano-tan-peculiar\/"},"wordCount":478,"image":{"@id":"https:\/\/valenciasjb.salesianos.edu\/colegio\/un-nuevo-numero-del-periodico-salesianos-que-quedara-siempre-para-el-recuerdo-de-este-ano-tan-peculiar\/#primaryimage"},"thumbnailUrl":"https:\/\/valenciasjb.salesianos.edu\/colegio\/wp-content\/uploads\/sites\/2\/2020\/06\/Portada-Salesianos20.png","articleSection":["Noticia Colegio"],"inLanguage":"es"},{"@type":"WebPage","@id":"https:\/\/valenciasjb.salesianos.edu\/colegio\/un-nuevo-numero-del-periodico-salesianos-que-quedara-siempre-para-el-recuerdo-de-este-ano-tan-peculiar\/","url":"https:\/\/valenciasjb.salesianos.edu\/colegio\/un-nuevo-numero-del-periodico-salesianos-que-quedara-siempre-para-el-recuerdo-de-este-ano-tan-peculiar\/","name":"Un nuevo n\u00famero del peri\u00f3dico Salesianos que quedar\u00e1 siempre para el recuerdo de este a\u00f1o tan peculiar - Colegio San Juan Bosco Valencia","isPartOf":{"@id":"https:\/\/valenciasjb.salesianos.edu\/colegio\/#website"},"primaryImageOfPage":{"@id":"https:\/\/valenciasjb.salesianos.edu\/colegio\/un-nuevo-numero-del-periodico-salesianos-que-quedara-siempre-para-el-recuerdo-de-este-ano-tan-peculiar\/#primaryimage"},"image":{"@id":"https:\/\/valenciasjb.salesianos.edu\/colegio\/un-nuevo-numero-del-periodico-salesianos-que-quedara-siempre-para-el-recuerdo-de-este-ano-tan-peculiar\/#primaryimage"},"thumbnailUrl":"https:\/\/valenciasjb.salesianos.edu\/colegio\/wp-content\/uploads\/sites\/2\/2020\/06\/Portada-Salesianos20.png","datePublished":"2020-06-30T11:25:44+00:00","dateModified":"2020-06-30T11:26:00+00:00","author":{"@id":"https:\/\/valenciasjb.salesianos.edu\/colegio\/#\/schema\/person\/1f45b67e52b27da175190a574db6bed9"},"breadcrumb":{"@id":"https:\/\/valenciasjb.salesianos.edu\/colegio\/un-nuevo-numero-del-periodico-salesianos-que-quedara-siempre-para-el-recuerdo-de-este-ano-tan-peculiar\/#breadcrumb"},"inLanguage":"es","potentialAction":[{"@type":"ReadAction","target":["https:\/\/valenciasjb.salesianos.edu\/colegio\/un-nuevo-numero-del-periodico-salesianos-que-quedara-siempre-para-el-recuerdo-de-este-ano-tan-peculiar\/"]}]},{"@type":"ImageObject","inLanguage":"es","@id":"https:\/\/valenciasjb.salesianos.edu\/colegio\/un-nuevo-numero-del-periodico-salesianos-que-quedara-siempre-para-el-recuerdo-de-este-ano-tan-peculiar\/#primaryimage","url":"https:\/\/valenciasjb.salesianos.edu\/colegio\/wp-content\/uploads\/sites\/2\/2020\/06\/Portada-Salesianos20.png","contentUrl":"https:\/\/valenciasjb.salesianos.edu\/colegio\/wp-content\/uploads\/sites\/2\/2020\/06\/Portada-Salesianos20.png","width":1102,"height":1475},{"@type":"BreadcrumbList","@id":"https:\/\/valenciasjb.salesianos.edu\/colegio\/un-nuevo-numero-del-periodico-salesianos-que-quedara-siempre-para-el-recuerdo-de-este-ano-tan-peculiar\/#breadcrumb","itemListElement":[{"@type":"ListItem","position":1,"name":"Portada","item":"https:\/\/valenciasjb.salesianos.edu\/colegio\/"},{"@type":"ListItem","position":2,"name":"Un nuevo n\u00famero del peri\u00f3dico Salesianos que quedar\u00e1 siempre para el recuerdo de este a\u00f1o tan peculiar"}]},{"@type":"WebSite","@id":"https:\/\/valenciasjb.salesianos.edu\/colegio\/#website","url":"https:\/\/valenciasjb.salesianos.edu\/colegio\/","name":"Colegio San Juan Bosco Valencia","description":"P\u00e1gina oficial del Colegio Salesianos San Juan Bosco Valencia","alternateName":"Salesianos.VSJB","potentialAction":[{"@type":"SearchAction","target":{"@type":"EntryPoint","urlTemplate":"https:\/\/valenciasjb.salesianos.edu\/colegio\/?s={search_term_string}"},"query-input":{"@type":"PropertyValueSpecification","valueRequired":true,"valueName":"search_term_string"}}],"inLanguage":"es"},{"@type":"Person","@id":"https:\/\/valenciasjb.salesianos.edu\/colegio\/#\/schema\/person\/1f45b67e52b27da175190a574db6bed9","name":"veronicapastor","image":{"@type":"ImageObject","inLanguage":"es","@id":"https:\/\/secure.gravatar.com\/avatar\/e29bd40bace3fd935e1d6fdb7313ffc14628cc037c5e16f4c7369b20a2a6f7f0?s=96&d=mm&r=g","url":"https:\/\/secure.gravatar.com\/avatar\/e29bd40bace3fd935e1d6fdb7313ffc14628cc037c5e16f4c7369b20a2a6f7f0?s=96&d=mm&r=g","contentUrl":"https:\/\/secure.gravatar.com\/avatar\/e29bd40bace3fd935e1d6fdb7313ffc14628cc037c5e16f4c7369b20a2a6f7f0?s=96&d=mm&r=g","caption":"veronicapastor"}}]}},"_links":{"self":[{"href":"https:\/\/valenciasjb.salesianos.edu\/colegio\/wp-json\/wp\/v2\/posts\/13914","targetHints":{"allow":["GET"]}}],"collection":[{"href":"https:\/\/valenciasjb.salesianos.edu\/colegio\/wp-json\/wp\/v2\/posts"}],"about":[{"href":"https:\/\/valenciasjb.salesianos.edu\/colegio\/wp-json\/wp\/v2\/types\/post"}],"author":[{"embeddable":true,"href":"https:\/\/valenciasjb.salesianos.edu\/colegio\/wp-json\/wp\/v2\/users\/6"}],"replies":[{"embeddable":true,"href":"https:\/\/valenciasjb.salesianos.edu\/colegio\/wp-json\/wp\/v2\/comments?post=13914"}],"version-history":[{"count":9,"href":"https:\/\/valenciasjb.salesianos.edu\/colegio\/wp-json\/wp\/v2\/posts\/13914\/revisions"}],"predecessor-version":[{"id":13943,"href":"https:\/\/valenciasjb.salesianos.edu\/colegio\/wp-json\/wp\/v2\/posts\/13914\/revisions\/13943"}],"wp:featuredmedia":[{"embeddable":true,"href":"https:\/\/valenciasjb.salesianos.edu\/colegio\/wp-json\/wp\/v2\/media\/13922"}],"wp:attachment":[{"href":"https:\/\/valenciasjb.salesianos.edu\/colegio\/wp-json\/wp\/v2\/media?parent=13914"}],"wp:term":[{"taxonomy":"category","embeddable":true,"href":"https:\/\/valenciasjb.salesianos.edu\/colegio\/wp-json\/wp\/v2\/categories?post=13914"},{"taxonomy":"post_tag","embeddable":true,"href":"https:\/\/valenciasjb.salesianos.edu\/colegio\/wp-json\/wp\/v2\/tags?post=13914"}],"curies":[{"name":"wp","href":"https:\/\/api.w.org\/{rel}","templated":true}]}}