{"id":13931,"date":"2020-07-04T09:18:45","date_gmt":"2020-07-04T08:18:45","guid":{"rendered":"https:\/\/valenciasjb.salesianos.edu\/colegio\/?p=13931"},"modified":"2020-07-04T09:18:48","modified_gmt":"2020-07-04T08:18:48","slug":"entrevista-a-david-pastor-corbi-alcoy-1971-autor-del-retrato-don-bosco-en-valdocco","status":"publish","type":"post","link":"https:\/\/valenciasjb.salesianos.edu\/colegio\/entrevista-a-david-pastor-corbi-alcoy-1971-autor-del-retrato-don-bosco-en-valdocco\/","title":{"rendered":"Entrevista a David Pastor Corb\u00ed (Alcoy, 1971)  autor del retrato \u201cDon Bosco en Valdocco\u201d"},"content":{"rendered":"<div id=\"fb-root\"><\/div>\n<p>[et_pb_section fb_built=\u00bb1&#8243; admin_label=\u00bbsection\u00bb _builder_version=\u00bb3.22&#8243;][et_pb_row admin_label=\u00bbrow\u00bb _builder_version=\u00bb3.25&#8243; background_size=\u00bbinitial\u00bb background_position=\u00bbtop_left\u00bb background_repeat=\u00bbrepeat\u00bb][et_pb_column type=\u00bb4_4&#8243; _builder_version=\u00bb3.25&#8243; custom_padding=\u00bb|||\u00bb custom_padding__hover=\u00bb|||\u00bb][et_pb_text admin_label=\u00bbEntradilla (Texto)\u00bb _builder_version=\u00bb4.4.7&#8243; text_font=\u00bb|on|||\u00bb text_orientation=\u00bbjustified\u00bb module_alignment=\u00bbjustified\u00bb]<\/p>\n<div id=\"resumen\">\n<p>El pintor David Pastor Corb\u00ed concluy\u00f3 el cuadro <strong> \u201cDon Bosco en Valdocco\u201d<\/strong> en los meses de confinamiento en Espa\u00f1a por el Covid-19, como una ventana abierta a la esperanza y al recuerdo. El cuadro lo ha cedido a la casa salesiana San Juan Bosco de Valencia como presente a don Pasqual Lluch, al que le une una gran amistad y por la confianza en su trabajo desde sus inicios.<\/p>\n<\/div>\n<div>\u00a0<\/div>\n<p>[\/et_pb_text][et_pb_text admin_label=\u00bbAutor (Texto)\u00bb _builder_version=\u00bb4.4.7&#8243; text_font=\u00bb||on||\u00bb]<\/p>\n<p><strong><em>Fernando R\u00eda Garc\u00eda, SDB<\/em><\/strong><\/p>\n<p>[\/et_pb_text][et_pb_text admin_label=\u00bbDesarrollo (Texto)\u00bb _builder_version=\u00bb4.4.7&#8243; text_orientation=\u00bbjustified\u00bb module_alignment=\u00bbjustified\u00bb]<\/p>\n<p>David Pastor Corb\u00ed es un pintor alcoyano, antiguo profesor del colegio salesiano San Vicente Ferrer de Alcoy (Alicante), que acaba de presentar su cuadro \u201cDon Bosco en Valdocco\u201d, en el que aparece Don Bosco asom\u00e1ndose a la ventana de su habitaci\u00f3n hacia el patio del oratorio de Valdocco. Con mirada fresca, serena y penetrante, se acompa\u00f1a en primer plano de libros, herramientas y unas pelotitas de juego, objetos simb\u00f3licos relacionados con el proyecto educativo salesiano. El conjunto queda enmarcado por una ventana abierta de par en par, envejecida y gastada por el uso y el paso del tiempo.<\/p>\n<p>Concluy\u00f3 el cuadro en los meses de confinamiento en Espa\u00f1a por el Covid-19, dato que interpreta como \u201cuna ventana abierta tambi\u00e9n a la esperanza y al recuerdo\u201d. El pasado d\u00eda 26 de junio de 2020, hizo entrega de esa obra a la comunidad salesiana San Juan Bosco de Valencia.<\/p>\n<p>Aprovechando su presencia en Valencia, se avino amablemente a esta entrevista con el fin de comentar los aspectos de una criatura de la que acababa de desprenderse y cuya fama, a trav\u00e9s de la prensa y las redes sociales, ha suscitado el inter\u00e9s de muchas personas e incluso ha traspasado los l\u00edmites de nuestras fronteras.<\/p>\n<p><strong>Se nota, al ver el cuadro, que no eres ajeno a la persona de Don Bosco. \u00bfCu\u00e1l ha sido tu relaci\u00f3n con el mundo salesiano?<\/strong><\/p>\n<p>DPC. Vivir en Alcoy y no tener contacto con los salesianos es pr\u00e1cticamente imposible. Aunque no fui alumno del colegio, frecuentaba el oratorio festivo y el santuario de Mar\u00eda Auxiliadora. Andando el tiempo, precedido por mi hermano, profesor del colegio, pude ingresar en \u00e9l yo tambi\u00e9n, al acabar mi carrera de Bellas Artes en Valencia, como profesor de pl\u00e1stica. Y all\u00ed permanec\u00ed durante siete a\u00f1os, hasta que por motivos familiares tuve que dejar Alcoy y trasladarme al pueblo de Callosa de Ensarri\u00e1 (Alicante), donde vivo actualmente.<\/p>\n<p><strong>Creo que tambi\u00e9n tuviste una relaci\u00f3n en el plano puramente art\u00edstico con esa obra salesiana de San Vicente Ferrer de Alcoy.<\/strong><\/p>\n<p>DPC. En efecto, siendo profesor del colegio, y gracias a la propuesta de su director, don Pasqual Lluch, tuve la oportunidad de pintar un lienzo de m\u00e1s de 60 metros cuadrados para la capilla de san Francisco de As\u00eds del santuario de Mar\u00eda Auxiliadora, que empec\u00e9 en 1997 y termin\u00e9 en 1999. Despu\u00e9s, empec\u00e9 el de la capilla de san Jos\u00e9, que acab\u00e9 viviendo ya en Callosa d\u2019En Sarri\u00e0 (Alicante).<\/p>\n<p><strong>Todo cuadro suele tener su historia. \u00bfCu\u00e1l es la historia, la g\u00e9nesis de \u201cDonBosco en Valdocco\u201d?<\/strong><\/p>\n<p>DPC. Su g\u00e9nesis empieza mientras pintaba la capilla de san Francisco de As\u00eds. Por insinuaci\u00f3n de don David Churio, entonces inspector salesiano, don Pasqual Lluch, director del colegio, me anim\u00f3 a pintar un retrato de DonBosco. Acept\u00e9 la idea, pero yo era todav\u00eda muy joven. Al acabar de pintar la capilla de san Francisco (1999), se hilvanaron unos proyectos con otros, deb\u00eda empezar la de san Jos\u00e9 y nunca encontraba el huequecito que necesitaba para centrarme en el retrato de Don Bosco, hasta que al final, cuando termin\u00e9 de pintar un retablo en la iglesia de Guadalest (Alicante) que me llev\u00f3 m\u00e1s de 8 a\u00f1os, me dije: \u201cEste es el momento\u201d, me lo tom\u00e9 en serio y, aprovechando el tiempo de confinamiento, acab\u00e9 por realizarlo.<\/p>\n<p><strong>En el cuadro Don Bosco se asoma a la ventana, como tantos de nosotros hemos hecho durante estos tres meses de confinamiento. \u00bfTiene este cuadro alguna relaci\u00f3n con esta reclusi\u00f3n que todos hemos sufrido?<\/strong><\/p>\n<p>DPC. Inicialmente no. Al principio ten\u00eda la idea de pintar a DonBosco entrando en una curtidur\u00eda, donde los chavales pintaban las telas en una situaci\u00f3n bastante precaria, de la que Don Bosco trataba de rescatarlos. Pensaba en c\u00f3mo Don Bosco viv\u00eda su misi\u00f3n de salvar a los ni\u00f1os y j\u00f3venes\u2026 Y en eso nos pill\u00f3 la pandemia. En esa situaci\u00f3n vivida por todos nosotros, me identifiqu\u00e9 con el mismo Don Bosco. Ve\u00eda a Don Bosco y me ve\u00eda a m\u00ed mismo en el confinamiento detr\u00e1s de esa ventana, tanto m\u00e1s que el modelo del cuadro soy yo mismo, pues me fotografi\u00e9 a m\u00ed mismo en la postura que quer\u00eda exactamente para Don Bosco, con una sotana que me dej\u00f3 don Pasqual. Me ven\u00eda a la mente el \u201chonrados ciudadanos y buenos cristianos\u201d y cu\u00e1l deb\u00eda ser mi respuesta como ser humano ante una situaci\u00f3n que para muchas personas pod\u00eda parecer un castigo, una imposici\u00f3n o una limitaci\u00f3n, y que para un cristiano se pod\u00eda convertir en una elecci\u00f3n libre que nos pod\u00eda hacer felices. Le daba vueltas al tema y pensaba en Don Bosco asomado a la ventana, con unos ojos que no estaban encarcelados, ni mucho menos.<\/p>\n<p><strong>En la parte trasera del cuadro hay unos textos, entre ellos una cita de san Pablo (Rom 5,3). \u00bfNos puede comentar la relaci\u00f3n de este texto b\u00edblico con la propia pintura?<\/strong><\/p>\n<p>DPC. Cuando acabo un cuadro, tengo la costumbre de poner detr\u00e1s una cita b\u00edblica. Y en este caso he puesto el texto de Rom 5<em>,<\/em>3 <em>(\u201cM\u00e1s a\u00fan, nos gloriamos en las tribulaciones, sabiendo que la tribulaci\u00f3n engendra la paciencia; la paciencia, virtud probada; la virtud probada, esperanza; y la esperanza no falla; porque el amor de Dios ha sido derramado en nuestros corazones por el Esp\u00edritu Santo que nos ha sido dado\u201d), <\/em>porque quer\u00eda hacer un homenaje a lo que he dicho anteriormente sobre la pandemia: que lo que muchas personas ven como un castigo, para un cristiano las penurias, las dificultades pueden ser un camino para alcanzar la felicidad.<\/p>\n<p><strong>S\u00e9 que muchos aspirar\u00edan a tener este cuadro en su casa, en su colegio, en su comunidad\u2026 \u00bfPor qu\u00e9 esta entrega del cuadro a los salesianos San Juan Bosco de Valencia?<\/strong><\/p>\n<p>DPC. Ya lo he dicho antes, cuando empec\u00e9 el primer mural sobre san Francisco de As\u00eds, era un reci\u00e9n licenciado, y encargarme un proyecto de 60 metros cuadrados al \u00f3leo para el santuario de Mar\u00eda Auxiliadora de Alcoy represent\u00f3 un grand\u00edsimo acto de confianza por parte de su director, don Pasqual Lluch. As\u00ed que, cuando le dije que iba a pintar el cuadro de Don Bosco, se convirti\u00f3 pr\u00e1cticamente en un pacto: \u00e9l hab\u00eda confiado en m\u00ed en grado muy elevado y yo no quer\u00eda defraudarle. Por eso, en cuanto tuve terminado el retrato, pens\u00e9 en d\u00e1rselo a Don Pasqual y \u00e9l ha decidido que se quede en esta comunidad, a la que ahora pertenece. En el bastidor he querido dejar constancia de ello con esta dedicatoria \u201cA PASQUAL LLUCH QUE SEMPRE HA CONFIAT GENEROSAMENT EN M\u00cd. A L\u2019AMIC.\u201d<\/p>\n<p><strong>Es sabido que el cuadro, en su corta vida, ha tenido ya gran acogida entre los amantes de Don Bosco. \u00bfTambi\u00e9n ha llegado ese inter\u00e9s hasta usted?<\/strong><\/p>\n<p>DPC. S\u00ed, s\u00ed. He comprobado su buena acogida a trav\u00e9s de muchas comunicaciones y de\u00a0 \u00a0las redes sociales, en las que el cuadro ha sido bien acogido en miles de entradas y con comentarios muy positivos y laudatorios, no solo en Espa\u00f1a sino en otros pa\u00edses, como Italia, Per\u00fa, Argentina, Eslovaquia\u2026<\/p>\n<p><strong>Una estampa del cuadro fue difundida entre las p\u00e1ginas del Bolet\u00edn Salesiano espa\u00f1ol del mes de junio y ha tenido una muy buena acogida entre sus lectores. \u00bfCrees que tambi\u00e9n lo tendr\u00e1 entre los j\u00f3venes de nuestros ambientes? \u00bfCu\u00e1l es el mensaje que DB puede trasmitirles desde \u201csu ventana\u201d?<\/strong><\/p>\n<p>DPC. Por mi experiencia de contacto con los j\u00f3venes, creo que Don Bosco forma parte de su paisaje. El hecho de ver una nueva imagen de Don Bosco puede ser para ellos algo muy fresco y positivo. Los j\u00f3venes son muy din\u00e1micos, lo que para nosotros va a una velocidad para ellos va diez veces m\u00e1s r\u00e1pido y tiene que cambiar diez veces m\u00e1s r\u00e1pido. Me gustar\u00eda que cuando metan este cuadro nuevo en su \u201cmochila\u201d, les acompa\u00f1e en su experiencia vital. Por otra parte, en los elementos que acompa\u00f1an a Don Bosco he incluido algo que hace referencia a la modernidad, como son los colores de las pelotitas, el azul, rojo y verde, que son los colores b\u00e1sicos que usan las pantallas del ordenador. Los colores b\u00e1sicos para el pincel y la pintura son el amarillo, cyan y magenta (adem\u00e1s del blanco y negro). Pero las pelotitas del cuadro llevan los colores modernos de las pantallas: verde, azul y rojo.<\/p>\n<p><strong>El cuadro no es un retrato de Don Bosco al uso. Es un retrato que trasmite\u2026, que tiene \u201calma\u201d y va m\u00e1s all\u00e1 de un retrato corriente. \u00bfQu\u00e9 es lo que hay \u201cdetr\u00e1s\u201d o \u201cdentro\u201d de ese DB, cu\u00e1l es el alma de ese DB, de su mirada, de sus gestos, de lo que \u201clleva entre manos\u201d?<\/strong><\/p>\n<p>DPC. Ojal\u00e1 tuviera yo el secreto del \u00e9xito en la pintura. Alegr\u00e1ndome de que el retrato haya tenido \u00e9xito, lo \u00fanico que puedo decir es que he tratado de conseguir un Don Bosco a trav\u00e9s de la investigaci\u00f3n, una parte de la persona de Don Bosco a partir de retratos fotogr\u00e1ficos y renunciando a toda pintura, porque la pintura ya es una interpretaci\u00f3n. He tratado de reflejar solo una parte de Don Bosco, porque querer contarlo todo es como querer abarcar de golpe toda una pel\u00edcula. As\u00ed que me centr\u00e9 en esa parte de su persona entregada totalmente a los j\u00f3venes, ese Don Bosco que no paraba y cuyo motor de toda su actividad era el amor. No se puede llevar adelante lo que \u00e9l hac\u00eda por dinero ni por pragmatismo ni siquiera por vanagloria. Eso solo se puede hacer por amor. El amor es un motor de fuerza infinita que, cuando lo ves en una persona, te da una sensaci\u00f3n de paz contigo y con el mundo. Es lo que quise reflejar de alguna manera.<\/p>\n<p><strong>En el cuadro observamos detalles y objetos cargados de simbolismo.<\/strong><\/p>\n<p>DPC. Los libros, las herramientas, el adoqu\u00edn, las pelotitas y las ventanas son los elementos fundamentales. Y las manos. Empecemos por las ventanas: est\u00e1n viej\u00edsimas, necesitan una mano de pintura y de reparaci\u00f3n; est\u00e1n hechas polvo porque esas ventanas est\u00e1n siempre abiertas. Siempre me ha impresionado que, incluso en tiempo de pandemia, un colegio salesiano nunca est\u00e1 cerrado del todo. Y esa situaci\u00f3n quer\u00eda expresarla con esas ventanas abiertas.\u00a0<\/p>\n<p>Luego est\u00e1n los libros, las pelotitas y las herramientas. Relacionados con la pandemia nos hablan de una vida plena representada en esos tres elementos s\u00edmbolos de la actividad f\u00edsica e intelectual que, aun estando en confinamiento, pueden otorgarnos una vida plena. Pero sobre todo est\u00e1n relacionados con el proyecto salesiano que trata de educar a los j\u00f3venes haci\u00e9ndolos \u00fatiles a la sociedad a trav\u00e9s de la cultura, la preparaci\u00f3n t\u00e9cnico-profesional y el ambiente alegre y sano (amor de Don Bosco por el teatro, la m\u00fasica, la far\u00e1ndula\u2026).<\/p>\n<p>Y tambi\u00e9n est\u00e1n las manos: una est\u00e1 en sombra, la otra a la luz. Quieren decir que Don Bosco no trabajaba con una actitud farisaica, por vanagloria, sino por amor. Ese detalle hace referencia a eso de \u201cque no sepa tu mano izquierda lo que hace tu derecha\u201d. Don Bosco trabajaba para la luz, donde est\u00e1 la mano derecha, mientras su mano izquierda trabajaba en la sombra. Ese detalle t\u00e9cnico ayuda, adem\u00e1s, a dar al cuadro una tercera dimensi\u00f3n.<\/p>\n<p><strong>\u00bfQu\u00e9 sientes al desprenderte de esta bella criatura, aunque sabes que queda en buenas manos?<\/strong><\/p>\n<p>Eso es lo que me salva, el saber en qu\u00e9 manos queda. Mi mujer, Carmen, sabe que cuando estoy mucho tiempo trabajando con una obra, al llegar el momento de desprenderme de ella, lo siento como si se fuera algo de m\u00ed. Cuando vuelva a casa y vea el caballete vac\u00edo es cuando me va a venir el \u201csuspiro\u201d. Pero yo trato de no olvidar para qu\u00e9 pinto, y el hecho de que el cuadro est\u00e9 en un sitio donde s\u00e9 que va cumplir su funci\u00f3n, que va a ser apreciado con la intenci\u00f3n que yo he puesto en \u00e9l\u2026, eso me hace sentirme muy bien.<\/p>\n<p><strong>Sabes que, como muestra del inter\u00e9s que ha suscitado tu cuadro, ha llegado ya la invitaci\u00f3n desde Tur\u00edn para que forme parte de una exposici\u00f3n que se est\u00e1 preparando en Valdocco con ocasi\u00f3n de la inauguraci\u00f3n del Museo sobre Don Bosco.<\/strong><\/p>\n<p>Me hace mucha ilusi\u00f3n que el cuadro viaje a Valdocco. Le dar\u00e1 un <em>plus <\/em>de realismo y veracidad a su t\u00edtulo el saber que el cuadro \u201cDon Bosco en Valdocco\u201d ha estado unos d\u00edas por aquel santo lugar.<\/p>\n<p><strong>Gracias, David, por este precioso regalo que nos haces. No sabes lo contentos que estamos en esta casa salesiana porque, como has dicho a lo largo de esta entrevista, el cuadro evidencia y trasmite una serie de valores que nos van a ayudar a realizar nuestra misi\u00f3n educativa con m\u00e1s exigencia y mayor calidad. Y gracias tambi\u00e9n a Pasqual Lluch, que ha sido el intermediario y el canal a trav\u00e9s del cual ha sido posible que este precioso cuadro se hiciera realidad en tus pinceles y llegara desde tu casa a esta su nueva casa salesiana San Juan Bosco de Valencia.<\/strong><\/p>\n<p><strong><em>Fernando R\u00eda Garc\u00eda, SDB<\/em><\/strong><\/p>\n<p>_______________________________________________________________<\/p>\n<p><u>FICHA T\u00c9CNICA<\/u><\/p>\n<p><strong>David Pastor Corb\u00ed <\/strong>nace en Alcoy (Alicante) en 1971. Desde los 15 a\u00f1os se dedica al dise\u00f1o, el c\u00f3mic y la ilustraci\u00f3n, colaborando con sus dibujos en ediciones de toda la Comunidad Valenciana. En 1995 obtiene la licenciatura de Bellas Artes por la facultad de San Carlos de Valencia en especialidad de dibujo.<\/p>\n<p>&nbsp;<\/p>\n<p>En 1996 comienza a dar clases de Pl\u00e1stica en el colegio salesiano San Vicente Ferrer de Alcoy. A partir de este momento compagina la docencia y la pintura.<br \/>En 1997 empieza el mural de san Francisco de As\u00eds en el santuario de Mar\u00eda Auxiliadora, que ser\u00e1 concluido en 1999. Son tres a\u00f1os de duro trabajo debido a lo complicado de la superficie curva y a sus dimensiones, ya que ocupa 60 metros cuadrados.Inmediatamente comienza el siguiente mural en el mismo sitio y con las mismas caracter\u00edsticas. El altar de San Jos\u00e9 y su homenaje a la industria alcoyana se inaugura en noviembre de 2003.<\/p>\n<p>A partir de entonces, trabaja por toda de la Comunidad Valenciana, y desde 2004 se puede ver en las paredes de la capilla de San Antonio de Padua de El Campello (Alicante) un par de cuadros de gran formato sobre la vida del santo.<\/p>\n<p>&nbsp;<\/p>\n<p>En diciembre de 2005 termina un retablo de grandes dimensiones (3 x 5 metros) para el baptisterio de la iglesia mayor de Las Alquer\u00edas del Ni\u00f1o Perdido en Castell\u00f3n.<\/p>\n<p>En Julio de 2008 presenta una pintura con una cena de Ema\u00fas de 1\u201965 x 1\u201910 m que decora el sagrario de la iglesia mayor del Castell de Guadalest (Alicante).<\/p>\n<p>Actualmente es profesor de Secundaria y Bachillerato en el colegio Almedia de Callosa d\u2019En Sarri\u00e0 (Alicante), donde da clases de Educaci\u00f3n Pl\u00e1stica y Visual, Dibujo T\u00e9cnico e Historia del Arte.<\/p>\n<p>&nbsp;<\/p>\n<p>En junio de 2020 presenta en el colegio salesiano San Juan Bosco de Valencia el retrato <strong>\u201cDon Bosco en Valdocco\u201d.<\/strong> Se trata de un cuadro de 100 x 81 cm, pintado al \u00f3leo sobre un lienzo de lino con fibras de algod\u00f3n y en el que utiliz\u00f3 \u00f3leos de la serie 3 de resistencia a la luz, previa imprimaci\u00f3n qu\u00edmica. En la primera semana de junio se le aplic\u00f3 barniz protector mate con spray para protegerlo del polvo.Concluy\u00f3 el cuadro en los meses de confinamiento en Espa\u00f1a por el Covid-19, como una ventana abierta a la esperanza y al recuerdo.<\/p>\n<p>\u200b<\/p>\n<p>[\/et_pb_text][et_pb_text disabled_on=\u00bboff|on|on\u00bb admin_label=\u00bbT\u00edtulo: Galer\u00eda de fotos (Texto)\u00bb _builder_version=\u00bb3.27.4&#8243; text_font=\u00bb|on|||\u00bb text_text_color=\u00bb#dc001b\u00bb border_style=\u00bbsolid\u00bb]Galer\u00eda de im\u00e1genes[\/et_pb_text][et_pb_gallery gallery_ids=\u00bb13986,13989,13988,13987&#8243; posts_number=\u00bb8&#8243; show_title_and_caption=\u00bboff\u00bb zoom_icon_color=\u00bb#dc001b\u00bb hover_icon=\u00bb%%51%%\u00bb disabled_on=\u00bboff|off|off\u00bb _builder_version=\u00bb4.4.7&#8243; hover_enabled=\u00bb0&#8243; pagination_font_size_tablet=\u00bb51&#8243; pagination_line_height_tablet=\u00bb2&#8243;][\/et_pb_gallery][et_pb_video disabled_on=\u00bbon|on|on\u00bb _builder_version=\u00bb3.0.51&#8243; disabled=\u00bbon\u00bb][\/et_pb_video][\/et_pb_column][\/et_pb_row][\/et_pb_section]<\/p>\n<!-- AddThis Advanced Settings generic via filter on the_content --><!-- AddThis Share Buttons generic via filter on the_content -->","protected":false},"excerpt":{"rendered":"<p>El pintor David Pastor Corb\u00ed concluy\u00f3 el cuadro \u201cDon Bosco en Valdocco\u201d en los meses de confinamiento en Espa\u00f1a por el Covid-19, como una ventana abierta a la esperanza y al recuerdo. El cuadro lo ha cedido a la casa salesiana San Juan Bosco de Valencia como presente a don Pasqual Lluch, al que le [&hellip;]<\/p>\n<p><!-- AddThis Advanced Settings generic via filter on get_the_excerpt --><!-- AddThis Share Buttons generic via filter on get_the_excerpt --><\/p>\n","protected":false},"author":6,"featured_media":13989,"comment_status":"closed","ping_status":"open","sticky":false,"template":"","format":"standard","meta":{"_et_pb_use_builder":"on","_et_pb_old_content":"","_et_gb_content_width":"","footnotes":""},"categories":[14],"tags":[],"class_list":["post-13931","post","type-post","status-publish","format-standard","has-post-thumbnail","hentry","category-noticia_colegio"],"yoast_head":"<!-- This site is optimized with the Yoast SEO plugin v28.4 - https:\/\/yoast.com\/product\/yoast-seo-wordpress\/ -->\n<title>Entrevista a David Pastor Corb\u00ed (Alcoy, 1971) autor del retrato \u201cDon Bosco en Valdocco\u201d - Colegio San Juan Bosco Valencia<\/title>\n<meta name=\"robots\" content=\"index, follow, max-snippet:-1, max-image-preview:large, max-video-preview:-1\" \/>\n<link rel=\"canonical\" href=\"https:\/\/valenciasjb.salesianos.edu\/colegio\/entrevista-a-david-pastor-corbi-alcoy-1971-autor-del-retrato-don-bosco-en-valdocco\/\" \/>\n<meta property=\"og:locale\" content=\"es_ES\" \/>\n<meta property=\"og:type\" content=\"article\" \/>\n<meta property=\"og:title\" content=\"Entrevista a David Pastor Corb\u00ed (Alcoy, 1971) autor del retrato \u201cDon Bosco en Valdocco\u201d - Colegio San Juan Bosco Valencia\" \/>\n<meta property=\"og:description\" content=\"El pintor David Pastor Corb\u00ed concluy\u00f3 el cuadro \u201cDon Bosco en Valdocco\u201d en los meses de confinamiento en Espa\u00f1a por el Covid-19, como una ventana abierta a la esperanza y al recuerdo. El cuadro lo ha cedido a la casa salesiana San Juan Bosco de Valencia como presente a don Pasqual Lluch, al que le [&hellip;]\" \/>\n<meta property=\"og:url\" content=\"https:\/\/valenciasjb.salesianos.edu\/colegio\/entrevista-a-david-pastor-corbi-alcoy-1971-autor-del-retrato-don-bosco-en-valdocco\/\" \/>\n<meta property=\"og:site_name\" content=\"Colegio San Juan Bosco Valencia\" \/>\n<meta property=\"article:publisher\" content=\"https:\/\/www.facebook.com\/ColegioSalesianoSanJuanBoscoValencia\" \/>\n<meta property=\"article:published_time\" content=\"2020-07-04T08:18:45+00:00\" \/>\n<meta property=\"article:modified_time\" content=\"2020-07-04T08:18:48+00:00\" \/>\n<meta property=\"og:image\" content=\"https:\/\/valenciasjb.salesianos.edu\/colegio\/wp-content\/uploads\/sites\/2\/2020\/07\/IMG-20200703-WA0011.jpg\" \/>\n\t<meta property=\"og:image:width\" content=\"1200\" \/>\n\t<meta property=\"og:image:height\" content=\"1600\" \/>\n\t<meta property=\"og:image:type\" content=\"image\/jpeg\" \/>\n<meta name=\"author\" content=\"veronicapastor\" \/>\n<meta name=\"twitter:card\" content=\"summary_large_image\" \/>\n<meta name=\"twitter:creator\" content=\"@SalesianosVSJB\" \/>\n<meta name=\"twitter:site\" content=\"@SalesianosVSJB\" \/>\n<meta name=\"twitter:label1\" content=\"Escrito por\" \/>\n\t<meta name=\"twitter:data1\" content=\"veronicapastor\" \/>\n\t<meta name=\"twitter:label2\" content=\"Tiempo de lectura\" \/>\n\t<meta name=\"twitter:data2\" content=\"15 minutos\" \/>\n<script type=\"application\/ld+json\" class=\"yoast-schema-graph\">{\"@context\":\"https:\\\/\\\/schema.org\",\"@graph\":[{\"@type\":\"Article\",\"@id\":\"https:\\\/\\\/valenciasjb.salesianos.edu\\\/colegio\\\/entrevista-a-david-pastor-corbi-alcoy-1971-autor-del-retrato-don-bosco-en-valdocco\\\/#article\",\"isPartOf\":{\"@id\":\"https:\\\/\\\/valenciasjb.salesianos.edu\\\/colegio\\\/entrevista-a-david-pastor-corbi-alcoy-1971-autor-del-retrato-don-bosco-en-valdocco\\\/\"},\"author\":{\"name\":\"veronicapastor\",\"@id\":\"https:\\\/\\\/valenciasjb.salesianos.edu\\\/colegio\\\/#\\\/schema\\\/person\\\/1f45b67e52b27da175190a574db6bed9\"},\"headline\":\"Entrevista a David Pastor Corb\u00ed (Alcoy, 1971) autor del retrato \u201cDon Bosco en Valdocco\u201d\",\"datePublished\":\"2020-07-04T08:18:45+00:00\",\"dateModified\":\"2020-07-04T08:18:48+00:00\",\"mainEntityOfPage\":{\"@id\":\"https:\\\/\\\/valenciasjb.salesianos.edu\\\/colegio\\\/entrevista-a-david-pastor-corbi-alcoy-1971-autor-del-retrato-don-bosco-en-valdocco\\\/\"},\"wordCount\":2989,\"image\":{\"@id\":\"https:\\\/\\\/valenciasjb.salesianos.edu\\\/colegio\\\/entrevista-a-david-pastor-corbi-alcoy-1971-autor-del-retrato-don-bosco-en-valdocco\\\/#primaryimage\"},\"thumbnailUrl\":\"https:\\\/\\\/valenciasjb.salesianos.edu\\\/colegio\\\/wp-content\\\/uploads\\\/sites\\\/2\\\/2020\\\/07\\\/IMG-20200703-WA0011.jpg\",\"articleSection\":[\"Noticia Colegio\"],\"inLanguage\":\"es\"},{\"@type\":\"WebPage\",\"@id\":\"https:\\\/\\\/valenciasjb.salesianos.edu\\\/colegio\\\/entrevista-a-david-pastor-corbi-alcoy-1971-autor-del-retrato-don-bosco-en-valdocco\\\/\",\"url\":\"https:\\\/\\\/valenciasjb.salesianos.edu\\\/colegio\\\/entrevista-a-david-pastor-corbi-alcoy-1971-autor-del-retrato-don-bosco-en-valdocco\\\/\",\"name\":\"Entrevista a David Pastor Corb\u00ed (Alcoy, 1971) autor del retrato \u201cDon Bosco en Valdocco\u201d - Colegio San Juan Bosco Valencia\",\"isPartOf\":{\"@id\":\"https:\\\/\\\/valenciasjb.salesianos.edu\\\/colegio\\\/#website\"},\"primaryImageOfPage\":{\"@id\":\"https:\\\/\\\/valenciasjb.salesianos.edu\\\/colegio\\\/entrevista-a-david-pastor-corbi-alcoy-1971-autor-del-retrato-don-bosco-en-valdocco\\\/#primaryimage\"},\"image\":{\"@id\":\"https:\\\/\\\/valenciasjb.salesianos.edu\\\/colegio\\\/entrevista-a-david-pastor-corbi-alcoy-1971-autor-del-retrato-don-bosco-en-valdocco\\\/#primaryimage\"},\"thumbnailUrl\":\"https:\\\/\\\/valenciasjb.salesianos.edu\\\/colegio\\\/wp-content\\\/uploads\\\/sites\\\/2\\\/2020\\\/07\\\/IMG-20200703-WA0011.jpg\",\"datePublished\":\"2020-07-04T08:18:45+00:00\",\"dateModified\":\"2020-07-04T08:18:48+00:00\",\"author\":{\"@id\":\"https:\\\/\\\/valenciasjb.salesianos.edu\\\/colegio\\\/#\\\/schema\\\/person\\\/1f45b67e52b27da175190a574db6bed9\"},\"breadcrumb\":{\"@id\":\"https:\\\/\\\/valenciasjb.salesianos.edu\\\/colegio\\\/entrevista-a-david-pastor-corbi-alcoy-1971-autor-del-retrato-don-bosco-en-valdocco\\\/#breadcrumb\"},\"inLanguage\":\"es\",\"potentialAction\":[{\"@type\":\"ReadAction\",\"target\":[\"https:\\\/\\\/valenciasjb.salesianos.edu\\\/colegio\\\/entrevista-a-david-pastor-corbi-alcoy-1971-autor-del-retrato-don-bosco-en-valdocco\\\/\"]}]},{\"@type\":\"ImageObject\",\"inLanguage\":\"es\",\"@id\":\"https:\\\/\\\/valenciasjb.salesianos.edu\\\/colegio\\\/entrevista-a-david-pastor-corbi-alcoy-1971-autor-del-retrato-don-bosco-en-valdocco\\\/#primaryimage\",\"url\":\"https:\\\/\\\/valenciasjb.salesianos.edu\\\/colegio\\\/wp-content\\\/uploads\\\/sites\\\/2\\\/2020\\\/07\\\/IMG-20200703-WA0011.jpg\",\"contentUrl\":\"https:\\\/\\\/valenciasjb.salesianos.edu\\\/colegio\\\/wp-content\\\/uploads\\\/sites\\\/2\\\/2020\\\/07\\\/IMG-20200703-WA0011.jpg\",\"width\":1200,\"height\":1600},{\"@type\":\"BreadcrumbList\",\"@id\":\"https:\\\/\\\/valenciasjb.salesianos.edu\\\/colegio\\\/entrevista-a-david-pastor-corbi-alcoy-1971-autor-del-retrato-don-bosco-en-valdocco\\\/#breadcrumb\",\"itemListElement\":[{\"@type\":\"ListItem\",\"position\":1,\"name\":\"Portada\",\"item\":\"https:\\\/\\\/valenciasjb.salesianos.edu\\\/colegio\\\/\"},{\"@type\":\"ListItem\",\"position\":2,\"name\":\"Entrevista a David Pastor Corb\u00ed (Alcoy, 1971) autor del retrato \u201cDon Bosco en Valdocco\u201d\"}]},{\"@type\":\"WebSite\",\"@id\":\"https:\\\/\\\/valenciasjb.salesianos.edu\\\/colegio\\\/#website\",\"url\":\"https:\\\/\\\/valenciasjb.salesianos.edu\\\/colegio\\\/\",\"name\":\"Colegio San Juan Bosco Valencia\",\"description\":\"P\u00e1gina oficial del Colegio Salesianos San Juan Bosco Valencia\",\"alternateName\":\"Salesianos.VSJB\",\"potentialAction\":[{\"@type\":\"SearchAction\",\"target\":{\"@type\":\"EntryPoint\",\"urlTemplate\":\"https:\\\/\\\/valenciasjb.salesianos.edu\\\/colegio\\\/?s={search_term_string}\"},\"query-input\":{\"@type\":\"PropertyValueSpecification\",\"valueRequired\":true,\"valueName\":\"search_term_string\"}}],\"inLanguage\":\"es\"},{\"@type\":\"Person\",\"@id\":\"https:\\\/\\\/valenciasjb.salesianos.edu\\\/colegio\\\/#\\\/schema\\\/person\\\/1f45b67e52b27da175190a574db6bed9\",\"name\":\"veronicapastor\",\"image\":{\"@type\":\"ImageObject\",\"inLanguage\":\"es\",\"@id\":\"https:\\\/\\\/secure.gravatar.com\\\/avatar\\\/e29bd40bace3fd935e1d6fdb7313ffc14628cc037c5e16f4c7369b20a2a6f7f0?s=96&d=mm&r=g\",\"url\":\"https:\\\/\\\/secure.gravatar.com\\\/avatar\\\/e29bd40bace3fd935e1d6fdb7313ffc14628cc037c5e16f4c7369b20a2a6f7f0?s=96&d=mm&r=g\",\"contentUrl\":\"https:\\\/\\\/secure.gravatar.com\\\/avatar\\\/e29bd40bace3fd935e1d6fdb7313ffc14628cc037c5e16f4c7369b20a2a6f7f0?s=96&d=mm&r=g\",\"caption\":\"veronicapastor\"}}]}<\/script>\n<!-- \/ Yoast SEO plugin. -->","yoast_head_json":{"title":"Entrevista a David Pastor Corb\u00ed (Alcoy, 1971) autor del retrato \u201cDon Bosco en Valdocco\u201d - Colegio San Juan Bosco Valencia","robots":{"index":"index","follow":"follow","max-snippet":"max-snippet:-1","max-image-preview":"max-image-preview:large","max-video-preview":"max-video-preview:-1"},"canonical":"https:\/\/valenciasjb.salesianos.edu\/colegio\/entrevista-a-david-pastor-corbi-alcoy-1971-autor-del-retrato-don-bosco-en-valdocco\/","og_locale":"es_ES","og_type":"article","og_title":"Entrevista a David Pastor Corb\u00ed (Alcoy, 1971) autor del retrato \u201cDon Bosco en Valdocco\u201d - Colegio San Juan Bosco Valencia","og_description":"El pintor David Pastor Corb\u00ed concluy\u00f3 el cuadro \u201cDon Bosco en Valdocco\u201d en los meses de confinamiento en Espa\u00f1a por el Covid-19, como una ventana abierta a la esperanza y al recuerdo. El cuadro lo ha cedido a la casa salesiana San Juan Bosco de Valencia como presente a don Pasqual Lluch, al que le [&hellip;]","og_url":"https:\/\/valenciasjb.salesianos.edu\/colegio\/entrevista-a-david-pastor-corbi-alcoy-1971-autor-del-retrato-don-bosco-en-valdocco\/","og_site_name":"Colegio San Juan Bosco Valencia","article_publisher":"https:\/\/www.facebook.com\/ColegioSalesianoSanJuanBoscoValencia","article_published_time":"2020-07-04T08:18:45+00:00","article_modified_time":"2020-07-04T08:18:48+00:00","og_image":[{"width":1200,"height":1600,"url":"https:\/\/valenciasjb.salesianos.edu\/colegio\/wp-content\/uploads\/sites\/2\/2020\/07\/IMG-20200703-WA0011.jpg","type":"image\/jpeg"}],"author":"veronicapastor","twitter_card":"summary_large_image","twitter_creator":"@SalesianosVSJB","twitter_site":"@SalesianosVSJB","twitter_misc":{"Escrito por":"veronicapastor","Tiempo de lectura":"15 minutos"},"schema":{"@context":"https:\/\/schema.org","@graph":[{"@type":"Article","@id":"https:\/\/valenciasjb.salesianos.edu\/colegio\/entrevista-a-david-pastor-corbi-alcoy-1971-autor-del-retrato-don-bosco-en-valdocco\/#article","isPartOf":{"@id":"https:\/\/valenciasjb.salesianos.edu\/colegio\/entrevista-a-david-pastor-corbi-alcoy-1971-autor-del-retrato-don-bosco-en-valdocco\/"},"author":{"name":"veronicapastor","@id":"https:\/\/valenciasjb.salesianos.edu\/colegio\/#\/schema\/person\/1f45b67e52b27da175190a574db6bed9"},"headline":"Entrevista a David Pastor Corb\u00ed (Alcoy, 1971) autor del retrato \u201cDon Bosco en Valdocco\u201d","datePublished":"2020-07-04T08:18:45+00:00","dateModified":"2020-07-04T08:18:48+00:00","mainEntityOfPage":{"@id":"https:\/\/valenciasjb.salesianos.edu\/colegio\/entrevista-a-david-pastor-corbi-alcoy-1971-autor-del-retrato-don-bosco-en-valdocco\/"},"wordCount":2989,"image":{"@id":"https:\/\/valenciasjb.salesianos.edu\/colegio\/entrevista-a-david-pastor-corbi-alcoy-1971-autor-del-retrato-don-bosco-en-valdocco\/#primaryimage"},"thumbnailUrl":"https:\/\/valenciasjb.salesianos.edu\/colegio\/wp-content\/uploads\/sites\/2\/2020\/07\/IMG-20200703-WA0011.jpg","articleSection":["Noticia Colegio"],"inLanguage":"es"},{"@type":"WebPage","@id":"https:\/\/valenciasjb.salesianos.edu\/colegio\/entrevista-a-david-pastor-corbi-alcoy-1971-autor-del-retrato-don-bosco-en-valdocco\/","url":"https:\/\/valenciasjb.salesianos.edu\/colegio\/entrevista-a-david-pastor-corbi-alcoy-1971-autor-del-retrato-don-bosco-en-valdocco\/","name":"Entrevista a David Pastor Corb\u00ed (Alcoy, 1971) autor del retrato \u201cDon Bosco en Valdocco\u201d - Colegio San Juan Bosco Valencia","isPartOf":{"@id":"https:\/\/valenciasjb.salesianos.edu\/colegio\/#website"},"primaryImageOfPage":{"@id":"https:\/\/valenciasjb.salesianos.edu\/colegio\/entrevista-a-david-pastor-corbi-alcoy-1971-autor-del-retrato-don-bosco-en-valdocco\/#primaryimage"},"image":{"@id":"https:\/\/valenciasjb.salesianos.edu\/colegio\/entrevista-a-david-pastor-corbi-alcoy-1971-autor-del-retrato-don-bosco-en-valdocco\/#primaryimage"},"thumbnailUrl":"https:\/\/valenciasjb.salesianos.edu\/colegio\/wp-content\/uploads\/sites\/2\/2020\/07\/IMG-20200703-WA0011.jpg","datePublished":"2020-07-04T08:18:45+00:00","dateModified":"2020-07-04T08:18:48+00:00","author":{"@id":"https:\/\/valenciasjb.salesianos.edu\/colegio\/#\/schema\/person\/1f45b67e52b27da175190a574db6bed9"},"breadcrumb":{"@id":"https:\/\/valenciasjb.salesianos.edu\/colegio\/entrevista-a-david-pastor-corbi-alcoy-1971-autor-del-retrato-don-bosco-en-valdocco\/#breadcrumb"},"inLanguage":"es","potentialAction":[{"@type":"ReadAction","target":["https:\/\/valenciasjb.salesianos.edu\/colegio\/entrevista-a-david-pastor-corbi-alcoy-1971-autor-del-retrato-don-bosco-en-valdocco\/"]}]},{"@type":"ImageObject","inLanguage":"es","@id":"https:\/\/valenciasjb.salesianos.edu\/colegio\/entrevista-a-david-pastor-corbi-alcoy-1971-autor-del-retrato-don-bosco-en-valdocco\/#primaryimage","url":"https:\/\/valenciasjb.salesianos.edu\/colegio\/wp-content\/uploads\/sites\/2\/2020\/07\/IMG-20200703-WA0011.jpg","contentUrl":"https:\/\/valenciasjb.salesianos.edu\/colegio\/wp-content\/uploads\/sites\/2\/2020\/07\/IMG-20200703-WA0011.jpg","width":1200,"height":1600},{"@type":"BreadcrumbList","@id":"https:\/\/valenciasjb.salesianos.edu\/colegio\/entrevista-a-david-pastor-corbi-alcoy-1971-autor-del-retrato-don-bosco-en-valdocco\/#breadcrumb","itemListElement":[{"@type":"ListItem","position":1,"name":"Portada","item":"https:\/\/valenciasjb.salesianos.edu\/colegio\/"},{"@type":"ListItem","position":2,"name":"Entrevista a David Pastor Corb\u00ed (Alcoy, 1971) autor del retrato \u201cDon Bosco en Valdocco\u201d"}]},{"@type":"WebSite","@id":"https:\/\/valenciasjb.salesianos.edu\/colegio\/#website","url":"https:\/\/valenciasjb.salesianos.edu\/colegio\/","name":"Colegio San Juan Bosco Valencia","description":"P\u00e1gina oficial del Colegio Salesianos San Juan Bosco Valencia","alternateName":"Salesianos.VSJB","potentialAction":[{"@type":"SearchAction","target":{"@type":"EntryPoint","urlTemplate":"https:\/\/valenciasjb.salesianos.edu\/colegio\/?s={search_term_string}"},"query-input":{"@type":"PropertyValueSpecification","valueRequired":true,"valueName":"search_term_string"}}],"inLanguage":"es"},{"@type":"Person","@id":"https:\/\/valenciasjb.salesianos.edu\/colegio\/#\/schema\/person\/1f45b67e52b27da175190a574db6bed9","name":"veronicapastor","image":{"@type":"ImageObject","inLanguage":"es","@id":"https:\/\/secure.gravatar.com\/avatar\/e29bd40bace3fd935e1d6fdb7313ffc14628cc037c5e16f4c7369b20a2a6f7f0?s=96&d=mm&r=g","url":"https:\/\/secure.gravatar.com\/avatar\/e29bd40bace3fd935e1d6fdb7313ffc14628cc037c5e16f4c7369b20a2a6f7f0?s=96&d=mm&r=g","contentUrl":"https:\/\/secure.gravatar.com\/avatar\/e29bd40bace3fd935e1d6fdb7313ffc14628cc037c5e16f4c7369b20a2a6f7f0?s=96&d=mm&r=g","caption":"veronicapastor"}}]}},"_links":{"self":[{"href":"https:\/\/valenciasjb.salesianos.edu\/colegio\/wp-json\/wp\/v2\/posts\/13931","targetHints":{"allow":["GET"]}}],"collection":[{"href":"https:\/\/valenciasjb.salesianos.edu\/colegio\/wp-json\/wp\/v2\/posts"}],"about":[{"href":"https:\/\/valenciasjb.salesianos.edu\/colegio\/wp-json\/wp\/v2\/types\/post"}],"author":[{"embeddable":true,"href":"https:\/\/valenciasjb.salesianos.edu\/colegio\/wp-json\/wp\/v2\/users\/6"}],"replies":[{"embeddable":true,"href":"https:\/\/valenciasjb.salesianos.edu\/colegio\/wp-json\/wp\/v2\/comments?post=13931"}],"version-history":[{"count":4,"href":"https:\/\/valenciasjb.salesianos.edu\/colegio\/wp-json\/wp\/v2\/posts\/13931\/revisions"}],"predecessor-version":[{"id":13992,"href":"https:\/\/valenciasjb.salesianos.edu\/colegio\/wp-json\/wp\/v2\/posts\/13931\/revisions\/13992"}],"wp:featuredmedia":[{"embeddable":true,"href":"https:\/\/valenciasjb.salesianos.edu\/colegio\/wp-json\/wp\/v2\/media\/13989"}],"wp:attachment":[{"href":"https:\/\/valenciasjb.salesianos.edu\/colegio\/wp-json\/wp\/v2\/media?parent=13931"}],"wp:term":[{"taxonomy":"category","embeddable":true,"href":"https:\/\/valenciasjb.salesianos.edu\/colegio\/wp-json\/wp\/v2\/categories?post=13931"},{"taxonomy":"post_tag","embeddable":true,"href":"https:\/\/valenciasjb.salesianos.edu\/colegio\/wp-json\/wp\/v2\/tags?post=13931"}],"curies":[{"name":"wp","href":"https:\/\/api.w.org\/{rel}","templated":true}]}}