{"id":13951,"date":"2020-07-01T08:11:13","date_gmt":"2020-07-01T07:11:13","guid":{"rendered":"https:\/\/valenciasjb.salesianos.edu\/colegio\/?p=13951"},"modified":"2020-07-01T08:16:32","modified_gmt":"2020-07-01T07:16:32","slug":"el-claustro-final-de-curso-reune-a-todo-el-profesorado-de-las-diferentes-etapas-para-valorar-este-curso-y-empezar-a-vislumbrar-el-siguiente","status":"publish","type":"post","link":"https:\/\/valenciasjb.salesianos.edu\/colegio\/el-claustro-final-de-curso-reune-a-todo-el-profesorado-de-las-diferentes-etapas-para-valorar-este-curso-y-empezar-a-vislumbrar-el-siguiente\/","title":{"rendered":"El claustro final de curso re\u00fane a todo el profesorado de las diferentes etapas para valorar este curso y empezar a vislumbrar el siguiente"},"content":{"rendered":"<div id=\"fb-root\"><\/div>\n<p>[et_pb_section fb_built=\u00bb1&#8243; admin_label=\u00bbsection\u00bb _builder_version=\u00bb3.22&#8243;][et_pb_row admin_label=\u00bbrow\u00bb _builder_version=\u00bb3.25&#8243; background_size=\u00bbinitial\u00bb background_position=\u00bbtop_left\u00bb background_repeat=\u00bbrepeat\u00bb][et_pb_column type=\u00bb4_4&#8243; _builder_version=\u00bb3.25&#8243; custom_padding=\u00bb|||\u00bb custom_padding__hover=\u00bb|||\u00bb][et_pb_text admin_label=\u00bbEntradilla (Texto)\u00bb _builder_version=\u00bb4.4.7&#8243; text_font=\u00bb|on|||\u00bb text_orientation=\u00bbjustified\u00bb module_alignment=\u00bbjustified\u00bb]<\/p>\n<div id=\"resumen\">\n<div dir=\"auto\">En la Jornada del martes 30 de junio, el colegio al completo ha vivido una jornada donde por la ma\u00f1ana el claustro ha tenido su reuni\u00f3n de final de curso y, por la tarde, se ha realizado una celebraci\u00f3n a la que estaba invitado el personal del colegio.\u00a0<\/div>\n<\/div>\n<p>[\/et_pb_text][et_pb_text admin_label=\u00bbAutor (Texto)\u00bb _builder_version=\u00bb3.27.4&#8243; text_font=\u00bb||on||\u00bb]Redacci\u00f3n<br \/>\n[\/et_pb_text][et_pb_text admin_label=\u00bbDesarrollo (Texto)\u00bb _builder_version=\u00bb4.4.7&#8243; text_orientation=\u00bbjustified\u00bb module_alignment=\u00bbjustified\u00bb hover_enabled=\u00bb0&#8243;]<\/p>\n<div id=\"resumen\">\n<div dir=\"auto\">La reuni\u00f3n del claustro ha comenzado con una oraci\u00f3n especialmente preparada por el equipo de pastoral. A continuaci\u00f3n, un resumen del curso y unas palabras de agradecimiento de los directores pedag\u00f3gicos, Cristina Colmenero y Jose Valero.<\/div>\n<div dir=\"auto\">\u00a0<\/div>\n<div dir=\"auto\">\n<div dir=\"auto\">Juan Peris, director del colegio, ha dado diferentes informaciones: los excelentes datos de matriculaci\u00f3n, acuerdos de la Conferencia Sectorial de Educaci\u00f3n, novedades auton\u00f3micas referente a la organizaci\u00f3n, de la cual estamos a la espera de recibir instrucciones de la Conselleria para comenzar el pr\u00f3ximo curso, noticias varias, agradecimiento a absolutamente todos los trabajadores del centro por su maravillosa gesti\u00f3n en esta pandemia, a AMPAS que siempre ha estado a nuestro lado; entre todos y todas hemos conseguido que se hiciera realidad \u00abNuestro cole en casa\u00bb.<\/div>\n<div dir=\"auto\">\u00a0<\/div>\n<div dir=\"auto\">El claustro ha dado la enhorabuena a Roberto del R\u00edo que ha sido nombrado coordinador de calidad de la zona centro. Tambi\u00e9n han dado las gracias a Arantxa Lila, que ha aceptado el cargo de gesti\u00f3n de la calidad del colegio.<\/div>\n<div dir=\"auto\">\u00a0<\/div>\n<div dir=\"auto\">La propuesta de objetivos para el pr\u00f3ximo curso se resume en reforzar la dimensi\u00f3n cordial de nuestro ideario, acompa\u00f1ar el retorno a la escuela y vivir en plenitud el 75 aniversario.<\/div>\n<div dir=\"auto\">\u00a0<\/div>\n<div dir=\"auto\">Fernando Navarro, director de la casa, ha dedicado unas reflexiones a todos los presentes: en estos tiempos de pandemia nos pide que m\u00e1s que nunca nos hag\u00e1mos pr\u00f3ximos a nuestros alumnos y alumnas, como personas, en homenaje al sue\u00f1o de Don Bosco, del cual somos herederos, para no perder el carisma que nos caracteriza como casa salesiana. Como ha recordado Juan Peris como palabras finales del claustro: \u00abAmarles y que se sientan amados\u00bb, ese es el reto para el pr\u00f3ximo curso y nuestra prioridad.<\/div>\n<div dir=\"auto\">\u00a0<\/div>\n<div dir=\"auto\">La parroquia ha querido transmitir las gracias por la enorme ayuda del claustro a C\u00e1ritas en estos momentos dif\u00edciles, tanto con las aportaciones, como con el voluntariado prestado. La comunidad salesiana da gracias a Dios por el gran regalo de la comunidad educativa que tenemos, por todo el esfuerzo de los trabajadores del centro.<\/div>\n<div dir=\"auto\">\u00a0<\/div>\n<div dir=\"auto\">El claustro ha finalizado con un v\u00eddeo de agradecimiento a todos los compa\u00f1eros y compa\u00f1eras y con la presentaci\u00f3n del nuevo n\u00famero del peri\u00f3dico \u00abSalesianos\u00bb resumen de este curso at\u00edpico, pero que hemos vivido con intensidad y que las p\u00e1ginas de nuestro querido peri\u00f3dico escolar siempre nos recordar\u00e1n.<\/div>\n<\/div>\n<\/div>\n<div dir=\"auto\">\u00a0<\/div>\n<div dir=\"auto\">Por la tarde, en la celebraci\u00f3n, el personal del colegio ha pedido al Se\u00f1or por una comunidad educativa unida en estos tiempos dif\u00edciles. Por nuestros compa\u00f1eros y compa\u00f1eras, nuestros alumnos y alumnas y sus familias, para que todos juntos sigamos haciendo realidad el sue\u00f1o de Don Bosco en la Avenida de la Plata.<\/div>\n<div id=\"resumen\">\n<div dir=\"auto\">\n<div dir=\"auto\">\u00a0<\/div>\n<div dir=\"auto\">\u00a1So\u00f1amos juntos, somos uno!<\/div>\n<\/div>\n<\/div>\n<div>\u00a0<\/div>\n<p>[\/et_pb_text][et_pb_text disabled_on=\u00bboff|on|on\u00bb admin_label=\u00bbT\u00edtulo: Galer\u00eda de fotos (Texto)\u00bb _builder_version=\u00bb3.27.4&#8243; text_font=\u00bb|on|||\u00bb text_text_color=\u00bb#dc001b\u00bb border_style=\u00bbsolid\u00bb]Galer\u00eda de im\u00e1genes<br \/>\n[\/et_pb_text][et_pb_gallery gallery_ids=\u00bb13964,13962,13961,13960,13959,13963,13965,13958&#8243; posts_number=\u00bb8&#8243; show_title_and_caption=\u00bboff\u00bb zoom_icon_color=\u00bb#dc001b\u00bb hover_icon=\u00bb%%51%%\u00bb disabled_on=\u00bboff|off|off\u00bb _builder_version=\u00bb4.4.7&#8243; pagination_font_size_tablet=\u00bb51&#8243; pagination_line_height_tablet=\u00bb2&#8243;][\/et_pb_gallery][et_pb_video disabled_on=\u00bbon|on|on\u00bb _builder_version=\u00bb3.0.51&#8243; disabled=\u00bbon\u00bb][\/et_pb_video][\/et_pb_column][\/et_pb_row][\/et_pb_section]<\/p>\n<!-- AddThis Advanced Settings generic via filter on the_content --><!-- AddThis Share Buttons generic via filter on the_content -->","protected":false},"excerpt":{"rendered":"<p>En la Jornada del martes 30 de junio, el colegio al completo ha vivido una jornada donde por la ma\u00f1ana el claustro ha tenido su reuni\u00f3n de final de curso y, por la tarde, se ha realizado una celebraci\u00f3n a la que estaba invitado el personal del colegio.\u00a0 Redacci\u00f3n La reuni\u00f3n del claustro ha comenzado [&hellip;]<\/p>\n<p><!-- AddThis Advanced Settings generic via filter on get_the_excerpt --><!-- AddThis Share Buttons generic via filter on get_the_excerpt --><\/p>\n","protected":false},"author":6,"featured_media":13961,"comment_status":"closed","ping_status":"open","sticky":false,"template":"","format":"standard","meta":{"_et_pb_use_builder":"on","_et_pb_old_content":"","_et_gb_content_width":"","footnotes":""},"categories":[14],"tags":[],"class_list":["post-13951","post","type-post","status-publish","format-standard","has-post-thumbnail","hentry","category-noticia_colegio"],"yoast_head":"<!-- This site is optimized with the Yoast SEO plugin v28.4 - https:\/\/yoast.com\/product\/yoast-seo-wordpress\/ -->\n<title>El claustro final de curso re\u00fane a todo el profesorado de las diferentes etapas para valorar este curso y empezar a vislumbrar el siguiente - Colegio San Juan Bosco Valencia<\/title>\n<meta name=\"robots\" content=\"index, follow, max-snippet:-1, max-image-preview:large, max-video-preview:-1\" \/>\n<link rel=\"canonical\" href=\"https:\/\/valenciasjb.salesianos.edu\/colegio\/el-claustro-final-de-curso-reune-a-todo-el-profesorado-de-las-diferentes-etapas-para-valorar-este-curso-y-empezar-a-vislumbrar-el-siguiente\/\" \/>\n<meta property=\"og:locale\" content=\"es_ES\" \/>\n<meta property=\"og:type\" content=\"article\" \/>\n<meta property=\"og:title\" content=\"El claustro final de curso re\u00fane a todo el profesorado de las diferentes etapas para valorar este curso y empezar a vislumbrar el siguiente - Colegio San Juan Bosco Valencia\" \/>\n<meta property=\"og:description\" content=\"En la Jornada del martes 30 de junio, el colegio al completo ha vivido una jornada donde por la ma\u00f1ana el claustro ha tenido su reuni\u00f3n de final de curso y, por la tarde, se ha realizado una celebraci\u00f3n a la que estaba invitado el personal del colegio.\u00a0 Redacci\u00f3n La reuni\u00f3n del claustro ha comenzado [&hellip;]\" \/>\n<meta property=\"og:url\" content=\"https:\/\/valenciasjb.salesianos.edu\/colegio\/el-claustro-final-de-curso-reune-a-todo-el-profesorado-de-las-diferentes-etapas-para-valorar-este-curso-y-empezar-a-vislumbrar-el-siguiente\/\" \/>\n<meta property=\"og:site_name\" content=\"Colegio San Juan Bosco Valencia\" \/>\n<meta property=\"article:publisher\" content=\"https:\/\/www.facebook.com\/ColegioSalesianoSanJuanBoscoValencia\" \/>\n<meta property=\"article:published_time\" content=\"2020-07-01T07:11:13+00:00\" \/>\n<meta property=\"article:modified_time\" content=\"2020-07-01T07:16:32+00:00\" \/>\n<meta property=\"og:image\" content=\"https:\/\/valenciasjb.salesianos.edu\/colegio\/wp-content\/uploads\/sites\/2\/2020\/07\/Claustro-final.png\" \/>\n\t<meta property=\"og:image:width\" content=\"1365\" \/>\n\t<meta property=\"og:image:height\" content=\"609\" \/>\n\t<meta property=\"og:image:type\" content=\"image\/png\" \/>\n<meta name=\"author\" content=\"veronicapastor\" \/>\n<meta name=\"twitter:card\" content=\"summary_large_image\" \/>\n<meta name=\"twitter:creator\" content=\"@SalesianosVSJB\" \/>\n<meta name=\"twitter:site\" content=\"@SalesianosVSJB\" \/>\n<meta name=\"twitter:label1\" content=\"Escrito por\" \/>\n\t<meta name=\"twitter:data1\" content=\"veronicapastor\" \/>\n\t<meta name=\"twitter:label2\" content=\"Tiempo de lectura\" \/>\n\t<meta name=\"twitter:data2\" content=\"4 minutos\" \/>\n<script type=\"application\/ld+json\" class=\"yoast-schema-graph\">{\"@context\":\"https:\\\/\\\/schema.org\",\"@graph\":[{\"@type\":\"Article\",\"@id\":\"https:\\\/\\\/valenciasjb.salesianos.edu\\\/colegio\\\/el-claustro-final-de-curso-reune-a-todo-el-profesorado-de-las-diferentes-etapas-para-valorar-este-curso-y-empezar-a-vislumbrar-el-siguiente\\\/#article\",\"isPartOf\":{\"@id\":\"https:\\\/\\\/valenciasjb.salesianos.edu\\\/colegio\\\/el-claustro-final-de-curso-reune-a-todo-el-profesorado-de-las-diferentes-etapas-para-valorar-este-curso-y-empezar-a-vislumbrar-el-siguiente\\\/\"},\"author\":{\"name\":\"veronicapastor\",\"@id\":\"https:\\\/\\\/valenciasjb.salesianos.edu\\\/colegio\\\/#\\\/schema\\\/person\\\/1f45b67e52b27da175190a574db6bed9\"},\"headline\":\"El claustro final de curso re\u00fane a todo el profesorado de las diferentes etapas para valorar este curso y empezar a vislumbrar el siguiente\",\"datePublished\":\"2020-07-01T07:11:13+00:00\",\"dateModified\":\"2020-07-01T07:16:32+00:00\",\"mainEntityOfPage\":{\"@id\":\"https:\\\/\\\/valenciasjb.salesianos.edu\\\/colegio\\\/el-claustro-final-de-curso-reune-a-todo-el-profesorado-de-las-diferentes-etapas-para-valorar-este-curso-y-empezar-a-vislumbrar-el-siguiente\\\/\"},\"wordCount\":746,\"image\":{\"@id\":\"https:\\\/\\\/valenciasjb.salesianos.edu\\\/colegio\\\/el-claustro-final-de-curso-reune-a-todo-el-profesorado-de-las-diferentes-etapas-para-valorar-este-curso-y-empezar-a-vislumbrar-el-siguiente\\\/#primaryimage\"},\"thumbnailUrl\":\"https:\\\/\\\/valenciasjb.salesianos.edu\\\/colegio\\\/wp-content\\\/uploads\\\/sites\\\/2\\\/2020\\\/07\\\/Claustro-final.png\",\"articleSection\":[\"Noticia Colegio\"],\"inLanguage\":\"es\"},{\"@type\":\"WebPage\",\"@id\":\"https:\\\/\\\/valenciasjb.salesianos.edu\\\/colegio\\\/el-claustro-final-de-curso-reune-a-todo-el-profesorado-de-las-diferentes-etapas-para-valorar-este-curso-y-empezar-a-vislumbrar-el-siguiente\\\/\",\"url\":\"https:\\\/\\\/valenciasjb.salesianos.edu\\\/colegio\\\/el-claustro-final-de-curso-reune-a-todo-el-profesorado-de-las-diferentes-etapas-para-valorar-este-curso-y-empezar-a-vislumbrar-el-siguiente\\\/\",\"name\":\"El claustro final de curso re\u00fane a todo el profesorado de las diferentes etapas para valorar este curso y empezar a vislumbrar el siguiente - Colegio San Juan Bosco Valencia\",\"isPartOf\":{\"@id\":\"https:\\\/\\\/valenciasjb.salesianos.edu\\\/colegio\\\/#website\"},\"primaryImageOfPage\":{\"@id\":\"https:\\\/\\\/valenciasjb.salesianos.edu\\\/colegio\\\/el-claustro-final-de-curso-reune-a-todo-el-profesorado-de-las-diferentes-etapas-para-valorar-este-curso-y-empezar-a-vislumbrar-el-siguiente\\\/#primaryimage\"},\"image\":{\"@id\":\"https:\\\/\\\/valenciasjb.salesianos.edu\\\/colegio\\\/el-claustro-final-de-curso-reune-a-todo-el-profesorado-de-las-diferentes-etapas-para-valorar-este-curso-y-empezar-a-vislumbrar-el-siguiente\\\/#primaryimage\"},\"thumbnailUrl\":\"https:\\\/\\\/valenciasjb.salesianos.edu\\\/colegio\\\/wp-content\\\/uploads\\\/sites\\\/2\\\/2020\\\/07\\\/Claustro-final.png\",\"datePublished\":\"2020-07-01T07:11:13+00:00\",\"dateModified\":\"2020-07-01T07:16:32+00:00\",\"author\":{\"@id\":\"https:\\\/\\\/valenciasjb.salesianos.edu\\\/colegio\\\/#\\\/schema\\\/person\\\/1f45b67e52b27da175190a574db6bed9\"},\"breadcrumb\":{\"@id\":\"https:\\\/\\\/valenciasjb.salesianos.edu\\\/colegio\\\/el-claustro-final-de-curso-reune-a-todo-el-profesorado-de-las-diferentes-etapas-para-valorar-este-curso-y-empezar-a-vislumbrar-el-siguiente\\\/#breadcrumb\"},\"inLanguage\":\"es\",\"potentialAction\":[{\"@type\":\"ReadAction\",\"target\":[\"https:\\\/\\\/valenciasjb.salesianos.edu\\\/colegio\\\/el-claustro-final-de-curso-reune-a-todo-el-profesorado-de-las-diferentes-etapas-para-valorar-este-curso-y-empezar-a-vislumbrar-el-siguiente\\\/\"]}]},{\"@type\":\"ImageObject\",\"inLanguage\":\"es\",\"@id\":\"https:\\\/\\\/valenciasjb.salesianos.edu\\\/colegio\\\/el-claustro-final-de-curso-reune-a-todo-el-profesorado-de-las-diferentes-etapas-para-valorar-este-curso-y-empezar-a-vislumbrar-el-siguiente\\\/#primaryimage\",\"url\":\"https:\\\/\\\/valenciasjb.salesianos.edu\\\/colegio\\\/wp-content\\\/uploads\\\/sites\\\/2\\\/2020\\\/07\\\/Claustro-final.png\",\"contentUrl\":\"https:\\\/\\\/valenciasjb.salesianos.edu\\\/colegio\\\/wp-content\\\/uploads\\\/sites\\\/2\\\/2020\\\/07\\\/Claustro-final.png\",\"width\":1365,\"height\":609},{\"@type\":\"BreadcrumbList\",\"@id\":\"https:\\\/\\\/valenciasjb.salesianos.edu\\\/colegio\\\/el-claustro-final-de-curso-reune-a-todo-el-profesorado-de-las-diferentes-etapas-para-valorar-este-curso-y-empezar-a-vislumbrar-el-siguiente\\\/#breadcrumb\",\"itemListElement\":[{\"@type\":\"ListItem\",\"position\":1,\"name\":\"Portada\",\"item\":\"https:\\\/\\\/valenciasjb.salesianos.edu\\\/colegio\\\/\"},{\"@type\":\"ListItem\",\"position\":2,\"name\":\"El claustro final de curso re\u00fane a todo el profesorado de las diferentes etapas para valorar este curso y empezar a vislumbrar el siguiente\"}]},{\"@type\":\"WebSite\",\"@id\":\"https:\\\/\\\/valenciasjb.salesianos.edu\\\/colegio\\\/#website\",\"url\":\"https:\\\/\\\/valenciasjb.salesianos.edu\\\/colegio\\\/\",\"name\":\"Colegio San Juan Bosco Valencia\",\"description\":\"P\u00e1gina oficial del Colegio Salesianos San Juan Bosco Valencia\",\"alternateName\":\"Salesianos.VSJB\",\"potentialAction\":[{\"@type\":\"SearchAction\",\"target\":{\"@type\":\"EntryPoint\",\"urlTemplate\":\"https:\\\/\\\/valenciasjb.salesianos.edu\\\/colegio\\\/?s={search_term_string}\"},\"query-input\":{\"@type\":\"PropertyValueSpecification\",\"valueRequired\":true,\"valueName\":\"search_term_string\"}}],\"inLanguage\":\"es\"},{\"@type\":\"Person\",\"@id\":\"https:\\\/\\\/valenciasjb.salesianos.edu\\\/colegio\\\/#\\\/schema\\\/person\\\/1f45b67e52b27da175190a574db6bed9\",\"name\":\"veronicapastor\",\"image\":{\"@type\":\"ImageObject\",\"inLanguage\":\"es\",\"@id\":\"https:\\\/\\\/secure.gravatar.com\\\/avatar\\\/e29bd40bace3fd935e1d6fdb7313ffc14628cc037c5e16f4c7369b20a2a6f7f0?s=96&d=mm&r=g\",\"url\":\"https:\\\/\\\/secure.gravatar.com\\\/avatar\\\/e29bd40bace3fd935e1d6fdb7313ffc14628cc037c5e16f4c7369b20a2a6f7f0?s=96&d=mm&r=g\",\"contentUrl\":\"https:\\\/\\\/secure.gravatar.com\\\/avatar\\\/e29bd40bace3fd935e1d6fdb7313ffc14628cc037c5e16f4c7369b20a2a6f7f0?s=96&d=mm&r=g\",\"caption\":\"veronicapastor\"}}]}<\/script>\n<!-- \/ Yoast SEO plugin. -->","yoast_head_json":{"title":"El claustro final de curso re\u00fane a todo el profesorado de las diferentes etapas para valorar este curso y empezar a vislumbrar el siguiente - Colegio San Juan Bosco Valencia","robots":{"index":"index","follow":"follow","max-snippet":"max-snippet:-1","max-image-preview":"max-image-preview:large","max-video-preview":"max-video-preview:-1"},"canonical":"https:\/\/valenciasjb.salesianos.edu\/colegio\/el-claustro-final-de-curso-reune-a-todo-el-profesorado-de-las-diferentes-etapas-para-valorar-este-curso-y-empezar-a-vislumbrar-el-siguiente\/","og_locale":"es_ES","og_type":"article","og_title":"El claustro final de curso re\u00fane a todo el profesorado de las diferentes etapas para valorar este curso y empezar a vislumbrar el siguiente - Colegio San Juan Bosco Valencia","og_description":"En la Jornada del martes 30 de junio, el colegio al completo ha vivido una jornada donde por la ma\u00f1ana el claustro ha tenido su reuni\u00f3n de final de curso y, por la tarde, se ha realizado una celebraci\u00f3n a la que estaba invitado el personal del colegio.\u00a0 Redacci\u00f3n La reuni\u00f3n del claustro ha comenzado [&hellip;]","og_url":"https:\/\/valenciasjb.salesianos.edu\/colegio\/el-claustro-final-de-curso-reune-a-todo-el-profesorado-de-las-diferentes-etapas-para-valorar-este-curso-y-empezar-a-vislumbrar-el-siguiente\/","og_site_name":"Colegio San Juan Bosco Valencia","article_publisher":"https:\/\/www.facebook.com\/ColegioSalesianoSanJuanBoscoValencia","article_published_time":"2020-07-01T07:11:13+00:00","article_modified_time":"2020-07-01T07:16:32+00:00","og_image":[{"width":1365,"height":609,"url":"https:\/\/valenciasjb.salesianos.edu\/colegio\/wp-content\/uploads\/sites\/2\/2020\/07\/Claustro-final.png","type":"image\/png"}],"author":"veronicapastor","twitter_card":"summary_large_image","twitter_creator":"@SalesianosVSJB","twitter_site":"@SalesianosVSJB","twitter_misc":{"Escrito por":"veronicapastor","Tiempo de lectura":"4 minutos"},"schema":{"@context":"https:\/\/schema.org","@graph":[{"@type":"Article","@id":"https:\/\/valenciasjb.salesianos.edu\/colegio\/el-claustro-final-de-curso-reune-a-todo-el-profesorado-de-las-diferentes-etapas-para-valorar-este-curso-y-empezar-a-vislumbrar-el-siguiente\/#article","isPartOf":{"@id":"https:\/\/valenciasjb.salesianos.edu\/colegio\/el-claustro-final-de-curso-reune-a-todo-el-profesorado-de-las-diferentes-etapas-para-valorar-este-curso-y-empezar-a-vislumbrar-el-siguiente\/"},"author":{"name":"veronicapastor","@id":"https:\/\/valenciasjb.salesianos.edu\/colegio\/#\/schema\/person\/1f45b67e52b27da175190a574db6bed9"},"headline":"El claustro final de curso re\u00fane a todo el profesorado de las diferentes etapas para valorar este curso y empezar a vislumbrar el siguiente","datePublished":"2020-07-01T07:11:13+00:00","dateModified":"2020-07-01T07:16:32+00:00","mainEntityOfPage":{"@id":"https:\/\/valenciasjb.salesianos.edu\/colegio\/el-claustro-final-de-curso-reune-a-todo-el-profesorado-de-las-diferentes-etapas-para-valorar-este-curso-y-empezar-a-vislumbrar-el-siguiente\/"},"wordCount":746,"image":{"@id":"https:\/\/valenciasjb.salesianos.edu\/colegio\/el-claustro-final-de-curso-reune-a-todo-el-profesorado-de-las-diferentes-etapas-para-valorar-este-curso-y-empezar-a-vislumbrar-el-siguiente\/#primaryimage"},"thumbnailUrl":"https:\/\/valenciasjb.salesianos.edu\/colegio\/wp-content\/uploads\/sites\/2\/2020\/07\/Claustro-final.png","articleSection":["Noticia Colegio"],"inLanguage":"es"},{"@type":"WebPage","@id":"https:\/\/valenciasjb.salesianos.edu\/colegio\/el-claustro-final-de-curso-reune-a-todo-el-profesorado-de-las-diferentes-etapas-para-valorar-este-curso-y-empezar-a-vislumbrar-el-siguiente\/","url":"https:\/\/valenciasjb.salesianos.edu\/colegio\/el-claustro-final-de-curso-reune-a-todo-el-profesorado-de-las-diferentes-etapas-para-valorar-este-curso-y-empezar-a-vislumbrar-el-siguiente\/","name":"El claustro final de curso re\u00fane a todo el profesorado de las diferentes etapas para valorar este curso y empezar a vislumbrar el siguiente - Colegio San Juan Bosco Valencia","isPartOf":{"@id":"https:\/\/valenciasjb.salesianos.edu\/colegio\/#website"},"primaryImageOfPage":{"@id":"https:\/\/valenciasjb.salesianos.edu\/colegio\/el-claustro-final-de-curso-reune-a-todo-el-profesorado-de-las-diferentes-etapas-para-valorar-este-curso-y-empezar-a-vislumbrar-el-siguiente\/#primaryimage"},"image":{"@id":"https:\/\/valenciasjb.salesianos.edu\/colegio\/el-claustro-final-de-curso-reune-a-todo-el-profesorado-de-las-diferentes-etapas-para-valorar-este-curso-y-empezar-a-vislumbrar-el-siguiente\/#primaryimage"},"thumbnailUrl":"https:\/\/valenciasjb.salesianos.edu\/colegio\/wp-content\/uploads\/sites\/2\/2020\/07\/Claustro-final.png","datePublished":"2020-07-01T07:11:13+00:00","dateModified":"2020-07-01T07:16:32+00:00","author":{"@id":"https:\/\/valenciasjb.salesianos.edu\/colegio\/#\/schema\/person\/1f45b67e52b27da175190a574db6bed9"},"breadcrumb":{"@id":"https:\/\/valenciasjb.salesianos.edu\/colegio\/el-claustro-final-de-curso-reune-a-todo-el-profesorado-de-las-diferentes-etapas-para-valorar-este-curso-y-empezar-a-vislumbrar-el-siguiente\/#breadcrumb"},"inLanguage":"es","potentialAction":[{"@type":"ReadAction","target":["https:\/\/valenciasjb.salesianos.edu\/colegio\/el-claustro-final-de-curso-reune-a-todo-el-profesorado-de-las-diferentes-etapas-para-valorar-este-curso-y-empezar-a-vislumbrar-el-siguiente\/"]}]},{"@type":"ImageObject","inLanguage":"es","@id":"https:\/\/valenciasjb.salesianos.edu\/colegio\/el-claustro-final-de-curso-reune-a-todo-el-profesorado-de-las-diferentes-etapas-para-valorar-este-curso-y-empezar-a-vislumbrar-el-siguiente\/#primaryimage","url":"https:\/\/valenciasjb.salesianos.edu\/colegio\/wp-content\/uploads\/sites\/2\/2020\/07\/Claustro-final.png","contentUrl":"https:\/\/valenciasjb.salesianos.edu\/colegio\/wp-content\/uploads\/sites\/2\/2020\/07\/Claustro-final.png","width":1365,"height":609},{"@type":"BreadcrumbList","@id":"https:\/\/valenciasjb.salesianos.edu\/colegio\/el-claustro-final-de-curso-reune-a-todo-el-profesorado-de-las-diferentes-etapas-para-valorar-este-curso-y-empezar-a-vislumbrar-el-siguiente\/#breadcrumb","itemListElement":[{"@type":"ListItem","position":1,"name":"Portada","item":"https:\/\/valenciasjb.salesianos.edu\/colegio\/"},{"@type":"ListItem","position":2,"name":"El claustro final de curso re\u00fane a todo el profesorado de las diferentes etapas para valorar este curso y empezar a vislumbrar el siguiente"}]},{"@type":"WebSite","@id":"https:\/\/valenciasjb.salesianos.edu\/colegio\/#website","url":"https:\/\/valenciasjb.salesianos.edu\/colegio\/","name":"Colegio San Juan Bosco Valencia","description":"P\u00e1gina oficial del Colegio Salesianos San Juan Bosco Valencia","alternateName":"Salesianos.VSJB","potentialAction":[{"@type":"SearchAction","target":{"@type":"EntryPoint","urlTemplate":"https:\/\/valenciasjb.salesianos.edu\/colegio\/?s={search_term_string}"},"query-input":{"@type":"PropertyValueSpecification","valueRequired":true,"valueName":"search_term_string"}}],"inLanguage":"es"},{"@type":"Person","@id":"https:\/\/valenciasjb.salesianos.edu\/colegio\/#\/schema\/person\/1f45b67e52b27da175190a574db6bed9","name":"veronicapastor","image":{"@type":"ImageObject","inLanguage":"es","@id":"https:\/\/secure.gravatar.com\/avatar\/e29bd40bace3fd935e1d6fdb7313ffc14628cc037c5e16f4c7369b20a2a6f7f0?s=96&d=mm&r=g","url":"https:\/\/secure.gravatar.com\/avatar\/e29bd40bace3fd935e1d6fdb7313ffc14628cc037c5e16f4c7369b20a2a6f7f0?s=96&d=mm&r=g","contentUrl":"https:\/\/secure.gravatar.com\/avatar\/e29bd40bace3fd935e1d6fdb7313ffc14628cc037c5e16f4c7369b20a2a6f7f0?s=96&d=mm&r=g","caption":"veronicapastor"}}]}},"_links":{"self":[{"href":"https:\/\/valenciasjb.salesianos.edu\/colegio\/wp-json\/wp\/v2\/posts\/13951","targetHints":{"allow":["GET"]}}],"collection":[{"href":"https:\/\/valenciasjb.salesianos.edu\/colegio\/wp-json\/wp\/v2\/posts"}],"about":[{"href":"https:\/\/valenciasjb.salesianos.edu\/colegio\/wp-json\/wp\/v2\/types\/post"}],"author":[{"embeddable":true,"href":"https:\/\/valenciasjb.salesianos.edu\/colegio\/wp-json\/wp\/v2\/users\/6"}],"replies":[{"embeddable":true,"href":"https:\/\/valenciasjb.salesianos.edu\/colegio\/wp-json\/wp\/v2\/comments?post=13951"}],"version-history":[{"count":7,"href":"https:\/\/valenciasjb.salesianos.edu\/colegio\/wp-json\/wp\/v2\/posts\/13951\/revisions"}],"predecessor-version":[{"id":13970,"href":"https:\/\/valenciasjb.salesianos.edu\/colegio\/wp-json\/wp\/v2\/posts\/13951\/revisions\/13970"}],"wp:featuredmedia":[{"embeddable":true,"href":"https:\/\/valenciasjb.salesianos.edu\/colegio\/wp-json\/wp\/v2\/media\/13961"}],"wp:attachment":[{"href":"https:\/\/valenciasjb.salesianos.edu\/colegio\/wp-json\/wp\/v2\/media?parent=13951"}],"wp:term":[{"taxonomy":"category","embeddable":true,"href":"https:\/\/valenciasjb.salesianos.edu\/colegio\/wp-json\/wp\/v2\/categories?post=13951"},{"taxonomy":"post_tag","embeddable":true,"href":"https:\/\/valenciasjb.salesianos.edu\/colegio\/wp-json\/wp\/v2\/tags?post=13951"}],"curies":[{"name":"wp","href":"https:\/\/api.w.org\/{rel}","templated":true}]}}