{"id":14066,"date":"2020-07-15T09:50:09","date_gmt":"2020-07-15T08:50:09","guid":{"rendered":"https:\/\/valenciasjb.salesianos.edu\/colegio\/?p=14066"},"modified":"2020-07-15T09:52:10","modified_gmt":"2020-07-15T08:52:10","slug":"la-alumna-mireia-sebastia-lleo-de-2o-de-bachillerato-c-recibe-la-beca-de-excelencia-de-la-ucv","status":"publish","type":"post","link":"https:\/\/valenciasjb.salesianos.edu\/colegio\/la-alumna-mireia-sebastia-lleo-de-2o-de-bachillerato-c-recibe-la-beca-de-excelencia-de-la-ucv\/","title":{"rendered":"La alumna Mireia Sebasti\u00e1 Lle\u00f3, de 2\u00ba de Bachillerato C, recibe la beca de excelencia de la UCV"},"content":{"rendered":"<div id=\"fb-root\"><\/div>\n<p>[et_pb_section fb_built=\u00bb1&#8243; admin_label=\u00bbsection\u00bb _builder_version=\u00bb3.22&#8243;][et_pb_row admin_label=\u00bbrow\u00bb _builder_version=\u00bb3.25&#8243; background_size=\u00bbinitial\u00bb background_position=\u00bbtop_left\u00bb background_repeat=\u00bbrepeat\u00bb][et_pb_column type=\u00bb4_4&#8243; _builder_version=\u00bb3.25&#8243; custom_padding=\u00bb|||\u00bb custom_padding__hover=\u00bb|||\u00bb][et_pb_text admin_label=\u00bbEntradilla (Texto)\u00bb _builder_version=\u00bb4.4.7&#8243; text_font=\u00bb|on|||\u00bb text_orientation=\u00bbjustified\u00bb module_alignment=\u00bbjustified\u00bb]<\/p>\n<div id=\"resumen\"><strong>Gracias a la beca de excelencia otorgada por la Universidad Cat\u00f3lica de Valencia, Mireia cursar\u00e1 su primer a\u00f1o en el grado de psicolog\u00eda en esta universidad de manera totalmente gratuita. La alumna podr\u00e1 renovar la beca con car\u00e1cter anual, siempre y cuando siga manteniendo las condiciones exigidas para ello por la UCV.<\/strong><\/div>\n<div>\u00a0<\/div>\n<p>[\/et_pb_text][et_pb_text admin_label=\u00bbAutor (Texto)\u00bb _builder_version=\u00bb3.27.4&#8243; text_font=\u00bb||on||\u00bb]Redacci\u00f3n[\/et_pb_text][et_pb_text admin_label=\u00bbDesarrollo (Texto)\u00bb _builder_version=\u00bb4.4.7&#8243; text_orientation=\u00bbjustified\u00bb module_alignment=\u00bbjustified\u00bb]<\/p>\n<p>Las Becas de Excelencia de la UCV se conceden a estudiantes interesados en cursar estudios de Grado en dicha Universidad y cubren <strong>el 100% del coste de los estudios<\/strong>. Pueden optar a ellas personas cuyo expediente acad\u00e9mico y curr\u00edculo vitae sea considerado excelente. Los criterios de baremaci\u00f3n son 70% nota, 20% entrevista y 10% <span data-ogsc=\"rgb(200, 38, 19)\">formaci\u00f3n complementaria que incluya en su caso cursos extracurriculares.<\/span><\/p>\n<p>El presidente de la la Federaci\u00f3n Cat\u00f3lica de Padres de Alumnos de Valencia (FCAPA) ha afirmado que este es un modo de \u00abreconocer el esfuerzo y el m\u00e9rito de los j\u00f3venes\u00bb.<\/p>\n<p>El colegio quiere dar la enhorabuena a Mireia porque este es un merecid\u00edsimo reconocimiento a su trayectoria y esfuerzo durante su etapa de Bachillerato, especialmente en este \u00faltimo curso, que no ha sido f\u00e1cil, pero se ha demostrado que el esfuerzo y la tenacidad frente a la adversidad tienen su recompensa. \u00a1Enhorabuena!<\/p>\n<p>[\/et_pb_text][et_pb_text disabled_on=\u00bboff|on|on\u00bb admin_label=\u00bbT\u00edtulo: Galer\u00eda de fotos (Texto)\u00bb _builder_version=\u00bb3.27.4&#8243; text_font=\u00bb|on|||\u00bb text_text_color=\u00bb#dc001b\u00bb border_style=\u00bbsolid\u00bb]Galer\u00eda de im\u00e1genes[\/et_pb_text][et_pb_gallery gallery_ids=\u00bb14073,14074&#8243; posts_number=\u00bb8&#8243; show_title_and_caption=\u00bboff\u00bb zoom_icon_color=\u00bb#dc001b\u00bb hover_icon=\u00bb%%51%%\u00bb disabled_on=\u00bboff|off|off\u00bb _builder_version=\u00bb4.4.7&#8243; pagination_font_size_tablet=\u00bb51&#8243; pagination_line_height_tablet=\u00bb2&#8243;][\/et_pb_gallery][et_pb_video disabled_on=\u00bbon|on|on\u00bb _builder_version=\u00bb3.0.51&#8243; disabled=\u00bbon\u00bb][\/et_pb_video][\/et_pb_column][\/et_pb_row][\/et_pb_section]<\/p>\n<!-- AddThis Advanced Settings generic via filter on the_content --><!-- AddThis Share Buttons generic via filter on the_content -->","protected":false},"excerpt":{"rendered":"<p>Gracias a la beca de excelencia otorgada por la Universidad Cat\u00f3lica de Valencia, Mireia cursar\u00e1 su primer a\u00f1o en el grado de psicolog\u00eda en esta universidad de manera totalmente gratuita. La alumna podr\u00e1 renovar la beca con car\u00e1cter anual, siempre y cuando siga manteniendo las condiciones exigidas para ello por la UCV. \u00a0Redacci\u00f3nLas Becas de [&hellip;]<\/p>\n<p><!-- AddThis Advanced Settings generic via filter on get_the_excerpt --><!-- AddThis Share Buttons generic via filter on get_the_excerpt --><\/p>\n","protected":false},"author":6,"featured_media":14076,"comment_status":"closed","ping_status":"open","sticky":false,"template":"","format":"standard","meta":{"_et_pb_use_builder":"on","_et_pb_old_content":"","_et_gb_content_width":"","footnotes":""},"categories":[14],"tags":[],"class_list":["post-14066","post","type-post","status-publish","format-standard","has-post-thumbnail","hentry","category-noticia_colegio"],"yoast_head":"<!-- This site is optimized with the Yoast SEO plugin v28.4 - https:\/\/yoast.com\/product\/yoast-seo-wordpress\/ -->\n<title>La alumna Mireia Sebasti\u00e1 Lle\u00f3, de 2\u00ba de Bachillerato C, recibe la beca de excelencia de la UCV - Colegio San Juan Bosco Valencia<\/title>\n<meta name=\"robots\" content=\"index, follow, max-snippet:-1, max-image-preview:large, max-video-preview:-1\" \/>\n<link rel=\"canonical\" href=\"https:\/\/valenciasjb.salesianos.edu\/colegio\/la-alumna-mireia-sebastia-lleo-de-2o-de-bachillerato-c-recibe-la-beca-de-excelencia-de-la-ucv\/\" \/>\n<meta property=\"og:locale\" content=\"es_ES\" \/>\n<meta property=\"og:type\" content=\"article\" \/>\n<meta property=\"og:title\" content=\"La alumna Mireia Sebasti\u00e1 Lle\u00f3, de 2\u00ba de Bachillerato C, recibe la beca de excelencia de la UCV - Colegio San Juan Bosco Valencia\" \/>\n<meta property=\"og:description\" content=\"Gracias a la beca de excelencia otorgada por la Universidad Cat\u00f3lica de Valencia, Mireia cursar\u00e1 su primer a\u00f1o en el grado de psicolog\u00eda en esta universidad de manera totalmente gratuita. La alumna podr\u00e1 renovar la beca con car\u00e1cter anual, siempre y cuando siga manteniendo las condiciones exigidas para ello por la UCV. \u00a0Redacci\u00f3nLas Becas de [&hellip;]\" \/>\n<meta property=\"og:url\" content=\"https:\/\/valenciasjb.salesianos.edu\/colegio\/la-alumna-mireia-sebastia-lleo-de-2o-de-bachillerato-c-recibe-la-beca-de-excelencia-de-la-ucv\/\" \/>\n<meta property=\"og:site_name\" content=\"Colegio San Juan Bosco Valencia\" \/>\n<meta property=\"article:publisher\" content=\"https:\/\/www.facebook.com\/ColegioSalesianoSanJuanBoscoValencia\" \/>\n<meta property=\"article:published_time\" content=\"2020-07-15T08:50:09+00:00\" \/>\n<meta property=\"article:modified_time\" content=\"2020-07-15T08:52:10+00:00\" \/>\n<meta property=\"og:image\" content=\"https:\/\/valenciasjb.salesianos.edu\/colegio\/wp-content\/uploads\/sites\/2\/2020\/07\/IMG-20200714-WA0003-2.jpg\" \/>\n\t<meta property=\"og:image:width\" content=\"717\" \/>\n\t<meta property=\"og:image:height\" content=\"803\" \/>\n\t<meta property=\"og:image:type\" content=\"image\/jpeg\" \/>\n<meta name=\"author\" content=\"veronicapastor\" \/>\n<meta name=\"twitter:card\" content=\"summary_large_image\" \/>\n<meta name=\"twitter:creator\" content=\"@SalesianosVSJB\" \/>\n<meta name=\"twitter:site\" content=\"@SalesianosVSJB\" \/>\n<meta name=\"twitter:label1\" content=\"Escrito por\" \/>\n\t<meta name=\"twitter:data1\" content=\"veronicapastor\" \/>\n\t<meta name=\"twitter:label2\" content=\"Tiempo de lectura\" \/>\n\t<meta name=\"twitter:data2\" content=\"2 minutos\" \/>\n<script type=\"application\/ld+json\" class=\"yoast-schema-graph\">{\"@context\":\"https:\\\/\\\/schema.org\",\"@graph\":[{\"@type\":\"Article\",\"@id\":\"https:\\\/\\\/valenciasjb.salesianos.edu\\\/colegio\\\/la-alumna-mireia-sebastia-lleo-de-2o-de-bachillerato-c-recibe-la-beca-de-excelencia-de-la-ucv\\\/#article\",\"isPartOf\":{\"@id\":\"https:\\\/\\\/valenciasjb.salesianos.edu\\\/colegio\\\/la-alumna-mireia-sebastia-lleo-de-2o-de-bachillerato-c-recibe-la-beca-de-excelencia-de-la-ucv\\\/\"},\"author\":{\"name\":\"veronicapastor\",\"@id\":\"https:\\\/\\\/valenciasjb.salesianos.edu\\\/colegio\\\/#\\\/schema\\\/person\\\/1f45b67e52b27da175190a574db6bed9\"},\"headline\":\"La alumna Mireia Sebasti\u00e1 Lle\u00f3, de 2\u00ba de Bachillerato C, recibe la beca de excelencia de la UCV\",\"datePublished\":\"2020-07-15T08:50:09+00:00\",\"dateModified\":\"2020-07-15T08:52:10+00:00\",\"mainEntityOfPage\":{\"@id\":\"https:\\\/\\\/valenciasjb.salesianos.edu\\\/colegio\\\/la-alumna-mireia-sebastia-lleo-de-2o-de-bachillerato-c-recibe-la-beca-de-excelencia-de-la-ucv\\\/\"},\"wordCount\":419,\"image\":{\"@id\":\"https:\\\/\\\/valenciasjb.salesianos.edu\\\/colegio\\\/la-alumna-mireia-sebastia-lleo-de-2o-de-bachillerato-c-recibe-la-beca-de-excelencia-de-la-ucv\\\/#primaryimage\"},\"thumbnailUrl\":\"https:\\\/\\\/valenciasjb.salesianos.edu\\\/colegio\\\/wp-content\\\/uploads\\\/sites\\\/2\\\/2020\\\/07\\\/IMG-20200714-WA0003-2.jpg\",\"articleSection\":[\"Noticia Colegio\"],\"inLanguage\":\"es\"},{\"@type\":\"WebPage\",\"@id\":\"https:\\\/\\\/valenciasjb.salesianos.edu\\\/colegio\\\/la-alumna-mireia-sebastia-lleo-de-2o-de-bachillerato-c-recibe-la-beca-de-excelencia-de-la-ucv\\\/\",\"url\":\"https:\\\/\\\/valenciasjb.salesianos.edu\\\/colegio\\\/la-alumna-mireia-sebastia-lleo-de-2o-de-bachillerato-c-recibe-la-beca-de-excelencia-de-la-ucv\\\/\",\"name\":\"La alumna Mireia Sebasti\u00e1 Lle\u00f3, de 2\u00ba de Bachillerato C, recibe la beca de excelencia de la UCV - Colegio San Juan Bosco Valencia\",\"isPartOf\":{\"@id\":\"https:\\\/\\\/valenciasjb.salesianos.edu\\\/colegio\\\/#website\"},\"primaryImageOfPage\":{\"@id\":\"https:\\\/\\\/valenciasjb.salesianos.edu\\\/colegio\\\/la-alumna-mireia-sebastia-lleo-de-2o-de-bachillerato-c-recibe-la-beca-de-excelencia-de-la-ucv\\\/#primaryimage\"},\"image\":{\"@id\":\"https:\\\/\\\/valenciasjb.salesianos.edu\\\/colegio\\\/la-alumna-mireia-sebastia-lleo-de-2o-de-bachillerato-c-recibe-la-beca-de-excelencia-de-la-ucv\\\/#primaryimage\"},\"thumbnailUrl\":\"https:\\\/\\\/valenciasjb.salesianos.edu\\\/colegio\\\/wp-content\\\/uploads\\\/sites\\\/2\\\/2020\\\/07\\\/IMG-20200714-WA0003-2.jpg\",\"datePublished\":\"2020-07-15T08:50:09+00:00\",\"dateModified\":\"2020-07-15T08:52:10+00:00\",\"author\":{\"@id\":\"https:\\\/\\\/valenciasjb.salesianos.edu\\\/colegio\\\/#\\\/schema\\\/person\\\/1f45b67e52b27da175190a574db6bed9\"},\"breadcrumb\":{\"@id\":\"https:\\\/\\\/valenciasjb.salesianos.edu\\\/colegio\\\/la-alumna-mireia-sebastia-lleo-de-2o-de-bachillerato-c-recibe-la-beca-de-excelencia-de-la-ucv\\\/#breadcrumb\"},\"inLanguage\":\"es\",\"potentialAction\":[{\"@type\":\"ReadAction\",\"target\":[\"https:\\\/\\\/valenciasjb.salesianos.edu\\\/colegio\\\/la-alumna-mireia-sebastia-lleo-de-2o-de-bachillerato-c-recibe-la-beca-de-excelencia-de-la-ucv\\\/\"]}]},{\"@type\":\"ImageObject\",\"inLanguage\":\"es\",\"@id\":\"https:\\\/\\\/valenciasjb.salesianos.edu\\\/colegio\\\/la-alumna-mireia-sebastia-lleo-de-2o-de-bachillerato-c-recibe-la-beca-de-excelencia-de-la-ucv\\\/#primaryimage\",\"url\":\"https:\\\/\\\/valenciasjb.salesianos.edu\\\/colegio\\\/wp-content\\\/uploads\\\/sites\\\/2\\\/2020\\\/07\\\/IMG-20200714-WA0003-2.jpg\",\"contentUrl\":\"https:\\\/\\\/valenciasjb.salesianos.edu\\\/colegio\\\/wp-content\\\/uploads\\\/sites\\\/2\\\/2020\\\/07\\\/IMG-20200714-WA0003-2.jpg\",\"width\":717,\"height\":803},{\"@type\":\"BreadcrumbList\",\"@id\":\"https:\\\/\\\/valenciasjb.salesianos.edu\\\/colegio\\\/la-alumna-mireia-sebastia-lleo-de-2o-de-bachillerato-c-recibe-la-beca-de-excelencia-de-la-ucv\\\/#breadcrumb\",\"itemListElement\":[{\"@type\":\"ListItem\",\"position\":1,\"name\":\"Portada\",\"item\":\"https:\\\/\\\/valenciasjb.salesianos.edu\\\/colegio\\\/\"},{\"@type\":\"ListItem\",\"position\":2,\"name\":\"La alumna Mireia Sebasti\u00e1 Lle\u00f3, de 2\u00ba de Bachillerato C, recibe la beca de excelencia de la UCV\"}]},{\"@type\":\"WebSite\",\"@id\":\"https:\\\/\\\/valenciasjb.salesianos.edu\\\/colegio\\\/#website\",\"url\":\"https:\\\/\\\/valenciasjb.salesianos.edu\\\/colegio\\\/\",\"name\":\"Colegio San Juan Bosco Valencia\",\"description\":\"P\u00e1gina oficial del Colegio Salesianos San Juan Bosco Valencia\",\"alternateName\":\"Salesianos.VSJB\",\"potentialAction\":[{\"@type\":\"SearchAction\",\"target\":{\"@type\":\"EntryPoint\",\"urlTemplate\":\"https:\\\/\\\/valenciasjb.salesianos.edu\\\/colegio\\\/?s={search_term_string}\"},\"query-input\":{\"@type\":\"PropertyValueSpecification\",\"valueRequired\":true,\"valueName\":\"search_term_string\"}}],\"inLanguage\":\"es\"},{\"@type\":\"Person\",\"@id\":\"https:\\\/\\\/valenciasjb.salesianos.edu\\\/colegio\\\/#\\\/schema\\\/person\\\/1f45b67e52b27da175190a574db6bed9\",\"name\":\"veronicapastor\",\"image\":{\"@type\":\"ImageObject\",\"inLanguage\":\"es\",\"@id\":\"https:\\\/\\\/secure.gravatar.com\\\/avatar\\\/e29bd40bace3fd935e1d6fdb7313ffc14628cc037c5e16f4c7369b20a2a6f7f0?s=96&d=mm&r=g\",\"url\":\"https:\\\/\\\/secure.gravatar.com\\\/avatar\\\/e29bd40bace3fd935e1d6fdb7313ffc14628cc037c5e16f4c7369b20a2a6f7f0?s=96&d=mm&r=g\",\"contentUrl\":\"https:\\\/\\\/secure.gravatar.com\\\/avatar\\\/e29bd40bace3fd935e1d6fdb7313ffc14628cc037c5e16f4c7369b20a2a6f7f0?s=96&d=mm&r=g\",\"caption\":\"veronicapastor\"}}]}<\/script>\n<!-- \/ Yoast SEO plugin. -->","yoast_head_json":{"title":"La alumna Mireia Sebasti\u00e1 Lle\u00f3, de 2\u00ba de Bachillerato C, recibe la beca de excelencia de la UCV - Colegio San Juan Bosco Valencia","robots":{"index":"index","follow":"follow","max-snippet":"max-snippet:-1","max-image-preview":"max-image-preview:large","max-video-preview":"max-video-preview:-1"},"canonical":"https:\/\/valenciasjb.salesianos.edu\/colegio\/la-alumna-mireia-sebastia-lleo-de-2o-de-bachillerato-c-recibe-la-beca-de-excelencia-de-la-ucv\/","og_locale":"es_ES","og_type":"article","og_title":"La alumna Mireia Sebasti\u00e1 Lle\u00f3, de 2\u00ba de Bachillerato C, recibe la beca de excelencia de la UCV - Colegio San Juan Bosco Valencia","og_description":"Gracias a la beca de excelencia otorgada por la Universidad Cat\u00f3lica de Valencia, Mireia cursar\u00e1 su primer a\u00f1o en el grado de psicolog\u00eda en esta universidad de manera totalmente gratuita. La alumna podr\u00e1 renovar la beca con car\u00e1cter anual, siempre y cuando siga manteniendo las condiciones exigidas para ello por la UCV. \u00a0Redacci\u00f3nLas Becas de [&hellip;]","og_url":"https:\/\/valenciasjb.salesianos.edu\/colegio\/la-alumna-mireia-sebastia-lleo-de-2o-de-bachillerato-c-recibe-la-beca-de-excelencia-de-la-ucv\/","og_site_name":"Colegio San Juan Bosco Valencia","article_publisher":"https:\/\/www.facebook.com\/ColegioSalesianoSanJuanBoscoValencia","article_published_time":"2020-07-15T08:50:09+00:00","article_modified_time":"2020-07-15T08:52:10+00:00","og_image":[{"width":717,"height":803,"url":"https:\/\/valenciasjb.salesianos.edu\/colegio\/wp-content\/uploads\/sites\/2\/2020\/07\/IMG-20200714-WA0003-2.jpg","type":"image\/jpeg"}],"author":"veronicapastor","twitter_card":"summary_large_image","twitter_creator":"@SalesianosVSJB","twitter_site":"@SalesianosVSJB","twitter_misc":{"Escrito por":"veronicapastor","Tiempo de lectura":"2 minutos"},"schema":{"@context":"https:\/\/schema.org","@graph":[{"@type":"Article","@id":"https:\/\/valenciasjb.salesianos.edu\/colegio\/la-alumna-mireia-sebastia-lleo-de-2o-de-bachillerato-c-recibe-la-beca-de-excelencia-de-la-ucv\/#article","isPartOf":{"@id":"https:\/\/valenciasjb.salesianos.edu\/colegio\/la-alumna-mireia-sebastia-lleo-de-2o-de-bachillerato-c-recibe-la-beca-de-excelencia-de-la-ucv\/"},"author":{"name":"veronicapastor","@id":"https:\/\/valenciasjb.salesianos.edu\/colegio\/#\/schema\/person\/1f45b67e52b27da175190a574db6bed9"},"headline":"La alumna Mireia Sebasti\u00e1 Lle\u00f3, de 2\u00ba de Bachillerato C, recibe la beca de excelencia de la UCV","datePublished":"2020-07-15T08:50:09+00:00","dateModified":"2020-07-15T08:52:10+00:00","mainEntityOfPage":{"@id":"https:\/\/valenciasjb.salesianos.edu\/colegio\/la-alumna-mireia-sebastia-lleo-de-2o-de-bachillerato-c-recibe-la-beca-de-excelencia-de-la-ucv\/"},"wordCount":419,"image":{"@id":"https:\/\/valenciasjb.salesianos.edu\/colegio\/la-alumna-mireia-sebastia-lleo-de-2o-de-bachillerato-c-recibe-la-beca-de-excelencia-de-la-ucv\/#primaryimage"},"thumbnailUrl":"https:\/\/valenciasjb.salesianos.edu\/colegio\/wp-content\/uploads\/sites\/2\/2020\/07\/IMG-20200714-WA0003-2.jpg","articleSection":["Noticia Colegio"],"inLanguage":"es"},{"@type":"WebPage","@id":"https:\/\/valenciasjb.salesianos.edu\/colegio\/la-alumna-mireia-sebastia-lleo-de-2o-de-bachillerato-c-recibe-la-beca-de-excelencia-de-la-ucv\/","url":"https:\/\/valenciasjb.salesianos.edu\/colegio\/la-alumna-mireia-sebastia-lleo-de-2o-de-bachillerato-c-recibe-la-beca-de-excelencia-de-la-ucv\/","name":"La alumna Mireia Sebasti\u00e1 Lle\u00f3, de 2\u00ba de Bachillerato C, recibe la beca de excelencia de la UCV - Colegio San Juan Bosco Valencia","isPartOf":{"@id":"https:\/\/valenciasjb.salesianos.edu\/colegio\/#website"},"primaryImageOfPage":{"@id":"https:\/\/valenciasjb.salesianos.edu\/colegio\/la-alumna-mireia-sebastia-lleo-de-2o-de-bachillerato-c-recibe-la-beca-de-excelencia-de-la-ucv\/#primaryimage"},"image":{"@id":"https:\/\/valenciasjb.salesianos.edu\/colegio\/la-alumna-mireia-sebastia-lleo-de-2o-de-bachillerato-c-recibe-la-beca-de-excelencia-de-la-ucv\/#primaryimage"},"thumbnailUrl":"https:\/\/valenciasjb.salesianos.edu\/colegio\/wp-content\/uploads\/sites\/2\/2020\/07\/IMG-20200714-WA0003-2.jpg","datePublished":"2020-07-15T08:50:09+00:00","dateModified":"2020-07-15T08:52:10+00:00","author":{"@id":"https:\/\/valenciasjb.salesianos.edu\/colegio\/#\/schema\/person\/1f45b67e52b27da175190a574db6bed9"},"breadcrumb":{"@id":"https:\/\/valenciasjb.salesianos.edu\/colegio\/la-alumna-mireia-sebastia-lleo-de-2o-de-bachillerato-c-recibe-la-beca-de-excelencia-de-la-ucv\/#breadcrumb"},"inLanguage":"es","potentialAction":[{"@type":"ReadAction","target":["https:\/\/valenciasjb.salesianos.edu\/colegio\/la-alumna-mireia-sebastia-lleo-de-2o-de-bachillerato-c-recibe-la-beca-de-excelencia-de-la-ucv\/"]}]},{"@type":"ImageObject","inLanguage":"es","@id":"https:\/\/valenciasjb.salesianos.edu\/colegio\/la-alumna-mireia-sebastia-lleo-de-2o-de-bachillerato-c-recibe-la-beca-de-excelencia-de-la-ucv\/#primaryimage","url":"https:\/\/valenciasjb.salesianos.edu\/colegio\/wp-content\/uploads\/sites\/2\/2020\/07\/IMG-20200714-WA0003-2.jpg","contentUrl":"https:\/\/valenciasjb.salesianos.edu\/colegio\/wp-content\/uploads\/sites\/2\/2020\/07\/IMG-20200714-WA0003-2.jpg","width":717,"height":803},{"@type":"BreadcrumbList","@id":"https:\/\/valenciasjb.salesianos.edu\/colegio\/la-alumna-mireia-sebastia-lleo-de-2o-de-bachillerato-c-recibe-la-beca-de-excelencia-de-la-ucv\/#breadcrumb","itemListElement":[{"@type":"ListItem","position":1,"name":"Portada","item":"https:\/\/valenciasjb.salesianos.edu\/colegio\/"},{"@type":"ListItem","position":2,"name":"La alumna Mireia Sebasti\u00e1 Lle\u00f3, de 2\u00ba de Bachillerato C, recibe la beca de excelencia de la UCV"}]},{"@type":"WebSite","@id":"https:\/\/valenciasjb.salesianos.edu\/colegio\/#website","url":"https:\/\/valenciasjb.salesianos.edu\/colegio\/","name":"Colegio San Juan Bosco Valencia","description":"P\u00e1gina oficial del Colegio Salesianos San Juan Bosco Valencia","alternateName":"Salesianos.VSJB","potentialAction":[{"@type":"SearchAction","target":{"@type":"EntryPoint","urlTemplate":"https:\/\/valenciasjb.salesianos.edu\/colegio\/?s={search_term_string}"},"query-input":{"@type":"PropertyValueSpecification","valueRequired":true,"valueName":"search_term_string"}}],"inLanguage":"es"},{"@type":"Person","@id":"https:\/\/valenciasjb.salesianos.edu\/colegio\/#\/schema\/person\/1f45b67e52b27da175190a574db6bed9","name":"veronicapastor","image":{"@type":"ImageObject","inLanguage":"es","@id":"https:\/\/secure.gravatar.com\/avatar\/e29bd40bace3fd935e1d6fdb7313ffc14628cc037c5e16f4c7369b20a2a6f7f0?s=96&d=mm&r=g","url":"https:\/\/secure.gravatar.com\/avatar\/e29bd40bace3fd935e1d6fdb7313ffc14628cc037c5e16f4c7369b20a2a6f7f0?s=96&d=mm&r=g","contentUrl":"https:\/\/secure.gravatar.com\/avatar\/e29bd40bace3fd935e1d6fdb7313ffc14628cc037c5e16f4c7369b20a2a6f7f0?s=96&d=mm&r=g","caption":"veronicapastor"}}]}},"_links":{"self":[{"href":"https:\/\/valenciasjb.salesianos.edu\/colegio\/wp-json\/wp\/v2\/posts\/14066","targetHints":{"allow":["GET"]}}],"collection":[{"href":"https:\/\/valenciasjb.salesianos.edu\/colegio\/wp-json\/wp\/v2\/posts"}],"about":[{"href":"https:\/\/valenciasjb.salesianos.edu\/colegio\/wp-json\/wp\/v2\/types\/post"}],"author":[{"embeddable":true,"href":"https:\/\/valenciasjb.salesianos.edu\/colegio\/wp-json\/wp\/v2\/users\/6"}],"replies":[{"embeddable":true,"href":"https:\/\/valenciasjb.salesianos.edu\/colegio\/wp-json\/wp\/v2\/comments?post=14066"}],"version-history":[{"count":6,"href":"https:\/\/valenciasjb.salesianos.edu\/colegio\/wp-json\/wp\/v2\/posts\/14066\/revisions"}],"predecessor-version":[{"id":14077,"href":"https:\/\/valenciasjb.salesianos.edu\/colegio\/wp-json\/wp\/v2\/posts\/14066\/revisions\/14077"}],"wp:featuredmedia":[{"embeddable":true,"href":"https:\/\/valenciasjb.salesianos.edu\/colegio\/wp-json\/wp\/v2\/media\/14076"}],"wp:attachment":[{"href":"https:\/\/valenciasjb.salesianos.edu\/colegio\/wp-json\/wp\/v2\/media?parent=14066"}],"wp:term":[{"taxonomy":"category","embeddable":true,"href":"https:\/\/valenciasjb.salesianos.edu\/colegio\/wp-json\/wp\/v2\/categories?post=14066"},{"taxonomy":"post_tag","embeddable":true,"href":"https:\/\/valenciasjb.salesianos.edu\/colegio\/wp-json\/wp\/v2\/tags?post=14066"}],"curies":[{"name":"wp","href":"https:\/\/api.w.org\/{rel}","templated":true}]}}