{"id":14095,"date":"2020-09-01T14:48:15","date_gmt":"2020-09-01T13:48:15","guid":{"rendered":"https:\/\/valenciasjb.salesianos.edu\/colegio\/?p=14095"},"modified":"2020-09-01T15:01:00","modified_gmt":"2020-09-01T14:01:00","slug":"el-colegio-da-la-bienvenida-a-un-nuevo-curso-con-un-nuevo-lema-contigo-abiertos-al-futuro-somos-uno","status":"publish","type":"post","link":"https:\/\/valenciasjb.salesianos.edu\/colegio\/el-colegio-da-la-bienvenida-a-un-nuevo-curso-con-un-nuevo-lema-contigo-abiertos-al-futuro-somos-uno\/","title":{"rendered":"El colegio da la bienvenida a un nuevo curso con un nuevo lema: \u00abContigo abiertos al futuro. Somos uno\u00bb"},"content":{"rendered":"<div id=\"fb-root\"><\/div>\n<p>[et_pb_section fb_built=\u00bb1&#8243; admin_label=\u00bbsection\u00bb _builder_version=\u00bb3.22&#8243;][et_pb_row admin_label=\u00bbrow\u00bb _builder_version=\u00bb3.25&#8243; background_size=\u00bbinitial\u00bb background_position=\u00bbtop_left\u00bb background_repeat=\u00bbrepeat\u00bb][et_pb_column type=\u00bb4_4&#8243; _builder_version=\u00bb3.25&#8243; custom_padding=\u00bb|||\u00bb custom_padding__hover=\u00bb|||\u00bb][et_pb_text admin_label=\u00bbEntradilla (Texto)\u00bb _builder_version=\u00bb4.4.7&#8243; text_font=\u00bb|on|||\u00bb text_orientation=\u00bbjustified\u00bb module_alignment=\u00bbjustified\u00bb hover_enabled=\u00bb0&#8243;]<\/p>\n<div id=\"resumen\">\n<div dir=\"auto\"><img loading=\"lazy\" decoding=\"async\" class=\"wp-image-14124 alignnone \" src=\"https:\/\/valenciasjb.salesianos.edu\/colegio\/wp-content\/uploads\/sites\/2\/2020\/09\/200901-Principal-1-300x176.png\" alt=\"\" width=\"414\" height=\"243\" \/><\/div>\n<div dir=\"auto\">\u00a0<\/div>\n<div dir=\"auto\">Todo el personal del colegio organiza estos d\u00edas la vuelta al cole de este nuevo curso 2020-2021. Trabajo que retoman con esfuerzo e ilusi\u00f3n, m\u00e1s all\u00e1 de la situaci\u00f3n incierta que supone la pandemia que estamos viviendo; con el objetivo imprescindible de cuidar a las personas, a trav\u00e9s de la educaci\u00f3n, protegiendo la salud f\u00edsica, mental y espiritual, al estilo salesiano, promoviendo la excelencia inclusiva. Para ello, se ha realizado una planificaci\u00f3n del curso en los \u00e1mbitos: organizativo, sanitario, acad\u00e9mico y pastoral.<\/div>\n<\/div>\n<p>[\/et_pb_text][et_pb_text admin_label=\u00bbAutor (Texto)\u00bb _builder_version=\u00bb4.4.7&#8243; text_font=\u00bb||on||\u00bb]<\/p>\n<p>Redacci\u00f3n.<\/p>\n<p>[\/et_pb_text][et_pb_text admin_label=\u00bbDesarrollo (Texto)\u00bb _builder_version=\u00bb4.4.7&#8243; text_orientation=\u00bbjustified\u00bb module_alignment=\u00bbjustified\u00bb]<\/p>\n<div id=\"resumen\">\n<div dir=\"auto\">\u00a0<\/div>\n<div dir=\"auto\">Estos d\u00edas se est\u00e1n sucediendo numerosas reuniones del equipo directivo, claustro, coordinaciones de etapa, preparaci\u00f3n de lotes del banco de libros, gesti\u00f3n de los libros nuevos y materiales por parte del personal encargado, labores de limpieza y desinfecci\u00f3n, preparaci\u00f3n de espacios, cursos online por parte del personal del centro sobre prevenci\u00f3n en este escenario de COVID-19, etc. Asimismo, en estos d\u00edas van a tener lugar las reuniones de inicio de curso con las familias para que toda la comunidad educativa est\u00e9 informada y conozca con detalle toda la informaci\u00f3n necesaria antes del inicio de las clases.<\/div>\n<div dir=\"auto\">\u00a0<\/div>\n<\/div>\n<div dir=\"auto\">\n<p><span style=\"font-weight: 400\">El objetivo pastoral de este curso ser\u00e1 <\/span><span style=\"font-weight: 400\">RECORDAR quienes somos, para ser misi\u00f3n compartida para los j\u00f3venes de hoy y con ellos en nuestro barrio; s<\/span><span style=\"font-weight: 400\">entirnos comunidad educativo-pastoral, con el n<\/span><span style=\"font-weight: 400\">uevo lema: \u00abContigo abiertos al futuro. Somos uno\u00bb.<\/span><\/p>\n<p>Todo ello, lo realizamos desde nuestra vocaci\u00f3n de educadores, llamados a ser y estar entre nuestros ni\u00f1os y j\u00f3venes, en la situaci\u00f3n que sea, incluso en medio de una pandemia. Ahora, a\u00fan m\u00e1s si cabe, estamos llamados a acompa\u00f1ar a nuestros j\u00f3venes, porque ahora nos necesitan m\u00e1s que nunca. Es tiempo de cuidarnos los unos a los otros. El Se\u00f1or nos espera en cada uno de nuestros ni\u00f1os y j\u00f3venes. El mejor homenaje que podemos dar en este 75 aniversario de nuestro colegio es dar sentido a esta casa salesiana en nuestro barrio de la Avenida de la Plata.<\/p>\n<\/div>\n<p>[\/et_pb_text][et_pb_text disabled_on=\u00bboff|on|on\u00bb admin_label=\u00bbT\u00edtulo: Galer\u00eda de fotos (Texto)\u00bb _builder_version=\u00bb3.27.4&#8243; text_font=\u00bb|on|||\u00bb text_text_color=\u00bb#dc001b\u00bb border_style=\u00bbsolid\u00bb]Galer\u00eda de im\u00e1genes[\/et_pb_text][et_pb_gallery gallery_ids=\u00bb14112,14104,14102,14109,14106,14107,14115,14114,14113,14111,14110,14103,14121,14124&#8243; posts_number=\u00bb8&#8243; show_title_and_caption=\u00bboff\u00bb zoom_icon_color=\u00bb#dc001b\u00bb hover_icon=\u00bb%%51%%\u00bb disabled_on=\u00bboff|off|off\u00bb _builder_version=\u00bb4.4.7&#8243; pagination_font_size_tablet=\u00bb51&#8243; pagination_line_height_tablet=\u00bb2&#8243;][\/et_pb_gallery][et_pb_video disabled_on=\u00bbon|on|on\u00bb _builder_version=\u00bb3.0.51&#8243; disabled=\u00bbon\u00bb][\/et_pb_video][\/et_pb_column][\/et_pb_row][\/et_pb_section]<\/p>\n<!-- AddThis Advanced Settings generic via filter on the_content --><!-- AddThis Share Buttons generic via filter on the_content -->","protected":false},"excerpt":{"rendered":"<p>\u00a0 Todo el personal del colegio organiza estos d\u00edas la vuelta al cole de este nuevo curso 2020-2021. Trabajo que retoman con esfuerzo e ilusi\u00f3n, m\u00e1s all\u00e1 de la situaci\u00f3n incierta que supone la pandemia que estamos viviendo; con el objetivo imprescindible de cuidar a las personas, a trav\u00e9s de la educaci\u00f3n, protegiendo la salud [&hellip;]<\/p>\n<p><!-- AddThis Advanced Settings generic via filter on get_the_excerpt --><!-- AddThis Share Buttons generic via filter on get_the_excerpt --><\/p>\n","protected":false},"author":6,"featured_media":14124,"comment_status":"closed","ping_status":"open","sticky":false,"template":"","format":"standard","meta":{"_et_pb_use_builder":"on","_et_pb_old_content":"","_et_gb_content_width":"","footnotes":""},"categories":[14],"tags":[],"class_list":["post-14095","post","type-post","status-publish","format-standard","has-post-thumbnail","hentry","category-noticia_colegio"],"yoast_head":"<!-- This site is optimized with the Yoast SEO plugin v28.4 - https:\/\/yoast.com\/product\/yoast-seo-wordpress\/ -->\n<title>El colegio da la bienvenida a un nuevo curso con un nuevo lema: &quot;Contigo abiertos al futuro. Somos uno&quot; - Colegio San Juan Bosco Valencia<\/title>\n<meta name=\"robots\" content=\"index, follow, max-snippet:-1, max-image-preview:large, max-video-preview:-1\" \/>\n<link rel=\"canonical\" href=\"https:\/\/valenciasjb.salesianos.edu\/colegio\/el-colegio-da-la-bienvenida-a-un-nuevo-curso-con-un-nuevo-lema-contigo-abiertos-al-futuro-somos-uno\/\" \/>\n<meta property=\"og:locale\" content=\"es_ES\" \/>\n<meta property=\"og:type\" content=\"article\" \/>\n<meta property=\"og:title\" content=\"El colegio da la bienvenida a un nuevo curso con un nuevo lema: &quot;Contigo abiertos al futuro. Somos uno&quot; - Colegio San Juan Bosco Valencia\" \/>\n<meta property=\"og:description\" content=\"\u00a0 Todo el personal del colegio organiza estos d\u00edas la vuelta al cole de este nuevo curso 2020-2021. Trabajo que retoman con esfuerzo e ilusi\u00f3n, m\u00e1s all\u00e1 de la situaci\u00f3n incierta que supone la pandemia que estamos viviendo; con el objetivo imprescindible de cuidar a las personas, a trav\u00e9s de la educaci\u00f3n, protegiendo la salud [&hellip;]\" \/>\n<meta property=\"og:url\" content=\"https:\/\/valenciasjb.salesianos.edu\/colegio\/el-colegio-da-la-bienvenida-a-un-nuevo-curso-con-un-nuevo-lema-contigo-abiertos-al-futuro-somos-uno\/\" \/>\n<meta property=\"og:site_name\" content=\"Colegio San Juan Bosco Valencia\" \/>\n<meta property=\"article:publisher\" content=\"https:\/\/www.facebook.com\/ColegioSalesianoSanJuanBoscoValencia\" \/>\n<meta property=\"article:published_time\" content=\"2020-09-01T13:48:15+00:00\" \/>\n<meta property=\"article:modified_time\" content=\"2020-09-01T14:01:00+00:00\" \/>\n<meta property=\"og:image\" content=\"https:\/\/valenciasjb.salesianos.edu\/colegio\/wp-content\/uploads\/sites\/2\/2020\/09\/200901-Principal-1.png\" \/>\n\t<meta property=\"og:image:width\" content=\"823\" \/>\n\t<meta property=\"og:image:height\" content=\"483\" \/>\n\t<meta property=\"og:image:type\" content=\"image\/png\" \/>\n<meta name=\"author\" content=\"veronicapastor\" \/>\n<meta name=\"twitter:card\" content=\"summary_large_image\" \/>\n<meta name=\"twitter:creator\" content=\"@SalesianosVSJB\" \/>\n<meta name=\"twitter:site\" content=\"@SalesianosVSJB\" \/>\n<meta name=\"twitter:label1\" content=\"Escrito por\" \/>\n\t<meta name=\"twitter:data1\" content=\"veronicapastor\" \/>\n\t<meta name=\"twitter:label2\" content=\"Tiempo de lectura\" \/>\n\t<meta name=\"twitter:data2\" content=\"3 minutos\" \/>\n<script type=\"application\/ld+json\" class=\"yoast-schema-graph\">{\"@context\":\"https:\\\/\\\/schema.org\",\"@graph\":[{\"@type\":\"Article\",\"@id\":\"https:\\\/\\\/valenciasjb.salesianos.edu\\\/colegio\\\/el-colegio-da-la-bienvenida-a-un-nuevo-curso-con-un-nuevo-lema-contigo-abiertos-al-futuro-somos-uno\\\/#article\",\"isPartOf\":{\"@id\":\"https:\\\/\\\/valenciasjb.salesianos.edu\\\/colegio\\\/el-colegio-da-la-bienvenida-a-un-nuevo-curso-con-un-nuevo-lema-contigo-abiertos-al-futuro-somos-uno\\\/\"},\"author\":{\"name\":\"veronicapastor\",\"@id\":\"https:\\\/\\\/valenciasjb.salesianos.edu\\\/colegio\\\/#\\\/schema\\\/person\\\/1f45b67e52b27da175190a574db6bed9\"},\"headline\":\"El colegio da la bienvenida a un nuevo curso con un nuevo lema: \u00abContigo abiertos al futuro. Somos uno\u00bb\",\"datePublished\":\"2020-09-01T13:48:15+00:00\",\"dateModified\":\"2020-09-01T14:01:00+00:00\",\"mainEntityOfPage\":{\"@id\":\"https:\\\/\\\/valenciasjb.salesianos.edu\\\/colegio\\\/el-colegio-da-la-bienvenida-a-un-nuevo-curso-con-un-nuevo-lema-contigo-abiertos-al-futuro-somos-uno\\\/\"},\"wordCount\":563,\"image\":{\"@id\":\"https:\\\/\\\/valenciasjb.salesianos.edu\\\/colegio\\\/el-colegio-da-la-bienvenida-a-un-nuevo-curso-con-un-nuevo-lema-contigo-abiertos-al-futuro-somos-uno\\\/#primaryimage\"},\"thumbnailUrl\":\"https:\\\/\\\/valenciasjb.salesianos.edu\\\/colegio\\\/wp-content\\\/uploads\\\/sites\\\/2\\\/2020\\\/09\\\/200901-Principal-1.png\",\"articleSection\":[\"Noticia Colegio\"],\"inLanguage\":\"es\"},{\"@type\":\"WebPage\",\"@id\":\"https:\\\/\\\/valenciasjb.salesianos.edu\\\/colegio\\\/el-colegio-da-la-bienvenida-a-un-nuevo-curso-con-un-nuevo-lema-contigo-abiertos-al-futuro-somos-uno\\\/\",\"url\":\"https:\\\/\\\/valenciasjb.salesianos.edu\\\/colegio\\\/el-colegio-da-la-bienvenida-a-un-nuevo-curso-con-un-nuevo-lema-contigo-abiertos-al-futuro-somos-uno\\\/\",\"name\":\"El colegio da la bienvenida a un nuevo curso con un nuevo lema: \\\"Contigo abiertos al futuro. Somos uno\\\" - Colegio San Juan Bosco Valencia\",\"isPartOf\":{\"@id\":\"https:\\\/\\\/valenciasjb.salesianos.edu\\\/colegio\\\/#website\"},\"primaryImageOfPage\":{\"@id\":\"https:\\\/\\\/valenciasjb.salesianos.edu\\\/colegio\\\/el-colegio-da-la-bienvenida-a-un-nuevo-curso-con-un-nuevo-lema-contigo-abiertos-al-futuro-somos-uno\\\/#primaryimage\"},\"image\":{\"@id\":\"https:\\\/\\\/valenciasjb.salesianos.edu\\\/colegio\\\/el-colegio-da-la-bienvenida-a-un-nuevo-curso-con-un-nuevo-lema-contigo-abiertos-al-futuro-somos-uno\\\/#primaryimage\"},\"thumbnailUrl\":\"https:\\\/\\\/valenciasjb.salesianos.edu\\\/colegio\\\/wp-content\\\/uploads\\\/sites\\\/2\\\/2020\\\/09\\\/200901-Principal-1.png\",\"datePublished\":\"2020-09-01T13:48:15+00:00\",\"dateModified\":\"2020-09-01T14:01:00+00:00\",\"author\":{\"@id\":\"https:\\\/\\\/valenciasjb.salesianos.edu\\\/colegio\\\/#\\\/schema\\\/person\\\/1f45b67e52b27da175190a574db6bed9\"},\"breadcrumb\":{\"@id\":\"https:\\\/\\\/valenciasjb.salesianos.edu\\\/colegio\\\/el-colegio-da-la-bienvenida-a-un-nuevo-curso-con-un-nuevo-lema-contigo-abiertos-al-futuro-somos-uno\\\/#breadcrumb\"},\"inLanguage\":\"es\",\"potentialAction\":[{\"@type\":\"ReadAction\",\"target\":[\"https:\\\/\\\/valenciasjb.salesianos.edu\\\/colegio\\\/el-colegio-da-la-bienvenida-a-un-nuevo-curso-con-un-nuevo-lema-contigo-abiertos-al-futuro-somos-uno\\\/\"]}]},{\"@type\":\"ImageObject\",\"inLanguage\":\"es\",\"@id\":\"https:\\\/\\\/valenciasjb.salesianos.edu\\\/colegio\\\/el-colegio-da-la-bienvenida-a-un-nuevo-curso-con-un-nuevo-lema-contigo-abiertos-al-futuro-somos-uno\\\/#primaryimage\",\"url\":\"https:\\\/\\\/valenciasjb.salesianos.edu\\\/colegio\\\/wp-content\\\/uploads\\\/sites\\\/2\\\/2020\\\/09\\\/200901-Principal-1.png\",\"contentUrl\":\"https:\\\/\\\/valenciasjb.salesianos.edu\\\/colegio\\\/wp-content\\\/uploads\\\/sites\\\/2\\\/2020\\\/09\\\/200901-Principal-1.png\",\"width\":823,\"height\":483},{\"@type\":\"BreadcrumbList\",\"@id\":\"https:\\\/\\\/valenciasjb.salesianos.edu\\\/colegio\\\/el-colegio-da-la-bienvenida-a-un-nuevo-curso-con-un-nuevo-lema-contigo-abiertos-al-futuro-somos-uno\\\/#breadcrumb\",\"itemListElement\":[{\"@type\":\"ListItem\",\"position\":1,\"name\":\"Portada\",\"item\":\"https:\\\/\\\/valenciasjb.salesianos.edu\\\/colegio\\\/\"},{\"@type\":\"ListItem\",\"position\":2,\"name\":\"El colegio da la bienvenida a un nuevo curso con un nuevo lema: \u00abContigo abiertos al futuro. Somos uno\u00bb\"}]},{\"@type\":\"WebSite\",\"@id\":\"https:\\\/\\\/valenciasjb.salesianos.edu\\\/colegio\\\/#website\",\"url\":\"https:\\\/\\\/valenciasjb.salesianos.edu\\\/colegio\\\/\",\"name\":\"Colegio San Juan Bosco Valencia\",\"description\":\"P\u00e1gina oficial del Colegio Salesianos San Juan Bosco Valencia\",\"alternateName\":\"Salesianos.VSJB\",\"potentialAction\":[{\"@type\":\"SearchAction\",\"target\":{\"@type\":\"EntryPoint\",\"urlTemplate\":\"https:\\\/\\\/valenciasjb.salesianos.edu\\\/colegio\\\/?s={search_term_string}\"},\"query-input\":{\"@type\":\"PropertyValueSpecification\",\"valueRequired\":true,\"valueName\":\"search_term_string\"}}],\"inLanguage\":\"es\"},{\"@type\":\"Person\",\"@id\":\"https:\\\/\\\/valenciasjb.salesianos.edu\\\/colegio\\\/#\\\/schema\\\/person\\\/1f45b67e52b27da175190a574db6bed9\",\"name\":\"veronicapastor\",\"image\":{\"@type\":\"ImageObject\",\"inLanguage\":\"es\",\"@id\":\"https:\\\/\\\/secure.gravatar.com\\\/avatar\\\/e29bd40bace3fd935e1d6fdb7313ffc14628cc037c5e16f4c7369b20a2a6f7f0?s=96&d=mm&r=g\",\"url\":\"https:\\\/\\\/secure.gravatar.com\\\/avatar\\\/e29bd40bace3fd935e1d6fdb7313ffc14628cc037c5e16f4c7369b20a2a6f7f0?s=96&d=mm&r=g\",\"contentUrl\":\"https:\\\/\\\/secure.gravatar.com\\\/avatar\\\/e29bd40bace3fd935e1d6fdb7313ffc14628cc037c5e16f4c7369b20a2a6f7f0?s=96&d=mm&r=g\",\"caption\":\"veronicapastor\"}}]}<\/script>\n<!-- \/ Yoast SEO plugin. -->","yoast_head_json":{"title":"El colegio da la bienvenida a un nuevo curso con un nuevo lema: \"Contigo abiertos al futuro. Somos uno\" - Colegio San Juan Bosco Valencia","robots":{"index":"index","follow":"follow","max-snippet":"max-snippet:-1","max-image-preview":"max-image-preview:large","max-video-preview":"max-video-preview:-1"},"canonical":"https:\/\/valenciasjb.salesianos.edu\/colegio\/el-colegio-da-la-bienvenida-a-un-nuevo-curso-con-un-nuevo-lema-contigo-abiertos-al-futuro-somos-uno\/","og_locale":"es_ES","og_type":"article","og_title":"El colegio da la bienvenida a un nuevo curso con un nuevo lema: \"Contigo abiertos al futuro. Somos uno\" - Colegio San Juan Bosco Valencia","og_description":"\u00a0 Todo el personal del colegio organiza estos d\u00edas la vuelta al cole de este nuevo curso 2020-2021. Trabajo que retoman con esfuerzo e ilusi\u00f3n, m\u00e1s all\u00e1 de la situaci\u00f3n incierta que supone la pandemia que estamos viviendo; con el objetivo imprescindible de cuidar a las personas, a trav\u00e9s de la educaci\u00f3n, protegiendo la salud [&hellip;]","og_url":"https:\/\/valenciasjb.salesianos.edu\/colegio\/el-colegio-da-la-bienvenida-a-un-nuevo-curso-con-un-nuevo-lema-contigo-abiertos-al-futuro-somos-uno\/","og_site_name":"Colegio San Juan Bosco Valencia","article_publisher":"https:\/\/www.facebook.com\/ColegioSalesianoSanJuanBoscoValencia","article_published_time":"2020-09-01T13:48:15+00:00","article_modified_time":"2020-09-01T14:01:00+00:00","og_image":[{"width":823,"height":483,"url":"https:\/\/valenciasjb.salesianos.edu\/colegio\/wp-content\/uploads\/sites\/2\/2020\/09\/200901-Principal-1.png","type":"image\/png"}],"author":"veronicapastor","twitter_card":"summary_large_image","twitter_creator":"@SalesianosVSJB","twitter_site":"@SalesianosVSJB","twitter_misc":{"Escrito por":"veronicapastor","Tiempo de lectura":"3 minutos"},"schema":{"@context":"https:\/\/schema.org","@graph":[{"@type":"Article","@id":"https:\/\/valenciasjb.salesianos.edu\/colegio\/el-colegio-da-la-bienvenida-a-un-nuevo-curso-con-un-nuevo-lema-contigo-abiertos-al-futuro-somos-uno\/#article","isPartOf":{"@id":"https:\/\/valenciasjb.salesianos.edu\/colegio\/el-colegio-da-la-bienvenida-a-un-nuevo-curso-con-un-nuevo-lema-contigo-abiertos-al-futuro-somos-uno\/"},"author":{"name":"veronicapastor","@id":"https:\/\/valenciasjb.salesianos.edu\/colegio\/#\/schema\/person\/1f45b67e52b27da175190a574db6bed9"},"headline":"El colegio da la bienvenida a un nuevo curso con un nuevo lema: \u00abContigo abiertos al futuro. Somos uno\u00bb","datePublished":"2020-09-01T13:48:15+00:00","dateModified":"2020-09-01T14:01:00+00:00","mainEntityOfPage":{"@id":"https:\/\/valenciasjb.salesianos.edu\/colegio\/el-colegio-da-la-bienvenida-a-un-nuevo-curso-con-un-nuevo-lema-contigo-abiertos-al-futuro-somos-uno\/"},"wordCount":563,"image":{"@id":"https:\/\/valenciasjb.salesianos.edu\/colegio\/el-colegio-da-la-bienvenida-a-un-nuevo-curso-con-un-nuevo-lema-contigo-abiertos-al-futuro-somos-uno\/#primaryimage"},"thumbnailUrl":"https:\/\/valenciasjb.salesianos.edu\/colegio\/wp-content\/uploads\/sites\/2\/2020\/09\/200901-Principal-1.png","articleSection":["Noticia Colegio"],"inLanguage":"es"},{"@type":"WebPage","@id":"https:\/\/valenciasjb.salesianos.edu\/colegio\/el-colegio-da-la-bienvenida-a-un-nuevo-curso-con-un-nuevo-lema-contigo-abiertos-al-futuro-somos-uno\/","url":"https:\/\/valenciasjb.salesianos.edu\/colegio\/el-colegio-da-la-bienvenida-a-un-nuevo-curso-con-un-nuevo-lema-contigo-abiertos-al-futuro-somos-uno\/","name":"El colegio da la bienvenida a un nuevo curso con un nuevo lema: \"Contigo abiertos al futuro. Somos uno\" - Colegio San Juan Bosco Valencia","isPartOf":{"@id":"https:\/\/valenciasjb.salesianos.edu\/colegio\/#website"},"primaryImageOfPage":{"@id":"https:\/\/valenciasjb.salesianos.edu\/colegio\/el-colegio-da-la-bienvenida-a-un-nuevo-curso-con-un-nuevo-lema-contigo-abiertos-al-futuro-somos-uno\/#primaryimage"},"image":{"@id":"https:\/\/valenciasjb.salesianos.edu\/colegio\/el-colegio-da-la-bienvenida-a-un-nuevo-curso-con-un-nuevo-lema-contigo-abiertos-al-futuro-somos-uno\/#primaryimage"},"thumbnailUrl":"https:\/\/valenciasjb.salesianos.edu\/colegio\/wp-content\/uploads\/sites\/2\/2020\/09\/200901-Principal-1.png","datePublished":"2020-09-01T13:48:15+00:00","dateModified":"2020-09-01T14:01:00+00:00","author":{"@id":"https:\/\/valenciasjb.salesianos.edu\/colegio\/#\/schema\/person\/1f45b67e52b27da175190a574db6bed9"},"breadcrumb":{"@id":"https:\/\/valenciasjb.salesianos.edu\/colegio\/el-colegio-da-la-bienvenida-a-un-nuevo-curso-con-un-nuevo-lema-contigo-abiertos-al-futuro-somos-uno\/#breadcrumb"},"inLanguage":"es","potentialAction":[{"@type":"ReadAction","target":["https:\/\/valenciasjb.salesianos.edu\/colegio\/el-colegio-da-la-bienvenida-a-un-nuevo-curso-con-un-nuevo-lema-contigo-abiertos-al-futuro-somos-uno\/"]}]},{"@type":"ImageObject","inLanguage":"es","@id":"https:\/\/valenciasjb.salesianos.edu\/colegio\/el-colegio-da-la-bienvenida-a-un-nuevo-curso-con-un-nuevo-lema-contigo-abiertos-al-futuro-somos-uno\/#primaryimage","url":"https:\/\/valenciasjb.salesianos.edu\/colegio\/wp-content\/uploads\/sites\/2\/2020\/09\/200901-Principal-1.png","contentUrl":"https:\/\/valenciasjb.salesianos.edu\/colegio\/wp-content\/uploads\/sites\/2\/2020\/09\/200901-Principal-1.png","width":823,"height":483},{"@type":"BreadcrumbList","@id":"https:\/\/valenciasjb.salesianos.edu\/colegio\/el-colegio-da-la-bienvenida-a-un-nuevo-curso-con-un-nuevo-lema-contigo-abiertos-al-futuro-somos-uno\/#breadcrumb","itemListElement":[{"@type":"ListItem","position":1,"name":"Portada","item":"https:\/\/valenciasjb.salesianos.edu\/colegio\/"},{"@type":"ListItem","position":2,"name":"El colegio da la bienvenida a un nuevo curso con un nuevo lema: \u00abContigo abiertos al futuro. Somos uno\u00bb"}]},{"@type":"WebSite","@id":"https:\/\/valenciasjb.salesianos.edu\/colegio\/#website","url":"https:\/\/valenciasjb.salesianos.edu\/colegio\/","name":"Colegio San Juan Bosco Valencia","description":"P\u00e1gina oficial del Colegio Salesianos San Juan Bosco Valencia","alternateName":"Salesianos.VSJB","potentialAction":[{"@type":"SearchAction","target":{"@type":"EntryPoint","urlTemplate":"https:\/\/valenciasjb.salesianos.edu\/colegio\/?s={search_term_string}"},"query-input":{"@type":"PropertyValueSpecification","valueRequired":true,"valueName":"search_term_string"}}],"inLanguage":"es"},{"@type":"Person","@id":"https:\/\/valenciasjb.salesianos.edu\/colegio\/#\/schema\/person\/1f45b67e52b27da175190a574db6bed9","name":"veronicapastor","image":{"@type":"ImageObject","inLanguage":"es","@id":"https:\/\/secure.gravatar.com\/avatar\/e29bd40bace3fd935e1d6fdb7313ffc14628cc037c5e16f4c7369b20a2a6f7f0?s=96&d=mm&r=g","url":"https:\/\/secure.gravatar.com\/avatar\/e29bd40bace3fd935e1d6fdb7313ffc14628cc037c5e16f4c7369b20a2a6f7f0?s=96&d=mm&r=g","contentUrl":"https:\/\/secure.gravatar.com\/avatar\/e29bd40bace3fd935e1d6fdb7313ffc14628cc037c5e16f4c7369b20a2a6f7f0?s=96&d=mm&r=g","caption":"veronicapastor"}}]}},"_links":{"self":[{"href":"https:\/\/valenciasjb.salesianos.edu\/colegio\/wp-json\/wp\/v2\/posts\/14095","targetHints":{"allow":["GET"]}}],"collection":[{"href":"https:\/\/valenciasjb.salesianos.edu\/colegio\/wp-json\/wp\/v2\/posts"}],"about":[{"href":"https:\/\/valenciasjb.salesianos.edu\/colegio\/wp-json\/wp\/v2\/types\/post"}],"author":[{"embeddable":true,"href":"https:\/\/valenciasjb.salesianos.edu\/colegio\/wp-json\/wp\/v2\/users\/6"}],"replies":[{"embeddable":true,"href":"https:\/\/valenciasjb.salesianos.edu\/colegio\/wp-json\/wp\/v2\/comments?post=14095"}],"version-history":[{"count":15,"href":"https:\/\/valenciasjb.salesianos.edu\/colegio\/wp-json\/wp\/v2\/posts\/14095\/revisions"}],"predecessor-version":[{"id":14136,"href":"https:\/\/valenciasjb.salesianos.edu\/colegio\/wp-json\/wp\/v2\/posts\/14095\/revisions\/14136"}],"wp:featuredmedia":[{"embeddable":true,"href":"https:\/\/valenciasjb.salesianos.edu\/colegio\/wp-json\/wp\/v2\/media\/14124"}],"wp:attachment":[{"href":"https:\/\/valenciasjb.salesianos.edu\/colegio\/wp-json\/wp\/v2\/media?parent=14095"}],"wp:term":[{"taxonomy":"category","embeddable":true,"href":"https:\/\/valenciasjb.salesianos.edu\/colegio\/wp-json\/wp\/v2\/categories?post=14095"},{"taxonomy":"post_tag","embeddable":true,"href":"https:\/\/valenciasjb.salesianos.edu\/colegio\/wp-json\/wp\/v2\/tags?post=14095"}],"curies":[{"name":"wp","href":"https:\/\/api.w.org\/{rel}","templated":true}]}}