{"id":14198,"date":"2020-09-08T17:58:32","date_gmt":"2020-09-08T16:58:32","guid":{"rendered":"https:\/\/valenciasjb.salesianos.edu\/colegio\/?p=14198"},"modified":"2020-09-08T17:58:36","modified_gmt":"2020-09-08T16:58:36","slug":"la-vuelta-al-cole-marca-el-inicio-de-un-curso-con-una-mirada-abierta-al-futuro","status":"publish","type":"post","link":"https:\/\/valenciasjb.salesianos.edu\/colegio\/la-vuelta-al-cole-marca-el-inicio-de-un-curso-con-una-mirada-abierta-al-futuro\/","title":{"rendered":"La vuelta al cole marca el inicio de un curso con una mirada abierta al futuro"},"content":{"rendered":"<div id=\"fb-root\"><\/div>\n<p>[et_pb_section fb_built=\u00bb1&#8243; admin_label=\u00bbsection\u00bb _builder_version=\u00bb3.22&#8243;][et_pb_row admin_label=\u00bbrow\u00bb _builder_version=\u00bb3.25&#8243; background_size=\u00bbinitial\u00bb background_position=\u00bbtop_left\u00bb background_repeat=\u00bbrepeat\u00bb][et_pb_column type=\u00bb4_4&#8243; _builder_version=\u00bb3.25&#8243; custom_padding=\u00bb|||\u00bb custom_padding__hover=\u00bb|||\u00bb][et_pb_text admin_label=\u00bbEntradilla (Texto)\u00bb _builder_version=\u00bb4.6.0&#8243; text_font=\u00bb|on|||\u00bb text_orientation=\u00bbjustified\u00bb module_alignment=\u00bbjustified\u00bb]<\/p>\n<div id=\"resumen\">\n<p>En medio de la situaci\u00f3n actual que vivimos y con todas las medidas de seguridad puestas en marcha, la vuelta al cole de este curso 2020-2021 ha venido marcada por una mirada esperanzadora al futuro, con la ayuda de toda la comunidad educativa en este objetivo compartido que es el de cuidar a las personas.<\/p>\n<\/div>\n<div>\u00a0<\/div>\n<p>[\/et_pb_text][et_pb_text admin_label=\u00bbAutor (Texto)\u00bb _builder_version=\u00bb4.6.0&#8243; text_font=\u00bb||on||\u00bb]<\/p>\n<p>Redacci\u00f3n.<\/p>\n<p>[\/et_pb_text][et_pb_text admin_label=\u00bbDesarrollo (Texto)\u00bb _builder_version=\u00bb4.6.0&#8243; text_orientation=\u00bbjustified\u00bb module_alignment=\u00bbjustified\u00bb]<\/p>\n<p>Con una entrada escalonada, el lunes 7 de septiembre ha sido el turno de 4 y 5 a\u00f1os de infantil, 1\u00ba, 3\u00ba y 5\u00ba de primaria y 1\u00ba y 2\u00ba de ESO. Se han establecido distintas horas de entrada y salida, as\u00ed como diferentes puntos de acceso para facilitar el protocolo de seguridad. El martes 8 de septiembre, se han incorporado los peque\u00f1os de 3 a\u00f1os, con grupos muy reducidos y tiempos limitados para facilitar la adaptaci\u00f3n, 2\u00ba, 4\u00ba y 6\u00ba de primaria, 3\u00ba, 4\u00ba de ESO, 1\u00ba y 2\u00ba de bachillerato. Los servicios de matiners y comedor tambi\u00e9n han comenzado a funcionar desde el primer d\u00eda. Asimismo, se est\u00e1 completando el reparto del banco de libros.<\/p>\n<p>Todo el personal del centro, familias y alumnado han mostrado su colaboraci\u00f3n en el seguimiento de los diferentes protocolos establecidos para una vuelta al colegio segura. Las jornadas de bienvenida al nuevo curso escolar han tenido lugar en un ambiente de tranquilidad y normalidad dentro de esta nueva situaci\u00f3n. Seguro que con la cooperaci\u00f3n y el apoyo de toda la comunidad educativa a lo largo de este curso iremos avanzando en todos los pasos y todas las etapas con una ilusi\u00f3n compartida, porque las miradas, las risas, la complicidad, el cari\u00f1o, las palabras amables y las ganas de aprender no necesitan distancia de seguridad. Feliz curso 2020-2021 a todos y todas. Contigo abiertos al futuro. Somos uno.<\/p>\n<p>[\/et_pb_text][et_pb_text disabled_on=\u00bboff|on|on\u00bb admin_label=\u00bbT\u00edtulo: Galer\u00eda de fotos (Texto)\u00bb _builder_version=\u00bb3.27.4&#8243; text_font=\u00bb|on|||\u00bb text_text_color=\u00bb#dc001b\u00bb border_style=\u00bbsolid\u00bb]Galer\u00eda de im\u00e1genes[\/et_pb_text][et_pb_gallery gallery_ids=\u00bb14214,14215,14216,14213,14212,14211,14210,14209,14208,14207,14206&#8243; posts_number=\u00bb8&#8243; show_title_and_caption=\u00bboff\u00bb zoom_icon_color=\u00bb#dc001b\u00bb hover_icon=\u00bb%%51%%\u00bb disabled_on=\u00bboff|off|off\u00bb _builder_version=\u00bb4.6.0&#8243; hover_enabled=\u00bb0&#8243; pagination_font_size_tablet=\u00bb51&#8243; pagination_line_height_tablet=\u00bb2&#8243; sticky_enabled=\u00bb0&#8243;][\/et_pb_gallery][et_pb_video disabled_on=\u00bbon|on|on\u00bb _builder_version=\u00bb3.0.51&#8243; disabled=\u00bbon\u00bb][\/et_pb_video][\/et_pb_column][\/et_pb_row][\/et_pb_section]<\/p>\n<!-- AddThis Advanced Settings generic via filter on the_content --><!-- AddThis Share Buttons generic via filter on the_content -->","protected":false},"excerpt":{"rendered":"<p>En medio de la situaci\u00f3n actual que vivimos y con todas las medidas de seguridad puestas en marcha, la vuelta al cole de este curso 2020-2021 ha venido marcada por una mirada esperanzadora al futuro, con la ayuda de toda la comunidad educativa en este objetivo compartido que es el de cuidar a las personas. [&hellip;]<\/p>\n<p><!-- AddThis Advanced Settings generic via filter on get_the_excerpt --><!-- AddThis Share Buttons generic via filter on get_the_excerpt --><\/p>\n","protected":false},"author":6,"featured_media":14214,"comment_status":"closed","ping_status":"open","sticky":false,"template":"","format":"standard","meta":{"_et_pb_use_builder":"on","_et_pb_old_content":"","_et_gb_content_width":"","footnotes":""},"categories":[14],"tags":[],"class_list":["post-14198","post","type-post","status-publish","format-standard","has-post-thumbnail","hentry","category-noticia_colegio"],"yoast_head":"<!-- This site is optimized with the Yoast SEO plugin v28.4 - https:\/\/yoast.com\/product\/yoast-seo-wordpress\/ -->\n<title>La vuelta al cole marca el inicio de un curso con una mirada abierta al futuro - Colegio San Juan Bosco Valencia<\/title>\n<meta name=\"robots\" content=\"index, follow, max-snippet:-1, max-image-preview:large, max-video-preview:-1\" \/>\n<link rel=\"canonical\" href=\"https:\/\/valenciasjb.salesianos.edu\/colegio\/la-vuelta-al-cole-marca-el-inicio-de-un-curso-con-una-mirada-abierta-al-futuro\/\" \/>\n<meta property=\"og:locale\" content=\"es_ES\" \/>\n<meta property=\"og:type\" content=\"article\" \/>\n<meta property=\"og:title\" content=\"La vuelta al cole marca el inicio de un curso con una mirada abierta al futuro - Colegio San Juan Bosco Valencia\" \/>\n<meta property=\"og:description\" content=\"En medio de la situaci\u00f3n actual que vivimos y con todas las medidas de seguridad puestas en marcha, la vuelta al cole de este curso 2020-2021 ha venido marcada por una mirada esperanzadora al futuro, con la ayuda de toda la comunidad educativa en este objetivo compartido que es el de cuidar a las personas. [&hellip;]\" \/>\n<meta property=\"og:url\" content=\"https:\/\/valenciasjb.salesianos.edu\/colegio\/la-vuelta-al-cole-marca-el-inicio-de-un-curso-con-una-mirada-abierta-al-futuro\/\" \/>\n<meta property=\"og:site_name\" content=\"Colegio San Juan Bosco Valencia\" \/>\n<meta property=\"article:publisher\" content=\"https:\/\/www.facebook.com\/ColegioSalesianoSanJuanBoscoValencia\" \/>\n<meta property=\"article:published_time\" content=\"2020-09-08T16:58:32+00:00\" \/>\n<meta property=\"article:modified_time\" content=\"2020-09-08T16:58:36+00:00\" \/>\n<meta property=\"og:image\" content=\"https:\/\/valenciasjb.salesianos.edu\/colegio\/wp-content\/uploads\/sites\/2\/2020\/09\/IMG-20200908-WA0038.jpg\" \/>\n\t<meta property=\"og:image:width\" content=\"2048\" \/>\n\t<meta property=\"og:image:height\" content=\"1361\" \/>\n\t<meta property=\"og:image:type\" content=\"image\/jpeg\" \/>\n<meta name=\"author\" content=\"veronicapastor\" \/>\n<meta name=\"twitter:card\" content=\"summary_large_image\" \/>\n<meta name=\"twitter:creator\" content=\"@SalesianosVSJB\" \/>\n<meta name=\"twitter:site\" content=\"@SalesianosVSJB\" \/>\n<meta name=\"twitter:label1\" content=\"Escrito por\" \/>\n\t<meta name=\"twitter:data1\" content=\"veronicapastor\" \/>\n\t<meta name=\"twitter:label2\" content=\"Tiempo de lectura\" \/>\n\t<meta name=\"twitter:data2\" content=\"2 minutos\" \/>\n<script type=\"application\/ld+json\" class=\"yoast-schema-graph\">{\"@context\":\"https:\\\/\\\/schema.org\",\"@graph\":[{\"@type\":\"Article\",\"@id\":\"https:\\\/\\\/valenciasjb.salesianos.edu\\\/colegio\\\/la-vuelta-al-cole-marca-el-inicio-de-un-curso-con-una-mirada-abierta-al-futuro\\\/#article\",\"isPartOf\":{\"@id\":\"https:\\\/\\\/valenciasjb.salesianos.edu\\\/colegio\\\/la-vuelta-al-cole-marca-el-inicio-de-un-curso-con-una-mirada-abierta-al-futuro\\\/\"},\"author\":{\"name\":\"veronicapastor\",\"@id\":\"https:\\\/\\\/valenciasjb.salesianos.edu\\\/colegio\\\/#\\\/schema\\\/person\\\/1f45b67e52b27da175190a574db6bed9\"},\"headline\":\"La vuelta al cole marca el inicio de un curso con una mirada abierta al futuro\",\"datePublished\":\"2020-09-08T16:58:32+00:00\",\"dateModified\":\"2020-09-08T16:58:36+00:00\",\"mainEntityOfPage\":{\"@id\":\"https:\\\/\\\/valenciasjb.salesianos.edu\\\/colegio\\\/la-vuelta-al-cole-marca-el-inicio-de-un-curso-con-una-mirada-abierta-al-futuro\\\/\"},\"wordCount\":498,\"image\":{\"@id\":\"https:\\\/\\\/valenciasjb.salesianos.edu\\\/colegio\\\/la-vuelta-al-cole-marca-el-inicio-de-un-curso-con-una-mirada-abierta-al-futuro\\\/#primaryimage\"},\"thumbnailUrl\":\"https:\\\/\\\/valenciasjb.salesianos.edu\\\/colegio\\\/wp-content\\\/uploads\\\/sites\\\/2\\\/2020\\\/09\\\/IMG-20200908-WA0038.jpg\",\"articleSection\":[\"Noticia Colegio\"],\"inLanguage\":\"es\"},{\"@type\":\"WebPage\",\"@id\":\"https:\\\/\\\/valenciasjb.salesianos.edu\\\/colegio\\\/la-vuelta-al-cole-marca-el-inicio-de-un-curso-con-una-mirada-abierta-al-futuro\\\/\",\"url\":\"https:\\\/\\\/valenciasjb.salesianos.edu\\\/colegio\\\/la-vuelta-al-cole-marca-el-inicio-de-un-curso-con-una-mirada-abierta-al-futuro\\\/\",\"name\":\"La vuelta al cole marca el inicio de un curso con una mirada abierta al futuro - Colegio San Juan Bosco Valencia\",\"isPartOf\":{\"@id\":\"https:\\\/\\\/valenciasjb.salesianos.edu\\\/colegio\\\/#website\"},\"primaryImageOfPage\":{\"@id\":\"https:\\\/\\\/valenciasjb.salesianos.edu\\\/colegio\\\/la-vuelta-al-cole-marca-el-inicio-de-un-curso-con-una-mirada-abierta-al-futuro\\\/#primaryimage\"},\"image\":{\"@id\":\"https:\\\/\\\/valenciasjb.salesianos.edu\\\/colegio\\\/la-vuelta-al-cole-marca-el-inicio-de-un-curso-con-una-mirada-abierta-al-futuro\\\/#primaryimage\"},\"thumbnailUrl\":\"https:\\\/\\\/valenciasjb.salesianos.edu\\\/colegio\\\/wp-content\\\/uploads\\\/sites\\\/2\\\/2020\\\/09\\\/IMG-20200908-WA0038.jpg\",\"datePublished\":\"2020-09-08T16:58:32+00:00\",\"dateModified\":\"2020-09-08T16:58:36+00:00\",\"author\":{\"@id\":\"https:\\\/\\\/valenciasjb.salesianos.edu\\\/colegio\\\/#\\\/schema\\\/person\\\/1f45b67e52b27da175190a574db6bed9\"},\"breadcrumb\":{\"@id\":\"https:\\\/\\\/valenciasjb.salesianos.edu\\\/colegio\\\/la-vuelta-al-cole-marca-el-inicio-de-un-curso-con-una-mirada-abierta-al-futuro\\\/#breadcrumb\"},\"inLanguage\":\"es\",\"potentialAction\":[{\"@type\":\"ReadAction\",\"target\":[\"https:\\\/\\\/valenciasjb.salesianos.edu\\\/colegio\\\/la-vuelta-al-cole-marca-el-inicio-de-un-curso-con-una-mirada-abierta-al-futuro\\\/\"]}]},{\"@type\":\"ImageObject\",\"inLanguage\":\"es\",\"@id\":\"https:\\\/\\\/valenciasjb.salesianos.edu\\\/colegio\\\/la-vuelta-al-cole-marca-el-inicio-de-un-curso-con-una-mirada-abierta-al-futuro\\\/#primaryimage\",\"url\":\"https:\\\/\\\/valenciasjb.salesianos.edu\\\/colegio\\\/wp-content\\\/uploads\\\/sites\\\/2\\\/2020\\\/09\\\/IMG-20200908-WA0038.jpg\",\"contentUrl\":\"https:\\\/\\\/valenciasjb.salesianos.edu\\\/colegio\\\/wp-content\\\/uploads\\\/sites\\\/2\\\/2020\\\/09\\\/IMG-20200908-WA0038.jpg\",\"width\":2048,\"height\":1361},{\"@type\":\"BreadcrumbList\",\"@id\":\"https:\\\/\\\/valenciasjb.salesianos.edu\\\/colegio\\\/la-vuelta-al-cole-marca-el-inicio-de-un-curso-con-una-mirada-abierta-al-futuro\\\/#breadcrumb\",\"itemListElement\":[{\"@type\":\"ListItem\",\"position\":1,\"name\":\"Portada\",\"item\":\"https:\\\/\\\/valenciasjb.salesianos.edu\\\/colegio\\\/\"},{\"@type\":\"ListItem\",\"position\":2,\"name\":\"La vuelta al cole marca el inicio de un curso con una mirada abierta al futuro\"}]},{\"@type\":\"WebSite\",\"@id\":\"https:\\\/\\\/valenciasjb.salesianos.edu\\\/colegio\\\/#website\",\"url\":\"https:\\\/\\\/valenciasjb.salesianos.edu\\\/colegio\\\/\",\"name\":\"Colegio San Juan Bosco Valencia\",\"description\":\"P\u00e1gina oficial del Colegio Salesianos San Juan Bosco Valencia\",\"alternateName\":\"Salesianos.VSJB\",\"potentialAction\":[{\"@type\":\"SearchAction\",\"target\":{\"@type\":\"EntryPoint\",\"urlTemplate\":\"https:\\\/\\\/valenciasjb.salesianos.edu\\\/colegio\\\/?s={search_term_string}\"},\"query-input\":{\"@type\":\"PropertyValueSpecification\",\"valueRequired\":true,\"valueName\":\"search_term_string\"}}],\"inLanguage\":\"es\"},{\"@type\":\"Person\",\"@id\":\"https:\\\/\\\/valenciasjb.salesianos.edu\\\/colegio\\\/#\\\/schema\\\/person\\\/1f45b67e52b27da175190a574db6bed9\",\"name\":\"veronicapastor\",\"image\":{\"@type\":\"ImageObject\",\"inLanguage\":\"es\",\"@id\":\"https:\\\/\\\/secure.gravatar.com\\\/avatar\\\/e29bd40bace3fd935e1d6fdb7313ffc14628cc037c5e16f4c7369b20a2a6f7f0?s=96&d=mm&r=g\",\"url\":\"https:\\\/\\\/secure.gravatar.com\\\/avatar\\\/e29bd40bace3fd935e1d6fdb7313ffc14628cc037c5e16f4c7369b20a2a6f7f0?s=96&d=mm&r=g\",\"contentUrl\":\"https:\\\/\\\/secure.gravatar.com\\\/avatar\\\/e29bd40bace3fd935e1d6fdb7313ffc14628cc037c5e16f4c7369b20a2a6f7f0?s=96&d=mm&r=g\",\"caption\":\"veronicapastor\"}}]}<\/script>\n<!-- \/ Yoast SEO plugin. -->","yoast_head_json":{"title":"La vuelta al cole marca el inicio de un curso con una mirada abierta al futuro - Colegio San Juan Bosco Valencia","robots":{"index":"index","follow":"follow","max-snippet":"max-snippet:-1","max-image-preview":"max-image-preview:large","max-video-preview":"max-video-preview:-1"},"canonical":"https:\/\/valenciasjb.salesianos.edu\/colegio\/la-vuelta-al-cole-marca-el-inicio-de-un-curso-con-una-mirada-abierta-al-futuro\/","og_locale":"es_ES","og_type":"article","og_title":"La vuelta al cole marca el inicio de un curso con una mirada abierta al futuro - Colegio San Juan Bosco Valencia","og_description":"En medio de la situaci\u00f3n actual que vivimos y con todas las medidas de seguridad puestas en marcha, la vuelta al cole de este curso 2020-2021 ha venido marcada por una mirada esperanzadora al futuro, con la ayuda de toda la comunidad educativa en este objetivo compartido que es el de cuidar a las personas. [&hellip;]","og_url":"https:\/\/valenciasjb.salesianos.edu\/colegio\/la-vuelta-al-cole-marca-el-inicio-de-un-curso-con-una-mirada-abierta-al-futuro\/","og_site_name":"Colegio San Juan Bosco Valencia","article_publisher":"https:\/\/www.facebook.com\/ColegioSalesianoSanJuanBoscoValencia","article_published_time":"2020-09-08T16:58:32+00:00","article_modified_time":"2020-09-08T16:58:36+00:00","og_image":[{"width":2048,"height":1361,"url":"https:\/\/valenciasjb.salesianos.edu\/colegio\/wp-content\/uploads\/sites\/2\/2020\/09\/IMG-20200908-WA0038.jpg","type":"image\/jpeg"}],"author":"veronicapastor","twitter_card":"summary_large_image","twitter_creator":"@SalesianosVSJB","twitter_site":"@SalesianosVSJB","twitter_misc":{"Escrito por":"veronicapastor","Tiempo de lectura":"2 minutos"},"schema":{"@context":"https:\/\/schema.org","@graph":[{"@type":"Article","@id":"https:\/\/valenciasjb.salesianos.edu\/colegio\/la-vuelta-al-cole-marca-el-inicio-de-un-curso-con-una-mirada-abierta-al-futuro\/#article","isPartOf":{"@id":"https:\/\/valenciasjb.salesianos.edu\/colegio\/la-vuelta-al-cole-marca-el-inicio-de-un-curso-con-una-mirada-abierta-al-futuro\/"},"author":{"name":"veronicapastor","@id":"https:\/\/valenciasjb.salesianos.edu\/colegio\/#\/schema\/person\/1f45b67e52b27da175190a574db6bed9"},"headline":"La vuelta al cole marca el inicio de un curso con una mirada abierta al futuro","datePublished":"2020-09-08T16:58:32+00:00","dateModified":"2020-09-08T16:58:36+00:00","mainEntityOfPage":{"@id":"https:\/\/valenciasjb.salesianos.edu\/colegio\/la-vuelta-al-cole-marca-el-inicio-de-un-curso-con-una-mirada-abierta-al-futuro\/"},"wordCount":498,"image":{"@id":"https:\/\/valenciasjb.salesianos.edu\/colegio\/la-vuelta-al-cole-marca-el-inicio-de-un-curso-con-una-mirada-abierta-al-futuro\/#primaryimage"},"thumbnailUrl":"https:\/\/valenciasjb.salesianos.edu\/colegio\/wp-content\/uploads\/sites\/2\/2020\/09\/IMG-20200908-WA0038.jpg","articleSection":["Noticia Colegio"],"inLanguage":"es"},{"@type":"WebPage","@id":"https:\/\/valenciasjb.salesianos.edu\/colegio\/la-vuelta-al-cole-marca-el-inicio-de-un-curso-con-una-mirada-abierta-al-futuro\/","url":"https:\/\/valenciasjb.salesianos.edu\/colegio\/la-vuelta-al-cole-marca-el-inicio-de-un-curso-con-una-mirada-abierta-al-futuro\/","name":"La vuelta al cole marca el inicio de un curso con una mirada abierta al futuro - Colegio San Juan Bosco Valencia","isPartOf":{"@id":"https:\/\/valenciasjb.salesianos.edu\/colegio\/#website"},"primaryImageOfPage":{"@id":"https:\/\/valenciasjb.salesianos.edu\/colegio\/la-vuelta-al-cole-marca-el-inicio-de-un-curso-con-una-mirada-abierta-al-futuro\/#primaryimage"},"image":{"@id":"https:\/\/valenciasjb.salesianos.edu\/colegio\/la-vuelta-al-cole-marca-el-inicio-de-un-curso-con-una-mirada-abierta-al-futuro\/#primaryimage"},"thumbnailUrl":"https:\/\/valenciasjb.salesianos.edu\/colegio\/wp-content\/uploads\/sites\/2\/2020\/09\/IMG-20200908-WA0038.jpg","datePublished":"2020-09-08T16:58:32+00:00","dateModified":"2020-09-08T16:58:36+00:00","author":{"@id":"https:\/\/valenciasjb.salesianos.edu\/colegio\/#\/schema\/person\/1f45b67e52b27da175190a574db6bed9"},"breadcrumb":{"@id":"https:\/\/valenciasjb.salesianos.edu\/colegio\/la-vuelta-al-cole-marca-el-inicio-de-un-curso-con-una-mirada-abierta-al-futuro\/#breadcrumb"},"inLanguage":"es","potentialAction":[{"@type":"ReadAction","target":["https:\/\/valenciasjb.salesianos.edu\/colegio\/la-vuelta-al-cole-marca-el-inicio-de-un-curso-con-una-mirada-abierta-al-futuro\/"]}]},{"@type":"ImageObject","inLanguage":"es","@id":"https:\/\/valenciasjb.salesianos.edu\/colegio\/la-vuelta-al-cole-marca-el-inicio-de-un-curso-con-una-mirada-abierta-al-futuro\/#primaryimage","url":"https:\/\/valenciasjb.salesianos.edu\/colegio\/wp-content\/uploads\/sites\/2\/2020\/09\/IMG-20200908-WA0038.jpg","contentUrl":"https:\/\/valenciasjb.salesianos.edu\/colegio\/wp-content\/uploads\/sites\/2\/2020\/09\/IMG-20200908-WA0038.jpg","width":2048,"height":1361},{"@type":"BreadcrumbList","@id":"https:\/\/valenciasjb.salesianos.edu\/colegio\/la-vuelta-al-cole-marca-el-inicio-de-un-curso-con-una-mirada-abierta-al-futuro\/#breadcrumb","itemListElement":[{"@type":"ListItem","position":1,"name":"Portada","item":"https:\/\/valenciasjb.salesianos.edu\/colegio\/"},{"@type":"ListItem","position":2,"name":"La vuelta al cole marca el inicio de un curso con una mirada abierta al futuro"}]},{"@type":"WebSite","@id":"https:\/\/valenciasjb.salesianos.edu\/colegio\/#website","url":"https:\/\/valenciasjb.salesianos.edu\/colegio\/","name":"Colegio San Juan Bosco Valencia","description":"P\u00e1gina oficial del Colegio Salesianos San Juan Bosco Valencia","alternateName":"Salesianos.VSJB","potentialAction":[{"@type":"SearchAction","target":{"@type":"EntryPoint","urlTemplate":"https:\/\/valenciasjb.salesianos.edu\/colegio\/?s={search_term_string}"},"query-input":{"@type":"PropertyValueSpecification","valueRequired":true,"valueName":"search_term_string"}}],"inLanguage":"es"},{"@type":"Person","@id":"https:\/\/valenciasjb.salesianos.edu\/colegio\/#\/schema\/person\/1f45b67e52b27da175190a574db6bed9","name":"veronicapastor","image":{"@type":"ImageObject","inLanguage":"es","@id":"https:\/\/secure.gravatar.com\/avatar\/e29bd40bace3fd935e1d6fdb7313ffc14628cc037c5e16f4c7369b20a2a6f7f0?s=96&d=mm&r=g","url":"https:\/\/secure.gravatar.com\/avatar\/e29bd40bace3fd935e1d6fdb7313ffc14628cc037c5e16f4c7369b20a2a6f7f0?s=96&d=mm&r=g","contentUrl":"https:\/\/secure.gravatar.com\/avatar\/e29bd40bace3fd935e1d6fdb7313ffc14628cc037c5e16f4c7369b20a2a6f7f0?s=96&d=mm&r=g","caption":"veronicapastor"}}]}},"_links":{"self":[{"href":"https:\/\/valenciasjb.salesianos.edu\/colegio\/wp-json\/wp\/v2\/posts\/14198","targetHints":{"allow":["GET"]}}],"collection":[{"href":"https:\/\/valenciasjb.salesianos.edu\/colegio\/wp-json\/wp\/v2\/posts"}],"about":[{"href":"https:\/\/valenciasjb.salesianos.edu\/colegio\/wp-json\/wp\/v2\/types\/post"}],"author":[{"embeddable":true,"href":"https:\/\/valenciasjb.salesianos.edu\/colegio\/wp-json\/wp\/v2\/users\/6"}],"replies":[{"embeddable":true,"href":"https:\/\/valenciasjb.salesianos.edu\/colegio\/wp-json\/wp\/v2\/comments?post=14198"}],"version-history":[{"count":5,"href":"https:\/\/valenciasjb.salesianos.edu\/colegio\/wp-json\/wp\/v2\/posts\/14198\/revisions"}],"predecessor-version":[{"id":14217,"href":"https:\/\/valenciasjb.salesianos.edu\/colegio\/wp-json\/wp\/v2\/posts\/14198\/revisions\/14217"}],"wp:featuredmedia":[{"embeddable":true,"href":"https:\/\/valenciasjb.salesianos.edu\/colegio\/wp-json\/wp\/v2\/media\/14214"}],"wp:attachment":[{"href":"https:\/\/valenciasjb.salesianos.edu\/colegio\/wp-json\/wp\/v2\/media?parent=14198"}],"wp:term":[{"taxonomy":"category","embeddable":true,"href":"https:\/\/valenciasjb.salesianos.edu\/colegio\/wp-json\/wp\/v2\/categories?post=14198"},{"taxonomy":"post_tag","embeddable":true,"href":"https:\/\/valenciasjb.salesianos.edu\/colegio\/wp-json\/wp\/v2\/tags?post=14198"}],"curies":[{"name":"wp","href":"https:\/\/api.w.org\/{rel}","templated":true}]}}