{"id":14251,"date":"2020-09-10T11:00:49","date_gmt":"2020-09-10T10:00:49","guid":{"rendered":"https:\/\/valenciasjb.salesianos.edu\/colegio\/?p=14251"},"modified":"2020-09-14T16:58:10","modified_gmt":"2020-09-14T15:58:10","slug":"la-casa-salesiana-san-juan-bosco-de-valencia-celebra-su-75-aniversario","status":"publish","type":"post","link":"https:\/\/valenciasjb.salesianos.edu\/colegio\/la-casa-salesiana-san-juan-bosco-de-valencia-celebra-su-75-aniversario\/","title":{"rendered":"La casa salesiana San Juan Bosco de Valencia celebra su 75 aniversario"},"content":{"rendered":"<div id=\"fb-root\"><\/div>\n<p>[et_pb_section fb_built=\u00bb1&#8243; admin_label=\u00bbsection\u00bb _builder_version=\u00bb3.22&#8243;][et_pb_row admin_label=\u00bbrow\u00bb _builder_version=\u00bb3.25&#8243; background_size=\u00bbinitial\u00bb background_position=\u00bbtop_left\u00bb background_repeat=\u00bbrepeat\u00bb][et_pb_column type=\u00bb4_4&#8243; _builder_version=\u00bb3.25&#8243; custom_padding=\u00bb|||\u00bb custom_padding__hover=\u00bb|||\u00bb][et_pb_text admin_label=\u00bbEntradilla (Texto)\u00bb _builder_version=\u00bb4.6.0&#8243; text_font=\u00bb|on|||\u00bb text_orientation=\u00bbjustified\u00bb module_alignment=\u00bbjustified\u00bb]<\/p>\n<div id=\"resumen\"><strong>La comunidad salesiana de San Juan Bosco de Valencia comenz\u00f3 su andadura en 1945, cinco a\u00f1os despu\u00e9s de la colocaci\u00f3n de la primera piedra de esta Casa, sita en la Avenida de la Plata. Los terrenos fueron donados por Jos\u00e9 Gil del Castillo, gran amigo y admirador de la Obra Salesiana. Fue el 10 de septiembre de 1945 el d\u00eda exacto en el que se fund\u00f3 esta Casa Salesiana San Juan Bosco Valencia, presidida por Antonio Recas\u00e9ns. Tambi\u00e9n este Colegio Salesiano con los primeros 200 alumnos. Su impronta fue la de vocaci\u00f3n popular en la zona de Na Rovella.<\/strong><\/div>\n<div>\u00a0<\/div>\n<p>[\/et_pb_text][et_pb_text admin_label=\u00bbAutor (Texto)\u00bb _builder_version=\u00bb3.27.4&#8243; text_font=\u00bb||on||\u00bb]Redacci\u00f3n<br \/>\n[\/et_pb_text][et_pb_text admin_label=\u00bbDesarrollo (Texto)\u00bb _builder_version=\u00bb4.6.0&#8243; text_orientation=\u00bbjustified\u00bb module_alignment=\u00bbjustified\u00bb]<\/p>\n<p>La actividad de los primeros a\u00f1os se limit\u00f3 al colegio y al oratorio festivo con los ni\u00f1os y j\u00f3venes de la barriada, en aquel entonces en el extrarradio urbano, rodeado de huertas. Como recordaba Basilio Bustillo, salesiano de aquella primera comunidad: \u201clas calles eran de barro y se pod\u00eda considerar un barrio de tercera clase. En \u00e9l hab\u00eda hambre y muy pocos ni\u00f1os iban a la escuela\u201d.\u00a0 El colegio Salesiano San Juan Bosco, desde un primer momento naci\u00f3 con voluntad popular y tuvo una gran aceptaci\u00f3n en el barrio.<\/p>\n<p>Hoy en d\u00eda,\u00a0es una presencia bien consolidada.\u00a0El inicial car\u00e1cter popular le ha acompa\u00f1ado siempre y permanece en la actualidad, como una se\u00f1al de identidad.<\/p>\n<p>Gracias a las Escuelas Parroquiales, a las Filiales y hoy a los conciertos educativos, puede el Colegio seguir siendo para la clase popular. En la actualidad, toda su ense\u00f1anza est\u00e1 concertada. En noviembre de 2013 la Junta Municipal de Distrito otorg\u00f3 un reconocimiento a la labor social, econ\u00f3mica y cultural realizada por el CSJB, alabando este trabajo y destacando \u201cla profunda labor de ense\u00f1anza desarrollada durante m\u00e1s de 70 a\u00f1os por el Colegio San Juan Bosco, con su criterio de apertura a todas las clases sociales, y anteponiendo la promoci\u00f3n de todos a la selecci\u00f3n de los mejores\u201d.<\/p>\n<p>La parroquia de Mar\u00eda Auxiliadora\u00a0naci\u00f3 en 1957 y\u00a0vendr\u00eda a enriquecer el servicio salesiano a las gentes del entorno.\u00a0Junto al colegio y a la parroquia se han ido sumando otros ambientes, actualmente consolidados y que conforman el\u00a0car\u00e1cter y el estilo salesiano. El deporte educativo,\u00a0ahora\u00a0con el nombre de Club Deportivo Don Bosco Valencia,\u00a0ha sido tambi\u00e9n elemento constante en la vida de esta obra, un pilar b\u00e1sico de la educaci\u00f3n y una de las facetas que han hecho m\u00e1s famosa la presencia salesiana de la avenida de la Plata.\u00a0El asociacionismo juvenil, representado por el Centro Juvenil Entre Amics (1979), ha dado muestras de gran vitalidad en las \u00faltimas d\u00e9cadas ofreciendo un proyecto integral de educaci\u00f3n en el tiempo libre,\u00a0promoviendo interesantes iniciativas en el campo de la m\u00fasica y la acci\u00f3n social. Finalmente, el Centro de D\u00eda Entre Amics, que\u00a0arranc\u00f3 como proyecto en el curso escolar 98-99, gracias a la inquietud de unos cuantos animadores del Centro Juvenil por realizar acciones de car\u00e1cter social, atiende a\u00a0los ni\u00f1os y ni\u00f1as m\u00e1s necesitados del barrio, realizando una importante\u00a0labor preventiva.<\/p>\n<p>M\u00e1s de 70 a\u00f1os desde la llegada de la primera comunidad\u00a0y, \u201ca pesar\u201d de haber alcanzado dimensi\u00f3n de \u00abgran colegio\u00bb, Salesianos San Juan Bosco no ha perdido su car\u00e1cter de obra popular y su enorme dinamismo.<\/p>\n<p>[\/et_pb_text][et_pb_text disabled_on=\u00bboff|on|on\u00bb admin_label=\u00bbT\u00edtulo: Galer\u00eda de fotos (Texto)\u00bb _builder_version=\u00bb3.27.4&#8243; text_font=\u00bb|on|||\u00bb text_text_color=\u00bb#dc001b\u00bb border_style=\u00bbsolid\u00bb]Galer\u00eda de im\u00e1genes<br \/>\n[\/et_pb_text][et_pb_gallery posts_number=\u00bb8&#8243; show_title_and_caption=\u00bboff\u00bb zoom_icon_color=\u00bb#dc001b\u00bb hover_icon=\u00bb%%51%%\u00bb disabled_on=\u00bboff|off|off\u00bb _builder_version=\u00bb4.6.0&#8243; pagination_font_size_tablet=\u00bb51&#8243; pagination_line_height_tablet=\u00bb2&#8243;][\/et_pb_gallery][et_pb_video disabled_on=\u00bbon|on|on\u00bb _builder_version=\u00bb3.0.51&#8243; disabled=\u00bbon\u00bb][\/et_pb_video][\/et_pb_column][\/et_pb_row][\/et_pb_section]<\/p>\n<!-- AddThis Advanced Settings generic via filter on the_content --><!-- AddThis Share Buttons generic via filter on the_content -->","protected":false},"excerpt":{"rendered":"<p>La comunidad salesiana de San Juan Bosco de Valencia comenz\u00f3 su andadura en 1945, cinco a\u00f1os despu\u00e9s de la colocaci\u00f3n de la primera piedra de esta Casa, sita en la Avenida de la Plata. Los terrenos fueron donados por Jos\u00e9 Gil del Castillo, gran amigo y admirador de la Obra Salesiana. Fue el 10 de [&hellip;]<\/p>\n<p><!-- AddThis Advanced Settings generic via filter on get_the_excerpt --><!-- AddThis Share Buttons generic via filter on get_the_excerpt --><\/p>\n","protected":false},"author":6,"featured_media":14255,"comment_status":"closed","ping_status":"open","sticky":false,"template":"","format":"standard","meta":{"_et_pb_use_builder":"on","_et_pb_old_content":"","_et_gb_content_width":"","footnotes":""},"categories":[14],"tags":[],"class_list":["post-14251","post","type-post","status-publish","format-standard","has-post-thumbnail","hentry","category-noticia_colegio"],"yoast_head":"<!-- This site is optimized with the Yoast SEO plugin v28.4 - https:\/\/yoast.com\/product\/yoast-seo-wordpress\/ -->\n<title>La casa salesiana San Juan Bosco de Valencia celebra su 75 aniversario - Colegio San Juan Bosco Valencia<\/title>\n<meta name=\"robots\" content=\"index, follow, max-snippet:-1, max-image-preview:large, max-video-preview:-1\" \/>\n<link rel=\"canonical\" href=\"https:\/\/valenciasjb.salesianos.edu\/colegio\/la-casa-salesiana-san-juan-bosco-de-valencia-celebra-su-75-aniversario\/\" \/>\n<meta property=\"og:locale\" content=\"es_ES\" \/>\n<meta property=\"og:type\" content=\"article\" \/>\n<meta property=\"og:title\" content=\"La casa salesiana San Juan Bosco de Valencia celebra su 75 aniversario - Colegio San Juan Bosco Valencia\" \/>\n<meta property=\"og:description\" content=\"La comunidad salesiana de San Juan Bosco de Valencia comenz\u00f3 su andadura en 1945, cinco a\u00f1os despu\u00e9s de la colocaci\u00f3n de la primera piedra de esta Casa, sita en la Avenida de la Plata. Los terrenos fueron donados por Jos\u00e9 Gil del Castillo, gran amigo y admirador de la Obra Salesiana. Fue el 10 de [&hellip;]\" \/>\n<meta property=\"og:url\" content=\"https:\/\/valenciasjb.salesianos.edu\/colegio\/la-casa-salesiana-san-juan-bosco-de-valencia-celebra-su-75-aniversario\/\" \/>\n<meta property=\"og:site_name\" content=\"Colegio San Juan Bosco Valencia\" \/>\n<meta property=\"article:publisher\" content=\"https:\/\/www.facebook.com\/ColegioSalesianoSanJuanBoscoValencia\" \/>\n<meta property=\"article:published_time\" content=\"2020-09-10T10:00:49+00:00\" \/>\n<meta property=\"article:modified_time\" content=\"2020-09-14T15:58:10+00:00\" \/>\n<meta property=\"og:image\" content=\"https:\/\/valenciasjb.salesianos.edu\/colegio\/wp-content\/uploads\/sites\/2\/2020\/09\/119074118_3448451645178016_967518769624417999_n.jpg\" \/>\n\t<meta property=\"og:image:width\" content=\"960\" \/>\n\t<meta property=\"og:image:height\" content=\"601\" \/>\n\t<meta property=\"og:image:type\" content=\"image\/jpeg\" \/>\n<meta name=\"author\" content=\"veronicapastor\" \/>\n<meta name=\"twitter:card\" content=\"summary_large_image\" \/>\n<meta name=\"twitter:creator\" content=\"@SalesianosVSJB\" \/>\n<meta name=\"twitter:site\" content=\"@SalesianosVSJB\" \/>\n<meta name=\"twitter:label1\" content=\"Escrito por\" \/>\n\t<meta name=\"twitter:data1\" content=\"veronicapastor\" \/>\n\t<meta name=\"twitter:label2\" content=\"Tiempo de lectura\" \/>\n\t<meta name=\"twitter:data2\" content=\"4 minutos\" \/>\n<script type=\"application\/ld+json\" class=\"yoast-schema-graph\">{\"@context\":\"https:\\\/\\\/schema.org\",\"@graph\":[{\"@type\":\"Article\",\"@id\":\"https:\\\/\\\/valenciasjb.salesianos.edu\\\/colegio\\\/la-casa-salesiana-san-juan-bosco-de-valencia-celebra-su-75-aniversario\\\/#article\",\"isPartOf\":{\"@id\":\"https:\\\/\\\/valenciasjb.salesianos.edu\\\/colegio\\\/la-casa-salesiana-san-juan-bosco-de-valencia-celebra-su-75-aniversario\\\/\"},\"author\":{\"name\":\"veronicapastor\",\"@id\":\"https:\\\/\\\/valenciasjb.salesianos.edu\\\/colegio\\\/#\\\/schema\\\/person\\\/1f45b67e52b27da175190a574db6bed9\"},\"headline\":\"La casa salesiana San Juan Bosco de Valencia celebra su 75 aniversario\",\"datePublished\":\"2020-09-10T10:00:49+00:00\",\"dateModified\":\"2020-09-14T15:58:10+00:00\",\"mainEntityOfPage\":{\"@id\":\"https:\\\/\\\/valenciasjb.salesianos.edu\\\/colegio\\\/la-casa-salesiana-san-juan-bosco-de-valencia-celebra-su-75-aniversario\\\/\"},\"wordCount\":773,\"image\":{\"@id\":\"https:\\\/\\\/valenciasjb.salesianos.edu\\\/colegio\\\/la-casa-salesiana-san-juan-bosco-de-valencia-celebra-su-75-aniversario\\\/#primaryimage\"},\"thumbnailUrl\":\"https:\\\/\\\/valenciasjb.salesianos.edu\\\/colegio\\\/wp-content\\\/uploads\\\/sites\\\/2\\\/2020\\\/09\\\/119074118_3448451645178016_967518769624417999_n.jpg\",\"articleSection\":[\"Noticia Colegio\"],\"inLanguage\":\"es\"},{\"@type\":\"WebPage\",\"@id\":\"https:\\\/\\\/valenciasjb.salesianos.edu\\\/colegio\\\/la-casa-salesiana-san-juan-bosco-de-valencia-celebra-su-75-aniversario\\\/\",\"url\":\"https:\\\/\\\/valenciasjb.salesianos.edu\\\/colegio\\\/la-casa-salesiana-san-juan-bosco-de-valencia-celebra-su-75-aniversario\\\/\",\"name\":\"La casa salesiana San Juan Bosco de Valencia celebra su 75 aniversario - Colegio San Juan Bosco Valencia\",\"isPartOf\":{\"@id\":\"https:\\\/\\\/valenciasjb.salesianos.edu\\\/colegio\\\/#website\"},\"primaryImageOfPage\":{\"@id\":\"https:\\\/\\\/valenciasjb.salesianos.edu\\\/colegio\\\/la-casa-salesiana-san-juan-bosco-de-valencia-celebra-su-75-aniversario\\\/#primaryimage\"},\"image\":{\"@id\":\"https:\\\/\\\/valenciasjb.salesianos.edu\\\/colegio\\\/la-casa-salesiana-san-juan-bosco-de-valencia-celebra-su-75-aniversario\\\/#primaryimage\"},\"thumbnailUrl\":\"https:\\\/\\\/valenciasjb.salesianos.edu\\\/colegio\\\/wp-content\\\/uploads\\\/sites\\\/2\\\/2020\\\/09\\\/119074118_3448451645178016_967518769624417999_n.jpg\",\"datePublished\":\"2020-09-10T10:00:49+00:00\",\"dateModified\":\"2020-09-14T15:58:10+00:00\",\"author\":{\"@id\":\"https:\\\/\\\/valenciasjb.salesianos.edu\\\/colegio\\\/#\\\/schema\\\/person\\\/1f45b67e52b27da175190a574db6bed9\"},\"breadcrumb\":{\"@id\":\"https:\\\/\\\/valenciasjb.salesianos.edu\\\/colegio\\\/la-casa-salesiana-san-juan-bosco-de-valencia-celebra-su-75-aniversario\\\/#breadcrumb\"},\"inLanguage\":\"es\",\"potentialAction\":[{\"@type\":\"ReadAction\",\"target\":[\"https:\\\/\\\/valenciasjb.salesianos.edu\\\/colegio\\\/la-casa-salesiana-san-juan-bosco-de-valencia-celebra-su-75-aniversario\\\/\"]}]},{\"@type\":\"ImageObject\",\"inLanguage\":\"es\",\"@id\":\"https:\\\/\\\/valenciasjb.salesianos.edu\\\/colegio\\\/la-casa-salesiana-san-juan-bosco-de-valencia-celebra-su-75-aniversario\\\/#primaryimage\",\"url\":\"https:\\\/\\\/valenciasjb.salesianos.edu\\\/colegio\\\/wp-content\\\/uploads\\\/sites\\\/2\\\/2020\\\/09\\\/119074118_3448451645178016_967518769624417999_n.jpg\",\"contentUrl\":\"https:\\\/\\\/valenciasjb.salesianos.edu\\\/colegio\\\/wp-content\\\/uploads\\\/sites\\\/2\\\/2020\\\/09\\\/119074118_3448451645178016_967518769624417999_n.jpg\",\"width\":960,\"height\":601},{\"@type\":\"BreadcrumbList\",\"@id\":\"https:\\\/\\\/valenciasjb.salesianos.edu\\\/colegio\\\/la-casa-salesiana-san-juan-bosco-de-valencia-celebra-su-75-aniversario\\\/#breadcrumb\",\"itemListElement\":[{\"@type\":\"ListItem\",\"position\":1,\"name\":\"Portada\",\"item\":\"https:\\\/\\\/valenciasjb.salesianos.edu\\\/colegio\\\/\"},{\"@type\":\"ListItem\",\"position\":2,\"name\":\"La casa salesiana San Juan Bosco de Valencia celebra su 75 aniversario\"}]},{\"@type\":\"WebSite\",\"@id\":\"https:\\\/\\\/valenciasjb.salesianos.edu\\\/colegio\\\/#website\",\"url\":\"https:\\\/\\\/valenciasjb.salesianos.edu\\\/colegio\\\/\",\"name\":\"Colegio San Juan Bosco Valencia\",\"description\":\"P\u00e1gina oficial del Colegio Salesianos San Juan Bosco Valencia\",\"alternateName\":\"Salesianos.VSJB\",\"potentialAction\":[{\"@type\":\"SearchAction\",\"target\":{\"@type\":\"EntryPoint\",\"urlTemplate\":\"https:\\\/\\\/valenciasjb.salesianos.edu\\\/colegio\\\/?s={search_term_string}\"},\"query-input\":{\"@type\":\"PropertyValueSpecification\",\"valueRequired\":true,\"valueName\":\"search_term_string\"}}],\"inLanguage\":\"es\"},{\"@type\":\"Person\",\"@id\":\"https:\\\/\\\/valenciasjb.salesianos.edu\\\/colegio\\\/#\\\/schema\\\/person\\\/1f45b67e52b27da175190a574db6bed9\",\"name\":\"veronicapastor\",\"image\":{\"@type\":\"ImageObject\",\"inLanguage\":\"es\",\"@id\":\"https:\\\/\\\/secure.gravatar.com\\\/avatar\\\/e29bd40bace3fd935e1d6fdb7313ffc14628cc037c5e16f4c7369b20a2a6f7f0?s=96&d=mm&r=g\",\"url\":\"https:\\\/\\\/secure.gravatar.com\\\/avatar\\\/e29bd40bace3fd935e1d6fdb7313ffc14628cc037c5e16f4c7369b20a2a6f7f0?s=96&d=mm&r=g\",\"contentUrl\":\"https:\\\/\\\/secure.gravatar.com\\\/avatar\\\/e29bd40bace3fd935e1d6fdb7313ffc14628cc037c5e16f4c7369b20a2a6f7f0?s=96&d=mm&r=g\",\"caption\":\"veronicapastor\"}}]}<\/script>\n<!-- \/ Yoast SEO plugin. -->","yoast_head_json":{"title":"La casa salesiana San Juan Bosco de Valencia celebra su 75 aniversario - Colegio San Juan Bosco Valencia","robots":{"index":"index","follow":"follow","max-snippet":"max-snippet:-1","max-image-preview":"max-image-preview:large","max-video-preview":"max-video-preview:-1"},"canonical":"https:\/\/valenciasjb.salesianos.edu\/colegio\/la-casa-salesiana-san-juan-bosco-de-valencia-celebra-su-75-aniversario\/","og_locale":"es_ES","og_type":"article","og_title":"La casa salesiana San Juan Bosco de Valencia celebra su 75 aniversario - Colegio San Juan Bosco Valencia","og_description":"La comunidad salesiana de San Juan Bosco de Valencia comenz\u00f3 su andadura en 1945, cinco a\u00f1os despu\u00e9s de la colocaci\u00f3n de la primera piedra de esta Casa, sita en la Avenida de la Plata. Los terrenos fueron donados por Jos\u00e9 Gil del Castillo, gran amigo y admirador de la Obra Salesiana. Fue el 10 de [&hellip;]","og_url":"https:\/\/valenciasjb.salesianos.edu\/colegio\/la-casa-salesiana-san-juan-bosco-de-valencia-celebra-su-75-aniversario\/","og_site_name":"Colegio San Juan Bosco Valencia","article_publisher":"https:\/\/www.facebook.com\/ColegioSalesianoSanJuanBoscoValencia","article_published_time":"2020-09-10T10:00:49+00:00","article_modified_time":"2020-09-14T15:58:10+00:00","og_image":[{"width":960,"height":601,"url":"https:\/\/valenciasjb.salesianos.edu\/colegio\/wp-content\/uploads\/sites\/2\/2020\/09\/119074118_3448451645178016_967518769624417999_n.jpg","type":"image\/jpeg"}],"author":"veronicapastor","twitter_card":"summary_large_image","twitter_creator":"@SalesianosVSJB","twitter_site":"@SalesianosVSJB","twitter_misc":{"Escrito por":"veronicapastor","Tiempo de lectura":"4 minutos"},"schema":{"@context":"https:\/\/schema.org","@graph":[{"@type":"Article","@id":"https:\/\/valenciasjb.salesianos.edu\/colegio\/la-casa-salesiana-san-juan-bosco-de-valencia-celebra-su-75-aniversario\/#article","isPartOf":{"@id":"https:\/\/valenciasjb.salesianos.edu\/colegio\/la-casa-salesiana-san-juan-bosco-de-valencia-celebra-su-75-aniversario\/"},"author":{"name":"veronicapastor","@id":"https:\/\/valenciasjb.salesianos.edu\/colegio\/#\/schema\/person\/1f45b67e52b27da175190a574db6bed9"},"headline":"La casa salesiana San Juan Bosco de Valencia celebra su 75 aniversario","datePublished":"2020-09-10T10:00:49+00:00","dateModified":"2020-09-14T15:58:10+00:00","mainEntityOfPage":{"@id":"https:\/\/valenciasjb.salesianos.edu\/colegio\/la-casa-salesiana-san-juan-bosco-de-valencia-celebra-su-75-aniversario\/"},"wordCount":773,"image":{"@id":"https:\/\/valenciasjb.salesianos.edu\/colegio\/la-casa-salesiana-san-juan-bosco-de-valencia-celebra-su-75-aniversario\/#primaryimage"},"thumbnailUrl":"https:\/\/valenciasjb.salesianos.edu\/colegio\/wp-content\/uploads\/sites\/2\/2020\/09\/119074118_3448451645178016_967518769624417999_n.jpg","articleSection":["Noticia Colegio"],"inLanguage":"es"},{"@type":"WebPage","@id":"https:\/\/valenciasjb.salesianos.edu\/colegio\/la-casa-salesiana-san-juan-bosco-de-valencia-celebra-su-75-aniversario\/","url":"https:\/\/valenciasjb.salesianos.edu\/colegio\/la-casa-salesiana-san-juan-bosco-de-valencia-celebra-su-75-aniversario\/","name":"La casa salesiana San Juan Bosco de Valencia celebra su 75 aniversario - Colegio San Juan Bosco Valencia","isPartOf":{"@id":"https:\/\/valenciasjb.salesianos.edu\/colegio\/#website"},"primaryImageOfPage":{"@id":"https:\/\/valenciasjb.salesianos.edu\/colegio\/la-casa-salesiana-san-juan-bosco-de-valencia-celebra-su-75-aniversario\/#primaryimage"},"image":{"@id":"https:\/\/valenciasjb.salesianos.edu\/colegio\/la-casa-salesiana-san-juan-bosco-de-valencia-celebra-su-75-aniversario\/#primaryimage"},"thumbnailUrl":"https:\/\/valenciasjb.salesianos.edu\/colegio\/wp-content\/uploads\/sites\/2\/2020\/09\/119074118_3448451645178016_967518769624417999_n.jpg","datePublished":"2020-09-10T10:00:49+00:00","dateModified":"2020-09-14T15:58:10+00:00","author":{"@id":"https:\/\/valenciasjb.salesianos.edu\/colegio\/#\/schema\/person\/1f45b67e52b27da175190a574db6bed9"},"breadcrumb":{"@id":"https:\/\/valenciasjb.salesianos.edu\/colegio\/la-casa-salesiana-san-juan-bosco-de-valencia-celebra-su-75-aniversario\/#breadcrumb"},"inLanguage":"es","potentialAction":[{"@type":"ReadAction","target":["https:\/\/valenciasjb.salesianos.edu\/colegio\/la-casa-salesiana-san-juan-bosco-de-valencia-celebra-su-75-aniversario\/"]}]},{"@type":"ImageObject","inLanguage":"es","@id":"https:\/\/valenciasjb.salesianos.edu\/colegio\/la-casa-salesiana-san-juan-bosco-de-valencia-celebra-su-75-aniversario\/#primaryimage","url":"https:\/\/valenciasjb.salesianos.edu\/colegio\/wp-content\/uploads\/sites\/2\/2020\/09\/119074118_3448451645178016_967518769624417999_n.jpg","contentUrl":"https:\/\/valenciasjb.salesianos.edu\/colegio\/wp-content\/uploads\/sites\/2\/2020\/09\/119074118_3448451645178016_967518769624417999_n.jpg","width":960,"height":601},{"@type":"BreadcrumbList","@id":"https:\/\/valenciasjb.salesianos.edu\/colegio\/la-casa-salesiana-san-juan-bosco-de-valencia-celebra-su-75-aniversario\/#breadcrumb","itemListElement":[{"@type":"ListItem","position":1,"name":"Portada","item":"https:\/\/valenciasjb.salesianos.edu\/colegio\/"},{"@type":"ListItem","position":2,"name":"La casa salesiana San Juan Bosco de Valencia celebra su 75 aniversario"}]},{"@type":"WebSite","@id":"https:\/\/valenciasjb.salesianos.edu\/colegio\/#website","url":"https:\/\/valenciasjb.salesianos.edu\/colegio\/","name":"Colegio San Juan Bosco Valencia","description":"P\u00e1gina oficial del Colegio Salesianos San Juan Bosco Valencia","alternateName":"Salesianos.VSJB","potentialAction":[{"@type":"SearchAction","target":{"@type":"EntryPoint","urlTemplate":"https:\/\/valenciasjb.salesianos.edu\/colegio\/?s={search_term_string}"},"query-input":{"@type":"PropertyValueSpecification","valueRequired":true,"valueName":"search_term_string"}}],"inLanguage":"es"},{"@type":"Person","@id":"https:\/\/valenciasjb.salesianos.edu\/colegio\/#\/schema\/person\/1f45b67e52b27da175190a574db6bed9","name":"veronicapastor","image":{"@type":"ImageObject","inLanguage":"es","@id":"https:\/\/secure.gravatar.com\/avatar\/e29bd40bace3fd935e1d6fdb7313ffc14628cc037c5e16f4c7369b20a2a6f7f0?s=96&d=mm&r=g","url":"https:\/\/secure.gravatar.com\/avatar\/e29bd40bace3fd935e1d6fdb7313ffc14628cc037c5e16f4c7369b20a2a6f7f0?s=96&d=mm&r=g","contentUrl":"https:\/\/secure.gravatar.com\/avatar\/e29bd40bace3fd935e1d6fdb7313ffc14628cc037c5e16f4c7369b20a2a6f7f0?s=96&d=mm&r=g","caption":"veronicapastor"}}]}},"_links":{"self":[{"href":"https:\/\/valenciasjb.salesianos.edu\/colegio\/wp-json\/wp\/v2\/posts\/14251","targetHints":{"allow":["GET"]}}],"collection":[{"href":"https:\/\/valenciasjb.salesianos.edu\/colegio\/wp-json\/wp\/v2\/posts"}],"about":[{"href":"https:\/\/valenciasjb.salesianos.edu\/colegio\/wp-json\/wp\/v2\/types\/post"}],"author":[{"embeddable":true,"href":"https:\/\/valenciasjb.salesianos.edu\/colegio\/wp-json\/wp\/v2\/users\/6"}],"replies":[{"embeddable":true,"href":"https:\/\/valenciasjb.salesianos.edu\/colegio\/wp-json\/wp\/v2\/comments?post=14251"}],"version-history":[{"count":5,"href":"https:\/\/valenciasjb.salesianos.edu\/colegio\/wp-json\/wp\/v2\/posts\/14251\/revisions"}],"predecessor-version":[{"id":14259,"href":"https:\/\/valenciasjb.salesianos.edu\/colegio\/wp-json\/wp\/v2\/posts\/14251\/revisions\/14259"}],"wp:featuredmedia":[{"embeddable":true,"href":"https:\/\/valenciasjb.salesianos.edu\/colegio\/wp-json\/wp\/v2\/media\/14255"}],"wp:attachment":[{"href":"https:\/\/valenciasjb.salesianos.edu\/colegio\/wp-json\/wp\/v2\/media?parent=14251"}],"wp:term":[{"taxonomy":"category","embeddable":true,"href":"https:\/\/valenciasjb.salesianos.edu\/colegio\/wp-json\/wp\/v2\/categories?post=14251"},{"taxonomy":"post_tag","embeddable":true,"href":"https:\/\/valenciasjb.salesianos.edu\/colegio\/wp-json\/wp\/v2\/tags?post=14251"}],"curies":[{"name":"wp","href":"https:\/\/api.w.org\/{rel}","templated":true}]}}