{"id":14266,"date":"2020-09-15T17:37:30","date_gmt":"2020-09-15T16:37:30","guid":{"rendered":"https:\/\/valenciasjb.salesianos.edu\/colegio\/?p=14266"},"modified":"2020-09-15T17:41:46","modified_gmt":"2020-09-15T16:41:46","slug":"sonia-traver-alumna-de-primero-de-bachillerato-ganadora-de-un-concurso-internacional-de-logos-dentro-del-proyecto-time-de-la-red-del-plan-de-escuelas-asociadas-de-la-unesco","status":"publish","type":"post","link":"https:\/\/valenciasjb.salesianos.edu\/colegio\/sonia-traver-alumna-de-primero-de-bachillerato-ganadora-de-un-concurso-internacional-de-logos-dentro-del-proyecto-time-de-la-red-del-plan-de-escuelas-asociadas-de-la-unesco\/","title":{"rendered":"Sonia Traver, alumna de primero de Bachillerato, ganadora de un concurso internacional de logos dentro del proyecto \u00abTIME\u00bb, de la Red del Plan de Escuelas Asociadas de la UNESCO"},"content":{"rendered":"<div id=\"fb-root\"><\/div>\n<p>[et_pb_section fb_built=\u00bb1&#8243; admin_label=\u00bbsection\u00bb _builder_version=\u00bb3.22&#8243;][et_pb_row admin_label=\u00bbrow\u00bb _builder_version=\u00bb3.25&#8243; background_size=\u00bbinitial\u00bb background_position=\u00bbtop_left\u00bb background_repeat=\u00bbrepeat\u00bb][et_pb_column type=\u00bb4_4&#8243; _builder_version=\u00bb3.25&#8243; custom_padding=\u00bb|||\u00bb custom_padding__hover=\u00bb|||\u00bb][et_pb_text admin_label=\u00bbEntradilla (Texto)\u00bb _builder_version=\u00bb4.6.0&#8243; text_font=\u00bb|on|||\u00bb text_orientation=\u00bbjustified\u00bb module_alignment=\u00bbjustified\u00bb]<\/p>\n<div id=\"resumen\"><strong>Sonia Traver, alumna de primero de Bachillerato, ha sido declarada ganadora de un concurso internacional de logos dentro del proyecto \u00abTIME\u00bb, de la Red del Plan de Escuelas Asociadas de la UNESCO. El logo de Sonia se utilizar\u00e1 como imagen del 25 aniversario de este proyecto, en el que participan colegios de todo el mundo.<\/strong><\/div>\n<div>\u00a0<\/div>\n<p>[\/et_pb_text][et_pb_text admin_label=\u00bbAutor (Texto)\u00bb _builder_version=\u00bb3.27.4&#8243; text_font=\u00bb||on||\u00bb]Redacci\u00f3n[\/et_pb_text][et_pb_text admin_label=\u00bbDesarrollo (Texto)\u00bb _builder_version=\u00bb4.6.0&#8243; text_orientation=\u00bbjustified\u00bb module_alignment=\u00bbjustified\u00bb hover_enabled=\u00bb0&#8243; sticky_enabled=\u00bb0&#8243;]<\/p>\n<p>Los jueces valoraron la incorporaci\u00f3n en el logo de todos los elementos requeridos, su original dise\u00f1o, as\u00ed como la capacidad para englobar el concepto del \u00abtiempo\u00bb que representa este proyecto. Su logo aparecer\u00e1 en toda la correspondencia, la p\u00e1gina web del proyecto, la comunicaci\u00f3n a medios, etc., en colegios de todo el mundo.<\/p>\n<p>La organizaci\u00f3n del proyecto \u00abTime\u00bb ha querido felicitar a Sonia por este logro y han manifestado que est\u00e1n orgullosos de poder contar con su obra durante este evento hist\u00f3rico que es su 25 aniversario. El colegio quiere dar la enhorabuena a Sonia, una alumna que siempre se ha mostrado comprometida tanto en actividades acad\u00e9micas como de voluntariado, por este merecido reconocimiento.<\/p>\n<p>[\/et_pb_text][et_pb_text disabled_on=\u00bboff|on|on\u00bb admin_label=\u00bbT\u00edtulo: Galer\u00eda de fotos (Texto)\u00bb _builder_version=\u00bb3.27.4&#8243; text_font=\u00bb|on|||\u00bb text_text_color=\u00bb#dc001b\u00bb border_style=\u00bbsolid\u00bb]Galer\u00eda de im\u00e1genes[\/et_pb_text][et_pb_gallery gallery_ids=\u00bb14264,14263,14265&#8243; posts_number=\u00bb8&#8243; show_title_and_caption=\u00bboff\u00bb zoom_icon_color=\u00bb#dc001b\u00bb hover_icon=\u00bb%%51%%\u00bb disabled_on=\u00bboff|off|off\u00bb _builder_version=\u00bb4.6.0&#8243; pagination_font_size_tablet=\u00bb51&#8243; pagination_line_height_tablet=\u00bb2&#8243;][\/et_pb_gallery][et_pb_video disabled_on=\u00bbon|on|on\u00bb _builder_version=\u00bb3.0.51&#8243; disabled=\u00bbon\u00bb][\/et_pb_video][\/et_pb_column][\/et_pb_row][\/et_pb_section]<\/p>\n<!-- AddThis Advanced Settings generic via filter on the_content --><!-- AddThis Share Buttons generic via filter on the_content -->","protected":false},"excerpt":{"rendered":"<p>Sonia Traver, alumna de primero de Bachillerato, ha sido declarada ganadora de un concurso internacional de logos dentro del proyecto \u00abTIME\u00bb, de la Red del Plan de Escuelas Asociadas de la UNESCO. El logo de Sonia se utilizar\u00e1 como imagen del 25 aniversario de este proyecto, en el que participan colegios de todo el mundo. [&hellip;]<\/p>\n<p><!-- AddThis Advanced Settings generic via filter on get_the_excerpt --><!-- AddThis Share Buttons generic via filter on get_the_excerpt --><\/p>\n","protected":false},"author":6,"featured_media":14274,"comment_status":"closed","ping_status":"open","sticky":false,"template":"","format":"standard","meta":{"_et_pb_use_builder":"on","_et_pb_old_content":"","_et_gb_content_width":"","footnotes":""},"categories":[14],"tags":[],"class_list":["post-14266","post","type-post","status-publish","format-standard","has-post-thumbnail","hentry","category-noticia_colegio"],"yoast_head":"<!-- This site is optimized with the Yoast SEO plugin v28.4 - https:\/\/yoast.com\/product\/yoast-seo-wordpress\/ -->\n<title>Sonia Traver, alumna de primero de Bachillerato, ganadora de un concurso internacional de logos dentro del proyecto &quot;TIME&quot;, de la Red del Plan de Escuelas Asociadas de la UNESCO - Colegio San Juan Bosco Valencia<\/title>\n<meta name=\"robots\" content=\"index, follow, max-snippet:-1, max-image-preview:large, max-video-preview:-1\" \/>\n<link rel=\"canonical\" href=\"https:\/\/valenciasjb.salesianos.edu\/colegio\/sonia-traver-alumna-de-primero-de-bachillerato-ganadora-de-un-concurso-internacional-de-logos-dentro-del-proyecto-time-de-la-red-del-plan-de-escuelas-asociadas-de-la-unesco\/\" \/>\n<meta property=\"og:locale\" content=\"es_ES\" \/>\n<meta property=\"og:type\" content=\"article\" \/>\n<meta property=\"og:title\" content=\"Sonia Traver, alumna de primero de Bachillerato, ganadora de un concurso internacional de logos dentro del proyecto &quot;TIME&quot;, de la Red del Plan de Escuelas Asociadas de la UNESCO - Colegio San Juan Bosco Valencia\" \/>\n<meta property=\"og:description\" content=\"Sonia Traver, alumna de primero de Bachillerato, ha sido declarada ganadora de un concurso internacional de logos dentro del proyecto &quot;TIME&quot;, de la Red del Plan de Escuelas Asociadas de la UNESCO. El logo de Sonia se utilizar\u00e1 como imagen del 25 aniversario de este proyecto, en el que participan colegios de todo el mundo. [&hellip;]\" \/>\n<meta property=\"og:url\" content=\"https:\/\/valenciasjb.salesianos.edu\/colegio\/sonia-traver-alumna-de-primero-de-bachillerato-ganadora-de-un-concurso-internacional-de-logos-dentro-del-proyecto-time-de-la-red-del-plan-de-escuelas-asociadas-de-la-unesco\/\" \/>\n<meta property=\"og:site_name\" content=\"Colegio San Juan Bosco Valencia\" \/>\n<meta property=\"article:publisher\" content=\"https:\/\/www.facebook.com\/ColegioSalesianoSanJuanBoscoValencia\" \/>\n<meta property=\"article:published_time\" content=\"2020-09-15T16:37:30+00:00\" \/>\n<meta property=\"article:modified_time\" content=\"2020-09-15T16:41:46+00:00\" \/>\n<meta property=\"og:image\" content=\"https:\/\/valenciasjb.salesianos.edu\/colegio\/wp-content\/uploads\/sites\/2\/2020\/09\/fotoSoniaTraverCasero2.jpg\" \/>\n\t<meta property=\"og:image:width\" content=\"488\" \/>\n\t<meta property=\"og:image:height\" content=\"403\" \/>\n\t<meta property=\"og:image:type\" content=\"image\/jpeg\" \/>\n<meta name=\"author\" content=\"veronicapastor\" \/>\n<meta name=\"twitter:card\" content=\"summary_large_image\" \/>\n<meta name=\"twitter:creator\" content=\"@SalesianosVSJB\" \/>\n<meta name=\"twitter:site\" content=\"@SalesianosVSJB\" \/>\n<meta name=\"twitter:label1\" content=\"Escrito por\" \/>\n\t<meta name=\"twitter:data1\" content=\"veronicapastor\" \/>\n\t<meta name=\"twitter:label2\" content=\"Tiempo de lectura\" \/>\n\t<meta name=\"twitter:data2\" content=\"2 minutos\" \/>\n<script type=\"application\/ld+json\" class=\"yoast-schema-graph\">{\"@context\":\"https:\\\/\\\/schema.org\",\"@graph\":[{\"@type\":\"Article\",\"@id\":\"https:\\\/\\\/valenciasjb.salesianos.edu\\\/colegio\\\/sonia-traver-alumna-de-primero-de-bachillerato-ganadora-de-un-concurso-internacional-de-logos-dentro-del-proyecto-time-de-la-red-del-plan-de-escuelas-asociadas-de-la-unesco\\\/#article\",\"isPartOf\":{\"@id\":\"https:\\\/\\\/valenciasjb.salesianos.edu\\\/colegio\\\/sonia-traver-alumna-de-primero-de-bachillerato-ganadora-de-un-concurso-internacional-de-logos-dentro-del-proyecto-time-de-la-red-del-plan-de-escuelas-asociadas-de-la-unesco\\\/\"},\"author\":{\"name\":\"veronicapastor\",\"@id\":\"https:\\\/\\\/valenciasjb.salesianos.edu\\\/colegio\\\/#\\\/schema\\\/person\\\/1f45b67e52b27da175190a574db6bed9\"},\"headline\":\"Sonia Traver, alumna de primero de Bachillerato, ganadora de un concurso internacional de logos dentro del proyecto \u00abTIME\u00bb, de la Red del Plan de Escuelas Asociadas de la UNESCO\",\"datePublished\":\"2020-09-15T16:37:30+00:00\",\"dateModified\":\"2020-09-15T16:41:46+00:00\",\"mainEntityOfPage\":{\"@id\":\"https:\\\/\\\/valenciasjb.salesianos.edu\\\/colegio\\\/sonia-traver-alumna-de-primero-de-bachillerato-ganadora-de-un-concurso-internacional-de-logos-dentro-del-proyecto-time-de-la-red-del-plan-de-escuelas-asociadas-de-la-unesco\\\/\"},\"wordCount\":402,\"image\":{\"@id\":\"https:\\\/\\\/valenciasjb.salesianos.edu\\\/colegio\\\/sonia-traver-alumna-de-primero-de-bachillerato-ganadora-de-un-concurso-internacional-de-logos-dentro-del-proyecto-time-de-la-red-del-plan-de-escuelas-asociadas-de-la-unesco\\\/#primaryimage\"},\"thumbnailUrl\":\"https:\\\/\\\/valenciasjb.salesianos.edu\\\/colegio\\\/wp-content\\\/uploads\\\/sites\\\/2\\\/2020\\\/09\\\/fotoSoniaTraverCasero2.jpg\",\"articleSection\":[\"Noticia Colegio\"],\"inLanguage\":\"es\"},{\"@type\":\"WebPage\",\"@id\":\"https:\\\/\\\/valenciasjb.salesianos.edu\\\/colegio\\\/sonia-traver-alumna-de-primero-de-bachillerato-ganadora-de-un-concurso-internacional-de-logos-dentro-del-proyecto-time-de-la-red-del-plan-de-escuelas-asociadas-de-la-unesco\\\/\",\"url\":\"https:\\\/\\\/valenciasjb.salesianos.edu\\\/colegio\\\/sonia-traver-alumna-de-primero-de-bachillerato-ganadora-de-un-concurso-internacional-de-logos-dentro-del-proyecto-time-de-la-red-del-plan-de-escuelas-asociadas-de-la-unesco\\\/\",\"name\":\"Sonia Traver, alumna de primero de Bachillerato, ganadora de un concurso internacional de logos dentro del proyecto \\\"TIME\\\", de la Red del Plan de Escuelas Asociadas de la UNESCO - Colegio San Juan Bosco Valencia\",\"isPartOf\":{\"@id\":\"https:\\\/\\\/valenciasjb.salesianos.edu\\\/colegio\\\/#website\"},\"primaryImageOfPage\":{\"@id\":\"https:\\\/\\\/valenciasjb.salesianos.edu\\\/colegio\\\/sonia-traver-alumna-de-primero-de-bachillerato-ganadora-de-un-concurso-internacional-de-logos-dentro-del-proyecto-time-de-la-red-del-plan-de-escuelas-asociadas-de-la-unesco\\\/#primaryimage\"},\"image\":{\"@id\":\"https:\\\/\\\/valenciasjb.salesianos.edu\\\/colegio\\\/sonia-traver-alumna-de-primero-de-bachillerato-ganadora-de-un-concurso-internacional-de-logos-dentro-del-proyecto-time-de-la-red-del-plan-de-escuelas-asociadas-de-la-unesco\\\/#primaryimage\"},\"thumbnailUrl\":\"https:\\\/\\\/valenciasjb.salesianos.edu\\\/colegio\\\/wp-content\\\/uploads\\\/sites\\\/2\\\/2020\\\/09\\\/fotoSoniaTraverCasero2.jpg\",\"datePublished\":\"2020-09-15T16:37:30+00:00\",\"dateModified\":\"2020-09-15T16:41:46+00:00\",\"author\":{\"@id\":\"https:\\\/\\\/valenciasjb.salesianos.edu\\\/colegio\\\/#\\\/schema\\\/person\\\/1f45b67e52b27da175190a574db6bed9\"},\"breadcrumb\":{\"@id\":\"https:\\\/\\\/valenciasjb.salesianos.edu\\\/colegio\\\/sonia-traver-alumna-de-primero-de-bachillerato-ganadora-de-un-concurso-internacional-de-logos-dentro-del-proyecto-time-de-la-red-del-plan-de-escuelas-asociadas-de-la-unesco\\\/#breadcrumb\"},\"inLanguage\":\"es\",\"potentialAction\":[{\"@type\":\"ReadAction\",\"target\":[\"https:\\\/\\\/valenciasjb.salesianos.edu\\\/colegio\\\/sonia-traver-alumna-de-primero-de-bachillerato-ganadora-de-un-concurso-internacional-de-logos-dentro-del-proyecto-time-de-la-red-del-plan-de-escuelas-asociadas-de-la-unesco\\\/\"]}]},{\"@type\":\"ImageObject\",\"inLanguage\":\"es\",\"@id\":\"https:\\\/\\\/valenciasjb.salesianos.edu\\\/colegio\\\/sonia-traver-alumna-de-primero-de-bachillerato-ganadora-de-un-concurso-internacional-de-logos-dentro-del-proyecto-time-de-la-red-del-plan-de-escuelas-asociadas-de-la-unesco\\\/#primaryimage\",\"url\":\"https:\\\/\\\/valenciasjb.salesianos.edu\\\/colegio\\\/wp-content\\\/uploads\\\/sites\\\/2\\\/2020\\\/09\\\/fotoSoniaTraverCasero2.jpg\",\"contentUrl\":\"https:\\\/\\\/valenciasjb.salesianos.edu\\\/colegio\\\/wp-content\\\/uploads\\\/sites\\\/2\\\/2020\\\/09\\\/fotoSoniaTraverCasero2.jpg\",\"width\":488,\"height\":403},{\"@type\":\"BreadcrumbList\",\"@id\":\"https:\\\/\\\/valenciasjb.salesianos.edu\\\/colegio\\\/sonia-traver-alumna-de-primero-de-bachillerato-ganadora-de-un-concurso-internacional-de-logos-dentro-del-proyecto-time-de-la-red-del-plan-de-escuelas-asociadas-de-la-unesco\\\/#breadcrumb\",\"itemListElement\":[{\"@type\":\"ListItem\",\"position\":1,\"name\":\"Portada\",\"item\":\"https:\\\/\\\/valenciasjb.salesianos.edu\\\/colegio\\\/\"},{\"@type\":\"ListItem\",\"position\":2,\"name\":\"Sonia Traver, alumna de primero de Bachillerato, ganadora de un concurso internacional de logos dentro del proyecto \u00abTIME\u00bb, de la Red del Plan de Escuelas Asociadas de la UNESCO\"}]},{\"@type\":\"WebSite\",\"@id\":\"https:\\\/\\\/valenciasjb.salesianos.edu\\\/colegio\\\/#website\",\"url\":\"https:\\\/\\\/valenciasjb.salesianos.edu\\\/colegio\\\/\",\"name\":\"Colegio San Juan Bosco Valencia\",\"description\":\"P\u00e1gina oficial del Colegio Salesianos San Juan Bosco Valencia\",\"alternateName\":\"Salesianos.VSJB\",\"potentialAction\":[{\"@type\":\"SearchAction\",\"target\":{\"@type\":\"EntryPoint\",\"urlTemplate\":\"https:\\\/\\\/valenciasjb.salesianos.edu\\\/colegio\\\/?s={search_term_string}\"},\"query-input\":{\"@type\":\"PropertyValueSpecification\",\"valueRequired\":true,\"valueName\":\"search_term_string\"}}],\"inLanguage\":\"es\"},{\"@type\":\"Person\",\"@id\":\"https:\\\/\\\/valenciasjb.salesianos.edu\\\/colegio\\\/#\\\/schema\\\/person\\\/1f45b67e52b27da175190a574db6bed9\",\"name\":\"veronicapastor\",\"image\":{\"@type\":\"ImageObject\",\"inLanguage\":\"es\",\"@id\":\"https:\\\/\\\/secure.gravatar.com\\\/avatar\\\/e29bd40bace3fd935e1d6fdb7313ffc14628cc037c5e16f4c7369b20a2a6f7f0?s=96&d=mm&r=g\",\"url\":\"https:\\\/\\\/secure.gravatar.com\\\/avatar\\\/e29bd40bace3fd935e1d6fdb7313ffc14628cc037c5e16f4c7369b20a2a6f7f0?s=96&d=mm&r=g\",\"contentUrl\":\"https:\\\/\\\/secure.gravatar.com\\\/avatar\\\/e29bd40bace3fd935e1d6fdb7313ffc14628cc037c5e16f4c7369b20a2a6f7f0?s=96&d=mm&r=g\",\"caption\":\"veronicapastor\"}}]}<\/script>\n<!-- \/ Yoast SEO plugin. -->","yoast_head_json":{"title":"Sonia Traver, alumna de primero de Bachillerato, ganadora de un concurso internacional de logos dentro del proyecto \"TIME\", de la Red del Plan de Escuelas Asociadas de la UNESCO - Colegio San Juan Bosco Valencia","robots":{"index":"index","follow":"follow","max-snippet":"max-snippet:-1","max-image-preview":"max-image-preview:large","max-video-preview":"max-video-preview:-1"},"canonical":"https:\/\/valenciasjb.salesianos.edu\/colegio\/sonia-traver-alumna-de-primero-de-bachillerato-ganadora-de-un-concurso-internacional-de-logos-dentro-del-proyecto-time-de-la-red-del-plan-de-escuelas-asociadas-de-la-unesco\/","og_locale":"es_ES","og_type":"article","og_title":"Sonia Traver, alumna de primero de Bachillerato, ganadora de un concurso internacional de logos dentro del proyecto \"TIME\", de la Red del Plan de Escuelas Asociadas de la UNESCO - Colegio San Juan Bosco Valencia","og_description":"Sonia Traver, alumna de primero de Bachillerato, ha sido declarada ganadora de un concurso internacional de logos dentro del proyecto \"TIME\", de la Red del Plan de Escuelas Asociadas de la UNESCO. El logo de Sonia se utilizar\u00e1 como imagen del 25 aniversario de este proyecto, en el que participan colegios de todo el mundo. [&hellip;]","og_url":"https:\/\/valenciasjb.salesianos.edu\/colegio\/sonia-traver-alumna-de-primero-de-bachillerato-ganadora-de-un-concurso-internacional-de-logos-dentro-del-proyecto-time-de-la-red-del-plan-de-escuelas-asociadas-de-la-unesco\/","og_site_name":"Colegio San Juan Bosco Valencia","article_publisher":"https:\/\/www.facebook.com\/ColegioSalesianoSanJuanBoscoValencia","article_published_time":"2020-09-15T16:37:30+00:00","article_modified_time":"2020-09-15T16:41:46+00:00","og_image":[{"width":488,"height":403,"url":"https:\/\/valenciasjb.salesianos.edu\/colegio\/wp-content\/uploads\/sites\/2\/2020\/09\/fotoSoniaTraverCasero2.jpg","type":"image\/jpeg"}],"author":"veronicapastor","twitter_card":"summary_large_image","twitter_creator":"@SalesianosVSJB","twitter_site":"@SalesianosVSJB","twitter_misc":{"Escrito por":"veronicapastor","Tiempo de lectura":"2 minutos"},"schema":{"@context":"https:\/\/schema.org","@graph":[{"@type":"Article","@id":"https:\/\/valenciasjb.salesianos.edu\/colegio\/sonia-traver-alumna-de-primero-de-bachillerato-ganadora-de-un-concurso-internacional-de-logos-dentro-del-proyecto-time-de-la-red-del-plan-de-escuelas-asociadas-de-la-unesco\/#article","isPartOf":{"@id":"https:\/\/valenciasjb.salesianos.edu\/colegio\/sonia-traver-alumna-de-primero-de-bachillerato-ganadora-de-un-concurso-internacional-de-logos-dentro-del-proyecto-time-de-la-red-del-plan-de-escuelas-asociadas-de-la-unesco\/"},"author":{"name":"veronicapastor","@id":"https:\/\/valenciasjb.salesianos.edu\/colegio\/#\/schema\/person\/1f45b67e52b27da175190a574db6bed9"},"headline":"Sonia Traver, alumna de primero de Bachillerato, ganadora de un concurso internacional de logos dentro del proyecto \u00abTIME\u00bb, de la Red del Plan de Escuelas Asociadas de la UNESCO","datePublished":"2020-09-15T16:37:30+00:00","dateModified":"2020-09-15T16:41:46+00:00","mainEntityOfPage":{"@id":"https:\/\/valenciasjb.salesianos.edu\/colegio\/sonia-traver-alumna-de-primero-de-bachillerato-ganadora-de-un-concurso-internacional-de-logos-dentro-del-proyecto-time-de-la-red-del-plan-de-escuelas-asociadas-de-la-unesco\/"},"wordCount":402,"image":{"@id":"https:\/\/valenciasjb.salesianos.edu\/colegio\/sonia-traver-alumna-de-primero-de-bachillerato-ganadora-de-un-concurso-internacional-de-logos-dentro-del-proyecto-time-de-la-red-del-plan-de-escuelas-asociadas-de-la-unesco\/#primaryimage"},"thumbnailUrl":"https:\/\/valenciasjb.salesianos.edu\/colegio\/wp-content\/uploads\/sites\/2\/2020\/09\/fotoSoniaTraverCasero2.jpg","articleSection":["Noticia Colegio"],"inLanguage":"es"},{"@type":"WebPage","@id":"https:\/\/valenciasjb.salesianos.edu\/colegio\/sonia-traver-alumna-de-primero-de-bachillerato-ganadora-de-un-concurso-internacional-de-logos-dentro-del-proyecto-time-de-la-red-del-plan-de-escuelas-asociadas-de-la-unesco\/","url":"https:\/\/valenciasjb.salesianos.edu\/colegio\/sonia-traver-alumna-de-primero-de-bachillerato-ganadora-de-un-concurso-internacional-de-logos-dentro-del-proyecto-time-de-la-red-del-plan-de-escuelas-asociadas-de-la-unesco\/","name":"Sonia Traver, alumna de primero de Bachillerato, ganadora de un concurso internacional de logos dentro del proyecto \"TIME\", de la Red del Plan de Escuelas Asociadas de la UNESCO - Colegio San Juan Bosco Valencia","isPartOf":{"@id":"https:\/\/valenciasjb.salesianos.edu\/colegio\/#website"},"primaryImageOfPage":{"@id":"https:\/\/valenciasjb.salesianos.edu\/colegio\/sonia-traver-alumna-de-primero-de-bachillerato-ganadora-de-un-concurso-internacional-de-logos-dentro-del-proyecto-time-de-la-red-del-plan-de-escuelas-asociadas-de-la-unesco\/#primaryimage"},"image":{"@id":"https:\/\/valenciasjb.salesianos.edu\/colegio\/sonia-traver-alumna-de-primero-de-bachillerato-ganadora-de-un-concurso-internacional-de-logos-dentro-del-proyecto-time-de-la-red-del-plan-de-escuelas-asociadas-de-la-unesco\/#primaryimage"},"thumbnailUrl":"https:\/\/valenciasjb.salesianos.edu\/colegio\/wp-content\/uploads\/sites\/2\/2020\/09\/fotoSoniaTraverCasero2.jpg","datePublished":"2020-09-15T16:37:30+00:00","dateModified":"2020-09-15T16:41:46+00:00","author":{"@id":"https:\/\/valenciasjb.salesianos.edu\/colegio\/#\/schema\/person\/1f45b67e52b27da175190a574db6bed9"},"breadcrumb":{"@id":"https:\/\/valenciasjb.salesianos.edu\/colegio\/sonia-traver-alumna-de-primero-de-bachillerato-ganadora-de-un-concurso-internacional-de-logos-dentro-del-proyecto-time-de-la-red-del-plan-de-escuelas-asociadas-de-la-unesco\/#breadcrumb"},"inLanguage":"es","potentialAction":[{"@type":"ReadAction","target":["https:\/\/valenciasjb.salesianos.edu\/colegio\/sonia-traver-alumna-de-primero-de-bachillerato-ganadora-de-un-concurso-internacional-de-logos-dentro-del-proyecto-time-de-la-red-del-plan-de-escuelas-asociadas-de-la-unesco\/"]}]},{"@type":"ImageObject","inLanguage":"es","@id":"https:\/\/valenciasjb.salesianos.edu\/colegio\/sonia-traver-alumna-de-primero-de-bachillerato-ganadora-de-un-concurso-internacional-de-logos-dentro-del-proyecto-time-de-la-red-del-plan-de-escuelas-asociadas-de-la-unesco\/#primaryimage","url":"https:\/\/valenciasjb.salesianos.edu\/colegio\/wp-content\/uploads\/sites\/2\/2020\/09\/fotoSoniaTraverCasero2.jpg","contentUrl":"https:\/\/valenciasjb.salesianos.edu\/colegio\/wp-content\/uploads\/sites\/2\/2020\/09\/fotoSoniaTraverCasero2.jpg","width":488,"height":403},{"@type":"BreadcrumbList","@id":"https:\/\/valenciasjb.salesianos.edu\/colegio\/sonia-traver-alumna-de-primero-de-bachillerato-ganadora-de-un-concurso-internacional-de-logos-dentro-del-proyecto-time-de-la-red-del-plan-de-escuelas-asociadas-de-la-unesco\/#breadcrumb","itemListElement":[{"@type":"ListItem","position":1,"name":"Portada","item":"https:\/\/valenciasjb.salesianos.edu\/colegio\/"},{"@type":"ListItem","position":2,"name":"Sonia Traver, alumna de primero de Bachillerato, ganadora de un concurso internacional de logos dentro del proyecto \u00abTIME\u00bb, de la Red del Plan de Escuelas Asociadas de la UNESCO"}]},{"@type":"WebSite","@id":"https:\/\/valenciasjb.salesianos.edu\/colegio\/#website","url":"https:\/\/valenciasjb.salesianos.edu\/colegio\/","name":"Colegio San Juan Bosco Valencia","description":"P\u00e1gina oficial del Colegio Salesianos San Juan Bosco Valencia","alternateName":"Salesianos.VSJB","potentialAction":[{"@type":"SearchAction","target":{"@type":"EntryPoint","urlTemplate":"https:\/\/valenciasjb.salesianos.edu\/colegio\/?s={search_term_string}"},"query-input":{"@type":"PropertyValueSpecification","valueRequired":true,"valueName":"search_term_string"}}],"inLanguage":"es"},{"@type":"Person","@id":"https:\/\/valenciasjb.salesianos.edu\/colegio\/#\/schema\/person\/1f45b67e52b27da175190a574db6bed9","name":"veronicapastor","image":{"@type":"ImageObject","inLanguage":"es","@id":"https:\/\/secure.gravatar.com\/avatar\/e29bd40bace3fd935e1d6fdb7313ffc14628cc037c5e16f4c7369b20a2a6f7f0?s=96&d=mm&r=g","url":"https:\/\/secure.gravatar.com\/avatar\/e29bd40bace3fd935e1d6fdb7313ffc14628cc037c5e16f4c7369b20a2a6f7f0?s=96&d=mm&r=g","contentUrl":"https:\/\/secure.gravatar.com\/avatar\/e29bd40bace3fd935e1d6fdb7313ffc14628cc037c5e16f4c7369b20a2a6f7f0?s=96&d=mm&r=g","caption":"veronicapastor"}}]}},"_links":{"self":[{"href":"https:\/\/valenciasjb.salesianos.edu\/colegio\/wp-json\/wp\/v2\/posts\/14266","targetHints":{"allow":["GET"]}}],"collection":[{"href":"https:\/\/valenciasjb.salesianos.edu\/colegio\/wp-json\/wp\/v2\/posts"}],"about":[{"href":"https:\/\/valenciasjb.salesianos.edu\/colegio\/wp-json\/wp\/v2\/types\/post"}],"author":[{"embeddable":true,"href":"https:\/\/valenciasjb.salesianos.edu\/colegio\/wp-json\/wp\/v2\/users\/6"}],"replies":[{"embeddable":true,"href":"https:\/\/valenciasjb.salesianos.edu\/colegio\/wp-json\/wp\/v2\/comments?post=14266"}],"version-history":[{"count":6,"href":"https:\/\/valenciasjb.salesianos.edu\/colegio\/wp-json\/wp\/v2\/posts\/14266\/revisions"}],"predecessor-version":[{"id":14277,"href":"https:\/\/valenciasjb.salesianos.edu\/colegio\/wp-json\/wp\/v2\/posts\/14266\/revisions\/14277"}],"wp:featuredmedia":[{"embeddable":true,"href":"https:\/\/valenciasjb.salesianos.edu\/colegio\/wp-json\/wp\/v2\/media\/14274"}],"wp:attachment":[{"href":"https:\/\/valenciasjb.salesianos.edu\/colegio\/wp-json\/wp\/v2\/media?parent=14266"}],"wp:term":[{"taxonomy":"category","embeddable":true,"href":"https:\/\/valenciasjb.salesianos.edu\/colegio\/wp-json\/wp\/v2\/categories?post=14266"},{"taxonomy":"post_tag","embeddable":true,"href":"https:\/\/valenciasjb.salesianos.edu\/colegio\/wp-json\/wp\/v2\/tags?post=14266"}],"curies":[{"name":"wp","href":"https:\/\/api.w.org\/{rel}","templated":true}]}}