{"id":14423,"date":"2020-10-08T07:01:20","date_gmt":"2020-10-08T06:01:20","guid":{"rendered":"https:\/\/valenciasjb.salesianos.edu\/colegio\/?p=14423"},"modified":"2020-10-08T07:01:20","modified_gmt":"2020-10-08T06:01:20","slug":"participacion-familias-y-antiguos-alumnos-himno-75-aniversario","status":"publish","type":"post","link":"https:\/\/valenciasjb.salesianos.edu\/colegio\/participacion-familias-y-antiguos-alumnos-himno-75-aniversario\/","title":{"rendered":"PARTICIPACION FAMILIAS Y ANTIGUOS ALUMNOS HIMNO 75 ANIVERSARIO"},"content":{"rendered":"<div id=\"fb-root\"><\/div>\n<p>AMPAS INFORMA: \u00bfQuieres participar en el himno del 75 ANIVERSARIO?<\/p>\n<p>\u00bfSabes tocar alg\u00fan instrumento o te gusta cantar?<\/p>\n<p>Las familias de nuestro colegio y antiguos alumnos podemos participar enviando, antes del 16 de Octubre, el nombre, n\u00famero de tel\u00e9fono y correo electr\u00f3nico a la direcci\u00f3n de correo: <strong>apas.valencia.sjb@salesianos.edu <\/strong><\/p>\n<p>\u00bfTe animas? \u00a1Contamos contigo y te estamos esperando! \u00a1No te lo pierdas! <a class=\"oajrlxb2 g5ia77u1 qu0x051f esr5mh6w e9989ue4 r7d6kgcz rq0escxv nhd2j8a9 nc684nl6 p7hjln8o kvgmc6g5 cxmmr5t8 oygrvhab hcukyx3x jb3vyjys rz4wbd8a qt6c0cv9 a8nywdso i1ao9s8h esuyzwwr f1sip0of lzcic4wl oo9gr5id gpro0wi8 lrazzd5p\" role=\"link\" href=\"https:\/\/www.facebook.com\/hashtag\/ampassjb?__eep__=6&amp;__cft__[0]=AZVFof9FhYwKr8qjzbba9_e4a3kQoaqwQpbN1rClVmNarBLOszfFNtnJ29hl-Dh-hTnff_wnDvbvbqR8LVsGuOxGW3yxrvGKA9tRl1yfqqcIfzaucCpAOtzY_Usx8Gym6iZO_OGr1qAYev-TqOh9NO0bVMceEY95OmW4AaYNU3wAVeinLWcD0R2anP7UofgQYFrZvQUR0QzH4APu-Hohj63b&amp;__tn__=*NK-R\">#ampassjb<\/a>\u00a0Cuantos m\u00e1s seamos, m\u00e1s haremos.<\/p>\n<p><img loading=\"lazy\" decoding=\"async\" class=\"alignnone size-full wp-image-14424\" src=\"https:\/\/valenciasjb.salesianos.edu\/colegio\/wp-content\/uploads\/sites\/2\/2020\/10\/logo-ampas-2-1.png\" alt=\"\" width=\"513\" height=\"309\" srcset=\"https:\/\/valenciasjb.salesianos.edu\/colegio\/wp-content\/uploads\/sites\/2\/2020\/10\/logo-ampas-2-1.png 513w, https:\/\/valenciasjb.salesianos.edu\/colegio\/wp-content\/uploads\/sites\/2\/2020\/10\/logo-ampas-2-1-480x289.png 480w\" sizes=\"(min-width: 0px) and (max-width: 480px) 480px, (min-width: 481px) 513px, 100vw\" \/><\/p>\n<!-- AddThis Advanced Settings generic via filter on the_content --><!-- AddThis Share Buttons generic via filter on the_content -->","protected":false},"excerpt":{"rendered":"<p>AMPAS INFORMA: \u00bfQuieres participar en el himno del 75 ANIVERSARIO? \u00bfSabes tocar alg\u00fan instrumento o te gusta cantar? Las familias de nuestro colegio y antiguos alumnos podemos participar enviando, antes del 16 de Octubre, el nombre, n\u00famero de tel\u00e9fono y correo electr\u00f3nico a la direcci\u00f3n de correo: apas.valencia.sjb@salesianos.edu \u00bfTe animas? \u00a1Contamos contigo y te estamos [&hellip;]<!-- AddThis Advanced Settings generic via filter on get_the_excerpt --><!-- AddThis Share Buttons generic via filter on get_the_excerpt --><\/p>\n","protected":false},"author":8,"featured_media":14424,"comment_status":"closed","ping_status":"open","sticky":false,"template":"","format":"standard","meta":{"_et_pb_use_builder":"","_et_pb_old_content":"","_et_gb_content_width":"","footnotes":""},"categories":[30,14,32],"tags":[33],"class_list":["post-14423","post","type-post","status-publish","format-standard","has-post-thumbnail","hentry","category-ampas_actividades","category-noticia_colegio","category-noticias-ampas","tag-ampassjb"],"yoast_head":"<!-- This site is optimized with the Yoast SEO plugin v28.4 - https:\/\/yoast.com\/product\/yoast-seo-wordpress\/ -->\n<title>PARTICIPACION FAMILIAS Y ANTIGUOS ALUMNOS HIMNO 75 ANIVERSARIO - Colegio San Juan Bosco Valencia<\/title>\n<meta name=\"description\" content=\"AMPAS INFORMA: \u00bfQuieres participar en el himno del 75 ANIVERSARIO?\u00bfSabes tocar alg\u00fan instrumento o te gusta cantar?\" \/>\n<meta name=\"robots\" content=\"index, follow, max-snippet:-1, max-image-preview:large, max-video-preview:-1\" \/>\n<link rel=\"canonical\" href=\"https:\/\/valenciasjb.salesianos.edu\/colegio\/participacion-familias-y-antiguos-alumnos-himno-75-aniversario\/\" \/>\n<meta property=\"og:locale\" content=\"es_ES\" \/>\n<meta property=\"og:type\" content=\"article\" \/>\n<meta property=\"og:title\" content=\"PARTICIPACION FAMILIAS Y ANTIGUOS ALUMNOS HIMNO 75 ANIVERSARIO - Colegio San Juan Bosco Valencia\" \/>\n<meta property=\"og:description\" content=\"AMPAS INFORMA: \u00bfQuieres participar en el himno del 75 ANIVERSARIO?\u00bfSabes tocar alg\u00fan instrumento o te gusta cantar?\" \/>\n<meta property=\"og:url\" content=\"https:\/\/valenciasjb.salesianos.edu\/colegio\/participacion-familias-y-antiguos-alumnos-himno-75-aniversario\/\" \/>\n<meta property=\"og:site_name\" content=\"Colegio San Juan Bosco Valencia\" \/>\n<meta property=\"article:publisher\" content=\"https:\/\/www.facebook.com\/ColegioSalesianoSanJuanBoscoValencia\" \/>\n<meta property=\"article:published_time\" content=\"2020-10-08T06:01:20+00:00\" \/>\n<meta property=\"og:image\" content=\"https:\/\/valenciasjb.salesianos.edu\/colegio\/wp-content\/uploads\/sites\/2\/2020\/10\/logo-ampas-2-1.png\" \/>\n\t<meta property=\"og:image:width\" content=\"513\" \/>\n\t<meta property=\"og:image:height\" content=\"309\" \/>\n\t<meta property=\"og:image:type\" content=\"image\/png\" \/>\n<meta name=\"author\" content=\"ampasvsjb\" \/>\n<meta name=\"twitter:card\" content=\"summary_large_image\" \/>\n<meta name=\"twitter:creator\" content=\"@SalesianosVSJB\" \/>\n<meta name=\"twitter:site\" content=\"@SalesianosVSJB\" \/>\n<meta name=\"twitter:label1\" content=\"Escrito por\" \/>\n\t<meta name=\"twitter:data1\" content=\"ampasvsjb\" \/>\n<script type=\"application\/ld+json\" class=\"yoast-schema-graph\">{\"@context\":\"https:\\\/\\\/schema.org\",\"@graph\":[{\"@type\":\"Article\",\"@id\":\"https:\\\/\\\/valenciasjb.salesianos.edu\\\/colegio\\\/participacion-familias-y-antiguos-alumnos-himno-75-aniversario\\\/#article\",\"isPartOf\":{\"@id\":\"https:\\\/\\\/valenciasjb.salesianos.edu\\\/colegio\\\/participacion-familias-y-antiguos-alumnos-himno-75-aniversario\\\/\"},\"author\":{\"name\":\"ampasvsjb\",\"@id\":\"https:\\\/\\\/valenciasjb.salesianos.edu\\\/colegio\\\/#\\\/schema\\\/person\\\/0726ac8cfbb8c3fbd6c5e1c72693053d\"},\"headline\":\"PARTICIPACION FAMILIAS Y ANTIGUOS ALUMNOS HIMNO 75 ANIVERSARIO\",\"datePublished\":\"2020-10-08T06:01:20+00:00\",\"mainEntityOfPage\":{\"@id\":\"https:\\\/\\\/valenciasjb.salesianos.edu\\\/colegio\\\/participacion-familias-y-antiguos-alumnos-himno-75-aniversario\\\/\"},\"wordCount\":82,\"image\":{\"@id\":\"https:\\\/\\\/valenciasjb.salesianos.edu\\\/colegio\\\/participacion-familias-y-antiguos-alumnos-himno-75-aniversario\\\/#primaryimage\"},\"thumbnailUrl\":\"https:\\\/\\\/valenciasjb.salesianos.edu\\\/colegio\\\/wp-content\\\/uploads\\\/sites\\\/2\\\/2020\\\/10\\\/logo-ampas-2-1.png\",\"keywords\":[\"#ampassjb\"],\"articleSection\":[\"AMPAS Actividades\",\"Noticia Colegio\",\"Noticias AMPAS\"],\"inLanguage\":\"es\"},{\"@type\":\"WebPage\",\"@id\":\"https:\\\/\\\/valenciasjb.salesianos.edu\\\/colegio\\\/participacion-familias-y-antiguos-alumnos-himno-75-aniversario\\\/\",\"url\":\"https:\\\/\\\/valenciasjb.salesianos.edu\\\/colegio\\\/participacion-familias-y-antiguos-alumnos-himno-75-aniversario\\\/\",\"name\":\"PARTICIPACION FAMILIAS Y ANTIGUOS ALUMNOS HIMNO 75 ANIVERSARIO - Colegio San Juan Bosco Valencia\",\"isPartOf\":{\"@id\":\"https:\\\/\\\/valenciasjb.salesianos.edu\\\/colegio\\\/#website\"},\"primaryImageOfPage\":{\"@id\":\"https:\\\/\\\/valenciasjb.salesianos.edu\\\/colegio\\\/participacion-familias-y-antiguos-alumnos-himno-75-aniversario\\\/#primaryimage\"},\"image\":{\"@id\":\"https:\\\/\\\/valenciasjb.salesianos.edu\\\/colegio\\\/participacion-familias-y-antiguos-alumnos-himno-75-aniversario\\\/#primaryimage\"},\"thumbnailUrl\":\"https:\\\/\\\/valenciasjb.salesianos.edu\\\/colegio\\\/wp-content\\\/uploads\\\/sites\\\/2\\\/2020\\\/10\\\/logo-ampas-2-1.png\",\"datePublished\":\"2020-10-08T06:01:20+00:00\",\"author\":{\"@id\":\"https:\\\/\\\/valenciasjb.salesianos.edu\\\/colegio\\\/#\\\/schema\\\/person\\\/0726ac8cfbb8c3fbd6c5e1c72693053d\"},\"description\":\"AMPAS INFORMA: \u00bfQuieres participar en el himno del 75 ANIVERSARIO?\u00bfSabes tocar alg\u00fan instrumento o te gusta cantar?\",\"breadcrumb\":{\"@id\":\"https:\\\/\\\/valenciasjb.salesianos.edu\\\/colegio\\\/participacion-familias-y-antiguos-alumnos-himno-75-aniversario\\\/#breadcrumb\"},\"inLanguage\":\"es\",\"potentialAction\":[{\"@type\":\"ReadAction\",\"target\":[\"https:\\\/\\\/valenciasjb.salesianos.edu\\\/colegio\\\/participacion-familias-y-antiguos-alumnos-himno-75-aniversario\\\/\"]}]},{\"@type\":\"ImageObject\",\"inLanguage\":\"es\",\"@id\":\"https:\\\/\\\/valenciasjb.salesianos.edu\\\/colegio\\\/participacion-familias-y-antiguos-alumnos-himno-75-aniversario\\\/#primaryimage\",\"url\":\"https:\\\/\\\/valenciasjb.salesianos.edu\\\/colegio\\\/wp-content\\\/uploads\\\/sites\\\/2\\\/2020\\\/10\\\/logo-ampas-2-1.png\",\"contentUrl\":\"https:\\\/\\\/valenciasjb.salesianos.edu\\\/colegio\\\/wp-content\\\/uploads\\\/sites\\\/2\\\/2020\\\/10\\\/logo-ampas-2-1.png\",\"width\":513,\"height\":309},{\"@type\":\"BreadcrumbList\",\"@id\":\"https:\\\/\\\/valenciasjb.salesianos.edu\\\/colegio\\\/participacion-familias-y-antiguos-alumnos-himno-75-aniversario\\\/#breadcrumb\",\"itemListElement\":[{\"@type\":\"ListItem\",\"position\":1,\"name\":\"Portada\",\"item\":\"https:\\\/\\\/valenciasjb.salesianos.edu\\\/colegio\\\/\"},{\"@type\":\"ListItem\",\"position\":2,\"name\":\"PARTICIPACION FAMILIAS Y ANTIGUOS ALUMNOS HIMNO 75 ANIVERSARIO\"}]},{\"@type\":\"WebSite\",\"@id\":\"https:\\\/\\\/valenciasjb.salesianos.edu\\\/colegio\\\/#website\",\"url\":\"https:\\\/\\\/valenciasjb.salesianos.edu\\\/colegio\\\/\",\"name\":\"Colegio San Juan Bosco Valencia\",\"description\":\"P\u00e1gina oficial del Colegio Salesianos San Juan Bosco Valencia\",\"alternateName\":\"Salesianos.VSJB\",\"potentialAction\":[{\"@type\":\"SearchAction\",\"target\":{\"@type\":\"EntryPoint\",\"urlTemplate\":\"https:\\\/\\\/valenciasjb.salesianos.edu\\\/colegio\\\/?s={search_term_string}\"},\"query-input\":{\"@type\":\"PropertyValueSpecification\",\"valueRequired\":true,\"valueName\":\"search_term_string\"}}],\"inLanguage\":\"es\"},{\"@type\":\"Person\",\"@id\":\"https:\\\/\\\/valenciasjb.salesianos.edu\\\/colegio\\\/#\\\/schema\\\/person\\\/0726ac8cfbb8c3fbd6c5e1c72693053d\",\"name\":\"ampasvsjb\",\"image\":{\"@type\":\"ImageObject\",\"inLanguage\":\"es\",\"@id\":\"https:\\\/\\\/secure.gravatar.com\\\/avatar\\\/be990de11bab2de567b8fb079bb13b0b2ebe2aab5258b635f6286f7a56c0c6c5?s=96&d=mm&r=g\",\"url\":\"https:\\\/\\\/secure.gravatar.com\\\/avatar\\\/be990de11bab2de567b8fb079bb13b0b2ebe2aab5258b635f6286f7a56c0c6c5?s=96&d=mm&r=g\",\"contentUrl\":\"https:\\\/\\\/secure.gravatar.com\\\/avatar\\\/be990de11bab2de567b8fb079bb13b0b2ebe2aab5258b635f6286f7a56c0c6c5?s=96&d=mm&r=g\",\"caption\":\"ampasvsjb\"}}]}<\/script>\n<!-- \/ Yoast SEO plugin. -->","yoast_head_json":{"title":"PARTICIPACION FAMILIAS Y ANTIGUOS ALUMNOS HIMNO 75 ANIVERSARIO - Colegio San Juan Bosco Valencia","description":"AMPAS INFORMA: \u00bfQuieres participar en el himno del 75 ANIVERSARIO?\u00bfSabes tocar alg\u00fan instrumento o te gusta cantar?","robots":{"index":"index","follow":"follow","max-snippet":"max-snippet:-1","max-image-preview":"max-image-preview:large","max-video-preview":"max-video-preview:-1"},"canonical":"https:\/\/valenciasjb.salesianos.edu\/colegio\/participacion-familias-y-antiguos-alumnos-himno-75-aniversario\/","og_locale":"es_ES","og_type":"article","og_title":"PARTICIPACION FAMILIAS Y ANTIGUOS ALUMNOS HIMNO 75 ANIVERSARIO - Colegio San Juan Bosco Valencia","og_description":"AMPAS INFORMA: \u00bfQuieres participar en el himno del 75 ANIVERSARIO?\u00bfSabes tocar alg\u00fan instrumento o te gusta cantar?","og_url":"https:\/\/valenciasjb.salesianos.edu\/colegio\/participacion-familias-y-antiguos-alumnos-himno-75-aniversario\/","og_site_name":"Colegio San Juan Bosco Valencia","article_publisher":"https:\/\/www.facebook.com\/ColegioSalesianoSanJuanBoscoValencia","article_published_time":"2020-10-08T06:01:20+00:00","og_image":[{"width":513,"height":309,"url":"https:\/\/valenciasjb.salesianos.edu\/colegio\/wp-content\/uploads\/sites\/2\/2020\/10\/logo-ampas-2-1.png","type":"image\/png"}],"author":"ampasvsjb","twitter_card":"summary_large_image","twitter_creator":"@SalesianosVSJB","twitter_site":"@SalesianosVSJB","twitter_misc":{"Escrito por":"ampasvsjb"},"schema":{"@context":"https:\/\/schema.org","@graph":[{"@type":"Article","@id":"https:\/\/valenciasjb.salesianos.edu\/colegio\/participacion-familias-y-antiguos-alumnos-himno-75-aniversario\/#article","isPartOf":{"@id":"https:\/\/valenciasjb.salesianos.edu\/colegio\/participacion-familias-y-antiguos-alumnos-himno-75-aniversario\/"},"author":{"name":"ampasvsjb","@id":"https:\/\/valenciasjb.salesianos.edu\/colegio\/#\/schema\/person\/0726ac8cfbb8c3fbd6c5e1c72693053d"},"headline":"PARTICIPACION FAMILIAS Y ANTIGUOS ALUMNOS HIMNO 75 ANIVERSARIO","datePublished":"2020-10-08T06:01:20+00:00","mainEntityOfPage":{"@id":"https:\/\/valenciasjb.salesianos.edu\/colegio\/participacion-familias-y-antiguos-alumnos-himno-75-aniversario\/"},"wordCount":82,"image":{"@id":"https:\/\/valenciasjb.salesianos.edu\/colegio\/participacion-familias-y-antiguos-alumnos-himno-75-aniversario\/#primaryimage"},"thumbnailUrl":"https:\/\/valenciasjb.salesianos.edu\/colegio\/wp-content\/uploads\/sites\/2\/2020\/10\/logo-ampas-2-1.png","keywords":["#ampassjb"],"articleSection":["AMPAS Actividades","Noticia Colegio","Noticias AMPAS"],"inLanguage":"es"},{"@type":"WebPage","@id":"https:\/\/valenciasjb.salesianos.edu\/colegio\/participacion-familias-y-antiguos-alumnos-himno-75-aniversario\/","url":"https:\/\/valenciasjb.salesianos.edu\/colegio\/participacion-familias-y-antiguos-alumnos-himno-75-aniversario\/","name":"PARTICIPACION FAMILIAS Y ANTIGUOS ALUMNOS HIMNO 75 ANIVERSARIO - Colegio San Juan Bosco Valencia","isPartOf":{"@id":"https:\/\/valenciasjb.salesianos.edu\/colegio\/#website"},"primaryImageOfPage":{"@id":"https:\/\/valenciasjb.salesianos.edu\/colegio\/participacion-familias-y-antiguos-alumnos-himno-75-aniversario\/#primaryimage"},"image":{"@id":"https:\/\/valenciasjb.salesianos.edu\/colegio\/participacion-familias-y-antiguos-alumnos-himno-75-aniversario\/#primaryimage"},"thumbnailUrl":"https:\/\/valenciasjb.salesianos.edu\/colegio\/wp-content\/uploads\/sites\/2\/2020\/10\/logo-ampas-2-1.png","datePublished":"2020-10-08T06:01:20+00:00","author":{"@id":"https:\/\/valenciasjb.salesianos.edu\/colegio\/#\/schema\/person\/0726ac8cfbb8c3fbd6c5e1c72693053d"},"description":"AMPAS INFORMA: \u00bfQuieres participar en el himno del 75 ANIVERSARIO?\u00bfSabes tocar alg\u00fan instrumento o te gusta cantar?","breadcrumb":{"@id":"https:\/\/valenciasjb.salesianos.edu\/colegio\/participacion-familias-y-antiguos-alumnos-himno-75-aniversario\/#breadcrumb"},"inLanguage":"es","potentialAction":[{"@type":"ReadAction","target":["https:\/\/valenciasjb.salesianos.edu\/colegio\/participacion-familias-y-antiguos-alumnos-himno-75-aniversario\/"]}]},{"@type":"ImageObject","inLanguage":"es","@id":"https:\/\/valenciasjb.salesianos.edu\/colegio\/participacion-familias-y-antiguos-alumnos-himno-75-aniversario\/#primaryimage","url":"https:\/\/valenciasjb.salesianos.edu\/colegio\/wp-content\/uploads\/sites\/2\/2020\/10\/logo-ampas-2-1.png","contentUrl":"https:\/\/valenciasjb.salesianos.edu\/colegio\/wp-content\/uploads\/sites\/2\/2020\/10\/logo-ampas-2-1.png","width":513,"height":309},{"@type":"BreadcrumbList","@id":"https:\/\/valenciasjb.salesianos.edu\/colegio\/participacion-familias-y-antiguos-alumnos-himno-75-aniversario\/#breadcrumb","itemListElement":[{"@type":"ListItem","position":1,"name":"Portada","item":"https:\/\/valenciasjb.salesianos.edu\/colegio\/"},{"@type":"ListItem","position":2,"name":"PARTICIPACION FAMILIAS Y ANTIGUOS ALUMNOS HIMNO 75 ANIVERSARIO"}]},{"@type":"WebSite","@id":"https:\/\/valenciasjb.salesianos.edu\/colegio\/#website","url":"https:\/\/valenciasjb.salesianos.edu\/colegio\/","name":"Colegio San Juan Bosco Valencia","description":"P\u00e1gina oficial del Colegio Salesianos San Juan Bosco Valencia","alternateName":"Salesianos.VSJB","potentialAction":[{"@type":"SearchAction","target":{"@type":"EntryPoint","urlTemplate":"https:\/\/valenciasjb.salesianos.edu\/colegio\/?s={search_term_string}"},"query-input":{"@type":"PropertyValueSpecification","valueRequired":true,"valueName":"search_term_string"}}],"inLanguage":"es"},{"@type":"Person","@id":"https:\/\/valenciasjb.salesianos.edu\/colegio\/#\/schema\/person\/0726ac8cfbb8c3fbd6c5e1c72693053d","name":"ampasvsjb","image":{"@type":"ImageObject","inLanguage":"es","@id":"https:\/\/secure.gravatar.com\/avatar\/be990de11bab2de567b8fb079bb13b0b2ebe2aab5258b635f6286f7a56c0c6c5?s=96&d=mm&r=g","url":"https:\/\/secure.gravatar.com\/avatar\/be990de11bab2de567b8fb079bb13b0b2ebe2aab5258b635f6286f7a56c0c6c5?s=96&d=mm&r=g","contentUrl":"https:\/\/secure.gravatar.com\/avatar\/be990de11bab2de567b8fb079bb13b0b2ebe2aab5258b635f6286f7a56c0c6c5?s=96&d=mm&r=g","caption":"ampasvsjb"}}]}},"_links":{"self":[{"href":"https:\/\/valenciasjb.salesianos.edu\/colegio\/wp-json\/wp\/v2\/posts\/14423","targetHints":{"allow":["GET"]}}],"collection":[{"href":"https:\/\/valenciasjb.salesianos.edu\/colegio\/wp-json\/wp\/v2\/posts"}],"about":[{"href":"https:\/\/valenciasjb.salesianos.edu\/colegio\/wp-json\/wp\/v2\/types\/post"}],"author":[{"embeddable":true,"href":"https:\/\/valenciasjb.salesianos.edu\/colegio\/wp-json\/wp\/v2\/users\/8"}],"replies":[{"embeddable":true,"href":"https:\/\/valenciasjb.salesianos.edu\/colegio\/wp-json\/wp\/v2\/comments?post=14423"}],"version-history":[{"count":1,"href":"https:\/\/valenciasjb.salesianos.edu\/colegio\/wp-json\/wp\/v2\/posts\/14423\/revisions"}],"predecessor-version":[{"id":14425,"href":"https:\/\/valenciasjb.salesianos.edu\/colegio\/wp-json\/wp\/v2\/posts\/14423\/revisions\/14425"}],"wp:featuredmedia":[{"embeddable":true,"href":"https:\/\/valenciasjb.salesianos.edu\/colegio\/wp-json\/wp\/v2\/media\/14424"}],"wp:attachment":[{"href":"https:\/\/valenciasjb.salesianos.edu\/colegio\/wp-json\/wp\/v2\/media?parent=14423"}],"wp:term":[{"taxonomy":"category","embeddable":true,"href":"https:\/\/valenciasjb.salesianos.edu\/colegio\/wp-json\/wp\/v2\/categories?post=14423"},{"taxonomy":"post_tag","embeddable":true,"href":"https:\/\/valenciasjb.salesianos.edu\/colegio\/wp-json\/wp\/v2\/tags?post=14423"}],"curies":[{"name":"wp","href":"https:\/\/api.w.org\/{rel}","templated":true}]}}