{"id":14437,"date":"2020-09-07T11:16:00","date_gmt":"2020-09-07T10:16:00","guid":{"rendered":"https:\/\/valenciasjb.salesianos.edu\/colegio\/?p=14437"},"modified":"2020-10-12T11:18:18","modified_gmt":"2020-10-12T10:18:18","slug":"primera-junta-ampas-2020-2021","status":"publish","type":"post","link":"https:\/\/valenciasjb.salesianos.edu\/colegio\/primera-junta-ampas-2020-2021\/","title":{"rendered":"PRIMERA JUNTA AMPAS 2020\/2021"},"content":{"rendered":"<div id=\"fb-root\"><\/div>\n<p>AMPAS INFORMA: Coincidiendo con el inicio del curso escolar esta noche ha tenido lugar la primera reuni\u00f3n de la Junta de AMPAS y en la que ya se han programado las primeras actividades y tomado las primeras decisiones para seguir sumando en la mejora de la experiencia de alumnos y familias. El Director del Colegio, Juan Peris, presente tambi\u00e9n como es habitual, ha informado con detalle de todas las medidas tomadas y protocolos establecidos en relaci\u00f3n con la seguridad sanitaria de alumnos y equipo docente y Pas. Tambi\u00e9n del transcurso de una primera jornada marcada por la normalidad y la emoci\u00f3n de la esperada vuelta. <a class=\"oajrlxb2 g5ia77u1 qu0x051f esr5mh6w e9989ue4 r7d6kgcz rq0escxv nhd2j8a9 nc684nl6 p7hjln8o kvgmc6g5 cxmmr5t8 oygrvhab hcukyx3x jb3vyjys rz4wbd8a qt6c0cv9 a8nywdso i1ao9s8h esuyzwwr f1sip0of lzcic4wl q66pz984 gpro0wi8 b1v8xokw\" role=\"link\" href=\"https:\/\/www.facebook.com\/hashtag\/ampassjb?__eep__=6&amp;__cft__[0]=AZWoU8JQDLyEUPywM2MJNuHUseyL9msXdXMQ-QCrzBcIXJpjWdFbYpFN4y2NS4TKPS1Gbx2L3HdV5Y6PXognw_UzSDNyBWFl8aSjGYjyl_aISRQ7y2BtKqLlI-Hahue65SFo2x01O5XvMgBEOv-3ZiPvB92_iNym-GIVmnW-u3fHqA&amp;__tn__=*NK-R\">#ampassjb<\/a> Feliz vuelta al cole a toda la Comunidad Educativa y gracias a todo el equipo que ha hecho posible que volvamos seguros!!<\/p>\n<p><img loading=\"lazy\" decoding=\"async\" class=\"alignnone size-medium wp-image-14438\" src=\"https:\/\/valenciasjb.salesianos.edu\/colegio\/wp-content\/uploads\/sites\/2\/2020\/10\/118957948_3439897859366728_5948724417478265356_n-300x225.jpg\" alt=\"\" width=\"300\" height=\"225\" \/> <img loading=\"lazy\" decoding=\"async\" class=\"alignnone size-medium wp-image-14439\" src=\"https:\/\/valenciasjb.salesianos.edu\/colegio\/wp-content\/uploads\/sites\/2\/2020\/10\/118984824_3439897756033405_1077355203491651406_n-300x225.jpg\" alt=\"\" width=\"300\" height=\"225\" \/><\/p>\n<!-- AddThis Advanced Settings generic via filter on the_content --><!-- AddThis Share Buttons generic via filter on the_content -->","protected":false},"excerpt":{"rendered":"<p>AMPAS INFORMA: Coincidiendo con el inicio del curso escolar esta noche ha tenido lugar la primera reuni\u00f3n de la Junta de AMPAS y en la que ya se han programado las primeras actividades y tomado las primeras decisiones para seguir sumando en la mejora de la experiencia de alumnos y familias. El Director del Colegio, [&hellip;]<!-- AddThis Advanced Settings generic via filter on get_the_excerpt --><!-- AddThis Share Buttons generic via filter on get_the_excerpt --><\/p>\n","protected":false},"author":8,"featured_media":0,"comment_status":"closed","ping_status":"open","sticky":false,"template":"","format":"standard","meta":{"_et_pb_use_builder":"","_et_pb_old_content":"","_et_gb_content_width":"","footnotes":""},"categories":[30,9,32],"tags":[33],"class_list":["post-14437","post","type-post","status-publish","format-standard","hentry","category-ampas_actividades","category-noticias","category-noticias-ampas","tag-ampassjb"],"yoast_head":"<!-- This site is optimized with the Yoast SEO plugin v28.3 - https:\/\/yoast.com\/product\/yoast-seo-wordpress\/ -->\n<title>Junta ampas septiembre 2020 #ampassjb<\/title>\n<meta name=\"description\" content=\"Primera Junta Ampas 2020\/2021 #ampassjb\" \/>\n<meta name=\"robots\" content=\"index, follow, max-snippet:-1, max-image-preview:large, max-video-preview:-1\" \/>\n<link rel=\"canonical\" href=\"https:\/\/valenciasjb.salesianos.edu\/colegio\/primera-junta-ampas-2020-2021\/\" \/>\n<meta property=\"og:locale\" content=\"es_ES\" \/>\n<meta property=\"og:type\" content=\"article\" \/>\n<meta property=\"og:title\" content=\"Junta ampas septiembre 2020 #ampassjb\" \/>\n<meta property=\"og:description\" content=\"Primera Junta Ampas 2020\/2021 #ampassjb\" \/>\n<meta property=\"og:url\" content=\"https:\/\/valenciasjb.salesianos.edu\/colegio\/primera-junta-ampas-2020-2021\/\" \/>\n<meta property=\"og:site_name\" content=\"Colegio San Juan Bosco Valencia\" \/>\n<meta property=\"article:publisher\" content=\"https:\/\/www.facebook.com\/ColegioSalesianoSanJuanBoscoValencia\" \/>\n<meta property=\"article:published_time\" content=\"2020-09-07T10:16:00+00:00\" \/>\n<meta property=\"article:modified_time\" content=\"2020-10-12T10:18:18+00:00\" \/>\n<meta property=\"og:image\" content=\"https:\/\/valenciasjb.salesianos.edu\/colegio\/wp-content\/uploads\/sites\/2\/2020\/10\/118957948_3439897859366728_5948724417478265356_n-300x225.jpg\" \/>\n<meta name=\"author\" content=\"ampasvsjb\" \/>\n<meta name=\"twitter:card\" content=\"summary_large_image\" \/>\n<meta name=\"twitter:creator\" content=\"@SalesianosVSJB\" \/>\n<meta name=\"twitter:site\" content=\"@SalesianosVSJB\" \/>\n<meta name=\"twitter:label1\" content=\"Escrito por\" \/>\n\t<meta name=\"twitter:data1\" content=\"ampasvsjb\" \/>\n\t<meta name=\"twitter:label2\" content=\"Tiempo de lectura\" \/>\n\t<meta name=\"twitter:data2\" content=\"1 minuto\" \/>\n<script type=\"application\/ld+json\" class=\"yoast-schema-graph\">{\"@context\":\"https:\\\/\\\/schema.org\",\"@graph\":[{\"@type\":\"Article\",\"@id\":\"https:\\\/\\\/valenciasjb.salesianos.edu\\\/colegio\\\/primera-junta-ampas-2020-2021\\\/#article\",\"isPartOf\":{\"@id\":\"https:\\\/\\\/valenciasjb.salesianos.edu\\\/colegio\\\/primera-junta-ampas-2020-2021\\\/\"},\"author\":{\"name\":\"ampasvsjb\",\"@id\":\"https:\\\/\\\/valenciasjb.salesianos.edu\\\/colegio\\\/#\\\/schema\\\/person\\\/0726ac8cfbb8c3fbd6c5e1c72693053d\"},\"headline\":\"PRIMERA JUNTA AMPAS 2020\\\/2021\",\"datePublished\":\"2020-09-07T10:16:00+00:00\",\"dateModified\":\"2020-10-12T10:18:18+00:00\",\"mainEntityOfPage\":{\"@id\":\"https:\\\/\\\/valenciasjb.salesianos.edu\\\/colegio\\\/primera-junta-ampas-2020-2021\\\/\"},\"wordCount\":136,\"image\":{\"@id\":\"https:\\\/\\\/valenciasjb.salesianos.edu\\\/colegio\\\/primera-junta-ampas-2020-2021\\\/#primaryimage\"},\"thumbnailUrl\":\"https:\\\/\\\/valenciasjb.salesianos.edu\\\/colegio\\\/wp-content\\\/uploads\\\/sites\\\/2\\\/2020\\\/10\\\/118957948_3439897859366728_5948724417478265356_n-300x225.jpg\",\"keywords\":[\"#ampassjb\"],\"articleSection\":[\"AMPAS Actividades\",\"Noticias\",\"Noticias AMPAS\"],\"inLanguage\":\"es\"},{\"@type\":\"WebPage\",\"@id\":\"https:\\\/\\\/valenciasjb.salesianos.edu\\\/colegio\\\/primera-junta-ampas-2020-2021\\\/\",\"url\":\"https:\\\/\\\/valenciasjb.salesianos.edu\\\/colegio\\\/primera-junta-ampas-2020-2021\\\/\",\"name\":\"Junta ampas septiembre 2020 #ampassjb\",\"isPartOf\":{\"@id\":\"https:\\\/\\\/valenciasjb.salesianos.edu\\\/colegio\\\/#website\"},\"primaryImageOfPage\":{\"@id\":\"https:\\\/\\\/valenciasjb.salesianos.edu\\\/colegio\\\/primera-junta-ampas-2020-2021\\\/#primaryimage\"},\"image\":{\"@id\":\"https:\\\/\\\/valenciasjb.salesianos.edu\\\/colegio\\\/primera-junta-ampas-2020-2021\\\/#primaryimage\"},\"thumbnailUrl\":\"https:\\\/\\\/valenciasjb.salesianos.edu\\\/colegio\\\/wp-content\\\/uploads\\\/sites\\\/2\\\/2020\\\/10\\\/118957948_3439897859366728_5948724417478265356_n-300x225.jpg\",\"datePublished\":\"2020-09-07T10:16:00+00:00\",\"dateModified\":\"2020-10-12T10:18:18+00:00\",\"author\":{\"@id\":\"https:\\\/\\\/valenciasjb.salesianos.edu\\\/colegio\\\/#\\\/schema\\\/person\\\/0726ac8cfbb8c3fbd6c5e1c72693053d\"},\"description\":\"Primera Junta Ampas 2020\\\/2021 #ampassjb\",\"breadcrumb\":{\"@id\":\"https:\\\/\\\/valenciasjb.salesianos.edu\\\/colegio\\\/primera-junta-ampas-2020-2021\\\/#breadcrumb\"},\"inLanguage\":\"es\",\"potentialAction\":[{\"@type\":\"ReadAction\",\"target\":[\"https:\\\/\\\/valenciasjb.salesianos.edu\\\/colegio\\\/primera-junta-ampas-2020-2021\\\/\"]}]},{\"@type\":\"ImageObject\",\"inLanguage\":\"es\",\"@id\":\"https:\\\/\\\/valenciasjb.salesianos.edu\\\/colegio\\\/primera-junta-ampas-2020-2021\\\/#primaryimage\",\"url\":\"https:\\\/\\\/valenciasjb.salesianos.edu\\\/colegio\\\/wp-content\\\/uploads\\\/sites\\\/2\\\/2020\\\/10\\\/118957948_3439897859366728_5948724417478265356_n-300x225.jpg\",\"contentUrl\":\"https:\\\/\\\/valenciasjb.salesianos.edu\\\/colegio\\\/wp-content\\\/uploads\\\/sites\\\/2\\\/2020\\\/10\\\/118957948_3439897859366728_5948724417478265356_n-300x225.jpg\"},{\"@type\":\"BreadcrumbList\",\"@id\":\"https:\\\/\\\/valenciasjb.salesianos.edu\\\/colegio\\\/primera-junta-ampas-2020-2021\\\/#breadcrumb\",\"itemListElement\":[{\"@type\":\"ListItem\",\"position\":1,\"name\":\"Portada\",\"item\":\"https:\\\/\\\/valenciasjb.salesianos.edu\\\/colegio\\\/\"},{\"@type\":\"ListItem\",\"position\":2,\"name\":\"PRIMERA JUNTA AMPAS 2020\\\/2021\"}]},{\"@type\":\"WebSite\",\"@id\":\"https:\\\/\\\/valenciasjb.salesianos.edu\\\/colegio\\\/#website\",\"url\":\"https:\\\/\\\/valenciasjb.salesianos.edu\\\/colegio\\\/\",\"name\":\"Colegio San Juan Bosco Valencia\",\"description\":\"P\u00e1gina oficial del Colegio Salesianos San Juan Bosco Valencia\",\"alternateName\":\"Salesianos.VSJB\",\"potentialAction\":[{\"@type\":\"SearchAction\",\"target\":{\"@type\":\"EntryPoint\",\"urlTemplate\":\"https:\\\/\\\/valenciasjb.salesianos.edu\\\/colegio\\\/?s={search_term_string}\"},\"query-input\":{\"@type\":\"PropertyValueSpecification\",\"valueRequired\":true,\"valueName\":\"search_term_string\"}}],\"inLanguage\":\"es\"},{\"@type\":\"Person\",\"@id\":\"https:\\\/\\\/valenciasjb.salesianos.edu\\\/colegio\\\/#\\\/schema\\\/person\\\/0726ac8cfbb8c3fbd6c5e1c72693053d\",\"name\":\"ampasvsjb\",\"image\":{\"@type\":\"ImageObject\",\"inLanguage\":\"es\",\"@id\":\"https:\\\/\\\/secure.gravatar.com\\\/avatar\\\/be990de11bab2de567b8fb079bb13b0b2ebe2aab5258b635f6286f7a56c0c6c5?s=96&d=mm&r=g\",\"url\":\"https:\\\/\\\/secure.gravatar.com\\\/avatar\\\/be990de11bab2de567b8fb079bb13b0b2ebe2aab5258b635f6286f7a56c0c6c5?s=96&d=mm&r=g\",\"contentUrl\":\"https:\\\/\\\/secure.gravatar.com\\\/avatar\\\/be990de11bab2de567b8fb079bb13b0b2ebe2aab5258b635f6286f7a56c0c6c5?s=96&d=mm&r=g\",\"caption\":\"ampasvsjb\"}}]}<\/script>\n<!-- \/ Yoast SEO plugin. -->","yoast_head_json":{"title":"Junta ampas septiembre 2020 #ampassjb","description":"Primera Junta Ampas 2020\/2021 #ampassjb","robots":{"index":"index","follow":"follow","max-snippet":"max-snippet:-1","max-image-preview":"max-image-preview:large","max-video-preview":"max-video-preview:-1"},"canonical":"https:\/\/valenciasjb.salesianos.edu\/colegio\/primera-junta-ampas-2020-2021\/","og_locale":"es_ES","og_type":"article","og_title":"Junta ampas septiembre 2020 #ampassjb","og_description":"Primera Junta Ampas 2020\/2021 #ampassjb","og_url":"https:\/\/valenciasjb.salesianos.edu\/colegio\/primera-junta-ampas-2020-2021\/","og_site_name":"Colegio San Juan Bosco Valencia","article_publisher":"https:\/\/www.facebook.com\/ColegioSalesianoSanJuanBoscoValencia","article_published_time":"2020-09-07T10:16:00+00:00","article_modified_time":"2020-10-12T10:18:18+00:00","og_image":[{"url":"https:\/\/valenciasjb.salesianos.edu\/colegio\/wp-content\/uploads\/sites\/2\/2020\/10\/118957948_3439897859366728_5948724417478265356_n-300x225.jpg","type":"","width":"","height":""}],"author":"ampasvsjb","twitter_card":"summary_large_image","twitter_creator":"@SalesianosVSJB","twitter_site":"@SalesianosVSJB","twitter_misc":{"Escrito por":"ampasvsjb","Tiempo de lectura":"1 minuto"},"schema":{"@context":"https:\/\/schema.org","@graph":[{"@type":"Article","@id":"https:\/\/valenciasjb.salesianos.edu\/colegio\/primera-junta-ampas-2020-2021\/#article","isPartOf":{"@id":"https:\/\/valenciasjb.salesianos.edu\/colegio\/primera-junta-ampas-2020-2021\/"},"author":{"name":"ampasvsjb","@id":"https:\/\/valenciasjb.salesianos.edu\/colegio\/#\/schema\/person\/0726ac8cfbb8c3fbd6c5e1c72693053d"},"headline":"PRIMERA JUNTA AMPAS 2020\/2021","datePublished":"2020-09-07T10:16:00+00:00","dateModified":"2020-10-12T10:18:18+00:00","mainEntityOfPage":{"@id":"https:\/\/valenciasjb.salesianos.edu\/colegio\/primera-junta-ampas-2020-2021\/"},"wordCount":136,"image":{"@id":"https:\/\/valenciasjb.salesianos.edu\/colegio\/primera-junta-ampas-2020-2021\/#primaryimage"},"thumbnailUrl":"https:\/\/valenciasjb.salesianos.edu\/colegio\/wp-content\/uploads\/sites\/2\/2020\/10\/118957948_3439897859366728_5948724417478265356_n-300x225.jpg","keywords":["#ampassjb"],"articleSection":["AMPAS Actividades","Noticias","Noticias AMPAS"],"inLanguage":"es"},{"@type":"WebPage","@id":"https:\/\/valenciasjb.salesianos.edu\/colegio\/primera-junta-ampas-2020-2021\/","url":"https:\/\/valenciasjb.salesianos.edu\/colegio\/primera-junta-ampas-2020-2021\/","name":"Junta ampas septiembre 2020 #ampassjb","isPartOf":{"@id":"https:\/\/valenciasjb.salesianos.edu\/colegio\/#website"},"primaryImageOfPage":{"@id":"https:\/\/valenciasjb.salesianos.edu\/colegio\/primera-junta-ampas-2020-2021\/#primaryimage"},"image":{"@id":"https:\/\/valenciasjb.salesianos.edu\/colegio\/primera-junta-ampas-2020-2021\/#primaryimage"},"thumbnailUrl":"https:\/\/valenciasjb.salesianos.edu\/colegio\/wp-content\/uploads\/sites\/2\/2020\/10\/118957948_3439897859366728_5948724417478265356_n-300x225.jpg","datePublished":"2020-09-07T10:16:00+00:00","dateModified":"2020-10-12T10:18:18+00:00","author":{"@id":"https:\/\/valenciasjb.salesianos.edu\/colegio\/#\/schema\/person\/0726ac8cfbb8c3fbd6c5e1c72693053d"},"description":"Primera Junta Ampas 2020\/2021 #ampassjb","breadcrumb":{"@id":"https:\/\/valenciasjb.salesianos.edu\/colegio\/primera-junta-ampas-2020-2021\/#breadcrumb"},"inLanguage":"es","potentialAction":[{"@type":"ReadAction","target":["https:\/\/valenciasjb.salesianos.edu\/colegio\/primera-junta-ampas-2020-2021\/"]}]},{"@type":"ImageObject","inLanguage":"es","@id":"https:\/\/valenciasjb.salesianos.edu\/colegio\/primera-junta-ampas-2020-2021\/#primaryimage","url":"https:\/\/valenciasjb.salesianos.edu\/colegio\/wp-content\/uploads\/sites\/2\/2020\/10\/118957948_3439897859366728_5948724417478265356_n-300x225.jpg","contentUrl":"https:\/\/valenciasjb.salesianos.edu\/colegio\/wp-content\/uploads\/sites\/2\/2020\/10\/118957948_3439897859366728_5948724417478265356_n-300x225.jpg"},{"@type":"BreadcrumbList","@id":"https:\/\/valenciasjb.salesianos.edu\/colegio\/primera-junta-ampas-2020-2021\/#breadcrumb","itemListElement":[{"@type":"ListItem","position":1,"name":"Portada","item":"https:\/\/valenciasjb.salesianos.edu\/colegio\/"},{"@type":"ListItem","position":2,"name":"PRIMERA JUNTA AMPAS 2020\/2021"}]},{"@type":"WebSite","@id":"https:\/\/valenciasjb.salesianos.edu\/colegio\/#website","url":"https:\/\/valenciasjb.salesianos.edu\/colegio\/","name":"Colegio San Juan Bosco Valencia","description":"P\u00e1gina oficial del Colegio Salesianos San Juan Bosco Valencia","alternateName":"Salesianos.VSJB","potentialAction":[{"@type":"SearchAction","target":{"@type":"EntryPoint","urlTemplate":"https:\/\/valenciasjb.salesianos.edu\/colegio\/?s={search_term_string}"},"query-input":{"@type":"PropertyValueSpecification","valueRequired":true,"valueName":"search_term_string"}}],"inLanguage":"es"},{"@type":"Person","@id":"https:\/\/valenciasjb.salesianos.edu\/colegio\/#\/schema\/person\/0726ac8cfbb8c3fbd6c5e1c72693053d","name":"ampasvsjb","image":{"@type":"ImageObject","inLanguage":"es","@id":"https:\/\/secure.gravatar.com\/avatar\/be990de11bab2de567b8fb079bb13b0b2ebe2aab5258b635f6286f7a56c0c6c5?s=96&d=mm&r=g","url":"https:\/\/secure.gravatar.com\/avatar\/be990de11bab2de567b8fb079bb13b0b2ebe2aab5258b635f6286f7a56c0c6c5?s=96&d=mm&r=g","contentUrl":"https:\/\/secure.gravatar.com\/avatar\/be990de11bab2de567b8fb079bb13b0b2ebe2aab5258b635f6286f7a56c0c6c5?s=96&d=mm&r=g","caption":"ampasvsjb"}}]}},"_links":{"self":[{"href":"https:\/\/valenciasjb.salesianos.edu\/colegio\/wp-json\/wp\/v2\/posts\/14437","targetHints":{"allow":["GET"]}}],"collection":[{"href":"https:\/\/valenciasjb.salesianos.edu\/colegio\/wp-json\/wp\/v2\/posts"}],"about":[{"href":"https:\/\/valenciasjb.salesianos.edu\/colegio\/wp-json\/wp\/v2\/types\/post"}],"author":[{"embeddable":true,"href":"https:\/\/valenciasjb.salesianos.edu\/colegio\/wp-json\/wp\/v2\/users\/8"}],"replies":[{"embeddable":true,"href":"https:\/\/valenciasjb.salesianos.edu\/colegio\/wp-json\/wp\/v2\/comments?post=14437"}],"version-history":[{"count":1,"href":"https:\/\/valenciasjb.salesianos.edu\/colegio\/wp-json\/wp\/v2\/posts\/14437\/revisions"}],"predecessor-version":[{"id":14440,"href":"https:\/\/valenciasjb.salesianos.edu\/colegio\/wp-json\/wp\/v2\/posts\/14437\/revisions\/14440"}],"wp:attachment":[{"href":"https:\/\/valenciasjb.salesianos.edu\/colegio\/wp-json\/wp\/v2\/media?parent=14437"}],"wp:term":[{"taxonomy":"category","embeddable":true,"href":"https:\/\/valenciasjb.salesianos.edu\/colegio\/wp-json\/wp\/v2\/categories?post=14437"},{"taxonomy":"post_tag","embeddable":true,"href":"https:\/\/valenciasjb.salesianos.edu\/colegio\/wp-json\/wp\/v2\/tags?post=14437"}],"curies":[{"name":"wp","href":"https:\/\/api.w.org\/{rel}","templated":true}]}}