{"id":14446,"date":"2020-05-20T11:37:19","date_gmt":"2020-05-20T10:37:19","guid":{"rendered":"https:\/\/valenciasjb.salesianos.edu\/colegio\/?p=14446"},"modified":"2020-10-12T11:39:16","modified_gmt":"2020-10-12T10:39:16","slug":"36o-encuentro-familiar-virtual","status":"publish","type":"post","link":"https:\/\/valenciasjb.salesianos.edu\/colegio\/36o-encuentro-familiar-virtual\/","title":{"rendered":"36\u00ba Encuentro Familiar (Virtual)"},"content":{"rendered":"<div id=\"fb-root\"><\/div>\n<p>AMPAS anima a toda la Comunidad Educativa a participar en el 36\u00ba Encuentro Familiar(Virtual) en Honor a Mar\u00eda Auxiliadora.<\/p>\n<p>Un evento especial que no pod\u00eda faltar en las celebraciones en honor a nuestra Madre. Os proponemos que el d\u00eda 22, de 21 a 23 horas, os hag\u00e1is unas fotos cenando virtualmente con vuestros amigos y compa\u00f1eros y que nos las envi\u00e9is por whatsapp al 607 65 16 76.<\/p>\n<p>Ese misma noche las subiremos a Facebook como todos los a\u00f1os. El ticket solidario es 1kg que podr\u00e9is dejar desde el d\u00eda 20 al 24 de mayo en horario de 10 a 13 horas y de 16 a 19:30 en el vest\u00edbulo de la parroquia.<\/p>\n<p>Os esperamos a todos!! <a class=\"oajrlxb2 g5ia77u1 qu0x051f esr5mh6w e9989ue4 r7d6kgcz rq0escxv nhd2j8a9 nc684nl6 p7hjln8o kvgmc6g5 cxmmr5t8 oygrvhab hcukyx3x jb3vyjys rz4wbd8a qt6c0cv9 a8nywdso i1ao9s8h esuyzwwr f1sip0of lzcic4wl q66pz984 gpro0wi8 b1v8xokw\" role=\"link\" href=\"https:\/\/www.facebook.com\/hashtag\/ampassjb?__eep__=6&amp;__cft__[0]=AZXxE9R7savt09TM1QmdIGNayO-56VWA43keDeT7AhHUR2UPpFa8739HougmH1tJbwR69v9GFX90r93SXhExVwbYXBGHyL0b-vNhshNLgBZq2VHRf6Zgjc15teAQ8A06jWAMjTZ0XnEpJZiT-9Omna6MK07mBN0hFJ0RRL7-o9vvCQ&amp;__tn__=*NK-R\">#ampassjb<\/a><\/p>\n<p><img loading=\"lazy\" decoding=\"async\" class=\"alignnone size-medium wp-image-14447\" src=\"https:\/\/valenciasjb.salesianos.edu\/colegio\/wp-content\/uploads\/sites\/2\/2020\/10\/97992235_3109139169109267_170055545003180032_o-225x300.jpg\" alt=\"\" width=\"225\" height=\"300\" \/><\/p>\n<!-- AddThis Advanced Settings generic via filter on the_content --><!-- AddThis Share Buttons generic via filter on the_content -->","protected":false},"excerpt":{"rendered":"<p>AMPAS anima a toda la Comunidad Educativa a participar en el 36\u00ba Encuentro Familiar(Virtual) en Honor a Mar\u00eda Auxiliadora. Un evento especial que no pod\u00eda faltar en las celebraciones en honor a nuestra Madre. Os proponemos que el d\u00eda 22, de 21 a 23 horas, os hag\u00e1is unas fotos cenando virtualmente con vuestros amigos y [&hellip;]<!-- AddThis Advanced Settings generic via filter on get_the_excerpt --><!-- AddThis Share Buttons generic via filter on get_the_excerpt --><\/p>\n","protected":false},"author":8,"featured_media":14447,"comment_status":"closed","ping_status":"open","sticky":false,"template":"","format":"standard","meta":{"_et_pb_use_builder":"","_et_pb_old_content":"","_et_gb_content_width":"","footnotes":""},"categories":[30,9,32],"tags":[33],"class_list":["post-14446","post","type-post","status-publish","format-standard","has-post-thumbnail","hentry","category-ampas_actividades","category-noticias","category-noticias-ampas","tag-ampassjb"],"yoast_head":"<!-- This site is optimized with the Yoast SEO plugin v28.4 - https:\/\/yoast.com\/product\/yoast-seo-wordpress\/ -->\n<title>36\u00ba Encuentro Familiar (Virtual) - Colegio San Juan Bosco Valencia<\/title>\n<meta name=\"description\" content=\"AMPAS anima a toda la Comunidad Educativa a participar en el 36\u00ba Encuentro Familiar(Virtual) en Honor a Mar\u00eda Auxiliadora.\" \/>\n<meta name=\"robots\" content=\"index, follow, max-snippet:-1, max-image-preview:large, max-video-preview:-1\" \/>\n<link rel=\"canonical\" href=\"https:\/\/valenciasjb.salesianos.edu\/colegio\/36o-encuentro-familiar-virtual\/\" \/>\n<meta property=\"og:locale\" content=\"es_ES\" \/>\n<meta property=\"og:type\" content=\"article\" \/>\n<meta property=\"og:title\" content=\"36\u00ba Encuentro Familiar (Virtual) - Colegio San Juan Bosco Valencia\" \/>\n<meta property=\"og:description\" content=\"AMPAS anima a toda la Comunidad Educativa a participar en el 36\u00ba Encuentro Familiar(Virtual) en Honor a Mar\u00eda Auxiliadora.\" \/>\n<meta property=\"og:url\" content=\"https:\/\/valenciasjb.salesianos.edu\/colegio\/36o-encuentro-familiar-virtual\/\" \/>\n<meta property=\"og:site_name\" content=\"Colegio San Juan Bosco Valencia\" \/>\n<meta property=\"article:publisher\" content=\"https:\/\/www.facebook.com\/ColegioSalesianoSanJuanBoscoValencia\" \/>\n<meta property=\"article:published_time\" content=\"2020-05-20T10:37:19+00:00\" \/>\n<meta property=\"article:modified_time\" content=\"2020-10-12T10:39:16+00:00\" \/>\n<meta property=\"og:image\" content=\"https:\/\/valenciasjb.salesianos.edu\/colegio\/wp-content\/uploads\/sites\/2\/2020\/10\/97992235_3109139169109267_170055545003180032_o.jpg\" \/>\n\t<meta property=\"og:image:width\" content=\"720\" \/>\n\t<meta property=\"og:image:height\" content=\"960\" \/>\n\t<meta property=\"og:image:type\" content=\"image\/jpeg\" \/>\n<meta name=\"author\" content=\"ampasvsjb\" \/>\n<meta name=\"twitter:card\" content=\"summary_large_image\" \/>\n<meta name=\"twitter:creator\" content=\"@SalesianosVSJB\" \/>\n<meta name=\"twitter:site\" content=\"@SalesianosVSJB\" \/>\n<meta name=\"twitter:label1\" content=\"Escrito por\" \/>\n\t<meta name=\"twitter:data1\" content=\"ampasvsjb\" \/>\n\t<meta name=\"twitter:label2\" content=\"Tiempo de lectura\" \/>\n\t<meta name=\"twitter:data2\" content=\"1 minuto\" \/>\n<script type=\"application\/ld+json\" class=\"yoast-schema-graph\">{\"@context\":\"https:\\\/\\\/schema.org\",\"@graph\":[{\"@type\":\"Article\",\"@id\":\"https:\\\/\\\/valenciasjb.salesianos.edu\\\/colegio\\\/36o-encuentro-familiar-virtual\\\/#article\",\"isPartOf\":{\"@id\":\"https:\\\/\\\/valenciasjb.salesianos.edu\\\/colegio\\\/36o-encuentro-familiar-virtual\\\/\"},\"author\":{\"name\":\"ampasvsjb\",\"@id\":\"https:\\\/\\\/valenciasjb.salesianos.edu\\\/colegio\\\/#\\\/schema\\\/person\\\/0726ac8cfbb8c3fbd6c5e1c72693053d\"},\"headline\":\"36\u00ba Encuentro Familiar (Virtual)\",\"datePublished\":\"2020-05-20T10:37:19+00:00\",\"dateModified\":\"2020-10-12T10:39:16+00:00\",\"mainEntityOfPage\":{\"@id\":\"https:\\\/\\\/valenciasjb.salesianos.edu\\\/colegio\\\/36o-encuentro-familiar-virtual\\\/\"},\"wordCount\":118,\"image\":{\"@id\":\"https:\\\/\\\/valenciasjb.salesianos.edu\\\/colegio\\\/36o-encuentro-familiar-virtual\\\/#primaryimage\"},\"thumbnailUrl\":\"https:\\\/\\\/valenciasjb.salesianos.edu\\\/colegio\\\/wp-content\\\/uploads\\\/sites\\\/2\\\/2020\\\/10\\\/97992235_3109139169109267_170055545003180032_o.jpg\",\"keywords\":[\"#ampassjb\"],\"articleSection\":[\"AMPAS Actividades\",\"Noticias\",\"Noticias AMPAS\"],\"inLanguage\":\"es\"},{\"@type\":\"WebPage\",\"@id\":\"https:\\\/\\\/valenciasjb.salesianos.edu\\\/colegio\\\/36o-encuentro-familiar-virtual\\\/\",\"url\":\"https:\\\/\\\/valenciasjb.salesianos.edu\\\/colegio\\\/36o-encuentro-familiar-virtual\\\/\",\"name\":\"36\u00ba Encuentro Familiar (Virtual) - Colegio San Juan Bosco Valencia\",\"isPartOf\":{\"@id\":\"https:\\\/\\\/valenciasjb.salesianos.edu\\\/colegio\\\/#website\"},\"primaryImageOfPage\":{\"@id\":\"https:\\\/\\\/valenciasjb.salesianos.edu\\\/colegio\\\/36o-encuentro-familiar-virtual\\\/#primaryimage\"},\"image\":{\"@id\":\"https:\\\/\\\/valenciasjb.salesianos.edu\\\/colegio\\\/36o-encuentro-familiar-virtual\\\/#primaryimage\"},\"thumbnailUrl\":\"https:\\\/\\\/valenciasjb.salesianos.edu\\\/colegio\\\/wp-content\\\/uploads\\\/sites\\\/2\\\/2020\\\/10\\\/97992235_3109139169109267_170055545003180032_o.jpg\",\"datePublished\":\"2020-05-20T10:37:19+00:00\",\"dateModified\":\"2020-10-12T10:39:16+00:00\",\"author\":{\"@id\":\"https:\\\/\\\/valenciasjb.salesianos.edu\\\/colegio\\\/#\\\/schema\\\/person\\\/0726ac8cfbb8c3fbd6c5e1c72693053d\"},\"description\":\"AMPAS anima a toda la Comunidad Educativa a participar en el 36\u00ba Encuentro Familiar(Virtual) en Honor a Mar\u00eda Auxiliadora.\",\"breadcrumb\":{\"@id\":\"https:\\\/\\\/valenciasjb.salesianos.edu\\\/colegio\\\/36o-encuentro-familiar-virtual\\\/#breadcrumb\"},\"inLanguage\":\"es\",\"potentialAction\":[{\"@type\":\"ReadAction\",\"target\":[\"https:\\\/\\\/valenciasjb.salesianos.edu\\\/colegio\\\/36o-encuentro-familiar-virtual\\\/\"]}]},{\"@type\":\"ImageObject\",\"inLanguage\":\"es\",\"@id\":\"https:\\\/\\\/valenciasjb.salesianos.edu\\\/colegio\\\/36o-encuentro-familiar-virtual\\\/#primaryimage\",\"url\":\"https:\\\/\\\/valenciasjb.salesianos.edu\\\/colegio\\\/wp-content\\\/uploads\\\/sites\\\/2\\\/2020\\\/10\\\/97992235_3109139169109267_170055545003180032_o.jpg\",\"contentUrl\":\"https:\\\/\\\/valenciasjb.salesianos.edu\\\/colegio\\\/wp-content\\\/uploads\\\/sites\\\/2\\\/2020\\\/10\\\/97992235_3109139169109267_170055545003180032_o.jpg\",\"width\":720,\"height\":960},{\"@type\":\"BreadcrumbList\",\"@id\":\"https:\\\/\\\/valenciasjb.salesianos.edu\\\/colegio\\\/36o-encuentro-familiar-virtual\\\/#breadcrumb\",\"itemListElement\":[{\"@type\":\"ListItem\",\"position\":1,\"name\":\"Portada\",\"item\":\"https:\\\/\\\/valenciasjb.salesianos.edu\\\/colegio\\\/\"},{\"@type\":\"ListItem\",\"position\":2,\"name\":\"36\u00ba Encuentro Familiar (Virtual)\"}]},{\"@type\":\"WebSite\",\"@id\":\"https:\\\/\\\/valenciasjb.salesianos.edu\\\/colegio\\\/#website\",\"url\":\"https:\\\/\\\/valenciasjb.salesianos.edu\\\/colegio\\\/\",\"name\":\"Colegio San Juan Bosco Valencia\",\"description\":\"P\u00e1gina oficial del Colegio Salesianos San Juan Bosco Valencia\",\"alternateName\":\"Salesianos.VSJB\",\"potentialAction\":[{\"@type\":\"SearchAction\",\"target\":{\"@type\":\"EntryPoint\",\"urlTemplate\":\"https:\\\/\\\/valenciasjb.salesianos.edu\\\/colegio\\\/?s={search_term_string}\"},\"query-input\":{\"@type\":\"PropertyValueSpecification\",\"valueRequired\":true,\"valueName\":\"search_term_string\"}}],\"inLanguage\":\"es\"},{\"@type\":\"Person\",\"@id\":\"https:\\\/\\\/valenciasjb.salesianos.edu\\\/colegio\\\/#\\\/schema\\\/person\\\/0726ac8cfbb8c3fbd6c5e1c72693053d\",\"name\":\"ampasvsjb\",\"image\":{\"@type\":\"ImageObject\",\"inLanguage\":\"es\",\"@id\":\"https:\\\/\\\/secure.gravatar.com\\\/avatar\\\/be990de11bab2de567b8fb079bb13b0b2ebe2aab5258b635f6286f7a56c0c6c5?s=96&d=mm&r=g\",\"url\":\"https:\\\/\\\/secure.gravatar.com\\\/avatar\\\/be990de11bab2de567b8fb079bb13b0b2ebe2aab5258b635f6286f7a56c0c6c5?s=96&d=mm&r=g\",\"contentUrl\":\"https:\\\/\\\/secure.gravatar.com\\\/avatar\\\/be990de11bab2de567b8fb079bb13b0b2ebe2aab5258b635f6286f7a56c0c6c5?s=96&d=mm&r=g\",\"caption\":\"ampasvsjb\"}}]}<\/script>\n<!-- \/ Yoast SEO plugin. -->","yoast_head_json":{"title":"36\u00ba Encuentro Familiar (Virtual) - Colegio San Juan Bosco Valencia","description":"AMPAS anima a toda la Comunidad Educativa a participar en el 36\u00ba Encuentro Familiar(Virtual) en Honor a Mar\u00eda Auxiliadora.","robots":{"index":"index","follow":"follow","max-snippet":"max-snippet:-1","max-image-preview":"max-image-preview:large","max-video-preview":"max-video-preview:-1"},"canonical":"https:\/\/valenciasjb.salesianos.edu\/colegio\/36o-encuentro-familiar-virtual\/","og_locale":"es_ES","og_type":"article","og_title":"36\u00ba Encuentro Familiar (Virtual) - Colegio San Juan Bosco Valencia","og_description":"AMPAS anima a toda la Comunidad Educativa a participar en el 36\u00ba Encuentro Familiar(Virtual) en Honor a Mar\u00eda Auxiliadora.","og_url":"https:\/\/valenciasjb.salesianos.edu\/colegio\/36o-encuentro-familiar-virtual\/","og_site_name":"Colegio San Juan Bosco Valencia","article_publisher":"https:\/\/www.facebook.com\/ColegioSalesianoSanJuanBoscoValencia","article_published_time":"2020-05-20T10:37:19+00:00","article_modified_time":"2020-10-12T10:39:16+00:00","og_image":[{"width":720,"height":960,"url":"https:\/\/valenciasjb.salesianos.edu\/colegio\/wp-content\/uploads\/sites\/2\/2020\/10\/97992235_3109139169109267_170055545003180032_o.jpg","type":"image\/jpeg"}],"author":"ampasvsjb","twitter_card":"summary_large_image","twitter_creator":"@SalesianosVSJB","twitter_site":"@SalesianosVSJB","twitter_misc":{"Escrito por":"ampasvsjb","Tiempo de lectura":"1 minuto"},"schema":{"@context":"https:\/\/schema.org","@graph":[{"@type":"Article","@id":"https:\/\/valenciasjb.salesianos.edu\/colegio\/36o-encuentro-familiar-virtual\/#article","isPartOf":{"@id":"https:\/\/valenciasjb.salesianos.edu\/colegio\/36o-encuentro-familiar-virtual\/"},"author":{"name":"ampasvsjb","@id":"https:\/\/valenciasjb.salesianos.edu\/colegio\/#\/schema\/person\/0726ac8cfbb8c3fbd6c5e1c72693053d"},"headline":"36\u00ba Encuentro Familiar (Virtual)","datePublished":"2020-05-20T10:37:19+00:00","dateModified":"2020-10-12T10:39:16+00:00","mainEntityOfPage":{"@id":"https:\/\/valenciasjb.salesianos.edu\/colegio\/36o-encuentro-familiar-virtual\/"},"wordCount":118,"image":{"@id":"https:\/\/valenciasjb.salesianos.edu\/colegio\/36o-encuentro-familiar-virtual\/#primaryimage"},"thumbnailUrl":"https:\/\/valenciasjb.salesianos.edu\/colegio\/wp-content\/uploads\/sites\/2\/2020\/10\/97992235_3109139169109267_170055545003180032_o.jpg","keywords":["#ampassjb"],"articleSection":["AMPAS Actividades","Noticias","Noticias AMPAS"],"inLanguage":"es"},{"@type":"WebPage","@id":"https:\/\/valenciasjb.salesianos.edu\/colegio\/36o-encuentro-familiar-virtual\/","url":"https:\/\/valenciasjb.salesianos.edu\/colegio\/36o-encuentro-familiar-virtual\/","name":"36\u00ba Encuentro Familiar (Virtual) - Colegio San Juan Bosco Valencia","isPartOf":{"@id":"https:\/\/valenciasjb.salesianos.edu\/colegio\/#website"},"primaryImageOfPage":{"@id":"https:\/\/valenciasjb.salesianos.edu\/colegio\/36o-encuentro-familiar-virtual\/#primaryimage"},"image":{"@id":"https:\/\/valenciasjb.salesianos.edu\/colegio\/36o-encuentro-familiar-virtual\/#primaryimage"},"thumbnailUrl":"https:\/\/valenciasjb.salesianos.edu\/colegio\/wp-content\/uploads\/sites\/2\/2020\/10\/97992235_3109139169109267_170055545003180032_o.jpg","datePublished":"2020-05-20T10:37:19+00:00","dateModified":"2020-10-12T10:39:16+00:00","author":{"@id":"https:\/\/valenciasjb.salesianos.edu\/colegio\/#\/schema\/person\/0726ac8cfbb8c3fbd6c5e1c72693053d"},"description":"AMPAS anima a toda la Comunidad Educativa a participar en el 36\u00ba Encuentro Familiar(Virtual) en Honor a Mar\u00eda Auxiliadora.","breadcrumb":{"@id":"https:\/\/valenciasjb.salesianos.edu\/colegio\/36o-encuentro-familiar-virtual\/#breadcrumb"},"inLanguage":"es","potentialAction":[{"@type":"ReadAction","target":["https:\/\/valenciasjb.salesianos.edu\/colegio\/36o-encuentro-familiar-virtual\/"]}]},{"@type":"ImageObject","inLanguage":"es","@id":"https:\/\/valenciasjb.salesianos.edu\/colegio\/36o-encuentro-familiar-virtual\/#primaryimage","url":"https:\/\/valenciasjb.salesianos.edu\/colegio\/wp-content\/uploads\/sites\/2\/2020\/10\/97992235_3109139169109267_170055545003180032_o.jpg","contentUrl":"https:\/\/valenciasjb.salesianos.edu\/colegio\/wp-content\/uploads\/sites\/2\/2020\/10\/97992235_3109139169109267_170055545003180032_o.jpg","width":720,"height":960},{"@type":"BreadcrumbList","@id":"https:\/\/valenciasjb.salesianos.edu\/colegio\/36o-encuentro-familiar-virtual\/#breadcrumb","itemListElement":[{"@type":"ListItem","position":1,"name":"Portada","item":"https:\/\/valenciasjb.salesianos.edu\/colegio\/"},{"@type":"ListItem","position":2,"name":"36\u00ba Encuentro Familiar (Virtual)"}]},{"@type":"WebSite","@id":"https:\/\/valenciasjb.salesianos.edu\/colegio\/#website","url":"https:\/\/valenciasjb.salesianos.edu\/colegio\/","name":"Colegio San Juan Bosco Valencia","description":"P\u00e1gina oficial del Colegio Salesianos San Juan Bosco Valencia","alternateName":"Salesianos.VSJB","potentialAction":[{"@type":"SearchAction","target":{"@type":"EntryPoint","urlTemplate":"https:\/\/valenciasjb.salesianos.edu\/colegio\/?s={search_term_string}"},"query-input":{"@type":"PropertyValueSpecification","valueRequired":true,"valueName":"search_term_string"}}],"inLanguage":"es"},{"@type":"Person","@id":"https:\/\/valenciasjb.salesianos.edu\/colegio\/#\/schema\/person\/0726ac8cfbb8c3fbd6c5e1c72693053d","name":"ampasvsjb","image":{"@type":"ImageObject","inLanguage":"es","@id":"https:\/\/secure.gravatar.com\/avatar\/be990de11bab2de567b8fb079bb13b0b2ebe2aab5258b635f6286f7a56c0c6c5?s=96&d=mm&r=g","url":"https:\/\/secure.gravatar.com\/avatar\/be990de11bab2de567b8fb079bb13b0b2ebe2aab5258b635f6286f7a56c0c6c5?s=96&d=mm&r=g","contentUrl":"https:\/\/secure.gravatar.com\/avatar\/be990de11bab2de567b8fb079bb13b0b2ebe2aab5258b635f6286f7a56c0c6c5?s=96&d=mm&r=g","caption":"ampasvsjb"}}]}},"_links":{"self":[{"href":"https:\/\/valenciasjb.salesianos.edu\/colegio\/wp-json\/wp\/v2\/posts\/14446","targetHints":{"allow":["GET"]}}],"collection":[{"href":"https:\/\/valenciasjb.salesianos.edu\/colegio\/wp-json\/wp\/v2\/posts"}],"about":[{"href":"https:\/\/valenciasjb.salesianos.edu\/colegio\/wp-json\/wp\/v2\/types\/post"}],"author":[{"embeddable":true,"href":"https:\/\/valenciasjb.salesianos.edu\/colegio\/wp-json\/wp\/v2\/users\/8"}],"replies":[{"embeddable":true,"href":"https:\/\/valenciasjb.salesianos.edu\/colegio\/wp-json\/wp\/v2\/comments?post=14446"}],"version-history":[{"count":2,"href":"https:\/\/valenciasjb.salesianos.edu\/colegio\/wp-json\/wp\/v2\/posts\/14446\/revisions"}],"predecessor-version":[{"id":14449,"href":"https:\/\/valenciasjb.salesianos.edu\/colegio\/wp-json\/wp\/v2\/posts\/14446\/revisions\/14449"}],"wp:featuredmedia":[{"embeddable":true,"href":"https:\/\/valenciasjb.salesianos.edu\/colegio\/wp-json\/wp\/v2\/media\/14447"}],"wp:attachment":[{"href":"https:\/\/valenciasjb.salesianos.edu\/colegio\/wp-json\/wp\/v2\/media?parent=14446"}],"wp:term":[{"taxonomy":"category","embeddable":true,"href":"https:\/\/valenciasjb.salesianos.edu\/colegio\/wp-json\/wp\/v2\/categories?post=14446"},{"taxonomy":"post_tag","embeddable":true,"href":"https:\/\/valenciasjb.salesianos.edu\/colegio\/wp-json\/wp\/v2\/tags?post=14446"}],"curies":[{"name":"wp","href":"https:\/\/api.w.org\/{rel}","templated":true}]}}