{"id":14486,"date":"2020-10-26T17:33:17","date_gmt":"2020-10-26T16:33:17","guid":{"rendered":"https:\/\/valenciasjb.salesianos.edu\/colegio\/?p=14486"},"modified":"2020-10-26T17:36:08","modified_gmt":"2020-10-26T16:36:08","slug":"ampas-se-reune-con-el-ayuntamiento-para-presentar-el-proyecto-entorno-seguro","status":"publish","type":"post","link":"https:\/\/valenciasjb.salesianos.edu\/colegio\/ampas-se-reune-con-el-ayuntamiento-para-presentar-el-proyecto-entorno-seguro\/","title":{"rendered":"AMPAS SE RE\u00daNE CON EL AYUNTAMIENTO PARA PRESENTAR EL PROYECTO \u201cENTORNO SEGURO\u201d"},"content":{"rendered":"<div id=\"fb-root\"><\/div>\n<p>[et_pb_section fb_built=\u00bb1&#8243; admin_label=\u00bbsection\u00bb _builder_version=\u00bb3.22&#8243;][et_pb_row admin_label=\u00bbrow\u00bb _builder_version=\u00bb3.25&#8243; background_size=\u00bbinitial\u00bb background_position=\u00bbtop_left\u00bb background_repeat=\u00bbrepeat\u00bb][et_pb_column type=\u00bb4_4&#8243; _builder_version=\u00bb3.25&#8243; custom_padding=\u00bb|||\u00bb custom_padding__hover=\u00bb|||\u00bb][et_pb_text admin_label=\u00bbEntradilla (Texto)\u00bb _builder_version=\u00bb4.6.0&#8243; text_font=\u00bb|on|||\u00bb text_orientation=\u00bbjustified\u00bb module_alignment=\u00bbjustified\u00bb]<\/p>\n<div id=\"resumen\"><strong>En la ma\u00f1ana del viernes 23 de octubre, representantes de la Junta de Ampas se reunieron con la Concejal\u00eda de Urbanismo del Ayuntamiento de Valencia para explicarles y hacerles llegar el bautizado por AMPAS como proyecto \u201cEntorno Seguro\u00bb.<\/strong><\/div>\n<div>\u00a0<\/div>\n<p>[\/et_pb_text][et_pb_text admin_label=\u00bbAutor (Texto)\u00bb _builder_version=\u00bb4.6.0&#8243; text_font=\u00bb||on||\u00bb]<\/p>\n<p>Junta de Ampas.<\/p>\n<p>[\/et_pb_text][et_pb_text admin_label=\u00bbDesarrollo (Texto)\u00bb _builder_version=\u00bb4.6.0&#8243; text_orientation=\u00bbjustified\u00bb module_alignment=\u00bbjustified\u00bb]<\/p>\n<p>\u200bA trav\u00e9s de este proyecto, Ampas pretende que el entorno m\u00e1s pr\u00f3ximo de nuestro Colegio sea m\u00e1s seguro y limpio tanto para alumnos como para familias, mejorando tambi\u00e9n as\u00ed el barrio en el que convivimos.<\/p>\n<p style=\"font-weight: 400\">Entre las demandas que se han trasladado se encuentran la reparaci\u00f3n de aceras, mantenimiento de arbolado, mantenimiento de parques, vallado y limpieza de solares, se\u00f1alizaci\u00f3n vertical en pasos de peatones y horizontal en carril bici, as\u00ed como una soluci\u00f3n viable para el edificio semiderruido, colindante con el campo de f\u00fatbol, y que tantas molestias genera.<\/p>\n<p style=\"font-weight: 400\">A lo largo de esta semana, Ampas dar\u00e1 traslado de todas las peticiones a las cuatro Concejal\u00edas implicadas, paso \u00e9ste necesario y previo para que se atiendan las peticiones. Confiamos en que ser\u00e1n atendidas y podremos disfrutar de un entorno m\u00e1s limpio y seguro para nuestro alumnado, familias y barrio.<\/p>\n<p>[\/et_pb_text][et_pb_text disabled_on=\u00bboff|on|on\u00bb admin_label=\u00bbT\u00edtulo: Galer\u00eda de fotos (Texto)\u00bb _builder_version=\u00bb3.27.4&#8243; text_font=\u00bb|on|||\u00bb text_text_color=\u00bb#dc001b\u00bb border_style=\u00bbsolid\u00bb]Galer\u00eda de im\u00e1genes<br \/>\n[\/et_pb_text][et_pb_gallery gallery_ids=\u00bb14485,14479,14480,14481,14478&#8243; posts_number=\u00bb8&#8243; show_title_and_caption=\u00bboff\u00bb zoom_icon_color=\u00bb#dc001b\u00bb hover_icon=\u00bb%%51%%\u00bb disabled_on=\u00bboff|off|off\u00bb _builder_version=\u00bb4.6.0&#8243; pagination_font_size_tablet=\u00bb51&#8243; pagination_line_height_tablet=\u00bb2&#8243;][\/et_pb_gallery][et_pb_video disabled_on=\u00bbon|on|on\u00bb _builder_version=\u00bb3.0.51&#8243; disabled=\u00bbon\u00bb][\/et_pb_video][\/et_pb_column][\/et_pb_row][\/et_pb_section]<\/p>\n<!-- AddThis Advanced Settings generic via filter on the_content --><!-- AddThis Share Buttons generic via filter on the_content -->","protected":false},"excerpt":{"rendered":"<p>En la ma\u00f1ana del viernes 23 de octubre, representantes de la Junta de Ampas se reunieron con la Concejal\u00eda de Urbanismo del Ayuntamiento de Valencia para explicarles y hacerles llegar el bautizado por AMPAS como proyecto \u201cEntorno Seguro\u00bb. \u00a0Junta de Ampas.\u200bA trav\u00e9s de este proyecto, Ampas pretende que el entorno m\u00e1s pr\u00f3ximo de nuestro Colegio [&hellip;]<\/p>\n<p><!-- AddThis Advanced Settings generic via filter on get_the_excerpt --><!-- AddThis Share Buttons generic via filter on get_the_excerpt --><\/p>\n","protected":false},"author":6,"featured_media":14485,"comment_status":"closed","ping_status":"open","sticky":false,"template":"","format":"standard","meta":{"_et_pb_use_builder":"on","_et_pb_old_content":"","_et_gb_content_width":"","footnotes":""},"categories":[30,14,32],"tags":[],"class_list":["post-14486","post","type-post","status-publish","format-standard","has-post-thumbnail","hentry","category-ampas_actividades","category-noticia_colegio","category-noticias-ampas"],"yoast_head":"<!-- This site is optimized with the Yoast SEO plugin v28.4 - https:\/\/yoast.com\/product\/yoast-seo-wordpress\/ -->\n<title>AMPAS SE RE\u00daNE CON EL AYUNTAMIENTO PARA PRESENTAR EL PROYECTO \u201cENTORNO SEGURO\u201d - Colegio San Juan Bosco Valencia<\/title>\n<meta name=\"robots\" content=\"index, follow, max-snippet:-1, max-image-preview:large, max-video-preview:-1\" \/>\n<link rel=\"canonical\" href=\"https:\/\/valenciasjb.salesianos.edu\/colegio\/ampas-se-reune-con-el-ayuntamiento-para-presentar-el-proyecto-entorno-seguro\/\" \/>\n<meta property=\"og:locale\" content=\"es_ES\" \/>\n<meta property=\"og:type\" content=\"article\" \/>\n<meta property=\"og:title\" content=\"AMPAS SE RE\u00daNE CON EL AYUNTAMIENTO PARA PRESENTAR EL PROYECTO \u201cENTORNO SEGURO\u201d - Colegio San Juan Bosco Valencia\" \/>\n<meta property=\"og:description\" content=\"En la ma\u00f1ana del viernes 23 de octubre, representantes de la Junta de Ampas se reunieron con la Concejal\u00eda de Urbanismo del Ayuntamiento de Valencia para explicarles y hacerles llegar el bautizado por AMPAS como proyecto \u201cEntorno Seguro&quot;. \u00a0Junta de Ampas.\u200bA trav\u00e9s de este proyecto, Ampas pretende que el entorno m\u00e1s pr\u00f3ximo de nuestro Colegio [&hellip;]\" \/>\n<meta property=\"og:url\" content=\"https:\/\/valenciasjb.salesianos.edu\/colegio\/ampas-se-reune-con-el-ayuntamiento-para-presentar-el-proyecto-entorno-seguro\/\" \/>\n<meta property=\"og:site_name\" content=\"Colegio San Juan Bosco Valencia\" \/>\n<meta property=\"article:publisher\" content=\"https:\/\/www.facebook.com\/ColegioSalesianoSanJuanBoscoValencia\" \/>\n<meta property=\"article:published_time\" content=\"2020-10-26T16:33:17+00:00\" \/>\n<meta property=\"article:modified_time\" content=\"2020-10-26T16:36:08+00:00\" \/>\n<meta property=\"og:image\" content=\"https:\/\/valenciasjb.salesianos.edu\/colegio\/wp-content\/uploads\/sites\/2\/2020\/10\/Foto-Junta-Ayuntamiento-scaled.jpg\" \/>\n\t<meta property=\"og:image:width\" content=\"2560\" \/>\n\t<meta property=\"og:image:height\" content=\"1920\" \/>\n\t<meta property=\"og:image:type\" content=\"image\/jpeg\" \/>\n<meta name=\"author\" content=\"veronicapastor\" \/>\n<meta name=\"twitter:card\" content=\"summary_large_image\" \/>\n<meta name=\"twitter:creator\" content=\"@SalesianosVSJB\" \/>\n<meta name=\"twitter:site\" content=\"@SalesianosVSJB\" \/>\n<meta name=\"twitter:label1\" content=\"Escrito por\" \/>\n\t<meta name=\"twitter:data1\" content=\"veronicapastor\" \/>\n\t<meta name=\"twitter:label2\" content=\"Tiempo de lectura\" \/>\n\t<meta name=\"twitter:data2\" content=\"2 minutos\" \/>\n<script type=\"application\/ld+json\" class=\"yoast-schema-graph\">{\"@context\":\"https:\\\/\\\/schema.org\",\"@graph\":[{\"@type\":\"Article\",\"@id\":\"https:\\\/\\\/valenciasjb.salesianos.edu\\\/colegio\\\/ampas-se-reune-con-el-ayuntamiento-para-presentar-el-proyecto-entorno-seguro\\\/#article\",\"isPartOf\":{\"@id\":\"https:\\\/\\\/valenciasjb.salesianos.edu\\\/colegio\\\/ampas-se-reune-con-el-ayuntamiento-para-presentar-el-proyecto-entorno-seguro\\\/\"},\"author\":{\"name\":\"veronicapastor\",\"@id\":\"https:\\\/\\\/valenciasjb.salesianos.edu\\\/colegio\\\/#\\\/schema\\\/person\\\/1f45b67e52b27da175190a574db6bed9\"},\"headline\":\"AMPAS SE RE\u00daNE CON EL AYUNTAMIENTO PARA PRESENTAR EL PROYECTO \u201cENTORNO SEGURO\u201d\",\"datePublished\":\"2020-10-26T16:33:17+00:00\",\"dateModified\":\"2020-10-26T16:36:08+00:00\",\"mainEntityOfPage\":{\"@id\":\"https:\\\/\\\/valenciasjb.salesianos.edu\\\/colegio\\\/ampas-se-reune-con-el-ayuntamiento-para-presentar-el-proyecto-entorno-seguro\\\/\"},\"wordCount\":400,\"image\":{\"@id\":\"https:\\\/\\\/valenciasjb.salesianos.edu\\\/colegio\\\/ampas-se-reune-con-el-ayuntamiento-para-presentar-el-proyecto-entorno-seguro\\\/#primaryimage\"},\"thumbnailUrl\":\"https:\\\/\\\/valenciasjb.salesianos.edu\\\/colegio\\\/wp-content\\\/uploads\\\/sites\\\/2\\\/2020\\\/10\\\/Foto-Junta-Ayuntamiento-scaled.jpg\",\"articleSection\":[\"AMPAS Actividades\",\"Noticia Colegio\",\"Noticias AMPAS\"],\"inLanguage\":\"es\"},{\"@type\":\"WebPage\",\"@id\":\"https:\\\/\\\/valenciasjb.salesianos.edu\\\/colegio\\\/ampas-se-reune-con-el-ayuntamiento-para-presentar-el-proyecto-entorno-seguro\\\/\",\"url\":\"https:\\\/\\\/valenciasjb.salesianos.edu\\\/colegio\\\/ampas-se-reune-con-el-ayuntamiento-para-presentar-el-proyecto-entorno-seguro\\\/\",\"name\":\"AMPAS SE RE\u00daNE CON EL AYUNTAMIENTO PARA PRESENTAR EL PROYECTO \u201cENTORNO SEGURO\u201d - Colegio San Juan Bosco Valencia\",\"isPartOf\":{\"@id\":\"https:\\\/\\\/valenciasjb.salesianos.edu\\\/colegio\\\/#website\"},\"primaryImageOfPage\":{\"@id\":\"https:\\\/\\\/valenciasjb.salesianos.edu\\\/colegio\\\/ampas-se-reune-con-el-ayuntamiento-para-presentar-el-proyecto-entorno-seguro\\\/#primaryimage\"},\"image\":{\"@id\":\"https:\\\/\\\/valenciasjb.salesianos.edu\\\/colegio\\\/ampas-se-reune-con-el-ayuntamiento-para-presentar-el-proyecto-entorno-seguro\\\/#primaryimage\"},\"thumbnailUrl\":\"https:\\\/\\\/valenciasjb.salesianos.edu\\\/colegio\\\/wp-content\\\/uploads\\\/sites\\\/2\\\/2020\\\/10\\\/Foto-Junta-Ayuntamiento-scaled.jpg\",\"datePublished\":\"2020-10-26T16:33:17+00:00\",\"dateModified\":\"2020-10-26T16:36:08+00:00\",\"author\":{\"@id\":\"https:\\\/\\\/valenciasjb.salesianos.edu\\\/colegio\\\/#\\\/schema\\\/person\\\/1f45b67e52b27da175190a574db6bed9\"},\"breadcrumb\":{\"@id\":\"https:\\\/\\\/valenciasjb.salesianos.edu\\\/colegio\\\/ampas-se-reune-con-el-ayuntamiento-para-presentar-el-proyecto-entorno-seguro\\\/#breadcrumb\"},\"inLanguage\":\"es\",\"potentialAction\":[{\"@type\":\"ReadAction\",\"target\":[\"https:\\\/\\\/valenciasjb.salesianos.edu\\\/colegio\\\/ampas-se-reune-con-el-ayuntamiento-para-presentar-el-proyecto-entorno-seguro\\\/\"]}]},{\"@type\":\"ImageObject\",\"inLanguage\":\"es\",\"@id\":\"https:\\\/\\\/valenciasjb.salesianos.edu\\\/colegio\\\/ampas-se-reune-con-el-ayuntamiento-para-presentar-el-proyecto-entorno-seguro\\\/#primaryimage\",\"url\":\"https:\\\/\\\/valenciasjb.salesianos.edu\\\/colegio\\\/wp-content\\\/uploads\\\/sites\\\/2\\\/2020\\\/10\\\/Foto-Junta-Ayuntamiento-scaled.jpg\",\"contentUrl\":\"https:\\\/\\\/valenciasjb.salesianos.edu\\\/colegio\\\/wp-content\\\/uploads\\\/sites\\\/2\\\/2020\\\/10\\\/Foto-Junta-Ayuntamiento-scaled.jpg\",\"width\":2560,\"height\":1920},{\"@type\":\"BreadcrumbList\",\"@id\":\"https:\\\/\\\/valenciasjb.salesianos.edu\\\/colegio\\\/ampas-se-reune-con-el-ayuntamiento-para-presentar-el-proyecto-entorno-seguro\\\/#breadcrumb\",\"itemListElement\":[{\"@type\":\"ListItem\",\"position\":1,\"name\":\"Portada\",\"item\":\"https:\\\/\\\/valenciasjb.salesianos.edu\\\/colegio\\\/\"},{\"@type\":\"ListItem\",\"position\":2,\"name\":\"AMPAS SE RE\u00daNE CON EL AYUNTAMIENTO PARA PRESENTAR EL PROYECTO \u201cENTORNO SEGURO\u201d\"}]},{\"@type\":\"WebSite\",\"@id\":\"https:\\\/\\\/valenciasjb.salesianos.edu\\\/colegio\\\/#website\",\"url\":\"https:\\\/\\\/valenciasjb.salesianos.edu\\\/colegio\\\/\",\"name\":\"Colegio San Juan Bosco Valencia\",\"description\":\"P\u00e1gina oficial del Colegio Salesianos San Juan Bosco Valencia\",\"alternateName\":\"Salesianos.VSJB\",\"potentialAction\":[{\"@type\":\"SearchAction\",\"target\":{\"@type\":\"EntryPoint\",\"urlTemplate\":\"https:\\\/\\\/valenciasjb.salesianos.edu\\\/colegio\\\/?s={search_term_string}\"},\"query-input\":{\"@type\":\"PropertyValueSpecification\",\"valueRequired\":true,\"valueName\":\"search_term_string\"}}],\"inLanguage\":\"es\"},{\"@type\":\"Person\",\"@id\":\"https:\\\/\\\/valenciasjb.salesianos.edu\\\/colegio\\\/#\\\/schema\\\/person\\\/1f45b67e52b27da175190a574db6bed9\",\"name\":\"veronicapastor\",\"image\":{\"@type\":\"ImageObject\",\"inLanguage\":\"es\",\"@id\":\"https:\\\/\\\/secure.gravatar.com\\\/avatar\\\/e29bd40bace3fd935e1d6fdb7313ffc14628cc037c5e16f4c7369b20a2a6f7f0?s=96&d=mm&r=g\",\"url\":\"https:\\\/\\\/secure.gravatar.com\\\/avatar\\\/e29bd40bace3fd935e1d6fdb7313ffc14628cc037c5e16f4c7369b20a2a6f7f0?s=96&d=mm&r=g\",\"contentUrl\":\"https:\\\/\\\/secure.gravatar.com\\\/avatar\\\/e29bd40bace3fd935e1d6fdb7313ffc14628cc037c5e16f4c7369b20a2a6f7f0?s=96&d=mm&r=g\",\"caption\":\"veronicapastor\"}}]}<\/script>\n<!-- \/ Yoast SEO plugin. -->","yoast_head_json":{"title":"AMPAS SE RE\u00daNE CON EL AYUNTAMIENTO PARA PRESENTAR EL PROYECTO \u201cENTORNO SEGURO\u201d - Colegio San Juan Bosco Valencia","robots":{"index":"index","follow":"follow","max-snippet":"max-snippet:-1","max-image-preview":"max-image-preview:large","max-video-preview":"max-video-preview:-1"},"canonical":"https:\/\/valenciasjb.salesianos.edu\/colegio\/ampas-se-reune-con-el-ayuntamiento-para-presentar-el-proyecto-entorno-seguro\/","og_locale":"es_ES","og_type":"article","og_title":"AMPAS SE RE\u00daNE CON EL AYUNTAMIENTO PARA PRESENTAR EL PROYECTO \u201cENTORNO SEGURO\u201d - Colegio San Juan Bosco Valencia","og_description":"En la ma\u00f1ana del viernes 23 de octubre, representantes de la Junta de Ampas se reunieron con la Concejal\u00eda de Urbanismo del Ayuntamiento de Valencia para explicarles y hacerles llegar el bautizado por AMPAS como proyecto \u201cEntorno Seguro\". \u00a0Junta de Ampas.\u200bA trav\u00e9s de este proyecto, Ampas pretende que el entorno m\u00e1s pr\u00f3ximo de nuestro Colegio [&hellip;]","og_url":"https:\/\/valenciasjb.salesianos.edu\/colegio\/ampas-se-reune-con-el-ayuntamiento-para-presentar-el-proyecto-entorno-seguro\/","og_site_name":"Colegio San Juan Bosco Valencia","article_publisher":"https:\/\/www.facebook.com\/ColegioSalesianoSanJuanBoscoValencia","article_published_time":"2020-10-26T16:33:17+00:00","article_modified_time":"2020-10-26T16:36:08+00:00","og_image":[{"width":2560,"height":1920,"url":"https:\/\/valenciasjb.salesianos.edu\/colegio\/wp-content\/uploads\/sites\/2\/2020\/10\/Foto-Junta-Ayuntamiento-scaled.jpg","type":"image\/jpeg"}],"author":"veronicapastor","twitter_card":"summary_large_image","twitter_creator":"@SalesianosVSJB","twitter_site":"@SalesianosVSJB","twitter_misc":{"Escrito por":"veronicapastor","Tiempo de lectura":"2 minutos"},"schema":{"@context":"https:\/\/schema.org","@graph":[{"@type":"Article","@id":"https:\/\/valenciasjb.salesianos.edu\/colegio\/ampas-se-reune-con-el-ayuntamiento-para-presentar-el-proyecto-entorno-seguro\/#article","isPartOf":{"@id":"https:\/\/valenciasjb.salesianos.edu\/colegio\/ampas-se-reune-con-el-ayuntamiento-para-presentar-el-proyecto-entorno-seguro\/"},"author":{"name":"veronicapastor","@id":"https:\/\/valenciasjb.salesianos.edu\/colegio\/#\/schema\/person\/1f45b67e52b27da175190a574db6bed9"},"headline":"AMPAS SE RE\u00daNE CON EL AYUNTAMIENTO PARA PRESENTAR EL PROYECTO \u201cENTORNO SEGURO\u201d","datePublished":"2020-10-26T16:33:17+00:00","dateModified":"2020-10-26T16:36:08+00:00","mainEntityOfPage":{"@id":"https:\/\/valenciasjb.salesianos.edu\/colegio\/ampas-se-reune-con-el-ayuntamiento-para-presentar-el-proyecto-entorno-seguro\/"},"wordCount":400,"image":{"@id":"https:\/\/valenciasjb.salesianos.edu\/colegio\/ampas-se-reune-con-el-ayuntamiento-para-presentar-el-proyecto-entorno-seguro\/#primaryimage"},"thumbnailUrl":"https:\/\/valenciasjb.salesianos.edu\/colegio\/wp-content\/uploads\/sites\/2\/2020\/10\/Foto-Junta-Ayuntamiento-scaled.jpg","articleSection":["AMPAS Actividades","Noticia Colegio","Noticias AMPAS"],"inLanguage":"es"},{"@type":"WebPage","@id":"https:\/\/valenciasjb.salesianos.edu\/colegio\/ampas-se-reune-con-el-ayuntamiento-para-presentar-el-proyecto-entorno-seguro\/","url":"https:\/\/valenciasjb.salesianos.edu\/colegio\/ampas-se-reune-con-el-ayuntamiento-para-presentar-el-proyecto-entorno-seguro\/","name":"AMPAS SE RE\u00daNE CON EL AYUNTAMIENTO PARA PRESENTAR EL PROYECTO \u201cENTORNO SEGURO\u201d - Colegio San Juan Bosco Valencia","isPartOf":{"@id":"https:\/\/valenciasjb.salesianos.edu\/colegio\/#website"},"primaryImageOfPage":{"@id":"https:\/\/valenciasjb.salesianos.edu\/colegio\/ampas-se-reune-con-el-ayuntamiento-para-presentar-el-proyecto-entorno-seguro\/#primaryimage"},"image":{"@id":"https:\/\/valenciasjb.salesianos.edu\/colegio\/ampas-se-reune-con-el-ayuntamiento-para-presentar-el-proyecto-entorno-seguro\/#primaryimage"},"thumbnailUrl":"https:\/\/valenciasjb.salesianos.edu\/colegio\/wp-content\/uploads\/sites\/2\/2020\/10\/Foto-Junta-Ayuntamiento-scaled.jpg","datePublished":"2020-10-26T16:33:17+00:00","dateModified":"2020-10-26T16:36:08+00:00","author":{"@id":"https:\/\/valenciasjb.salesianos.edu\/colegio\/#\/schema\/person\/1f45b67e52b27da175190a574db6bed9"},"breadcrumb":{"@id":"https:\/\/valenciasjb.salesianos.edu\/colegio\/ampas-se-reune-con-el-ayuntamiento-para-presentar-el-proyecto-entorno-seguro\/#breadcrumb"},"inLanguage":"es","potentialAction":[{"@type":"ReadAction","target":["https:\/\/valenciasjb.salesianos.edu\/colegio\/ampas-se-reune-con-el-ayuntamiento-para-presentar-el-proyecto-entorno-seguro\/"]}]},{"@type":"ImageObject","inLanguage":"es","@id":"https:\/\/valenciasjb.salesianos.edu\/colegio\/ampas-se-reune-con-el-ayuntamiento-para-presentar-el-proyecto-entorno-seguro\/#primaryimage","url":"https:\/\/valenciasjb.salesianos.edu\/colegio\/wp-content\/uploads\/sites\/2\/2020\/10\/Foto-Junta-Ayuntamiento-scaled.jpg","contentUrl":"https:\/\/valenciasjb.salesianos.edu\/colegio\/wp-content\/uploads\/sites\/2\/2020\/10\/Foto-Junta-Ayuntamiento-scaled.jpg","width":2560,"height":1920},{"@type":"BreadcrumbList","@id":"https:\/\/valenciasjb.salesianos.edu\/colegio\/ampas-se-reune-con-el-ayuntamiento-para-presentar-el-proyecto-entorno-seguro\/#breadcrumb","itemListElement":[{"@type":"ListItem","position":1,"name":"Portada","item":"https:\/\/valenciasjb.salesianos.edu\/colegio\/"},{"@type":"ListItem","position":2,"name":"AMPAS SE RE\u00daNE CON EL AYUNTAMIENTO PARA PRESENTAR EL PROYECTO \u201cENTORNO SEGURO\u201d"}]},{"@type":"WebSite","@id":"https:\/\/valenciasjb.salesianos.edu\/colegio\/#website","url":"https:\/\/valenciasjb.salesianos.edu\/colegio\/","name":"Colegio San Juan Bosco Valencia","description":"P\u00e1gina oficial del Colegio Salesianos San Juan Bosco Valencia","alternateName":"Salesianos.VSJB","potentialAction":[{"@type":"SearchAction","target":{"@type":"EntryPoint","urlTemplate":"https:\/\/valenciasjb.salesianos.edu\/colegio\/?s={search_term_string}"},"query-input":{"@type":"PropertyValueSpecification","valueRequired":true,"valueName":"search_term_string"}}],"inLanguage":"es"},{"@type":"Person","@id":"https:\/\/valenciasjb.salesianos.edu\/colegio\/#\/schema\/person\/1f45b67e52b27da175190a574db6bed9","name":"veronicapastor","image":{"@type":"ImageObject","inLanguage":"es","@id":"https:\/\/secure.gravatar.com\/avatar\/e29bd40bace3fd935e1d6fdb7313ffc14628cc037c5e16f4c7369b20a2a6f7f0?s=96&d=mm&r=g","url":"https:\/\/secure.gravatar.com\/avatar\/e29bd40bace3fd935e1d6fdb7313ffc14628cc037c5e16f4c7369b20a2a6f7f0?s=96&d=mm&r=g","contentUrl":"https:\/\/secure.gravatar.com\/avatar\/e29bd40bace3fd935e1d6fdb7313ffc14628cc037c5e16f4c7369b20a2a6f7f0?s=96&d=mm&r=g","caption":"veronicapastor"}}]}},"_links":{"self":[{"href":"https:\/\/valenciasjb.salesianos.edu\/colegio\/wp-json\/wp\/v2\/posts\/14486","targetHints":{"allow":["GET"]}}],"collection":[{"href":"https:\/\/valenciasjb.salesianos.edu\/colegio\/wp-json\/wp\/v2\/posts"}],"about":[{"href":"https:\/\/valenciasjb.salesianos.edu\/colegio\/wp-json\/wp\/v2\/types\/post"}],"author":[{"embeddable":true,"href":"https:\/\/valenciasjb.salesianos.edu\/colegio\/wp-json\/wp\/v2\/users\/6"}],"replies":[{"embeddable":true,"href":"https:\/\/valenciasjb.salesianos.edu\/colegio\/wp-json\/wp\/v2\/comments?post=14486"}],"version-history":[{"count":5,"href":"https:\/\/valenciasjb.salesianos.edu\/colegio\/wp-json\/wp\/v2\/posts\/14486\/revisions"}],"predecessor-version":[{"id":14492,"href":"https:\/\/valenciasjb.salesianos.edu\/colegio\/wp-json\/wp\/v2\/posts\/14486\/revisions\/14492"}],"wp:featuredmedia":[{"embeddable":true,"href":"https:\/\/valenciasjb.salesianos.edu\/colegio\/wp-json\/wp\/v2\/media\/14485"}],"wp:attachment":[{"href":"https:\/\/valenciasjb.salesianos.edu\/colegio\/wp-json\/wp\/v2\/media?parent=14486"}],"wp:term":[{"taxonomy":"category","embeddable":true,"href":"https:\/\/valenciasjb.salesianos.edu\/colegio\/wp-json\/wp\/v2\/categories?post=14486"},{"taxonomy":"post_tag","embeddable":true,"href":"https:\/\/valenciasjb.salesianos.edu\/colegio\/wp-json\/wp\/v2\/tags?post=14486"}],"curies":[{"name":"wp","href":"https:\/\/api.w.org\/{rel}","templated":true}]}}