{"id":14516,"date":"2020-11-09T13:14:31","date_gmt":"2020-11-09T12:14:31","guid":{"rendered":"https:\/\/valenciasjb.salesianos.edu\/colegio\/?p=14516"},"modified":"2020-11-09T13:14:34","modified_gmt":"2020-11-09T12:14:34","slug":"nuestro-profesor-miguel-angel-zurano-nombrado-como-uno-de-los-50-profesores-mas-brillantes-de-la-comunitat-valenciana","status":"publish","type":"post","link":"https:\/\/valenciasjb.salesianos.edu\/colegio\/nuestro-profesor-miguel-angel-zurano-nombrado-como-uno-de-los-50-profesores-mas-brillantes-de-la-comunitat-valenciana\/","title":{"rendered":"Nuestro profesor Miguel \u00c1ngel Zurano nombrado como uno de los 50 profesores m\u00e1s brillantes de la Comunitat Valenciana"},"content":{"rendered":"<div id=\"fb-root\"><\/div>\n<p>[et_pb_section fb_built=\u00bb1&#8243; admin_label=\u00bbsection\u00bb _builder_version=\u00bb3.22&#8243;][et_pb_row admin_label=\u00bbrow\u00bb _builder_version=\u00bb3.25&#8243; background_size=\u00bbinitial\u00bb background_position=\u00bbtop_left\u00bb background_repeat=\u00bbrepeat\u00bb][et_pb_column type=\u00bb4_4&#8243; _builder_version=\u00bb3.25&#8243; custom_padding=\u00bb|||\u00bb custom_padding__hover=\u00bb|||\u00bb][et_pb_text admin_label=\u00bbEntradilla (Texto)\u00bb _builder_version=\u00bb4.6.0&#8243; text_font=\u00bb|on|||\u00bb text_orientation=\u00bbjustified\u00bb module_alignment=\u00bbjustified\u00bb hover_enabled=\u00bb0&#8243; sticky_enabled=\u00bb0&#8243;]<\/p>\n<div id=\"resumen\"><strong>La Universitat Polit\u00e8cnica de Val\u00e8ncia ha reconocido la labor que realizan los docentes de la Comunitat Valenciana. En total han sido 50 profesores de ESO, Bachillerato y Ciclos Formativos los seleccionados. La elecci\u00f3n la realizan los alumnos de primer curso de la misma UPV, lo que resulta especialmente emotivo.<\/strong><\/div>\n<div>\u00a0<\/div>\n<p>[\/et_pb_text][et_pb_text admin_label=\u00bbAutor (Texto)\u00bb _builder_version=\u00bb3.27.4&#8243; text_font=\u00bb||on||\u00bb]Redacci\u00f3n<br \/>\n[\/et_pb_text][et_pb_text admin_label=\u00bbDesarrollo (Texto)\u00bb _builder_version=\u00bb4.6.0&#8243; text_orientation=\u00bbjustified\u00bb module_alignment=\u00bbjustified\u00bb hover_enabled=\u00bb0&#8243; sticky_enabled=\u00bb0&#8243;]<\/p>\n<p>De esta noticia se han hecho eco varios medios de comunicaci\u00f3n:<\/p>\n<blockquote class=\"wp-embedded-content\" data-secret=\"2c01K5XxwY\"><p><a href=\"https:\/\/7televalencia.com\/es\/listado-50-mejores-profesores-comunitat-2020\/\">Estos son los 50 profesores m\u00e1s brillantes de la Comunitat Valenciana<\/a><\/p><\/blockquote>\n<p><iframe loading=\"lazy\" class=\"wp-embedded-content\" sandbox=\"allow-scripts\" security=\"restricted\" style=\"position: absolute; clip: rect(1px, 1px, 1px, 1px);\" title=\"&#8220;Estos son los 50 profesores m\u00e1s brillantes de la Comunitat Valenciana&#8221; &#8212; 7TeleValencia\" src=\"https:\/\/7televalencia.com\/es\/listado-50-mejores-profesores-comunitat-2020\/embed\/#?secret=2c01K5XxwY\" data-secret=\"2c01K5XxwY\" width=\"600\" height=\"338\" frameborder=\"0\" marginwidth=\"0\" marginheight=\"0\" scrolling=\"no\"><\/iframe><\/p>\n<p><a href=\"https:\/\/www.lavanguardia.com\/local\/valencia\/20201106\/49268338003\/la-upv-premia-a-50-profesores-brillantes-de-la-comunitat-valenciana-ser-docente-significa-ensenar-y-emocionar.html\">https:\/\/www.lavanguardia.com\/local\/valencia\/20201106\/49268338003\/la-upv-premia-a-50-profesores-brillantes-de-la-comunitat-valenciana-ser-docente-significa-ensenar-y-emocionar.html<\/a><\/p>\n<p><a href=\"https:\/\/www.20minutos.es\/noticia\/4448433\/0\/la-upv-premia-a-50-profesores-brillantes-de-la-comunitat-valenciana-ser-docente-significa-ensenar-y-emocionar\/\">https:\/\/www.20minutos.es\/noticia\/4448433\/0\/la-upv-premia-a-50-profesores-brillantes-de-la-comunitat-valenciana-ser-docente-significa-ensenar-y-emocionar\/<\/a><\/p>\n<p>El colegio comparte la alegr\u00eda y quiere dar la enhorabuena a nuestro profesor Miguel \u00c1ngel Zurano por este merecido reconocimiento, por inculcar los valores de don Bosco en nuestro alumnado. \u00a1Contigo abiertos al futuro! Somos uno.<\/p>\n<p>[\/et_pb_text][et_pb_text disabled_on=\u00bboff|on|on\u00bb admin_label=\u00bbT\u00edtulo: Galer\u00eda de fotos (Texto)\u00bb _builder_version=\u00bb3.27.4&#8243; text_font=\u00bb|on|||\u00bb text_text_color=\u00bb#dc001b\u00bb border_style=\u00bbsolid\u00bb]Galer\u00eda de im\u00e1genes<br \/>\n[\/et_pb_text][et_pb_gallery gallery_ids=\u00bb14515&#8243; posts_number=\u00bb8&#8243; show_title_and_caption=\u00bboff\u00bb zoom_icon_color=\u00bb#dc001b\u00bb hover_icon=\u00bb%%51%%\u00bb disabled_on=\u00bboff|off|off\u00bb _builder_version=\u00bb4.6.0&#8243; hover_enabled=\u00bb0&#8243; pagination_font_size_tablet=\u00bb51&#8243; pagination_line_height_tablet=\u00bb2&#8243; sticky_enabled=\u00bb0&#8243;][\/et_pb_gallery][et_pb_video disabled_on=\u00bbon|on|on\u00bb _builder_version=\u00bb3.0.51&#8243; disabled=\u00bbon\u00bb][\/et_pb_video][\/et_pb_column][\/et_pb_row][\/et_pb_section]<\/p>\n<!-- AddThis Advanced Settings generic via filter on the_content --><!-- AddThis Share Buttons generic via filter on the_content -->","protected":false},"excerpt":{"rendered":"<p>La Universitat Polit\u00e8cnica de Val\u00e8ncia ha reconocido la labor que realizan los docentes de la Comunitat Valenciana. En total han sido 50 profesores de ESO, Bachillerato y Ciclos Formativos los seleccionados. La elecci\u00f3n la realizan los alumnos de primer curso de la misma UPV, lo que resulta especialmente emotivo. \u00a0 Redacci\u00f3n De esta noticia se [&hellip;]<\/p>\n<p><!-- AddThis Advanced Settings generic via filter on get_the_excerpt --><!-- AddThis Share Buttons generic via filter on get_the_excerpt --><\/p>\n","protected":false},"author":6,"featured_media":14515,"comment_status":"closed","ping_status":"open","sticky":false,"template":"","format":"standard","meta":{"_et_pb_use_builder":"on","_et_pb_old_content":"","_et_gb_content_width":"","footnotes":""},"categories":[14],"tags":[],"class_list":["post-14516","post","type-post","status-publish","format-standard","has-post-thumbnail","hentry","category-noticia_colegio"],"yoast_head":"<!-- This site is optimized with the Yoast SEO plugin v28.4 - https:\/\/yoast.com\/product\/yoast-seo-wordpress\/ -->\n<title>Nuestro profesor Miguel \u00c1ngel Zurano nombrado como uno de los 50 profesores m\u00e1s brillantes de la Comunitat Valenciana - Colegio San Juan Bosco Valencia<\/title>\n<meta name=\"robots\" content=\"index, follow, max-snippet:-1, max-image-preview:large, max-video-preview:-1\" \/>\n<link rel=\"canonical\" href=\"https:\/\/valenciasjb.salesianos.edu\/colegio\/nuestro-profesor-miguel-angel-zurano-nombrado-como-uno-de-los-50-profesores-mas-brillantes-de-la-comunitat-valenciana\/\" \/>\n<meta property=\"og:locale\" content=\"es_ES\" \/>\n<meta property=\"og:type\" content=\"article\" \/>\n<meta property=\"og:title\" content=\"Nuestro profesor Miguel \u00c1ngel Zurano nombrado como uno de los 50 profesores m\u00e1s brillantes de la Comunitat Valenciana - Colegio San Juan Bosco Valencia\" \/>\n<meta property=\"og:description\" content=\"La Universitat Polit\u00e8cnica de Val\u00e8ncia ha reconocido la labor que realizan los docentes de la Comunitat Valenciana. En total han sido 50 profesores de ESO, Bachillerato y Ciclos Formativos los seleccionados. La elecci\u00f3n la realizan los alumnos de primer curso de la misma UPV, lo que resulta especialmente emotivo. \u00a0 Redacci\u00f3n De esta noticia se [&hellip;]\" \/>\n<meta property=\"og:url\" content=\"https:\/\/valenciasjb.salesianos.edu\/colegio\/nuestro-profesor-miguel-angel-zurano-nombrado-como-uno-de-los-50-profesores-mas-brillantes-de-la-comunitat-valenciana\/\" \/>\n<meta property=\"og:site_name\" content=\"Colegio San Juan Bosco Valencia\" \/>\n<meta property=\"article:publisher\" content=\"https:\/\/www.facebook.com\/ColegioSalesianoSanJuanBoscoValencia\" \/>\n<meta property=\"article:published_time\" content=\"2020-11-09T12:14:31+00:00\" \/>\n<meta property=\"article:modified_time\" content=\"2020-11-09T12:14:34+00:00\" \/>\n<meta property=\"og:image\" content=\"https:\/\/valenciasjb.salesianos.edu\/colegio\/wp-content\/uploads\/sites\/2\/2020\/11\/sketch-1604923273695.jpg\" \/>\n\t<meta property=\"og:image:width\" content=\"720\" \/>\n\t<meta property=\"og:image:height\" content=\"960\" \/>\n\t<meta property=\"og:image:type\" content=\"image\/jpeg\" \/>\n<meta name=\"author\" content=\"veronicapastor\" \/>\n<meta name=\"twitter:card\" content=\"summary_large_image\" \/>\n<meta name=\"twitter:creator\" content=\"@SalesianosVSJB\" \/>\n<meta name=\"twitter:site\" content=\"@SalesianosVSJB\" \/>\n<meta name=\"twitter:label1\" content=\"Escrito por\" \/>\n\t<meta name=\"twitter:data1\" content=\"veronicapastor\" \/>\n\t<meta name=\"twitter:label2\" content=\"Tiempo de lectura\" \/>\n\t<meta name=\"twitter:data2\" content=\"2 minutos\" \/>\n<script type=\"application\/ld+json\" class=\"yoast-schema-graph\">{\"@context\":\"https:\\\/\\\/schema.org\",\"@graph\":[{\"@type\":\"Article\",\"@id\":\"https:\\\/\\\/valenciasjb.salesianos.edu\\\/colegio\\\/nuestro-profesor-miguel-angel-zurano-nombrado-como-uno-de-los-50-profesores-mas-brillantes-de-la-comunitat-valenciana\\\/#article\",\"isPartOf\":{\"@id\":\"https:\\\/\\\/valenciasjb.salesianos.edu\\\/colegio\\\/nuestro-profesor-miguel-angel-zurano-nombrado-como-uno-de-los-50-profesores-mas-brillantes-de-la-comunitat-valenciana\\\/\"},\"author\":{\"name\":\"veronicapastor\",\"@id\":\"https:\\\/\\\/valenciasjb.salesianos.edu\\\/colegio\\\/#\\\/schema\\\/person\\\/1f45b67e52b27da175190a574db6bed9\"},\"headline\":\"Nuestro profesor Miguel \u00c1ngel Zurano nombrado como uno de los 50 profesores m\u00e1s brillantes de la Comunitat Valenciana\",\"datePublished\":\"2020-11-09T12:14:31+00:00\",\"dateModified\":\"2020-11-09T12:14:34+00:00\",\"mainEntityOfPage\":{\"@id\":\"https:\\\/\\\/valenciasjb.salesianos.edu\\\/colegio\\\/nuestro-profesor-miguel-angel-zurano-nombrado-como-uno-de-los-50-profesores-mas-brillantes-de-la-comunitat-valenciana\\\/\"},\"wordCount\":346,\"image\":{\"@id\":\"https:\\\/\\\/valenciasjb.salesianos.edu\\\/colegio\\\/nuestro-profesor-miguel-angel-zurano-nombrado-como-uno-de-los-50-profesores-mas-brillantes-de-la-comunitat-valenciana\\\/#primaryimage\"},\"thumbnailUrl\":\"https:\\\/\\\/valenciasjb.salesianos.edu\\\/colegio\\\/wp-content\\\/uploads\\\/sites\\\/2\\\/2020\\\/11\\\/sketch-1604923273695.jpg\",\"articleSection\":[\"Noticia Colegio\"],\"inLanguage\":\"es\"},{\"@type\":\"WebPage\",\"@id\":\"https:\\\/\\\/valenciasjb.salesianos.edu\\\/colegio\\\/nuestro-profesor-miguel-angel-zurano-nombrado-como-uno-de-los-50-profesores-mas-brillantes-de-la-comunitat-valenciana\\\/\",\"url\":\"https:\\\/\\\/valenciasjb.salesianos.edu\\\/colegio\\\/nuestro-profesor-miguel-angel-zurano-nombrado-como-uno-de-los-50-profesores-mas-brillantes-de-la-comunitat-valenciana\\\/\",\"name\":\"Nuestro profesor Miguel \u00c1ngel Zurano nombrado como uno de los 50 profesores m\u00e1s brillantes de la Comunitat Valenciana - Colegio San Juan Bosco Valencia\",\"isPartOf\":{\"@id\":\"https:\\\/\\\/valenciasjb.salesianos.edu\\\/colegio\\\/#website\"},\"primaryImageOfPage\":{\"@id\":\"https:\\\/\\\/valenciasjb.salesianos.edu\\\/colegio\\\/nuestro-profesor-miguel-angel-zurano-nombrado-como-uno-de-los-50-profesores-mas-brillantes-de-la-comunitat-valenciana\\\/#primaryimage\"},\"image\":{\"@id\":\"https:\\\/\\\/valenciasjb.salesianos.edu\\\/colegio\\\/nuestro-profesor-miguel-angel-zurano-nombrado-como-uno-de-los-50-profesores-mas-brillantes-de-la-comunitat-valenciana\\\/#primaryimage\"},\"thumbnailUrl\":\"https:\\\/\\\/valenciasjb.salesianos.edu\\\/colegio\\\/wp-content\\\/uploads\\\/sites\\\/2\\\/2020\\\/11\\\/sketch-1604923273695.jpg\",\"datePublished\":\"2020-11-09T12:14:31+00:00\",\"dateModified\":\"2020-11-09T12:14:34+00:00\",\"author\":{\"@id\":\"https:\\\/\\\/valenciasjb.salesianos.edu\\\/colegio\\\/#\\\/schema\\\/person\\\/1f45b67e52b27da175190a574db6bed9\"},\"breadcrumb\":{\"@id\":\"https:\\\/\\\/valenciasjb.salesianos.edu\\\/colegio\\\/nuestro-profesor-miguel-angel-zurano-nombrado-como-uno-de-los-50-profesores-mas-brillantes-de-la-comunitat-valenciana\\\/#breadcrumb\"},\"inLanguage\":\"es\",\"potentialAction\":[{\"@type\":\"ReadAction\",\"target\":[\"https:\\\/\\\/valenciasjb.salesianos.edu\\\/colegio\\\/nuestro-profesor-miguel-angel-zurano-nombrado-como-uno-de-los-50-profesores-mas-brillantes-de-la-comunitat-valenciana\\\/\"]}]},{\"@type\":\"ImageObject\",\"inLanguage\":\"es\",\"@id\":\"https:\\\/\\\/valenciasjb.salesianos.edu\\\/colegio\\\/nuestro-profesor-miguel-angel-zurano-nombrado-como-uno-de-los-50-profesores-mas-brillantes-de-la-comunitat-valenciana\\\/#primaryimage\",\"url\":\"https:\\\/\\\/valenciasjb.salesianos.edu\\\/colegio\\\/wp-content\\\/uploads\\\/sites\\\/2\\\/2020\\\/11\\\/sketch-1604923273695.jpg\",\"contentUrl\":\"https:\\\/\\\/valenciasjb.salesianos.edu\\\/colegio\\\/wp-content\\\/uploads\\\/sites\\\/2\\\/2020\\\/11\\\/sketch-1604923273695.jpg\",\"width\":720,\"height\":960},{\"@type\":\"BreadcrumbList\",\"@id\":\"https:\\\/\\\/valenciasjb.salesianos.edu\\\/colegio\\\/nuestro-profesor-miguel-angel-zurano-nombrado-como-uno-de-los-50-profesores-mas-brillantes-de-la-comunitat-valenciana\\\/#breadcrumb\",\"itemListElement\":[{\"@type\":\"ListItem\",\"position\":1,\"name\":\"Portada\",\"item\":\"https:\\\/\\\/valenciasjb.salesianos.edu\\\/colegio\\\/\"},{\"@type\":\"ListItem\",\"position\":2,\"name\":\"Nuestro profesor Miguel \u00c1ngel Zurano nombrado como uno de los 50 profesores m\u00e1s brillantes de la Comunitat Valenciana\"}]},{\"@type\":\"WebSite\",\"@id\":\"https:\\\/\\\/valenciasjb.salesianos.edu\\\/colegio\\\/#website\",\"url\":\"https:\\\/\\\/valenciasjb.salesianos.edu\\\/colegio\\\/\",\"name\":\"Colegio San Juan Bosco Valencia\",\"description\":\"P\u00e1gina oficial del Colegio Salesianos San Juan Bosco Valencia\",\"alternateName\":\"Salesianos.VSJB\",\"potentialAction\":[{\"@type\":\"SearchAction\",\"target\":{\"@type\":\"EntryPoint\",\"urlTemplate\":\"https:\\\/\\\/valenciasjb.salesianos.edu\\\/colegio\\\/?s={search_term_string}\"},\"query-input\":{\"@type\":\"PropertyValueSpecification\",\"valueRequired\":true,\"valueName\":\"search_term_string\"}}],\"inLanguage\":\"es\"},{\"@type\":\"Person\",\"@id\":\"https:\\\/\\\/valenciasjb.salesianos.edu\\\/colegio\\\/#\\\/schema\\\/person\\\/1f45b67e52b27da175190a574db6bed9\",\"name\":\"veronicapastor\",\"image\":{\"@type\":\"ImageObject\",\"inLanguage\":\"es\",\"@id\":\"https:\\\/\\\/secure.gravatar.com\\\/avatar\\\/e29bd40bace3fd935e1d6fdb7313ffc14628cc037c5e16f4c7369b20a2a6f7f0?s=96&d=mm&r=g\",\"url\":\"https:\\\/\\\/secure.gravatar.com\\\/avatar\\\/e29bd40bace3fd935e1d6fdb7313ffc14628cc037c5e16f4c7369b20a2a6f7f0?s=96&d=mm&r=g\",\"contentUrl\":\"https:\\\/\\\/secure.gravatar.com\\\/avatar\\\/e29bd40bace3fd935e1d6fdb7313ffc14628cc037c5e16f4c7369b20a2a6f7f0?s=96&d=mm&r=g\",\"caption\":\"veronicapastor\"}}]}<\/script>\n<!-- \/ Yoast SEO plugin. -->","yoast_head_json":{"title":"Nuestro profesor Miguel \u00c1ngel Zurano nombrado como uno de los 50 profesores m\u00e1s brillantes de la Comunitat Valenciana - Colegio San Juan Bosco Valencia","robots":{"index":"index","follow":"follow","max-snippet":"max-snippet:-1","max-image-preview":"max-image-preview:large","max-video-preview":"max-video-preview:-1"},"canonical":"https:\/\/valenciasjb.salesianos.edu\/colegio\/nuestro-profesor-miguel-angel-zurano-nombrado-como-uno-de-los-50-profesores-mas-brillantes-de-la-comunitat-valenciana\/","og_locale":"es_ES","og_type":"article","og_title":"Nuestro profesor Miguel \u00c1ngel Zurano nombrado como uno de los 50 profesores m\u00e1s brillantes de la Comunitat Valenciana - Colegio San Juan Bosco Valencia","og_description":"La Universitat Polit\u00e8cnica de Val\u00e8ncia ha reconocido la labor que realizan los docentes de la Comunitat Valenciana. En total han sido 50 profesores de ESO, Bachillerato y Ciclos Formativos los seleccionados. La elecci\u00f3n la realizan los alumnos de primer curso de la misma UPV, lo que resulta especialmente emotivo. \u00a0 Redacci\u00f3n De esta noticia se [&hellip;]","og_url":"https:\/\/valenciasjb.salesianos.edu\/colegio\/nuestro-profesor-miguel-angel-zurano-nombrado-como-uno-de-los-50-profesores-mas-brillantes-de-la-comunitat-valenciana\/","og_site_name":"Colegio San Juan Bosco Valencia","article_publisher":"https:\/\/www.facebook.com\/ColegioSalesianoSanJuanBoscoValencia","article_published_time":"2020-11-09T12:14:31+00:00","article_modified_time":"2020-11-09T12:14:34+00:00","og_image":[{"width":720,"height":960,"url":"https:\/\/valenciasjb.salesianos.edu\/colegio\/wp-content\/uploads\/sites\/2\/2020\/11\/sketch-1604923273695.jpg","type":"image\/jpeg"}],"author":"veronicapastor","twitter_card":"summary_large_image","twitter_creator":"@SalesianosVSJB","twitter_site":"@SalesianosVSJB","twitter_misc":{"Escrito por":"veronicapastor","Tiempo de lectura":"2 minutos"},"schema":{"@context":"https:\/\/schema.org","@graph":[{"@type":"Article","@id":"https:\/\/valenciasjb.salesianos.edu\/colegio\/nuestro-profesor-miguel-angel-zurano-nombrado-como-uno-de-los-50-profesores-mas-brillantes-de-la-comunitat-valenciana\/#article","isPartOf":{"@id":"https:\/\/valenciasjb.salesianos.edu\/colegio\/nuestro-profesor-miguel-angel-zurano-nombrado-como-uno-de-los-50-profesores-mas-brillantes-de-la-comunitat-valenciana\/"},"author":{"name":"veronicapastor","@id":"https:\/\/valenciasjb.salesianos.edu\/colegio\/#\/schema\/person\/1f45b67e52b27da175190a574db6bed9"},"headline":"Nuestro profesor Miguel \u00c1ngel Zurano nombrado como uno de los 50 profesores m\u00e1s brillantes de la Comunitat Valenciana","datePublished":"2020-11-09T12:14:31+00:00","dateModified":"2020-11-09T12:14:34+00:00","mainEntityOfPage":{"@id":"https:\/\/valenciasjb.salesianos.edu\/colegio\/nuestro-profesor-miguel-angel-zurano-nombrado-como-uno-de-los-50-profesores-mas-brillantes-de-la-comunitat-valenciana\/"},"wordCount":346,"image":{"@id":"https:\/\/valenciasjb.salesianos.edu\/colegio\/nuestro-profesor-miguel-angel-zurano-nombrado-como-uno-de-los-50-profesores-mas-brillantes-de-la-comunitat-valenciana\/#primaryimage"},"thumbnailUrl":"https:\/\/valenciasjb.salesianos.edu\/colegio\/wp-content\/uploads\/sites\/2\/2020\/11\/sketch-1604923273695.jpg","articleSection":["Noticia Colegio"],"inLanguage":"es"},{"@type":"WebPage","@id":"https:\/\/valenciasjb.salesianos.edu\/colegio\/nuestro-profesor-miguel-angel-zurano-nombrado-como-uno-de-los-50-profesores-mas-brillantes-de-la-comunitat-valenciana\/","url":"https:\/\/valenciasjb.salesianos.edu\/colegio\/nuestro-profesor-miguel-angel-zurano-nombrado-como-uno-de-los-50-profesores-mas-brillantes-de-la-comunitat-valenciana\/","name":"Nuestro profesor Miguel \u00c1ngel Zurano nombrado como uno de los 50 profesores m\u00e1s brillantes de la Comunitat Valenciana - Colegio San Juan Bosco Valencia","isPartOf":{"@id":"https:\/\/valenciasjb.salesianos.edu\/colegio\/#website"},"primaryImageOfPage":{"@id":"https:\/\/valenciasjb.salesianos.edu\/colegio\/nuestro-profesor-miguel-angel-zurano-nombrado-como-uno-de-los-50-profesores-mas-brillantes-de-la-comunitat-valenciana\/#primaryimage"},"image":{"@id":"https:\/\/valenciasjb.salesianos.edu\/colegio\/nuestro-profesor-miguel-angel-zurano-nombrado-como-uno-de-los-50-profesores-mas-brillantes-de-la-comunitat-valenciana\/#primaryimage"},"thumbnailUrl":"https:\/\/valenciasjb.salesianos.edu\/colegio\/wp-content\/uploads\/sites\/2\/2020\/11\/sketch-1604923273695.jpg","datePublished":"2020-11-09T12:14:31+00:00","dateModified":"2020-11-09T12:14:34+00:00","author":{"@id":"https:\/\/valenciasjb.salesianos.edu\/colegio\/#\/schema\/person\/1f45b67e52b27da175190a574db6bed9"},"breadcrumb":{"@id":"https:\/\/valenciasjb.salesianos.edu\/colegio\/nuestro-profesor-miguel-angel-zurano-nombrado-como-uno-de-los-50-profesores-mas-brillantes-de-la-comunitat-valenciana\/#breadcrumb"},"inLanguage":"es","potentialAction":[{"@type":"ReadAction","target":["https:\/\/valenciasjb.salesianos.edu\/colegio\/nuestro-profesor-miguel-angel-zurano-nombrado-como-uno-de-los-50-profesores-mas-brillantes-de-la-comunitat-valenciana\/"]}]},{"@type":"ImageObject","inLanguage":"es","@id":"https:\/\/valenciasjb.salesianos.edu\/colegio\/nuestro-profesor-miguel-angel-zurano-nombrado-como-uno-de-los-50-profesores-mas-brillantes-de-la-comunitat-valenciana\/#primaryimage","url":"https:\/\/valenciasjb.salesianos.edu\/colegio\/wp-content\/uploads\/sites\/2\/2020\/11\/sketch-1604923273695.jpg","contentUrl":"https:\/\/valenciasjb.salesianos.edu\/colegio\/wp-content\/uploads\/sites\/2\/2020\/11\/sketch-1604923273695.jpg","width":720,"height":960},{"@type":"BreadcrumbList","@id":"https:\/\/valenciasjb.salesianos.edu\/colegio\/nuestro-profesor-miguel-angel-zurano-nombrado-como-uno-de-los-50-profesores-mas-brillantes-de-la-comunitat-valenciana\/#breadcrumb","itemListElement":[{"@type":"ListItem","position":1,"name":"Portada","item":"https:\/\/valenciasjb.salesianos.edu\/colegio\/"},{"@type":"ListItem","position":2,"name":"Nuestro profesor Miguel \u00c1ngel Zurano nombrado como uno de los 50 profesores m\u00e1s brillantes de la Comunitat Valenciana"}]},{"@type":"WebSite","@id":"https:\/\/valenciasjb.salesianos.edu\/colegio\/#website","url":"https:\/\/valenciasjb.salesianos.edu\/colegio\/","name":"Colegio San Juan Bosco Valencia","description":"P\u00e1gina oficial del Colegio Salesianos San Juan Bosco Valencia","alternateName":"Salesianos.VSJB","potentialAction":[{"@type":"SearchAction","target":{"@type":"EntryPoint","urlTemplate":"https:\/\/valenciasjb.salesianos.edu\/colegio\/?s={search_term_string}"},"query-input":{"@type":"PropertyValueSpecification","valueRequired":true,"valueName":"search_term_string"}}],"inLanguage":"es"},{"@type":"Person","@id":"https:\/\/valenciasjb.salesianos.edu\/colegio\/#\/schema\/person\/1f45b67e52b27da175190a574db6bed9","name":"veronicapastor","image":{"@type":"ImageObject","inLanguage":"es","@id":"https:\/\/secure.gravatar.com\/avatar\/e29bd40bace3fd935e1d6fdb7313ffc14628cc037c5e16f4c7369b20a2a6f7f0?s=96&d=mm&r=g","url":"https:\/\/secure.gravatar.com\/avatar\/e29bd40bace3fd935e1d6fdb7313ffc14628cc037c5e16f4c7369b20a2a6f7f0?s=96&d=mm&r=g","contentUrl":"https:\/\/secure.gravatar.com\/avatar\/e29bd40bace3fd935e1d6fdb7313ffc14628cc037c5e16f4c7369b20a2a6f7f0?s=96&d=mm&r=g","caption":"veronicapastor"}}]}},"_links":{"self":[{"href":"https:\/\/valenciasjb.salesianos.edu\/colegio\/wp-json\/wp\/v2\/posts\/14516","targetHints":{"allow":["GET"]}}],"collection":[{"href":"https:\/\/valenciasjb.salesianos.edu\/colegio\/wp-json\/wp\/v2\/posts"}],"about":[{"href":"https:\/\/valenciasjb.salesianos.edu\/colegio\/wp-json\/wp\/v2\/types\/post"}],"author":[{"embeddable":true,"href":"https:\/\/valenciasjb.salesianos.edu\/colegio\/wp-json\/wp\/v2\/users\/6"}],"replies":[{"embeddable":true,"href":"https:\/\/valenciasjb.salesianos.edu\/colegio\/wp-json\/wp\/v2\/comments?post=14516"}],"version-history":[{"count":2,"href":"https:\/\/valenciasjb.salesianos.edu\/colegio\/wp-json\/wp\/v2\/posts\/14516\/revisions"}],"predecessor-version":[{"id":14521,"href":"https:\/\/valenciasjb.salesianos.edu\/colegio\/wp-json\/wp\/v2\/posts\/14516\/revisions\/14521"}],"wp:featuredmedia":[{"embeddable":true,"href":"https:\/\/valenciasjb.salesianos.edu\/colegio\/wp-json\/wp\/v2\/media\/14515"}],"wp:attachment":[{"href":"https:\/\/valenciasjb.salesianos.edu\/colegio\/wp-json\/wp\/v2\/media?parent=14516"}],"wp:term":[{"taxonomy":"category","embeddable":true,"href":"https:\/\/valenciasjb.salesianos.edu\/colegio\/wp-json\/wp\/v2\/categories?post=14516"},{"taxonomy":"post_tag","embeddable":true,"href":"https:\/\/valenciasjb.salesianos.edu\/colegio\/wp-json\/wp\/v2\/tags?post=14516"}],"curies":[{"name":"wp","href":"https:\/\/api.w.org\/{rel}","templated":true}]}}