{"id":14576,"date":"2020-11-23T16:34:44","date_gmt":"2020-11-23T15:34:44","guid":{"rendered":"https:\/\/valenciasjb.salesianos.edu\/colegio\/?p=14576"},"modified":"2020-11-23T16:36:56","modified_gmt":"2020-11-23T15:36:56","slug":"toda-la-comunidad-educativa-esta-invitada-a-participar-en-la-iniciativa-un-clic-para-el-cole","status":"publish","type":"post","link":"https:\/\/valenciasjb.salesianos.edu\/colegio\/toda-la-comunidad-educativa-esta-invitada-a-participar-en-la-iniciativa-un-clic-para-el-cole\/","title":{"rendered":"Toda la comunidad educativa est\u00e1 invitada a participar en la iniciativa \u00abUn clic para el cole\u00bb"},"content":{"rendered":"<div id=\"fb-root\"><\/div>\n<p>[et_pb_section fb_built=\u00bb1&#8243; admin_label=\u00bbsection\u00bb _builder_version=\u00bb3.22&#8243;][et_pb_row admin_label=\u00bbrow\u00bb _builder_version=\u00bb3.25&#8243; background_size=\u00bbinitial\u00bb background_position=\u00bbtop_left\u00bb background_repeat=\u00bbrepeat\u00bb][et_pb_column type=\u00bb4_4&#8243; _builder_version=\u00bb3.25&#8243; custom_padding=\u00bb|||\u00bb custom_padding__hover=\u00bb|||\u00bb][et_pb_text admin_label=\u00bbEntradilla (Texto)\u00bb _builder_version=\u00bb4.6.0&#8243; text_font=\u00bb|on|||\u00bb text_orientation=\u00bbjustified\u00bb module_alignment=\u00bbjustified\u00bb hover_enabled=\u00bb0&#8243; sticky_enabled=\u00bb0&#8243;]<\/p>\n<div>Con la iniciativa \u00abUn clic para el cole\u00bb Amazon donar\u00e1 <span class=\"ng-binding\" data-ng-bind-html=\"'t3_1' | translate | htmlSafe\">al colegio<\/span> <span class=\"ng-binding\" data-ng-bind-html=\"'t3' | translate | htmlSafe\">el<\/span>\u00a02,5%\u00a0<span class=\"ng-binding\" data-ng-bind-html=\"'t3_1' | translate | htmlSafe\">de las compras online que realices. A partir del 21 de septiembre hasta el 21 de marzo de 2021, Amazon donar\u00e1 a los centros educativos este porcentaje de todas las compras realizadas por aquellos clientes que se hayan unido a la iniciativa.<\/span><\/div>\n<p>[\/et_pb_text][et_pb_text admin_label=\u00bbAutor (Texto)\u00bb _builder_version=\u00bb4.6.0&#8243; text_font=\u00bb||on||\u00bb]<\/p>\n<p>Redacci\u00f3n.<\/p>\n<p>[\/et_pb_text][et_pb_text admin_label=\u00bbDesarrollo (Texto)\u00bb _builder_version=\u00bb4.6.0&#8243; text_orientation=\u00bbjustified\u00bb module_alignment=\u00bbjustified\u00bb]<\/p>\n<p>Todo aquel que quiera participar simplemente debe entrar en la web <a href=\"https:\/\/www.unclicparaelcole.es\/\">https:\/\/www.unclicparaelcole.es\/<\/a> y en el buscador donde indica \u00abElige un centro educativo\u00bb introducir el c\u00f3digo 46013116. Es muy sencillo, solo hay que finalizar el proceso de registro, siguiendo los pasos que se indican.<\/p>\n<p><span class=\"ng-binding\" data-ng-bind-html=\"'t5' | translate | htmlSafe\">El colegio podr\u00e1 usar el cr\u00e9dito virtual acumulado para seleccionar y recibir gratis equipos inform\u00e1ticos, material educativo y todos aquellos productos que necesite eligiendo entre m\u00e1s de 1.000 productos.<\/span><\/p>\n<p>El colegio anima a toda la comunidad educativa a participar en esta iniciativa puesto que no supone ning\u00fan coste para el usuario y el colegio podr\u00e1 invertir todo lo recaudado en materiales innovadores para nuestro alumnado de las diferentes etapas. \u00a1Contigo abiertos al futuro! \u00a1Somos uno!\u00a0<\/p>\n<p>[\/et_pb_text][et_pb_text disabled_on=\u00bboff|on|on\u00bb admin_label=\u00bbT\u00edtulo: Galer\u00eda de fotos (Texto)\u00bb _builder_version=\u00bb3.27.4&#8243; text_font=\u00bb|on|||\u00bb text_text_color=\u00bb#dc001b\u00bb border_style=\u00bbsolid\u00bb]Galer\u00eda de im\u00e1genes[\/et_pb_text][et_pb_gallery gallery_ids=\u00bb14572,14571&#8243; posts_number=\u00bb8&#8243; show_title_and_caption=\u00bboff\u00bb zoom_icon_color=\u00bb#dc001b\u00bb hover_icon=\u00bb%%51%%\u00bb disabled_on=\u00bboff|off|off\u00bb _builder_version=\u00bb4.6.0&#8243; pagination_font_size_tablet=\u00bb51&#8243; pagination_line_height_tablet=\u00bb2&#8243;][\/et_pb_gallery][et_pb_video disabled_on=\u00bbon|on|on\u00bb _builder_version=\u00bb3.0.51&#8243; disabled=\u00bbon\u00bb][\/et_pb_video][\/et_pb_column][\/et_pb_row][\/et_pb_section]<\/p>\n<!-- AddThis Advanced Settings generic via filter on the_content --><!-- AddThis Share Buttons generic via filter on the_content -->","protected":false},"excerpt":{"rendered":"<p>Con la iniciativa \u00abUn clic para el cole\u00bb Amazon donar\u00e1 al colegio el\u00a02,5%\u00a0de las compras online que realices. A partir del 21 de septiembre hasta el 21 de marzo de 2021, Amazon donar\u00e1 a los centros educativos este porcentaje de todas las compras realizadas por aquellos clientes que se hayan unido a la iniciativa. Redacci\u00f3n.Todo [&hellip;]<\/p>\n<p><!-- AddThis Advanced Settings generic via filter on get_the_excerpt --><!-- AddThis Share Buttons generic via filter on get_the_excerpt --><\/p>\n","protected":false},"author":6,"featured_media":14572,"comment_status":"closed","ping_status":"open","sticky":false,"template":"","format":"standard","meta":{"_et_pb_use_builder":"on","_et_pb_old_content":"","_et_gb_content_width":"","footnotes":""},"categories":[14],"tags":[],"class_list":["post-14576","post","type-post","status-publish","format-standard","has-post-thumbnail","hentry","category-noticia_colegio"],"yoast_head":"<!-- This site is optimized with the Yoast SEO plugin v28.4 - https:\/\/yoast.com\/product\/yoast-seo-wordpress\/ -->\n<title>Toda la comunidad educativa est\u00e1 invitada a participar en la iniciativa &quot;Un clic para el cole&quot; - Colegio San Juan Bosco Valencia<\/title>\n<meta name=\"robots\" content=\"index, follow, max-snippet:-1, max-image-preview:large, max-video-preview:-1\" \/>\n<link rel=\"canonical\" href=\"https:\/\/valenciasjb.salesianos.edu\/colegio\/toda-la-comunidad-educativa-esta-invitada-a-participar-en-la-iniciativa-un-clic-para-el-cole\/\" \/>\n<meta property=\"og:locale\" content=\"es_ES\" \/>\n<meta property=\"og:type\" content=\"article\" \/>\n<meta property=\"og:title\" content=\"Toda la comunidad educativa est\u00e1 invitada a participar en la iniciativa &quot;Un clic para el cole&quot; - Colegio San Juan Bosco Valencia\" \/>\n<meta property=\"og:description\" content=\"Con la iniciativa &quot;Un clic para el cole&quot; Amazon donar\u00e1 al colegio el\u00a02,5%\u00a0de las compras online que realices. A partir del 21 de septiembre hasta el 21 de marzo de 2021, Amazon donar\u00e1 a los centros educativos este porcentaje de todas las compras realizadas por aquellos clientes que se hayan unido a la iniciativa. Redacci\u00f3n.Todo [&hellip;]\" \/>\n<meta property=\"og:url\" content=\"https:\/\/valenciasjb.salesianos.edu\/colegio\/toda-la-comunidad-educativa-esta-invitada-a-participar-en-la-iniciativa-un-clic-para-el-cole\/\" \/>\n<meta property=\"og:site_name\" content=\"Colegio San Juan Bosco Valencia\" \/>\n<meta property=\"article:publisher\" content=\"https:\/\/www.facebook.com\/ColegioSalesianoSanJuanBoscoValencia\" \/>\n<meta property=\"article:published_time\" content=\"2020-11-23T15:34:44+00:00\" \/>\n<meta property=\"article:modified_time\" content=\"2020-11-23T15:36:56+00:00\" \/>\n<meta property=\"og:image\" content=\"https:\/\/valenciasjb.salesianos.edu\/colegio\/wp-content\/uploads\/sites\/2\/2020\/11\/ClicCole.png\" \/>\n\t<meta property=\"og:image:width\" content=\"529\" \/>\n\t<meta property=\"og:image:height\" content=\"425\" \/>\n\t<meta property=\"og:image:type\" content=\"image\/png\" \/>\n<meta name=\"author\" content=\"veronicapastor\" \/>\n<meta name=\"twitter:card\" content=\"summary_large_image\" \/>\n<meta name=\"twitter:creator\" content=\"@SalesianosVSJB\" \/>\n<meta name=\"twitter:site\" content=\"@SalesianosVSJB\" \/>\n<meta name=\"twitter:label1\" content=\"Escrito por\" \/>\n\t<meta name=\"twitter:data1\" content=\"veronicapastor\" \/>\n\t<meta name=\"twitter:label2\" content=\"Tiempo de lectura\" \/>\n\t<meta name=\"twitter:data2\" content=\"2 minutos\" \/>\n<script type=\"application\/ld+json\" class=\"yoast-schema-graph\">{\"@context\":\"https:\\\/\\\/schema.org\",\"@graph\":[{\"@type\":\"Article\",\"@id\":\"https:\\\/\\\/valenciasjb.salesianos.edu\\\/colegio\\\/toda-la-comunidad-educativa-esta-invitada-a-participar-en-la-iniciativa-un-clic-para-el-cole\\\/#article\",\"isPartOf\":{\"@id\":\"https:\\\/\\\/valenciasjb.salesianos.edu\\\/colegio\\\/toda-la-comunidad-educativa-esta-invitada-a-participar-en-la-iniciativa-un-clic-para-el-cole\\\/\"},\"author\":{\"name\":\"veronicapastor\",\"@id\":\"https:\\\/\\\/valenciasjb.salesianos.edu\\\/colegio\\\/#\\\/schema\\\/person\\\/1f45b67e52b27da175190a574db6bed9\"},\"headline\":\"Toda la comunidad educativa est\u00e1 invitada a participar en la iniciativa \u00abUn clic para el cole\u00bb\",\"datePublished\":\"2020-11-23T15:34:44+00:00\",\"dateModified\":\"2020-11-23T15:36:56+00:00\",\"mainEntityOfPage\":{\"@id\":\"https:\\\/\\\/valenciasjb.salesianos.edu\\\/colegio\\\/toda-la-comunidad-educativa-esta-invitada-a-participar-en-la-iniciativa-un-clic-para-el-cole\\\/\"},\"wordCount\":390,\"image\":{\"@id\":\"https:\\\/\\\/valenciasjb.salesianos.edu\\\/colegio\\\/toda-la-comunidad-educativa-esta-invitada-a-participar-en-la-iniciativa-un-clic-para-el-cole\\\/#primaryimage\"},\"thumbnailUrl\":\"https:\\\/\\\/valenciasjb.salesianos.edu\\\/colegio\\\/wp-content\\\/uploads\\\/sites\\\/2\\\/2020\\\/11\\\/ClicCole.png\",\"articleSection\":[\"Noticia Colegio\"],\"inLanguage\":\"es\"},{\"@type\":\"WebPage\",\"@id\":\"https:\\\/\\\/valenciasjb.salesianos.edu\\\/colegio\\\/toda-la-comunidad-educativa-esta-invitada-a-participar-en-la-iniciativa-un-clic-para-el-cole\\\/\",\"url\":\"https:\\\/\\\/valenciasjb.salesianos.edu\\\/colegio\\\/toda-la-comunidad-educativa-esta-invitada-a-participar-en-la-iniciativa-un-clic-para-el-cole\\\/\",\"name\":\"Toda la comunidad educativa est\u00e1 invitada a participar en la iniciativa \\\"Un clic para el cole\\\" - Colegio San Juan Bosco Valencia\",\"isPartOf\":{\"@id\":\"https:\\\/\\\/valenciasjb.salesianos.edu\\\/colegio\\\/#website\"},\"primaryImageOfPage\":{\"@id\":\"https:\\\/\\\/valenciasjb.salesianos.edu\\\/colegio\\\/toda-la-comunidad-educativa-esta-invitada-a-participar-en-la-iniciativa-un-clic-para-el-cole\\\/#primaryimage\"},\"image\":{\"@id\":\"https:\\\/\\\/valenciasjb.salesianos.edu\\\/colegio\\\/toda-la-comunidad-educativa-esta-invitada-a-participar-en-la-iniciativa-un-clic-para-el-cole\\\/#primaryimage\"},\"thumbnailUrl\":\"https:\\\/\\\/valenciasjb.salesianos.edu\\\/colegio\\\/wp-content\\\/uploads\\\/sites\\\/2\\\/2020\\\/11\\\/ClicCole.png\",\"datePublished\":\"2020-11-23T15:34:44+00:00\",\"dateModified\":\"2020-11-23T15:36:56+00:00\",\"author\":{\"@id\":\"https:\\\/\\\/valenciasjb.salesianos.edu\\\/colegio\\\/#\\\/schema\\\/person\\\/1f45b67e52b27da175190a574db6bed9\"},\"breadcrumb\":{\"@id\":\"https:\\\/\\\/valenciasjb.salesianos.edu\\\/colegio\\\/toda-la-comunidad-educativa-esta-invitada-a-participar-en-la-iniciativa-un-clic-para-el-cole\\\/#breadcrumb\"},\"inLanguage\":\"es\",\"potentialAction\":[{\"@type\":\"ReadAction\",\"target\":[\"https:\\\/\\\/valenciasjb.salesianos.edu\\\/colegio\\\/toda-la-comunidad-educativa-esta-invitada-a-participar-en-la-iniciativa-un-clic-para-el-cole\\\/\"]}]},{\"@type\":\"ImageObject\",\"inLanguage\":\"es\",\"@id\":\"https:\\\/\\\/valenciasjb.salesianos.edu\\\/colegio\\\/toda-la-comunidad-educativa-esta-invitada-a-participar-en-la-iniciativa-un-clic-para-el-cole\\\/#primaryimage\",\"url\":\"https:\\\/\\\/valenciasjb.salesianos.edu\\\/colegio\\\/wp-content\\\/uploads\\\/sites\\\/2\\\/2020\\\/11\\\/ClicCole.png\",\"contentUrl\":\"https:\\\/\\\/valenciasjb.salesianos.edu\\\/colegio\\\/wp-content\\\/uploads\\\/sites\\\/2\\\/2020\\\/11\\\/ClicCole.png\",\"width\":529,\"height\":425},{\"@type\":\"BreadcrumbList\",\"@id\":\"https:\\\/\\\/valenciasjb.salesianos.edu\\\/colegio\\\/toda-la-comunidad-educativa-esta-invitada-a-participar-en-la-iniciativa-un-clic-para-el-cole\\\/#breadcrumb\",\"itemListElement\":[{\"@type\":\"ListItem\",\"position\":1,\"name\":\"Portada\",\"item\":\"https:\\\/\\\/valenciasjb.salesianos.edu\\\/colegio\\\/\"},{\"@type\":\"ListItem\",\"position\":2,\"name\":\"Toda la comunidad educativa est\u00e1 invitada a participar en la iniciativa \u00abUn clic para el cole\u00bb\"}]},{\"@type\":\"WebSite\",\"@id\":\"https:\\\/\\\/valenciasjb.salesianos.edu\\\/colegio\\\/#website\",\"url\":\"https:\\\/\\\/valenciasjb.salesianos.edu\\\/colegio\\\/\",\"name\":\"Colegio San Juan Bosco Valencia\",\"description\":\"P\u00e1gina oficial del Colegio Salesianos San Juan Bosco Valencia\",\"alternateName\":\"Salesianos.VSJB\",\"potentialAction\":[{\"@type\":\"SearchAction\",\"target\":{\"@type\":\"EntryPoint\",\"urlTemplate\":\"https:\\\/\\\/valenciasjb.salesianos.edu\\\/colegio\\\/?s={search_term_string}\"},\"query-input\":{\"@type\":\"PropertyValueSpecification\",\"valueRequired\":true,\"valueName\":\"search_term_string\"}}],\"inLanguage\":\"es\"},{\"@type\":\"Person\",\"@id\":\"https:\\\/\\\/valenciasjb.salesianos.edu\\\/colegio\\\/#\\\/schema\\\/person\\\/1f45b67e52b27da175190a574db6bed9\",\"name\":\"veronicapastor\",\"image\":{\"@type\":\"ImageObject\",\"inLanguage\":\"es\",\"@id\":\"https:\\\/\\\/secure.gravatar.com\\\/avatar\\\/e29bd40bace3fd935e1d6fdb7313ffc14628cc037c5e16f4c7369b20a2a6f7f0?s=96&d=mm&r=g\",\"url\":\"https:\\\/\\\/secure.gravatar.com\\\/avatar\\\/e29bd40bace3fd935e1d6fdb7313ffc14628cc037c5e16f4c7369b20a2a6f7f0?s=96&d=mm&r=g\",\"contentUrl\":\"https:\\\/\\\/secure.gravatar.com\\\/avatar\\\/e29bd40bace3fd935e1d6fdb7313ffc14628cc037c5e16f4c7369b20a2a6f7f0?s=96&d=mm&r=g\",\"caption\":\"veronicapastor\"}}]}<\/script>\n<!-- \/ Yoast SEO plugin. -->","yoast_head_json":{"title":"Toda la comunidad educativa est\u00e1 invitada a participar en la iniciativa \"Un clic para el cole\" - Colegio San Juan Bosco Valencia","robots":{"index":"index","follow":"follow","max-snippet":"max-snippet:-1","max-image-preview":"max-image-preview:large","max-video-preview":"max-video-preview:-1"},"canonical":"https:\/\/valenciasjb.salesianos.edu\/colegio\/toda-la-comunidad-educativa-esta-invitada-a-participar-en-la-iniciativa-un-clic-para-el-cole\/","og_locale":"es_ES","og_type":"article","og_title":"Toda la comunidad educativa est\u00e1 invitada a participar en la iniciativa \"Un clic para el cole\" - Colegio San Juan Bosco Valencia","og_description":"Con la iniciativa \"Un clic para el cole\" Amazon donar\u00e1 al colegio el\u00a02,5%\u00a0de las compras online que realices. A partir del 21 de septiembre hasta el 21 de marzo de 2021, Amazon donar\u00e1 a los centros educativos este porcentaje de todas las compras realizadas por aquellos clientes que se hayan unido a la iniciativa. Redacci\u00f3n.Todo [&hellip;]","og_url":"https:\/\/valenciasjb.salesianos.edu\/colegio\/toda-la-comunidad-educativa-esta-invitada-a-participar-en-la-iniciativa-un-clic-para-el-cole\/","og_site_name":"Colegio San Juan Bosco Valencia","article_publisher":"https:\/\/www.facebook.com\/ColegioSalesianoSanJuanBoscoValencia","article_published_time":"2020-11-23T15:34:44+00:00","article_modified_time":"2020-11-23T15:36:56+00:00","og_image":[{"width":529,"height":425,"url":"https:\/\/valenciasjb.salesianos.edu\/colegio\/wp-content\/uploads\/sites\/2\/2020\/11\/ClicCole.png","type":"image\/png"}],"author":"veronicapastor","twitter_card":"summary_large_image","twitter_creator":"@SalesianosVSJB","twitter_site":"@SalesianosVSJB","twitter_misc":{"Escrito por":"veronicapastor","Tiempo de lectura":"2 minutos"},"schema":{"@context":"https:\/\/schema.org","@graph":[{"@type":"Article","@id":"https:\/\/valenciasjb.salesianos.edu\/colegio\/toda-la-comunidad-educativa-esta-invitada-a-participar-en-la-iniciativa-un-clic-para-el-cole\/#article","isPartOf":{"@id":"https:\/\/valenciasjb.salesianos.edu\/colegio\/toda-la-comunidad-educativa-esta-invitada-a-participar-en-la-iniciativa-un-clic-para-el-cole\/"},"author":{"name":"veronicapastor","@id":"https:\/\/valenciasjb.salesianos.edu\/colegio\/#\/schema\/person\/1f45b67e52b27da175190a574db6bed9"},"headline":"Toda la comunidad educativa est\u00e1 invitada a participar en la iniciativa \u00abUn clic para el cole\u00bb","datePublished":"2020-11-23T15:34:44+00:00","dateModified":"2020-11-23T15:36:56+00:00","mainEntityOfPage":{"@id":"https:\/\/valenciasjb.salesianos.edu\/colegio\/toda-la-comunidad-educativa-esta-invitada-a-participar-en-la-iniciativa-un-clic-para-el-cole\/"},"wordCount":390,"image":{"@id":"https:\/\/valenciasjb.salesianos.edu\/colegio\/toda-la-comunidad-educativa-esta-invitada-a-participar-en-la-iniciativa-un-clic-para-el-cole\/#primaryimage"},"thumbnailUrl":"https:\/\/valenciasjb.salesianos.edu\/colegio\/wp-content\/uploads\/sites\/2\/2020\/11\/ClicCole.png","articleSection":["Noticia Colegio"],"inLanguage":"es"},{"@type":"WebPage","@id":"https:\/\/valenciasjb.salesianos.edu\/colegio\/toda-la-comunidad-educativa-esta-invitada-a-participar-en-la-iniciativa-un-clic-para-el-cole\/","url":"https:\/\/valenciasjb.salesianos.edu\/colegio\/toda-la-comunidad-educativa-esta-invitada-a-participar-en-la-iniciativa-un-clic-para-el-cole\/","name":"Toda la comunidad educativa est\u00e1 invitada a participar en la iniciativa \"Un clic para el cole\" - Colegio San Juan Bosco Valencia","isPartOf":{"@id":"https:\/\/valenciasjb.salesianos.edu\/colegio\/#website"},"primaryImageOfPage":{"@id":"https:\/\/valenciasjb.salesianos.edu\/colegio\/toda-la-comunidad-educativa-esta-invitada-a-participar-en-la-iniciativa-un-clic-para-el-cole\/#primaryimage"},"image":{"@id":"https:\/\/valenciasjb.salesianos.edu\/colegio\/toda-la-comunidad-educativa-esta-invitada-a-participar-en-la-iniciativa-un-clic-para-el-cole\/#primaryimage"},"thumbnailUrl":"https:\/\/valenciasjb.salesianos.edu\/colegio\/wp-content\/uploads\/sites\/2\/2020\/11\/ClicCole.png","datePublished":"2020-11-23T15:34:44+00:00","dateModified":"2020-11-23T15:36:56+00:00","author":{"@id":"https:\/\/valenciasjb.salesianos.edu\/colegio\/#\/schema\/person\/1f45b67e52b27da175190a574db6bed9"},"breadcrumb":{"@id":"https:\/\/valenciasjb.salesianos.edu\/colegio\/toda-la-comunidad-educativa-esta-invitada-a-participar-en-la-iniciativa-un-clic-para-el-cole\/#breadcrumb"},"inLanguage":"es","potentialAction":[{"@type":"ReadAction","target":["https:\/\/valenciasjb.salesianos.edu\/colegio\/toda-la-comunidad-educativa-esta-invitada-a-participar-en-la-iniciativa-un-clic-para-el-cole\/"]}]},{"@type":"ImageObject","inLanguage":"es","@id":"https:\/\/valenciasjb.salesianos.edu\/colegio\/toda-la-comunidad-educativa-esta-invitada-a-participar-en-la-iniciativa-un-clic-para-el-cole\/#primaryimage","url":"https:\/\/valenciasjb.salesianos.edu\/colegio\/wp-content\/uploads\/sites\/2\/2020\/11\/ClicCole.png","contentUrl":"https:\/\/valenciasjb.salesianos.edu\/colegio\/wp-content\/uploads\/sites\/2\/2020\/11\/ClicCole.png","width":529,"height":425},{"@type":"BreadcrumbList","@id":"https:\/\/valenciasjb.salesianos.edu\/colegio\/toda-la-comunidad-educativa-esta-invitada-a-participar-en-la-iniciativa-un-clic-para-el-cole\/#breadcrumb","itemListElement":[{"@type":"ListItem","position":1,"name":"Portada","item":"https:\/\/valenciasjb.salesianos.edu\/colegio\/"},{"@type":"ListItem","position":2,"name":"Toda la comunidad educativa est\u00e1 invitada a participar en la iniciativa \u00abUn clic para el cole\u00bb"}]},{"@type":"WebSite","@id":"https:\/\/valenciasjb.salesianos.edu\/colegio\/#website","url":"https:\/\/valenciasjb.salesianos.edu\/colegio\/","name":"Colegio San Juan Bosco Valencia","description":"P\u00e1gina oficial del Colegio Salesianos San Juan Bosco Valencia","alternateName":"Salesianos.VSJB","potentialAction":[{"@type":"SearchAction","target":{"@type":"EntryPoint","urlTemplate":"https:\/\/valenciasjb.salesianos.edu\/colegio\/?s={search_term_string}"},"query-input":{"@type":"PropertyValueSpecification","valueRequired":true,"valueName":"search_term_string"}}],"inLanguage":"es"},{"@type":"Person","@id":"https:\/\/valenciasjb.salesianos.edu\/colegio\/#\/schema\/person\/1f45b67e52b27da175190a574db6bed9","name":"veronicapastor","image":{"@type":"ImageObject","inLanguage":"es","@id":"https:\/\/secure.gravatar.com\/avatar\/e29bd40bace3fd935e1d6fdb7313ffc14628cc037c5e16f4c7369b20a2a6f7f0?s=96&d=mm&r=g","url":"https:\/\/secure.gravatar.com\/avatar\/e29bd40bace3fd935e1d6fdb7313ffc14628cc037c5e16f4c7369b20a2a6f7f0?s=96&d=mm&r=g","contentUrl":"https:\/\/secure.gravatar.com\/avatar\/e29bd40bace3fd935e1d6fdb7313ffc14628cc037c5e16f4c7369b20a2a6f7f0?s=96&d=mm&r=g","caption":"veronicapastor"}}]}},"_links":{"self":[{"href":"https:\/\/valenciasjb.salesianos.edu\/colegio\/wp-json\/wp\/v2\/posts\/14576","targetHints":{"allow":["GET"]}}],"collection":[{"href":"https:\/\/valenciasjb.salesianos.edu\/colegio\/wp-json\/wp\/v2\/posts"}],"about":[{"href":"https:\/\/valenciasjb.salesianos.edu\/colegio\/wp-json\/wp\/v2\/types\/post"}],"author":[{"embeddable":true,"href":"https:\/\/valenciasjb.salesianos.edu\/colegio\/wp-json\/wp\/v2\/users\/6"}],"replies":[{"embeddable":true,"href":"https:\/\/valenciasjb.salesianos.edu\/colegio\/wp-json\/wp\/v2\/comments?post=14576"}],"version-history":[{"count":5,"href":"https:\/\/valenciasjb.salesianos.edu\/colegio\/wp-json\/wp\/v2\/posts\/14576\/revisions"}],"predecessor-version":[{"id":14583,"href":"https:\/\/valenciasjb.salesianos.edu\/colegio\/wp-json\/wp\/v2\/posts\/14576\/revisions\/14583"}],"wp:featuredmedia":[{"embeddable":true,"href":"https:\/\/valenciasjb.salesianos.edu\/colegio\/wp-json\/wp\/v2\/media\/14572"}],"wp:attachment":[{"href":"https:\/\/valenciasjb.salesianos.edu\/colegio\/wp-json\/wp\/v2\/media?parent=14576"}],"wp:term":[{"taxonomy":"category","embeddable":true,"href":"https:\/\/valenciasjb.salesianos.edu\/colegio\/wp-json\/wp\/v2\/categories?post=14576"},{"taxonomy":"post_tag","embeddable":true,"href":"https:\/\/valenciasjb.salesianos.edu\/colegio\/wp-json\/wp\/v2\/tags?post=14576"}],"curies":[{"name":"wp","href":"https:\/\/api.w.org\/{rel}","templated":true}]}}