{"id":14589,"date":"2020-11-24T19:43:09","date_gmt":"2020-11-24T18:43:09","guid":{"rendered":"https:\/\/valenciasjb.salesianos.edu\/colegio\/?p=14589"},"modified":"2020-11-24T19:43:12","modified_gmt":"2020-11-24T18:43:12","slug":"el-colegio-seleccionado-como-entidad-colaboradora-en-un-proyecto-de-la-universidad-de-valencia-de-la-catedra-unesco-para-acciones-de-educacion-para-el-desarrollo-ciudadania-global-y-sensibilizacion","status":"publish","type":"post","link":"https:\/\/valenciasjb.salesianos.edu\/colegio\/el-colegio-seleccionado-como-entidad-colaboradora-en-un-proyecto-de-la-universidad-de-valencia-de-la-catedra-unesco-para-acciones-de-educacion-para-el-desarrollo-ciudadania-global-y-sensibilizacion\/","title":{"rendered":"El colegio seleccionado como entidad colaboradora en un proyecto de la Universidad de Valencia de la C\u00e1tedra UNESCO para acciones de Educaci\u00f3n para el Desarrollo, Ciudadan\u00eda Global y Sensibilizaci\u00f3n"},"content":{"rendered":"<div id=\"fb-root\"><\/div>\n<p>[et_pb_section fb_built=\u00bb1&#8243; admin_label=\u00bbsection\u00bb _builder_version=\u00bb3.22&#8243;][et_pb_row admin_label=\u00bbrow\u00bb _builder_version=\u00bb3.25&#8243; background_size=\u00bbinitial\u00bb background_position=\u00bbtop_left\u00bb background_repeat=\u00bbrepeat\u00bb][et_pb_column type=\u00bb4_4&#8243; _builder_version=\u00bb3.25&#8243; custom_padding=\u00bb|||\u00bb custom_padding__hover=\u00bb|||\u00bb][et_pb_text admin_label=\u00bbEntradilla (Texto)\u00bb _builder_version=\u00bb4.6.0&#8243; text_font=\u00bb|on|||\u00bb text_orientation=\u00bbjustified\u00bb module_alignment=\u00bbjustified\u00bb hover_enabled=\u00bb0&#8243; sticky_enabled=\u00bb0&#8243;]<\/p>\n<div id=\"resumen\">\n<div>Nuestro colegio aparece como entidad colaboradora y participaremos de forma directa en el proyecto \u00abMETHODOS: COOPERACI\u00d3N \u00c9TICA PARA UNA CIUDADAN\u00cdA GLOBAL\u00bb. La universidad de Valencia ha recibido notificaci\u00f3n de que este proyecto que present\u00f3 en la convocatoria de la C\u00e1tedra UNESCO para acciones de Educaci\u00f3n para el Desarrollo, Ciudadan\u00eda Global y Sensibilizaci\u00f3n para el curso acad\u00e9mico 2020-2021 ha sido aprobado.<\/div>\n<\/div>\n<div>\u00a0<\/div>\n<p>[\/et_pb_text][et_pb_text admin_label=\u00bbAutor (Texto)\u00bb _builder_version=\u00bb4.6.0&#8243; text_font=\u00bb||on||\u00bb hover_enabled=\u00bb0&#8243; sticky_enabled=\u00bb0&#8243;]<\/p>\n<p>Redacci\u00f3n.<\/p>\n<p>[\/et_pb_text][et_pb_text admin_label=\u00bbDesarrollo (Texto)\u00bb _builder_version=\u00bb4.6.0&#8243; text_orientation=\u00bbjustified\u00bb module_alignment=\u00bbjustified\u00bb hover_enabled=\u00bb0&#8243; sticky_enabled=\u00bb0&#8243;]<\/p>\n<div>Este proyecto tiene como objetivo general crear una plataforma de trabajo y cooperaci\u00f3n estable entre el estudiantado y profesorado de la Universitat de Val\u00e8ncia, los centros de educaci\u00f3n secundaria, las organizaciones sociales y las administraciones locales valencianas para promover una ciudadan\u00eda global, cr\u00edtica, responsable y comprometida con el desarrollo humano y sostenible.<\/div>\n<div>\u00a0<\/div>\n<div>Para este prop\u00f3sito el proyecto pretende impulsar la reflexi\u00f3n y el debate sobre los principales desaf\u00edos \u00e9ticos de la sociedad actual, fomentar la capacitaci\u00f3n de equipos transdisciplinares con formaci\u00f3n \u00e9tica y poner en pr\u00e1ctica acciones que incorporen la Educaci\u00f3n para el Desarrollo y la Ciudadan\u00eda Global (EpDCG) como un enfoque integral que promueva el valor de la responsabilidad social entre los miembros de la sociedad.<\/div>\n<div>\u00a0<\/div>\n<div>Es una muy buena noticia que la Universidad de Valencia haya pensado en nosotros como entidad colaboradora en este proyecto que contar\u00e1 con la participaci\u00f3n de profesorado y alumnado del Colegio Salesiano San Juan Bosco de Valencia, 6 organizaciones sociales (ACOEC, C\u00e1ritas CV, Cruz Roja CV, Entreculturas, Jovesolides, YMCA) y representantes pol\u00edticos locales.<\/div>\n<div>\u00a0<\/div>\n<div>La construcci\u00f3n de un mundo mejor para todos y todas tiene un pilar fundamental en la educaci\u00f3n. Y esa es nuestra apuesta.<\/div>\n<p>[\/et_pb_text][et_pb_text disabled_on=\u00bboff|on|on\u00bb admin_label=\u00bbT\u00edtulo: Galer\u00eda de fotos (Texto)\u00bb _builder_version=\u00bb3.27.4&#8243; text_font=\u00bb|on|||\u00bb text_text_color=\u00bb#dc001b\u00bb border_style=\u00bbsolid\u00bb]Galer\u00eda de im\u00e1genes<br \/>\n[\/et_pb_text][et_pb_gallery gallery_ids=\u00bb14585&#8243; posts_number=\u00bb8&#8243; show_title_and_caption=\u00bboff\u00bb zoom_icon_color=\u00bb#dc001b\u00bb hover_icon=\u00bb%%51%%\u00bb disabled_on=\u00bboff|off|off\u00bb _builder_version=\u00bb4.6.0&#8243; hover_enabled=\u00bb0&#8243; pagination_font_size_tablet=\u00bb51&#8243; pagination_line_height_tablet=\u00bb2&#8243; sticky_enabled=\u00bb0&#8243;][\/et_pb_gallery][et_pb_video disabled_on=\u00bbon|on|on\u00bb _builder_version=\u00bb3.0.51&#8243; disabled=\u00bbon\u00bb][\/et_pb_video][\/et_pb_column][\/et_pb_row][\/et_pb_section]<\/p>\n<!-- AddThis Advanced Settings generic via filter on the_content --><!-- AddThis Share Buttons generic via filter on the_content -->","protected":false},"excerpt":{"rendered":"<p>Nuestro colegio aparece como entidad colaboradora y participaremos de forma directa en el proyecto \u00abMETHODOS: COOPERACI\u00d3N \u00c9TICA PARA UNA CIUDADAN\u00cdA GLOBAL\u00bb. La universidad de Valencia ha recibido notificaci\u00f3n de que este proyecto que present\u00f3 en la convocatoria de la C\u00e1tedra UNESCO para acciones de Educaci\u00f3n para el Desarrollo, Ciudadan\u00eda Global y Sensibilizaci\u00f3n para el curso [&hellip;]<\/p>\n<p><!-- AddThis Advanced Settings generic via filter on get_the_excerpt --><!-- AddThis Share Buttons generic via filter on get_the_excerpt --><\/p>\n","protected":false},"author":6,"featured_media":14585,"comment_status":"closed","ping_status":"open","sticky":false,"template":"","format":"standard","meta":{"_et_pb_use_builder":"on","_et_pb_old_content":"","_et_gb_content_width":"","footnotes":""},"categories":[14],"tags":[],"class_list":["post-14589","post","type-post","status-publish","format-standard","has-post-thumbnail","hentry","category-noticia_colegio"],"yoast_head":"<!-- This site is optimized with the Yoast SEO plugin v28.4 - https:\/\/yoast.com\/product\/yoast-seo-wordpress\/ -->\n<title>El colegio seleccionado como entidad colaboradora en un proyecto de la Universidad de Valencia de la C\u00e1tedra UNESCO para acciones de Educaci\u00f3n para el Desarrollo, Ciudadan\u00eda Global y Sensibilizaci\u00f3n - Colegio San Juan Bosco Valencia<\/title>\n<meta name=\"robots\" content=\"index, follow, max-snippet:-1, max-image-preview:large, max-video-preview:-1\" \/>\n<link rel=\"canonical\" href=\"https:\/\/valenciasjb.salesianos.edu\/colegio\/el-colegio-seleccionado-como-entidad-colaboradora-en-un-proyecto-de-la-universidad-de-valencia-de-la-catedra-unesco-para-acciones-de-educacion-para-el-desarrollo-ciudadania-global-y-sensibilizacion\/\" \/>\n<meta property=\"og:locale\" content=\"es_ES\" \/>\n<meta property=\"og:type\" content=\"article\" \/>\n<meta property=\"og:title\" content=\"El colegio seleccionado como entidad colaboradora en un proyecto de la Universidad de Valencia de la C\u00e1tedra UNESCO para acciones de Educaci\u00f3n para el Desarrollo, Ciudadan\u00eda Global y Sensibilizaci\u00f3n - Colegio San Juan Bosco Valencia\" \/>\n<meta property=\"og:description\" content=\"Nuestro colegio aparece como entidad colaboradora y participaremos de forma directa en el proyecto &quot;METHODOS: COOPERACI\u00d3N \u00c9TICA PARA UNA CIUDADAN\u00cdA GLOBAL&quot;. La universidad de Valencia ha recibido notificaci\u00f3n de que este proyecto que present\u00f3 en la convocatoria de la C\u00e1tedra UNESCO para acciones de Educaci\u00f3n para el Desarrollo, Ciudadan\u00eda Global y Sensibilizaci\u00f3n para el curso [&hellip;]\" \/>\n<meta property=\"og:url\" content=\"https:\/\/valenciasjb.salesianos.edu\/colegio\/el-colegio-seleccionado-como-entidad-colaboradora-en-un-proyecto-de-la-universidad-de-valencia-de-la-catedra-unesco-para-acciones-de-educacion-para-el-desarrollo-ciudadania-global-y-sensibilizacion\/\" \/>\n<meta property=\"og:site_name\" content=\"Colegio San Juan Bosco Valencia\" \/>\n<meta property=\"article:publisher\" content=\"https:\/\/www.facebook.com\/ColegioSalesianoSanJuanBoscoValencia\" \/>\n<meta property=\"article:published_time\" content=\"2020-11-24T18:43:09+00:00\" \/>\n<meta property=\"article:modified_time\" content=\"2020-11-24T18:43:12+00:00\" \/>\n<meta property=\"og:image\" content=\"https:\/\/valenciasjb.salesianos.edu\/colegio\/wp-content\/uploads\/sites\/2\/2020\/11\/logo-Cat-UNESCO-2020.jpg\" \/>\n\t<meta property=\"og:image:width\" content=\"850\" \/>\n\t<meta property=\"og:image:height\" content=\"374\" \/>\n\t<meta property=\"og:image:type\" content=\"image\/jpeg\" \/>\n<meta name=\"author\" content=\"veronicapastor\" \/>\n<meta name=\"twitter:card\" content=\"summary_large_image\" \/>\n<meta name=\"twitter:creator\" content=\"@SalesianosVSJB\" \/>\n<meta name=\"twitter:site\" content=\"@SalesianosVSJB\" \/>\n<meta name=\"twitter:label1\" content=\"Escrito por\" \/>\n\t<meta name=\"twitter:data1\" content=\"veronicapastor\" \/>\n\t<meta name=\"twitter:label2\" content=\"Tiempo de lectura\" \/>\n\t<meta name=\"twitter:data2\" content=\"2 minutos\" \/>\n<script type=\"application\/ld+json\" class=\"yoast-schema-graph\">{\"@context\":\"https:\\\/\\\/schema.org\",\"@graph\":[{\"@type\":\"Article\",\"@id\":\"https:\\\/\\\/valenciasjb.salesianos.edu\\\/colegio\\\/el-colegio-seleccionado-como-entidad-colaboradora-en-un-proyecto-de-la-universidad-de-valencia-de-la-catedra-unesco-para-acciones-de-educacion-para-el-desarrollo-ciudadania-global-y-sensibilizacion\\\/#article\",\"isPartOf\":{\"@id\":\"https:\\\/\\\/valenciasjb.salesianos.edu\\\/colegio\\\/el-colegio-seleccionado-como-entidad-colaboradora-en-un-proyecto-de-la-universidad-de-valencia-de-la-catedra-unesco-para-acciones-de-educacion-para-el-desarrollo-ciudadania-global-y-sensibilizacion\\\/\"},\"author\":{\"name\":\"veronicapastor\",\"@id\":\"https:\\\/\\\/valenciasjb.salesianos.edu\\\/colegio\\\/#\\\/schema\\\/person\\\/1f45b67e52b27da175190a574db6bed9\"},\"headline\":\"El colegio seleccionado como entidad colaboradora en un proyecto de la Universidad de Valencia de la C\u00e1tedra UNESCO para acciones de Educaci\u00f3n para el Desarrollo, Ciudadan\u00eda Global y Sensibilizaci\u00f3n\",\"datePublished\":\"2020-11-24T18:43:09+00:00\",\"dateModified\":\"2020-11-24T18:43:12+00:00\",\"mainEntityOfPage\":{\"@id\":\"https:\\\/\\\/valenciasjb.salesianos.edu\\\/colegio\\\/el-colegio-seleccionado-como-entidad-colaboradora-en-un-proyecto-de-la-universidad-de-valencia-de-la-catedra-unesco-para-acciones-de-educacion-para-el-desarrollo-ciudadania-global-y-sensibilizacion\\\/\"},\"wordCount\":520,\"image\":{\"@id\":\"https:\\\/\\\/valenciasjb.salesianos.edu\\\/colegio\\\/el-colegio-seleccionado-como-entidad-colaboradora-en-un-proyecto-de-la-universidad-de-valencia-de-la-catedra-unesco-para-acciones-de-educacion-para-el-desarrollo-ciudadania-global-y-sensibilizacion\\\/#primaryimage\"},\"thumbnailUrl\":\"https:\\\/\\\/valenciasjb.salesianos.edu\\\/colegio\\\/wp-content\\\/uploads\\\/sites\\\/2\\\/2020\\\/11\\\/logo-Cat-UNESCO-2020.jpg\",\"articleSection\":[\"Noticia Colegio\"],\"inLanguage\":\"es\"},{\"@type\":\"WebPage\",\"@id\":\"https:\\\/\\\/valenciasjb.salesianos.edu\\\/colegio\\\/el-colegio-seleccionado-como-entidad-colaboradora-en-un-proyecto-de-la-universidad-de-valencia-de-la-catedra-unesco-para-acciones-de-educacion-para-el-desarrollo-ciudadania-global-y-sensibilizacion\\\/\",\"url\":\"https:\\\/\\\/valenciasjb.salesianos.edu\\\/colegio\\\/el-colegio-seleccionado-como-entidad-colaboradora-en-un-proyecto-de-la-universidad-de-valencia-de-la-catedra-unesco-para-acciones-de-educacion-para-el-desarrollo-ciudadania-global-y-sensibilizacion\\\/\",\"name\":\"El colegio seleccionado como entidad colaboradora en un proyecto de la Universidad de Valencia de la C\u00e1tedra UNESCO para acciones de Educaci\u00f3n para el Desarrollo, Ciudadan\u00eda Global y Sensibilizaci\u00f3n - Colegio San Juan Bosco Valencia\",\"isPartOf\":{\"@id\":\"https:\\\/\\\/valenciasjb.salesianos.edu\\\/colegio\\\/#website\"},\"primaryImageOfPage\":{\"@id\":\"https:\\\/\\\/valenciasjb.salesianos.edu\\\/colegio\\\/el-colegio-seleccionado-como-entidad-colaboradora-en-un-proyecto-de-la-universidad-de-valencia-de-la-catedra-unesco-para-acciones-de-educacion-para-el-desarrollo-ciudadania-global-y-sensibilizacion\\\/#primaryimage\"},\"image\":{\"@id\":\"https:\\\/\\\/valenciasjb.salesianos.edu\\\/colegio\\\/el-colegio-seleccionado-como-entidad-colaboradora-en-un-proyecto-de-la-universidad-de-valencia-de-la-catedra-unesco-para-acciones-de-educacion-para-el-desarrollo-ciudadania-global-y-sensibilizacion\\\/#primaryimage\"},\"thumbnailUrl\":\"https:\\\/\\\/valenciasjb.salesianos.edu\\\/colegio\\\/wp-content\\\/uploads\\\/sites\\\/2\\\/2020\\\/11\\\/logo-Cat-UNESCO-2020.jpg\",\"datePublished\":\"2020-11-24T18:43:09+00:00\",\"dateModified\":\"2020-11-24T18:43:12+00:00\",\"author\":{\"@id\":\"https:\\\/\\\/valenciasjb.salesianos.edu\\\/colegio\\\/#\\\/schema\\\/person\\\/1f45b67e52b27da175190a574db6bed9\"},\"breadcrumb\":{\"@id\":\"https:\\\/\\\/valenciasjb.salesianos.edu\\\/colegio\\\/el-colegio-seleccionado-como-entidad-colaboradora-en-un-proyecto-de-la-universidad-de-valencia-de-la-catedra-unesco-para-acciones-de-educacion-para-el-desarrollo-ciudadania-global-y-sensibilizacion\\\/#breadcrumb\"},\"inLanguage\":\"es\",\"potentialAction\":[{\"@type\":\"ReadAction\",\"target\":[\"https:\\\/\\\/valenciasjb.salesianos.edu\\\/colegio\\\/el-colegio-seleccionado-como-entidad-colaboradora-en-un-proyecto-de-la-universidad-de-valencia-de-la-catedra-unesco-para-acciones-de-educacion-para-el-desarrollo-ciudadania-global-y-sensibilizacion\\\/\"]}]},{\"@type\":\"ImageObject\",\"inLanguage\":\"es\",\"@id\":\"https:\\\/\\\/valenciasjb.salesianos.edu\\\/colegio\\\/el-colegio-seleccionado-como-entidad-colaboradora-en-un-proyecto-de-la-universidad-de-valencia-de-la-catedra-unesco-para-acciones-de-educacion-para-el-desarrollo-ciudadania-global-y-sensibilizacion\\\/#primaryimage\",\"url\":\"https:\\\/\\\/valenciasjb.salesianos.edu\\\/colegio\\\/wp-content\\\/uploads\\\/sites\\\/2\\\/2020\\\/11\\\/logo-Cat-UNESCO-2020.jpg\",\"contentUrl\":\"https:\\\/\\\/valenciasjb.salesianos.edu\\\/colegio\\\/wp-content\\\/uploads\\\/sites\\\/2\\\/2020\\\/11\\\/logo-Cat-UNESCO-2020.jpg\",\"width\":850,\"height\":374},{\"@type\":\"BreadcrumbList\",\"@id\":\"https:\\\/\\\/valenciasjb.salesianos.edu\\\/colegio\\\/el-colegio-seleccionado-como-entidad-colaboradora-en-un-proyecto-de-la-universidad-de-valencia-de-la-catedra-unesco-para-acciones-de-educacion-para-el-desarrollo-ciudadania-global-y-sensibilizacion\\\/#breadcrumb\",\"itemListElement\":[{\"@type\":\"ListItem\",\"position\":1,\"name\":\"Portada\",\"item\":\"https:\\\/\\\/valenciasjb.salesianos.edu\\\/colegio\\\/\"},{\"@type\":\"ListItem\",\"position\":2,\"name\":\"El colegio seleccionado como entidad colaboradora en un proyecto de la Universidad de Valencia de la C\u00e1tedra UNESCO para acciones de Educaci\u00f3n para el Desarrollo, Ciudadan\u00eda Global y Sensibilizaci\u00f3n\"}]},{\"@type\":\"WebSite\",\"@id\":\"https:\\\/\\\/valenciasjb.salesianos.edu\\\/colegio\\\/#website\",\"url\":\"https:\\\/\\\/valenciasjb.salesianos.edu\\\/colegio\\\/\",\"name\":\"Colegio San Juan Bosco Valencia\",\"description\":\"P\u00e1gina oficial del Colegio Salesianos San Juan Bosco Valencia\",\"alternateName\":\"Salesianos.VSJB\",\"potentialAction\":[{\"@type\":\"SearchAction\",\"target\":{\"@type\":\"EntryPoint\",\"urlTemplate\":\"https:\\\/\\\/valenciasjb.salesianos.edu\\\/colegio\\\/?s={search_term_string}\"},\"query-input\":{\"@type\":\"PropertyValueSpecification\",\"valueRequired\":true,\"valueName\":\"search_term_string\"}}],\"inLanguage\":\"es\"},{\"@type\":\"Person\",\"@id\":\"https:\\\/\\\/valenciasjb.salesianos.edu\\\/colegio\\\/#\\\/schema\\\/person\\\/1f45b67e52b27da175190a574db6bed9\",\"name\":\"veronicapastor\",\"image\":{\"@type\":\"ImageObject\",\"inLanguage\":\"es\",\"@id\":\"https:\\\/\\\/secure.gravatar.com\\\/avatar\\\/e29bd40bace3fd935e1d6fdb7313ffc14628cc037c5e16f4c7369b20a2a6f7f0?s=96&d=mm&r=g\",\"url\":\"https:\\\/\\\/secure.gravatar.com\\\/avatar\\\/e29bd40bace3fd935e1d6fdb7313ffc14628cc037c5e16f4c7369b20a2a6f7f0?s=96&d=mm&r=g\",\"contentUrl\":\"https:\\\/\\\/secure.gravatar.com\\\/avatar\\\/e29bd40bace3fd935e1d6fdb7313ffc14628cc037c5e16f4c7369b20a2a6f7f0?s=96&d=mm&r=g\",\"caption\":\"veronicapastor\"}}]}<\/script>\n<!-- \/ Yoast SEO plugin. -->","yoast_head_json":{"title":"El colegio seleccionado como entidad colaboradora en un proyecto de la Universidad de Valencia de la C\u00e1tedra UNESCO para acciones de Educaci\u00f3n para el Desarrollo, Ciudadan\u00eda Global y Sensibilizaci\u00f3n - Colegio San Juan Bosco Valencia","robots":{"index":"index","follow":"follow","max-snippet":"max-snippet:-1","max-image-preview":"max-image-preview:large","max-video-preview":"max-video-preview:-1"},"canonical":"https:\/\/valenciasjb.salesianos.edu\/colegio\/el-colegio-seleccionado-como-entidad-colaboradora-en-un-proyecto-de-la-universidad-de-valencia-de-la-catedra-unesco-para-acciones-de-educacion-para-el-desarrollo-ciudadania-global-y-sensibilizacion\/","og_locale":"es_ES","og_type":"article","og_title":"El colegio seleccionado como entidad colaboradora en un proyecto de la Universidad de Valencia de la C\u00e1tedra UNESCO para acciones de Educaci\u00f3n para el Desarrollo, Ciudadan\u00eda Global y Sensibilizaci\u00f3n - Colegio San Juan Bosco Valencia","og_description":"Nuestro colegio aparece como entidad colaboradora y participaremos de forma directa en el proyecto \"METHODOS: COOPERACI\u00d3N \u00c9TICA PARA UNA CIUDADAN\u00cdA GLOBAL\". La universidad de Valencia ha recibido notificaci\u00f3n de que este proyecto que present\u00f3 en la convocatoria de la C\u00e1tedra UNESCO para acciones de Educaci\u00f3n para el Desarrollo, Ciudadan\u00eda Global y Sensibilizaci\u00f3n para el curso [&hellip;]","og_url":"https:\/\/valenciasjb.salesianos.edu\/colegio\/el-colegio-seleccionado-como-entidad-colaboradora-en-un-proyecto-de-la-universidad-de-valencia-de-la-catedra-unesco-para-acciones-de-educacion-para-el-desarrollo-ciudadania-global-y-sensibilizacion\/","og_site_name":"Colegio San Juan Bosco Valencia","article_publisher":"https:\/\/www.facebook.com\/ColegioSalesianoSanJuanBoscoValencia","article_published_time":"2020-11-24T18:43:09+00:00","article_modified_time":"2020-11-24T18:43:12+00:00","og_image":[{"width":850,"height":374,"url":"https:\/\/valenciasjb.salesianos.edu\/colegio\/wp-content\/uploads\/sites\/2\/2020\/11\/logo-Cat-UNESCO-2020.jpg","type":"image\/jpeg"}],"author":"veronicapastor","twitter_card":"summary_large_image","twitter_creator":"@SalesianosVSJB","twitter_site":"@SalesianosVSJB","twitter_misc":{"Escrito por":"veronicapastor","Tiempo de lectura":"2 minutos"},"schema":{"@context":"https:\/\/schema.org","@graph":[{"@type":"Article","@id":"https:\/\/valenciasjb.salesianos.edu\/colegio\/el-colegio-seleccionado-como-entidad-colaboradora-en-un-proyecto-de-la-universidad-de-valencia-de-la-catedra-unesco-para-acciones-de-educacion-para-el-desarrollo-ciudadania-global-y-sensibilizacion\/#article","isPartOf":{"@id":"https:\/\/valenciasjb.salesianos.edu\/colegio\/el-colegio-seleccionado-como-entidad-colaboradora-en-un-proyecto-de-la-universidad-de-valencia-de-la-catedra-unesco-para-acciones-de-educacion-para-el-desarrollo-ciudadania-global-y-sensibilizacion\/"},"author":{"name":"veronicapastor","@id":"https:\/\/valenciasjb.salesianos.edu\/colegio\/#\/schema\/person\/1f45b67e52b27da175190a574db6bed9"},"headline":"El colegio seleccionado como entidad colaboradora en un proyecto de la Universidad de Valencia de la C\u00e1tedra UNESCO para acciones de Educaci\u00f3n para el Desarrollo, Ciudadan\u00eda Global y Sensibilizaci\u00f3n","datePublished":"2020-11-24T18:43:09+00:00","dateModified":"2020-11-24T18:43:12+00:00","mainEntityOfPage":{"@id":"https:\/\/valenciasjb.salesianos.edu\/colegio\/el-colegio-seleccionado-como-entidad-colaboradora-en-un-proyecto-de-la-universidad-de-valencia-de-la-catedra-unesco-para-acciones-de-educacion-para-el-desarrollo-ciudadania-global-y-sensibilizacion\/"},"wordCount":520,"image":{"@id":"https:\/\/valenciasjb.salesianos.edu\/colegio\/el-colegio-seleccionado-como-entidad-colaboradora-en-un-proyecto-de-la-universidad-de-valencia-de-la-catedra-unesco-para-acciones-de-educacion-para-el-desarrollo-ciudadania-global-y-sensibilizacion\/#primaryimage"},"thumbnailUrl":"https:\/\/valenciasjb.salesianos.edu\/colegio\/wp-content\/uploads\/sites\/2\/2020\/11\/logo-Cat-UNESCO-2020.jpg","articleSection":["Noticia Colegio"],"inLanguage":"es"},{"@type":"WebPage","@id":"https:\/\/valenciasjb.salesianos.edu\/colegio\/el-colegio-seleccionado-como-entidad-colaboradora-en-un-proyecto-de-la-universidad-de-valencia-de-la-catedra-unesco-para-acciones-de-educacion-para-el-desarrollo-ciudadania-global-y-sensibilizacion\/","url":"https:\/\/valenciasjb.salesianos.edu\/colegio\/el-colegio-seleccionado-como-entidad-colaboradora-en-un-proyecto-de-la-universidad-de-valencia-de-la-catedra-unesco-para-acciones-de-educacion-para-el-desarrollo-ciudadania-global-y-sensibilizacion\/","name":"El colegio seleccionado como entidad colaboradora en un proyecto de la Universidad de Valencia de la C\u00e1tedra UNESCO para acciones de Educaci\u00f3n para el Desarrollo, Ciudadan\u00eda Global y Sensibilizaci\u00f3n - Colegio San Juan Bosco Valencia","isPartOf":{"@id":"https:\/\/valenciasjb.salesianos.edu\/colegio\/#website"},"primaryImageOfPage":{"@id":"https:\/\/valenciasjb.salesianos.edu\/colegio\/el-colegio-seleccionado-como-entidad-colaboradora-en-un-proyecto-de-la-universidad-de-valencia-de-la-catedra-unesco-para-acciones-de-educacion-para-el-desarrollo-ciudadania-global-y-sensibilizacion\/#primaryimage"},"image":{"@id":"https:\/\/valenciasjb.salesianos.edu\/colegio\/el-colegio-seleccionado-como-entidad-colaboradora-en-un-proyecto-de-la-universidad-de-valencia-de-la-catedra-unesco-para-acciones-de-educacion-para-el-desarrollo-ciudadania-global-y-sensibilizacion\/#primaryimage"},"thumbnailUrl":"https:\/\/valenciasjb.salesianos.edu\/colegio\/wp-content\/uploads\/sites\/2\/2020\/11\/logo-Cat-UNESCO-2020.jpg","datePublished":"2020-11-24T18:43:09+00:00","dateModified":"2020-11-24T18:43:12+00:00","author":{"@id":"https:\/\/valenciasjb.salesianos.edu\/colegio\/#\/schema\/person\/1f45b67e52b27da175190a574db6bed9"},"breadcrumb":{"@id":"https:\/\/valenciasjb.salesianos.edu\/colegio\/el-colegio-seleccionado-como-entidad-colaboradora-en-un-proyecto-de-la-universidad-de-valencia-de-la-catedra-unesco-para-acciones-de-educacion-para-el-desarrollo-ciudadania-global-y-sensibilizacion\/#breadcrumb"},"inLanguage":"es","potentialAction":[{"@type":"ReadAction","target":["https:\/\/valenciasjb.salesianos.edu\/colegio\/el-colegio-seleccionado-como-entidad-colaboradora-en-un-proyecto-de-la-universidad-de-valencia-de-la-catedra-unesco-para-acciones-de-educacion-para-el-desarrollo-ciudadania-global-y-sensibilizacion\/"]}]},{"@type":"ImageObject","inLanguage":"es","@id":"https:\/\/valenciasjb.salesianos.edu\/colegio\/el-colegio-seleccionado-como-entidad-colaboradora-en-un-proyecto-de-la-universidad-de-valencia-de-la-catedra-unesco-para-acciones-de-educacion-para-el-desarrollo-ciudadania-global-y-sensibilizacion\/#primaryimage","url":"https:\/\/valenciasjb.salesianos.edu\/colegio\/wp-content\/uploads\/sites\/2\/2020\/11\/logo-Cat-UNESCO-2020.jpg","contentUrl":"https:\/\/valenciasjb.salesianos.edu\/colegio\/wp-content\/uploads\/sites\/2\/2020\/11\/logo-Cat-UNESCO-2020.jpg","width":850,"height":374},{"@type":"BreadcrumbList","@id":"https:\/\/valenciasjb.salesianos.edu\/colegio\/el-colegio-seleccionado-como-entidad-colaboradora-en-un-proyecto-de-la-universidad-de-valencia-de-la-catedra-unesco-para-acciones-de-educacion-para-el-desarrollo-ciudadania-global-y-sensibilizacion\/#breadcrumb","itemListElement":[{"@type":"ListItem","position":1,"name":"Portada","item":"https:\/\/valenciasjb.salesianos.edu\/colegio\/"},{"@type":"ListItem","position":2,"name":"El colegio seleccionado como entidad colaboradora en un proyecto de la Universidad de Valencia de la C\u00e1tedra UNESCO para acciones de Educaci\u00f3n para el Desarrollo, Ciudadan\u00eda Global y Sensibilizaci\u00f3n"}]},{"@type":"WebSite","@id":"https:\/\/valenciasjb.salesianos.edu\/colegio\/#website","url":"https:\/\/valenciasjb.salesianos.edu\/colegio\/","name":"Colegio San Juan Bosco Valencia","description":"P\u00e1gina oficial del Colegio Salesianos San Juan Bosco Valencia","alternateName":"Salesianos.VSJB","potentialAction":[{"@type":"SearchAction","target":{"@type":"EntryPoint","urlTemplate":"https:\/\/valenciasjb.salesianos.edu\/colegio\/?s={search_term_string}"},"query-input":{"@type":"PropertyValueSpecification","valueRequired":true,"valueName":"search_term_string"}}],"inLanguage":"es"},{"@type":"Person","@id":"https:\/\/valenciasjb.salesianos.edu\/colegio\/#\/schema\/person\/1f45b67e52b27da175190a574db6bed9","name":"veronicapastor","image":{"@type":"ImageObject","inLanguage":"es","@id":"https:\/\/secure.gravatar.com\/avatar\/e29bd40bace3fd935e1d6fdb7313ffc14628cc037c5e16f4c7369b20a2a6f7f0?s=96&d=mm&r=g","url":"https:\/\/secure.gravatar.com\/avatar\/e29bd40bace3fd935e1d6fdb7313ffc14628cc037c5e16f4c7369b20a2a6f7f0?s=96&d=mm&r=g","contentUrl":"https:\/\/secure.gravatar.com\/avatar\/e29bd40bace3fd935e1d6fdb7313ffc14628cc037c5e16f4c7369b20a2a6f7f0?s=96&d=mm&r=g","caption":"veronicapastor"}}]}},"_links":{"self":[{"href":"https:\/\/valenciasjb.salesianos.edu\/colegio\/wp-json\/wp\/v2\/posts\/14589","targetHints":{"allow":["GET"]}}],"collection":[{"href":"https:\/\/valenciasjb.salesianos.edu\/colegio\/wp-json\/wp\/v2\/posts"}],"about":[{"href":"https:\/\/valenciasjb.salesianos.edu\/colegio\/wp-json\/wp\/v2\/types\/post"}],"author":[{"embeddable":true,"href":"https:\/\/valenciasjb.salesianos.edu\/colegio\/wp-json\/wp\/v2\/users\/6"}],"replies":[{"embeddable":true,"href":"https:\/\/valenciasjb.salesianos.edu\/colegio\/wp-json\/wp\/v2\/comments?post=14589"}],"version-history":[{"count":4,"href":"https:\/\/valenciasjb.salesianos.edu\/colegio\/wp-json\/wp\/v2\/posts\/14589\/revisions"}],"predecessor-version":[{"id":14594,"href":"https:\/\/valenciasjb.salesianos.edu\/colegio\/wp-json\/wp\/v2\/posts\/14589\/revisions\/14594"}],"wp:featuredmedia":[{"embeddable":true,"href":"https:\/\/valenciasjb.salesianos.edu\/colegio\/wp-json\/wp\/v2\/media\/14585"}],"wp:attachment":[{"href":"https:\/\/valenciasjb.salesianos.edu\/colegio\/wp-json\/wp\/v2\/media?parent=14589"}],"wp:term":[{"taxonomy":"category","embeddable":true,"href":"https:\/\/valenciasjb.salesianos.edu\/colegio\/wp-json\/wp\/v2\/categories?post=14589"},{"taxonomy":"post_tag","embeddable":true,"href":"https:\/\/valenciasjb.salesianos.edu\/colegio\/wp-json\/wp\/v2\/tags?post=14589"}],"curies":[{"name":"wp","href":"https:\/\/api.w.org\/{rel}","templated":true}]}}