{"id":14669,"date":"2020-12-16T18:38:41","date_gmt":"2020-12-16T17:38:41","guid":{"rendered":"https:\/\/valenciasjb.salesianos.edu\/colegio\/?p=14669"},"modified":"2020-12-16T18:38:45","modified_gmt":"2020-12-16T17:38:45","slug":"kilo-solidario-una-campana-que-esta-alimentando-vidas-sin-ir-mas-lejos","status":"publish","type":"post","link":"https:\/\/valenciasjb.salesianos.edu\/colegio\/kilo-solidario-una-campana-que-esta-alimentando-vidas-sin-ir-mas-lejos\/","title":{"rendered":"Kilo Solidario, una campa\u00f1a que est\u00e1 \u201calimentando vidas, sin ir m\u00e1s lejos\u201d"},"content":{"rendered":"<div id=\"fb-root\"><\/div>\n<p>[et_pb_section fb_built=\u00bb1&#8243; admin_label=\u00bbsection\u00bb _builder_version=\u00bb3.22&#8243;][et_pb_row admin_label=\u00bbrow\u00bb _builder_version=\u00bb3.25&#8243; background_size=\u00bbinitial\u00bb background_position=\u00bbtop_left\u00bb background_repeat=\u00bbrepeat\u00bb][et_pb_column type=\u00bb4_4&#8243; _builder_version=\u00bb3.25&#8243; custom_padding=\u00bb|||\u00bb custom_padding__hover=\u00bb|||\u00bb][et_pb_text admin_label=\u00bbEntradilla (Texto)\u00bb _builder_version=\u00bb4.6.0&#8243; text_font=\u00bb|on|||\u00bb text_orientation=\u00bbjustified\u00bb module_alignment=\u00bbjustified\u00bb hover_enabled=\u00bb0&#8243; sticky_enabled=\u00bb0&#8243;]<\/p>\n<div id=\"resumen\">\n<p><span style=\"font-weight: 400\">\u201cAlimentando vidas, sin ir m\u00e1s lejos\u201d fue el lema escogido para la campa\u00f1a del Kilo Solidario en este curso. Una campa\u00f1a muy querida, a\u00f1o tras a\u00f1o, y en la que siempre hay una alta participaci\u00f3n por parte de toda la comunidad educativa. En esta ocasi\u00f3n, tuvimos que adelantar con cierta urgencia la campa\u00f1a, debido a que las estanter\u00edas de C\u00e1ritas estaban vac\u00edas, pues a la situaci\u00f3n que muchas familias del barrio viven por circunstancias laborales, se ha unido este a\u00f1o la crisis sanitaria del Covid-19.<\/span><\/p>\n<\/div>\n<div>\u00a0<\/div>\n<p>[\/et_pb_text][et_pb_text admin_label=\u00bbAutor (Texto)\u00bb _builder_version=\u00bb3.27.4&#8243; text_font=\u00bb||on||\u00bb]Redacci\u00f3n<br \/>\n[\/et_pb_text][et_pb_text admin_label=\u00bbDesarrollo (Texto)\u00bb _builder_version=\u00bb4.6.0&#8243; text_orientation=\u00bbjustified\u00bb module_alignment=\u00bbjustified\u00bb hover_enabled=\u00bb0&#8243; sticky_enabled=\u00bb0&#8243;]<\/p>\n<p>\u200b<span style=\"font-weight: 400\">El Colegio y todo el equipo de Pastoral quieren dar las GRACIAS por esta campa\u00f1a de Kilo solidario tan especial, en la que hemos logrado recoger, nada m\u00e1s y nada menos, que m\u00e1s de 200 kg de arroz, 40 cajas de cereales, 80 litros de aceite, 140 de tomate frito, casi 200 litros de leche y 150 paquetes de galletas, cerca de 80 latas de at\u00fan, y m\u00e1s de 400 kg de pasta. Entre muchos otros productos como turr\u00f3n, chocolate, caldo y cremas, conservas, potitos, legumbres, zumos, toallitas infantiles, pa\u00f1ales, fruta en alm\u00edbar, az\u00facar, caf\u00e9, harina, sardinas, sal, crema infantil, cereales infantiles, cacao soluble, batidos, magdalenas, compresas y tampones, leche en polvo (infantil) y tostadas. Lo equivalente a mucho m\u00e1s de 1800 kilos, teniendo en cuenta que el recuento no incluye los cursos de 1\u00ba a 3\u00ba de primaria, ya que los productos de estos niveles se recogieron directamente en la parroquia.<\/span><\/p>\n<p><span style=\"font-weight: 400\">Por tanto, GRACIAS con may\u00fasculas, por vuestras aportaciones, pues con ellas haremos la Navidad y los meses venideros m\u00e1s felices a muchas personas del barrio. Y un GRACIAS enorme a los alumnos de Bachillerato que han ayudado en la recogida, clasificaci\u00f3n y organizaci\u00f3n de todos los alimentos que hemos tra\u00eddo en las distintas etapas del colegio; sin vosotros, esto no habr\u00eda sido posible tan r\u00e1pido y bien hecho.\u00a0<\/span><\/p>\n<p><span style=\"font-weight: 400\">Y es que cuando las cosas se hacen desde el coraz\u00f3n y convencidos de lo que hacemos, no pueden salir mal. Aunque esta campa\u00f1a no tiene por qu\u00e9 llegar aqu\u00ed a su fin, pod\u00e9is continuar siendo solidarios y colaborando con C\u00e1ritas estas semanas pr\u00f3ximas y durante todo el a\u00f1o. De hecho, si quer\u00e9is seguir trayendo alg\u00fan producto, pod\u00e9is dejarlo en cualquier momento en la parroquia; a partir de las 17:00 horas, siempre la podemos encontrar abierta.\u00a0<\/span><\/p>\n<p><span style=\"font-weight: 400\">Desgraciadamente, esto no acaba aqu\u00ed. Muchas gracias a todos y a todas los que hab\u00e9is contribuido, como dec\u00eda el lema de la campa\u00f1a, a \u201csalvar vidas\u201d.<\/span><\/p>\n<p>[\/et_pb_text][et_pb_text disabled_on=\u00bboff|on|on\u00bb admin_label=\u00bbT\u00edtulo: Galer\u00eda de fotos (Texto)\u00bb _builder_version=\u00bb3.27.4&#8243; text_font=\u00bb|on|||\u00bb text_text_color=\u00bb#dc001b\u00bb border_style=\u00bbsolid\u00bb]Galer\u00eda de im\u00e1genes<br \/>\n[\/et_pb_text][et_pb_gallery gallery_ids=\u00bb14672&#8243; posts_number=\u00bb8&#8243; show_title_and_caption=\u00bboff\u00bb zoom_icon_color=\u00bb#dc001b\u00bb hover_icon=\u00bb%%51%%\u00bb disabled_on=\u00bboff|off|off\u00bb _builder_version=\u00bb4.6.0&#8243; hover_enabled=\u00bb0&#8243; pagination_font_size_tablet=\u00bb51&#8243; pagination_line_height_tablet=\u00bb2&#8243; sticky_enabled=\u00bb0&#8243;][\/et_pb_gallery][et_pb_video disabled_on=\u00bbon|on|on\u00bb _builder_version=\u00bb3.0.51&#8243; disabled=\u00bbon\u00bb][\/et_pb_video][\/et_pb_column][\/et_pb_row][\/et_pb_section]<\/p>\n<!-- AddThis Advanced Settings generic via filter on the_content --><!-- AddThis Share Buttons generic via filter on the_content -->","protected":false},"excerpt":{"rendered":"<p>\u201cAlimentando vidas, sin ir m\u00e1s lejos\u201d fue el lema escogido para la campa\u00f1a del Kilo Solidario en este curso. Una campa\u00f1a muy querida, a\u00f1o tras a\u00f1o, y en la que siempre hay una alta participaci\u00f3n por parte de toda la comunidad educativa. En esta ocasi\u00f3n, tuvimos que adelantar con cierta urgencia la campa\u00f1a, debido a [&hellip;]<\/p>\n<p><!-- AddThis Advanced Settings generic via filter on get_the_excerpt --><!-- AddThis Share Buttons generic via filter on get_the_excerpt --><\/p>\n","protected":false},"author":6,"featured_media":14672,"comment_status":"closed","ping_status":"open","sticky":false,"template":"","format":"standard","meta":{"_et_pb_use_builder":"on","_et_pb_old_content":"","_et_gb_content_width":"","footnotes":""},"categories":[14],"tags":[],"class_list":["post-14669","post","type-post","status-publish","format-standard","has-post-thumbnail","hentry","category-noticia_colegio"],"yoast_head":"<!-- This site is optimized with the Yoast SEO plugin v28.4 - https:\/\/yoast.com\/product\/yoast-seo-wordpress\/ -->\n<title>Kilo Solidario, una campa\u00f1a que est\u00e1 \u201calimentando vidas, sin ir m\u00e1s lejos\u201d - Colegio San Juan Bosco Valencia<\/title>\n<meta name=\"robots\" content=\"index, follow, max-snippet:-1, max-image-preview:large, max-video-preview:-1\" \/>\n<link rel=\"canonical\" href=\"https:\/\/valenciasjb.salesianos.edu\/colegio\/kilo-solidario-una-campana-que-esta-alimentando-vidas-sin-ir-mas-lejos\/\" \/>\n<meta property=\"og:locale\" content=\"es_ES\" \/>\n<meta property=\"og:type\" content=\"article\" \/>\n<meta property=\"og:title\" content=\"Kilo Solidario, una campa\u00f1a que est\u00e1 \u201calimentando vidas, sin ir m\u00e1s lejos\u201d - Colegio San Juan Bosco Valencia\" \/>\n<meta property=\"og:description\" content=\"\u201cAlimentando vidas, sin ir m\u00e1s lejos\u201d fue el lema escogido para la campa\u00f1a del Kilo Solidario en este curso. Una campa\u00f1a muy querida, a\u00f1o tras a\u00f1o, y en la que siempre hay una alta participaci\u00f3n por parte de toda la comunidad educativa. En esta ocasi\u00f3n, tuvimos que adelantar con cierta urgencia la campa\u00f1a, debido a [&hellip;]\" \/>\n<meta property=\"og:url\" content=\"https:\/\/valenciasjb.salesianos.edu\/colegio\/kilo-solidario-una-campana-que-esta-alimentando-vidas-sin-ir-mas-lejos\/\" \/>\n<meta property=\"og:site_name\" content=\"Colegio San Juan Bosco Valencia\" \/>\n<meta property=\"article:publisher\" content=\"https:\/\/www.facebook.com\/ColegioSalesianoSanJuanBoscoValencia\" \/>\n<meta property=\"article:published_time\" content=\"2020-12-16T17:38:41+00:00\" \/>\n<meta property=\"article:modified_time\" content=\"2020-12-16T17:38:45+00:00\" \/>\n<meta property=\"og:image\" content=\"https:\/\/valenciasjb.salesianos.edu\/colegio\/wp-content\/uploads\/sites\/2\/2020\/12\/sketch-1608135207115.jpg\" \/>\n\t<meta property=\"og:image:width\" content=\"960\" \/>\n\t<meta property=\"og:image:height\" content=\"720\" \/>\n\t<meta property=\"og:image:type\" content=\"image\/jpeg\" \/>\n<meta name=\"author\" content=\"veronicapastor\" \/>\n<meta name=\"twitter:card\" content=\"summary_large_image\" \/>\n<meta name=\"twitter:creator\" content=\"@SalesianosVSJB\" \/>\n<meta name=\"twitter:site\" content=\"@SalesianosVSJB\" \/>\n<meta name=\"twitter:label1\" content=\"Escrito por\" \/>\n\t<meta name=\"twitter:data1\" content=\"veronicapastor\" \/>\n\t<meta name=\"twitter:label2\" content=\"Tiempo de lectura\" \/>\n\t<meta name=\"twitter:data2\" content=\"3 minutos\" \/>\n<script type=\"application\/ld+json\" class=\"yoast-schema-graph\">{\"@context\":\"https:\\\/\\\/schema.org\",\"@graph\":[{\"@type\":\"Article\",\"@id\":\"https:\\\/\\\/valenciasjb.salesianos.edu\\\/colegio\\\/kilo-solidario-una-campana-que-esta-alimentando-vidas-sin-ir-mas-lejos\\\/#article\",\"isPartOf\":{\"@id\":\"https:\\\/\\\/valenciasjb.salesianos.edu\\\/colegio\\\/kilo-solidario-una-campana-que-esta-alimentando-vidas-sin-ir-mas-lejos\\\/\"},\"author\":{\"name\":\"veronicapastor\",\"@id\":\"https:\\\/\\\/valenciasjb.salesianos.edu\\\/colegio\\\/#\\\/schema\\\/person\\\/1f45b67e52b27da175190a574db6bed9\"},\"headline\":\"Kilo Solidario, una campa\u00f1a que est\u00e1 \u201calimentando vidas, sin ir m\u00e1s lejos\u201d\",\"datePublished\":\"2020-12-16T17:38:41+00:00\",\"dateModified\":\"2020-12-16T17:38:45+00:00\",\"mainEntityOfPage\":{\"@id\":\"https:\\\/\\\/valenciasjb.salesianos.edu\\\/colegio\\\/kilo-solidario-una-campana-que-esta-alimentando-vidas-sin-ir-mas-lejos\\\/\"},\"wordCount\":657,\"image\":{\"@id\":\"https:\\\/\\\/valenciasjb.salesianos.edu\\\/colegio\\\/kilo-solidario-una-campana-que-esta-alimentando-vidas-sin-ir-mas-lejos\\\/#primaryimage\"},\"thumbnailUrl\":\"https:\\\/\\\/valenciasjb.salesianos.edu\\\/colegio\\\/wp-content\\\/uploads\\\/sites\\\/2\\\/2020\\\/12\\\/sketch-1608135207115.jpg\",\"articleSection\":[\"Noticia Colegio\"],\"inLanguage\":\"es\"},{\"@type\":\"WebPage\",\"@id\":\"https:\\\/\\\/valenciasjb.salesianos.edu\\\/colegio\\\/kilo-solidario-una-campana-que-esta-alimentando-vidas-sin-ir-mas-lejos\\\/\",\"url\":\"https:\\\/\\\/valenciasjb.salesianos.edu\\\/colegio\\\/kilo-solidario-una-campana-que-esta-alimentando-vidas-sin-ir-mas-lejos\\\/\",\"name\":\"Kilo Solidario, una campa\u00f1a que est\u00e1 \u201calimentando vidas, sin ir m\u00e1s lejos\u201d - Colegio San Juan Bosco Valencia\",\"isPartOf\":{\"@id\":\"https:\\\/\\\/valenciasjb.salesianos.edu\\\/colegio\\\/#website\"},\"primaryImageOfPage\":{\"@id\":\"https:\\\/\\\/valenciasjb.salesianos.edu\\\/colegio\\\/kilo-solidario-una-campana-que-esta-alimentando-vidas-sin-ir-mas-lejos\\\/#primaryimage\"},\"image\":{\"@id\":\"https:\\\/\\\/valenciasjb.salesianos.edu\\\/colegio\\\/kilo-solidario-una-campana-que-esta-alimentando-vidas-sin-ir-mas-lejos\\\/#primaryimage\"},\"thumbnailUrl\":\"https:\\\/\\\/valenciasjb.salesianos.edu\\\/colegio\\\/wp-content\\\/uploads\\\/sites\\\/2\\\/2020\\\/12\\\/sketch-1608135207115.jpg\",\"datePublished\":\"2020-12-16T17:38:41+00:00\",\"dateModified\":\"2020-12-16T17:38:45+00:00\",\"author\":{\"@id\":\"https:\\\/\\\/valenciasjb.salesianos.edu\\\/colegio\\\/#\\\/schema\\\/person\\\/1f45b67e52b27da175190a574db6bed9\"},\"breadcrumb\":{\"@id\":\"https:\\\/\\\/valenciasjb.salesianos.edu\\\/colegio\\\/kilo-solidario-una-campana-que-esta-alimentando-vidas-sin-ir-mas-lejos\\\/#breadcrumb\"},\"inLanguage\":\"es\",\"potentialAction\":[{\"@type\":\"ReadAction\",\"target\":[\"https:\\\/\\\/valenciasjb.salesianos.edu\\\/colegio\\\/kilo-solidario-una-campana-que-esta-alimentando-vidas-sin-ir-mas-lejos\\\/\"]}]},{\"@type\":\"ImageObject\",\"inLanguage\":\"es\",\"@id\":\"https:\\\/\\\/valenciasjb.salesianos.edu\\\/colegio\\\/kilo-solidario-una-campana-que-esta-alimentando-vidas-sin-ir-mas-lejos\\\/#primaryimage\",\"url\":\"https:\\\/\\\/valenciasjb.salesianos.edu\\\/colegio\\\/wp-content\\\/uploads\\\/sites\\\/2\\\/2020\\\/12\\\/sketch-1608135207115.jpg\",\"contentUrl\":\"https:\\\/\\\/valenciasjb.salesianos.edu\\\/colegio\\\/wp-content\\\/uploads\\\/sites\\\/2\\\/2020\\\/12\\\/sketch-1608135207115.jpg\",\"width\":960,\"height\":720},{\"@type\":\"BreadcrumbList\",\"@id\":\"https:\\\/\\\/valenciasjb.salesianos.edu\\\/colegio\\\/kilo-solidario-una-campana-que-esta-alimentando-vidas-sin-ir-mas-lejos\\\/#breadcrumb\",\"itemListElement\":[{\"@type\":\"ListItem\",\"position\":1,\"name\":\"Portada\",\"item\":\"https:\\\/\\\/valenciasjb.salesianos.edu\\\/colegio\\\/\"},{\"@type\":\"ListItem\",\"position\":2,\"name\":\"Kilo Solidario, una campa\u00f1a que est\u00e1 \u201calimentando vidas, sin ir m\u00e1s lejos\u201d\"}]},{\"@type\":\"WebSite\",\"@id\":\"https:\\\/\\\/valenciasjb.salesianos.edu\\\/colegio\\\/#website\",\"url\":\"https:\\\/\\\/valenciasjb.salesianos.edu\\\/colegio\\\/\",\"name\":\"Colegio San Juan Bosco Valencia\",\"description\":\"P\u00e1gina oficial del Colegio Salesianos San Juan Bosco Valencia\",\"alternateName\":\"Salesianos.VSJB\",\"potentialAction\":[{\"@type\":\"SearchAction\",\"target\":{\"@type\":\"EntryPoint\",\"urlTemplate\":\"https:\\\/\\\/valenciasjb.salesianos.edu\\\/colegio\\\/?s={search_term_string}\"},\"query-input\":{\"@type\":\"PropertyValueSpecification\",\"valueRequired\":true,\"valueName\":\"search_term_string\"}}],\"inLanguage\":\"es\"},{\"@type\":\"Person\",\"@id\":\"https:\\\/\\\/valenciasjb.salesianos.edu\\\/colegio\\\/#\\\/schema\\\/person\\\/1f45b67e52b27da175190a574db6bed9\",\"name\":\"veronicapastor\",\"image\":{\"@type\":\"ImageObject\",\"inLanguage\":\"es\",\"@id\":\"https:\\\/\\\/secure.gravatar.com\\\/avatar\\\/e29bd40bace3fd935e1d6fdb7313ffc14628cc037c5e16f4c7369b20a2a6f7f0?s=96&d=mm&r=g\",\"url\":\"https:\\\/\\\/secure.gravatar.com\\\/avatar\\\/e29bd40bace3fd935e1d6fdb7313ffc14628cc037c5e16f4c7369b20a2a6f7f0?s=96&d=mm&r=g\",\"contentUrl\":\"https:\\\/\\\/secure.gravatar.com\\\/avatar\\\/e29bd40bace3fd935e1d6fdb7313ffc14628cc037c5e16f4c7369b20a2a6f7f0?s=96&d=mm&r=g\",\"caption\":\"veronicapastor\"}}]}<\/script>\n<!-- \/ Yoast SEO plugin. -->","yoast_head_json":{"title":"Kilo Solidario, una campa\u00f1a que est\u00e1 \u201calimentando vidas, sin ir m\u00e1s lejos\u201d - Colegio San Juan Bosco Valencia","robots":{"index":"index","follow":"follow","max-snippet":"max-snippet:-1","max-image-preview":"max-image-preview:large","max-video-preview":"max-video-preview:-1"},"canonical":"https:\/\/valenciasjb.salesianos.edu\/colegio\/kilo-solidario-una-campana-que-esta-alimentando-vidas-sin-ir-mas-lejos\/","og_locale":"es_ES","og_type":"article","og_title":"Kilo Solidario, una campa\u00f1a que est\u00e1 \u201calimentando vidas, sin ir m\u00e1s lejos\u201d - Colegio San Juan Bosco Valencia","og_description":"\u201cAlimentando vidas, sin ir m\u00e1s lejos\u201d fue el lema escogido para la campa\u00f1a del Kilo Solidario en este curso. Una campa\u00f1a muy querida, a\u00f1o tras a\u00f1o, y en la que siempre hay una alta participaci\u00f3n por parte de toda la comunidad educativa. En esta ocasi\u00f3n, tuvimos que adelantar con cierta urgencia la campa\u00f1a, debido a [&hellip;]","og_url":"https:\/\/valenciasjb.salesianos.edu\/colegio\/kilo-solidario-una-campana-que-esta-alimentando-vidas-sin-ir-mas-lejos\/","og_site_name":"Colegio San Juan Bosco Valencia","article_publisher":"https:\/\/www.facebook.com\/ColegioSalesianoSanJuanBoscoValencia","article_published_time":"2020-12-16T17:38:41+00:00","article_modified_time":"2020-12-16T17:38:45+00:00","og_image":[{"width":960,"height":720,"url":"https:\/\/valenciasjb.salesianos.edu\/colegio\/wp-content\/uploads\/sites\/2\/2020\/12\/sketch-1608135207115.jpg","type":"image\/jpeg"}],"author":"veronicapastor","twitter_card":"summary_large_image","twitter_creator":"@SalesianosVSJB","twitter_site":"@SalesianosVSJB","twitter_misc":{"Escrito por":"veronicapastor","Tiempo de lectura":"3 minutos"},"schema":{"@context":"https:\/\/schema.org","@graph":[{"@type":"Article","@id":"https:\/\/valenciasjb.salesianos.edu\/colegio\/kilo-solidario-una-campana-que-esta-alimentando-vidas-sin-ir-mas-lejos\/#article","isPartOf":{"@id":"https:\/\/valenciasjb.salesianos.edu\/colegio\/kilo-solidario-una-campana-que-esta-alimentando-vidas-sin-ir-mas-lejos\/"},"author":{"name":"veronicapastor","@id":"https:\/\/valenciasjb.salesianos.edu\/colegio\/#\/schema\/person\/1f45b67e52b27da175190a574db6bed9"},"headline":"Kilo Solidario, una campa\u00f1a que est\u00e1 \u201calimentando vidas, sin ir m\u00e1s lejos\u201d","datePublished":"2020-12-16T17:38:41+00:00","dateModified":"2020-12-16T17:38:45+00:00","mainEntityOfPage":{"@id":"https:\/\/valenciasjb.salesianos.edu\/colegio\/kilo-solidario-una-campana-que-esta-alimentando-vidas-sin-ir-mas-lejos\/"},"wordCount":657,"image":{"@id":"https:\/\/valenciasjb.salesianos.edu\/colegio\/kilo-solidario-una-campana-que-esta-alimentando-vidas-sin-ir-mas-lejos\/#primaryimage"},"thumbnailUrl":"https:\/\/valenciasjb.salesianos.edu\/colegio\/wp-content\/uploads\/sites\/2\/2020\/12\/sketch-1608135207115.jpg","articleSection":["Noticia Colegio"],"inLanguage":"es"},{"@type":"WebPage","@id":"https:\/\/valenciasjb.salesianos.edu\/colegio\/kilo-solidario-una-campana-que-esta-alimentando-vidas-sin-ir-mas-lejos\/","url":"https:\/\/valenciasjb.salesianos.edu\/colegio\/kilo-solidario-una-campana-que-esta-alimentando-vidas-sin-ir-mas-lejos\/","name":"Kilo Solidario, una campa\u00f1a que est\u00e1 \u201calimentando vidas, sin ir m\u00e1s lejos\u201d - Colegio San Juan Bosco Valencia","isPartOf":{"@id":"https:\/\/valenciasjb.salesianos.edu\/colegio\/#website"},"primaryImageOfPage":{"@id":"https:\/\/valenciasjb.salesianos.edu\/colegio\/kilo-solidario-una-campana-que-esta-alimentando-vidas-sin-ir-mas-lejos\/#primaryimage"},"image":{"@id":"https:\/\/valenciasjb.salesianos.edu\/colegio\/kilo-solidario-una-campana-que-esta-alimentando-vidas-sin-ir-mas-lejos\/#primaryimage"},"thumbnailUrl":"https:\/\/valenciasjb.salesianos.edu\/colegio\/wp-content\/uploads\/sites\/2\/2020\/12\/sketch-1608135207115.jpg","datePublished":"2020-12-16T17:38:41+00:00","dateModified":"2020-12-16T17:38:45+00:00","author":{"@id":"https:\/\/valenciasjb.salesianos.edu\/colegio\/#\/schema\/person\/1f45b67e52b27da175190a574db6bed9"},"breadcrumb":{"@id":"https:\/\/valenciasjb.salesianos.edu\/colegio\/kilo-solidario-una-campana-que-esta-alimentando-vidas-sin-ir-mas-lejos\/#breadcrumb"},"inLanguage":"es","potentialAction":[{"@type":"ReadAction","target":["https:\/\/valenciasjb.salesianos.edu\/colegio\/kilo-solidario-una-campana-que-esta-alimentando-vidas-sin-ir-mas-lejos\/"]}]},{"@type":"ImageObject","inLanguage":"es","@id":"https:\/\/valenciasjb.salesianos.edu\/colegio\/kilo-solidario-una-campana-que-esta-alimentando-vidas-sin-ir-mas-lejos\/#primaryimage","url":"https:\/\/valenciasjb.salesianos.edu\/colegio\/wp-content\/uploads\/sites\/2\/2020\/12\/sketch-1608135207115.jpg","contentUrl":"https:\/\/valenciasjb.salesianos.edu\/colegio\/wp-content\/uploads\/sites\/2\/2020\/12\/sketch-1608135207115.jpg","width":960,"height":720},{"@type":"BreadcrumbList","@id":"https:\/\/valenciasjb.salesianos.edu\/colegio\/kilo-solidario-una-campana-que-esta-alimentando-vidas-sin-ir-mas-lejos\/#breadcrumb","itemListElement":[{"@type":"ListItem","position":1,"name":"Portada","item":"https:\/\/valenciasjb.salesianos.edu\/colegio\/"},{"@type":"ListItem","position":2,"name":"Kilo Solidario, una campa\u00f1a que est\u00e1 \u201calimentando vidas, sin ir m\u00e1s lejos\u201d"}]},{"@type":"WebSite","@id":"https:\/\/valenciasjb.salesianos.edu\/colegio\/#website","url":"https:\/\/valenciasjb.salesianos.edu\/colegio\/","name":"Colegio San Juan Bosco Valencia","description":"P\u00e1gina oficial del Colegio Salesianos San Juan Bosco Valencia","alternateName":"Salesianos.VSJB","potentialAction":[{"@type":"SearchAction","target":{"@type":"EntryPoint","urlTemplate":"https:\/\/valenciasjb.salesianos.edu\/colegio\/?s={search_term_string}"},"query-input":{"@type":"PropertyValueSpecification","valueRequired":true,"valueName":"search_term_string"}}],"inLanguage":"es"},{"@type":"Person","@id":"https:\/\/valenciasjb.salesianos.edu\/colegio\/#\/schema\/person\/1f45b67e52b27da175190a574db6bed9","name":"veronicapastor","image":{"@type":"ImageObject","inLanguage":"es","@id":"https:\/\/secure.gravatar.com\/avatar\/e29bd40bace3fd935e1d6fdb7313ffc14628cc037c5e16f4c7369b20a2a6f7f0?s=96&d=mm&r=g","url":"https:\/\/secure.gravatar.com\/avatar\/e29bd40bace3fd935e1d6fdb7313ffc14628cc037c5e16f4c7369b20a2a6f7f0?s=96&d=mm&r=g","contentUrl":"https:\/\/secure.gravatar.com\/avatar\/e29bd40bace3fd935e1d6fdb7313ffc14628cc037c5e16f4c7369b20a2a6f7f0?s=96&d=mm&r=g","caption":"veronicapastor"}}]}},"_links":{"self":[{"href":"https:\/\/valenciasjb.salesianos.edu\/colegio\/wp-json\/wp\/v2\/posts\/14669","targetHints":{"allow":["GET"]}}],"collection":[{"href":"https:\/\/valenciasjb.salesianos.edu\/colegio\/wp-json\/wp\/v2\/posts"}],"about":[{"href":"https:\/\/valenciasjb.salesianos.edu\/colegio\/wp-json\/wp\/v2\/types\/post"}],"author":[{"embeddable":true,"href":"https:\/\/valenciasjb.salesianos.edu\/colegio\/wp-json\/wp\/v2\/users\/6"}],"replies":[{"embeddable":true,"href":"https:\/\/valenciasjb.salesianos.edu\/colegio\/wp-json\/wp\/v2\/comments?post=14669"}],"version-history":[{"count":4,"href":"https:\/\/valenciasjb.salesianos.edu\/colegio\/wp-json\/wp\/v2\/posts\/14669\/revisions"}],"predecessor-version":[{"id":14675,"href":"https:\/\/valenciasjb.salesianos.edu\/colegio\/wp-json\/wp\/v2\/posts\/14669\/revisions\/14675"}],"wp:featuredmedia":[{"embeddable":true,"href":"https:\/\/valenciasjb.salesianos.edu\/colegio\/wp-json\/wp\/v2\/media\/14672"}],"wp:attachment":[{"href":"https:\/\/valenciasjb.salesianos.edu\/colegio\/wp-json\/wp\/v2\/media?parent=14669"}],"wp:term":[{"taxonomy":"category","embeddable":true,"href":"https:\/\/valenciasjb.salesianos.edu\/colegio\/wp-json\/wp\/v2\/categories?post=14669"},{"taxonomy":"post_tag","embeddable":true,"href":"https:\/\/valenciasjb.salesianos.edu\/colegio\/wp-json\/wp\/v2\/tags?post=14669"}],"curies":[{"name":"wp","href":"https:\/\/api.w.org\/{rel}","templated":true}]}}